{"id":7018,"date":"2025-05-13T14:36:16","date_gmt":"2025-05-13T17:36:16","guid":{"rendered":"https:\/\/infopba247.com.ar\/?p=7018"},"modified":"2025-05-13T14:36:23","modified_gmt":"2025-05-13T17:36:23","slug":"la-provincia-jerarquizo-a-la-enfermeria-como-pilar-fundamental-del-sistema-sanitario","status":"publish","type":"post","link":"https:\/\/infopba247.com.ar\/index.php\/2025\/05\/13\/la-provincia-jerarquizo-a-la-enfermeria-como-pilar-fundamental-del-sistema-sanitario\/","title":{"rendered":"La Provincia jerarquiz\u00f3 a la enfermer\u00eda como pilar fundamental del sistema sanitario\u00a0"},"content":{"rendered":"\n<p>En el marco de la conmemoraci\u00f3n del D\u00eda de la Enfermer\u00eda, el ministro de Salud de la provincia de Buenos Aires, Nicol\u00e1s Kreplak, envi\u00f3 un saludo y agradecimiento \u201ca quienes, con vocaci\u00f3n, compromiso y coraz\u00f3n, se dedican al cuidado de las personas y sostienen una profesi\u00f3n fundamental para nuestro sistema sanitario\u201d.&nbsp;<\/p>\n\n\n\n<p>En este sentido, el Ministro destac\u00f3 las pol\u00edticas llevadas adelante desde el Gobierno de Axel Kicillof para \u201cjerarquizar y fortalecer la pr\u00e1ctica y las condiciones laborales de las y los enfermeros\u201d. \u201cImpulsamos pol\u00edticas que marcaron el camino de una transformaci\u00f3n profunda\u201d, resalt\u00f3.&nbsp;<\/p>\n\n\n\n<p>Detall\u00f3 que \u201cdesde el pase a la carrera hospitalaria, incorporando a las y los enfermeros a la Ley 10.471, la designaci\u00f3n de directivos\/as en hospitales bonaerenses, hasta la reciente creaci\u00f3n del Consejo Provincial de Enfermer\u00eda, sostenemos un compromiso real y concreto\u201d.&nbsp;<\/p>\n\n\n\n<p>Previo a la reforma de la ley, el 95% del capital humano de enfermer\u00eda se encontraba enmarcado en la Ley 10.430 independientemente del t\u00edtulo formativo. La Ley 15433 en la modificatoria del art. 3 de la ley 10.471, incorpor\u00f3 con car\u00e1cter de excepci\u00f3n y por \u00fanica vez el pase de ley de 10.430 a la ley 10.471 de 4.500 agentes.&nbsp; &nbsp;<\/p>\n\n\n\n<p>Esto implic\u00f3 la jerarquizaci\u00f3n del colectivo enfermero sin necesidad de pasar por un concurso y\/o vacante, integr\u00e1ndose a la carrera profesional hospitalaria, lo cual ha favorecido y potenciado el rol de la profesi\u00f3n dentro de los equipos de salud y la mejora de las condiciones laborales en relaci\u00f3n con la mejora salarial.&nbsp;<\/p>\n\n\n\n<p>Adem\u00e1s, en cuanto a la formaci\u00f3n y capacitaci\u00f3n permanente, desde la Escuela de Gobierno en Salud \u201cFloreal Ferrara\u201d se dictan formaciones de posgrado, no solo de especialidades sino tambi\u00e9n en diplomaturas de cuadros t\u00e9cnicos pol\u00edticos.&nbsp;<\/p>\n\n\n\n<p>Por otra parte, y en relaci\u00f3n al Plan Quinquenal de Salud (2023-2027), el armado y reciente lanzamiento del Consejo Provincial de Enfermer\u00eda, busca integrar la pol\u00edtica sanitaria en relaci\u00f3n a enfermer\u00eda y el fortalecimiento de la profesi\u00f3n para la transformaci\u00f3n del sistema sanitario.&nbsp;<\/p>\n\n\n\n<p>Este espacio tiene como objetivo promover el di\u00e1logo y la articulaci\u00f3n entre los distintos actores del \u00e1mbito de la enfermer\u00eda de la provincia de Buenos Aires. Adem\u00e1s, busca generar herramientas importantes para fortalecer el desarrollo profesional, mejorar la atenci\u00f3n y organizar los servicios de salud.&nbsp;<\/p>\n\n\n\n<p>Cabe destacar tambi\u00e9n que, en el marco de la pandemia, se incorporaron profesionales, t\u00e9cnicos y auxiliares, reforzando los planteles de manera significativa en dicho contexto sanitario.&nbsp;<\/p>\n\n\n\n<p>A trav\u00e9s de estas pol\u00edticas e iniciativas, la Provincia reafirma su compromiso con el fortalecimiento de la enfermer\u00eda como pilar fundamental para construir un sistema de salud m\u00e1s justo, integrado y de calidad. \u201cLa salud se construye entre todas y todos, con cada especialidad y profesi\u00f3n que forma parte de nuestro sistema\u201d, cerr\u00f3 el ministro Kreplak en su saludo.&nbsp;<\/p>\n","protected":false},"excerpt":{"rendered":"<p>En el marco de la conmemoraci\u00f3n del D\u00eda de la Enfermer\u00eda, el ministro de Salud de la provincia de Buenos<\/p>\n","protected":false},"author":3,"featured_media":7019,"comment_status":"open","ping_status":"open","sticky":false,"template":"","format":"standard","meta":{"colormag_page_container_layout":"default_layout","colormag_page_sidebar_layout":"default_layout","footnotes":""},"categories":[1,14],"tags":[],"class_list":["post-7018","post","type-post","status-publish","format-standard","has-post-thumbnail","hentry","category-destacadas","category-politica"],"yoast_head":"<!-- This site is optimized with the Yoast SEO plugin v27.4 - https:\/\/yoast.com\/product\/yoast-seo-wordpress\/ -->\n<title>La Provincia jerarquiz\u00f3 a la enfermer\u00eda como pilar fundamental del sistema sanitario\u00a0 - InfoPBA247<\/title>\n<meta name=\"robots\" content=\"index, follow, max-snippet:-1, max-image-preview:large, max-video-preview:-1\" \/>\n<link rel=\"canonical\" href=\"https:\/\/infopba247.com.ar\/index.php\/2025\/05\/13\/la-provincia-jerarquizo-a-la-enfermeria-como-pilar-fundamental-del-sistema-sanitario\/\" \/>\n<meta property=\"og:locale\" content=\"es_ES\" \/>\n<meta property=\"og:type\" content=\"article\" \/>\n<meta property=\"og:title\" content=\"La Provincia jerarquiz\u00f3 a la enfermer\u00eda como pilar fundamental del sistema sanitario\u00a0 - InfoPBA247\" \/>\n<meta property=\"og:description\" content=\"En el marco de la conmemoraci\u00f3n del D\u00eda de la Enfermer\u00eda, el ministro de Salud de la provincia de Buenos\" \/>\n<meta property=\"og:url\" content=\"https:\/\/infopba247.com.ar\/index.php\/2025\/05\/13\/la-provincia-jerarquizo-a-la-enfermeria-como-pilar-fundamental-del-sistema-sanitario\/\" \/>\n<meta property=\"og:site_name\" content=\"InfoPBA247\" \/>\n<meta property=\"article:publisher\" content=\"https:\/\/www.facebook.com\/InfoPBA\" \/>\n<meta property=\"article:published_time\" content=\"2025-05-13T17:36:16+00:00\" \/>\n<meta property=\"article:modified_time\" content=\"2025-05-13T17:36:23+00:00\" \/>\n<meta property=\"og:image\" content=\"https:\/\/infopba247.com.ar\/wp-content\/uploads\/2025\/05\/ENFERMERIA3.jpg\" \/>\n\t<meta property=\"og:image:width\" content=\"923\" \/>\n\t<meta property=\"og:image:height\" content=\"659\" \/>\n\t<meta property=\"og:image:type\" content=\"image\/jpeg\" \/>\n<meta name=\"author\" content=\"Editor\" \/>\n<meta name=\"twitter:card\" content=\"summary_large_image\" \/>\n<meta name=\"twitter:label1\" content=\"Escrito por\" \/>\n\t<meta name=\"twitter:data1\" content=\"Editor\" \/>\n\t<meta name=\"twitter:label2\" content=\"Tiempo de lectura\" \/>\n\t<meta name=\"twitter:data2\" content=\"3 minutos\" \/>\n<script type=\"application\/ld+json\" class=\"yoast-schema-graph\">{\"@context\":\"https:\\\/\\\/schema.org\",\"@graph\":[{\"@type\":\"Article\",\"@id\":\"https:\\\/\\\/infopba247.com.ar\\\/index.php\\\/2025\\\/05\\\/13\\\/la-provincia-jerarquizo-a-la-enfermeria-como-pilar-fundamental-del-sistema-sanitario\\\/#article\",\"isPartOf\":{\"@id\":\"https:\\\/\\\/infopba247.com.ar\\\/index.php\\\/2025\\\/05\\\/13\\\/la-provincia-jerarquizo-a-la-enfermeria-como-pilar-fundamental-del-sistema-sanitario\\\/\"},\"author\":{\"name\":\"Editor\",\"@id\":\"https:\\\/\\\/infopba247.com.ar\\\/#\\\/schema\\\/person\\\/4975f1343a413e57bf839b3eed0099f2\"},\"headline\":\"La Provincia jerarquiz\u00f3 a la enfermer\u00eda como pilar fundamental del sistema sanitario\u00a0\",\"datePublished\":\"2025-05-13T17:36:16+00:00\",\"dateModified\":\"2025-05-13T17:36:23+00:00\",\"mainEntityOfPage\":{\"@id\":\"https:\\\/\\\/infopba247.com.ar\\\/index.php\\\/2025\\\/05\\\/13\\\/la-provincia-jerarquizo-a-la-enfermeria-como-pilar-fundamental-del-sistema-sanitario\\\/\"},\"wordCount\":518,\"commentCount\":0,\"publisher\":{\"@id\":\"https:\\\/\\\/infopba247.com.ar\\\/#organization\"},\"image\":{\"@id\":\"https:\\\/\\\/infopba247.com.ar\\\/index.php\\\/2025\\\/05\\\/13\\\/la-provincia-jerarquizo-a-la-enfermeria-como-pilar-fundamental-del-sistema-sanitario\\\/#primaryimage\"},\"thumbnailUrl\":\"https:\\\/\\\/infopba247.com.ar\\\/wp-content\\\/uploads\\\/2025\\\/05\\\/ENFERMERIA3.jpg\",\"articleSection\":[\"Destacadas\",\"Pol\u00edtica\"],\"inLanguage\":\"es\",\"potentialAction\":[{\"@type\":\"CommentAction\",\"name\":\"Comment\",\"target\":[\"https:\\\/\\\/infopba247.com.ar\\\/index.php\\\/2025\\\/05\\\/13\\\/la-provincia-jerarquizo-a-la-enfermeria-como-pilar-fundamental-del-sistema-sanitario\\\/#respond\"]}]},{\"@type\":\"WebPage\",\"@id\":\"https:\\\/\\\/infopba247.com.ar\\\/index.php\\\/2025\\\/05\\\/13\\\/la-provincia-jerarquizo-a-la-enfermeria-como-pilar-fundamental-del-sistema-sanitario\\\/\",\"url\":\"https:\\\/\\\/infopba247.com.ar\\\/index.php\\\/2025\\\/05\\\/13\\\/la-provincia-jerarquizo-a-la-enfermeria-como-pilar-fundamental-del-sistema-sanitario\\\/\",\"name\":\"La Provincia jerarquiz\u00f3 a la enfermer\u00eda como pilar fundamental del sistema sanitario\u00a0 - InfoPBA247\",\"isPartOf\":{\"@id\":\"https:\\\/\\\/infopba247.com.ar\\\/#website\"},\"primaryImageOfPage\":{\"@id\":\"https:\\\/\\\/infopba247.com.ar\\\/index.php\\\/2025\\\/05\\\/13\\\/la-provincia-jerarquizo-a-la-enfermeria-como-pilar-fundamental-del-sistema-sanitario\\\/#primaryimage\"},\"image\":{\"@id\":\"https:\\\/\\\/infopba247.com.ar\\\/index.php\\\/2025\\\/05\\\/13\\\/la-provincia-jerarquizo-a-la-enfermeria-como-pilar-fundamental-del-sistema-sanitario\\\/#primaryimage\"},\"thumbnailUrl\":\"https:\\\/\\\/infopba247.com.ar\\\/wp-content\\\/uploads\\\/2025\\\/05\\\/ENFERMERIA3.jpg\",\"datePublished\":\"2025-05-13T17:36:16+00:00\",\"dateModified\":\"2025-05-13T17:36:23+00:00\",\"breadcrumb\":{\"@id\":\"https:\\\/\\\/infopba247.com.ar\\\/index.php\\\/2025\\\/05\\\/13\\\/la-provincia-jerarquizo-a-la-enfermeria-como-pilar-fundamental-del-sistema-sanitario\\\/#breadcrumb\"},\"inLanguage\":\"es\",\"potentialAction\":[{\"@type\":\"ReadAction\",\"target\":[\"https:\\\/\\\/infopba247.com.ar\\\/index.php\\\/2025\\\/05\\\/13\\\/la-provincia-jerarquizo-a-la-enfermeria-como-pilar-fundamental-del-sistema-sanitario\\\/\"]}]},{\"@type\":\"ImageObject\",\"inLanguage\":\"es\",\"@id\":\"https:\\\/\\\/infopba247.com.ar\\\/index.php\\\/2025\\\/05\\\/13\\\/la-provincia-jerarquizo-a-la-enfermeria-como-pilar-fundamental-del-sistema-sanitario\\\/#primaryimage\",\"url\":\"https:\\\/\\\/infopba247.com.ar\\\/wp-content\\\/uploads\\\/2025\\\/05\\\/ENFERMERIA3.jpg\",\"contentUrl\":\"https:\\\/\\\/infopba247.com.ar\\\/wp-content\\\/uploads\\\/2025\\\/05\\\/ENFERMERIA3.jpg\",\"width\":923,\"height\":659},{\"@type\":\"BreadcrumbList\",\"@id\":\"https:\\\/\\\/infopba247.com.ar\\\/index.php\\\/2025\\\/05\\\/13\\\/la-provincia-jerarquizo-a-la-enfermeria-como-pilar-fundamental-del-sistema-sanitario\\\/#breadcrumb\",\"itemListElement\":[{\"@type\":\"ListItem\",\"position\":1,\"name\":\"Portada\",\"item\":\"https:\\\/\\\/infopba247.com.ar\\\/\"},{\"@type\":\"ListItem\",\"position\":2,\"name\":\"La Provincia jerarquiz\u00f3 a la enfermer\u00eda como pilar fundamental del sistema sanitario\u00a0\"}]},{\"@type\":\"WebSite\",\"@id\":\"https:\\\/\\\/infopba247.com.ar\\\/#website\",\"url\":\"https:\\\/\\\/infopba247.com.ar\\\/\",\"name\":\"InfoPBA247\",\"description\":\"Toda la actualidad bonaerense\",\"publisher\":{\"@id\":\"https:\\\/\\\/infopba247.com.ar\\\/#organization\"},\"potentialAction\":[{\"@type\":\"SearchAction\",\"target\":{\"@type\":\"EntryPoint\",\"urlTemplate\":\"https:\\\/\\\/infopba247.com.ar\\\/?s={search_term_string}\"},\"query-input\":{\"@type\":\"PropertyValueSpecification\",\"valueRequired\":true,\"valueName\":\"search_term_string\"}}],\"inLanguage\":\"es\"},{\"@type\":\"Organization\",\"@id\":\"https:\\\/\\\/infopba247.com.ar\\\/#organization\",\"name\":\"InfoPBA247\",\"url\":\"https:\\\/\\\/infopba247.com.ar\\\/\",\"logo\":{\"@type\":\"ImageObject\",\"inLanguage\":\"es\",\"@id\":\"https:\\\/\\\/infopba247.com.ar\\\/#\\\/schema\\\/logo\\\/image\\\/\",\"url\":\"https:\\\/\\\/infopba247.com.ar\\\/wp-content\\\/uploads\\\/2022\\\/03\\\/cropped-InfoPBA247-1.png\",\"contentUrl\":\"https:\\\/\\\/infopba247.com.ar\\\/wp-content\\\/uploads\\\/2022\\\/03\\\/cropped-InfoPBA247-1.png\",\"width\":500,\"height\":122,\"caption\":\"InfoPBA247\"},\"image\":{\"@id\":\"https:\\\/\\\/infopba247.com.ar\\\/#\\\/schema\\\/logo\\\/image\\\/\"},\"sameAs\":[\"https:\\\/\\\/www.facebook.com\\\/InfoPBA\"]},{\"@type\":\"Person\",\"@id\":\"https:\\\/\\\/infopba247.com.ar\\\/#\\\/schema\\\/person\\\/4975f1343a413e57bf839b3eed0099f2\",\"name\":\"Editor\",\"image\":{\"@type\":\"ImageObject\",\"inLanguage\":\"es\",\"@id\":\"https:\\\/\\\/secure.gravatar.com\\\/avatar\\\/d27fe9520667ca53441d36627a1d6b0fa4a813571ec4803687a7a3a7744685ac?s=96&d=mm&r=g\",\"url\":\"https:\\\/\\\/secure.gravatar.com\\\/avatar\\\/d27fe9520667ca53441d36627a1d6b0fa4a813571ec4803687a7a3a7744685ac?s=96&d=mm&r=g\",\"contentUrl\":\"https:\\\/\\\/secure.gravatar.com\\\/avatar\\\/d27fe9520667ca53441d36627a1d6b0fa4a813571ec4803687a7a3a7744685ac?s=96&d=mm&r=g\",\"caption\":\"Editor\"},\"url\":\"https:\\\/\\\/infopba247.com.ar\\\/index.php\\\/author\\\/editor\\\/\"}]}<\/script>\n<!-- \/ Yoast SEO plugin. -->","yoast_head_json":{"title":"La Provincia jerarquiz\u00f3 a la enfermer\u00eda como pilar fundamental del sistema sanitario\u00a0 - InfoPBA247","robots":{"index":"index","follow":"follow","max-snippet":"max-snippet:-1","max-image-preview":"max-image-preview:large","max-video-preview":"max-video-preview:-1"},"canonical":"https:\/\/infopba247.com.ar\/index.php\/2025\/05\/13\/la-provincia-jerarquizo-a-la-enfermeria-como-pilar-fundamental-del-sistema-sanitario\/","og_locale":"es_ES","og_type":"article","og_title":"La Provincia jerarquiz\u00f3 a la enfermer\u00eda como pilar fundamental del sistema sanitario\u00a0 - InfoPBA247","og_description":"En el marco de la conmemoraci\u00f3n del D\u00eda de la Enfermer\u00eda, el ministro de Salud de la provincia de Buenos","og_url":"https:\/\/infopba247.com.ar\/index.php\/2025\/05\/13\/la-provincia-jerarquizo-a-la-enfermeria-como-pilar-fundamental-del-sistema-sanitario\/","og_site_name":"InfoPBA247","article_publisher":"https:\/\/www.facebook.com\/InfoPBA","article_published_time":"2025-05-13T17:36:16+00:00","article_modified_time":"2025-05-13T17:36:23+00:00","og_image":[{"width":923,"height":659,"url":"https:\/\/infopba247.com.ar\/wp-content\/uploads\/2025\/05\/ENFERMERIA3.jpg","type":"image\/jpeg"}],"author":"Editor","twitter_card":"summary_large_image","twitter_misc":{"Escrito por":"Editor","Tiempo de lectura":"3 minutos"},"schema":{"@context":"https:\/\/schema.org","@graph":[{"@type":"Article","@id":"https:\/\/infopba247.com.ar\/index.php\/2025\/05\/13\/la-provincia-jerarquizo-a-la-enfermeria-como-pilar-fundamental-del-sistema-sanitario\/#article","isPartOf":{"@id":"https:\/\/infopba247.com.ar\/index.php\/2025\/05\/13\/la-provincia-jerarquizo-a-la-enfermeria-como-pilar-fundamental-del-sistema-sanitario\/"},"author":{"name":"Editor","@id":"https:\/\/infopba247.com.ar\/#\/schema\/person\/4975f1343a413e57bf839b3eed0099f2"},"headline":"La Provincia jerarquiz\u00f3 a la enfermer\u00eda como pilar fundamental del sistema sanitario\u00a0","datePublished":"2025-05-13T17:36:16+00:00","dateModified":"2025-05-13T17:36:23+00:00","mainEntityOfPage":{"@id":"https:\/\/infopba247.com.ar\/index.php\/2025\/05\/13\/la-provincia-jerarquizo-a-la-enfermeria-como-pilar-fundamental-del-sistema-sanitario\/"},"wordCount":518,"commentCount":0,"publisher":{"@id":"https:\/\/infopba247.com.ar\/#organization"},"image":{"@id":"https:\/\/infopba247.com.ar\/index.php\/2025\/05\/13\/la-provincia-jerarquizo-a-la-enfermeria-como-pilar-fundamental-del-sistema-sanitario\/#primaryimage"},"thumbnailUrl":"https:\/\/infopba247.com.ar\/wp-content\/uploads\/2025\/05\/ENFERMERIA3.jpg","articleSection":["Destacadas","Pol\u00edtica"],"inLanguage":"es","potentialAction":[{"@type":"CommentAction","name":"Comment","target":["https:\/\/infopba247.com.ar\/index.php\/2025\/05\/13\/la-provincia-jerarquizo-a-la-enfermeria-como-pilar-fundamental-del-sistema-sanitario\/#respond"]}]},{"@type":"WebPage","@id":"https:\/\/infopba247.com.ar\/index.php\/2025\/05\/13\/la-provincia-jerarquizo-a-la-enfermeria-como-pilar-fundamental-del-sistema-sanitario\/","url":"https:\/\/infopba247.com.ar\/index.php\/2025\/05\/13\/la-provincia-jerarquizo-a-la-enfermeria-como-pilar-fundamental-del-sistema-sanitario\/","name":"La Provincia jerarquiz\u00f3 a la enfermer\u00eda como pilar fundamental del sistema sanitario\u00a0 - InfoPBA247","isPartOf":{"@id":"https:\/\/infopba247.com.ar\/#website"},"primaryImageOfPage":{"@id":"https:\/\/infopba247.com.ar\/index.php\/2025\/05\/13\/la-provincia-jerarquizo-a-la-enfermeria-como-pilar-fundamental-del-sistema-sanitario\/#primaryimage"},"image":{"@id":"https:\/\/infopba247.com.ar\/index.php\/2025\/05\/13\/la-provincia-jerarquizo-a-la-enfermeria-como-pilar-fundamental-del-sistema-sanitario\/#primaryimage"},"thumbnailUrl":"https:\/\/infopba247.com.ar\/wp-content\/uploads\/2025\/05\/ENFERMERIA3.jpg","datePublished":"2025-05-13T17:36:16+00:00","dateModified":"2025-05-13T17:36:23+00:00","breadcrumb":{"@id":"https:\/\/infopba247.com.ar\/index.php\/2025\/05\/13\/la-provincia-jerarquizo-a-la-enfermeria-como-pilar-fundamental-del-sistema-sanitario\/#breadcrumb"},"inLanguage":"es","potentialAction":[{"@type":"ReadAction","target":["https:\/\/infopba247.com.ar\/index.php\/2025\/05\/13\/la-provincia-jerarquizo-a-la-enfermeria-como-pilar-fundamental-del-sistema-sanitario\/"]}]},{"@type":"ImageObject","inLanguage":"es","@id":"https:\/\/infopba247.com.ar\/index.php\/2025\/05\/13\/la-provincia-jerarquizo-a-la-enfermeria-como-pilar-fundamental-del-sistema-sanitario\/#primaryimage","url":"https:\/\/infopba247.com.ar\/wp-content\/uploads\/2025\/05\/ENFERMERIA3.jpg","contentUrl":"https:\/\/infopba247.com.ar\/wp-content\/uploads\/2025\/05\/ENFERMERIA3.jpg","width":923,"height":659},{"@type":"BreadcrumbList","@id":"https:\/\/infopba247.com.ar\/index.php\/2025\/05\/13\/la-provincia-jerarquizo-a-la-enfermeria-como-pilar-fundamental-del-sistema-sanitario\/#breadcrumb","itemListElement":[{"@type":"ListItem","position":1,"name":"Portada","item":"https:\/\/infopba247.com.ar\/"},{"@type":"ListItem","position":2,"name":"La Provincia jerarquiz\u00f3 a la enfermer\u00eda como pilar fundamental del sistema sanitario\u00a0"}]},{"@type":"WebSite","@id":"https:\/\/infopba247.com.ar\/#website","url":"https:\/\/infopba247.com.ar\/","name":"InfoPBA247","description":"Toda la actualidad bonaerense","publisher":{"@id":"https:\/\/infopba247.com.ar\/#organization"},"potentialAction":[{"@type":"SearchAction","target":{"@type":"EntryPoint","urlTemplate":"https:\/\/infopba247.com.ar\/?s={search_term_string}"},"query-input":{"@type":"PropertyValueSpecification","valueRequired":true,"valueName":"search_term_string"}}],"inLanguage":"es"},{"@type":"Organization","@id":"https:\/\/infopba247.com.ar\/#organization","name":"InfoPBA247","url":"https:\/\/infopba247.com.ar\/","logo":{"@type":"ImageObject","inLanguage":"es","@id":"https:\/\/infopba247.com.ar\/#\/schema\/logo\/image\/","url":"https:\/\/infopba247.com.ar\/wp-content\/uploads\/2022\/03\/cropped-InfoPBA247-1.png","contentUrl":"https:\/\/infopba247.com.ar\/wp-content\/uploads\/2022\/03\/cropped-InfoPBA247-1.png","width":500,"height":122,"caption":"InfoPBA247"},"image":{"@id":"https:\/\/infopba247.com.ar\/#\/schema\/logo\/image\/"},"sameAs":["https:\/\/www.facebook.com\/InfoPBA"]},{"@type":"Person","@id":"https:\/\/infopba247.com.ar\/#\/schema\/person\/4975f1343a413e57bf839b3eed0099f2","name":"Editor","image":{"@type":"ImageObject","inLanguage":"es","@id":"https:\/\/secure.gravatar.com\/avatar\/d27fe9520667ca53441d36627a1d6b0fa4a813571ec4803687a7a3a7744685ac?s=96&d=mm&r=g","url":"https:\/\/secure.gravatar.com\/avatar\/d27fe9520667ca53441d36627a1d6b0fa4a813571ec4803687a7a3a7744685ac?s=96&d=mm&r=g","contentUrl":"https:\/\/secure.gravatar.com\/avatar\/d27fe9520667ca53441d36627a1d6b0fa4a813571ec4803687a7a3a7744685ac?s=96&d=mm&r=g","caption":"Editor"},"url":"https:\/\/infopba247.com.ar\/index.php\/author\/editor\/"}]}},"_links":{"self":[{"href":"https:\/\/infopba247.com.ar\/index.php\/wp-json\/wp\/v2\/posts\/7018","targetHints":{"allow":["GET"]}}],"collection":[{"href":"https:\/\/infopba247.com.ar\/index.php\/wp-json\/wp\/v2\/posts"}],"about":[{"href":"https:\/\/infopba247.com.ar\/index.php\/wp-json\/wp\/v2\/types\/post"}],"author":[{"embeddable":true,"href":"https:\/\/infopba247.com.ar\/index.php\/wp-json\/wp\/v2\/users\/3"}],"replies":[{"embeddable":true,"href":"https:\/\/infopba247.com.ar\/index.php\/wp-json\/wp\/v2\/comments?post=7018"}],"version-history":[{"count":2,"href":"https:\/\/infopba247.com.ar\/index.php\/wp-json\/wp\/v2\/posts\/7018\/revisions"}],"predecessor-version":[{"id":7023,"href":"https:\/\/infopba247.com.ar\/index.php\/wp-json\/wp\/v2\/posts\/7018\/revisions\/7023"}],"wp:featuredmedia":[{"embeddable":true,"href":"https:\/\/infopba247.com.ar\/index.php\/wp-json\/wp\/v2\/media\/7019"}],"wp:attachment":[{"href":"https:\/\/infopba247.com.ar\/index.php\/wp-json\/wp\/v2\/media?parent=7018"}],"wp:term":[{"taxonomy":"category","embeddable":true,"href":"https:\/\/infopba247.com.ar\/index.php\/wp-json\/wp\/v2\/categories?post=7018"},{"taxonomy":"post_tag","embeddable":true,"href":"https:\/\/infopba247.com.ar\/index.php\/wp-json\/wp\/v2\/tags?post=7018"}],"curies":[{"name":"wp","href":"https:\/\/api.w.org\/{rel}","templated":true}]}}