{"id":7011,"date":"2025-05-12T09:02:51","date_gmt":"2025-05-12T12:02:51","guid":{"rendered":"https:\/\/infopba247.com.ar\/?p=7011"},"modified":"2025-05-12T09:02:53","modified_gmt":"2025-05-12T12:02:53","slug":"alak-participo-del-festejo-por-los-111-anos-de-city-bell-y-anuncio-obras-para-la-localidad","status":"publish","type":"post","link":"https:\/\/infopba247.com.ar\/index.php\/2025\/05\/12\/alak-participo-del-festejo-por-los-111-anos-de-city-bell-y-anuncio-obras-para-la-localidad\/","title":{"rendered":"Alak particip\u00f3 del festejo por los 111 a\u00f1os de City Bell y anunci\u00f3 obras para la localidad\u00a0"},"content":{"rendered":"\n<p>Con el acompa\u00f1amiento de cientos de familias, el intendente municipal Julio Alak particip\u00f3 este s\u00e1bado de los festejos por el 111\u00b0 aniversario de City Bell, que tuvieron lugar en la plaza San Mart\u00edn de 467 y diagonal 4.&nbsp;<\/p>\n\n\n\n<p>\u00abTodos los sectores de la ciudad estamos hoy unidos en esta celebraci\u00f3n, estamos muy felices y agradecidos porque todos empujan y trabajamos en equipo para que la ciudad est\u00e9 mejor\u00bb, destac\u00f3 el mandatario platense, quien estuvo acompa\u00f1ado por la diputada nacional Victoria Tolosa Paz.&nbsp;<\/p>\n\n\n\n<p>Durante la jornada aniversario, el jefe comunal hizo menci\u00f3n al Plan 80 Escuelas que llevan adelante el Municipio y la Provincia en la ciudad y, en ese sentido, destac\u00f3 la puesta en valor de las Escuelas Primarias N\u00ba 69 y N\u00ba 42, los Jardines de Infantes N\u00ba 942 y N\u00ba 911 y el Jard\u00edn municipal \u201cIslas Malvinas\u201d.&nbsp;<\/p>\n\n\n\n<p>Adem\u00e1s, se intervinieron las Escuelas Secundarias N\u00ba 15 y N\u00ba 42, mientras que pr\u00f3ximamente iniciar\u00e1 el acondicionamiento integral de otros 8 establecimientos educativos con la segunda etapa del plan que abarcar\u00e1 a 100 escuelas.&nbsp;<\/p>\n\n\n\n<p>Asimismo, y en el marco del Plan de Obras y Mantenimiento Urbano, se construir\u00e1n 120 calles en City Bell, de las cuales 25 son con cord\u00f3n cuneta, 33 con carpeta asf\u00e1ltica y 62 calles de tierra. Entre ellas se destacan el asfalto de las calles 460 entre Camino Gral. Belgrano y 27, 471 entre 23 y 26 y 472 entre Camino Centenario y Diagonal 3.&nbsp;<\/p>\n\n\n\n<p>Conjuntamente, se iluminar\u00e1n 85 nuevas calles de la localidad y se proceder\u00e1 a la reparaci\u00f3n de 7.500 luminarias existentes, mejorando ostensiblemente la tasa de encendido del alumbrado p\u00fablico y reforzando la seguridad de todos los vecinos. &nbsp;<\/p>\n\n\n\n<p>Cabe destacar que la celebraci\u00f3n incluy\u00f3 desde espect\u00e1culos de danza contempor\u00e1nea, shows de free dance y reggaet\u00f3n hasta exhibiciones de karate, muestras art\u00edsticas y conciertos en vivo para todas las edades.&nbsp;<\/p>\n\n\n\n<p>A lo largo de la jornada, adem\u00e1s, vecinos y familias disfrutaron de propuestas recreativas, clases de zumba y folclore, el tradicional desfile c\u00edvico-tradicionalista y un emotivo cierre musical con un tributo a Virus a cargo de Fede Moura.&nbsp;<\/p>\n\n\n\n<p>A su vez, el evento cont\u00f3 con la cl\u00e1sica ceremonia protocolar, la actuaci\u00f3n del Payaso Zucchini y una feria de emprendedores y artesanos, que ofrecieron productos locales y propuestas gastron\u00f3micas para toda la familia.&nbsp;<\/p>\n\n\n\n<p>Por otro lado, el Municipio despleg\u00f3 las postas del programa \u201cNos vemos en el barrio\u201d, donde se ofreci\u00f3 asistencia en tr\u00e1mites, asesoramiento sobre diversas tem\u00e1ticas de inter\u00e9s, cortes de pelo sin cargo, entre otros servicios esenciales.&nbsp;<\/p>\n","protected":false},"excerpt":{"rendered":"<p>Con el acompa\u00f1amiento de cientos de familias, el intendente municipal Julio Alak particip\u00f3 este s\u00e1bado de los festejos por el<\/p>\n","protected":false},"author":3,"featured_media":7009,"comment_status":"open","ping_status":"open","sticky":false,"template":"","format":"standard","meta":{"colormag_page_container_layout":"default_layout","colormag_page_sidebar_layout":"default_layout","footnotes":""},"categories":[12,1,14],"tags":[],"class_list":["post-7011","post","type-post","status-publish","format-standard","has-post-thumbnail","hentry","category-8va-seccion","category-destacadas","category-politica"],"yoast_head":"<!-- This site is optimized with the Yoast SEO plugin v27.4 - https:\/\/yoast.com\/product\/yoast-seo-wordpress\/ -->\n<title>Alak particip\u00f3 del festejo por los 111 a\u00f1os de City Bell y anunci\u00f3 obras para la localidad\u00a0 - InfoPBA247<\/title>\n<meta name=\"robots\" content=\"index, follow, max-snippet:-1, max-image-preview:large, max-video-preview:-1\" \/>\n<link rel=\"canonical\" href=\"https:\/\/infopba247.com.ar\/index.php\/2025\/05\/12\/alak-participo-del-festejo-por-los-111-anos-de-city-bell-y-anuncio-obras-para-la-localidad\/\" \/>\n<meta property=\"og:locale\" content=\"es_ES\" \/>\n<meta property=\"og:type\" content=\"article\" \/>\n<meta property=\"og:title\" content=\"Alak particip\u00f3 del festejo por los 111 a\u00f1os de City Bell y anunci\u00f3 obras para la localidad\u00a0 - InfoPBA247\" \/>\n<meta property=\"og:description\" content=\"Con el acompa\u00f1amiento de cientos de familias, el intendente municipal Julio Alak particip\u00f3 este s\u00e1bado de los festejos por el\" \/>\n<meta property=\"og:url\" content=\"https:\/\/infopba247.com.ar\/index.php\/2025\/05\/12\/alak-participo-del-festejo-por-los-111-anos-de-city-bell-y-anuncio-obras-para-la-localidad\/\" \/>\n<meta property=\"og:site_name\" content=\"InfoPBA247\" \/>\n<meta property=\"article:publisher\" content=\"https:\/\/www.facebook.com\/InfoPBA\" \/>\n<meta property=\"article:published_time\" content=\"2025-05-12T12:02:51+00:00\" \/>\n<meta property=\"article:modified_time\" content=\"2025-05-12T12:02:53+00:00\" \/>\n<meta property=\"og:image\" content=\"https:\/\/infopba247.com.ar\/wp-content\/uploads\/2025\/05\/unnamed-2025-05-12T085029.219.jpg\" \/>\n\t<meta property=\"og:image:width\" content=\"1600\" \/>\n\t<meta property=\"og:image:height\" content=\"1068\" \/>\n\t<meta property=\"og:image:type\" content=\"image\/jpeg\" \/>\n<meta name=\"author\" content=\"Editor\" \/>\n<meta name=\"twitter:card\" content=\"summary_large_image\" \/>\n<meta name=\"twitter:label1\" content=\"Escrito por\" \/>\n\t<meta name=\"twitter:data1\" content=\"Editor\" \/>\n\t<meta name=\"twitter:label2\" content=\"Tiempo de lectura\" \/>\n\t<meta name=\"twitter:data2\" content=\"3 minutos\" \/>\n<script type=\"application\/ld+json\" class=\"yoast-schema-graph\">{\"@context\":\"https:\\\/\\\/schema.org\",\"@graph\":[{\"@type\":\"Article\",\"@id\":\"https:\\\/\\\/infopba247.com.ar\\\/index.php\\\/2025\\\/05\\\/12\\\/alak-participo-del-festejo-por-los-111-anos-de-city-bell-y-anuncio-obras-para-la-localidad\\\/#article\",\"isPartOf\":{\"@id\":\"https:\\\/\\\/infopba247.com.ar\\\/index.php\\\/2025\\\/05\\\/12\\\/alak-participo-del-festejo-por-los-111-anos-de-city-bell-y-anuncio-obras-para-la-localidad\\\/\"},\"author\":{\"name\":\"Editor\",\"@id\":\"https:\\\/\\\/infopba247.com.ar\\\/#\\\/schema\\\/person\\\/4975f1343a413e57bf839b3eed0099f2\"},\"headline\":\"Alak particip\u00f3 del festejo por los 111 a\u00f1os de City Bell y anunci\u00f3 obras para la localidad\u00a0\",\"datePublished\":\"2025-05-12T12:02:51+00:00\",\"dateModified\":\"2025-05-12T12:02:53+00:00\",\"mainEntityOfPage\":{\"@id\":\"https:\\\/\\\/infopba247.com.ar\\\/index.php\\\/2025\\\/05\\\/12\\\/alak-participo-del-festejo-por-los-111-anos-de-city-bell-y-anuncio-obras-para-la-localidad\\\/\"},\"wordCount\":443,\"commentCount\":0,\"publisher\":{\"@id\":\"https:\\\/\\\/infopba247.com.ar\\\/#organization\"},\"image\":{\"@id\":\"https:\\\/\\\/infopba247.com.ar\\\/index.php\\\/2025\\\/05\\\/12\\\/alak-participo-del-festejo-por-los-111-anos-de-city-bell-y-anuncio-obras-para-la-localidad\\\/#primaryimage\"},\"thumbnailUrl\":\"https:\\\/\\\/infopba247.com.ar\\\/wp-content\\\/uploads\\\/2025\\\/05\\\/unnamed-2025-05-12T085029.219.jpg\",\"articleSection\":[\"8va Secci\u00f3n\",\"Destacadas\",\"Pol\u00edtica\"],\"inLanguage\":\"es\",\"potentialAction\":[{\"@type\":\"CommentAction\",\"name\":\"Comment\",\"target\":[\"https:\\\/\\\/infopba247.com.ar\\\/index.php\\\/2025\\\/05\\\/12\\\/alak-participo-del-festejo-por-los-111-anos-de-city-bell-y-anuncio-obras-para-la-localidad\\\/#respond\"]}]},{\"@type\":\"WebPage\",\"@id\":\"https:\\\/\\\/infopba247.com.ar\\\/index.php\\\/2025\\\/05\\\/12\\\/alak-participo-del-festejo-por-los-111-anos-de-city-bell-y-anuncio-obras-para-la-localidad\\\/\",\"url\":\"https:\\\/\\\/infopba247.com.ar\\\/index.php\\\/2025\\\/05\\\/12\\\/alak-participo-del-festejo-por-los-111-anos-de-city-bell-y-anuncio-obras-para-la-localidad\\\/\",\"name\":\"Alak particip\u00f3 del festejo por los 111 a\u00f1os de City Bell y anunci\u00f3 obras para la localidad\u00a0 - InfoPBA247\",\"isPartOf\":{\"@id\":\"https:\\\/\\\/infopba247.com.ar\\\/#website\"},\"primaryImageOfPage\":{\"@id\":\"https:\\\/\\\/infopba247.com.ar\\\/index.php\\\/2025\\\/05\\\/12\\\/alak-participo-del-festejo-por-los-111-anos-de-city-bell-y-anuncio-obras-para-la-localidad\\\/#primaryimage\"},\"image\":{\"@id\":\"https:\\\/\\\/infopba247.com.ar\\\/index.php\\\/2025\\\/05\\\/12\\\/alak-participo-del-festejo-por-los-111-anos-de-city-bell-y-anuncio-obras-para-la-localidad\\\/#primaryimage\"},\"thumbnailUrl\":\"https:\\\/\\\/infopba247.com.ar\\\/wp-content\\\/uploads\\\/2025\\\/05\\\/unnamed-2025-05-12T085029.219.jpg\",\"datePublished\":\"2025-05-12T12:02:51+00:00\",\"dateModified\":\"2025-05-12T12:02:53+00:00\",\"breadcrumb\":{\"@id\":\"https:\\\/\\\/infopba247.com.ar\\\/index.php\\\/2025\\\/05\\\/12\\\/alak-participo-del-festejo-por-los-111-anos-de-city-bell-y-anuncio-obras-para-la-localidad\\\/#breadcrumb\"},\"inLanguage\":\"es\",\"potentialAction\":[{\"@type\":\"ReadAction\",\"target\":[\"https:\\\/\\\/infopba247.com.ar\\\/index.php\\\/2025\\\/05\\\/12\\\/alak-participo-del-festejo-por-los-111-anos-de-city-bell-y-anuncio-obras-para-la-localidad\\\/\"]}]},{\"@type\":\"ImageObject\",\"inLanguage\":\"es\",\"@id\":\"https:\\\/\\\/infopba247.com.ar\\\/index.php\\\/2025\\\/05\\\/12\\\/alak-participo-del-festejo-por-los-111-anos-de-city-bell-y-anuncio-obras-para-la-localidad\\\/#primaryimage\",\"url\":\"https:\\\/\\\/infopba247.com.ar\\\/wp-content\\\/uploads\\\/2025\\\/05\\\/unnamed-2025-05-12T085029.219.jpg\",\"contentUrl\":\"https:\\\/\\\/infopba247.com.ar\\\/wp-content\\\/uploads\\\/2025\\\/05\\\/unnamed-2025-05-12T085029.219.jpg\",\"width\":1600,\"height\":1068},{\"@type\":\"BreadcrumbList\",\"@id\":\"https:\\\/\\\/infopba247.com.ar\\\/index.php\\\/2025\\\/05\\\/12\\\/alak-participo-del-festejo-por-los-111-anos-de-city-bell-y-anuncio-obras-para-la-localidad\\\/#breadcrumb\",\"itemListElement\":[{\"@type\":\"ListItem\",\"position\":1,\"name\":\"Portada\",\"item\":\"https:\\\/\\\/infopba247.com.ar\\\/\"},{\"@type\":\"ListItem\",\"position\":2,\"name\":\"Alak particip\u00f3 del festejo por los 111 a\u00f1os de City Bell y anunci\u00f3 obras para la localidad\u00a0\"}]},{\"@type\":\"WebSite\",\"@id\":\"https:\\\/\\\/infopba247.com.ar\\\/#website\",\"url\":\"https:\\\/\\\/infopba247.com.ar\\\/\",\"name\":\"InfoPBA247\",\"description\":\"Toda la actualidad bonaerense\",\"publisher\":{\"@id\":\"https:\\\/\\\/infopba247.com.ar\\\/#organization\"},\"potentialAction\":[{\"@type\":\"SearchAction\",\"target\":{\"@type\":\"EntryPoint\",\"urlTemplate\":\"https:\\\/\\\/infopba247.com.ar\\\/?s={search_term_string}\"},\"query-input\":{\"@type\":\"PropertyValueSpecification\",\"valueRequired\":true,\"valueName\":\"search_term_string\"}}],\"inLanguage\":\"es\"},{\"@type\":\"Organization\",\"@id\":\"https:\\\/\\\/infopba247.com.ar\\\/#organization\",\"name\":\"InfoPBA247\",\"url\":\"https:\\\/\\\/infopba247.com.ar\\\/\",\"logo\":{\"@type\":\"ImageObject\",\"inLanguage\":\"es\",\"@id\":\"https:\\\/\\\/infopba247.com.ar\\\/#\\\/schema\\\/logo\\\/image\\\/\",\"url\":\"https:\\\/\\\/infopba247.com.ar\\\/wp-content\\\/uploads\\\/2022\\\/03\\\/cropped-InfoPBA247-1.png\",\"contentUrl\":\"https:\\\/\\\/infopba247.com.ar\\\/wp-content\\\/uploads\\\/2022\\\/03\\\/cropped-InfoPBA247-1.png\",\"width\":500,\"height\":122,\"caption\":\"InfoPBA247\"},\"image\":{\"@id\":\"https:\\\/\\\/infopba247.com.ar\\\/#\\\/schema\\\/logo\\\/image\\\/\"},\"sameAs\":[\"https:\\\/\\\/www.facebook.com\\\/InfoPBA\"]},{\"@type\":\"Person\",\"@id\":\"https:\\\/\\\/infopba247.com.ar\\\/#\\\/schema\\\/person\\\/4975f1343a413e57bf839b3eed0099f2\",\"name\":\"Editor\",\"image\":{\"@type\":\"ImageObject\",\"inLanguage\":\"es\",\"@id\":\"https:\\\/\\\/secure.gravatar.com\\\/avatar\\\/d27fe9520667ca53441d36627a1d6b0fa4a813571ec4803687a7a3a7744685ac?s=96&d=mm&r=g\",\"url\":\"https:\\\/\\\/secure.gravatar.com\\\/avatar\\\/d27fe9520667ca53441d36627a1d6b0fa4a813571ec4803687a7a3a7744685ac?s=96&d=mm&r=g\",\"contentUrl\":\"https:\\\/\\\/secure.gravatar.com\\\/avatar\\\/d27fe9520667ca53441d36627a1d6b0fa4a813571ec4803687a7a3a7744685ac?s=96&d=mm&r=g\",\"caption\":\"Editor\"},\"url\":\"https:\\\/\\\/infopba247.com.ar\\\/index.php\\\/author\\\/editor\\\/\"}]}<\/script>\n<!-- \/ Yoast SEO plugin. -->","yoast_head_json":{"title":"Alak particip\u00f3 del festejo por los 111 a\u00f1os de City Bell y anunci\u00f3 obras para la localidad\u00a0 - InfoPBA247","robots":{"index":"index","follow":"follow","max-snippet":"max-snippet:-1","max-image-preview":"max-image-preview:large","max-video-preview":"max-video-preview:-1"},"canonical":"https:\/\/infopba247.com.ar\/index.php\/2025\/05\/12\/alak-participo-del-festejo-por-los-111-anos-de-city-bell-y-anuncio-obras-para-la-localidad\/","og_locale":"es_ES","og_type":"article","og_title":"Alak particip\u00f3 del festejo por los 111 a\u00f1os de City Bell y anunci\u00f3 obras para la localidad\u00a0 - InfoPBA247","og_description":"Con el acompa\u00f1amiento de cientos de familias, el intendente municipal Julio Alak particip\u00f3 este s\u00e1bado de los festejos por el","og_url":"https:\/\/infopba247.com.ar\/index.php\/2025\/05\/12\/alak-participo-del-festejo-por-los-111-anos-de-city-bell-y-anuncio-obras-para-la-localidad\/","og_site_name":"InfoPBA247","article_publisher":"https:\/\/www.facebook.com\/InfoPBA","article_published_time":"2025-05-12T12:02:51+00:00","article_modified_time":"2025-05-12T12:02:53+00:00","og_image":[{"width":1600,"height":1068,"url":"https:\/\/infopba247.com.ar\/wp-content\/uploads\/2025\/05\/unnamed-2025-05-12T085029.219.jpg","type":"image\/jpeg"}],"author":"Editor","twitter_card":"summary_large_image","twitter_misc":{"Escrito por":"Editor","Tiempo de lectura":"3 minutos"},"schema":{"@context":"https:\/\/schema.org","@graph":[{"@type":"Article","@id":"https:\/\/infopba247.com.ar\/index.php\/2025\/05\/12\/alak-participo-del-festejo-por-los-111-anos-de-city-bell-y-anuncio-obras-para-la-localidad\/#article","isPartOf":{"@id":"https:\/\/infopba247.com.ar\/index.php\/2025\/05\/12\/alak-participo-del-festejo-por-los-111-anos-de-city-bell-y-anuncio-obras-para-la-localidad\/"},"author":{"name":"Editor","@id":"https:\/\/infopba247.com.ar\/#\/schema\/person\/4975f1343a413e57bf839b3eed0099f2"},"headline":"Alak particip\u00f3 del festejo por los 111 a\u00f1os de City Bell y anunci\u00f3 obras para la localidad\u00a0","datePublished":"2025-05-12T12:02:51+00:00","dateModified":"2025-05-12T12:02:53+00:00","mainEntityOfPage":{"@id":"https:\/\/infopba247.com.ar\/index.php\/2025\/05\/12\/alak-participo-del-festejo-por-los-111-anos-de-city-bell-y-anuncio-obras-para-la-localidad\/"},"wordCount":443,"commentCount":0,"publisher":{"@id":"https:\/\/infopba247.com.ar\/#organization"},"image":{"@id":"https:\/\/infopba247.com.ar\/index.php\/2025\/05\/12\/alak-participo-del-festejo-por-los-111-anos-de-city-bell-y-anuncio-obras-para-la-localidad\/#primaryimage"},"thumbnailUrl":"https:\/\/infopba247.com.ar\/wp-content\/uploads\/2025\/05\/unnamed-2025-05-12T085029.219.jpg","articleSection":["8va Secci\u00f3n","Destacadas","Pol\u00edtica"],"inLanguage":"es","potentialAction":[{"@type":"CommentAction","name":"Comment","target":["https:\/\/infopba247.com.ar\/index.php\/2025\/05\/12\/alak-participo-del-festejo-por-los-111-anos-de-city-bell-y-anuncio-obras-para-la-localidad\/#respond"]}]},{"@type":"WebPage","@id":"https:\/\/infopba247.com.ar\/index.php\/2025\/05\/12\/alak-participo-del-festejo-por-los-111-anos-de-city-bell-y-anuncio-obras-para-la-localidad\/","url":"https:\/\/infopba247.com.ar\/index.php\/2025\/05\/12\/alak-participo-del-festejo-por-los-111-anos-de-city-bell-y-anuncio-obras-para-la-localidad\/","name":"Alak particip\u00f3 del festejo por los 111 a\u00f1os de City Bell y anunci\u00f3 obras para la localidad\u00a0 - InfoPBA247","isPartOf":{"@id":"https:\/\/infopba247.com.ar\/#website"},"primaryImageOfPage":{"@id":"https:\/\/infopba247.com.ar\/index.php\/2025\/05\/12\/alak-participo-del-festejo-por-los-111-anos-de-city-bell-y-anuncio-obras-para-la-localidad\/#primaryimage"},"image":{"@id":"https:\/\/infopba247.com.ar\/index.php\/2025\/05\/12\/alak-participo-del-festejo-por-los-111-anos-de-city-bell-y-anuncio-obras-para-la-localidad\/#primaryimage"},"thumbnailUrl":"https:\/\/infopba247.com.ar\/wp-content\/uploads\/2025\/05\/unnamed-2025-05-12T085029.219.jpg","datePublished":"2025-05-12T12:02:51+00:00","dateModified":"2025-05-12T12:02:53+00:00","breadcrumb":{"@id":"https:\/\/infopba247.com.ar\/index.php\/2025\/05\/12\/alak-participo-del-festejo-por-los-111-anos-de-city-bell-y-anuncio-obras-para-la-localidad\/#breadcrumb"},"inLanguage":"es","potentialAction":[{"@type":"ReadAction","target":["https:\/\/infopba247.com.ar\/index.php\/2025\/05\/12\/alak-participo-del-festejo-por-los-111-anos-de-city-bell-y-anuncio-obras-para-la-localidad\/"]}]},{"@type":"ImageObject","inLanguage":"es","@id":"https:\/\/infopba247.com.ar\/index.php\/2025\/05\/12\/alak-participo-del-festejo-por-los-111-anos-de-city-bell-y-anuncio-obras-para-la-localidad\/#primaryimage","url":"https:\/\/infopba247.com.ar\/wp-content\/uploads\/2025\/05\/unnamed-2025-05-12T085029.219.jpg","contentUrl":"https:\/\/infopba247.com.ar\/wp-content\/uploads\/2025\/05\/unnamed-2025-05-12T085029.219.jpg","width":1600,"height":1068},{"@type":"BreadcrumbList","@id":"https:\/\/infopba247.com.ar\/index.php\/2025\/05\/12\/alak-participo-del-festejo-por-los-111-anos-de-city-bell-y-anuncio-obras-para-la-localidad\/#breadcrumb","itemListElement":[{"@type":"ListItem","position":1,"name":"Portada","item":"https:\/\/infopba247.com.ar\/"},{"@type":"ListItem","position":2,"name":"Alak particip\u00f3 del festejo por los 111 a\u00f1os de City Bell y anunci\u00f3 obras para la localidad\u00a0"}]},{"@type":"WebSite","@id":"https:\/\/infopba247.com.ar\/#website","url":"https:\/\/infopba247.com.ar\/","name":"InfoPBA247","description":"Toda la actualidad bonaerense","publisher":{"@id":"https:\/\/infopba247.com.ar\/#organization"},"potentialAction":[{"@type":"SearchAction","target":{"@type":"EntryPoint","urlTemplate":"https:\/\/infopba247.com.ar\/?s={search_term_string}"},"query-input":{"@type":"PropertyValueSpecification","valueRequired":true,"valueName":"search_term_string"}}],"inLanguage":"es"},{"@type":"Organization","@id":"https:\/\/infopba247.com.ar\/#organization","name":"InfoPBA247","url":"https:\/\/infopba247.com.ar\/","logo":{"@type":"ImageObject","inLanguage":"es","@id":"https:\/\/infopba247.com.ar\/#\/schema\/logo\/image\/","url":"https:\/\/infopba247.com.ar\/wp-content\/uploads\/2022\/03\/cropped-InfoPBA247-1.png","contentUrl":"https:\/\/infopba247.com.ar\/wp-content\/uploads\/2022\/03\/cropped-InfoPBA247-1.png","width":500,"height":122,"caption":"InfoPBA247"},"image":{"@id":"https:\/\/infopba247.com.ar\/#\/schema\/logo\/image\/"},"sameAs":["https:\/\/www.facebook.com\/InfoPBA"]},{"@type":"Person","@id":"https:\/\/infopba247.com.ar\/#\/schema\/person\/4975f1343a413e57bf839b3eed0099f2","name":"Editor","image":{"@type":"ImageObject","inLanguage":"es","@id":"https:\/\/secure.gravatar.com\/avatar\/d27fe9520667ca53441d36627a1d6b0fa4a813571ec4803687a7a3a7744685ac?s=96&d=mm&r=g","url":"https:\/\/secure.gravatar.com\/avatar\/d27fe9520667ca53441d36627a1d6b0fa4a813571ec4803687a7a3a7744685ac?s=96&d=mm&r=g","contentUrl":"https:\/\/secure.gravatar.com\/avatar\/d27fe9520667ca53441d36627a1d6b0fa4a813571ec4803687a7a3a7744685ac?s=96&d=mm&r=g","caption":"Editor"},"url":"https:\/\/infopba247.com.ar\/index.php\/author\/editor\/"}]}},"_links":{"self":[{"href":"https:\/\/infopba247.com.ar\/index.php\/wp-json\/wp\/v2\/posts\/7011","targetHints":{"allow":["GET"]}}],"collection":[{"href":"https:\/\/infopba247.com.ar\/index.php\/wp-json\/wp\/v2\/posts"}],"about":[{"href":"https:\/\/infopba247.com.ar\/index.php\/wp-json\/wp\/v2\/types\/post"}],"author":[{"embeddable":true,"href":"https:\/\/infopba247.com.ar\/index.php\/wp-json\/wp\/v2\/users\/3"}],"replies":[{"embeddable":true,"href":"https:\/\/infopba247.com.ar\/index.php\/wp-json\/wp\/v2\/comments?post=7011"}],"version-history":[{"count":1,"href":"https:\/\/infopba247.com.ar\/index.php\/wp-json\/wp\/v2\/posts\/7011\/revisions"}],"predecessor-version":[{"id":7012,"href":"https:\/\/infopba247.com.ar\/index.php\/wp-json\/wp\/v2\/posts\/7011\/revisions\/7012"}],"wp:featuredmedia":[{"embeddable":true,"href":"https:\/\/infopba247.com.ar\/index.php\/wp-json\/wp\/v2\/media\/7009"}],"wp:attachment":[{"href":"https:\/\/infopba247.com.ar\/index.php\/wp-json\/wp\/v2\/media?parent=7011"}],"wp:term":[{"taxonomy":"category","embeddable":true,"href":"https:\/\/infopba247.com.ar\/index.php\/wp-json\/wp\/v2\/categories?post=7011"},{"taxonomy":"post_tag","embeddable":true,"href":"https:\/\/infopba247.com.ar\/index.php\/wp-json\/wp\/v2\/tags?post=7011"}],"curies":[{"name":"wp","href":"https:\/\/api.w.org\/{rel}","templated":true}]}}