{"id":701,"date":"2022-09-29T10:11:07","date_gmt":"2022-09-29T13:11:07","guid":{"rendered":"https:\/\/infopba247.com.ar\/?p=701"},"modified":"2022-09-29T10:11:08","modified_gmt":"2022-09-29T13:11:08","slug":"kicillof-inauguro-una-escuela-y-dos-jardines-en-san-vicente-y-alcanzo-los-110-nuevos-edificios-educativos","status":"publish","type":"post","link":"https:\/\/infopba247.com.ar\/index.php\/2022\/09\/29\/kicillof-inauguro-una-escuela-y-dos-jardines-en-san-vicente-y-alcanzo-los-110-nuevos-edificios-educativos\/","title":{"rendered":"Kicillof inaugur\u00f3 una escuela y dos jardines en San Vicente y alcanz\u00f3 los 110 nuevos edificios educativos"},"content":{"rendered":"\n<p>El gobernador de la provincia de Buenos Aires, Axel Kicillof, encabez\u00f3 este mi\u00e9rcoles los actos de inauguraci\u00f3n de una nueva escuela primaria en Alejandro Korn y de las instalaciones de dos jardines de infantes, junto al director general de Cultura y Educaci\u00f3n, Alberto Sileoni; y el intendente de San Vicente, Nicol\u00e1s Mantegazza.<\/p>\n\n\n\n<p>\u201cDespu\u00e9s de una etapa en la que no se terminaban las obras que hab\u00eda empezado el Gobierno anterior, nosotros no solo finalizamos la \u00fanica escuela que hab\u00edan comenzado, sino que hoy estamos sumando ya tres nuevos edificios educativos\u201d, subray\u00f3 Kicillof.<\/p>\n\n\n\n<p>En el marco del programa Escuelas a la Obra, se pusieron en marcha las nuevas instalaciones de dos jardines que funcionaban en otros establecimientos, en tanto que se inaugur\u00f3 la Escuela Primaria 31, una nueva instituci\u00f3n para la comunidad educativa del barrio \u201cLa Pradera ll\u201d.<\/p>\n\n\n\n<p>\u201cEstas inauguraciones siempre son acompa\u00f1adas por muchos vecinos y vecinas que entienden que la \u00fanica prioridad es la educaci\u00f3n p\u00fablica y la justicia social para brindar igualdad de derechos a los pibes y las pibas\u201d, sostuvo el Gobernador y a\u00f1adi\u00f3: \u201cNo se trata solamente de hacer un edificio, pintarlo y equiparlo: construir una escuela es mucho m\u00e1s que poner ladrillos, es construir futuro\u201d.<\/p>\n\n\n\n<p>La Primaria 31 es el resultado de una inversi\u00f3n de 58 millones de pesos proveniente del Fondo Educativo Municipal. En una primera etapa posee tres aulas, un SUM y sanitarios; mientras que una segunda instancia se financia con 58 millones de pesos del Programa Especial de Emergencia Educativa (PEED), con el objetivo de sumar otras tres aulas.<\/p>\n\n\n\n<p>\u201cA partir de ahora los y las alumnas van a poder venir caminando a su escuela sin correr el peligro de cruzar la ruta: eso tiene que ver con garantizar el derecho a la educaci\u00f3n en cada barrio\u201d, asegur\u00f3 Sileoni durante la inauguraci\u00f3n de la escuela, al tiempo que se\u00f1al\u00f3 que \u201cel compromiso de la Provincia con la educaci\u00f3n no queda solo en discursos, sino que se traduce en inversiones y nuevas obras de infraestructura escolar en los 135 municipios\u201d.<\/p>\n\n\n\n<p>Con una inversi\u00f3n de 62 millones de pesos, se finaliz\u00f3 el edificio del Jard\u00edn de Infantes 915 de Alejandro Korn, instituci\u00f3n que funcion\u00f3 durante siete a\u00f1os sin instalaciones propias. All\u00ed asistir\u00e1n ahora sus 135 alumnos y alumnas, quienes contar\u00e1n con tres aulas equipadas cada una con mobiliario, ba\u00f1os propios y patio; cocina, comedor, SUM y parque con juegos.<\/p>\n\n\n\n<p>En tanto, el jard\u00edn 918 est\u00e1 ubicado en el Barrio Eva Per\u00f3n y se desarroll\u00f3 con el objetivo de reparar una deuda hist\u00f3rica de vacantes para los ni\u00f1os y ni\u00f1as de la zona. Para ello se destinaron 62 millones de pesos que permitieron la construcci\u00f3n de la sede con tres aulas, cocina, comedor, SUM y espacios para el aprendizaje de hasta 200 chicos y chicas.<\/p>\n\n\n\n<p>Por su parte, el intendente Mantegazza remarc\u00f3: \u201cCon la articulaci\u00f3n entre el gobierno provincial y municipal estamos realizando una inversi\u00f3n hist\u00f3rica de creaci\u00f3n, mantenimiento y puesta en valor de las instituciones educativas\u201d.<\/p>\n\n\n\n<p>Y agreg\u00f3: \u201cHoy inauguramos tres escuelas gracias a la decisi\u00f3n de un Gobernador que tiene presente la agenda de la educaci\u00f3n, escucha a los docentes, recorre la Provincia y destina los recursos necesarios para que las obras sean una realidad\u201d.<\/p>\n\n\n\n<p>Estuvieron presentes tambi\u00e9n el jefe de Asesores del Gobernador, Carlos Bianco; la directora ejecutiva del Organismo Provincial de Integraci\u00f3n Social y Urbana (OPISU), Romina Barrios; el director provincial de Infraestructura Escolar, Juan Mart\u00edn Zabaleta; la diputada bonaerense, Natalia S\u00e1nchez J\u00e1uregui; y la secretaria de Gesti\u00f3n Descentralizada de San Vicente, Daniela Lasalle.<\/p>\n","protected":false},"excerpt":{"rendered":"<p>El gobernador de la provincia de Buenos Aires, Axel Kicillof, encabez\u00f3 este mi\u00e9rcoles los actos de inauguraci\u00f3n de una nueva<\/p>\n","protected":false},"author":3,"featured_media":702,"comment_status":"closed","ping_status":"closed","sticky":false,"template":"","format":"standard","meta":{"colormag_page_container_layout":"default_layout","colormag_page_sidebar_layout":"default_layout","footnotes":""},"categories":[7,1,14],"tags":[],"class_list":["post-701","post","type-post","status-publish","format-standard","has-post-thumbnail","hentry","category-3ra-seccion","category-destacadas","category-politica"],"yoast_head":"<!-- This site is optimized with the Yoast SEO plugin v27.4 - https:\/\/yoast.com\/product\/yoast-seo-wordpress\/ -->\n<title>Kicillof inaugur\u00f3 una escuela y dos jardines en San Vicente y alcanz\u00f3 los 110 nuevos edificios educativos - InfoPBA247<\/title>\n<meta name=\"robots\" content=\"index, follow, max-snippet:-1, max-image-preview:large, max-video-preview:-1\" \/>\n<link rel=\"canonical\" href=\"https:\/\/infopba247.com.ar\/index.php\/2022\/09\/29\/kicillof-inauguro-una-escuela-y-dos-jardines-en-san-vicente-y-alcanzo-los-110-nuevos-edificios-educativos\/\" \/>\n<meta property=\"og:locale\" content=\"es_ES\" \/>\n<meta property=\"og:type\" content=\"article\" \/>\n<meta property=\"og:title\" content=\"Kicillof inaugur\u00f3 una escuela y dos jardines en San Vicente y alcanz\u00f3 los 110 nuevos edificios educativos - InfoPBA247\" \/>\n<meta property=\"og:description\" content=\"El gobernador de la provincia de Buenos Aires, Axel Kicillof, encabez\u00f3 este mi\u00e9rcoles los actos de inauguraci\u00f3n de una nueva\" \/>\n<meta property=\"og:url\" content=\"https:\/\/infopba247.com.ar\/index.php\/2022\/09\/29\/kicillof-inauguro-una-escuela-y-dos-jardines-en-san-vicente-y-alcanzo-los-110-nuevos-edificios-educativos\/\" \/>\n<meta property=\"og:site_name\" content=\"InfoPBA247\" \/>\n<meta property=\"article:publisher\" content=\"https:\/\/www.facebook.com\/InfoPBA\" \/>\n<meta property=\"article:published_time\" content=\"2022-09-29T13:11:07+00:00\" \/>\n<meta property=\"article:modified_time\" content=\"2022-09-29T13:11:08+00:00\" \/>\n<meta property=\"og:image\" content=\"https:\/\/infopba247.com.ar\/wp-content\/uploads\/2022\/09\/AH7X0397_2.jpg\" \/>\n\t<meta property=\"og:image:width\" content=\"1200\" \/>\n\t<meta property=\"og:image:height\" content=\"800\" \/>\n\t<meta property=\"og:image:type\" content=\"image\/jpeg\" \/>\n<meta name=\"author\" content=\"Editor\" \/>\n<meta name=\"twitter:card\" content=\"summary_large_image\" \/>\n<meta name=\"twitter:label1\" content=\"Escrito por\" \/>\n\t<meta name=\"twitter:data1\" content=\"Editor\" \/>\n\t<meta name=\"twitter:label2\" content=\"Tiempo de lectura\" \/>\n\t<meta name=\"twitter:data2\" content=\"3 minutos\" \/>\n<script type=\"application\/ld+json\" class=\"yoast-schema-graph\">{\"@context\":\"https:\\\/\\\/schema.org\",\"@graph\":[{\"@type\":\"Article\",\"@id\":\"https:\\\/\\\/infopba247.com.ar\\\/index.php\\\/2022\\\/09\\\/29\\\/kicillof-inauguro-una-escuela-y-dos-jardines-en-san-vicente-y-alcanzo-los-110-nuevos-edificios-educativos\\\/#article\",\"isPartOf\":{\"@id\":\"https:\\\/\\\/infopba247.com.ar\\\/index.php\\\/2022\\\/09\\\/29\\\/kicillof-inauguro-una-escuela-y-dos-jardines-en-san-vicente-y-alcanzo-los-110-nuevos-edificios-educativos\\\/\"},\"author\":{\"name\":\"Editor\",\"@id\":\"https:\\\/\\\/infopba247.com.ar\\\/#\\\/schema\\\/person\\\/4975f1343a413e57bf839b3eed0099f2\"},\"headline\":\"Kicillof inaugur\u00f3 una escuela y dos jardines en San Vicente y alcanz\u00f3 los 110 nuevos edificios educativos\",\"datePublished\":\"2022-09-29T13:11:07+00:00\",\"dateModified\":\"2022-09-29T13:11:08+00:00\",\"mainEntityOfPage\":{\"@id\":\"https:\\\/\\\/infopba247.com.ar\\\/index.php\\\/2022\\\/09\\\/29\\\/kicillof-inauguro-una-escuela-y-dos-jardines-en-san-vicente-y-alcanzo-los-110-nuevos-edificios-educativos\\\/\"},\"wordCount\":631,\"publisher\":{\"@id\":\"https:\\\/\\\/infopba247.com.ar\\\/#organization\"},\"image\":{\"@id\":\"https:\\\/\\\/infopba247.com.ar\\\/index.php\\\/2022\\\/09\\\/29\\\/kicillof-inauguro-una-escuela-y-dos-jardines-en-san-vicente-y-alcanzo-los-110-nuevos-edificios-educativos\\\/#primaryimage\"},\"thumbnailUrl\":\"https:\\\/\\\/infopba247.com.ar\\\/wp-content\\\/uploads\\\/2022\\\/09\\\/AH7X0397_2.jpg\",\"articleSection\":[\"3ra Secci\u00f3n\",\"Destacadas\",\"Pol\u00edtica\"],\"inLanguage\":\"es\"},{\"@type\":\"WebPage\",\"@id\":\"https:\\\/\\\/infopba247.com.ar\\\/index.php\\\/2022\\\/09\\\/29\\\/kicillof-inauguro-una-escuela-y-dos-jardines-en-san-vicente-y-alcanzo-los-110-nuevos-edificios-educativos\\\/\",\"url\":\"https:\\\/\\\/infopba247.com.ar\\\/index.php\\\/2022\\\/09\\\/29\\\/kicillof-inauguro-una-escuela-y-dos-jardines-en-san-vicente-y-alcanzo-los-110-nuevos-edificios-educativos\\\/\",\"name\":\"Kicillof inaugur\u00f3 una escuela y dos jardines en San Vicente y alcanz\u00f3 los 110 nuevos edificios educativos - InfoPBA247\",\"isPartOf\":{\"@id\":\"https:\\\/\\\/infopba247.com.ar\\\/#website\"},\"primaryImageOfPage\":{\"@id\":\"https:\\\/\\\/infopba247.com.ar\\\/index.php\\\/2022\\\/09\\\/29\\\/kicillof-inauguro-una-escuela-y-dos-jardines-en-san-vicente-y-alcanzo-los-110-nuevos-edificios-educativos\\\/#primaryimage\"},\"image\":{\"@id\":\"https:\\\/\\\/infopba247.com.ar\\\/index.php\\\/2022\\\/09\\\/29\\\/kicillof-inauguro-una-escuela-y-dos-jardines-en-san-vicente-y-alcanzo-los-110-nuevos-edificios-educativos\\\/#primaryimage\"},\"thumbnailUrl\":\"https:\\\/\\\/infopba247.com.ar\\\/wp-content\\\/uploads\\\/2022\\\/09\\\/AH7X0397_2.jpg\",\"datePublished\":\"2022-09-29T13:11:07+00:00\",\"dateModified\":\"2022-09-29T13:11:08+00:00\",\"breadcrumb\":{\"@id\":\"https:\\\/\\\/infopba247.com.ar\\\/index.php\\\/2022\\\/09\\\/29\\\/kicillof-inauguro-una-escuela-y-dos-jardines-en-san-vicente-y-alcanzo-los-110-nuevos-edificios-educativos\\\/#breadcrumb\"},\"inLanguage\":\"es\",\"potentialAction\":[{\"@type\":\"ReadAction\",\"target\":[\"https:\\\/\\\/infopba247.com.ar\\\/index.php\\\/2022\\\/09\\\/29\\\/kicillof-inauguro-una-escuela-y-dos-jardines-en-san-vicente-y-alcanzo-los-110-nuevos-edificios-educativos\\\/\"]}]},{\"@type\":\"ImageObject\",\"inLanguage\":\"es\",\"@id\":\"https:\\\/\\\/infopba247.com.ar\\\/index.php\\\/2022\\\/09\\\/29\\\/kicillof-inauguro-una-escuela-y-dos-jardines-en-san-vicente-y-alcanzo-los-110-nuevos-edificios-educativos\\\/#primaryimage\",\"url\":\"https:\\\/\\\/infopba247.com.ar\\\/wp-content\\\/uploads\\\/2022\\\/09\\\/AH7X0397_2.jpg\",\"contentUrl\":\"https:\\\/\\\/infopba247.com.ar\\\/wp-content\\\/uploads\\\/2022\\\/09\\\/AH7X0397_2.jpg\",\"width\":1200,\"height\":800},{\"@type\":\"BreadcrumbList\",\"@id\":\"https:\\\/\\\/infopba247.com.ar\\\/index.php\\\/2022\\\/09\\\/29\\\/kicillof-inauguro-una-escuela-y-dos-jardines-en-san-vicente-y-alcanzo-los-110-nuevos-edificios-educativos\\\/#breadcrumb\",\"itemListElement\":[{\"@type\":\"ListItem\",\"position\":1,\"name\":\"Portada\",\"item\":\"https:\\\/\\\/infopba247.com.ar\\\/\"},{\"@type\":\"ListItem\",\"position\":2,\"name\":\"Kicillof inaugur\u00f3 una escuela y dos jardines en San Vicente y alcanz\u00f3 los 110 nuevos edificios educativos\"}]},{\"@type\":\"WebSite\",\"@id\":\"https:\\\/\\\/infopba247.com.ar\\\/#website\",\"url\":\"https:\\\/\\\/infopba247.com.ar\\\/\",\"name\":\"InfoPBA247\",\"description\":\"Toda la actualidad bonaerense\",\"publisher\":{\"@id\":\"https:\\\/\\\/infopba247.com.ar\\\/#organization\"},\"potentialAction\":[{\"@type\":\"SearchAction\",\"target\":{\"@type\":\"EntryPoint\",\"urlTemplate\":\"https:\\\/\\\/infopba247.com.ar\\\/?s={search_term_string}\"},\"query-input\":{\"@type\":\"PropertyValueSpecification\",\"valueRequired\":true,\"valueName\":\"search_term_string\"}}],\"inLanguage\":\"es\"},{\"@type\":\"Organization\",\"@id\":\"https:\\\/\\\/infopba247.com.ar\\\/#organization\",\"name\":\"InfoPBA247\",\"url\":\"https:\\\/\\\/infopba247.com.ar\\\/\",\"logo\":{\"@type\":\"ImageObject\",\"inLanguage\":\"es\",\"@id\":\"https:\\\/\\\/infopba247.com.ar\\\/#\\\/schema\\\/logo\\\/image\\\/\",\"url\":\"https:\\\/\\\/infopba247.com.ar\\\/wp-content\\\/uploads\\\/2022\\\/03\\\/cropped-InfoPBA247-1.png\",\"contentUrl\":\"https:\\\/\\\/infopba247.com.ar\\\/wp-content\\\/uploads\\\/2022\\\/03\\\/cropped-InfoPBA247-1.png\",\"width\":500,\"height\":122,\"caption\":\"InfoPBA247\"},\"image\":{\"@id\":\"https:\\\/\\\/infopba247.com.ar\\\/#\\\/schema\\\/logo\\\/image\\\/\"},\"sameAs\":[\"https:\\\/\\\/www.facebook.com\\\/InfoPBA\"]},{\"@type\":\"Person\",\"@id\":\"https:\\\/\\\/infopba247.com.ar\\\/#\\\/schema\\\/person\\\/4975f1343a413e57bf839b3eed0099f2\",\"name\":\"Editor\",\"image\":{\"@type\":\"ImageObject\",\"inLanguage\":\"es\",\"@id\":\"https:\\\/\\\/secure.gravatar.com\\\/avatar\\\/d27fe9520667ca53441d36627a1d6b0fa4a813571ec4803687a7a3a7744685ac?s=96&d=mm&r=g\",\"url\":\"https:\\\/\\\/secure.gravatar.com\\\/avatar\\\/d27fe9520667ca53441d36627a1d6b0fa4a813571ec4803687a7a3a7744685ac?s=96&d=mm&r=g\",\"contentUrl\":\"https:\\\/\\\/secure.gravatar.com\\\/avatar\\\/d27fe9520667ca53441d36627a1d6b0fa4a813571ec4803687a7a3a7744685ac?s=96&d=mm&r=g\",\"caption\":\"Editor\"},\"url\":\"https:\\\/\\\/infopba247.com.ar\\\/index.php\\\/author\\\/editor\\\/\"}]}<\/script>\n<!-- \/ Yoast SEO plugin. -->","yoast_head_json":{"title":"Kicillof inaugur\u00f3 una escuela y dos jardines en San Vicente y alcanz\u00f3 los 110 nuevos edificios educativos - InfoPBA247","robots":{"index":"index","follow":"follow","max-snippet":"max-snippet:-1","max-image-preview":"max-image-preview:large","max-video-preview":"max-video-preview:-1"},"canonical":"https:\/\/infopba247.com.ar\/index.php\/2022\/09\/29\/kicillof-inauguro-una-escuela-y-dos-jardines-en-san-vicente-y-alcanzo-los-110-nuevos-edificios-educativos\/","og_locale":"es_ES","og_type":"article","og_title":"Kicillof inaugur\u00f3 una escuela y dos jardines en San Vicente y alcanz\u00f3 los 110 nuevos edificios educativos - InfoPBA247","og_description":"El gobernador de la provincia de Buenos Aires, Axel Kicillof, encabez\u00f3 este mi\u00e9rcoles los actos de inauguraci\u00f3n de una nueva","og_url":"https:\/\/infopba247.com.ar\/index.php\/2022\/09\/29\/kicillof-inauguro-una-escuela-y-dos-jardines-en-san-vicente-y-alcanzo-los-110-nuevos-edificios-educativos\/","og_site_name":"InfoPBA247","article_publisher":"https:\/\/www.facebook.com\/InfoPBA","article_published_time":"2022-09-29T13:11:07+00:00","article_modified_time":"2022-09-29T13:11:08+00:00","og_image":[{"width":1200,"height":800,"url":"https:\/\/infopba247.com.ar\/wp-content\/uploads\/2022\/09\/AH7X0397_2.jpg","type":"image\/jpeg"}],"author":"Editor","twitter_card":"summary_large_image","twitter_misc":{"Escrito por":"Editor","Tiempo de lectura":"3 minutos"},"schema":{"@context":"https:\/\/schema.org","@graph":[{"@type":"Article","@id":"https:\/\/infopba247.com.ar\/index.php\/2022\/09\/29\/kicillof-inauguro-una-escuela-y-dos-jardines-en-san-vicente-y-alcanzo-los-110-nuevos-edificios-educativos\/#article","isPartOf":{"@id":"https:\/\/infopba247.com.ar\/index.php\/2022\/09\/29\/kicillof-inauguro-una-escuela-y-dos-jardines-en-san-vicente-y-alcanzo-los-110-nuevos-edificios-educativos\/"},"author":{"name":"Editor","@id":"https:\/\/infopba247.com.ar\/#\/schema\/person\/4975f1343a413e57bf839b3eed0099f2"},"headline":"Kicillof inaugur\u00f3 una escuela y dos jardines en San Vicente y alcanz\u00f3 los 110 nuevos edificios educativos","datePublished":"2022-09-29T13:11:07+00:00","dateModified":"2022-09-29T13:11:08+00:00","mainEntityOfPage":{"@id":"https:\/\/infopba247.com.ar\/index.php\/2022\/09\/29\/kicillof-inauguro-una-escuela-y-dos-jardines-en-san-vicente-y-alcanzo-los-110-nuevos-edificios-educativos\/"},"wordCount":631,"publisher":{"@id":"https:\/\/infopba247.com.ar\/#organization"},"image":{"@id":"https:\/\/infopba247.com.ar\/index.php\/2022\/09\/29\/kicillof-inauguro-una-escuela-y-dos-jardines-en-san-vicente-y-alcanzo-los-110-nuevos-edificios-educativos\/#primaryimage"},"thumbnailUrl":"https:\/\/infopba247.com.ar\/wp-content\/uploads\/2022\/09\/AH7X0397_2.jpg","articleSection":["3ra Secci\u00f3n","Destacadas","Pol\u00edtica"],"inLanguage":"es"},{"@type":"WebPage","@id":"https:\/\/infopba247.com.ar\/index.php\/2022\/09\/29\/kicillof-inauguro-una-escuela-y-dos-jardines-en-san-vicente-y-alcanzo-los-110-nuevos-edificios-educativos\/","url":"https:\/\/infopba247.com.ar\/index.php\/2022\/09\/29\/kicillof-inauguro-una-escuela-y-dos-jardines-en-san-vicente-y-alcanzo-los-110-nuevos-edificios-educativos\/","name":"Kicillof inaugur\u00f3 una escuela y dos jardines en San Vicente y alcanz\u00f3 los 110 nuevos edificios educativos - InfoPBA247","isPartOf":{"@id":"https:\/\/infopba247.com.ar\/#website"},"primaryImageOfPage":{"@id":"https:\/\/infopba247.com.ar\/index.php\/2022\/09\/29\/kicillof-inauguro-una-escuela-y-dos-jardines-en-san-vicente-y-alcanzo-los-110-nuevos-edificios-educativos\/#primaryimage"},"image":{"@id":"https:\/\/infopba247.com.ar\/index.php\/2022\/09\/29\/kicillof-inauguro-una-escuela-y-dos-jardines-en-san-vicente-y-alcanzo-los-110-nuevos-edificios-educativos\/#primaryimage"},"thumbnailUrl":"https:\/\/infopba247.com.ar\/wp-content\/uploads\/2022\/09\/AH7X0397_2.jpg","datePublished":"2022-09-29T13:11:07+00:00","dateModified":"2022-09-29T13:11:08+00:00","breadcrumb":{"@id":"https:\/\/infopba247.com.ar\/index.php\/2022\/09\/29\/kicillof-inauguro-una-escuela-y-dos-jardines-en-san-vicente-y-alcanzo-los-110-nuevos-edificios-educativos\/#breadcrumb"},"inLanguage":"es","potentialAction":[{"@type":"ReadAction","target":["https:\/\/infopba247.com.ar\/index.php\/2022\/09\/29\/kicillof-inauguro-una-escuela-y-dos-jardines-en-san-vicente-y-alcanzo-los-110-nuevos-edificios-educativos\/"]}]},{"@type":"ImageObject","inLanguage":"es","@id":"https:\/\/infopba247.com.ar\/index.php\/2022\/09\/29\/kicillof-inauguro-una-escuela-y-dos-jardines-en-san-vicente-y-alcanzo-los-110-nuevos-edificios-educativos\/#primaryimage","url":"https:\/\/infopba247.com.ar\/wp-content\/uploads\/2022\/09\/AH7X0397_2.jpg","contentUrl":"https:\/\/infopba247.com.ar\/wp-content\/uploads\/2022\/09\/AH7X0397_2.jpg","width":1200,"height":800},{"@type":"BreadcrumbList","@id":"https:\/\/infopba247.com.ar\/index.php\/2022\/09\/29\/kicillof-inauguro-una-escuela-y-dos-jardines-en-san-vicente-y-alcanzo-los-110-nuevos-edificios-educativos\/#breadcrumb","itemListElement":[{"@type":"ListItem","position":1,"name":"Portada","item":"https:\/\/infopba247.com.ar\/"},{"@type":"ListItem","position":2,"name":"Kicillof inaugur\u00f3 una escuela y dos jardines en San Vicente y alcanz\u00f3 los 110 nuevos edificios educativos"}]},{"@type":"WebSite","@id":"https:\/\/infopba247.com.ar\/#website","url":"https:\/\/infopba247.com.ar\/","name":"InfoPBA247","description":"Toda la actualidad bonaerense","publisher":{"@id":"https:\/\/infopba247.com.ar\/#organization"},"potentialAction":[{"@type":"SearchAction","target":{"@type":"EntryPoint","urlTemplate":"https:\/\/infopba247.com.ar\/?s={search_term_string}"},"query-input":{"@type":"PropertyValueSpecification","valueRequired":true,"valueName":"search_term_string"}}],"inLanguage":"es"},{"@type":"Organization","@id":"https:\/\/infopba247.com.ar\/#organization","name":"InfoPBA247","url":"https:\/\/infopba247.com.ar\/","logo":{"@type":"ImageObject","inLanguage":"es","@id":"https:\/\/infopba247.com.ar\/#\/schema\/logo\/image\/","url":"https:\/\/infopba247.com.ar\/wp-content\/uploads\/2022\/03\/cropped-InfoPBA247-1.png","contentUrl":"https:\/\/infopba247.com.ar\/wp-content\/uploads\/2022\/03\/cropped-InfoPBA247-1.png","width":500,"height":122,"caption":"InfoPBA247"},"image":{"@id":"https:\/\/infopba247.com.ar\/#\/schema\/logo\/image\/"},"sameAs":["https:\/\/www.facebook.com\/InfoPBA"]},{"@type":"Person","@id":"https:\/\/infopba247.com.ar\/#\/schema\/person\/4975f1343a413e57bf839b3eed0099f2","name":"Editor","image":{"@type":"ImageObject","inLanguage":"es","@id":"https:\/\/secure.gravatar.com\/avatar\/d27fe9520667ca53441d36627a1d6b0fa4a813571ec4803687a7a3a7744685ac?s=96&d=mm&r=g","url":"https:\/\/secure.gravatar.com\/avatar\/d27fe9520667ca53441d36627a1d6b0fa4a813571ec4803687a7a3a7744685ac?s=96&d=mm&r=g","contentUrl":"https:\/\/secure.gravatar.com\/avatar\/d27fe9520667ca53441d36627a1d6b0fa4a813571ec4803687a7a3a7744685ac?s=96&d=mm&r=g","caption":"Editor"},"url":"https:\/\/infopba247.com.ar\/index.php\/author\/editor\/"}]}},"_links":{"self":[{"href":"https:\/\/infopba247.com.ar\/index.php\/wp-json\/wp\/v2\/posts\/701","targetHints":{"allow":["GET"]}}],"collection":[{"href":"https:\/\/infopba247.com.ar\/index.php\/wp-json\/wp\/v2\/posts"}],"about":[{"href":"https:\/\/infopba247.com.ar\/index.php\/wp-json\/wp\/v2\/types\/post"}],"author":[{"embeddable":true,"href":"https:\/\/infopba247.com.ar\/index.php\/wp-json\/wp\/v2\/users\/3"}],"replies":[{"embeddable":true,"href":"https:\/\/infopba247.com.ar\/index.php\/wp-json\/wp\/v2\/comments?post=701"}],"version-history":[{"count":1,"href":"https:\/\/infopba247.com.ar\/index.php\/wp-json\/wp\/v2\/posts\/701\/revisions"}],"predecessor-version":[{"id":703,"href":"https:\/\/infopba247.com.ar\/index.php\/wp-json\/wp\/v2\/posts\/701\/revisions\/703"}],"wp:featuredmedia":[{"embeddable":true,"href":"https:\/\/infopba247.com.ar\/index.php\/wp-json\/wp\/v2\/media\/702"}],"wp:attachment":[{"href":"https:\/\/infopba247.com.ar\/index.php\/wp-json\/wp\/v2\/media?parent=701"}],"wp:term":[{"taxonomy":"category","embeddable":true,"href":"https:\/\/infopba247.com.ar\/index.php\/wp-json\/wp\/v2\/categories?post=701"},{"taxonomy":"post_tag","embeddable":true,"href":"https:\/\/infopba247.com.ar\/index.php\/wp-json\/wp\/v2\/tags?post=701"}],"curies":[{"name":"wp","href":"https:\/\/api.w.org\/{rel}","templated":true}]}}