{"id":6900,"date":"2025-04-29T10:04:05","date_gmt":"2025-04-29T13:04:05","guid":{"rendered":"https:\/\/infopba247.com.ar\/?p=6900"},"modified":"2025-04-29T10:04:07","modified_gmt":"2025-04-29T13:04:07","slug":"kreplak-dio-inicio-al-congreso-provincial-de-salud-2025","status":"publish","type":"post","link":"https:\/\/infopba247.com.ar\/index.php\/2025\/04\/29\/kreplak-dio-inicio-al-congreso-provincial-de-salud-2025\/","title":{"rendered":"Kreplak dio inicio al Congreso Provincial De Salud 2025\u00a0"},"content":{"rendered":"\n<p>El ministro de Salud de la provincia de Buenos Aires, Nicol\u00e1s Kreplak, dio inicio hoy al Congreso Provincial de Salud en el Espacio Hebe de Bonafini \u2013 Sal\u00f3n de las Am\u00e9ricas, ubicado en el NH Gran Hotel Provincial de Mar del Plata, que se desarrollar\u00e1 hasta el 30 de abril.&nbsp;<\/p>\n\n\n\n<p>Durante la ma\u00f1ana, inaugur\u00f3 las \u201cIV Jornadas cient\u00edficas de Residentes: residencias de PBA en defensa del derecho a la salud\u201d, frente a un auditorio colmado de residentes, trabajadores y trabajadoras de la salud. \u201cEstas jornadas, este encuentro, son un elemento central para nosotros, nos llena de energ\u00eda, construir pol\u00edticas p\u00fablicas produce resultados\u201d, asegur\u00f3 el Ministro y agreg\u00f3: \u201cEs necesario encontrarnos, los invito tambi\u00e9n a que nos cuestionen a nosotros sobre c\u00f3mo hacemos para mejorar el sistema de salud\u201d.&nbsp;<\/p>\n\n\n\n<p>M\u00e1s tarde, el ministro Kreplak realiz\u00f3 una presentaci\u00f3n donde destac\u00f3 los avances del Plan Quinquenal de Salud que viene a estructurar las bases de la red bonaerense de atenci\u00f3n de la salud, creando fuerzas para aunar objetivos comunes y articulaci\u00f3n donde hoy existen esfuerzos aislados.&nbsp;<\/p>\n\n\n\n<p>\u201cEn la provincia de Buenos Aires hace algunos a\u00f1os, cuando comenzamos con estos congresos y conferencias, hace 4 a\u00f1os, dimos cuenta de una enorme inequidad. Hicimos un seguimiento estos a\u00f1os. En 2023 presentamos el Plan Quinquenal\u201d, detall\u00f3 Kreplak. \u201cHemos avanzado en la equidad de salud, un principio que no solo es innegociable para nuestra gesti\u00f3n sino que tambi\u00e9n define el esp\u00edritu de nuestro Plan Quinquenal. Es el resultado de inversi\u00f3n, planificaci\u00f3n y pol\u00edticas p\u00fablicas\u201d, destac\u00f3 y agreg\u00f3: \u201cNosotros queremos trabajar con gesti\u00f3n y con responsabilidad\u201d.&nbsp;<\/p>\n\n\n\n<p>Adem\u00e1s, el titular de la cartera sanitaria destac\u00f3 la importancia de los nodos de integraci\u00f3n y regulaci\u00f3n tanto municipales como regionales, como n\u00facleos que dialogan para resolver derivaciones en cada una de las 12 Regiones. \u201cEl Nodo Provincial ayud\u00f3 a fortalecer la red, orden\u00f3 la demanda y mejor\u00f3 el acceso a pr\u00e1cticas complejas\u201d, asegur\u00f3.&nbsp;<\/p>\n\n\n\n<p>Los principales desaf\u00edos para consolidar los NIRR son fortalecer la comunicaci\u00f3n, articular la red entre niveles y resolver barreras en la gesti\u00f3n territorial.&nbsp;<\/p>\n\n\n\n<p>Durante el acto, donde tambi\u00e9n estuvieron presentes directores y directoras de hospitales, Regiones Sanitarias y referentes de universidades, el Ministro entreg\u00f3 premios a trabajos presentados en la jornada de residentes del sistema p\u00fablico bonaerense.&nbsp;<\/p>\n\n\n\n<p>Este nuevo Congreso Provincial de Salud cuenta con m\u00e1s de 12 mil inscriptos, est\u00e1 organizado en 26 paneles y rondas de discusi\u00f3n interdisciplinaria, e incluye la presentaci\u00f3n de m\u00e1s de 2 mil trabajos presentados que compiten en tres categor\u00edas: presentaci\u00f3n de trabajos cient\u00edficos, relatos de experiencias y proyectos de integraci\u00f3n local.&nbsp;<\/p>\n\n\n\n<p>Adem\u00e1s, se desarrollan 15 talleres formativos, actividades espec\u00edficas para residentes, concurso fotogr\u00e1fico, Feria de salud con presencia de organizaciones e instituciones y la Expo de Innovaci\u00f3n y Desarrollo Tecnol\u00f3gico para la presentaci\u00f3n de proyectos destinados a mejorar la gesti\u00f3n, atenci\u00f3n y cuidado de la salud.&nbsp;<\/p>\n\n\n\n<p>Durante este nuevo encuentro, el d\u00eda martes el gobernador Axel Kicillof participar\u00e1 de la asamblea del Consejo de Salud Provincial, junto a intendentes de los 135 municipios de la Provincia y sus respectivos secretarios y secretarias de salud, para luego encabezar el acto de cierre junto al ministro Kreplak.&nbsp;<\/p>\n","protected":false},"excerpt":{"rendered":"<p>El ministro de Salud de la provincia de Buenos Aires, Nicol\u00e1s Kreplak, dio inicio hoy al Congreso Provincial de Salud<\/p>\n","protected":false},"author":3,"featured_media":6904,"comment_status":"open","ping_status":"open","sticky":false,"template":"","format":"standard","meta":{"colormag_page_container_layout":"default_layout","colormag_page_sidebar_layout":"default_layout","footnotes":""},"categories":[9,1,14],"tags":[],"class_list":["post-6900","post","type-post","status-publish","format-standard","has-post-thumbnail","hentry","category-5ta-seccion","category-destacadas","category-politica"],"yoast_head":"<!-- This site is optimized with the Yoast SEO plugin v27.5 - https:\/\/yoast.com\/product\/yoast-seo-wordpress\/ -->\n<title>Kreplak dio inicio al Congreso Provincial De Salud 2025\u00a0 - InfoPBA247<\/title>\n<meta name=\"robots\" content=\"index, follow, max-snippet:-1, max-image-preview:large, max-video-preview:-1\" \/>\n<link rel=\"canonical\" href=\"https:\/\/infopba247.com.ar\/index.php\/2025\/04\/29\/kreplak-dio-inicio-al-congreso-provincial-de-salud-2025\/\" \/>\n<meta property=\"og:locale\" content=\"es_ES\" \/>\n<meta property=\"og:type\" content=\"article\" \/>\n<meta property=\"og:title\" content=\"Kreplak dio inicio al Congreso Provincial De Salud 2025\u00a0 - InfoPBA247\" \/>\n<meta property=\"og:description\" content=\"El ministro de Salud de la provincia de Buenos Aires, Nicol\u00e1s Kreplak, dio inicio hoy al Congreso Provincial de Salud\" \/>\n<meta property=\"og:url\" content=\"https:\/\/infopba247.com.ar\/index.php\/2025\/04\/29\/kreplak-dio-inicio-al-congreso-provincial-de-salud-2025\/\" \/>\n<meta property=\"og:site_name\" content=\"InfoPBA247\" \/>\n<meta property=\"article:publisher\" content=\"https:\/\/www.facebook.com\/InfoPBA\" \/>\n<meta property=\"article:published_time\" content=\"2025-04-29T13:04:05+00:00\" \/>\n<meta property=\"article:modified_time\" content=\"2025-04-29T13:04:07+00:00\" \/>\n<meta property=\"og:image\" content=\"https:\/\/infopba247.com.ar\/wp-content\/uploads\/2025\/04\/COSAPRO3.jpg\" \/>\n\t<meta property=\"og:image:width\" content=\"1280\" \/>\n\t<meta property=\"og:image:height\" content=\"854\" \/>\n\t<meta property=\"og:image:type\" content=\"image\/jpeg\" \/>\n<meta name=\"author\" content=\"Editor\" \/>\n<meta name=\"twitter:card\" content=\"summary_large_image\" \/>\n<meta name=\"twitter:label1\" content=\"Escrito por\" \/>\n\t<meta name=\"twitter:data1\" content=\"Editor\" \/>\n\t<meta name=\"twitter:label2\" content=\"Tiempo de lectura\" \/>\n\t<meta name=\"twitter:data2\" content=\"3 minutos\" \/>\n<script type=\"application\/ld+json\" class=\"yoast-schema-graph\">{\"@context\":\"https:\\\/\\\/schema.org\",\"@graph\":[{\"@type\":\"Article\",\"@id\":\"https:\\\/\\\/infopba247.com.ar\\\/index.php\\\/2025\\\/04\\\/29\\\/kreplak-dio-inicio-al-congreso-provincial-de-salud-2025\\\/#article\",\"isPartOf\":{\"@id\":\"https:\\\/\\\/infopba247.com.ar\\\/index.php\\\/2025\\\/04\\\/29\\\/kreplak-dio-inicio-al-congreso-provincial-de-salud-2025\\\/\"},\"author\":{\"name\":\"Editor\",\"@id\":\"https:\\\/\\\/infopba247.com.ar\\\/#\\\/schema\\\/person\\\/4975f1343a413e57bf839b3eed0099f2\"},\"headline\":\"Kreplak dio inicio al Congreso Provincial De Salud 2025\u00a0\",\"datePublished\":\"2025-04-29T13:04:05+00:00\",\"dateModified\":\"2025-04-29T13:04:07+00:00\",\"mainEntityOfPage\":{\"@id\":\"https:\\\/\\\/infopba247.com.ar\\\/index.php\\\/2025\\\/04\\\/29\\\/kreplak-dio-inicio-al-congreso-provincial-de-salud-2025\\\/\"},\"wordCount\":574,\"commentCount\":0,\"publisher\":{\"@id\":\"https:\\\/\\\/infopba247.com.ar\\\/#organization\"},\"image\":{\"@id\":\"https:\\\/\\\/infopba247.com.ar\\\/index.php\\\/2025\\\/04\\\/29\\\/kreplak-dio-inicio-al-congreso-provincial-de-salud-2025\\\/#primaryimage\"},\"thumbnailUrl\":\"https:\\\/\\\/infopba247.com.ar\\\/wp-content\\\/uploads\\\/2025\\\/04\\\/COSAPRO3.jpg\",\"articleSection\":[\"5ta Secci\u00f3n\",\"Destacadas\",\"Pol\u00edtica\"],\"inLanguage\":\"es\",\"potentialAction\":[{\"@type\":\"CommentAction\",\"name\":\"Comment\",\"target\":[\"https:\\\/\\\/infopba247.com.ar\\\/index.php\\\/2025\\\/04\\\/29\\\/kreplak-dio-inicio-al-congreso-provincial-de-salud-2025\\\/#respond\"]}]},{\"@type\":\"WebPage\",\"@id\":\"https:\\\/\\\/infopba247.com.ar\\\/index.php\\\/2025\\\/04\\\/29\\\/kreplak-dio-inicio-al-congreso-provincial-de-salud-2025\\\/\",\"url\":\"https:\\\/\\\/infopba247.com.ar\\\/index.php\\\/2025\\\/04\\\/29\\\/kreplak-dio-inicio-al-congreso-provincial-de-salud-2025\\\/\",\"name\":\"Kreplak dio inicio al Congreso Provincial De Salud 2025\u00a0 - InfoPBA247\",\"isPartOf\":{\"@id\":\"https:\\\/\\\/infopba247.com.ar\\\/#website\"},\"primaryImageOfPage\":{\"@id\":\"https:\\\/\\\/infopba247.com.ar\\\/index.php\\\/2025\\\/04\\\/29\\\/kreplak-dio-inicio-al-congreso-provincial-de-salud-2025\\\/#primaryimage\"},\"image\":{\"@id\":\"https:\\\/\\\/infopba247.com.ar\\\/index.php\\\/2025\\\/04\\\/29\\\/kreplak-dio-inicio-al-congreso-provincial-de-salud-2025\\\/#primaryimage\"},\"thumbnailUrl\":\"https:\\\/\\\/infopba247.com.ar\\\/wp-content\\\/uploads\\\/2025\\\/04\\\/COSAPRO3.jpg\",\"datePublished\":\"2025-04-29T13:04:05+00:00\",\"dateModified\":\"2025-04-29T13:04:07+00:00\",\"breadcrumb\":{\"@id\":\"https:\\\/\\\/infopba247.com.ar\\\/index.php\\\/2025\\\/04\\\/29\\\/kreplak-dio-inicio-al-congreso-provincial-de-salud-2025\\\/#breadcrumb\"},\"inLanguage\":\"es\",\"potentialAction\":[{\"@type\":\"ReadAction\",\"target\":[\"https:\\\/\\\/infopba247.com.ar\\\/index.php\\\/2025\\\/04\\\/29\\\/kreplak-dio-inicio-al-congreso-provincial-de-salud-2025\\\/\"]}]},{\"@type\":\"ImageObject\",\"inLanguage\":\"es\",\"@id\":\"https:\\\/\\\/infopba247.com.ar\\\/index.php\\\/2025\\\/04\\\/29\\\/kreplak-dio-inicio-al-congreso-provincial-de-salud-2025\\\/#primaryimage\",\"url\":\"https:\\\/\\\/infopba247.com.ar\\\/wp-content\\\/uploads\\\/2025\\\/04\\\/COSAPRO3.jpg\",\"contentUrl\":\"https:\\\/\\\/infopba247.com.ar\\\/wp-content\\\/uploads\\\/2025\\\/04\\\/COSAPRO3.jpg\",\"width\":1280,\"height\":854},{\"@type\":\"BreadcrumbList\",\"@id\":\"https:\\\/\\\/infopba247.com.ar\\\/index.php\\\/2025\\\/04\\\/29\\\/kreplak-dio-inicio-al-congreso-provincial-de-salud-2025\\\/#breadcrumb\",\"itemListElement\":[{\"@type\":\"ListItem\",\"position\":1,\"name\":\"Portada\",\"item\":\"https:\\\/\\\/infopba247.com.ar\\\/\"},{\"@type\":\"ListItem\",\"position\":2,\"name\":\"Kreplak dio inicio al Congreso Provincial De Salud 2025\u00a0\"}]},{\"@type\":\"WebSite\",\"@id\":\"https:\\\/\\\/infopba247.com.ar\\\/#website\",\"url\":\"https:\\\/\\\/infopba247.com.ar\\\/\",\"name\":\"InfoPBA247\",\"description\":\"Toda la actualidad bonaerense\",\"publisher\":{\"@id\":\"https:\\\/\\\/infopba247.com.ar\\\/#organization\"},\"potentialAction\":[{\"@type\":\"SearchAction\",\"target\":{\"@type\":\"EntryPoint\",\"urlTemplate\":\"https:\\\/\\\/infopba247.com.ar\\\/?s={search_term_string}\"},\"query-input\":{\"@type\":\"PropertyValueSpecification\",\"valueRequired\":true,\"valueName\":\"search_term_string\"}}],\"inLanguage\":\"es\"},{\"@type\":\"Organization\",\"@id\":\"https:\\\/\\\/infopba247.com.ar\\\/#organization\",\"name\":\"InfoPBA247\",\"url\":\"https:\\\/\\\/infopba247.com.ar\\\/\",\"logo\":{\"@type\":\"ImageObject\",\"inLanguage\":\"es\",\"@id\":\"https:\\\/\\\/infopba247.com.ar\\\/#\\\/schema\\\/logo\\\/image\\\/\",\"url\":\"https:\\\/\\\/infopba247.com.ar\\\/wp-content\\\/uploads\\\/2022\\\/03\\\/cropped-InfoPBA247-1.png\",\"contentUrl\":\"https:\\\/\\\/infopba247.com.ar\\\/wp-content\\\/uploads\\\/2022\\\/03\\\/cropped-InfoPBA247-1.png\",\"width\":500,\"height\":122,\"caption\":\"InfoPBA247\"},\"image\":{\"@id\":\"https:\\\/\\\/infopba247.com.ar\\\/#\\\/schema\\\/logo\\\/image\\\/\"},\"sameAs\":[\"https:\\\/\\\/www.facebook.com\\\/InfoPBA\"]},{\"@type\":\"Person\",\"@id\":\"https:\\\/\\\/infopba247.com.ar\\\/#\\\/schema\\\/person\\\/4975f1343a413e57bf839b3eed0099f2\",\"name\":\"Editor\",\"image\":{\"@type\":\"ImageObject\",\"inLanguage\":\"es\",\"@id\":\"https:\\\/\\\/secure.gravatar.com\\\/avatar\\\/d27fe9520667ca53441d36627a1d6b0fa4a813571ec4803687a7a3a7744685ac?s=96&d=mm&r=g\",\"url\":\"https:\\\/\\\/secure.gravatar.com\\\/avatar\\\/d27fe9520667ca53441d36627a1d6b0fa4a813571ec4803687a7a3a7744685ac?s=96&d=mm&r=g\",\"contentUrl\":\"https:\\\/\\\/secure.gravatar.com\\\/avatar\\\/d27fe9520667ca53441d36627a1d6b0fa4a813571ec4803687a7a3a7744685ac?s=96&d=mm&r=g\",\"caption\":\"Editor\"},\"url\":\"https:\\\/\\\/infopba247.com.ar\\\/index.php\\\/author\\\/editor\\\/\"}]}<\/script>\n<!-- \/ Yoast SEO plugin. -->","yoast_head_json":{"title":"Kreplak dio inicio al Congreso Provincial De Salud 2025\u00a0 - InfoPBA247","robots":{"index":"index","follow":"follow","max-snippet":"max-snippet:-1","max-image-preview":"max-image-preview:large","max-video-preview":"max-video-preview:-1"},"canonical":"https:\/\/infopba247.com.ar\/index.php\/2025\/04\/29\/kreplak-dio-inicio-al-congreso-provincial-de-salud-2025\/","og_locale":"es_ES","og_type":"article","og_title":"Kreplak dio inicio al Congreso Provincial De Salud 2025\u00a0 - InfoPBA247","og_description":"El ministro de Salud de la provincia de Buenos Aires, Nicol\u00e1s Kreplak, dio inicio hoy al Congreso Provincial de Salud","og_url":"https:\/\/infopba247.com.ar\/index.php\/2025\/04\/29\/kreplak-dio-inicio-al-congreso-provincial-de-salud-2025\/","og_site_name":"InfoPBA247","article_publisher":"https:\/\/www.facebook.com\/InfoPBA","article_published_time":"2025-04-29T13:04:05+00:00","article_modified_time":"2025-04-29T13:04:07+00:00","og_image":[{"width":1280,"height":854,"url":"https:\/\/infopba247.com.ar\/wp-content\/uploads\/2025\/04\/COSAPRO3.jpg","type":"image\/jpeg"}],"author":"Editor","twitter_card":"summary_large_image","twitter_misc":{"Escrito por":"Editor","Tiempo de lectura":"3 minutos"},"schema":{"@context":"https:\/\/schema.org","@graph":[{"@type":"Article","@id":"https:\/\/infopba247.com.ar\/index.php\/2025\/04\/29\/kreplak-dio-inicio-al-congreso-provincial-de-salud-2025\/#article","isPartOf":{"@id":"https:\/\/infopba247.com.ar\/index.php\/2025\/04\/29\/kreplak-dio-inicio-al-congreso-provincial-de-salud-2025\/"},"author":{"name":"Editor","@id":"https:\/\/infopba247.com.ar\/#\/schema\/person\/4975f1343a413e57bf839b3eed0099f2"},"headline":"Kreplak dio inicio al Congreso Provincial De Salud 2025\u00a0","datePublished":"2025-04-29T13:04:05+00:00","dateModified":"2025-04-29T13:04:07+00:00","mainEntityOfPage":{"@id":"https:\/\/infopba247.com.ar\/index.php\/2025\/04\/29\/kreplak-dio-inicio-al-congreso-provincial-de-salud-2025\/"},"wordCount":574,"commentCount":0,"publisher":{"@id":"https:\/\/infopba247.com.ar\/#organization"},"image":{"@id":"https:\/\/infopba247.com.ar\/index.php\/2025\/04\/29\/kreplak-dio-inicio-al-congreso-provincial-de-salud-2025\/#primaryimage"},"thumbnailUrl":"https:\/\/infopba247.com.ar\/wp-content\/uploads\/2025\/04\/COSAPRO3.jpg","articleSection":["5ta Secci\u00f3n","Destacadas","Pol\u00edtica"],"inLanguage":"es","potentialAction":[{"@type":"CommentAction","name":"Comment","target":["https:\/\/infopba247.com.ar\/index.php\/2025\/04\/29\/kreplak-dio-inicio-al-congreso-provincial-de-salud-2025\/#respond"]}]},{"@type":"WebPage","@id":"https:\/\/infopba247.com.ar\/index.php\/2025\/04\/29\/kreplak-dio-inicio-al-congreso-provincial-de-salud-2025\/","url":"https:\/\/infopba247.com.ar\/index.php\/2025\/04\/29\/kreplak-dio-inicio-al-congreso-provincial-de-salud-2025\/","name":"Kreplak dio inicio al Congreso Provincial De Salud 2025\u00a0 - InfoPBA247","isPartOf":{"@id":"https:\/\/infopba247.com.ar\/#website"},"primaryImageOfPage":{"@id":"https:\/\/infopba247.com.ar\/index.php\/2025\/04\/29\/kreplak-dio-inicio-al-congreso-provincial-de-salud-2025\/#primaryimage"},"image":{"@id":"https:\/\/infopba247.com.ar\/index.php\/2025\/04\/29\/kreplak-dio-inicio-al-congreso-provincial-de-salud-2025\/#primaryimage"},"thumbnailUrl":"https:\/\/infopba247.com.ar\/wp-content\/uploads\/2025\/04\/COSAPRO3.jpg","datePublished":"2025-04-29T13:04:05+00:00","dateModified":"2025-04-29T13:04:07+00:00","breadcrumb":{"@id":"https:\/\/infopba247.com.ar\/index.php\/2025\/04\/29\/kreplak-dio-inicio-al-congreso-provincial-de-salud-2025\/#breadcrumb"},"inLanguage":"es","potentialAction":[{"@type":"ReadAction","target":["https:\/\/infopba247.com.ar\/index.php\/2025\/04\/29\/kreplak-dio-inicio-al-congreso-provincial-de-salud-2025\/"]}]},{"@type":"ImageObject","inLanguage":"es","@id":"https:\/\/infopba247.com.ar\/index.php\/2025\/04\/29\/kreplak-dio-inicio-al-congreso-provincial-de-salud-2025\/#primaryimage","url":"https:\/\/infopba247.com.ar\/wp-content\/uploads\/2025\/04\/COSAPRO3.jpg","contentUrl":"https:\/\/infopba247.com.ar\/wp-content\/uploads\/2025\/04\/COSAPRO3.jpg","width":1280,"height":854},{"@type":"BreadcrumbList","@id":"https:\/\/infopba247.com.ar\/index.php\/2025\/04\/29\/kreplak-dio-inicio-al-congreso-provincial-de-salud-2025\/#breadcrumb","itemListElement":[{"@type":"ListItem","position":1,"name":"Portada","item":"https:\/\/infopba247.com.ar\/"},{"@type":"ListItem","position":2,"name":"Kreplak dio inicio al Congreso Provincial De Salud 2025\u00a0"}]},{"@type":"WebSite","@id":"https:\/\/infopba247.com.ar\/#website","url":"https:\/\/infopba247.com.ar\/","name":"InfoPBA247","description":"Toda la actualidad bonaerense","publisher":{"@id":"https:\/\/infopba247.com.ar\/#organization"},"potentialAction":[{"@type":"SearchAction","target":{"@type":"EntryPoint","urlTemplate":"https:\/\/infopba247.com.ar\/?s={search_term_string}"},"query-input":{"@type":"PropertyValueSpecification","valueRequired":true,"valueName":"search_term_string"}}],"inLanguage":"es"},{"@type":"Organization","@id":"https:\/\/infopba247.com.ar\/#organization","name":"InfoPBA247","url":"https:\/\/infopba247.com.ar\/","logo":{"@type":"ImageObject","inLanguage":"es","@id":"https:\/\/infopba247.com.ar\/#\/schema\/logo\/image\/","url":"https:\/\/infopba247.com.ar\/wp-content\/uploads\/2022\/03\/cropped-InfoPBA247-1.png","contentUrl":"https:\/\/infopba247.com.ar\/wp-content\/uploads\/2022\/03\/cropped-InfoPBA247-1.png","width":500,"height":122,"caption":"InfoPBA247"},"image":{"@id":"https:\/\/infopba247.com.ar\/#\/schema\/logo\/image\/"},"sameAs":["https:\/\/www.facebook.com\/InfoPBA"]},{"@type":"Person","@id":"https:\/\/infopba247.com.ar\/#\/schema\/person\/4975f1343a413e57bf839b3eed0099f2","name":"Editor","image":{"@type":"ImageObject","inLanguage":"es","@id":"https:\/\/secure.gravatar.com\/avatar\/d27fe9520667ca53441d36627a1d6b0fa4a813571ec4803687a7a3a7744685ac?s=96&d=mm&r=g","url":"https:\/\/secure.gravatar.com\/avatar\/d27fe9520667ca53441d36627a1d6b0fa4a813571ec4803687a7a3a7744685ac?s=96&d=mm&r=g","contentUrl":"https:\/\/secure.gravatar.com\/avatar\/d27fe9520667ca53441d36627a1d6b0fa4a813571ec4803687a7a3a7744685ac?s=96&d=mm&r=g","caption":"Editor"},"url":"https:\/\/infopba247.com.ar\/index.php\/author\/editor\/"}]}},"_links":{"self":[{"href":"https:\/\/infopba247.com.ar\/index.php\/wp-json\/wp\/v2\/posts\/6900","targetHints":{"allow":["GET"]}}],"collection":[{"href":"https:\/\/infopba247.com.ar\/index.php\/wp-json\/wp\/v2\/posts"}],"about":[{"href":"https:\/\/infopba247.com.ar\/index.php\/wp-json\/wp\/v2\/types\/post"}],"author":[{"embeddable":true,"href":"https:\/\/infopba247.com.ar\/index.php\/wp-json\/wp\/v2\/users\/3"}],"replies":[{"embeddable":true,"href":"https:\/\/infopba247.com.ar\/index.php\/wp-json\/wp\/v2\/comments?post=6900"}],"version-history":[{"count":1,"href":"https:\/\/infopba247.com.ar\/index.php\/wp-json\/wp\/v2\/posts\/6900\/revisions"}],"predecessor-version":[{"id":6905,"href":"https:\/\/infopba247.com.ar\/index.php\/wp-json\/wp\/v2\/posts\/6900\/revisions\/6905"}],"wp:featuredmedia":[{"embeddable":true,"href":"https:\/\/infopba247.com.ar\/index.php\/wp-json\/wp\/v2\/media\/6904"}],"wp:attachment":[{"href":"https:\/\/infopba247.com.ar\/index.php\/wp-json\/wp\/v2\/media?parent=6900"}],"wp:term":[{"taxonomy":"category","embeddable":true,"href":"https:\/\/infopba247.com.ar\/index.php\/wp-json\/wp\/v2\/categories?post=6900"},{"taxonomy":"post_tag","embeddable":true,"href":"https:\/\/infopba247.com.ar\/index.php\/wp-json\/wp\/v2\/tags?post=6900"}],"curies":[{"name":"wp","href":"https:\/\/api.w.org\/{rel}","templated":true}]}}