{"id":6890,"date":"2025-04-28T10:02:05","date_gmt":"2025-04-28T13:02:05","guid":{"rendered":"https:\/\/infopba247.com.ar\/?p=6890"},"modified":"2025-04-28T10:08:22","modified_gmt":"2025-04-28T13:08:22","slug":"se-llevo-adelante-el-iv-congreso-politicas-para-la-igualdad-estado-presente-con-mas-de-2-300-participantes","status":"publish","type":"post","link":"https:\/\/infopba247.com.ar\/index.php\/2025\/04\/28\/se-llevo-adelante-el-iv-congreso-politicas-para-la-igualdad-estado-presente-con-mas-de-2-300-participantes\/","title":{"rendered":"Se llev\u00f3 adelante el IV Congreso \u201cPol\u00edticas para la igualdad. Estado Presente\u201d con m\u00e1s de 2.300 participantes\u00a0"},"content":{"rendered":"\n<p>El Ministerio de Mujeres y Diversidad de la provincia de Buenos Aires (MMyD) realiz\u00f3 el cuarto Congreso \u201cPol\u00edticas para la Igualdad. Estado presente\u201d en la Universidad Nacional de Luj\u00e1n. El gobernador Axel Kicillof y la ministra Estela D\u00edaz encabezaron el acto de apertura, junto a la jefa de Asesores, Cristina \u00c1lvarez Rodr\u00edguez, el intendente municipal, Leonardo Boto, y el rector de la Universidad, Walter Panessi. El encuentro se realiz\u00f3 el jueves 24 y viernes 25 de abril y recibi\u00f3 a m\u00e1s de 2.300 asistentes de la Provincia y todo el pa\u00eds en la ciudad de Luj\u00e1n.&nbsp;<\/p>\n\n\n\n<p>\u201cEste congreso invita a debatir, a reflexionar c\u00f3mo construir un Estado m\u00e1s eficaz, pero tambi\u00e9n nos deja en claro c\u00f3mo las pol\u00edticas que lleva adelante la Naci\u00f3n tienen consecuencias grav\u00edsimas en la vida de los y las argentinas\u201d afirm\u00f3 el Gobernador y agreg\u00f3: Eliminar la moratoria previsional que abarcaba principalmente a las mujeres o discontinuar las pol\u00edticas de violencia de g\u00e9nero o de salud sexual y reproductiva no es otra cosa que quitar derechos. En la provincia de Buenos Aires estamos convencidos de que el Estado s\u00ed debe dar respuestas, debe ampliar derechos, cumplir sue\u00f1os y trabajar comprometidamente por mayor igualdad\u201d.&nbsp;<\/p>\n\n\n\n<p>Por su parte, Estela D\u00edaz se\u00f1al\u00f3: \u201cEn tiempos donde las pol\u00edticas de crueldad, ajuste y los discursos de odio son promovidos por el Gobierno nacional, desde el \u00fanico Ministerio de Mujeres y Diversidad del pa\u00eds construimos m\u00e1s y mejor institucionalidad p\u00fablica para ampliar derechos. Tenemos el coraz\u00f3n con el Estado y creemos profundamente en construir una institucionalidad que nos trascienda. Este es nuestro compromiso con el presente y el futuro de la Argentina: mejorar la calidad de vida de las y los bonaerenses, porque la \u00fanica libertad que se puede construir, es en sociedad\u201d.&nbsp;<\/p>\n\n\n\n<p>Luego del acto de apertura, se desarrollaron distintas instancias de debate y participaci\u00f3n en las que se compartieron reflexiones y herramientas para fortalecer las pol\u00edticas p\u00fablicas destinadas a garantizar derechos y reducir las brechas de desigualdad que afectan a las mujeres y LGTBI+ bonaerenses. &nbsp;<\/p>\n\n\n\n<p>El primer panel se titul\u00f3 \u201cDerechos vs. Ultraderechas: la amenaza a las mujeres y diversidades en Argentina y en el mundo\u201d, donde disertaron la jefa de Asesores del Gobernador, Cristina \u00c1lvarez Rodr\u00edguez; la historiadora de Brasil, Paula Coradi; la activista transfeminista, Alba Rueda; y la fil\u00f3sofa Ver\u00f3nica Gago. El espacio fue moderado por la investigadora Gabriela Diker y permiti\u00f3 trazar un recorrido por las luchas de las mujeres y LGTBI+ en la regi\u00f3n y debatir sobre el contexto actual signado por discursos de odio y pr\u00e1cticas violentas promovidas por las ultraderechas. Pod\u00e9s ver el panel completo ac\u00e1.&nbsp;<\/p>\n\n\n\n<p>La primera actividad de la tarde fue la reuni\u00f3n del Consejo de Articulaci\u00f3n de Pol\u00edticas de G\u00e9nero y Diversidad Sexual con los Municipios que cont\u00f3 con la participaci\u00f3n de la ministra Estela D\u00edaz; la Jefa de Gabinete, Iris Pezzarini; la subsecretaria de Pol\u00edticas Transversales de G\u00e9nero del MMyD, Lidia Fern\u00e1ndez y la subsecretaria de Pol\u00edticas contra las Violencias por Razones de G\u00e9nero, Laurana Malacalza. All\u00ed, diversas autoridades y equipos de las \u00e1reas de g\u00e9nero locales compartieron sus experiencias de trabajo en el dise\u00f1o e implementaci\u00f3n de estrategias de abordaje y prevenci\u00f3n de las violencias por razones de g\u00e9nero. &nbsp;<\/p>\n\n\n\n<p>Tambi\u00e9n se realiz\u00f3 el Foro de Juventudes que recibi\u00f3 a m\u00e1s de 200 pibas y pibes de distintos \u00e1mbitos de la provincia de Buenos Aires y del pa\u00eds para debatir sobre los desaf\u00edos que se presentan en esta etapa, tales como el acceso al trabajo, la precariedad, los consumos problem\u00e1ticos, la salud mental y las estrategias para seguir construyendo un futuro m\u00e1s justo e igualitario.&nbsp;<\/p>\n\n\n\n<p>La primera jornada finaliz\u00f3 con un evento cultural que se destac\u00f3 por la participaci\u00f3n de copleras del taller de Canto Colectivo de Mujeres y Diversidades del municipio de Luj\u00e1n y la percusi\u00f3n del grupo Tamboreras Exaltadas, provenientes de Exaltaci\u00f3n de la Cruz y un gran PA\u00d1UELAZO en defensa de los derechos de las mujeres y LGTBI+ de nuestra Provincia y del pa\u00eds.&nbsp; &nbsp;<\/p>\n\n\n\n<p>El d\u00eda viernes 25 comenz\u00f3 con el Consejo de Pol\u00edticas de G\u00e9nero Transversales en la Administraci\u00f3n P\u00fablica que cont\u00f3 con la participaci\u00f3n de la ministra Estela D\u00edaz; la ministra de H\u00e1bitat y Desarrollo Urbano, Silvina Batakis; la Jefa de Gabinete, Iris Pezzarini; la subsecretaria de Pol\u00edticas Transversales de G\u00e9nero del MMyD, Lidia Fern\u00e1ndez y la subsecretaria de Pol\u00edticas contra las Violencias por Razones de G\u00e9nero, Laurana Malacalza. All\u00ed las autoridades y equipos de los organismos del Estado provincial pusieron en com\u00fan los avances realizados en materia de g\u00e9nero y diversidad y los desaf\u00edos para continuar fortaleciendo las pol\u00edticas p\u00fablicas con perspectiva de g\u00e9nero de manera articulada e integral.&nbsp;<\/p>\n\n\n\n<p>M\u00e1s tarde, se desarroll\u00f3 el panel central \u201cHacia la democratizaci\u00f3n de la econom\u00eda, el trabajo y la producci\u00f3n en la era de la IA: construyendo un futuro igualitario\u201d, con la exposici\u00f3n de la especialista en Pol\u00edticas de Empleo y G\u00e9nero de la OIT, Valeria Esquivel; la subsecretaria del Ministerio de Ambiente, Jackie Flores; la referenta del MOCASE V\u00eda Campesina, Deolinda Carrizo; y la economista y comunicadora, Candelaria Botto. El intercambio fue moderado por la ministra de H\u00e1bitat y Desarrollo Urbano, Silvina Batakis, y abord\u00f3 las dificultades que enfrentan las mujeres y LGTBI+ para el acceso al trabajo, a la tierra, a un ambiente sostenible, en un contexto en el que las transformaciones tecnol\u00f3gicas profundizan las desigualdades de g\u00e9nero. Tambi\u00e9n se intercambiaron estrategias posibles para garantizar mayores est\u00e1ndares de igualdad y ejercicio de los derechos.&nbsp;<\/p>\n\n\n\n<p>El Consejo Consultivo de Pol\u00edticas de G\u00e9nero y Diversidad Sexual cont\u00f3 con la participaci\u00f3n de la ministra Estela D\u00edaz; la directora ejecutiva de OPISU, Romina Barrios; la Jefa de Gabinete, Iris Pezzarini; la subsecretaria de Pol\u00edticas Transversales de G\u00e9nero del MMyD, Lidia Fern\u00e1ndez; la subsecretaria de Pol\u00edticas contra las Violencias por Razones de G\u00e9nero, Laurana Malacalza; y la subsecretaria T\u00e9cnica, Administrativa y Legal, Mercedes Castilla, quienes compartieron las l\u00edneas de trabajo del Gobierno provincial para articular con las organizaciones de la comunidad y fortalecer el trabajo territorial en materia de g\u00e9nero y diversidad. Tambi\u00e9n compartimos herramientas de educaci\u00f3n financiera en un encuentro a cargo de los equipos de Banco Provincia, FOGABA y CFI. &nbsp;<\/p>\n\n\n\n<p>En el Foro \u201cCumplimiento de la obligaci\u00f3n alimentaria: pol\u00edticas p\u00fablicas para el cambio social\u201d disertaron la subsecretaria de Pol\u00edticas de G\u00e9nero y Diversidad Sexual del MMyD, Luc\u00eda Portos; la senadora Provincial, Sof\u00eda Vanelli; y la soci\u00f3loga Luci Cavallero. Se compartieron los avances legislativos que, en la provincia de Buenos Aires, culminaron en la reciente sanci\u00f3n de las leyes N\u00ba 15.513 y 15.520 que facilitan los procesos judiciales de cumplimiento del pago de la obligaci\u00f3n alimentaria, una problem\u00e1tica que afecta a 7 de cada 10 mujeres bonaerenses con hijas e hijos seg\u00fan el informe \u201cIncumplimiento de la obligaci\u00f3n alimentaria en la Provincia de Buenos Aires\u201d realizado por el MMyD en el a\u00f1o 2022.&nbsp;<\/p>\n\n\n\n<p>En el Encuentro de la Red Federal \u201cFeminismos en Red: la Provincia de Buenos Aires dialoga con el pa\u00eds y la Patria Grande\u201d participaron la ministra Estela D\u00edaz; la historiadora feminista Dora Barrancos; la Jefa de Gabinete, Iris Pezzarini; la subsecretaria de Pol\u00edticas Transversales de G\u00e9nero del MMyD, Lidia Fern\u00e1ndez; la subsecretaria de Pol\u00edticas contra las Violencias por Razones de G\u00e9nero, Laurana Malacalza; y las integrantes de la Red Federal. Junto a referentas, sindicalistas, investigadoras, acad\u00e9micas, activistas, pol\u00edticas, entre otras \u00e1reas de pertenencia de la provincia de Buenos Aires y el pa\u00eds reflexionamos sobre las estrategias que permiten seguir sosteniendo una agenda de igualdad de g\u00e9nero y justicia social en este contexto de avance de las ultraderechas. &nbsp;<\/p>\n\n\n\n<p>El panel de cierre \u201cSentidos en disputa: cultura y g\u00e9nero ante la reacci\u00f3n conservadora\u201d tuvo como invitadas a la soci\u00f3loga e historiadora feminista, Dora Barrancos; la Dra. en Letras e investigadora del Conicet, Soledad Quereilhac; la conductora y activista por los DDHH, Flor de la V; la periodista y escritora Julia Mengolini; y la comunicadora y militante transfeminista, Paulina Dominguez. El espacio fue moderado por la ministra de Mujeres y Diversidad Estela D\u00edaz y permiti\u00f3 reflexionar acerca del adverso contexto que atraviesan las mujeres y diversidades en la provincia, el pa\u00eds y el mundo, al ser el blanco de ataque de las ultraderechas en la actualidad. Frente a ello, se compartieron perspectivas de futuro con organizaci\u00f3n y defensa de lo conquistado. Pod\u00e9s ver el panel completo ac\u00e1.&nbsp;<\/p>\n\n\n\n<p>A lo largo de las dos jornadas, se desarrollaron 21 mesas de trabajo simult\u00e1neas en las que se abord\u00f3 una gran variedad de temas vinculados a la perspectiva de g\u00e9nero y diversidad: violencias, acceso a derechos, cuidados, trabajo y producci\u00f3n, formaci\u00f3n para la igualdad, transversalizaci\u00f3n, espacio p\u00fablico e infraestructura, masculinidades, producci\u00f3n de conocimiento, pol\u00edticas p\u00fablicas de diversidad sexual, construcci\u00f3n de institucionalidad, entre otros. En total, se presentaron m\u00e1s de 200 ponencias de mujeres y LGTBI+ de nuestra Provincia y el pa\u00eds.&nbsp;<\/p>\n\n\n\n<p>En las diferentes actividades participaron funcionarias y funcionarios del gabinete provincial, autoridades de m\u00e1s de 90 municipios, representantes de varias provincias y de Uruguay, Brasil y Pa\u00eds Vasco, equipos de las \u00e1reas de g\u00e9nero de los municipios bonaerenses, referentas de sindicatos, mesas locales intersectoriales, observatorios, organizaciones sociales y comunitarias, colectivos feministas y de la diversidad, activistas, tesistas, investigadoras y muchas m\u00e1s.&nbsp;<\/p>\n\n\n\n<p>Durante las dos jornadas tambi\u00e9n se desarrollaron una feria de emprendedoras y stands sobre las diferentes pol\u00edticas p\u00fablicas impulsadas por el Gobierno de la provincia de Buenos Aires. Tambi\u00e9n se pudieron disfrutar muestras, actividades culturales y una radio abierta conducida por equipos de la Universidad Nacional de Luj\u00e1n. &nbsp;<\/p>\n\n\n\n<p>\u201cEste Congreso es una oportunidad para reflexionar, seguir organiz\u00e1ndonos y construir una alternativa. En la provincia de Buenos Aires lo hacemos con m\u00e1s Estado: el \u00fanico modo de construir un futuro con m\u00e1s igualdad, m\u00e1s democracia y m\u00e1s derechos\u201d concluy\u00f3 Estela D\u00edaz.&nbsp;<\/p>\n","protected":false},"excerpt":{"rendered":"<p>El Ministerio de Mujeres y Diversidad de la provincia de Buenos Aires (MMyD) realiz\u00f3 el cuarto Congreso \u201cPol\u00edticas para la<\/p>\n","protected":false},"author":3,"featured_media":6893,"comment_status":"open","ping_status":"open","sticky":false,"template":"","format":"standard","meta":{"colormag_page_container_layout":"default_layout","colormag_page_sidebar_layout":"default_layout","footnotes":""},"categories":[1,14],"tags":[],"class_list":["post-6890","post","type-post","status-publish","format-standard","has-post-thumbnail","hentry","category-destacadas","category-politica"],"yoast_head":"<!-- This site is optimized with the Yoast SEO plugin v27.5 - https:\/\/yoast.com\/product\/yoast-seo-wordpress\/ -->\n<title>Se llev\u00f3 adelante el IV Congreso \u201cPol\u00edticas para la igualdad. Estado Presente\u201d con m\u00e1s de 2.300 participantes\u00a0 - InfoPBA247<\/title>\n<meta name=\"robots\" content=\"index, follow, max-snippet:-1, max-image-preview:large, max-video-preview:-1\" \/>\n<link rel=\"canonical\" href=\"https:\/\/infopba247.com.ar\/index.php\/2025\/04\/28\/se-llevo-adelante-el-iv-congreso-politicas-para-la-igualdad-estado-presente-con-mas-de-2-300-participantes\/\" \/>\n<meta property=\"og:locale\" content=\"es_ES\" \/>\n<meta property=\"og:type\" content=\"article\" \/>\n<meta property=\"og:title\" content=\"Se llev\u00f3 adelante el IV Congreso \u201cPol\u00edticas para la igualdad. Estado Presente\u201d con m\u00e1s de 2.300 participantes\u00a0 - InfoPBA247\" \/>\n<meta property=\"og:description\" content=\"El Ministerio de Mujeres y Diversidad de la provincia de Buenos Aires (MMyD) realiz\u00f3 el cuarto Congreso \u201cPol\u00edticas para la\" \/>\n<meta property=\"og:url\" content=\"https:\/\/infopba247.com.ar\/index.php\/2025\/04\/28\/se-llevo-adelante-el-iv-congreso-politicas-para-la-igualdad-estado-presente-con-mas-de-2-300-participantes\/\" \/>\n<meta property=\"og:site_name\" content=\"InfoPBA247\" \/>\n<meta property=\"article:publisher\" content=\"https:\/\/www.facebook.com\/InfoPBA\" \/>\n<meta property=\"article:published_time\" content=\"2025-04-28T13:02:05+00:00\" \/>\n<meta property=\"article:modified_time\" content=\"2025-04-28T13:08:22+00:00\" \/>\n<meta property=\"og:image\" content=\"https:\/\/infopba247.com.ar\/wp-content\/uploads\/2025\/04\/WhatsApp-Image-2025-04-26-at-10.43.22.jpeg\" \/>\n\t<meta property=\"og:image:width\" content=\"1280\" \/>\n\t<meta property=\"og:image:height\" content=\"852\" \/>\n\t<meta property=\"og:image:type\" content=\"image\/jpeg\" \/>\n<meta name=\"author\" content=\"Editor\" \/>\n<meta name=\"twitter:card\" content=\"summary_large_image\" \/>\n<meta name=\"twitter:label1\" content=\"Escrito por\" \/>\n\t<meta name=\"twitter:data1\" content=\"Editor\" \/>\n\t<meta name=\"twitter:label2\" content=\"Tiempo de lectura\" \/>\n\t<meta name=\"twitter:data2\" content=\"8 minutos\" \/>\n<script type=\"application\/ld+json\" class=\"yoast-schema-graph\">{\"@context\":\"https:\\\/\\\/schema.org\",\"@graph\":[{\"@type\":\"Article\",\"@id\":\"https:\\\/\\\/infopba247.com.ar\\\/index.php\\\/2025\\\/04\\\/28\\\/se-llevo-adelante-el-iv-congreso-politicas-para-la-igualdad-estado-presente-con-mas-de-2-300-participantes\\\/#article\",\"isPartOf\":{\"@id\":\"https:\\\/\\\/infopba247.com.ar\\\/index.php\\\/2025\\\/04\\\/28\\\/se-llevo-adelante-el-iv-congreso-politicas-para-la-igualdad-estado-presente-con-mas-de-2-300-participantes\\\/\"},\"author\":{\"name\":\"Editor\",\"@id\":\"https:\\\/\\\/infopba247.com.ar\\\/#\\\/schema\\\/person\\\/4975f1343a413e57bf839b3eed0099f2\"},\"headline\":\"Se llev\u00f3 adelante el IV Congreso \u201cPol\u00edticas para la igualdad. Estado Presente\u201d con m\u00e1s de 2.300 participantes\u00a0\",\"datePublished\":\"2025-04-28T13:02:05+00:00\",\"dateModified\":\"2025-04-28T13:08:22+00:00\",\"mainEntityOfPage\":{\"@id\":\"https:\\\/\\\/infopba247.com.ar\\\/index.php\\\/2025\\\/04\\\/28\\\/se-llevo-adelante-el-iv-congreso-politicas-para-la-igualdad-estado-presente-con-mas-de-2-300-participantes\\\/\"},\"wordCount\":1790,\"commentCount\":0,\"publisher\":{\"@id\":\"https:\\\/\\\/infopba247.com.ar\\\/#organization\"},\"image\":{\"@id\":\"https:\\\/\\\/infopba247.com.ar\\\/index.php\\\/2025\\\/04\\\/28\\\/se-llevo-adelante-el-iv-congreso-politicas-para-la-igualdad-estado-presente-con-mas-de-2-300-participantes\\\/#primaryimage\"},\"thumbnailUrl\":\"https:\\\/\\\/infopba247.com.ar\\\/wp-content\\\/uploads\\\/2025\\\/04\\\/WhatsApp-Image-2025-04-26-at-10.43.22.jpeg\",\"articleSection\":[\"Destacadas\",\"Pol\u00edtica\"],\"inLanguage\":\"es\",\"potentialAction\":[{\"@type\":\"CommentAction\",\"name\":\"Comment\",\"target\":[\"https:\\\/\\\/infopba247.com.ar\\\/index.php\\\/2025\\\/04\\\/28\\\/se-llevo-adelante-el-iv-congreso-politicas-para-la-igualdad-estado-presente-con-mas-de-2-300-participantes\\\/#respond\"]}]},{\"@type\":\"WebPage\",\"@id\":\"https:\\\/\\\/infopba247.com.ar\\\/index.php\\\/2025\\\/04\\\/28\\\/se-llevo-adelante-el-iv-congreso-politicas-para-la-igualdad-estado-presente-con-mas-de-2-300-participantes\\\/\",\"url\":\"https:\\\/\\\/infopba247.com.ar\\\/index.php\\\/2025\\\/04\\\/28\\\/se-llevo-adelante-el-iv-congreso-politicas-para-la-igualdad-estado-presente-con-mas-de-2-300-participantes\\\/\",\"name\":\"Se llev\u00f3 adelante el IV Congreso \u201cPol\u00edticas para la igualdad. Estado Presente\u201d con m\u00e1s de 2.300 participantes\u00a0 - InfoPBA247\",\"isPartOf\":{\"@id\":\"https:\\\/\\\/infopba247.com.ar\\\/#website\"},\"primaryImageOfPage\":{\"@id\":\"https:\\\/\\\/infopba247.com.ar\\\/index.php\\\/2025\\\/04\\\/28\\\/se-llevo-adelante-el-iv-congreso-politicas-para-la-igualdad-estado-presente-con-mas-de-2-300-participantes\\\/#primaryimage\"},\"image\":{\"@id\":\"https:\\\/\\\/infopba247.com.ar\\\/index.php\\\/2025\\\/04\\\/28\\\/se-llevo-adelante-el-iv-congreso-politicas-para-la-igualdad-estado-presente-con-mas-de-2-300-participantes\\\/#primaryimage\"},\"thumbnailUrl\":\"https:\\\/\\\/infopba247.com.ar\\\/wp-content\\\/uploads\\\/2025\\\/04\\\/WhatsApp-Image-2025-04-26-at-10.43.22.jpeg\",\"datePublished\":\"2025-04-28T13:02:05+00:00\",\"dateModified\":\"2025-04-28T13:08:22+00:00\",\"breadcrumb\":{\"@id\":\"https:\\\/\\\/infopba247.com.ar\\\/index.php\\\/2025\\\/04\\\/28\\\/se-llevo-adelante-el-iv-congreso-politicas-para-la-igualdad-estado-presente-con-mas-de-2-300-participantes\\\/#breadcrumb\"},\"inLanguage\":\"es\",\"potentialAction\":[{\"@type\":\"ReadAction\",\"target\":[\"https:\\\/\\\/infopba247.com.ar\\\/index.php\\\/2025\\\/04\\\/28\\\/se-llevo-adelante-el-iv-congreso-politicas-para-la-igualdad-estado-presente-con-mas-de-2-300-participantes\\\/\"]}]},{\"@type\":\"ImageObject\",\"inLanguage\":\"es\",\"@id\":\"https:\\\/\\\/infopba247.com.ar\\\/index.php\\\/2025\\\/04\\\/28\\\/se-llevo-adelante-el-iv-congreso-politicas-para-la-igualdad-estado-presente-con-mas-de-2-300-participantes\\\/#primaryimage\",\"url\":\"https:\\\/\\\/infopba247.com.ar\\\/wp-content\\\/uploads\\\/2025\\\/04\\\/WhatsApp-Image-2025-04-26-at-10.43.22.jpeg\",\"contentUrl\":\"https:\\\/\\\/infopba247.com.ar\\\/wp-content\\\/uploads\\\/2025\\\/04\\\/WhatsApp-Image-2025-04-26-at-10.43.22.jpeg\",\"width\":1280,\"height\":852},{\"@type\":\"BreadcrumbList\",\"@id\":\"https:\\\/\\\/infopba247.com.ar\\\/index.php\\\/2025\\\/04\\\/28\\\/se-llevo-adelante-el-iv-congreso-politicas-para-la-igualdad-estado-presente-con-mas-de-2-300-participantes\\\/#breadcrumb\",\"itemListElement\":[{\"@type\":\"ListItem\",\"position\":1,\"name\":\"Portada\",\"item\":\"https:\\\/\\\/infopba247.com.ar\\\/\"},{\"@type\":\"ListItem\",\"position\":2,\"name\":\"Se llev\u00f3 adelante el IV Congreso \u201cPol\u00edticas para la igualdad. Estado Presente\u201d con m\u00e1s de 2.300 participantes\u00a0\"}]},{\"@type\":\"WebSite\",\"@id\":\"https:\\\/\\\/infopba247.com.ar\\\/#website\",\"url\":\"https:\\\/\\\/infopba247.com.ar\\\/\",\"name\":\"InfoPBA247\",\"description\":\"Toda la actualidad bonaerense\",\"publisher\":{\"@id\":\"https:\\\/\\\/infopba247.com.ar\\\/#organization\"},\"potentialAction\":[{\"@type\":\"SearchAction\",\"target\":{\"@type\":\"EntryPoint\",\"urlTemplate\":\"https:\\\/\\\/infopba247.com.ar\\\/?s={search_term_string}\"},\"query-input\":{\"@type\":\"PropertyValueSpecification\",\"valueRequired\":true,\"valueName\":\"search_term_string\"}}],\"inLanguage\":\"es\"},{\"@type\":\"Organization\",\"@id\":\"https:\\\/\\\/infopba247.com.ar\\\/#organization\",\"name\":\"InfoPBA247\",\"url\":\"https:\\\/\\\/infopba247.com.ar\\\/\",\"logo\":{\"@type\":\"ImageObject\",\"inLanguage\":\"es\",\"@id\":\"https:\\\/\\\/infopba247.com.ar\\\/#\\\/schema\\\/logo\\\/image\\\/\",\"url\":\"https:\\\/\\\/infopba247.com.ar\\\/wp-content\\\/uploads\\\/2022\\\/03\\\/cropped-InfoPBA247-1.png\",\"contentUrl\":\"https:\\\/\\\/infopba247.com.ar\\\/wp-content\\\/uploads\\\/2022\\\/03\\\/cropped-InfoPBA247-1.png\",\"width\":500,\"height\":122,\"caption\":\"InfoPBA247\"},\"image\":{\"@id\":\"https:\\\/\\\/infopba247.com.ar\\\/#\\\/schema\\\/logo\\\/image\\\/\"},\"sameAs\":[\"https:\\\/\\\/www.facebook.com\\\/InfoPBA\"]},{\"@type\":\"Person\",\"@id\":\"https:\\\/\\\/infopba247.com.ar\\\/#\\\/schema\\\/person\\\/4975f1343a413e57bf839b3eed0099f2\",\"name\":\"Editor\",\"image\":{\"@type\":\"ImageObject\",\"inLanguage\":\"es\",\"@id\":\"https:\\\/\\\/secure.gravatar.com\\\/avatar\\\/d27fe9520667ca53441d36627a1d6b0fa4a813571ec4803687a7a3a7744685ac?s=96&d=mm&r=g\",\"url\":\"https:\\\/\\\/secure.gravatar.com\\\/avatar\\\/d27fe9520667ca53441d36627a1d6b0fa4a813571ec4803687a7a3a7744685ac?s=96&d=mm&r=g\",\"contentUrl\":\"https:\\\/\\\/secure.gravatar.com\\\/avatar\\\/d27fe9520667ca53441d36627a1d6b0fa4a813571ec4803687a7a3a7744685ac?s=96&d=mm&r=g\",\"caption\":\"Editor\"},\"url\":\"https:\\\/\\\/infopba247.com.ar\\\/index.php\\\/author\\\/editor\\\/\"}]}<\/script>\n<!-- \/ Yoast SEO plugin. -->","yoast_head_json":{"title":"Se llev\u00f3 adelante el IV Congreso \u201cPol\u00edticas para la igualdad. Estado Presente\u201d con m\u00e1s de 2.300 participantes\u00a0 - InfoPBA247","robots":{"index":"index","follow":"follow","max-snippet":"max-snippet:-1","max-image-preview":"max-image-preview:large","max-video-preview":"max-video-preview:-1"},"canonical":"https:\/\/infopba247.com.ar\/index.php\/2025\/04\/28\/se-llevo-adelante-el-iv-congreso-politicas-para-la-igualdad-estado-presente-con-mas-de-2-300-participantes\/","og_locale":"es_ES","og_type":"article","og_title":"Se llev\u00f3 adelante el IV Congreso \u201cPol\u00edticas para la igualdad. Estado Presente\u201d con m\u00e1s de 2.300 participantes\u00a0 - InfoPBA247","og_description":"El Ministerio de Mujeres y Diversidad de la provincia de Buenos Aires (MMyD) realiz\u00f3 el cuarto Congreso \u201cPol\u00edticas para la","og_url":"https:\/\/infopba247.com.ar\/index.php\/2025\/04\/28\/se-llevo-adelante-el-iv-congreso-politicas-para-la-igualdad-estado-presente-con-mas-de-2-300-participantes\/","og_site_name":"InfoPBA247","article_publisher":"https:\/\/www.facebook.com\/InfoPBA","article_published_time":"2025-04-28T13:02:05+00:00","article_modified_time":"2025-04-28T13:08:22+00:00","og_image":[{"width":1280,"height":852,"url":"https:\/\/infopba247.com.ar\/wp-content\/uploads\/2025\/04\/WhatsApp-Image-2025-04-26-at-10.43.22.jpeg","type":"image\/jpeg"}],"author":"Editor","twitter_card":"summary_large_image","twitter_misc":{"Escrito por":"Editor","Tiempo de lectura":"8 minutos"},"schema":{"@context":"https:\/\/schema.org","@graph":[{"@type":"Article","@id":"https:\/\/infopba247.com.ar\/index.php\/2025\/04\/28\/se-llevo-adelante-el-iv-congreso-politicas-para-la-igualdad-estado-presente-con-mas-de-2-300-participantes\/#article","isPartOf":{"@id":"https:\/\/infopba247.com.ar\/index.php\/2025\/04\/28\/se-llevo-adelante-el-iv-congreso-politicas-para-la-igualdad-estado-presente-con-mas-de-2-300-participantes\/"},"author":{"name":"Editor","@id":"https:\/\/infopba247.com.ar\/#\/schema\/person\/4975f1343a413e57bf839b3eed0099f2"},"headline":"Se llev\u00f3 adelante el IV Congreso \u201cPol\u00edticas para la igualdad. Estado Presente\u201d con m\u00e1s de 2.300 participantes\u00a0","datePublished":"2025-04-28T13:02:05+00:00","dateModified":"2025-04-28T13:08:22+00:00","mainEntityOfPage":{"@id":"https:\/\/infopba247.com.ar\/index.php\/2025\/04\/28\/se-llevo-adelante-el-iv-congreso-politicas-para-la-igualdad-estado-presente-con-mas-de-2-300-participantes\/"},"wordCount":1790,"commentCount":0,"publisher":{"@id":"https:\/\/infopba247.com.ar\/#organization"},"image":{"@id":"https:\/\/infopba247.com.ar\/index.php\/2025\/04\/28\/se-llevo-adelante-el-iv-congreso-politicas-para-la-igualdad-estado-presente-con-mas-de-2-300-participantes\/#primaryimage"},"thumbnailUrl":"https:\/\/infopba247.com.ar\/wp-content\/uploads\/2025\/04\/WhatsApp-Image-2025-04-26-at-10.43.22.jpeg","articleSection":["Destacadas","Pol\u00edtica"],"inLanguage":"es","potentialAction":[{"@type":"CommentAction","name":"Comment","target":["https:\/\/infopba247.com.ar\/index.php\/2025\/04\/28\/se-llevo-adelante-el-iv-congreso-politicas-para-la-igualdad-estado-presente-con-mas-de-2-300-participantes\/#respond"]}]},{"@type":"WebPage","@id":"https:\/\/infopba247.com.ar\/index.php\/2025\/04\/28\/se-llevo-adelante-el-iv-congreso-politicas-para-la-igualdad-estado-presente-con-mas-de-2-300-participantes\/","url":"https:\/\/infopba247.com.ar\/index.php\/2025\/04\/28\/se-llevo-adelante-el-iv-congreso-politicas-para-la-igualdad-estado-presente-con-mas-de-2-300-participantes\/","name":"Se llev\u00f3 adelante el IV Congreso \u201cPol\u00edticas para la igualdad. Estado Presente\u201d con m\u00e1s de 2.300 participantes\u00a0 - InfoPBA247","isPartOf":{"@id":"https:\/\/infopba247.com.ar\/#website"},"primaryImageOfPage":{"@id":"https:\/\/infopba247.com.ar\/index.php\/2025\/04\/28\/se-llevo-adelante-el-iv-congreso-politicas-para-la-igualdad-estado-presente-con-mas-de-2-300-participantes\/#primaryimage"},"image":{"@id":"https:\/\/infopba247.com.ar\/index.php\/2025\/04\/28\/se-llevo-adelante-el-iv-congreso-politicas-para-la-igualdad-estado-presente-con-mas-de-2-300-participantes\/#primaryimage"},"thumbnailUrl":"https:\/\/infopba247.com.ar\/wp-content\/uploads\/2025\/04\/WhatsApp-Image-2025-04-26-at-10.43.22.jpeg","datePublished":"2025-04-28T13:02:05+00:00","dateModified":"2025-04-28T13:08:22+00:00","breadcrumb":{"@id":"https:\/\/infopba247.com.ar\/index.php\/2025\/04\/28\/se-llevo-adelante-el-iv-congreso-politicas-para-la-igualdad-estado-presente-con-mas-de-2-300-participantes\/#breadcrumb"},"inLanguage":"es","potentialAction":[{"@type":"ReadAction","target":["https:\/\/infopba247.com.ar\/index.php\/2025\/04\/28\/se-llevo-adelante-el-iv-congreso-politicas-para-la-igualdad-estado-presente-con-mas-de-2-300-participantes\/"]}]},{"@type":"ImageObject","inLanguage":"es","@id":"https:\/\/infopba247.com.ar\/index.php\/2025\/04\/28\/se-llevo-adelante-el-iv-congreso-politicas-para-la-igualdad-estado-presente-con-mas-de-2-300-participantes\/#primaryimage","url":"https:\/\/infopba247.com.ar\/wp-content\/uploads\/2025\/04\/WhatsApp-Image-2025-04-26-at-10.43.22.jpeg","contentUrl":"https:\/\/infopba247.com.ar\/wp-content\/uploads\/2025\/04\/WhatsApp-Image-2025-04-26-at-10.43.22.jpeg","width":1280,"height":852},{"@type":"BreadcrumbList","@id":"https:\/\/infopba247.com.ar\/index.php\/2025\/04\/28\/se-llevo-adelante-el-iv-congreso-politicas-para-la-igualdad-estado-presente-con-mas-de-2-300-participantes\/#breadcrumb","itemListElement":[{"@type":"ListItem","position":1,"name":"Portada","item":"https:\/\/infopba247.com.ar\/"},{"@type":"ListItem","position":2,"name":"Se llev\u00f3 adelante el IV Congreso \u201cPol\u00edticas para la igualdad. Estado Presente\u201d con m\u00e1s de 2.300 participantes\u00a0"}]},{"@type":"WebSite","@id":"https:\/\/infopba247.com.ar\/#website","url":"https:\/\/infopba247.com.ar\/","name":"InfoPBA247","description":"Toda la actualidad bonaerense","publisher":{"@id":"https:\/\/infopba247.com.ar\/#organization"},"potentialAction":[{"@type":"SearchAction","target":{"@type":"EntryPoint","urlTemplate":"https:\/\/infopba247.com.ar\/?s={search_term_string}"},"query-input":{"@type":"PropertyValueSpecification","valueRequired":true,"valueName":"search_term_string"}}],"inLanguage":"es"},{"@type":"Organization","@id":"https:\/\/infopba247.com.ar\/#organization","name":"InfoPBA247","url":"https:\/\/infopba247.com.ar\/","logo":{"@type":"ImageObject","inLanguage":"es","@id":"https:\/\/infopba247.com.ar\/#\/schema\/logo\/image\/","url":"https:\/\/infopba247.com.ar\/wp-content\/uploads\/2022\/03\/cropped-InfoPBA247-1.png","contentUrl":"https:\/\/infopba247.com.ar\/wp-content\/uploads\/2022\/03\/cropped-InfoPBA247-1.png","width":500,"height":122,"caption":"InfoPBA247"},"image":{"@id":"https:\/\/infopba247.com.ar\/#\/schema\/logo\/image\/"},"sameAs":["https:\/\/www.facebook.com\/InfoPBA"]},{"@type":"Person","@id":"https:\/\/infopba247.com.ar\/#\/schema\/person\/4975f1343a413e57bf839b3eed0099f2","name":"Editor","image":{"@type":"ImageObject","inLanguage":"es","@id":"https:\/\/secure.gravatar.com\/avatar\/d27fe9520667ca53441d36627a1d6b0fa4a813571ec4803687a7a3a7744685ac?s=96&d=mm&r=g","url":"https:\/\/secure.gravatar.com\/avatar\/d27fe9520667ca53441d36627a1d6b0fa4a813571ec4803687a7a3a7744685ac?s=96&d=mm&r=g","contentUrl":"https:\/\/secure.gravatar.com\/avatar\/d27fe9520667ca53441d36627a1d6b0fa4a813571ec4803687a7a3a7744685ac?s=96&d=mm&r=g","caption":"Editor"},"url":"https:\/\/infopba247.com.ar\/index.php\/author\/editor\/"}]}},"_links":{"self":[{"href":"https:\/\/infopba247.com.ar\/index.php\/wp-json\/wp\/v2\/posts\/6890","targetHints":{"allow":["GET"]}}],"collection":[{"href":"https:\/\/infopba247.com.ar\/index.php\/wp-json\/wp\/v2\/posts"}],"about":[{"href":"https:\/\/infopba247.com.ar\/index.php\/wp-json\/wp\/v2\/types\/post"}],"author":[{"embeddable":true,"href":"https:\/\/infopba247.com.ar\/index.php\/wp-json\/wp\/v2\/users\/3"}],"replies":[{"embeddable":true,"href":"https:\/\/infopba247.com.ar\/index.php\/wp-json\/wp\/v2\/comments?post=6890"}],"version-history":[{"count":1,"href":"https:\/\/infopba247.com.ar\/index.php\/wp-json\/wp\/v2\/posts\/6890\/revisions"}],"predecessor-version":[{"id":6894,"href":"https:\/\/infopba247.com.ar\/index.php\/wp-json\/wp\/v2\/posts\/6890\/revisions\/6894"}],"wp:featuredmedia":[{"embeddable":true,"href":"https:\/\/infopba247.com.ar\/index.php\/wp-json\/wp\/v2\/media\/6893"}],"wp:attachment":[{"href":"https:\/\/infopba247.com.ar\/index.php\/wp-json\/wp\/v2\/media?parent=6890"}],"wp:term":[{"taxonomy":"category","embeddable":true,"href":"https:\/\/infopba247.com.ar\/index.php\/wp-json\/wp\/v2\/categories?post=6890"},{"taxonomy":"post_tag","embeddable":true,"href":"https:\/\/infopba247.com.ar\/index.php\/wp-json\/wp\/v2\/tags?post=6890"}],"curies":[{"name":"wp","href":"https:\/\/api.w.org\/{rel}","templated":true}]}}