{"id":6872,"date":"2025-04-24T09:58:40","date_gmt":"2025-04-24T12:58:40","guid":{"rendered":"https:\/\/infopba247.com.ar\/?p=6872"},"modified":"2025-04-24T09:58:41","modified_gmt":"2025-04-24T12:58:41","slug":"la-paralizacion-de-la-obra-publica-por-parte-del-gobierno-nacional-es-una-decision-criminal","status":"publish","type":"post","link":"https:\/\/infopba247.com.ar\/index.php\/2025\/04\/24\/la-paralizacion-de-la-obra-publica-por-parte-del-gobierno-nacional-es-una-decision-criminal\/","title":{"rendered":"\u201cLa paralizaci\u00f3n de la obra p\u00fablica por parte del Gobierno nacional es una decisi\u00f3n criminal\u00bb\u00a0"},"content":{"rendered":"\n<p>\u201cVenimos a denunciar las terribles consecuencias que provocan las pol\u00edticas de ajuste y desinversi\u00f3n del Gobierno nacional: el parate en obras educativas, de salud o de infraestructura social b\u00e1sica es una decisi\u00f3n criminal\u201d, afirm\u00f3 este mi\u00e9rcoles el gobernador Axel Kicillof al encabezar un acto en la Universidad de San Mart\u00edn, junto al ministro de Infraestructura y Servicios P\u00fablicos, Gabriel Katopodis; la ministra de H\u00e1bitat y Desarrollo Urbano, Silvina Batakis; el intendente local, Fernando Moreira; y el rector de la casa de estudios, Carlos Greco.&nbsp;<\/p>\n\n\n\n<p>\u00abLa obra p\u00fablica es un c\u00edrculo virtuoso, se produce algo que va a traer bienestar y al mismo tiempo genera trabajo, producci\u00f3n,&nbsp; industria nacional, una movilizaci\u00f3n enorme que permite generar m\u00e1s consumo. El \u00fanico que no lo entiende es Milei\u00bb, afirm\u00f3 el Gobernador.&nbsp;<\/p>\n\n\n\n<p>\u201cEl plan que lleva adelante el Presidente no tiene nada de novedoso ni de liberal libertario: es un modelo de redistribuci\u00f3n regresiva, de saqueo a los sectores populares y productivos y de recursos que se distribuyen hacia una peque\u00f1a minor\u00eda que se llena de plata\u201d, sostuvo el Gobernador y agreg\u00f3: \u201cComo su programa inicial no funcion\u00f3 ahora acudi\u00f3 al FMI: un plan de ajuste y endeudamiento con el Fondo Monetario Internacional es lo peor que le puede ocurrir a la Argentina. Celebran como un logro algo que es una derrota\u201d.&nbsp;<\/p>\n\n\n\n<p>El acto se llev\u00f3 a cabo frente a la Torre de Innovaci\u00f3n Cient\u00edfico-Acad\u00e9mica (TICA), una de las obras reactivadas por el Gobierno provincial luego de haber sido paralizada por Naci\u00f3n. A partir de una inversi\u00f3n de $3.685 millones, se realizar\u00e1 el cierre total de la envolvente del edificio de 10 pisos, tareas de pintura, impermeabilizaci\u00f3n y colocaci\u00f3n de pluviales. Asimismo, al cumplirse 500 d\u00edas sin obra p\u00fablica nacional, el Gobernador junto a intendentes bonaerenses y de otras provincias suscribieron un documento en contra del ajuste y abandono del Gobierno nacional, que ser\u00e1 presentado en la Comisi\u00f3n de Obra P\u00fablica de la C\u00e1mara de Diputados de la Naci\u00f3n.&nbsp;<\/p>\n\n\n\n<p>Por su parte, Katopodis manifest\u00f3: \u201cHace casi dos a\u00f1os que no se realizan obras de infraestructura nacionales en nuestro pa\u00eds, no tienen precedentes. Este acto es un gesto testimonial para marcar que no vamos a bajar los brazos cuando se trata de la decisi\u00f3n del pa\u00eds que queremos\u201d. \u201cParalizar la obra p\u00fablica no es gratis: se destruyen fuentes de trabajo, de producci\u00f3n y se pierde una gran oportunidad de desarrollo\u201d, agreg\u00f3.&nbsp;<\/p>\n\n\n\n<p>En tanto, Batakis remarc\u00f3: \u201cContinuar las obras que ten\u00edamos programadas en la Provincia y reactivar otras que dej\u00f3 paradas el Gobierno nacional es exclusivamente una decisi\u00f3n pol\u00edtica: en materia de h\u00e1bitat, llevamos adelante la construcci\u00f3n de 8 mil viviendas y continuaremos adem\u00e1s con 2 mil que abandon\u00f3 la Naci\u00f3n\u201d. \u201cParalizar la obra p\u00fablica no es gratis: se destruyen fuentes de trabajo y producci\u00f3n, se dejan cientos de pibes y pibas sin escuela, se pierden las oportunidades del desarrollo\u201d&nbsp;<\/p>\n\n\n\n<p>A su vez, el rector de la UNSAM, Carlos Greco, subray\u00f3: \u201cAcceder a la universidad p\u00fablica es un factor clave de movilidad social ascendente, por eso gracias al esfuerzo del Estado provincial se est\u00e1 reactivando esta obra con un valor no s\u00f3lo edilicio, sino tambi\u00e9n institucional: ac\u00e1 vamos a construir masas de nuevos cient\u00edficos e investigadores, nuevos profesores, mayores ambientes de estudio y accesibilidad para la comunidad\u201d.&nbsp;<\/p>\n","protected":false},"excerpt":{"rendered":"<p>\u201cVenimos a denunciar las terribles consecuencias que provocan las pol\u00edticas de ajuste y desinversi\u00f3n del Gobierno nacional: el parate en<\/p>\n","protected":false},"author":3,"featured_media":6868,"comment_status":"open","ping_status":"open","sticky":false,"template":"","format":"standard","meta":{"colormag_page_container_layout":"default_layout","colormag_page_sidebar_layout":"default_layout","footnotes":""},"categories":[1,14],"tags":[],"class_list":["post-6872","post","type-post","status-publish","format-standard","has-post-thumbnail","hentry","category-destacadas","category-politica"],"yoast_head":"<!-- This site is optimized with the Yoast SEO plugin v27.5 - https:\/\/yoast.com\/product\/yoast-seo-wordpress\/ -->\n<title>\u201cLa paralizaci\u00f3n de la obra p\u00fablica por parte del Gobierno nacional es una decisi\u00f3n criminal\u00bb\u00a0 - InfoPBA247<\/title>\n<meta name=\"robots\" content=\"index, follow, max-snippet:-1, max-image-preview:large, max-video-preview:-1\" \/>\n<link rel=\"canonical\" href=\"https:\/\/infopba247.com.ar\/index.php\/2025\/04\/24\/la-paralizacion-de-la-obra-publica-por-parte-del-gobierno-nacional-es-una-decision-criminal\/\" \/>\n<meta property=\"og:locale\" content=\"es_ES\" \/>\n<meta property=\"og:type\" content=\"article\" \/>\n<meta property=\"og:title\" content=\"\u201cLa paralizaci\u00f3n de la obra p\u00fablica por parte del Gobierno nacional es una decisi\u00f3n criminal\u00bb\u00a0 - InfoPBA247\" \/>\n<meta property=\"og:description\" content=\"\u201cVenimos a denunciar las terribles consecuencias que provocan las pol\u00edticas de ajuste y desinversi\u00f3n del Gobierno nacional: el parate en\" \/>\n<meta property=\"og:url\" content=\"https:\/\/infopba247.com.ar\/index.php\/2025\/04\/24\/la-paralizacion-de-la-obra-publica-por-parte-del-gobierno-nacional-es-una-decision-criminal\/\" \/>\n<meta property=\"og:site_name\" content=\"InfoPBA247\" \/>\n<meta property=\"article:publisher\" content=\"https:\/\/www.facebook.com\/InfoPBA\" \/>\n<meta property=\"article:published_time\" content=\"2025-04-24T12:58:40+00:00\" \/>\n<meta property=\"article:modified_time\" content=\"2025-04-24T12:58:41+00:00\" \/>\n<meta property=\"og:image\" content=\"https:\/\/infopba247.com.ar\/wp-content\/uploads\/2025\/04\/IMG_05002-scaled.jpg\" \/>\n\t<meta property=\"og:image:width\" content=\"2560\" \/>\n\t<meta property=\"og:image:height\" content=\"1706\" \/>\n\t<meta property=\"og:image:type\" content=\"image\/jpeg\" \/>\n<meta name=\"author\" content=\"Editor\" \/>\n<meta name=\"twitter:card\" content=\"summary_large_image\" \/>\n<meta name=\"twitter:label1\" content=\"Escrito por\" \/>\n\t<meta name=\"twitter:data1\" content=\"Editor\" \/>\n\t<meta name=\"twitter:label2\" content=\"Tiempo de lectura\" \/>\n\t<meta name=\"twitter:data2\" content=\"3 minutos\" \/>\n<script type=\"application\/ld+json\" class=\"yoast-schema-graph\">{\"@context\":\"https:\\\/\\\/schema.org\",\"@graph\":[{\"@type\":\"Article\",\"@id\":\"https:\\\/\\\/infopba247.com.ar\\\/index.php\\\/2025\\\/04\\\/24\\\/la-paralizacion-de-la-obra-publica-por-parte-del-gobierno-nacional-es-una-decision-criminal\\\/#article\",\"isPartOf\":{\"@id\":\"https:\\\/\\\/infopba247.com.ar\\\/index.php\\\/2025\\\/04\\\/24\\\/la-paralizacion-de-la-obra-publica-por-parte-del-gobierno-nacional-es-una-decision-criminal\\\/\"},\"author\":{\"name\":\"Editor\",\"@id\":\"https:\\\/\\\/infopba247.com.ar\\\/#\\\/schema\\\/person\\\/4975f1343a413e57bf839b3eed0099f2\"},\"headline\":\"\u201cLa paralizaci\u00f3n de la obra p\u00fablica por parte del Gobierno nacional es una decisi\u00f3n criminal\u00bb\u00a0\",\"datePublished\":\"2025-04-24T12:58:40+00:00\",\"dateModified\":\"2025-04-24T12:58:41+00:00\",\"mainEntityOfPage\":{\"@id\":\"https:\\\/\\\/infopba247.com.ar\\\/index.php\\\/2025\\\/04\\\/24\\\/la-paralizacion-de-la-obra-publica-por-parte-del-gobierno-nacional-es-una-decision-criminal\\\/\"},\"wordCount\":609,\"commentCount\":0,\"publisher\":{\"@id\":\"https:\\\/\\\/infopba247.com.ar\\\/#organization\"},\"image\":{\"@id\":\"https:\\\/\\\/infopba247.com.ar\\\/index.php\\\/2025\\\/04\\\/24\\\/la-paralizacion-de-la-obra-publica-por-parte-del-gobierno-nacional-es-una-decision-criminal\\\/#primaryimage\"},\"thumbnailUrl\":\"https:\\\/\\\/infopba247.com.ar\\\/wp-content\\\/uploads\\\/2025\\\/04\\\/IMG_05002-scaled.jpg\",\"articleSection\":[\"Destacadas\",\"Pol\u00edtica\"],\"inLanguage\":\"es\",\"potentialAction\":[{\"@type\":\"CommentAction\",\"name\":\"Comment\",\"target\":[\"https:\\\/\\\/infopba247.com.ar\\\/index.php\\\/2025\\\/04\\\/24\\\/la-paralizacion-de-la-obra-publica-por-parte-del-gobierno-nacional-es-una-decision-criminal\\\/#respond\"]}]},{\"@type\":\"WebPage\",\"@id\":\"https:\\\/\\\/infopba247.com.ar\\\/index.php\\\/2025\\\/04\\\/24\\\/la-paralizacion-de-la-obra-publica-por-parte-del-gobierno-nacional-es-una-decision-criminal\\\/\",\"url\":\"https:\\\/\\\/infopba247.com.ar\\\/index.php\\\/2025\\\/04\\\/24\\\/la-paralizacion-de-la-obra-publica-por-parte-del-gobierno-nacional-es-una-decision-criminal\\\/\",\"name\":\"\u201cLa paralizaci\u00f3n de la obra p\u00fablica por parte del Gobierno nacional es una decisi\u00f3n criminal\u00bb\u00a0 - InfoPBA247\",\"isPartOf\":{\"@id\":\"https:\\\/\\\/infopba247.com.ar\\\/#website\"},\"primaryImageOfPage\":{\"@id\":\"https:\\\/\\\/infopba247.com.ar\\\/index.php\\\/2025\\\/04\\\/24\\\/la-paralizacion-de-la-obra-publica-por-parte-del-gobierno-nacional-es-una-decision-criminal\\\/#primaryimage\"},\"image\":{\"@id\":\"https:\\\/\\\/infopba247.com.ar\\\/index.php\\\/2025\\\/04\\\/24\\\/la-paralizacion-de-la-obra-publica-por-parte-del-gobierno-nacional-es-una-decision-criminal\\\/#primaryimage\"},\"thumbnailUrl\":\"https:\\\/\\\/infopba247.com.ar\\\/wp-content\\\/uploads\\\/2025\\\/04\\\/IMG_05002-scaled.jpg\",\"datePublished\":\"2025-04-24T12:58:40+00:00\",\"dateModified\":\"2025-04-24T12:58:41+00:00\",\"breadcrumb\":{\"@id\":\"https:\\\/\\\/infopba247.com.ar\\\/index.php\\\/2025\\\/04\\\/24\\\/la-paralizacion-de-la-obra-publica-por-parte-del-gobierno-nacional-es-una-decision-criminal\\\/#breadcrumb\"},\"inLanguage\":\"es\",\"potentialAction\":[{\"@type\":\"ReadAction\",\"target\":[\"https:\\\/\\\/infopba247.com.ar\\\/index.php\\\/2025\\\/04\\\/24\\\/la-paralizacion-de-la-obra-publica-por-parte-del-gobierno-nacional-es-una-decision-criminal\\\/\"]}]},{\"@type\":\"ImageObject\",\"inLanguage\":\"es\",\"@id\":\"https:\\\/\\\/infopba247.com.ar\\\/index.php\\\/2025\\\/04\\\/24\\\/la-paralizacion-de-la-obra-publica-por-parte-del-gobierno-nacional-es-una-decision-criminal\\\/#primaryimage\",\"url\":\"https:\\\/\\\/infopba247.com.ar\\\/wp-content\\\/uploads\\\/2025\\\/04\\\/IMG_05002-scaled.jpg\",\"contentUrl\":\"https:\\\/\\\/infopba247.com.ar\\\/wp-content\\\/uploads\\\/2025\\\/04\\\/IMG_05002-scaled.jpg\",\"width\":2560,\"height\":1706,\"caption\":\"default\"},{\"@type\":\"BreadcrumbList\",\"@id\":\"https:\\\/\\\/infopba247.com.ar\\\/index.php\\\/2025\\\/04\\\/24\\\/la-paralizacion-de-la-obra-publica-por-parte-del-gobierno-nacional-es-una-decision-criminal\\\/#breadcrumb\",\"itemListElement\":[{\"@type\":\"ListItem\",\"position\":1,\"name\":\"Portada\",\"item\":\"https:\\\/\\\/infopba247.com.ar\\\/\"},{\"@type\":\"ListItem\",\"position\":2,\"name\":\"\u201cLa paralizaci\u00f3n de la obra p\u00fablica por parte del Gobierno nacional es una decisi\u00f3n criminal\u00bb\u00a0\"}]},{\"@type\":\"WebSite\",\"@id\":\"https:\\\/\\\/infopba247.com.ar\\\/#website\",\"url\":\"https:\\\/\\\/infopba247.com.ar\\\/\",\"name\":\"InfoPBA247\",\"description\":\"Toda la actualidad bonaerense\",\"publisher\":{\"@id\":\"https:\\\/\\\/infopba247.com.ar\\\/#organization\"},\"potentialAction\":[{\"@type\":\"SearchAction\",\"target\":{\"@type\":\"EntryPoint\",\"urlTemplate\":\"https:\\\/\\\/infopba247.com.ar\\\/?s={search_term_string}\"},\"query-input\":{\"@type\":\"PropertyValueSpecification\",\"valueRequired\":true,\"valueName\":\"search_term_string\"}}],\"inLanguage\":\"es\"},{\"@type\":\"Organization\",\"@id\":\"https:\\\/\\\/infopba247.com.ar\\\/#organization\",\"name\":\"InfoPBA247\",\"url\":\"https:\\\/\\\/infopba247.com.ar\\\/\",\"logo\":{\"@type\":\"ImageObject\",\"inLanguage\":\"es\",\"@id\":\"https:\\\/\\\/infopba247.com.ar\\\/#\\\/schema\\\/logo\\\/image\\\/\",\"url\":\"https:\\\/\\\/infopba247.com.ar\\\/wp-content\\\/uploads\\\/2022\\\/03\\\/cropped-InfoPBA247-1.png\",\"contentUrl\":\"https:\\\/\\\/infopba247.com.ar\\\/wp-content\\\/uploads\\\/2022\\\/03\\\/cropped-InfoPBA247-1.png\",\"width\":500,\"height\":122,\"caption\":\"InfoPBA247\"},\"image\":{\"@id\":\"https:\\\/\\\/infopba247.com.ar\\\/#\\\/schema\\\/logo\\\/image\\\/\"},\"sameAs\":[\"https:\\\/\\\/www.facebook.com\\\/InfoPBA\"]},{\"@type\":\"Person\",\"@id\":\"https:\\\/\\\/infopba247.com.ar\\\/#\\\/schema\\\/person\\\/4975f1343a413e57bf839b3eed0099f2\",\"name\":\"Editor\",\"image\":{\"@type\":\"ImageObject\",\"inLanguage\":\"es\",\"@id\":\"https:\\\/\\\/secure.gravatar.com\\\/avatar\\\/d27fe9520667ca53441d36627a1d6b0fa4a813571ec4803687a7a3a7744685ac?s=96&d=mm&r=g\",\"url\":\"https:\\\/\\\/secure.gravatar.com\\\/avatar\\\/d27fe9520667ca53441d36627a1d6b0fa4a813571ec4803687a7a3a7744685ac?s=96&d=mm&r=g\",\"contentUrl\":\"https:\\\/\\\/secure.gravatar.com\\\/avatar\\\/d27fe9520667ca53441d36627a1d6b0fa4a813571ec4803687a7a3a7744685ac?s=96&d=mm&r=g\",\"caption\":\"Editor\"},\"url\":\"https:\\\/\\\/infopba247.com.ar\\\/index.php\\\/author\\\/editor\\\/\"}]}<\/script>\n<!-- \/ Yoast SEO plugin. -->","yoast_head_json":{"title":"\u201cLa paralizaci\u00f3n de la obra p\u00fablica por parte del Gobierno nacional es una decisi\u00f3n criminal\u00bb\u00a0 - InfoPBA247","robots":{"index":"index","follow":"follow","max-snippet":"max-snippet:-1","max-image-preview":"max-image-preview:large","max-video-preview":"max-video-preview:-1"},"canonical":"https:\/\/infopba247.com.ar\/index.php\/2025\/04\/24\/la-paralizacion-de-la-obra-publica-por-parte-del-gobierno-nacional-es-una-decision-criminal\/","og_locale":"es_ES","og_type":"article","og_title":"\u201cLa paralizaci\u00f3n de la obra p\u00fablica por parte del Gobierno nacional es una decisi\u00f3n criminal\u00bb\u00a0 - InfoPBA247","og_description":"\u201cVenimos a denunciar las terribles consecuencias que provocan las pol\u00edticas de ajuste y desinversi\u00f3n del Gobierno nacional: el parate en","og_url":"https:\/\/infopba247.com.ar\/index.php\/2025\/04\/24\/la-paralizacion-de-la-obra-publica-por-parte-del-gobierno-nacional-es-una-decision-criminal\/","og_site_name":"InfoPBA247","article_publisher":"https:\/\/www.facebook.com\/InfoPBA","article_published_time":"2025-04-24T12:58:40+00:00","article_modified_time":"2025-04-24T12:58:41+00:00","og_image":[{"width":2560,"height":1706,"url":"https:\/\/infopba247.com.ar\/wp-content\/uploads\/2025\/04\/IMG_05002-scaled.jpg","type":"image\/jpeg"}],"author":"Editor","twitter_card":"summary_large_image","twitter_misc":{"Escrito por":"Editor","Tiempo de lectura":"3 minutos"},"schema":{"@context":"https:\/\/schema.org","@graph":[{"@type":"Article","@id":"https:\/\/infopba247.com.ar\/index.php\/2025\/04\/24\/la-paralizacion-de-la-obra-publica-por-parte-del-gobierno-nacional-es-una-decision-criminal\/#article","isPartOf":{"@id":"https:\/\/infopba247.com.ar\/index.php\/2025\/04\/24\/la-paralizacion-de-la-obra-publica-por-parte-del-gobierno-nacional-es-una-decision-criminal\/"},"author":{"name":"Editor","@id":"https:\/\/infopba247.com.ar\/#\/schema\/person\/4975f1343a413e57bf839b3eed0099f2"},"headline":"\u201cLa paralizaci\u00f3n de la obra p\u00fablica por parte del Gobierno nacional es una decisi\u00f3n criminal\u00bb\u00a0","datePublished":"2025-04-24T12:58:40+00:00","dateModified":"2025-04-24T12:58:41+00:00","mainEntityOfPage":{"@id":"https:\/\/infopba247.com.ar\/index.php\/2025\/04\/24\/la-paralizacion-de-la-obra-publica-por-parte-del-gobierno-nacional-es-una-decision-criminal\/"},"wordCount":609,"commentCount":0,"publisher":{"@id":"https:\/\/infopba247.com.ar\/#organization"},"image":{"@id":"https:\/\/infopba247.com.ar\/index.php\/2025\/04\/24\/la-paralizacion-de-la-obra-publica-por-parte-del-gobierno-nacional-es-una-decision-criminal\/#primaryimage"},"thumbnailUrl":"https:\/\/infopba247.com.ar\/wp-content\/uploads\/2025\/04\/IMG_05002-scaled.jpg","articleSection":["Destacadas","Pol\u00edtica"],"inLanguage":"es","potentialAction":[{"@type":"CommentAction","name":"Comment","target":["https:\/\/infopba247.com.ar\/index.php\/2025\/04\/24\/la-paralizacion-de-la-obra-publica-por-parte-del-gobierno-nacional-es-una-decision-criminal\/#respond"]}]},{"@type":"WebPage","@id":"https:\/\/infopba247.com.ar\/index.php\/2025\/04\/24\/la-paralizacion-de-la-obra-publica-por-parte-del-gobierno-nacional-es-una-decision-criminal\/","url":"https:\/\/infopba247.com.ar\/index.php\/2025\/04\/24\/la-paralizacion-de-la-obra-publica-por-parte-del-gobierno-nacional-es-una-decision-criminal\/","name":"\u201cLa paralizaci\u00f3n de la obra p\u00fablica por parte del Gobierno nacional es una decisi\u00f3n criminal\u00bb\u00a0 - InfoPBA247","isPartOf":{"@id":"https:\/\/infopba247.com.ar\/#website"},"primaryImageOfPage":{"@id":"https:\/\/infopba247.com.ar\/index.php\/2025\/04\/24\/la-paralizacion-de-la-obra-publica-por-parte-del-gobierno-nacional-es-una-decision-criminal\/#primaryimage"},"image":{"@id":"https:\/\/infopba247.com.ar\/index.php\/2025\/04\/24\/la-paralizacion-de-la-obra-publica-por-parte-del-gobierno-nacional-es-una-decision-criminal\/#primaryimage"},"thumbnailUrl":"https:\/\/infopba247.com.ar\/wp-content\/uploads\/2025\/04\/IMG_05002-scaled.jpg","datePublished":"2025-04-24T12:58:40+00:00","dateModified":"2025-04-24T12:58:41+00:00","breadcrumb":{"@id":"https:\/\/infopba247.com.ar\/index.php\/2025\/04\/24\/la-paralizacion-de-la-obra-publica-por-parte-del-gobierno-nacional-es-una-decision-criminal\/#breadcrumb"},"inLanguage":"es","potentialAction":[{"@type":"ReadAction","target":["https:\/\/infopba247.com.ar\/index.php\/2025\/04\/24\/la-paralizacion-de-la-obra-publica-por-parte-del-gobierno-nacional-es-una-decision-criminal\/"]}]},{"@type":"ImageObject","inLanguage":"es","@id":"https:\/\/infopba247.com.ar\/index.php\/2025\/04\/24\/la-paralizacion-de-la-obra-publica-por-parte-del-gobierno-nacional-es-una-decision-criminal\/#primaryimage","url":"https:\/\/infopba247.com.ar\/wp-content\/uploads\/2025\/04\/IMG_05002-scaled.jpg","contentUrl":"https:\/\/infopba247.com.ar\/wp-content\/uploads\/2025\/04\/IMG_05002-scaled.jpg","width":2560,"height":1706,"caption":"default"},{"@type":"BreadcrumbList","@id":"https:\/\/infopba247.com.ar\/index.php\/2025\/04\/24\/la-paralizacion-de-la-obra-publica-por-parte-del-gobierno-nacional-es-una-decision-criminal\/#breadcrumb","itemListElement":[{"@type":"ListItem","position":1,"name":"Portada","item":"https:\/\/infopba247.com.ar\/"},{"@type":"ListItem","position":2,"name":"\u201cLa paralizaci\u00f3n de la obra p\u00fablica por parte del Gobierno nacional es una decisi\u00f3n criminal\u00bb\u00a0"}]},{"@type":"WebSite","@id":"https:\/\/infopba247.com.ar\/#website","url":"https:\/\/infopba247.com.ar\/","name":"InfoPBA247","description":"Toda la actualidad bonaerense","publisher":{"@id":"https:\/\/infopba247.com.ar\/#organization"},"potentialAction":[{"@type":"SearchAction","target":{"@type":"EntryPoint","urlTemplate":"https:\/\/infopba247.com.ar\/?s={search_term_string}"},"query-input":{"@type":"PropertyValueSpecification","valueRequired":true,"valueName":"search_term_string"}}],"inLanguage":"es"},{"@type":"Organization","@id":"https:\/\/infopba247.com.ar\/#organization","name":"InfoPBA247","url":"https:\/\/infopba247.com.ar\/","logo":{"@type":"ImageObject","inLanguage":"es","@id":"https:\/\/infopba247.com.ar\/#\/schema\/logo\/image\/","url":"https:\/\/infopba247.com.ar\/wp-content\/uploads\/2022\/03\/cropped-InfoPBA247-1.png","contentUrl":"https:\/\/infopba247.com.ar\/wp-content\/uploads\/2022\/03\/cropped-InfoPBA247-1.png","width":500,"height":122,"caption":"InfoPBA247"},"image":{"@id":"https:\/\/infopba247.com.ar\/#\/schema\/logo\/image\/"},"sameAs":["https:\/\/www.facebook.com\/InfoPBA"]},{"@type":"Person","@id":"https:\/\/infopba247.com.ar\/#\/schema\/person\/4975f1343a413e57bf839b3eed0099f2","name":"Editor","image":{"@type":"ImageObject","inLanguage":"es","@id":"https:\/\/secure.gravatar.com\/avatar\/d27fe9520667ca53441d36627a1d6b0fa4a813571ec4803687a7a3a7744685ac?s=96&d=mm&r=g","url":"https:\/\/secure.gravatar.com\/avatar\/d27fe9520667ca53441d36627a1d6b0fa4a813571ec4803687a7a3a7744685ac?s=96&d=mm&r=g","contentUrl":"https:\/\/secure.gravatar.com\/avatar\/d27fe9520667ca53441d36627a1d6b0fa4a813571ec4803687a7a3a7744685ac?s=96&d=mm&r=g","caption":"Editor"},"url":"https:\/\/infopba247.com.ar\/index.php\/author\/editor\/"}]}},"_links":{"self":[{"href":"https:\/\/infopba247.com.ar\/index.php\/wp-json\/wp\/v2\/posts\/6872","targetHints":{"allow":["GET"]}}],"collection":[{"href":"https:\/\/infopba247.com.ar\/index.php\/wp-json\/wp\/v2\/posts"}],"about":[{"href":"https:\/\/infopba247.com.ar\/index.php\/wp-json\/wp\/v2\/types\/post"}],"author":[{"embeddable":true,"href":"https:\/\/infopba247.com.ar\/index.php\/wp-json\/wp\/v2\/users\/3"}],"replies":[{"embeddable":true,"href":"https:\/\/infopba247.com.ar\/index.php\/wp-json\/wp\/v2\/comments?post=6872"}],"version-history":[{"count":1,"href":"https:\/\/infopba247.com.ar\/index.php\/wp-json\/wp\/v2\/posts\/6872\/revisions"}],"predecessor-version":[{"id":6873,"href":"https:\/\/infopba247.com.ar\/index.php\/wp-json\/wp\/v2\/posts\/6872\/revisions\/6873"}],"wp:featuredmedia":[{"embeddable":true,"href":"https:\/\/infopba247.com.ar\/index.php\/wp-json\/wp\/v2\/media\/6868"}],"wp:attachment":[{"href":"https:\/\/infopba247.com.ar\/index.php\/wp-json\/wp\/v2\/media?parent=6872"}],"wp:term":[{"taxonomy":"category","embeddable":true,"href":"https:\/\/infopba247.com.ar\/index.php\/wp-json\/wp\/v2\/categories?post=6872"},{"taxonomy":"post_tag","embeddable":true,"href":"https:\/\/infopba247.com.ar\/index.php\/wp-json\/wp\/v2\/tags?post=6872"}],"curies":[{"name":"wp","href":"https:\/\/api.w.org\/{rel}","templated":true}]}}