{"id":6852,"date":"2025-04-22T09:46:28","date_gmt":"2025-04-22T12:46:28","guid":{"rendered":"https:\/\/infopba247.com.ar\/?p=6852"},"modified":"2025-04-23T09:47:24","modified_gmt":"2025-04-23T12:47:24","slug":"fernando-moreira-lanzo-la-5a-edicion-del-programa-conectar-de-nuevo","status":"publish","type":"post","link":"https:\/\/infopba247.com.ar\/index.php\/2025\/04\/22\/fernando-moreira-lanzo-la-5a-edicion-del-programa-conectar-de-nuevo\/","title":{"rendered":"Fernando Moreira lanz\u00f3 la 5\u00aa edici\u00f3n del programa Conectar De Nuevo"},"content":{"rendered":"\n<p>El Municipio de San Mart\u00edn dio inicio a la 5\u00b0 edici\u00f3n del programa Conectar de Nuevo, que cuenta con 21 puntos de apoyo escolar distribuidos en distintos barrios de la ciudad.<\/p>\n\n\n\n<p>En el marco del lanzamiento, el intendente Fernando Moreira visit\u00f3 la sede ubicada en el Polideportivo Uni\u00f3n Vecinal de Barrio Sarmiento, donde explic\u00f3: \u201cEs una iniciativa que lanzamos despu\u00e9s de la pandemia, para que cada estudiante de primaria y secundaria pudiera recuperar contenidos y recibir acompa\u00f1amiento\u201d.<\/p>\n\n\n\n<p>Y agreg\u00f3: \u201cCuatro a\u00f1os despu\u00e9s seguimos sosteniendo este y cada uno de los programas educativos que tenemos al servicio de la comunidad, porque a pesar de las dificultades econ\u00f3micas que nos impone el gobierno nacional, a nosotros s\u00ed nos importa la educaci\u00f3n p\u00fablica\u201d.<\/p>\n\n\n\n<p>Conectar de Nuevo consta de una red de espacios educativos, donde cada a\u00f1o docentes y promotores capacitados brindan apoyo escolar y acompa\u00f1amiento afectivo para fortalecer los contenidos pedag\u00f3gicos a trav\u00e9s de un abordaje integral.<\/p>\n\n\n\n<p>A cada uno de los puntos asisten estudiantes de nivel primario y secundario que necesitan recuperar contenidos, reforzar los aprendizajes o acompa\u00f1amiento para las tareas escolares.<\/p>\n\n\n\n<p>Est\u00e1n ubicados en sedes municipales, de organizaciones o instituciones de diferentes barrios, principalmente en zonas de mayor vulnerabilidad socioecon\u00f3mica. Las clases se dan los martes y jueves, de 16 a 19.<\/p>\n\n\n\n<p>Conectar de Nuevo se complementa adem\u00e1s con el programa de reinserci\u00f3n escolar \u00abVolv\u00e9 a la Escuela\u00bb, a trav\u00e9s del cual cientos de voluntarios y voluntarias salen todos los a\u00f1os a buscar a personas que hayan abandonado sus estudios para que los retomen. Desde 2012, m\u00e1s de 22 mil vecinas y vecinos ya lo lograron.<\/p>\n\n\n\n<p>Por otra parte, contin\u00faan los programas municipales Haciendo Escuela y Buen Comienzo, a trav\u00e9s de los cuales se realizan mejoras edilicias, jornadas de acondicionamiento de las escuelas y jardines p\u00fablicos, y entrega de kits de \u00fatiles escolares.<\/p>\n","protected":false},"excerpt":{"rendered":"<p>El Municipio de San Mart\u00edn dio inicio a la 5\u00b0 edici\u00f3n del programa Conectar de Nuevo, que cuenta con 21<\/p>\n","protected":false},"author":3,"featured_media":6848,"comment_status":"open","ping_status":"open","sticky":false,"template":"","format":"standard","meta":{"colormag_page_container_layout":"default_layout","colormag_page_sidebar_layout":"default_layout","footnotes":""},"categories":[5,1,14],"tags":[],"class_list":["post-6852","post","type-post","status-publish","format-standard","has-post-thumbnail","hentry","category-1ra-seccion","category-destacadas","category-politica"],"yoast_head":"<!-- This site is optimized with the Yoast SEO plugin v27.5 - https:\/\/yoast.com\/product\/yoast-seo-wordpress\/ -->\n<title>Fernando Moreira lanz\u00f3 la 5\u00aa edici\u00f3n del programa Conectar De Nuevo - InfoPBA247<\/title>\n<meta name=\"robots\" content=\"index, follow, max-snippet:-1, max-image-preview:large, max-video-preview:-1\" \/>\n<link rel=\"canonical\" href=\"https:\/\/infopba247.com.ar\/index.php\/2025\/04\/22\/fernando-moreira-lanzo-la-5a-edicion-del-programa-conectar-de-nuevo\/\" \/>\n<meta property=\"og:locale\" content=\"es_ES\" \/>\n<meta property=\"og:type\" content=\"article\" \/>\n<meta property=\"og:title\" content=\"Fernando Moreira lanz\u00f3 la 5\u00aa edici\u00f3n del programa Conectar De Nuevo - InfoPBA247\" \/>\n<meta property=\"og:description\" content=\"El Municipio de San Mart\u00edn dio inicio a la 5\u00b0 edici\u00f3n del programa Conectar de Nuevo, que cuenta con 21\" \/>\n<meta property=\"og:url\" content=\"https:\/\/infopba247.com.ar\/index.php\/2025\/04\/22\/fernando-moreira-lanzo-la-5a-edicion-del-programa-conectar-de-nuevo\/\" \/>\n<meta property=\"og:site_name\" content=\"InfoPBA247\" \/>\n<meta property=\"article:publisher\" content=\"https:\/\/www.facebook.com\/InfoPBA\" \/>\n<meta property=\"article:published_time\" content=\"2025-04-22T12:46:28+00:00\" \/>\n<meta property=\"article:modified_time\" content=\"2025-04-23T12:47:24+00:00\" \/>\n<meta property=\"og:image\" content=\"https:\/\/infopba247.com.ar\/wp-content\/uploads\/2025\/04\/Fernando-Moreira-lanzo-la-5a-edicion-del-programa-Conectar-De-Nuevo-scaled.jpeg\" \/>\n\t<meta property=\"og:image:width\" content=\"2560\" \/>\n\t<meta property=\"og:image:height\" content=\"1708\" \/>\n\t<meta property=\"og:image:type\" content=\"image\/jpeg\" \/>\n<meta name=\"author\" content=\"Editor\" \/>\n<meta name=\"twitter:card\" content=\"summary_large_image\" \/>\n<meta name=\"twitter:label1\" content=\"Escrito por\" \/>\n\t<meta name=\"twitter:data1\" content=\"Editor\" \/>\n\t<meta name=\"twitter:label2\" content=\"Tiempo de lectura\" \/>\n\t<meta name=\"twitter:data2\" content=\"2 minutos\" \/>\n<script type=\"application\/ld+json\" class=\"yoast-schema-graph\">{\"@context\":\"https:\\\/\\\/schema.org\",\"@graph\":[{\"@type\":\"Article\",\"@id\":\"https:\\\/\\\/infopba247.com.ar\\\/index.php\\\/2025\\\/04\\\/22\\\/fernando-moreira-lanzo-la-5a-edicion-del-programa-conectar-de-nuevo\\\/#article\",\"isPartOf\":{\"@id\":\"https:\\\/\\\/infopba247.com.ar\\\/index.php\\\/2025\\\/04\\\/22\\\/fernando-moreira-lanzo-la-5a-edicion-del-programa-conectar-de-nuevo\\\/\"},\"author\":{\"name\":\"Editor\",\"@id\":\"https:\\\/\\\/infopba247.com.ar\\\/#\\\/schema\\\/person\\\/4975f1343a413e57bf839b3eed0099f2\"},\"headline\":\"Fernando Moreira lanz\u00f3 la 5\u00aa edici\u00f3n del programa Conectar De Nuevo\",\"datePublished\":\"2025-04-22T12:46:28+00:00\",\"dateModified\":\"2025-04-23T12:47:24+00:00\",\"mainEntityOfPage\":{\"@id\":\"https:\\\/\\\/infopba247.com.ar\\\/index.php\\\/2025\\\/04\\\/22\\\/fernando-moreira-lanzo-la-5a-edicion-del-programa-conectar-de-nuevo\\\/\"},\"wordCount\":332,\"commentCount\":0,\"publisher\":{\"@id\":\"https:\\\/\\\/infopba247.com.ar\\\/#organization\"},\"image\":{\"@id\":\"https:\\\/\\\/infopba247.com.ar\\\/index.php\\\/2025\\\/04\\\/22\\\/fernando-moreira-lanzo-la-5a-edicion-del-programa-conectar-de-nuevo\\\/#primaryimage\"},\"thumbnailUrl\":\"https:\\\/\\\/infopba247.com.ar\\\/wp-content\\\/uploads\\\/2025\\\/04\\\/Fernando-Moreira-lanzo-la-5a-edicion-del-programa-Conectar-De-Nuevo-scaled.jpeg\",\"articleSection\":[\"1ra Secci\u00f3n\",\"Destacadas\",\"Pol\u00edtica\"],\"inLanguage\":\"es\",\"potentialAction\":[{\"@type\":\"CommentAction\",\"name\":\"Comment\",\"target\":[\"https:\\\/\\\/infopba247.com.ar\\\/index.php\\\/2025\\\/04\\\/22\\\/fernando-moreira-lanzo-la-5a-edicion-del-programa-conectar-de-nuevo\\\/#respond\"]}]},{\"@type\":\"WebPage\",\"@id\":\"https:\\\/\\\/infopba247.com.ar\\\/index.php\\\/2025\\\/04\\\/22\\\/fernando-moreira-lanzo-la-5a-edicion-del-programa-conectar-de-nuevo\\\/\",\"url\":\"https:\\\/\\\/infopba247.com.ar\\\/index.php\\\/2025\\\/04\\\/22\\\/fernando-moreira-lanzo-la-5a-edicion-del-programa-conectar-de-nuevo\\\/\",\"name\":\"Fernando Moreira lanz\u00f3 la 5\u00aa edici\u00f3n del programa Conectar De Nuevo - InfoPBA247\",\"isPartOf\":{\"@id\":\"https:\\\/\\\/infopba247.com.ar\\\/#website\"},\"primaryImageOfPage\":{\"@id\":\"https:\\\/\\\/infopba247.com.ar\\\/index.php\\\/2025\\\/04\\\/22\\\/fernando-moreira-lanzo-la-5a-edicion-del-programa-conectar-de-nuevo\\\/#primaryimage\"},\"image\":{\"@id\":\"https:\\\/\\\/infopba247.com.ar\\\/index.php\\\/2025\\\/04\\\/22\\\/fernando-moreira-lanzo-la-5a-edicion-del-programa-conectar-de-nuevo\\\/#primaryimage\"},\"thumbnailUrl\":\"https:\\\/\\\/infopba247.com.ar\\\/wp-content\\\/uploads\\\/2025\\\/04\\\/Fernando-Moreira-lanzo-la-5a-edicion-del-programa-Conectar-De-Nuevo-scaled.jpeg\",\"datePublished\":\"2025-04-22T12:46:28+00:00\",\"dateModified\":\"2025-04-23T12:47:24+00:00\",\"breadcrumb\":{\"@id\":\"https:\\\/\\\/infopba247.com.ar\\\/index.php\\\/2025\\\/04\\\/22\\\/fernando-moreira-lanzo-la-5a-edicion-del-programa-conectar-de-nuevo\\\/#breadcrumb\"},\"inLanguage\":\"es\",\"potentialAction\":[{\"@type\":\"ReadAction\",\"target\":[\"https:\\\/\\\/infopba247.com.ar\\\/index.php\\\/2025\\\/04\\\/22\\\/fernando-moreira-lanzo-la-5a-edicion-del-programa-conectar-de-nuevo\\\/\"]}]},{\"@type\":\"ImageObject\",\"inLanguage\":\"es\",\"@id\":\"https:\\\/\\\/infopba247.com.ar\\\/index.php\\\/2025\\\/04\\\/22\\\/fernando-moreira-lanzo-la-5a-edicion-del-programa-conectar-de-nuevo\\\/#primaryimage\",\"url\":\"https:\\\/\\\/infopba247.com.ar\\\/wp-content\\\/uploads\\\/2025\\\/04\\\/Fernando-Moreira-lanzo-la-5a-edicion-del-programa-Conectar-De-Nuevo-scaled.jpeg\",\"contentUrl\":\"https:\\\/\\\/infopba247.com.ar\\\/wp-content\\\/uploads\\\/2025\\\/04\\\/Fernando-Moreira-lanzo-la-5a-edicion-del-programa-Conectar-De-Nuevo-scaled.jpeg\",\"width\":2560,\"height\":1708},{\"@type\":\"BreadcrumbList\",\"@id\":\"https:\\\/\\\/infopba247.com.ar\\\/index.php\\\/2025\\\/04\\\/22\\\/fernando-moreira-lanzo-la-5a-edicion-del-programa-conectar-de-nuevo\\\/#breadcrumb\",\"itemListElement\":[{\"@type\":\"ListItem\",\"position\":1,\"name\":\"Portada\",\"item\":\"https:\\\/\\\/infopba247.com.ar\\\/\"},{\"@type\":\"ListItem\",\"position\":2,\"name\":\"Fernando Moreira lanz\u00f3 la 5\u00aa edici\u00f3n del programa Conectar De Nuevo\"}]},{\"@type\":\"WebSite\",\"@id\":\"https:\\\/\\\/infopba247.com.ar\\\/#website\",\"url\":\"https:\\\/\\\/infopba247.com.ar\\\/\",\"name\":\"InfoPBA247\",\"description\":\"Toda la actualidad bonaerense\",\"publisher\":{\"@id\":\"https:\\\/\\\/infopba247.com.ar\\\/#organization\"},\"potentialAction\":[{\"@type\":\"SearchAction\",\"target\":{\"@type\":\"EntryPoint\",\"urlTemplate\":\"https:\\\/\\\/infopba247.com.ar\\\/?s={search_term_string}\"},\"query-input\":{\"@type\":\"PropertyValueSpecification\",\"valueRequired\":true,\"valueName\":\"search_term_string\"}}],\"inLanguage\":\"es\"},{\"@type\":\"Organization\",\"@id\":\"https:\\\/\\\/infopba247.com.ar\\\/#organization\",\"name\":\"InfoPBA247\",\"url\":\"https:\\\/\\\/infopba247.com.ar\\\/\",\"logo\":{\"@type\":\"ImageObject\",\"inLanguage\":\"es\",\"@id\":\"https:\\\/\\\/infopba247.com.ar\\\/#\\\/schema\\\/logo\\\/image\\\/\",\"url\":\"https:\\\/\\\/infopba247.com.ar\\\/wp-content\\\/uploads\\\/2022\\\/03\\\/cropped-InfoPBA247-1.png\",\"contentUrl\":\"https:\\\/\\\/infopba247.com.ar\\\/wp-content\\\/uploads\\\/2022\\\/03\\\/cropped-InfoPBA247-1.png\",\"width\":500,\"height\":122,\"caption\":\"InfoPBA247\"},\"image\":{\"@id\":\"https:\\\/\\\/infopba247.com.ar\\\/#\\\/schema\\\/logo\\\/image\\\/\"},\"sameAs\":[\"https:\\\/\\\/www.facebook.com\\\/InfoPBA\"]},{\"@type\":\"Person\",\"@id\":\"https:\\\/\\\/infopba247.com.ar\\\/#\\\/schema\\\/person\\\/4975f1343a413e57bf839b3eed0099f2\",\"name\":\"Editor\",\"image\":{\"@type\":\"ImageObject\",\"inLanguage\":\"es\",\"@id\":\"https:\\\/\\\/secure.gravatar.com\\\/avatar\\\/d27fe9520667ca53441d36627a1d6b0fa4a813571ec4803687a7a3a7744685ac?s=96&d=mm&r=g\",\"url\":\"https:\\\/\\\/secure.gravatar.com\\\/avatar\\\/d27fe9520667ca53441d36627a1d6b0fa4a813571ec4803687a7a3a7744685ac?s=96&d=mm&r=g\",\"contentUrl\":\"https:\\\/\\\/secure.gravatar.com\\\/avatar\\\/d27fe9520667ca53441d36627a1d6b0fa4a813571ec4803687a7a3a7744685ac?s=96&d=mm&r=g\",\"caption\":\"Editor\"},\"url\":\"https:\\\/\\\/infopba247.com.ar\\\/index.php\\\/author\\\/editor\\\/\"}]}<\/script>\n<!-- \/ Yoast SEO plugin. -->","yoast_head_json":{"title":"Fernando Moreira lanz\u00f3 la 5\u00aa edici\u00f3n del programa Conectar De Nuevo - InfoPBA247","robots":{"index":"index","follow":"follow","max-snippet":"max-snippet:-1","max-image-preview":"max-image-preview:large","max-video-preview":"max-video-preview:-1"},"canonical":"https:\/\/infopba247.com.ar\/index.php\/2025\/04\/22\/fernando-moreira-lanzo-la-5a-edicion-del-programa-conectar-de-nuevo\/","og_locale":"es_ES","og_type":"article","og_title":"Fernando Moreira lanz\u00f3 la 5\u00aa edici\u00f3n del programa Conectar De Nuevo - InfoPBA247","og_description":"El Municipio de San Mart\u00edn dio inicio a la 5\u00b0 edici\u00f3n del programa Conectar de Nuevo, que cuenta con 21","og_url":"https:\/\/infopba247.com.ar\/index.php\/2025\/04\/22\/fernando-moreira-lanzo-la-5a-edicion-del-programa-conectar-de-nuevo\/","og_site_name":"InfoPBA247","article_publisher":"https:\/\/www.facebook.com\/InfoPBA","article_published_time":"2025-04-22T12:46:28+00:00","article_modified_time":"2025-04-23T12:47:24+00:00","og_image":[{"width":2560,"height":1708,"url":"https:\/\/infopba247.com.ar\/wp-content\/uploads\/2025\/04\/Fernando-Moreira-lanzo-la-5a-edicion-del-programa-Conectar-De-Nuevo-scaled.jpeg","type":"image\/jpeg"}],"author":"Editor","twitter_card":"summary_large_image","twitter_misc":{"Escrito por":"Editor","Tiempo de lectura":"2 minutos"},"schema":{"@context":"https:\/\/schema.org","@graph":[{"@type":"Article","@id":"https:\/\/infopba247.com.ar\/index.php\/2025\/04\/22\/fernando-moreira-lanzo-la-5a-edicion-del-programa-conectar-de-nuevo\/#article","isPartOf":{"@id":"https:\/\/infopba247.com.ar\/index.php\/2025\/04\/22\/fernando-moreira-lanzo-la-5a-edicion-del-programa-conectar-de-nuevo\/"},"author":{"name":"Editor","@id":"https:\/\/infopba247.com.ar\/#\/schema\/person\/4975f1343a413e57bf839b3eed0099f2"},"headline":"Fernando Moreira lanz\u00f3 la 5\u00aa edici\u00f3n del programa Conectar De Nuevo","datePublished":"2025-04-22T12:46:28+00:00","dateModified":"2025-04-23T12:47:24+00:00","mainEntityOfPage":{"@id":"https:\/\/infopba247.com.ar\/index.php\/2025\/04\/22\/fernando-moreira-lanzo-la-5a-edicion-del-programa-conectar-de-nuevo\/"},"wordCount":332,"commentCount":0,"publisher":{"@id":"https:\/\/infopba247.com.ar\/#organization"},"image":{"@id":"https:\/\/infopba247.com.ar\/index.php\/2025\/04\/22\/fernando-moreira-lanzo-la-5a-edicion-del-programa-conectar-de-nuevo\/#primaryimage"},"thumbnailUrl":"https:\/\/infopba247.com.ar\/wp-content\/uploads\/2025\/04\/Fernando-Moreira-lanzo-la-5a-edicion-del-programa-Conectar-De-Nuevo-scaled.jpeg","articleSection":["1ra Secci\u00f3n","Destacadas","Pol\u00edtica"],"inLanguage":"es","potentialAction":[{"@type":"CommentAction","name":"Comment","target":["https:\/\/infopba247.com.ar\/index.php\/2025\/04\/22\/fernando-moreira-lanzo-la-5a-edicion-del-programa-conectar-de-nuevo\/#respond"]}]},{"@type":"WebPage","@id":"https:\/\/infopba247.com.ar\/index.php\/2025\/04\/22\/fernando-moreira-lanzo-la-5a-edicion-del-programa-conectar-de-nuevo\/","url":"https:\/\/infopba247.com.ar\/index.php\/2025\/04\/22\/fernando-moreira-lanzo-la-5a-edicion-del-programa-conectar-de-nuevo\/","name":"Fernando Moreira lanz\u00f3 la 5\u00aa edici\u00f3n del programa Conectar De Nuevo - InfoPBA247","isPartOf":{"@id":"https:\/\/infopba247.com.ar\/#website"},"primaryImageOfPage":{"@id":"https:\/\/infopba247.com.ar\/index.php\/2025\/04\/22\/fernando-moreira-lanzo-la-5a-edicion-del-programa-conectar-de-nuevo\/#primaryimage"},"image":{"@id":"https:\/\/infopba247.com.ar\/index.php\/2025\/04\/22\/fernando-moreira-lanzo-la-5a-edicion-del-programa-conectar-de-nuevo\/#primaryimage"},"thumbnailUrl":"https:\/\/infopba247.com.ar\/wp-content\/uploads\/2025\/04\/Fernando-Moreira-lanzo-la-5a-edicion-del-programa-Conectar-De-Nuevo-scaled.jpeg","datePublished":"2025-04-22T12:46:28+00:00","dateModified":"2025-04-23T12:47:24+00:00","breadcrumb":{"@id":"https:\/\/infopba247.com.ar\/index.php\/2025\/04\/22\/fernando-moreira-lanzo-la-5a-edicion-del-programa-conectar-de-nuevo\/#breadcrumb"},"inLanguage":"es","potentialAction":[{"@type":"ReadAction","target":["https:\/\/infopba247.com.ar\/index.php\/2025\/04\/22\/fernando-moreira-lanzo-la-5a-edicion-del-programa-conectar-de-nuevo\/"]}]},{"@type":"ImageObject","inLanguage":"es","@id":"https:\/\/infopba247.com.ar\/index.php\/2025\/04\/22\/fernando-moreira-lanzo-la-5a-edicion-del-programa-conectar-de-nuevo\/#primaryimage","url":"https:\/\/infopba247.com.ar\/wp-content\/uploads\/2025\/04\/Fernando-Moreira-lanzo-la-5a-edicion-del-programa-Conectar-De-Nuevo-scaled.jpeg","contentUrl":"https:\/\/infopba247.com.ar\/wp-content\/uploads\/2025\/04\/Fernando-Moreira-lanzo-la-5a-edicion-del-programa-Conectar-De-Nuevo-scaled.jpeg","width":2560,"height":1708},{"@type":"BreadcrumbList","@id":"https:\/\/infopba247.com.ar\/index.php\/2025\/04\/22\/fernando-moreira-lanzo-la-5a-edicion-del-programa-conectar-de-nuevo\/#breadcrumb","itemListElement":[{"@type":"ListItem","position":1,"name":"Portada","item":"https:\/\/infopba247.com.ar\/"},{"@type":"ListItem","position":2,"name":"Fernando Moreira lanz\u00f3 la 5\u00aa edici\u00f3n del programa Conectar De Nuevo"}]},{"@type":"WebSite","@id":"https:\/\/infopba247.com.ar\/#website","url":"https:\/\/infopba247.com.ar\/","name":"InfoPBA247","description":"Toda la actualidad bonaerense","publisher":{"@id":"https:\/\/infopba247.com.ar\/#organization"},"potentialAction":[{"@type":"SearchAction","target":{"@type":"EntryPoint","urlTemplate":"https:\/\/infopba247.com.ar\/?s={search_term_string}"},"query-input":{"@type":"PropertyValueSpecification","valueRequired":true,"valueName":"search_term_string"}}],"inLanguage":"es"},{"@type":"Organization","@id":"https:\/\/infopba247.com.ar\/#organization","name":"InfoPBA247","url":"https:\/\/infopba247.com.ar\/","logo":{"@type":"ImageObject","inLanguage":"es","@id":"https:\/\/infopba247.com.ar\/#\/schema\/logo\/image\/","url":"https:\/\/infopba247.com.ar\/wp-content\/uploads\/2022\/03\/cropped-InfoPBA247-1.png","contentUrl":"https:\/\/infopba247.com.ar\/wp-content\/uploads\/2022\/03\/cropped-InfoPBA247-1.png","width":500,"height":122,"caption":"InfoPBA247"},"image":{"@id":"https:\/\/infopba247.com.ar\/#\/schema\/logo\/image\/"},"sameAs":["https:\/\/www.facebook.com\/InfoPBA"]},{"@type":"Person","@id":"https:\/\/infopba247.com.ar\/#\/schema\/person\/4975f1343a413e57bf839b3eed0099f2","name":"Editor","image":{"@type":"ImageObject","inLanguage":"es","@id":"https:\/\/secure.gravatar.com\/avatar\/d27fe9520667ca53441d36627a1d6b0fa4a813571ec4803687a7a3a7744685ac?s=96&d=mm&r=g","url":"https:\/\/secure.gravatar.com\/avatar\/d27fe9520667ca53441d36627a1d6b0fa4a813571ec4803687a7a3a7744685ac?s=96&d=mm&r=g","contentUrl":"https:\/\/secure.gravatar.com\/avatar\/d27fe9520667ca53441d36627a1d6b0fa4a813571ec4803687a7a3a7744685ac?s=96&d=mm&r=g","caption":"Editor"},"url":"https:\/\/infopba247.com.ar\/index.php\/author\/editor\/"}]}},"_links":{"self":[{"href":"https:\/\/infopba247.com.ar\/index.php\/wp-json\/wp\/v2\/posts\/6852","targetHints":{"allow":["GET"]}}],"collection":[{"href":"https:\/\/infopba247.com.ar\/index.php\/wp-json\/wp\/v2\/posts"}],"about":[{"href":"https:\/\/infopba247.com.ar\/index.php\/wp-json\/wp\/v2\/types\/post"}],"author":[{"embeddable":true,"href":"https:\/\/infopba247.com.ar\/index.php\/wp-json\/wp\/v2\/users\/3"}],"replies":[{"embeddable":true,"href":"https:\/\/infopba247.com.ar\/index.php\/wp-json\/wp\/v2\/comments?post=6852"}],"version-history":[{"count":1,"href":"https:\/\/infopba247.com.ar\/index.php\/wp-json\/wp\/v2\/posts\/6852\/revisions"}],"predecessor-version":[{"id":6853,"href":"https:\/\/infopba247.com.ar\/index.php\/wp-json\/wp\/v2\/posts\/6852\/revisions\/6853"}],"wp:featuredmedia":[{"embeddable":true,"href":"https:\/\/infopba247.com.ar\/index.php\/wp-json\/wp\/v2\/media\/6848"}],"wp:attachment":[{"href":"https:\/\/infopba247.com.ar\/index.php\/wp-json\/wp\/v2\/media?parent=6852"}],"wp:term":[{"taxonomy":"category","embeddable":true,"href":"https:\/\/infopba247.com.ar\/index.php\/wp-json\/wp\/v2\/categories?post=6852"},{"taxonomy":"post_tag","embeddable":true,"href":"https:\/\/infopba247.com.ar\/index.php\/wp-json\/wp\/v2\/tags?post=6852"}],"curies":[{"name":"wp","href":"https:\/\/api.w.org\/{rel}","templated":true}]}}