{"id":6844,"date":"2025-04-22T09:44:02","date_gmt":"2025-04-22T12:44:02","guid":{"rendered":"https:\/\/infopba247.com.ar\/?p=6844"},"modified":"2025-04-23T09:44:37","modified_gmt":"2025-04-23T12:44:37","slug":"fernando-gray-encabezo-el-acto-municipal-en-homenaje-al-papa-francisco","status":"publish","type":"post","link":"https:\/\/infopba247.com.ar\/index.php\/2025\/04\/22\/fernando-gray-encabezo-el-acto-municipal-en-homenaje-al-papa-francisco\/","title":{"rendered":"Fernando Gray encabez\u00f3 el acto municipal en homenaje al Papa Francisco\u00a0"},"content":{"rendered":"\n<p>El intendente de Esteban Echeverr\u00eda, Fernando Gray, encabez\u00f3 esta ma\u00f1ana en la plaza Mitre de Monte Grande el acto oficial del Municipio en homenaje al papa Francisco, quien falleci\u00f3 el 21 de abril. La Comuna decret\u00f3 7 d\u00edas de duelo en concordancia con la Naci\u00f3n y la Provincia. Se realiz\u00f3 un minuto de silencio y se izaron las banderas Nacional, de la Provincia de Buenos Aires y de Esteban Echeverr\u00eda, que quedar\u00e1n a media asta durante la semana de duelo.&nbsp;<\/p>\n\n\n\n<p>\u201cSeguimos teniendo el coraz\u00f3n lleno de tristeza, respeto y admiraci\u00f3n. Tuve el privilegio de conocerlo. Su calidez humana, su fe y su preocupaci\u00f3n por los problemas de nuestra provincia y nuestro pa\u00eds me impresionaron profundamente\u201d, se\u00f1al\u00f3 Fernando Gray.&nbsp;<\/p>\n\n\n\n<p>Asimismo, el jefe comunal expres\u00f3: \u201cla muerte del querido papa Francisco provoca un vac\u00edo inmenso, no solo en la comunidad cat\u00f3lica, sino en todo el mundo. Su liderazgo espiritual, su incansable defensa de la paz y su compromiso con la justicia social lo convirtieron en una figura imprescindible de nuestro tiempo\u201d.&nbsp;<\/p>\n\n\n\n<p>El acto cont\u00f3 con la presencia de los padres Diego Barboza, de la parroquia Nuestra Se\u00f1ora de Lourdes de Monte Grande; Joy Varghese, de la parroquia Nuestra Se\u00f1ora de Luj\u00e1n de El Jag\u00fcel; Juan Pablo Thazhuthedathu, de la parroquia del Sagrado Coraz\u00f3n y Nuestra Se\u00f1ora del Rosario de San Nicol\u00e1s de El Jag\u00fcel; adem\u00e1s de representantes de la comunidad cat\u00f3lica, vecinas y vecinos.&nbsp;<\/p>\n","protected":false},"excerpt":{"rendered":"<p>El intendente de Esteban Echeverr\u00eda, Fernando Gray, encabez\u00f3 esta ma\u00f1ana en la plaza Mitre de Monte Grande el acto oficial<\/p>\n","protected":false},"author":3,"featured_media":6847,"comment_status":"open","ping_status":"open","sticky":false,"template":"","format":"standard","meta":{"colormag_page_container_layout":"default_layout","colormag_page_sidebar_layout":"default_layout","footnotes":""},"categories":[7,1,14],"tags":[],"class_list":["post-6844","post","type-post","status-publish","format-standard","has-post-thumbnail","hentry","category-3ra-seccion","category-destacadas","category-politica"],"yoast_head":"<!-- This site is optimized with the Yoast SEO plugin v27.4 - https:\/\/yoast.com\/product\/yoast-seo-wordpress\/ -->\n<title>Fernando Gray encabez\u00f3 el acto municipal en homenaje al Papa Francisco\u00a0 - InfoPBA247<\/title>\n<meta name=\"robots\" content=\"index, follow, max-snippet:-1, max-image-preview:large, max-video-preview:-1\" \/>\n<link rel=\"canonical\" href=\"https:\/\/infopba247.com.ar\/index.php\/2025\/04\/22\/fernando-gray-encabezo-el-acto-municipal-en-homenaje-al-papa-francisco\/\" \/>\n<meta property=\"og:locale\" content=\"es_ES\" \/>\n<meta property=\"og:type\" content=\"article\" \/>\n<meta property=\"og:title\" content=\"Fernando Gray encabez\u00f3 el acto municipal en homenaje al Papa Francisco\u00a0 - InfoPBA247\" \/>\n<meta property=\"og:description\" content=\"El intendente de Esteban Echeverr\u00eda, Fernando Gray, encabez\u00f3 esta ma\u00f1ana en la plaza Mitre de Monte Grande el acto oficial\" \/>\n<meta property=\"og:url\" content=\"https:\/\/infopba247.com.ar\/index.php\/2025\/04\/22\/fernando-gray-encabezo-el-acto-municipal-en-homenaje-al-papa-francisco\/\" \/>\n<meta property=\"og:site_name\" content=\"InfoPBA247\" \/>\n<meta property=\"article:publisher\" content=\"https:\/\/www.facebook.com\/InfoPBA\" \/>\n<meta property=\"article:published_time\" content=\"2025-04-22T12:44:02+00:00\" \/>\n<meta property=\"article:modified_time\" content=\"2025-04-23T12:44:37+00:00\" \/>\n<meta property=\"og:image\" content=\"https:\/\/infopba247.com.ar\/wp-content\/uploads\/2025\/04\/unnamed-2025-04-23T093300.300.jpg\" \/>\n\t<meta property=\"og:image:width\" content=\"1706\" \/>\n\t<meta property=\"og:image:height\" content=\"2560\" \/>\n\t<meta property=\"og:image:type\" content=\"image\/jpeg\" \/>\n<meta name=\"author\" content=\"Editor\" \/>\n<meta name=\"twitter:card\" content=\"summary_large_image\" \/>\n<meta name=\"twitter:label1\" content=\"Escrito por\" \/>\n\t<meta name=\"twitter:data1\" content=\"Editor\" \/>\n\t<meta name=\"twitter:label2\" content=\"Tiempo de lectura\" \/>\n\t<meta name=\"twitter:data2\" content=\"2 minutos\" \/>\n<script type=\"application\/ld+json\" class=\"yoast-schema-graph\">{\"@context\":\"https:\\\/\\\/schema.org\",\"@graph\":[{\"@type\":\"Article\",\"@id\":\"https:\\\/\\\/infopba247.com.ar\\\/index.php\\\/2025\\\/04\\\/22\\\/fernando-gray-encabezo-el-acto-municipal-en-homenaje-al-papa-francisco\\\/#article\",\"isPartOf\":{\"@id\":\"https:\\\/\\\/infopba247.com.ar\\\/index.php\\\/2025\\\/04\\\/22\\\/fernando-gray-encabezo-el-acto-municipal-en-homenaje-al-papa-francisco\\\/\"},\"author\":{\"name\":\"Editor\",\"@id\":\"https:\\\/\\\/infopba247.com.ar\\\/#\\\/schema\\\/person\\\/4975f1343a413e57bf839b3eed0099f2\"},\"headline\":\"Fernando Gray encabez\u00f3 el acto municipal en homenaje al Papa Francisco\u00a0\",\"datePublished\":\"2025-04-22T12:44:02+00:00\",\"dateModified\":\"2025-04-23T12:44:37+00:00\",\"mainEntityOfPage\":{\"@id\":\"https:\\\/\\\/infopba247.com.ar\\\/index.php\\\/2025\\\/04\\\/22\\\/fernando-gray-encabezo-el-acto-municipal-en-homenaje-al-papa-francisco\\\/\"},\"wordCount\":268,\"commentCount\":0,\"publisher\":{\"@id\":\"https:\\\/\\\/infopba247.com.ar\\\/#organization\"},\"image\":{\"@id\":\"https:\\\/\\\/infopba247.com.ar\\\/index.php\\\/2025\\\/04\\\/22\\\/fernando-gray-encabezo-el-acto-municipal-en-homenaje-al-papa-francisco\\\/#primaryimage\"},\"thumbnailUrl\":\"https:\\\/\\\/infopba247.com.ar\\\/wp-content\\\/uploads\\\/2025\\\/04\\\/unnamed-2025-04-23T093300.300.jpg\",\"articleSection\":[\"3ra Secci\u00f3n\",\"Destacadas\",\"Pol\u00edtica\"],\"inLanguage\":\"es\",\"potentialAction\":[{\"@type\":\"CommentAction\",\"name\":\"Comment\",\"target\":[\"https:\\\/\\\/infopba247.com.ar\\\/index.php\\\/2025\\\/04\\\/22\\\/fernando-gray-encabezo-el-acto-municipal-en-homenaje-al-papa-francisco\\\/#respond\"]}]},{\"@type\":\"WebPage\",\"@id\":\"https:\\\/\\\/infopba247.com.ar\\\/index.php\\\/2025\\\/04\\\/22\\\/fernando-gray-encabezo-el-acto-municipal-en-homenaje-al-papa-francisco\\\/\",\"url\":\"https:\\\/\\\/infopba247.com.ar\\\/index.php\\\/2025\\\/04\\\/22\\\/fernando-gray-encabezo-el-acto-municipal-en-homenaje-al-papa-francisco\\\/\",\"name\":\"Fernando Gray encabez\u00f3 el acto municipal en homenaje al Papa Francisco\u00a0 - InfoPBA247\",\"isPartOf\":{\"@id\":\"https:\\\/\\\/infopba247.com.ar\\\/#website\"},\"primaryImageOfPage\":{\"@id\":\"https:\\\/\\\/infopba247.com.ar\\\/index.php\\\/2025\\\/04\\\/22\\\/fernando-gray-encabezo-el-acto-municipal-en-homenaje-al-papa-francisco\\\/#primaryimage\"},\"image\":{\"@id\":\"https:\\\/\\\/infopba247.com.ar\\\/index.php\\\/2025\\\/04\\\/22\\\/fernando-gray-encabezo-el-acto-municipal-en-homenaje-al-papa-francisco\\\/#primaryimage\"},\"thumbnailUrl\":\"https:\\\/\\\/infopba247.com.ar\\\/wp-content\\\/uploads\\\/2025\\\/04\\\/unnamed-2025-04-23T093300.300.jpg\",\"datePublished\":\"2025-04-22T12:44:02+00:00\",\"dateModified\":\"2025-04-23T12:44:37+00:00\",\"breadcrumb\":{\"@id\":\"https:\\\/\\\/infopba247.com.ar\\\/index.php\\\/2025\\\/04\\\/22\\\/fernando-gray-encabezo-el-acto-municipal-en-homenaje-al-papa-francisco\\\/#breadcrumb\"},\"inLanguage\":\"es\",\"potentialAction\":[{\"@type\":\"ReadAction\",\"target\":[\"https:\\\/\\\/infopba247.com.ar\\\/index.php\\\/2025\\\/04\\\/22\\\/fernando-gray-encabezo-el-acto-municipal-en-homenaje-al-papa-francisco\\\/\"]}]},{\"@type\":\"ImageObject\",\"inLanguage\":\"es\",\"@id\":\"https:\\\/\\\/infopba247.com.ar\\\/index.php\\\/2025\\\/04\\\/22\\\/fernando-gray-encabezo-el-acto-municipal-en-homenaje-al-papa-francisco\\\/#primaryimage\",\"url\":\"https:\\\/\\\/infopba247.com.ar\\\/wp-content\\\/uploads\\\/2025\\\/04\\\/unnamed-2025-04-23T093300.300.jpg\",\"contentUrl\":\"https:\\\/\\\/infopba247.com.ar\\\/wp-content\\\/uploads\\\/2025\\\/04\\\/unnamed-2025-04-23T093300.300.jpg\",\"width\":1706,\"height\":2560},{\"@type\":\"BreadcrumbList\",\"@id\":\"https:\\\/\\\/infopba247.com.ar\\\/index.php\\\/2025\\\/04\\\/22\\\/fernando-gray-encabezo-el-acto-municipal-en-homenaje-al-papa-francisco\\\/#breadcrumb\",\"itemListElement\":[{\"@type\":\"ListItem\",\"position\":1,\"name\":\"Portada\",\"item\":\"https:\\\/\\\/infopba247.com.ar\\\/\"},{\"@type\":\"ListItem\",\"position\":2,\"name\":\"Fernando Gray encabez\u00f3 el acto municipal en homenaje al Papa Francisco\u00a0\"}]},{\"@type\":\"WebSite\",\"@id\":\"https:\\\/\\\/infopba247.com.ar\\\/#website\",\"url\":\"https:\\\/\\\/infopba247.com.ar\\\/\",\"name\":\"InfoPBA247\",\"description\":\"Toda la actualidad bonaerense\",\"publisher\":{\"@id\":\"https:\\\/\\\/infopba247.com.ar\\\/#organization\"},\"potentialAction\":[{\"@type\":\"SearchAction\",\"target\":{\"@type\":\"EntryPoint\",\"urlTemplate\":\"https:\\\/\\\/infopba247.com.ar\\\/?s={search_term_string}\"},\"query-input\":{\"@type\":\"PropertyValueSpecification\",\"valueRequired\":true,\"valueName\":\"search_term_string\"}}],\"inLanguage\":\"es\"},{\"@type\":\"Organization\",\"@id\":\"https:\\\/\\\/infopba247.com.ar\\\/#organization\",\"name\":\"InfoPBA247\",\"url\":\"https:\\\/\\\/infopba247.com.ar\\\/\",\"logo\":{\"@type\":\"ImageObject\",\"inLanguage\":\"es\",\"@id\":\"https:\\\/\\\/infopba247.com.ar\\\/#\\\/schema\\\/logo\\\/image\\\/\",\"url\":\"https:\\\/\\\/infopba247.com.ar\\\/wp-content\\\/uploads\\\/2022\\\/03\\\/cropped-InfoPBA247-1.png\",\"contentUrl\":\"https:\\\/\\\/infopba247.com.ar\\\/wp-content\\\/uploads\\\/2022\\\/03\\\/cropped-InfoPBA247-1.png\",\"width\":500,\"height\":122,\"caption\":\"InfoPBA247\"},\"image\":{\"@id\":\"https:\\\/\\\/infopba247.com.ar\\\/#\\\/schema\\\/logo\\\/image\\\/\"},\"sameAs\":[\"https:\\\/\\\/www.facebook.com\\\/InfoPBA\"]},{\"@type\":\"Person\",\"@id\":\"https:\\\/\\\/infopba247.com.ar\\\/#\\\/schema\\\/person\\\/4975f1343a413e57bf839b3eed0099f2\",\"name\":\"Editor\",\"image\":{\"@type\":\"ImageObject\",\"inLanguage\":\"es\",\"@id\":\"https:\\\/\\\/secure.gravatar.com\\\/avatar\\\/d27fe9520667ca53441d36627a1d6b0fa4a813571ec4803687a7a3a7744685ac?s=96&d=mm&r=g\",\"url\":\"https:\\\/\\\/secure.gravatar.com\\\/avatar\\\/d27fe9520667ca53441d36627a1d6b0fa4a813571ec4803687a7a3a7744685ac?s=96&d=mm&r=g\",\"contentUrl\":\"https:\\\/\\\/secure.gravatar.com\\\/avatar\\\/d27fe9520667ca53441d36627a1d6b0fa4a813571ec4803687a7a3a7744685ac?s=96&d=mm&r=g\",\"caption\":\"Editor\"},\"url\":\"https:\\\/\\\/infopba247.com.ar\\\/index.php\\\/author\\\/editor\\\/\"}]}<\/script>\n<!-- \/ Yoast SEO plugin. -->","yoast_head_json":{"title":"Fernando Gray encabez\u00f3 el acto municipal en homenaje al Papa Francisco\u00a0 - InfoPBA247","robots":{"index":"index","follow":"follow","max-snippet":"max-snippet:-1","max-image-preview":"max-image-preview:large","max-video-preview":"max-video-preview:-1"},"canonical":"https:\/\/infopba247.com.ar\/index.php\/2025\/04\/22\/fernando-gray-encabezo-el-acto-municipal-en-homenaje-al-papa-francisco\/","og_locale":"es_ES","og_type":"article","og_title":"Fernando Gray encabez\u00f3 el acto municipal en homenaje al Papa Francisco\u00a0 - InfoPBA247","og_description":"El intendente de Esteban Echeverr\u00eda, Fernando Gray, encabez\u00f3 esta ma\u00f1ana en la plaza Mitre de Monte Grande el acto oficial","og_url":"https:\/\/infopba247.com.ar\/index.php\/2025\/04\/22\/fernando-gray-encabezo-el-acto-municipal-en-homenaje-al-papa-francisco\/","og_site_name":"InfoPBA247","article_publisher":"https:\/\/www.facebook.com\/InfoPBA","article_published_time":"2025-04-22T12:44:02+00:00","article_modified_time":"2025-04-23T12:44:37+00:00","og_image":[{"width":1706,"height":2560,"url":"https:\/\/infopba247.com.ar\/wp-content\/uploads\/2025\/04\/unnamed-2025-04-23T093300.300.jpg","type":"image\/jpeg"}],"author":"Editor","twitter_card":"summary_large_image","twitter_misc":{"Escrito por":"Editor","Tiempo de lectura":"2 minutos"},"schema":{"@context":"https:\/\/schema.org","@graph":[{"@type":"Article","@id":"https:\/\/infopba247.com.ar\/index.php\/2025\/04\/22\/fernando-gray-encabezo-el-acto-municipal-en-homenaje-al-papa-francisco\/#article","isPartOf":{"@id":"https:\/\/infopba247.com.ar\/index.php\/2025\/04\/22\/fernando-gray-encabezo-el-acto-municipal-en-homenaje-al-papa-francisco\/"},"author":{"name":"Editor","@id":"https:\/\/infopba247.com.ar\/#\/schema\/person\/4975f1343a413e57bf839b3eed0099f2"},"headline":"Fernando Gray encabez\u00f3 el acto municipal en homenaje al Papa Francisco\u00a0","datePublished":"2025-04-22T12:44:02+00:00","dateModified":"2025-04-23T12:44:37+00:00","mainEntityOfPage":{"@id":"https:\/\/infopba247.com.ar\/index.php\/2025\/04\/22\/fernando-gray-encabezo-el-acto-municipal-en-homenaje-al-papa-francisco\/"},"wordCount":268,"commentCount":0,"publisher":{"@id":"https:\/\/infopba247.com.ar\/#organization"},"image":{"@id":"https:\/\/infopba247.com.ar\/index.php\/2025\/04\/22\/fernando-gray-encabezo-el-acto-municipal-en-homenaje-al-papa-francisco\/#primaryimage"},"thumbnailUrl":"https:\/\/infopba247.com.ar\/wp-content\/uploads\/2025\/04\/unnamed-2025-04-23T093300.300.jpg","articleSection":["3ra Secci\u00f3n","Destacadas","Pol\u00edtica"],"inLanguage":"es","potentialAction":[{"@type":"CommentAction","name":"Comment","target":["https:\/\/infopba247.com.ar\/index.php\/2025\/04\/22\/fernando-gray-encabezo-el-acto-municipal-en-homenaje-al-papa-francisco\/#respond"]}]},{"@type":"WebPage","@id":"https:\/\/infopba247.com.ar\/index.php\/2025\/04\/22\/fernando-gray-encabezo-el-acto-municipal-en-homenaje-al-papa-francisco\/","url":"https:\/\/infopba247.com.ar\/index.php\/2025\/04\/22\/fernando-gray-encabezo-el-acto-municipal-en-homenaje-al-papa-francisco\/","name":"Fernando Gray encabez\u00f3 el acto municipal en homenaje al Papa Francisco\u00a0 - InfoPBA247","isPartOf":{"@id":"https:\/\/infopba247.com.ar\/#website"},"primaryImageOfPage":{"@id":"https:\/\/infopba247.com.ar\/index.php\/2025\/04\/22\/fernando-gray-encabezo-el-acto-municipal-en-homenaje-al-papa-francisco\/#primaryimage"},"image":{"@id":"https:\/\/infopba247.com.ar\/index.php\/2025\/04\/22\/fernando-gray-encabezo-el-acto-municipal-en-homenaje-al-papa-francisco\/#primaryimage"},"thumbnailUrl":"https:\/\/infopba247.com.ar\/wp-content\/uploads\/2025\/04\/unnamed-2025-04-23T093300.300.jpg","datePublished":"2025-04-22T12:44:02+00:00","dateModified":"2025-04-23T12:44:37+00:00","breadcrumb":{"@id":"https:\/\/infopba247.com.ar\/index.php\/2025\/04\/22\/fernando-gray-encabezo-el-acto-municipal-en-homenaje-al-papa-francisco\/#breadcrumb"},"inLanguage":"es","potentialAction":[{"@type":"ReadAction","target":["https:\/\/infopba247.com.ar\/index.php\/2025\/04\/22\/fernando-gray-encabezo-el-acto-municipal-en-homenaje-al-papa-francisco\/"]}]},{"@type":"ImageObject","inLanguage":"es","@id":"https:\/\/infopba247.com.ar\/index.php\/2025\/04\/22\/fernando-gray-encabezo-el-acto-municipal-en-homenaje-al-papa-francisco\/#primaryimage","url":"https:\/\/infopba247.com.ar\/wp-content\/uploads\/2025\/04\/unnamed-2025-04-23T093300.300.jpg","contentUrl":"https:\/\/infopba247.com.ar\/wp-content\/uploads\/2025\/04\/unnamed-2025-04-23T093300.300.jpg","width":1706,"height":2560},{"@type":"BreadcrumbList","@id":"https:\/\/infopba247.com.ar\/index.php\/2025\/04\/22\/fernando-gray-encabezo-el-acto-municipal-en-homenaje-al-papa-francisco\/#breadcrumb","itemListElement":[{"@type":"ListItem","position":1,"name":"Portada","item":"https:\/\/infopba247.com.ar\/"},{"@type":"ListItem","position":2,"name":"Fernando Gray encabez\u00f3 el acto municipal en homenaje al Papa Francisco\u00a0"}]},{"@type":"WebSite","@id":"https:\/\/infopba247.com.ar\/#website","url":"https:\/\/infopba247.com.ar\/","name":"InfoPBA247","description":"Toda la actualidad bonaerense","publisher":{"@id":"https:\/\/infopba247.com.ar\/#organization"},"potentialAction":[{"@type":"SearchAction","target":{"@type":"EntryPoint","urlTemplate":"https:\/\/infopba247.com.ar\/?s={search_term_string}"},"query-input":{"@type":"PropertyValueSpecification","valueRequired":true,"valueName":"search_term_string"}}],"inLanguage":"es"},{"@type":"Organization","@id":"https:\/\/infopba247.com.ar\/#organization","name":"InfoPBA247","url":"https:\/\/infopba247.com.ar\/","logo":{"@type":"ImageObject","inLanguage":"es","@id":"https:\/\/infopba247.com.ar\/#\/schema\/logo\/image\/","url":"https:\/\/infopba247.com.ar\/wp-content\/uploads\/2022\/03\/cropped-InfoPBA247-1.png","contentUrl":"https:\/\/infopba247.com.ar\/wp-content\/uploads\/2022\/03\/cropped-InfoPBA247-1.png","width":500,"height":122,"caption":"InfoPBA247"},"image":{"@id":"https:\/\/infopba247.com.ar\/#\/schema\/logo\/image\/"},"sameAs":["https:\/\/www.facebook.com\/InfoPBA"]},{"@type":"Person","@id":"https:\/\/infopba247.com.ar\/#\/schema\/person\/4975f1343a413e57bf839b3eed0099f2","name":"Editor","image":{"@type":"ImageObject","inLanguage":"es","@id":"https:\/\/secure.gravatar.com\/avatar\/d27fe9520667ca53441d36627a1d6b0fa4a813571ec4803687a7a3a7744685ac?s=96&d=mm&r=g","url":"https:\/\/secure.gravatar.com\/avatar\/d27fe9520667ca53441d36627a1d6b0fa4a813571ec4803687a7a3a7744685ac?s=96&d=mm&r=g","contentUrl":"https:\/\/secure.gravatar.com\/avatar\/d27fe9520667ca53441d36627a1d6b0fa4a813571ec4803687a7a3a7744685ac?s=96&d=mm&r=g","caption":"Editor"},"url":"https:\/\/infopba247.com.ar\/index.php\/author\/editor\/"}]}},"_links":{"self":[{"href":"https:\/\/infopba247.com.ar\/index.php\/wp-json\/wp\/v2\/posts\/6844","targetHints":{"allow":["GET"]}}],"collection":[{"href":"https:\/\/infopba247.com.ar\/index.php\/wp-json\/wp\/v2\/posts"}],"about":[{"href":"https:\/\/infopba247.com.ar\/index.php\/wp-json\/wp\/v2\/types\/post"}],"author":[{"embeddable":true,"href":"https:\/\/infopba247.com.ar\/index.php\/wp-json\/wp\/v2\/users\/3"}],"replies":[{"embeddable":true,"href":"https:\/\/infopba247.com.ar\/index.php\/wp-json\/wp\/v2\/comments?post=6844"}],"version-history":[{"count":1,"href":"https:\/\/infopba247.com.ar\/index.php\/wp-json\/wp\/v2\/posts\/6844\/revisions"}],"predecessor-version":[{"id":6849,"href":"https:\/\/infopba247.com.ar\/index.php\/wp-json\/wp\/v2\/posts\/6844\/revisions\/6849"}],"wp:featuredmedia":[{"embeddable":true,"href":"https:\/\/infopba247.com.ar\/index.php\/wp-json\/wp\/v2\/media\/6847"}],"wp:attachment":[{"href":"https:\/\/infopba247.com.ar\/index.php\/wp-json\/wp\/v2\/media?parent=6844"}],"wp:term":[{"taxonomy":"category","embeddable":true,"href":"https:\/\/infopba247.com.ar\/index.php\/wp-json\/wp\/v2\/categories?post=6844"},{"taxonomy":"post_tag","embeddable":true,"href":"https:\/\/infopba247.com.ar\/index.php\/wp-json\/wp\/v2\/tags?post=6844"}],"curies":[{"name":"wp","href":"https:\/\/api.w.org\/{rel}","templated":true}]}}