{"id":6842,"date":"2025-04-21T14:56:44","date_gmt":"2025-04-21T17:56:44","guid":{"rendered":"https:\/\/infopba247.com.ar\/?p=6842"},"modified":"2025-05-05T09:26:15","modified_gmt":"2025-05-05T12:26:15","slug":"finalizo-con-exito-la-4-edicion-de-la-feria-gastronomica-mas-convocante-de-la-region","status":"publish","type":"post","link":"https:\/\/infopba247.com.ar\/index.php\/2025\/04\/21\/finalizo-con-exito-la-4-edicion-de-la-feria-gastronomica-mas-convocante-de-la-region\/","title":{"rendered":"Finaliz\u00f3 con \u00e9xito la 4\u00b0 edici\u00f3n de la Feria Gastron\u00f3mica m\u00e1s convocante de la regi\u00f3n"},"content":{"rendered":"\n<p>En el marco de Semana Santa, Monte Hermoso ofreci\u00f3 tres d\u00edas de charlas, talleres, masterclass de cocina, Feria de Productores y un Patio de Beer y Food Trucks que tuvo lugar en Plaza Parque, desde el viernes 18 hasta el domingo 20 inclusive, en lo que fue la 4\u00b0 edici\u00f3n de la Feria Gastron\u00f3mica \u00abMonte Sabores\u00bb, ya un cl\u00e1sico en el calendario tur\u00edstico anual.<\/p>\n\n\n\n<p>M\u00e1s de 15 stands de comidas y bebidas, Feria de Productores, talleres, charlas y m\u00fasica en vivo formaron parte de esta cuarta edici\u00f3n en un escenario al aire libre que se pudo disfrutar en familia. El domingo, la Feria cerr\u00f3 con la charla y masterclass de la reconocida chef Narda Lepes y el recital gratuito de la banda Garua.<\/p>\n\n\n\n<p>Asimismo, en el marco del Viernes Santo, se llev\u00f3 a cabo la tradicional recreaci\u00f3n de la Pasi\u00f3n de Jesucristo en la Plaza del Calvario en Sauce Grande, en un escenario a cielo abierto donde se desarrollaron escenas que relataron los \u00faltimos momentos de la vida de Jes\u00fas.<\/p>\n\n\n\n<p>Organizado por la Parroquia Stella Maris y Cultura Monte Hermoso, vecinas y vecinos protagonizaron este evento que, desde hace a\u00f1os, forma parte del calendario de Semana Santa en Monte Hermoso.<\/p>\n\n\n\n<p>De esta manera, la ciudad ya se prepara para los pr\u00f3ximos eventos, el Rural Bike del 18 de mayo y la tradicional Fiesta Criolla en Sauce Grande.<\/p>\n","protected":false},"excerpt":{"rendered":"<p>En el marco de Semana Santa, Monte Hermoso ofreci\u00f3 tres d\u00edas de charlas, talleres, masterclass de cocina, Feria de Productores<\/p>\n","protected":false},"author":3,"featured_media":6833,"comment_status":"open","ping_status":"open","sticky":false,"template":"","format":"standard","meta":{"colormag_page_container_layout":"default_layout","colormag_page_sidebar_layout":"default_layout","footnotes":""},"categories":[15],"tags":[],"class_list":["post-6842","post","type-post","status-publish","format-standard","has-post-thumbnail","hentry","category-turismo-y-cultura"],"yoast_head":"<!-- This site is optimized with the Yoast SEO plugin v27.5 - https:\/\/yoast.com\/product\/yoast-seo-wordpress\/ -->\n<title>Finaliz\u00f3 con \u00e9xito la 4\u00b0 edici\u00f3n de la Feria Gastron\u00f3mica m\u00e1s convocante de la regi\u00f3n - InfoPBA247<\/title>\n<meta name=\"robots\" content=\"index, follow, max-snippet:-1, max-image-preview:large, max-video-preview:-1\" \/>\n<link rel=\"canonical\" href=\"https:\/\/infopba247.com.ar\/index.php\/2025\/04\/21\/finalizo-con-exito-la-4-edicion-de-la-feria-gastronomica-mas-convocante-de-la-region\/\" \/>\n<meta property=\"og:locale\" content=\"es_ES\" \/>\n<meta property=\"og:type\" content=\"article\" \/>\n<meta property=\"og:title\" content=\"Finaliz\u00f3 con \u00e9xito la 4\u00b0 edici\u00f3n de la Feria Gastron\u00f3mica m\u00e1s convocante de la regi\u00f3n - InfoPBA247\" \/>\n<meta property=\"og:description\" content=\"En el marco de Semana Santa, Monte Hermoso ofreci\u00f3 tres d\u00edas de charlas, talleres, masterclass de cocina, Feria de Productores\" \/>\n<meta property=\"og:url\" content=\"https:\/\/infopba247.com.ar\/index.php\/2025\/04\/21\/finalizo-con-exito-la-4-edicion-de-la-feria-gastronomica-mas-convocante-de-la-region\/\" \/>\n<meta property=\"og:site_name\" content=\"InfoPBA247\" \/>\n<meta property=\"article:publisher\" content=\"https:\/\/www.facebook.com\/InfoPBA\" \/>\n<meta property=\"article:published_time\" content=\"2025-04-21T17:56:44+00:00\" \/>\n<meta property=\"article:modified_time\" content=\"2025-05-05T12:26:15+00:00\" \/>\n<meta property=\"og:image\" content=\"https:\/\/infopba247.com.ar\/wp-content\/uploads\/2025\/04\/492074801_1158022226365461_3425224535304769426_n-800x445-1.jpg\" \/>\n\t<meta property=\"og:image:width\" content=\"800\" \/>\n\t<meta property=\"og:image:height\" content=\"445\" \/>\n\t<meta property=\"og:image:type\" content=\"image\/jpeg\" \/>\n<meta name=\"author\" content=\"Editor\" \/>\n<meta name=\"twitter:card\" content=\"summary_large_image\" \/>\n<meta name=\"twitter:label1\" content=\"Escrito por\" \/>\n\t<meta name=\"twitter:data1\" content=\"Editor\" \/>\n\t<meta name=\"twitter:label2\" content=\"Tiempo de lectura\" \/>\n\t<meta name=\"twitter:data2\" content=\"2 minutos\" \/>\n<script type=\"application\/ld+json\" class=\"yoast-schema-graph\">{\"@context\":\"https:\\\/\\\/schema.org\",\"@graph\":[{\"@type\":\"Article\",\"@id\":\"https:\\\/\\\/infopba247.com.ar\\\/index.php\\\/2025\\\/04\\\/21\\\/finalizo-con-exito-la-4-edicion-de-la-feria-gastronomica-mas-convocante-de-la-region\\\/#article\",\"isPartOf\":{\"@id\":\"https:\\\/\\\/infopba247.com.ar\\\/index.php\\\/2025\\\/04\\\/21\\\/finalizo-con-exito-la-4-edicion-de-la-feria-gastronomica-mas-convocante-de-la-region\\\/\"},\"author\":{\"name\":\"Editor\",\"@id\":\"https:\\\/\\\/infopba247.com.ar\\\/#\\\/schema\\\/person\\\/4975f1343a413e57bf839b3eed0099f2\"},\"headline\":\"Finaliz\u00f3 con \u00e9xito la 4\u00b0 edici\u00f3n de la Feria Gastron\u00f3mica m\u00e1s convocante de la regi\u00f3n\",\"datePublished\":\"2025-04-21T17:56:44+00:00\",\"dateModified\":\"2025-05-05T12:26:15+00:00\",\"mainEntityOfPage\":{\"@id\":\"https:\\\/\\\/infopba247.com.ar\\\/index.php\\\/2025\\\/04\\\/21\\\/finalizo-con-exito-la-4-edicion-de-la-feria-gastronomica-mas-convocante-de-la-region\\\/\"},\"wordCount\":253,\"commentCount\":0,\"publisher\":{\"@id\":\"https:\\\/\\\/infopba247.com.ar\\\/#organization\"},\"image\":{\"@id\":\"https:\\\/\\\/infopba247.com.ar\\\/index.php\\\/2025\\\/04\\\/21\\\/finalizo-con-exito-la-4-edicion-de-la-feria-gastronomica-mas-convocante-de-la-region\\\/#primaryimage\"},\"thumbnailUrl\":\"https:\\\/\\\/infopba247.com.ar\\\/wp-content\\\/uploads\\\/2025\\\/04\\\/492074801_1158022226365461_3425224535304769426_n-800x445-1.jpg\",\"articleSection\":[\"Turismo y Cultura\"],\"inLanguage\":\"es\",\"potentialAction\":[{\"@type\":\"CommentAction\",\"name\":\"Comment\",\"target\":[\"https:\\\/\\\/infopba247.com.ar\\\/index.php\\\/2025\\\/04\\\/21\\\/finalizo-con-exito-la-4-edicion-de-la-feria-gastronomica-mas-convocante-de-la-region\\\/#respond\"]}]},{\"@type\":\"WebPage\",\"@id\":\"https:\\\/\\\/infopba247.com.ar\\\/index.php\\\/2025\\\/04\\\/21\\\/finalizo-con-exito-la-4-edicion-de-la-feria-gastronomica-mas-convocante-de-la-region\\\/\",\"url\":\"https:\\\/\\\/infopba247.com.ar\\\/index.php\\\/2025\\\/04\\\/21\\\/finalizo-con-exito-la-4-edicion-de-la-feria-gastronomica-mas-convocante-de-la-region\\\/\",\"name\":\"Finaliz\u00f3 con \u00e9xito la 4\u00b0 edici\u00f3n de la Feria Gastron\u00f3mica m\u00e1s convocante de la regi\u00f3n - InfoPBA247\",\"isPartOf\":{\"@id\":\"https:\\\/\\\/infopba247.com.ar\\\/#website\"},\"primaryImageOfPage\":{\"@id\":\"https:\\\/\\\/infopba247.com.ar\\\/index.php\\\/2025\\\/04\\\/21\\\/finalizo-con-exito-la-4-edicion-de-la-feria-gastronomica-mas-convocante-de-la-region\\\/#primaryimage\"},\"image\":{\"@id\":\"https:\\\/\\\/infopba247.com.ar\\\/index.php\\\/2025\\\/04\\\/21\\\/finalizo-con-exito-la-4-edicion-de-la-feria-gastronomica-mas-convocante-de-la-region\\\/#primaryimage\"},\"thumbnailUrl\":\"https:\\\/\\\/infopba247.com.ar\\\/wp-content\\\/uploads\\\/2025\\\/04\\\/492074801_1158022226365461_3425224535304769426_n-800x445-1.jpg\",\"datePublished\":\"2025-04-21T17:56:44+00:00\",\"dateModified\":\"2025-05-05T12:26:15+00:00\",\"breadcrumb\":{\"@id\":\"https:\\\/\\\/infopba247.com.ar\\\/index.php\\\/2025\\\/04\\\/21\\\/finalizo-con-exito-la-4-edicion-de-la-feria-gastronomica-mas-convocante-de-la-region\\\/#breadcrumb\"},\"inLanguage\":\"es\",\"potentialAction\":[{\"@type\":\"ReadAction\",\"target\":[\"https:\\\/\\\/infopba247.com.ar\\\/index.php\\\/2025\\\/04\\\/21\\\/finalizo-con-exito-la-4-edicion-de-la-feria-gastronomica-mas-convocante-de-la-region\\\/\"]}]},{\"@type\":\"ImageObject\",\"inLanguage\":\"es\",\"@id\":\"https:\\\/\\\/infopba247.com.ar\\\/index.php\\\/2025\\\/04\\\/21\\\/finalizo-con-exito-la-4-edicion-de-la-feria-gastronomica-mas-convocante-de-la-region\\\/#primaryimage\",\"url\":\"https:\\\/\\\/infopba247.com.ar\\\/wp-content\\\/uploads\\\/2025\\\/04\\\/492074801_1158022226365461_3425224535304769426_n-800x445-1.jpg\",\"contentUrl\":\"https:\\\/\\\/infopba247.com.ar\\\/wp-content\\\/uploads\\\/2025\\\/04\\\/492074801_1158022226365461_3425224535304769426_n-800x445-1.jpg\",\"width\":800,\"height\":445},{\"@type\":\"BreadcrumbList\",\"@id\":\"https:\\\/\\\/infopba247.com.ar\\\/index.php\\\/2025\\\/04\\\/21\\\/finalizo-con-exito-la-4-edicion-de-la-feria-gastronomica-mas-convocante-de-la-region\\\/#breadcrumb\",\"itemListElement\":[{\"@type\":\"ListItem\",\"position\":1,\"name\":\"Portada\",\"item\":\"https:\\\/\\\/infopba247.com.ar\\\/\"},{\"@type\":\"ListItem\",\"position\":2,\"name\":\"Finaliz\u00f3 con \u00e9xito la 4\u00b0 edici\u00f3n de la Feria Gastron\u00f3mica m\u00e1s convocante de la regi\u00f3n\"}]},{\"@type\":\"WebSite\",\"@id\":\"https:\\\/\\\/infopba247.com.ar\\\/#website\",\"url\":\"https:\\\/\\\/infopba247.com.ar\\\/\",\"name\":\"InfoPBA247\",\"description\":\"Toda la actualidad bonaerense\",\"publisher\":{\"@id\":\"https:\\\/\\\/infopba247.com.ar\\\/#organization\"},\"potentialAction\":[{\"@type\":\"SearchAction\",\"target\":{\"@type\":\"EntryPoint\",\"urlTemplate\":\"https:\\\/\\\/infopba247.com.ar\\\/?s={search_term_string}\"},\"query-input\":{\"@type\":\"PropertyValueSpecification\",\"valueRequired\":true,\"valueName\":\"search_term_string\"}}],\"inLanguage\":\"es\"},{\"@type\":\"Organization\",\"@id\":\"https:\\\/\\\/infopba247.com.ar\\\/#organization\",\"name\":\"InfoPBA247\",\"url\":\"https:\\\/\\\/infopba247.com.ar\\\/\",\"logo\":{\"@type\":\"ImageObject\",\"inLanguage\":\"es\",\"@id\":\"https:\\\/\\\/infopba247.com.ar\\\/#\\\/schema\\\/logo\\\/image\\\/\",\"url\":\"https:\\\/\\\/infopba247.com.ar\\\/wp-content\\\/uploads\\\/2022\\\/03\\\/cropped-InfoPBA247-1.png\",\"contentUrl\":\"https:\\\/\\\/infopba247.com.ar\\\/wp-content\\\/uploads\\\/2022\\\/03\\\/cropped-InfoPBA247-1.png\",\"width\":500,\"height\":122,\"caption\":\"InfoPBA247\"},\"image\":{\"@id\":\"https:\\\/\\\/infopba247.com.ar\\\/#\\\/schema\\\/logo\\\/image\\\/\"},\"sameAs\":[\"https:\\\/\\\/www.facebook.com\\\/InfoPBA\"]},{\"@type\":\"Person\",\"@id\":\"https:\\\/\\\/infopba247.com.ar\\\/#\\\/schema\\\/person\\\/4975f1343a413e57bf839b3eed0099f2\",\"name\":\"Editor\",\"image\":{\"@type\":\"ImageObject\",\"inLanguage\":\"es\",\"@id\":\"https:\\\/\\\/secure.gravatar.com\\\/avatar\\\/d27fe9520667ca53441d36627a1d6b0fa4a813571ec4803687a7a3a7744685ac?s=96&d=mm&r=g\",\"url\":\"https:\\\/\\\/secure.gravatar.com\\\/avatar\\\/d27fe9520667ca53441d36627a1d6b0fa4a813571ec4803687a7a3a7744685ac?s=96&d=mm&r=g\",\"contentUrl\":\"https:\\\/\\\/secure.gravatar.com\\\/avatar\\\/d27fe9520667ca53441d36627a1d6b0fa4a813571ec4803687a7a3a7744685ac?s=96&d=mm&r=g\",\"caption\":\"Editor\"},\"url\":\"https:\\\/\\\/infopba247.com.ar\\\/index.php\\\/author\\\/editor\\\/\"}]}<\/script>\n<!-- \/ Yoast SEO plugin. -->","yoast_head_json":{"title":"Finaliz\u00f3 con \u00e9xito la 4\u00b0 edici\u00f3n de la Feria Gastron\u00f3mica m\u00e1s convocante de la regi\u00f3n - InfoPBA247","robots":{"index":"index","follow":"follow","max-snippet":"max-snippet:-1","max-image-preview":"max-image-preview:large","max-video-preview":"max-video-preview:-1"},"canonical":"https:\/\/infopba247.com.ar\/index.php\/2025\/04\/21\/finalizo-con-exito-la-4-edicion-de-la-feria-gastronomica-mas-convocante-de-la-region\/","og_locale":"es_ES","og_type":"article","og_title":"Finaliz\u00f3 con \u00e9xito la 4\u00b0 edici\u00f3n de la Feria Gastron\u00f3mica m\u00e1s convocante de la regi\u00f3n - InfoPBA247","og_description":"En el marco de Semana Santa, Monte Hermoso ofreci\u00f3 tres d\u00edas de charlas, talleres, masterclass de cocina, Feria de Productores","og_url":"https:\/\/infopba247.com.ar\/index.php\/2025\/04\/21\/finalizo-con-exito-la-4-edicion-de-la-feria-gastronomica-mas-convocante-de-la-region\/","og_site_name":"InfoPBA247","article_publisher":"https:\/\/www.facebook.com\/InfoPBA","article_published_time":"2025-04-21T17:56:44+00:00","article_modified_time":"2025-05-05T12:26:15+00:00","og_image":[{"width":800,"height":445,"url":"https:\/\/infopba247.com.ar\/wp-content\/uploads\/2025\/04\/492074801_1158022226365461_3425224535304769426_n-800x445-1.jpg","type":"image\/jpeg"}],"author":"Editor","twitter_card":"summary_large_image","twitter_misc":{"Escrito por":"Editor","Tiempo de lectura":"2 minutos"},"schema":{"@context":"https:\/\/schema.org","@graph":[{"@type":"Article","@id":"https:\/\/infopba247.com.ar\/index.php\/2025\/04\/21\/finalizo-con-exito-la-4-edicion-de-la-feria-gastronomica-mas-convocante-de-la-region\/#article","isPartOf":{"@id":"https:\/\/infopba247.com.ar\/index.php\/2025\/04\/21\/finalizo-con-exito-la-4-edicion-de-la-feria-gastronomica-mas-convocante-de-la-region\/"},"author":{"name":"Editor","@id":"https:\/\/infopba247.com.ar\/#\/schema\/person\/4975f1343a413e57bf839b3eed0099f2"},"headline":"Finaliz\u00f3 con \u00e9xito la 4\u00b0 edici\u00f3n de la Feria Gastron\u00f3mica m\u00e1s convocante de la regi\u00f3n","datePublished":"2025-04-21T17:56:44+00:00","dateModified":"2025-05-05T12:26:15+00:00","mainEntityOfPage":{"@id":"https:\/\/infopba247.com.ar\/index.php\/2025\/04\/21\/finalizo-con-exito-la-4-edicion-de-la-feria-gastronomica-mas-convocante-de-la-region\/"},"wordCount":253,"commentCount":0,"publisher":{"@id":"https:\/\/infopba247.com.ar\/#organization"},"image":{"@id":"https:\/\/infopba247.com.ar\/index.php\/2025\/04\/21\/finalizo-con-exito-la-4-edicion-de-la-feria-gastronomica-mas-convocante-de-la-region\/#primaryimage"},"thumbnailUrl":"https:\/\/infopba247.com.ar\/wp-content\/uploads\/2025\/04\/492074801_1158022226365461_3425224535304769426_n-800x445-1.jpg","articleSection":["Turismo y Cultura"],"inLanguage":"es","potentialAction":[{"@type":"CommentAction","name":"Comment","target":["https:\/\/infopba247.com.ar\/index.php\/2025\/04\/21\/finalizo-con-exito-la-4-edicion-de-la-feria-gastronomica-mas-convocante-de-la-region\/#respond"]}]},{"@type":"WebPage","@id":"https:\/\/infopba247.com.ar\/index.php\/2025\/04\/21\/finalizo-con-exito-la-4-edicion-de-la-feria-gastronomica-mas-convocante-de-la-region\/","url":"https:\/\/infopba247.com.ar\/index.php\/2025\/04\/21\/finalizo-con-exito-la-4-edicion-de-la-feria-gastronomica-mas-convocante-de-la-region\/","name":"Finaliz\u00f3 con \u00e9xito la 4\u00b0 edici\u00f3n de la Feria Gastron\u00f3mica m\u00e1s convocante de la regi\u00f3n - InfoPBA247","isPartOf":{"@id":"https:\/\/infopba247.com.ar\/#website"},"primaryImageOfPage":{"@id":"https:\/\/infopba247.com.ar\/index.php\/2025\/04\/21\/finalizo-con-exito-la-4-edicion-de-la-feria-gastronomica-mas-convocante-de-la-region\/#primaryimage"},"image":{"@id":"https:\/\/infopba247.com.ar\/index.php\/2025\/04\/21\/finalizo-con-exito-la-4-edicion-de-la-feria-gastronomica-mas-convocante-de-la-region\/#primaryimage"},"thumbnailUrl":"https:\/\/infopba247.com.ar\/wp-content\/uploads\/2025\/04\/492074801_1158022226365461_3425224535304769426_n-800x445-1.jpg","datePublished":"2025-04-21T17:56:44+00:00","dateModified":"2025-05-05T12:26:15+00:00","breadcrumb":{"@id":"https:\/\/infopba247.com.ar\/index.php\/2025\/04\/21\/finalizo-con-exito-la-4-edicion-de-la-feria-gastronomica-mas-convocante-de-la-region\/#breadcrumb"},"inLanguage":"es","potentialAction":[{"@type":"ReadAction","target":["https:\/\/infopba247.com.ar\/index.php\/2025\/04\/21\/finalizo-con-exito-la-4-edicion-de-la-feria-gastronomica-mas-convocante-de-la-region\/"]}]},{"@type":"ImageObject","inLanguage":"es","@id":"https:\/\/infopba247.com.ar\/index.php\/2025\/04\/21\/finalizo-con-exito-la-4-edicion-de-la-feria-gastronomica-mas-convocante-de-la-region\/#primaryimage","url":"https:\/\/infopba247.com.ar\/wp-content\/uploads\/2025\/04\/492074801_1158022226365461_3425224535304769426_n-800x445-1.jpg","contentUrl":"https:\/\/infopba247.com.ar\/wp-content\/uploads\/2025\/04\/492074801_1158022226365461_3425224535304769426_n-800x445-1.jpg","width":800,"height":445},{"@type":"BreadcrumbList","@id":"https:\/\/infopba247.com.ar\/index.php\/2025\/04\/21\/finalizo-con-exito-la-4-edicion-de-la-feria-gastronomica-mas-convocante-de-la-region\/#breadcrumb","itemListElement":[{"@type":"ListItem","position":1,"name":"Portada","item":"https:\/\/infopba247.com.ar\/"},{"@type":"ListItem","position":2,"name":"Finaliz\u00f3 con \u00e9xito la 4\u00b0 edici\u00f3n de la Feria Gastron\u00f3mica m\u00e1s convocante de la regi\u00f3n"}]},{"@type":"WebSite","@id":"https:\/\/infopba247.com.ar\/#website","url":"https:\/\/infopba247.com.ar\/","name":"InfoPBA247","description":"Toda la actualidad bonaerense","publisher":{"@id":"https:\/\/infopba247.com.ar\/#organization"},"potentialAction":[{"@type":"SearchAction","target":{"@type":"EntryPoint","urlTemplate":"https:\/\/infopba247.com.ar\/?s={search_term_string}"},"query-input":{"@type":"PropertyValueSpecification","valueRequired":true,"valueName":"search_term_string"}}],"inLanguage":"es"},{"@type":"Organization","@id":"https:\/\/infopba247.com.ar\/#organization","name":"InfoPBA247","url":"https:\/\/infopba247.com.ar\/","logo":{"@type":"ImageObject","inLanguage":"es","@id":"https:\/\/infopba247.com.ar\/#\/schema\/logo\/image\/","url":"https:\/\/infopba247.com.ar\/wp-content\/uploads\/2022\/03\/cropped-InfoPBA247-1.png","contentUrl":"https:\/\/infopba247.com.ar\/wp-content\/uploads\/2022\/03\/cropped-InfoPBA247-1.png","width":500,"height":122,"caption":"InfoPBA247"},"image":{"@id":"https:\/\/infopba247.com.ar\/#\/schema\/logo\/image\/"},"sameAs":["https:\/\/www.facebook.com\/InfoPBA"]},{"@type":"Person","@id":"https:\/\/infopba247.com.ar\/#\/schema\/person\/4975f1343a413e57bf839b3eed0099f2","name":"Editor","image":{"@type":"ImageObject","inLanguage":"es","@id":"https:\/\/secure.gravatar.com\/avatar\/d27fe9520667ca53441d36627a1d6b0fa4a813571ec4803687a7a3a7744685ac?s=96&d=mm&r=g","url":"https:\/\/secure.gravatar.com\/avatar\/d27fe9520667ca53441d36627a1d6b0fa4a813571ec4803687a7a3a7744685ac?s=96&d=mm&r=g","contentUrl":"https:\/\/secure.gravatar.com\/avatar\/d27fe9520667ca53441d36627a1d6b0fa4a813571ec4803687a7a3a7744685ac?s=96&d=mm&r=g","caption":"Editor"},"url":"https:\/\/infopba247.com.ar\/index.php\/author\/editor\/"}]}},"_links":{"self":[{"href":"https:\/\/infopba247.com.ar\/index.php\/wp-json\/wp\/v2\/posts\/6842","targetHints":{"allow":["GET"]}}],"collection":[{"href":"https:\/\/infopba247.com.ar\/index.php\/wp-json\/wp\/v2\/posts"}],"about":[{"href":"https:\/\/infopba247.com.ar\/index.php\/wp-json\/wp\/v2\/types\/post"}],"author":[{"embeddable":true,"href":"https:\/\/infopba247.com.ar\/index.php\/wp-json\/wp\/v2\/users\/3"}],"replies":[{"embeddable":true,"href":"https:\/\/infopba247.com.ar\/index.php\/wp-json\/wp\/v2\/comments?post=6842"}],"version-history":[{"count":1,"href":"https:\/\/infopba247.com.ar\/index.php\/wp-json\/wp\/v2\/posts\/6842\/revisions"}],"predecessor-version":[{"id":6843,"href":"https:\/\/infopba247.com.ar\/index.php\/wp-json\/wp\/v2\/posts\/6842\/revisions\/6843"}],"wp:featuredmedia":[{"embeddable":true,"href":"https:\/\/infopba247.com.ar\/index.php\/wp-json\/wp\/v2\/media\/6833"}],"wp:attachment":[{"href":"https:\/\/infopba247.com.ar\/index.php\/wp-json\/wp\/v2\/media?parent=6842"}],"wp:term":[{"taxonomy":"category","embeddable":true,"href":"https:\/\/infopba247.com.ar\/index.php\/wp-json\/wp\/v2\/categories?post=6842"},{"taxonomy":"post_tag","embeddable":true,"href":"https:\/\/infopba247.com.ar\/index.php\/wp-json\/wp\/v2\/tags?post=6842"}],"curies":[{"name":"wp","href":"https:\/\/api.w.org\/{rel}","templated":true}]}}