{"id":672,"date":"2022-09-15T09:25:52","date_gmt":"2022-09-15T12:25:52","guid":{"rendered":"https:\/\/infopba247.com.ar\/?p=672"},"modified":"2022-09-15T09:25:53","modified_gmt":"2022-09-15T12:25:53","slug":"paro-por-tiempo-indeterminado-levantan-las-barreras-de-los-peajes-en-la-autopista-la-plata-buenos-aires-y-el-corredor-atlantico","status":"publish","type":"post","link":"https:\/\/infopba247.com.ar\/index.php\/2022\/09\/15\/paro-por-tiempo-indeterminado-levantan-las-barreras-de-los-peajes-en-la-autopista-la-plata-buenos-aires-y-el-corredor-atlantico\/","title":{"rendered":"Paro por tiempo indeterminado: levantan las barreras de los peajes en la Autopista La Plata-Buenos Aires y el Corredor Atl\u00e1ntico"},"content":{"rendered":"\n<p>Durante este mi\u00e9rcoles 14 de septiembre informaron que las barreras de los peajes permanecer\u00e1n levantadas por un paro por tiempo indeterminado.<\/p>\n\n\n\n<p>\u201cNuestra organizaci\u00f3n est\u00e1 realizando una medida de fuerza con levantamiento de barrera, por tiempo indeterminado, en toda la empresa AUBASA y el Sistema Vial Integrado del Atl\u00e1ntico (SVIA)\u201d, informaron los responsables de SUPTA.<\/p>\n\n\n\n<p>Adem\u00e1s, apuntaron contra la \u201cincompetencia, destrato y falta de predisposici\u00f3n de las autoridades\u201d de la firma.<\/p>\n\n\n\n<p>De esta forma quienes circulen por la Autopista La Plata-Buenos Aires y en cualquiera de los corredores que operan bajo la concesi\u00f3n de Autopistas Buenos Aires S.A. (AUBASA) podr\u00e1n pasar gratis por los peajes instalados en todo el trayecto de esa y las dem\u00e1s trazas.<\/p>\n\n\n\n<p>Las autoridades del sindicato salieron con un duro comunicado en el que advirtieron que desde hace varios meses mostraron su intenci\u00f3n de entablar un di\u00e1logo para trabajar en la \u201creconversi\u00f3n laboral\u201d de la actividad.<\/p>\n\n\n\n<p>Y adem\u00e1s denunciaron que la firma no est\u00e1 dispuesta \u201ca sentarse con los trabajadores poniendo en riesgo el futuro de la actividad y la fuente de trabajo de todos y todas\u201d.<\/p>\n\n\n\n<p>En ese marco, compartieron un total de diez puntos que explican la protesta y forman parte de las demandas que pretenden resolver:<\/p>\n\n\n\n<p>No cumplimiento del acuerdo paritario donde se establece la creaci\u00f3n de una mesa bipartita para la aplicaci\u00f3n de la tecnolog\u00eda y reconversi\u00f3n laboral.<br>En pos de la NO creaci\u00f3n de esta mesa para el consenso, se quiere implementar la tecnolog\u00eda a trav\u00e9s de la colocaci\u00f3n de antenas en las v\u00edas de todas las estaciones de AUBASA y el SVIA, sin tener en cuenta al trabajador y un adecuado proceso para proyectar esa implementaci\u00f3n sin afectar la dotaci\u00f3n del personal.<br>Cierre arbitrario de la oficina de atenci\u00f3n al cliente de Mar del Plata. Teniendo en cuenta que la actividad de peaje est\u00e1 en proceso de evoluci\u00f3n y reconversi\u00f3n, el presidente de la empresa pretende mandar al personal de la oficina al peaje, sabiendo que no hay funciones para los mismos.<br>Levantamiento de la base de seguridad vial de San Bernardo. Logro adquirido en el \u00faltimo tiempo para brindar un servicio m\u00e1s efectivo y acortar las distancias de recorrido de los trabajadores.<br>No se puso en marcha la construcci\u00f3n del Centro de Monitoreo de Santa Teresita a pesar de que la licitaci\u00f3n ya fue adjudicada en enero. Siguiendo con la l\u00ednea de la falta de inter\u00e9s por reconvertir al personal, frenaron la construcci\u00f3n del mismo, limitando las posibilidades de reconversi\u00f3n laboral.<br>Persecuci\u00f3n y amenazas a jefes y gerentes de AUBASA que trabajan en conjunto con la organizaci\u00f3n sindical para la correcta reconversi\u00f3n laboral. Est\u00e1n impartiendo temor a trav\u00e9s de sanciones, apercibimientos e incluso, despidos sin causa.<br>Despido del gerente de sistema Cesar Di Lorenzo por trabajar con cautela en la reconversi\u00f3n laboral y no perder fuentes de trabajo.<br>Las condiciones edilicias y de seguridad e higiene, que prometieron mejorar, siguen siendo deplorables.<br>No respetaron el \u00faltimo acuerdo suscrito ante el Ministerio de Naci\u00f3n donde se compromet\u00edan a respetar las condiciones laborales de los trabajadores de corte de pasto, los cuales hace dos meses no tienen funciones. Por otra parte, tampoco realizaron la entrega de indumentaria (verano e invierno) en tiempo y forma.<br>As\u00ed concluyeron que a ra\u00edz de lo descrito es que mantendr\u00e1n la medida de fuerza y seguir\u00e1n \u201calertas y movilizados\u201d a la espera de una salida al conflicto.<\/p>\n","protected":false},"excerpt":{"rendered":"<p>Durante este mi\u00e9rcoles 14 de septiembre informaron que las barreras de los peajes permanecer\u00e1n levantadas por un paro por tiempo<\/p>\n","protected":false},"author":3,"featured_media":673,"comment_status":"closed","ping_status":"closed","sticky":false,"template":"","format":"standard","meta":{"colormag_page_container_layout":"default_layout","colormag_page_sidebar_layout":"default_layout","footnotes":""},"categories":[16],"tags":[],"class_list":["post-672","post","type-post","status-publish","format-standard","has-post-thumbnail","hentry","category-interes-general"],"yoast_head":"<!-- This site is optimized with the Yoast SEO plugin v27.4 - https:\/\/yoast.com\/product\/yoast-seo-wordpress\/ -->\n<title>Paro por tiempo indeterminado: levantan las barreras de los peajes en la Autopista La Plata-Buenos Aires y el Corredor Atl\u00e1ntico - InfoPBA247<\/title>\n<meta name=\"robots\" content=\"index, follow, max-snippet:-1, max-image-preview:large, max-video-preview:-1\" \/>\n<link rel=\"canonical\" href=\"https:\/\/infopba247.com.ar\/index.php\/2022\/09\/15\/paro-por-tiempo-indeterminado-levantan-las-barreras-de-los-peajes-en-la-autopista-la-plata-buenos-aires-y-el-corredor-atlantico\/\" \/>\n<meta property=\"og:locale\" content=\"es_ES\" \/>\n<meta property=\"og:type\" content=\"article\" \/>\n<meta property=\"og:title\" content=\"Paro por tiempo indeterminado: levantan las barreras de los peajes en la Autopista La Plata-Buenos Aires y el Corredor Atl\u00e1ntico - InfoPBA247\" \/>\n<meta property=\"og:description\" content=\"Durante este mi\u00e9rcoles 14 de septiembre informaron que las barreras de los peajes permanecer\u00e1n levantadas por un paro por tiempo\" \/>\n<meta property=\"og:url\" content=\"https:\/\/infopba247.com.ar\/index.php\/2022\/09\/15\/paro-por-tiempo-indeterminado-levantan-las-barreras-de-los-peajes-en-la-autopista-la-plata-buenos-aires-y-el-corredor-atlantico\/\" \/>\n<meta property=\"og:site_name\" content=\"InfoPBA247\" \/>\n<meta property=\"article:publisher\" content=\"https:\/\/www.facebook.com\/InfoPBA\" \/>\n<meta property=\"article:published_time\" content=\"2022-09-15T12:25:52+00:00\" \/>\n<meta property=\"article:modified_time\" content=\"2022-09-15T12:25:53+00:00\" \/>\n<meta property=\"og:image\" content=\"https:\/\/infopba247.com.ar\/wp-content\/uploads\/2022\/09\/peaje2.jpg\" \/>\n\t<meta property=\"og:image:width\" content=\"1200\" \/>\n\t<meta property=\"og:image:height\" content=\"800\" \/>\n\t<meta property=\"og:image:type\" content=\"image\/jpeg\" \/>\n<meta name=\"author\" content=\"Editor\" \/>\n<meta name=\"twitter:card\" content=\"summary_large_image\" \/>\n<meta name=\"twitter:label1\" content=\"Escrito por\" \/>\n\t<meta name=\"twitter:data1\" content=\"Editor\" \/>\n\t<meta name=\"twitter:label2\" content=\"Tiempo de lectura\" \/>\n\t<meta name=\"twitter:data2\" content=\"3 minutos\" \/>\n<script type=\"application\/ld+json\" class=\"yoast-schema-graph\">{\"@context\":\"https:\\\/\\\/schema.org\",\"@graph\":[{\"@type\":\"Article\",\"@id\":\"https:\\\/\\\/infopba247.com.ar\\\/index.php\\\/2022\\\/09\\\/15\\\/paro-por-tiempo-indeterminado-levantan-las-barreras-de-los-peajes-en-la-autopista-la-plata-buenos-aires-y-el-corredor-atlantico\\\/#article\",\"isPartOf\":{\"@id\":\"https:\\\/\\\/infopba247.com.ar\\\/index.php\\\/2022\\\/09\\\/15\\\/paro-por-tiempo-indeterminado-levantan-las-barreras-de-los-peajes-en-la-autopista-la-plata-buenos-aires-y-el-corredor-atlantico\\\/\"},\"author\":{\"name\":\"Editor\",\"@id\":\"https:\\\/\\\/infopba247.com.ar\\\/#\\\/schema\\\/person\\\/4975f1343a413e57bf839b3eed0099f2\"},\"headline\":\"Paro por tiempo indeterminado: levantan las barreras de los peajes en la Autopista La Plata-Buenos Aires y el Corredor Atl\u00e1ntico\",\"datePublished\":\"2022-09-15T12:25:52+00:00\",\"dateModified\":\"2022-09-15T12:25:53+00:00\",\"mainEntityOfPage\":{\"@id\":\"https:\\\/\\\/infopba247.com.ar\\\/index.php\\\/2022\\\/09\\\/15\\\/paro-por-tiempo-indeterminado-levantan-las-barreras-de-los-peajes-en-la-autopista-la-plata-buenos-aires-y-el-corredor-atlantico\\\/\"},\"wordCount\":626,\"publisher\":{\"@id\":\"https:\\\/\\\/infopba247.com.ar\\\/#organization\"},\"image\":{\"@id\":\"https:\\\/\\\/infopba247.com.ar\\\/index.php\\\/2022\\\/09\\\/15\\\/paro-por-tiempo-indeterminado-levantan-las-barreras-de-los-peajes-en-la-autopista-la-plata-buenos-aires-y-el-corredor-atlantico\\\/#primaryimage\"},\"thumbnailUrl\":\"https:\\\/\\\/infopba247.com.ar\\\/wp-content\\\/uploads\\\/2022\\\/09\\\/peaje2.jpg\",\"articleSection\":[\"Inter\u00e9s General\"],\"inLanguage\":\"es\"},{\"@type\":\"WebPage\",\"@id\":\"https:\\\/\\\/infopba247.com.ar\\\/index.php\\\/2022\\\/09\\\/15\\\/paro-por-tiempo-indeterminado-levantan-las-barreras-de-los-peajes-en-la-autopista-la-plata-buenos-aires-y-el-corredor-atlantico\\\/\",\"url\":\"https:\\\/\\\/infopba247.com.ar\\\/index.php\\\/2022\\\/09\\\/15\\\/paro-por-tiempo-indeterminado-levantan-las-barreras-de-los-peajes-en-la-autopista-la-plata-buenos-aires-y-el-corredor-atlantico\\\/\",\"name\":\"Paro por tiempo indeterminado: levantan las barreras de los peajes en la Autopista La Plata-Buenos Aires y el Corredor Atl\u00e1ntico - InfoPBA247\",\"isPartOf\":{\"@id\":\"https:\\\/\\\/infopba247.com.ar\\\/#website\"},\"primaryImageOfPage\":{\"@id\":\"https:\\\/\\\/infopba247.com.ar\\\/index.php\\\/2022\\\/09\\\/15\\\/paro-por-tiempo-indeterminado-levantan-las-barreras-de-los-peajes-en-la-autopista-la-plata-buenos-aires-y-el-corredor-atlantico\\\/#primaryimage\"},\"image\":{\"@id\":\"https:\\\/\\\/infopba247.com.ar\\\/index.php\\\/2022\\\/09\\\/15\\\/paro-por-tiempo-indeterminado-levantan-las-barreras-de-los-peajes-en-la-autopista-la-plata-buenos-aires-y-el-corredor-atlantico\\\/#primaryimage\"},\"thumbnailUrl\":\"https:\\\/\\\/infopba247.com.ar\\\/wp-content\\\/uploads\\\/2022\\\/09\\\/peaje2.jpg\",\"datePublished\":\"2022-09-15T12:25:52+00:00\",\"dateModified\":\"2022-09-15T12:25:53+00:00\",\"breadcrumb\":{\"@id\":\"https:\\\/\\\/infopba247.com.ar\\\/index.php\\\/2022\\\/09\\\/15\\\/paro-por-tiempo-indeterminado-levantan-las-barreras-de-los-peajes-en-la-autopista-la-plata-buenos-aires-y-el-corredor-atlantico\\\/#breadcrumb\"},\"inLanguage\":\"es\",\"potentialAction\":[{\"@type\":\"ReadAction\",\"target\":[\"https:\\\/\\\/infopba247.com.ar\\\/index.php\\\/2022\\\/09\\\/15\\\/paro-por-tiempo-indeterminado-levantan-las-barreras-de-los-peajes-en-la-autopista-la-plata-buenos-aires-y-el-corredor-atlantico\\\/\"]}]},{\"@type\":\"ImageObject\",\"inLanguage\":\"es\",\"@id\":\"https:\\\/\\\/infopba247.com.ar\\\/index.php\\\/2022\\\/09\\\/15\\\/paro-por-tiempo-indeterminado-levantan-las-barreras-de-los-peajes-en-la-autopista-la-plata-buenos-aires-y-el-corredor-atlantico\\\/#primaryimage\",\"url\":\"https:\\\/\\\/infopba247.com.ar\\\/wp-content\\\/uploads\\\/2022\\\/09\\\/peaje2.jpg\",\"contentUrl\":\"https:\\\/\\\/infopba247.com.ar\\\/wp-content\\\/uploads\\\/2022\\\/09\\\/peaje2.jpg\",\"width\":1200,\"height\":800},{\"@type\":\"BreadcrumbList\",\"@id\":\"https:\\\/\\\/infopba247.com.ar\\\/index.php\\\/2022\\\/09\\\/15\\\/paro-por-tiempo-indeterminado-levantan-las-barreras-de-los-peajes-en-la-autopista-la-plata-buenos-aires-y-el-corredor-atlantico\\\/#breadcrumb\",\"itemListElement\":[{\"@type\":\"ListItem\",\"position\":1,\"name\":\"Portada\",\"item\":\"https:\\\/\\\/infopba247.com.ar\\\/\"},{\"@type\":\"ListItem\",\"position\":2,\"name\":\"Paro por tiempo indeterminado: levantan las barreras de los peajes en la Autopista La Plata-Buenos Aires y el Corredor Atl\u00e1ntico\"}]},{\"@type\":\"WebSite\",\"@id\":\"https:\\\/\\\/infopba247.com.ar\\\/#website\",\"url\":\"https:\\\/\\\/infopba247.com.ar\\\/\",\"name\":\"InfoPBA247\",\"description\":\"Toda la actualidad bonaerense\",\"publisher\":{\"@id\":\"https:\\\/\\\/infopba247.com.ar\\\/#organization\"},\"potentialAction\":[{\"@type\":\"SearchAction\",\"target\":{\"@type\":\"EntryPoint\",\"urlTemplate\":\"https:\\\/\\\/infopba247.com.ar\\\/?s={search_term_string}\"},\"query-input\":{\"@type\":\"PropertyValueSpecification\",\"valueRequired\":true,\"valueName\":\"search_term_string\"}}],\"inLanguage\":\"es\"},{\"@type\":\"Organization\",\"@id\":\"https:\\\/\\\/infopba247.com.ar\\\/#organization\",\"name\":\"InfoPBA247\",\"url\":\"https:\\\/\\\/infopba247.com.ar\\\/\",\"logo\":{\"@type\":\"ImageObject\",\"inLanguage\":\"es\",\"@id\":\"https:\\\/\\\/infopba247.com.ar\\\/#\\\/schema\\\/logo\\\/image\\\/\",\"url\":\"https:\\\/\\\/infopba247.com.ar\\\/wp-content\\\/uploads\\\/2022\\\/03\\\/cropped-InfoPBA247-1.png\",\"contentUrl\":\"https:\\\/\\\/infopba247.com.ar\\\/wp-content\\\/uploads\\\/2022\\\/03\\\/cropped-InfoPBA247-1.png\",\"width\":500,\"height\":122,\"caption\":\"InfoPBA247\"},\"image\":{\"@id\":\"https:\\\/\\\/infopba247.com.ar\\\/#\\\/schema\\\/logo\\\/image\\\/\"},\"sameAs\":[\"https:\\\/\\\/www.facebook.com\\\/InfoPBA\"]},{\"@type\":\"Person\",\"@id\":\"https:\\\/\\\/infopba247.com.ar\\\/#\\\/schema\\\/person\\\/4975f1343a413e57bf839b3eed0099f2\",\"name\":\"Editor\",\"image\":{\"@type\":\"ImageObject\",\"inLanguage\":\"es\",\"@id\":\"https:\\\/\\\/secure.gravatar.com\\\/avatar\\\/d27fe9520667ca53441d36627a1d6b0fa4a813571ec4803687a7a3a7744685ac?s=96&d=mm&r=g\",\"url\":\"https:\\\/\\\/secure.gravatar.com\\\/avatar\\\/d27fe9520667ca53441d36627a1d6b0fa4a813571ec4803687a7a3a7744685ac?s=96&d=mm&r=g\",\"contentUrl\":\"https:\\\/\\\/secure.gravatar.com\\\/avatar\\\/d27fe9520667ca53441d36627a1d6b0fa4a813571ec4803687a7a3a7744685ac?s=96&d=mm&r=g\",\"caption\":\"Editor\"},\"url\":\"https:\\\/\\\/infopba247.com.ar\\\/index.php\\\/author\\\/editor\\\/\"}]}<\/script>\n<!-- \/ Yoast SEO plugin. -->","yoast_head_json":{"title":"Paro por tiempo indeterminado: levantan las barreras de los peajes en la Autopista La Plata-Buenos Aires y el Corredor Atl\u00e1ntico - InfoPBA247","robots":{"index":"index","follow":"follow","max-snippet":"max-snippet:-1","max-image-preview":"max-image-preview:large","max-video-preview":"max-video-preview:-1"},"canonical":"https:\/\/infopba247.com.ar\/index.php\/2022\/09\/15\/paro-por-tiempo-indeterminado-levantan-las-barreras-de-los-peajes-en-la-autopista-la-plata-buenos-aires-y-el-corredor-atlantico\/","og_locale":"es_ES","og_type":"article","og_title":"Paro por tiempo indeterminado: levantan las barreras de los peajes en la Autopista La Plata-Buenos Aires y el Corredor Atl\u00e1ntico - InfoPBA247","og_description":"Durante este mi\u00e9rcoles 14 de septiembre informaron que las barreras de los peajes permanecer\u00e1n levantadas por un paro por tiempo","og_url":"https:\/\/infopba247.com.ar\/index.php\/2022\/09\/15\/paro-por-tiempo-indeterminado-levantan-las-barreras-de-los-peajes-en-la-autopista-la-plata-buenos-aires-y-el-corredor-atlantico\/","og_site_name":"InfoPBA247","article_publisher":"https:\/\/www.facebook.com\/InfoPBA","article_published_time":"2022-09-15T12:25:52+00:00","article_modified_time":"2022-09-15T12:25:53+00:00","og_image":[{"width":1200,"height":800,"url":"https:\/\/infopba247.com.ar\/wp-content\/uploads\/2022\/09\/peaje2.jpg","type":"image\/jpeg"}],"author":"Editor","twitter_card":"summary_large_image","twitter_misc":{"Escrito por":"Editor","Tiempo de lectura":"3 minutos"},"schema":{"@context":"https:\/\/schema.org","@graph":[{"@type":"Article","@id":"https:\/\/infopba247.com.ar\/index.php\/2022\/09\/15\/paro-por-tiempo-indeterminado-levantan-las-barreras-de-los-peajes-en-la-autopista-la-plata-buenos-aires-y-el-corredor-atlantico\/#article","isPartOf":{"@id":"https:\/\/infopba247.com.ar\/index.php\/2022\/09\/15\/paro-por-tiempo-indeterminado-levantan-las-barreras-de-los-peajes-en-la-autopista-la-plata-buenos-aires-y-el-corredor-atlantico\/"},"author":{"name":"Editor","@id":"https:\/\/infopba247.com.ar\/#\/schema\/person\/4975f1343a413e57bf839b3eed0099f2"},"headline":"Paro por tiempo indeterminado: levantan las barreras de los peajes en la Autopista La Plata-Buenos Aires y el Corredor Atl\u00e1ntico","datePublished":"2022-09-15T12:25:52+00:00","dateModified":"2022-09-15T12:25:53+00:00","mainEntityOfPage":{"@id":"https:\/\/infopba247.com.ar\/index.php\/2022\/09\/15\/paro-por-tiempo-indeterminado-levantan-las-barreras-de-los-peajes-en-la-autopista-la-plata-buenos-aires-y-el-corredor-atlantico\/"},"wordCount":626,"publisher":{"@id":"https:\/\/infopba247.com.ar\/#organization"},"image":{"@id":"https:\/\/infopba247.com.ar\/index.php\/2022\/09\/15\/paro-por-tiempo-indeterminado-levantan-las-barreras-de-los-peajes-en-la-autopista-la-plata-buenos-aires-y-el-corredor-atlantico\/#primaryimage"},"thumbnailUrl":"https:\/\/infopba247.com.ar\/wp-content\/uploads\/2022\/09\/peaje2.jpg","articleSection":["Inter\u00e9s General"],"inLanguage":"es"},{"@type":"WebPage","@id":"https:\/\/infopba247.com.ar\/index.php\/2022\/09\/15\/paro-por-tiempo-indeterminado-levantan-las-barreras-de-los-peajes-en-la-autopista-la-plata-buenos-aires-y-el-corredor-atlantico\/","url":"https:\/\/infopba247.com.ar\/index.php\/2022\/09\/15\/paro-por-tiempo-indeterminado-levantan-las-barreras-de-los-peajes-en-la-autopista-la-plata-buenos-aires-y-el-corredor-atlantico\/","name":"Paro por tiempo indeterminado: levantan las barreras de los peajes en la Autopista La Plata-Buenos Aires y el Corredor Atl\u00e1ntico - InfoPBA247","isPartOf":{"@id":"https:\/\/infopba247.com.ar\/#website"},"primaryImageOfPage":{"@id":"https:\/\/infopba247.com.ar\/index.php\/2022\/09\/15\/paro-por-tiempo-indeterminado-levantan-las-barreras-de-los-peajes-en-la-autopista-la-plata-buenos-aires-y-el-corredor-atlantico\/#primaryimage"},"image":{"@id":"https:\/\/infopba247.com.ar\/index.php\/2022\/09\/15\/paro-por-tiempo-indeterminado-levantan-las-barreras-de-los-peajes-en-la-autopista-la-plata-buenos-aires-y-el-corredor-atlantico\/#primaryimage"},"thumbnailUrl":"https:\/\/infopba247.com.ar\/wp-content\/uploads\/2022\/09\/peaje2.jpg","datePublished":"2022-09-15T12:25:52+00:00","dateModified":"2022-09-15T12:25:53+00:00","breadcrumb":{"@id":"https:\/\/infopba247.com.ar\/index.php\/2022\/09\/15\/paro-por-tiempo-indeterminado-levantan-las-barreras-de-los-peajes-en-la-autopista-la-plata-buenos-aires-y-el-corredor-atlantico\/#breadcrumb"},"inLanguage":"es","potentialAction":[{"@type":"ReadAction","target":["https:\/\/infopba247.com.ar\/index.php\/2022\/09\/15\/paro-por-tiempo-indeterminado-levantan-las-barreras-de-los-peajes-en-la-autopista-la-plata-buenos-aires-y-el-corredor-atlantico\/"]}]},{"@type":"ImageObject","inLanguage":"es","@id":"https:\/\/infopba247.com.ar\/index.php\/2022\/09\/15\/paro-por-tiempo-indeterminado-levantan-las-barreras-de-los-peajes-en-la-autopista-la-plata-buenos-aires-y-el-corredor-atlantico\/#primaryimage","url":"https:\/\/infopba247.com.ar\/wp-content\/uploads\/2022\/09\/peaje2.jpg","contentUrl":"https:\/\/infopba247.com.ar\/wp-content\/uploads\/2022\/09\/peaje2.jpg","width":1200,"height":800},{"@type":"BreadcrumbList","@id":"https:\/\/infopba247.com.ar\/index.php\/2022\/09\/15\/paro-por-tiempo-indeterminado-levantan-las-barreras-de-los-peajes-en-la-autopista-la-plata-buenos-aires-y-el-corredor-atlantico\/#breadcrumb","itemListElement":[{"@type":"ListItem","position":1,"name":"Portada","item":"https:\/\/infopba247.com.ar\/"},{"@type":"ListItem","position":2,"name":"Paro por tiempo indeterminado: levantan las barreras de los peajes en la Autopista La Plata-Buenos Aires y el Corredor Atl\u00e1ntico"}]},{"@type":"WebSite","@id":"https:\/\/infopba247.com.ar\/#website","url":"https:\/\/infopba247.com.ar\/","name":"InfoPBA247","description":"Toda la actualidad bonaerense","publisher":{"@id":"https:\/\/infopba247.com.ar\/#organization"},"potentialAction":[{"@type":"SearchAction","target":{"@type":"EntryPoint","urlTemplate":"https:\/\/infopba247.com.ar\/?s={search_term_string}"},"query-input":{"@type":"PropertyValueSpecification","valueRequired":true,"valueName":"search_term_string"}}],"inLanguage":"es"},{"@type":"Organization","@id":"https:\/\/infopba247.com.ar\/#organization","name":"InfoPBA247","url":"https:\/\/infopba247.com.ar\/","logo":{"@type":"ImageObject","inLanguage":"es","@id":"https:\/\/infopba247.com.ar\/#\/schema\/logo\/image\/","url":"https:\/\/infopba247.com.ar\/wp-content\/uploads\/2022\/03\/cropped-InfoPBA247-1.png","contentUrl":"https:\/\/infopba247.com.ar\/wp-content\/uploads\/2022\/03\/cropped-InfoPBA247-1.png","width":500,"height":122,"caption":"InfoPBA247"},"image":{"@id":"https:\/\/infopba247.com.ar\/#\/schema\/logo\/image\/"},"sameAs":["https:\/\/www.facebook.com\/InfoPBA"]},{"@type":"Person","@id":"https:\/\/infopba247.com.ar\/#\/schema\/person\/4975f1343a413e57bf839b3eed0099f2","name":"Editor","image":{"@type":"ImageObject","inLanguage":"es","@id":"https:\/\/secure.gravatar.com\/avatar\/d27fe9520667ca53441d36627a1d6b0fa4a813571ec4803687a7a3a7744685ac?s=96&d=mm&r=g","url":"https:\/\/secure.gravatar.com\/avatar\/d27fe9520667ca53441d36627a1d6b0fa4a813571ec4803687a7a3a7744685ac?s=96&d=mm&r=g","contentUrl":"https:\/\/secure.gravatar.com\/avatar\/d27fe9520667ca53441d36627a1d6b0fa4a813571ec4803687a7a3a7744685ac?s=96&d=mm&r=g","caption":"Editor"},"url":"https:\/\/infopba247.com.ar\/index.php\/author\/editor\/"}]}},"_links":{"self":[{"href":"https:\/\/infopba247.com.ar\/index.php\/wp-json\/wp\/v2\/posts\/672","targetHints":{"allow":["GET"]}}],"collection":[{"href":"https:\/\/infopba247.com.ar\/index.php\/wp-json\/wp\/v2\/posts"}],"about":[{"href":"https:\/\/infopba247.com.ar\/index.php\/wp-json\/wp\/v2\/types\/post"}],"author":[{"embeddable":true,"href":"https:\/\/infopba247.com.ar\/index.php\/wp-json\/wp\/v2\/users\/3"}],"replies":[{"embeddable":true,"href":"https:\/\/infopba247.com.ar\/index.php\/wp-json\/wp\/v2\/comments?post=672"}],"version-history":[{"count":1,"href":"https:\/\/infopba247.com.ar\/index.php\/wp-json\/wp\/v2\/posts\/672\/revisions"}],"predecessor-version":[{"id":674,"href":"https:\/\/infopba247.com.ar\/index.php\/wp-json\/wp\/v2\/posts\/672\/revisions\/674"}],"wp:featuredmedia":[{"embeddable":true,"href":"https:\/\/infopba247.com.ar\/index.php\/wp-json\/wp\/v2\/media\/673"}],"wp:attachment":[{"href":"https:\/\/infopba247.com.ar\/index.php\/wp-json\/wp\/v2\/media?parent=672"}],"wp:term":[{"taxonomy":"category","embeddable":true,"href":"https:\/\/infopba247.com.ar\/index.php\/wp-json\/wp\/v2\/categories?post=672"},{"taxonomy":"post_tag","embeddable":true,"href":"https:\/\/infopba247.com.ar\/index.php\/wp-json\/wp\/v2\/tags?post=672"}],"curies":[{"name":"wp","href":"https:\/\/api.w.org\/{rel}","templated":true}]}}