{"id":6711,"date":"2025-03-31T15:00:05","date_gmt":"2025-03-31T18:00:05","guid":{"rendered":"https:\/\/infopba247.com.ar\/?p=6711"},"modified":"2025-03-31T15:00:06","modified_gmt":"2025-03-31T18:00:06","slug":"moreno-conmemorara-el-43-aniversario-de-la-gesta-de-malvinas","status":"publish","type":"post","link":"https:\/\/infopba247.com.ar\/index.php\/2025\/03\/31\/moreno-conmemorara-el-43-aniversario-de-la-gesta-de-malvinas\/","title":{"rendered":"Moreno conmemorar\u00e1 el 43\u00b0 aniversario de la gesta de Malvinas\u00a0"},"content":{"rendered":"\n<p>El Municipio llevar\u00e1 adelante este mi\u00e9rcoles 2 de abril, la conmemoraci\u00f3n del 43\u00b0 aniversario del D\u00eda del Veterano y Veterana, Ex Combatientes y Ca\u00eddos de las Islas Malvinas con una serie de actividades en honor a quienes defendieron la soberan\u00eda argentina.&nbsp;<\/p>\n\n\n\n<p>Como cada a\u00f1o, la jornada iniciar\u00e1 el 1\u00b0 de abril con la tradicional vigilia, desde las 19 horas, en el Museo Malvinas e Islas del Atl\u00e1ntico Sur, ubicado en Justo Daract y Quilmes, en homenaje a los ex combatientes. Un espacio de encuentro y memoria que contar\u00e1 con la presencia de autoridades locales, ex combatientes, vecinas y vecinos. Adem\u00e1s, desde las 20 horas, se presentar\u00e1n el Ballet Sol Argentino, el Ballet Municipal de Moreno, Maty Paredes y Unidad de Traslado.&nbsp;<\/p>\n\n\n\n<p>La jornada continuar\u00e1 el martes 2 de abril, desde las 9 horas, con un acto conmemorativo en la Plaza Dr. Buj\u00e1n, ubicada en Ruta Provincial 7, km. 35,5, en Paso del Rey. La ceremonia contar\u00e1 con el tradicional desfile de ex combatientes junto a representantes de instituciones culturales, educativas y deportivas del distrito.&nbsp;<\/p>\n\n\n\n<p>Desde las 13 horas, el homenaje seguir\u00e1 en el Museo Malvinas e Islas del Atl\u00e1ntico Sur donde se presentar\u00e1n diversos artistas y agrupaciones folcl\u00f3ricas, entre ellos Voces Nativas, Ballet Renacer de una Patria Nueva, Quinto Espacio, D\u00fao Dodd-Orellana, Ballet Libertad Plaza Buj\u00e1n, Taller Folk Ra\u00edces Nuestras, Folk Urbano Ra\u00edces Nuestras, El Rebenque Ballet, Ballet Municipal de Moreno y Los Hermanos Paj\u00f3n.&nbsp;<\/p>\n\n\n\n<p>En Moreno, Malvinas nos une y tendr\u00e1 lugar una jornada de memoria, reflexi\u00f3n y reconocimiento por la defensa de la soberan\u00eda nacional.&nbsp;<\/p>\n","protected":false},"excerpt":{"rendered":"<p>El Municipio llevar\u00e1 adelante este mi\u00e9rcoles 2 de abril, la conmemoraci\u00f3n del 43\u00b0 aniversario del D\u00eda del Veterano y Veterana,<\/p>\n","protected":false},"author":3,"featured_media":6706,"comment_status":"open","ping_status":"open","sticky":false,"template":"","format":"standard","meta":{"colormag_page_container_layout":"default_layout","colormag_page_sidebar_layout":"default_layout","footnotes":""},"categories":[5,1,14],"tags":[],"class_list":["post-6711","post","type-post","status-publish","format-standard","has-post-thumbnail","hentry","category-1ra-seccion","category-destacadas","category-politica"],"yoast_head":"<!-- This site is optimized with the Yoast SEO plugin v27.4 - https:\/\/yoast.com\/product\/yoast-seo-wordpress\/ -->\n<title>Moreno conmemorar\u00e1 el 43\u00b0 aniversario de la gesta de Malvinas\u00a0 - InfoPBA247<\/title>\n<meta name=\"robots\" content=\"index, follow, max-snippet:-1, max-image-preview:large, max-video-preview:-1\" \/>\n<link rel=\"canonical\" href=\"https:\/\/infopba247.com.ar\/index.php\/2025\/03\/31\/moreno-conmemorara-el-43-aniversario-de-la-gesta-de-malvinas\/\" \/>\n<meta property=\"og:locale\" content=\"es_ES\" \/>\n<meta property=\"og:type\" content=\"article\" \/>\n<meta property=\"og:title\" content=\"Moreno conmemorar\u00e1 el 43\u00b0 aniversario de la gesta de Malvinas\u00a0 - InfoPBA247\" \/>\n<meta property=\"og:description\" content=\"El Municipio llevar\u00e1 adelante este mi\u00e9rcoles 2 de abril, la conmemoraci\u00f3n del 43\u00b0 aniversario del D\u00eda del Veterano y Veterana,\" \/>\n<meta property=\"og:url\" content=\"https:\/\/infopba247.com.ar\/index.php\/2025\/03\/31\/moreno-conmemorara-el-43-aniversario-de-la-gesta-de-malvinas\/\" \/>\n<meta property=\"og:site_name\" content=\"InfoPBA247\" \/>\n<meta property=\"article:publisher\" content=\"https:\/\/www.facebook.com\/InfoPBA\" \/>\n<meta property=\"article:published_time\" content=\"2025-03-31T18:00:05+00:00\" \/>\n<meta property=\"article:modified_time\" content=\"2025-03-31T18:00:06+00:00\" \/>\n<meta property=\"og:image\" content=\"https:\/\/infopba247.com.ar\/wp-content\/uploads\/2025\/03\/ACTO-DE-MALVINAS-WEB1-scaled.jpg\" \/>\n\t<meta property=\"og:image:width\" content=\"2560\" \/>\n\t<meta property=\"og:image:height\" content=\"1440\" \/>\n\t<meta property=\"og:image:type\" content=\"image\/jpeg\" \/>\n<meta name=\"author\" content=\"Editor\" \/>\n<meta name=\"twitter:card\" content=\"summary_large_image\" \/>\n<meta name=\"twitter:label1\" content=\"Escrito por\" \/>\n\t<meta name=\"twitter:data1\" content=\"Editor\" \/>\n\t<meta name=\"twitter:label2\" content=\"Tiempo de lectura\" \/>\n\t<meta name=\"twitter:data2\" content=\"2 minutos\" \/>\n<script type=\"application\/ld+json\" class=\"yoast-schema-graph\">{\"@context\":\"https:\\\/\\\/schema.org\",\"@graph\":[{\"@type\":\"Article\",\"@id\":\"https:\\\/\\\/infopba247.com.ar\\\/index.php\\\/2025\\\/03\\\/31\\\/moreno-conmemorara-el-43-aniversario-de-la-gesta-de-malvinas\\\/#article\",\"isPartOf\":{\"@id\":\"https:\\\/\\\/infopba247.com.ar\\\/index.php\\\/2025\\\/03\\\/31\\\/moreno-conmemorara-el-43-aniversario-de-la-gesta-de-malvinas\\\/\"},\"author\":{\"name\":\"Editor\",\"@id\":\"https:\\\/\\\/infopba247.com.ar\\\/#\\\/schema\\\/person\\\/4975f1343a413e57bf839b3eed0099f2\"},\"headline\":\"Moreno conmemorar\u00e1 el 43\u00b0 aniversario de la gesta de Malvinas\u00a0\",\"datePublished\":\"2025-03-31T18:00:05+00:00\",\"dateModified\":\"2025-03-31T18:00:06+00:00\",\"mainEntityOfPage\":{\"@id\":\"https:\\\/\\\/infopba247.com.ar\\\/index.php\\\/2025\\\/03\\\/31\\\/moreno-conmemorara-el-43-aniversario-de-la-gesta-de-malvinas\\\/\"},\"wordCount\":281,\"commentCount\":0,\"publisher\":{\"@id\":\"https:\\\/\\\/infopba247.com.ar\\\/#organization\"},\"image\":{\"@id\":\"https:\\\/\\\/infopba247.com.ar\\\/index.php\\\/2025\\\/03\\\/31\\\/moreno-conmemorara-el-43-aniversario-de-la-gesta-de-malvinas\\\/#primaryimage\"},\"thumbnailUrl\":\"https:\\\/\\\/infopba247.com.ar\\\/wp-content\\\/uploads\\\/2025\\\/03\\\/ACTO-DE-MALVINAS-WEB1-scaled.jpg\",\"articleSection\":[\"1ra Secci\u00f3n\",\"Destacadas\",\"Pol\u00edtica\"],\"inLanguage\":\"es\",\"potentialAction\":[{\"@type\":\"CommentAction\",\"name\":\"Comment\",\"target\":[\"https:\\\/\\\/infopba247.com.ar\\\/index.php\\\/2025\\\/03\\\/31\\\/moreno-conmemorara-el-43-aniversario-de-la-gesta-de-malvinas\\\/#respond\"]}]},{\"@type\":\"WebPage\",\"@id\":\"https:\\\/\\\/infopba247.com.ar\\\/index.php\\\/2025\\\/03\\\/31\\\/moreno-conmemorara-el-43-aniversario-de-la-gesta-de-malvinas\\\/\",\"url\":\"https:\\\/\\\/infopba247.com.ar\\\/index.php\\\/2025\\\/03\\\/31\\\/moreno-conmemorara-el-43-aniversario-de-la-gesta-de-malvinas\\\/\",\"name\":\"Moreno conmemorar\u00e1 el 43\u00b0 aniversario de la gesta de Malvinas\u00a0 - InfoPBA247\",\"isPartOf\":{\"@id\":\"https:\\\/\\\/infopba247.com.ar\\\/#website\"},\"primaryImageOfPage\":{\"@id\":\"https:\\\/\\\/infopba247.com.ar\\\/index.php\\\/2025\\\/03\\\/31\\\/moreno-conmemorara-el-43-aniversario-de-la-gesta-de-malvinas\\\/#primaryimage\"},\"image\":{\"@id\":\"https:\\\/\\\/infopba247.com.ar\\\/index.php\\\/2025\\\/03\\\/31\\\/moreno-conmemorara-el-43-aniversario-de-la-gesta-de-malvinas\\\/#primaryimage\"},\"thumbnailUrl\":\"https:\\\/\\\/infopba247.com.ar\\\/wp-content\\\/uploads\\\/2025\\\/03\\\/ACTO-DE-MALVINAS-WEB1-scaled.jpg\",\"datePublished\":\"2025-03-31T18:00:05+00:00\",\"dateModified\":\"2025-03-31T18:00:06+00:00\",\"breadcrumb\":{\"@id\":\"https:\\\/\\\/infopba247.com.ar\\\/index.php\\\/2025\\\/03\\\/31\\\/moreno-conmemorara-el-43-aniversario-de-la-gesta-de-malvinas\\\/#breadcrumb\"},\"inLanguage\":\"es\",\"potentialAction\":[{\"@type\":\"ReadAction\",\"target\":[\"https:\\\/\\\/infopba247.com.ar\\\/index.php\\\/2025\\\/03\\\/31\\\/moreno-conmemorara-el-43-aniversario-de-la-gesta-de-malvinas\\\/\"]}]},{\"@type\":\"ImageObject\",\"inLanguage\":\"es\",\"@id\":\"https:\\\/\\\/infopba247.com.ar\\\/index.php\\\/2025\\\/03\\\/31\\\/moreno-conmemorara-el-43-aniversario-de-la-gesta-de-malvinas\\\/#primaryimage\",\"url\":\"https:\\\/\\\/infopba247.com.ar\\\/wp-content\\\/uploads\\\/2025\\\/03\\\/ACTO-DE-MALVINAS-WEB1-scaled.jpg\",\"contentUrl\":\"https:\\\/\\\/infopba247.com.ar\\\/wp-content\\\/uploads\\\/2025\\\/03\\\/ACTO-DE-MALVINAS-WEB1-scaled.jpg\",\"width\":2560,\"height\":1440},{\"@type\":\"BreadcrumbList\",\"@id\":\"https:\\\/\\\/infopba247.com.ar\\\/index.php\\\/2025\\\/03\\\/31\\\/moreno-conmemorara-el-43-aniversario-de-la-gesta-de-malvinas\\\/#breadcrumb\",\"itemListElement\":[{\"@type\":\"ListItem\",\"position\":1,\"name\":\"Portada\",\"item\":\"https:\\\/\\\/infopba247.com.ar\\\/\"},{\"@type\":\"ListItem\",\"position\":2,\"name\":\"Moreno conmemorar\u00e1 el 43\u00b0 aniversario de la gesta de Malvinas\u00a0\"}]},{\"@type\":\"WebSite\",\"@id\":\"https:\\\/\\\/infopba247.com.ar\\\/#website\",\"url\":\"https:\\\/\\\/infopba247.com.ar\\\/\",\"name\":\"InfoPBA247\",\"description\":\"Toda la actualidad bonaerense\",\"publisher\":{\"@id\":\"https:\\\/\\\/infopba247.com.ar\\\/#organization\"},\"potentialAction\":[{\"@type\":\"SearchAction\",\"target\":{\"@type\":\"EntryPoint\",\"urlTemplate\":\"https:\\\/\\\/infopba247.com.ar\\\/?s={search_term_string}\"},\"query-input\":{\"@type\":\"PropertyValueSpecification\",\"valueRequired\":true,\"valueName\":\"search_term_string\"}}],\"inLanguage\":\"es\"},{\"@type\":\"Organization\",\"@id\":\"https:\\\/\\\/infopba247.com.ar\\\/#organization\",\"name\":\"InfoPBA247\",\"url\":\"https:\\\/\\\/infopba247.com.ar\\\/\",\"logo\":{\"@type\":\"ImageObject\",\"inLanguage\":\"es\",\"@id\":\"https:\\\/\\\/infopba247.com.ar\\\/#\\\/schema\\\/logo\\\/image\\\/\",\"url\":\"https:\\\/\\\/infopba247.com.ar\\\/wp-content\\\/uploads\\\/2022\\\/03\\\/cropped-InfoPBA247-1.png\",\"contentUrl\":\"https:\\\/\\\/infopba247.com.ar\\\/wp-content\\\/uploads\\\/2022\\\/03\\\/cropped-InfoPBA247-1.png\",\"width\":500,\"height\":122,\"caption\":\"InfoPBA247\"},\"image\":{\"@id\":\"https:\\\/\\\/infopba247.com.ar\\\/#\\\/schema\\\/logo\\\/image\\\/\"},\"sameAs\":[\"https:\\\/\\\/www.facebook.com\\\/InfoPBA\"]},{\"@type\":\"Person\",\"@id\":\"https:\\\/\\\/infopba247.com.ar\\\/#\\\/schema\\\/person\\\/4975f1343a413e57bf839b3eed0099f2\",\"name\":\"Editor\",\"image\":{\"@type\":\"ImageObject\",\"inLanguage\":\"es\",\"@id\":\"https:\\\/\\\/secure.gravatar.com\\\/avatar\\\/d27fe9520667ca53441d36627a1d6b0fa4a813571ec4803687a7a3a7744685ac?s=96&d=mm&r=g\",\"url\":\"https:\\\/\\\/secure.gravatar.com\\\/avatar\\\/d27fe9520667ca53441d36627a1d6b0fa4a813571ec4803687a7a3a7744685ac?s=96&d=mm&r=g\",\"contentUrl\":\"https:\\\/\\\/secure.gravatar.com\\\/avatar\\\/d27fe9520667ca53441d36627a1d6b0fa4a813571ec4803687a7a3a7744685ac?s=96&d=mm&r=g\",\"caption\":\"Editor\"},\"url\":\"https:\\\/\\\/infopba247.com.ar\\\/index.php\\\/author\\\/editor\\\/\"}]}<\/script>\n<!-- \/ Yoast SEO plugin. -->","yoast_head_json":{"title":"Moreno conmemorar\u00e1 el 43\u00b0 aniversario de la gesta de Malvinas\u00a0 - InfoPBA247","robots":{"index":"index","follow":"follow","max-snippet":"max-snippet:-1","max-image-preview":"max-image-preview:large","max-video-preview":"max-video-preview:-1"},"canonical":"https:\/\/infopba247.com.ar\/index.php\/2025\/03\/31\/moreno-conmemorara-el-43-aniversario-de-la-gesta-de-malvinas\/","og_locale":"es_ES","og_type":"article","og_title":"Moreno conmemorar\u00e1 el 43\u00b0 aniversario de la gesta de Malvinas\u00a0 - InfoPBA247","og_description":"El Municipio llevar\u00e1 adelante este mi\u00e9rcoles 2 de abril, la conmemoraci\u00f3n del 43\u00b0 aniversario del D\u00eda del Veterano y Veterana,","og_url":"https:\/\/infopba247.com.ar\/index.php\/2025\/03\/31\/moreno-conmemorara-el-43-aniversario-de-la-gesta-de-malvinas\/","og_site_name":"InfoPBA247","article_publisher":"https:\/\/www.facebook.com\/InfoPBA","article_published_time":"2025-03-31T18:00:05+00:00","article_modified_time":"2025-03-31T18:00:06+00:00","og_image":[{"width":2560,"height":1440,"url":"https:\/\/infopba247.com.ar\/wp-content\/uploads\/2025\/03\/ACTO-DE-MALVINAS-WEB1-scaled.jpg","type":"image\/jpeg"}],"author":"Editor","twitter_card":"summary_large_image","twitter_misc":{"Escrito por":"Editor","Tiempo de lectura":"2 minutos"},"schema":{"@context":"https:\/\/schema.org","@graph":[{"@type":"Article","@id":"https:\/\/infopba247.com.ar\/index.php\/2025\/03\/31\/moreno-conmemorara-el-43-aniversario-de-la-gesta-de-malvinas\/#article","isPartOf":{"@id":"https:\/\/infopba247.com.ar\/index.php\/2025\/03\/31\/moreno-conmemorara-el-43-aniversario-de-la-gesta-de-malvinas\/"},"author":{"name":"Editor","@id":"https:\/\/infopba247.com.ar\/#\/schema\/person\/4975f1343a413e57bf839b3eed0099f2"},"headline":"Moreno conmemorar\u00e1 el 43\u00b0 aniversario de la gesta de Malvinas\u00a0","datePublished":"2025-03-31T18:00:05+00:00","dateModified":"2025-03-31T18:00:06+00:00","mainEntityOfPage":{"@id":"https:\/\/infopba247.com.ar\/index.php\/2025\/03\/31\/moreno-conmemorara-el-43-aniversario-de-la-gesta-de-malvinas\/"},"wordCount":281,"commentCount":0,"publisher":{"@id":"https:\/\/infopba247.com.ar\/#organization"},"image":{"@id":"https:\/\/infopba247.com.ar\/index.php\/2025\/03\/31\/moreno-conmemorara-el-43-aniversario-de-la-gesta-de-malvinas\/#primaryimage"},"thumbnailUrl":"https:\/\/infopba247.com.ar\/wp-content\/uploads\/2025\/03\/ACTO-DE-MALVINAS-WEB1-scaled.jpg","articleSection":["1ra Secci\u00f3n","Destacadas","Pol\u00edtica"],"inLanguage":"es","potentialAction":[{"@type":"CommentAction","name":"Comment","target":["https:\/\/infopba247.com.ar\/index.php\/2025\/03\/31\/moreno-conmemorara-el-43-aniversario-de-la-gesta-de-malvinas\/#respond"]}]},{"@type":"WebPage","@id":"https:\/\/infopba247.com.ar\/index.php\/2025\/03\/31\/moreno-conmemorara-el-43-aniversario-de-la-gesta-de-malvinas\/","url":"https:\/\/infopba247.com.ar\/index.php\/2025\/03\/31\/moreno-conmemorara-el-43-aniversario-de-la-gesta-de-malvinas\/","name":"Moreno conmemorar\u00e1 el 43\u00b0 aniversario de la gesta de Malvinas\u00a0 - InfoPBA247","isPartOf":{"@id":"https:\/\/infopba247.com.ar\/#website"},"primaryImageOfPage":{"@id":"https:\/\/infopba247.com.ar\/index.php\/2025\/03\/31\/moreno-conmemorara-el-43-aniversario-de-la-gesta-de-malvinas\/#primaryimage"},"image":{"@id":"https:\/\/infopba247.com.ar\/index.php\/2025\/03\/31\/moreno-conmemorara-el-43-aniversario-de-la-gesta-de-malvinas\/#primaryimage"},"thumbnailUrl":"https:\/\/infopba247.com.ar\/wp-content\/uploads\/2025\/03\/ACTO-DE-MALVINAS-WEB1-scaled.jpg","datePublished":"2025-03-31T18:00:05+00:00","dateModified":"2025-03-31T18:00:06+00:00","breadcrumb":{"@id":"https:\/\/infopba247.com.ar\/index.php\/2025\/03\/31\/moreno-conmemorara-el-43-aniversario-de-la-gesta-de-malvinas\/#breadcrumb"},"inLanguage":"es","potentialAction":[{"@type":"ReadAction","target":["https:\/\/infopba247.com.ar\/index.php\/2025\/03\/31\/moreno-conmemorara-el-43-aniversario-de-la-gesta-de-malvinas\/"]}]},{"@type":"ImageObject","inLanguage":"es","@id":"https:\/\/infopba247.com.ar\/index.php\/2025\/03\/31\/moreno-conmemorara-el-43-aniversario-de-la-gesta-de-malvinas\/#primaryimage","url":"https:\/\/infopba247.com.ar\/wp-content\/uploads\/2025\/03\/ACTO-DE-MALVINAS-WEB1-scaled.jpg","contentUrl":"https:\/\/infopba247.com.ar\/wp-content\/uploads\/2025\/03\/ACTO-DE-MALVINAS-WEB1-scaled.jpg","width":2560,"height":1440},{"@type":"BreadcrumbList","@id":"https:\/\/infopba247.com.ar\/index.php\/2025\/03\/31\/moreno-conmemorara-el-43-aniversario-de-la-gesta-de-malvinas\/#breadcrumb","itemListElement":[{"@type":"ListItem","position":1,"name":"Portada","item":"https:\/\/infopba247.com.ar\/"},{"@type":"ListItem","position":2,"name":"Moreno conmemorar\u00e1 el 43\u00b0 aniversario de la gesta de Malvinas\u00a0"}]},{"@type":"WebSite","@id":"https:\/\/infopba247.com.ar\/#website","url":"https:\/\/infopba247.com.ar\/","name":"InfoPBA247","description":"Toda la actualidad bonaerense","publisher":{"@id":"https:\/\/infopba247.com.ar\/#organization"},"potentialAction":[{"@type":"SearchAction","target":{"@type":"EntryPoint","urlTemplate":"https:\/\/infopba247.com.ar\/?s={search_term_string}"},"query-input":{"@type":"PropertyValueSpecification","valueRequired":true,"valueName":"search_term_string"}}],"inLanguage":"es"},{"@type":"Organization","@id":"https:\/\/infopba247.com.ar\/#organization","name":"InfoPBA247","url":"https:\/\/infopba247.com.ar\/","logo":{"@type":"ImageObject","inLanguage":"es","@id":"https:\/\/infopba247.com.ar\/#\/schema\/logo\/image\/","url":"https:\/\/infopba247.com.ar\/wp-content\/uploads\/2022\/03\/cropped-InfoPBA247-1.png","contentUrl":"https:\/\/infopba247.com.ar\/wp-content\/uploads\/2022\/03\/cropped-InfoPBA247-1.png","width":500,"height":122,"caption":"InfoPBA247"},"image":{"@id":"https:\/\/infopba247.com.ar\/#\/schema\/logo\/image\/"},"sameAs":["https:\/\/www.facebook.com\/InfoPBA"]},{"@type":"Person","@id":"https:\/\/infopba247.com.ar\/#\/schema\/person\/4975f1343a413e57bf839b3eed0099f2","name":"Editor","image":{"@type":"ImageObject","inLanguage":"es","@id":"https:\/\/secure.gravatar.com\/avatar\/d27fe9520667ca53441d36627a1d6b0fa4a813571ec4803687a7a3a7744685ac?s=96&d=mm&r=g","url":"https:\/\/secure.gravatar.com\/avatar\/d27fe9520667ca53441d36627a1d6b0fa4a813571ec4803687a7a3a7744685ac?s=96&d=mm&r=g","contentUrl":"https:\/\/secure.gravatar.com\/avatar\/d27fe9520667ca53441d36627a1d6b0fa4a813571ec4803687a7a3a7744685ac?s=96&d=mm&r=g","caption":"Editor"},"url":"https:\/\/infopba247.com.ar\/index.php\/author\/editor\/"}]}},"_links":{"self":[{"href":"https:\/\/infopba247.com.ar\/index.php\/wp-json\/wp\/v2\/posts\/6711","targetHints":{"allow":["GET"]}}],"collection":[{"href":"https:\/\/infopba247.com.ar\/index.php\/wp-json\/wp\/v2\/posts"}],"about":[{"href":"https:\/\/infopba247.com.ar\/index.php\/wp-json\/wp\/v2\/types\/post"}],"author":[{"embeddable":true,"href":"https:\/\/infopba247.com.ar\/index.php\/wp-json\/wp\/v2\/users\/3"}],"replies":[{"embeddable":true,"href":"https:\/\/infopba247.com.ar\/index.php\/wp-json\/wp\/v2\/comments?post=6711"}],"version-history":[{"count":1,"href":"https:\/\/infopba247.com.ar\/index.php\/wp-json\/wp\/v2\/posts\/6711\/revisions"}],"predecessor-version":[{"id":6712,"href":"https:\/\/infopba247.com.ar\/index.php\/wp-json\/wp\/v2\/posts\/6711\/revisions\/6712"}],"wp:featuredmedia":[{"embeddable":true,"href":"https:\/\/infopba247.com.ar\/index.php\/wp-json\/wp\/v2\/media\/6706"}],"wp:attachment":[{"href":"https:\/\/infopba247.com.ar\/index.php\/wp-json\/wp\/v2\/media?parent=6711"}],"wp:term":[{"taxonomy":"category","embeddable":true,"href":"https:\/\/infopba247.com.ar\/index.php\/wp-json\/wp\/v2\/categories?post=6711"},{"taxonomy":"post_tag","embeddable":true,"href":"https:\/\/infopba247.com.ar\/index.php\/wp-json\/wp\/v2\/tags?post=6711"}],"curies":[{"name":"wp","href":"https:\/\/api.w.org\/{rel}","templated":true}]}}