{"id":6709,"date":"2025-03-31T14:59:37","date_gmt":"2025-03-31T17:59:37","guid":{"rendered":"https:\/\/infopba247.com.ar\/?p=6709"},"modified":"2025-03-31T14:59:37","modified_gmt":"2025-03-31T17:59:37","slug":"nahuel-pennisi-participara-de-la-inauguracion-de-la-casa-de-la-cultura-en-monte-hermoso","status":"publish","type":"post","link":"https:\/\/infopba247.com.ar\/index.php\/2025\/03\/31\/nahuel-pennisi-participara-de-la-inauguracion-de-la-casa-de-la-cultura-en-monte-hermoso\/","title":{"rendered":"Nahuel Pennisi participar\u00e1 de la inauguraci\u00f3n de la Casa de la Cultura en Monte Hermoso"},"content":{"rendered":"\n<p>Ma\u00f1ana martes 1\u00b0 de abril a las 18:30 horas, en el marco de la celebraci\u00f3n por el 46\u00b0 aniversario de la ciudad, se inaugurar\u00e1 la Casa de la Cultura ubicada en Patagonia 547, que contar\u00e1 con la presencia del reconocido cantante Nahuel Pennisi.<\/p>\n\n\n\n<p>Este rescate cultural de lo que fuera el primer local nocturno de Monte Hermoso, bautizado \u201cTico Tico\u201d y al que asist\u00edan personalidades de la \u00e9poca para disfrutar del arte y la m\u00fasica en vivo, fue impulsado por el intendente Hern\u00e1n Arranz con el objetivo de fortalecer y unificar el desarrollo de las distintas expresiones art\u00edsticas y culturales.<\/p>\n\n\n\n<p>La inauguraci\u00f3n de este emblem\u00e1tico lugar ser\u00e1 abierta a la comunidad y contar\u00e1 con presentaciones simult\u00e1neas en los distintos espacios que componen el predio de m\u00e1s de tres mil metros cuadrados.<\/p>\n\n\n\n<p>Adem\u00e1s, ese mismo 1\u00b0 de abril a las 11 horas, con la presencia del Jefe Comunal, tambi\u00e9n se inaugurar\u00e1 el nuevo Paseo Bulevar en el ingreso al ejido urbano que inicia en la intersecci\u00f3n de Bosque Alegre y Av. Majluf hasta la calle Alem, punto de acceso a la Terminal de \u00d3mnibus.<\/p>\n\n\n\n<p>Por otro lado, a las 12.30 horas se presentar\u00e1 en conferencia de prensa el Programa HABITAR Monte Hermoso de acceso a lotes para vivienda \u00fanica que podr\u00e1 seguirse en vivo por el canal de YouTube de Monte Hermoso Ciudad o bien en sus redes sociales.<\/p>\n","protected":false},"excerpt":{"rendered":"<p>Ma\u00f1ana martes 1\u00b0 de abril a las 18:30 horas, en el marco de la celebraci\u00f3n por el 46\u00b0 aniversario de<\/p>\n","protected":false},"author":3,"featured_media":6704,"comment_status":"open","ping_status":"open","sticky":false,"template":"","format":"standard","meta":{"colormag_page_container_layout":"default_layout","colormag_page_sidebar_layout":"default_layout","footnotes":""},"categories":[15],"tags":[],"class_list":["post-6709","post","type-post","status-publish","format-standard","has-post-thumbnail","hentry","category-turismo-y-cultura"],"yoast_head":"<!-- This site is optimized with the Yoast SEO plugin v27.4 - https:\/\/yoast.com\/product\/yoast-seo-wordpress\/ -->\n<title>Nahuel Pennisi participar\u00e1 de la inauguraci\u00f3n de la Casa de la Cultura en Monte Hermoso - InfoPBA247<\/title>\n<meta name=\"robots\" content=\"index, follow, max-snippet:-1, max-image-preview:large, max-video-preview:-1\" \/>\n<link rel=\"canonical\" href=\"https:\/\/infopba247.com.ar\/index.php\/2025\/03\/31\/nahuel-pennisi-participara-de-la-inauguracion-de-la-casa-de-la-cultura-en-monte-hermoso\/\" \/>\n<meta property=\"og:locale\" content=\"es_ES\" \/>\n<meta property=\"og:type\" content=\"article\" \/>\n<meta property=\"og:title\" content=\"Nahuel Pennisi participar\u00e1 de la inauguraci\u00f3n de la Casa de la Cultura en Monte Hermoso - InfoPBA247\" \/>\n<meta property=\"og:description\" content=\"Ma\u00f1ana martes 1\u00b0 de abril a las 18:30 horas, en el marco de la celebraci\u00f3n por el 46\u00b0 aniversario de\" \/>\n<meta property=\"og:url\" content=\"https:\/\/infopba247.com.ar\/index.php\/2025\/03\/31\/nahuel-pennisi-participara-de-la-inauguracion-de-la-casa-de-la-cultura-en-monte-hermoso\/\" \/>\n<meta property=\"og:site_name\" content=\"InfoPBA247\" \/>\n<meta property=\"article:publisher\" content=\"https:\/\/www.facebook.com\/InfoPBA\" \/>\n<meta property=\"article:published_time\" content=\"2025-03-31T17:59:37+00:00\" \/>\n<meta property=\"og:image\" content=\"https:\/\/infopba247.com.ar\/wp-content\/uploads\/2025\/03\/nahuel-pennisi-show-2022-1-800x445-1.jpg\" \/>\n\t<meta property=\"og:image:width\" content=\"800\" \/>\n\t<meta property=\"og:image:height\" content=\"445\" \/>\n\t<meta property=\"og:image:type\" content=\"image\/jpeg\" \/>\n<meta name=\"author\" content=\"Editor\" \/>\n<meta name=\"twitter:card\" content=\"summary_large_image\" \/>\n<meta name=\"twitter:label1\" content=\"Escrito por\" \/>\n\t<meta name=\"twitter:data1\" content=\"Editor\" \/>\n\t<meta name=\"twitter:label2\" content=\"Tiempo de lectura\" \/>\n\t<meta name=\"twitter:data2\" content=\"2 minutos\" \/>\n<script type=\"application\/ld+json\" class=\"yoast-schema-graph\">{\"@context\":\"https:\\\/\\\/schema.org\",\"@graph\":[{\"@type\":\"Article\",\"@id\":\"https:\\\/\\\/infopba247.com.ar\\\/index.php\\\/2025\\\/03\\\/31\\\/nahuel-pennisi-participara-de-la-inauguracion-de-la-casa-de-la-cultura-en-monte-hermoso\\\/#article\",\"isPartOf\":{\"@id\":\"https:\\\/\\\/infopba247.com.ar\\\/index.php\\\/2025\\\/03\\\/31\\\/nahuel-pennisi-participara-de-la-inauguracion-de-la-casa-de-la-cultura-en-monte-hermoso\\\/\"},\"author\":{\"name\":\"Editor\",\"@id\":\"https:\\\/\\\/infopba247.com.ar\\\/#\\\/schema\\\/person\\\/4975f1343a413e57bf839b3eed0099f2\"},\"headline\":\"Nahuel Pennisi participar\u00e1 de la inauguraci\u00f3n de la Casa de la Cultura en Monte Hermoso\",\"datePublished\":\"2025-03-31T17:59:37+00:00\",\"mainEntityOfPage\":{\"@id\":\"https:\\\/\\\/infopba247.com.ar\\\/index.php\\\/2025\\\/03\\\/31\\\/nahuel-pennisi-participara-de-la-inauguracion-de-la-casa-de-la-cultura-en-monte-hermoso\\\/\"},\"wordCount\":250,\"commentCount\":0,\"publisher\":{\"@id\":\"https:\\\/\\\/infopba247.com.ar\\\/#organization\"},\"image\":{\"@id\":\"https:\\\/\\\/infopba247.com.ar\\\/index.php\\\/2025\\\/03\\\/31\\\/nahuel-pennisi-participara-de-la-inauguracion-de-la-casa-de-la-cultura-en-monte-hermoso\\\/#primaryimage\"},\"thumbnailUrl\":\"https:\\\/\\\/infopba247.com.ar\\\/wp-content\\\/uploads\\\/2025\\\/03\\\/nahuel-pennisi-show-2022-1-800x445-1.jpg\",\"articleSection\":[\"Turismo y Cultura\"],\"inLanguage\":\"es\",\"potentialAction\":[{\"@type\":\"CommentAction\",\"name\":\"Comment\",\"target\":[\"https:\\\/\\\/infopba247.com.ar\\\/index.php\\\/2025\\\/03\\\/31\\\/nahuel-pennisi-participara-de-la-inauguracion-de-la-casa-de-la-cultura-en-monte-hermoso\\\/#respond\"]}]},{\"@type\":\"WebPage\",\"@id\":\"https:\\\/\\\/infopba247.com.ar\\\/index.php\\\/2025\\\/03\\\/31\\\/nahuel-pennisi-participara-de-la-inauguracion-de-la-casa-de-la-cultura-en-monte-hermoso\\\/\",\"url\":\"https:\\\/\\\/infopba247.com.ar\\\/index.php\\\/2025\\\/03\\\/31\\\/nahuel-pennisi-participara-de-la-inauguracion-de-la-casa-de-la-cultura-en-monte-hermoso\\\/\",\"name\":\"Nahuel Pennisi participar\u00e1 de la inauguraci\u00f3n de la Casa de la Cultura en Monte Hermoso - InfoPBA247\",\"isPartOf\":{\"@id\":\"https:\\\/\\\/infopba247.com.ar\\\/#website\"},\"primaryImageOfPage\":{\"@id\":\"https:\\\/\\\/infopba247.com.ar\\\/index.php\\\/2025\\\/03\\\/31\\\/nahuel-pennisi-participara-de-la-inauguracion-de-la-casa-de-la-cultura-en-monte-hermoso\\\/#primaryimage\"},\"image\":{\"@id\":\"https:\\\/\\\/infopba247.com.ar\\\/index.php\\\/2025\\\/03\\\/31\\\/nahuel-pennisi-participara-de-la-inauguracion-de-la-casa-de-la-cultura-en-monte-hermoso\\\/#primaryimage\"},\"thumbnailUrl\":\"https:\\\/\\\/infopba247.com.ar\\\/wp-content\\\/uploads\\\/2025\\\/03\\\/nahuel-pennisi-show-2022-1-800x445-1.jpg\",\"datePublished\":\"2025-03-31T17:59:37+00:00\",\"breadcrumb\":{\"@id\":\"https:\\\/\\\/infopba247.com.ar\\\/index.php\\\/2025\\\/03\\\/31\\\/nahuel-pennisi-participara-de-la-inauguracion-de-la-casa-de-la-cultura-en-monte-hermoso\\\/#breadcrumb\"},\"inLanguage\":\"es\",\"potentialAction\":[{\"@type\":\"ReadAction\",\"target\":[\"https:\\\/\\\/infopba247.com.ar\\\/index.php\\\/2025\\\/03\\\/31\\\/nahuel-pennisi-participara-de-la-inauguracion-de-la-casa-de-la-cultura-en-monte-hermoso\\\/\"]}]},{\"@type\":\"ImageObject\",\"inLanguage\":\"es\",\"@id\":\"https:\\\/\\\/infopba247.com.ar\\\/index.php\\\/2025\\\/03\\\/31\\\/nahuel-pennisi-participara-de-la-inauguracion-de-la-casa-de-la-cultura-en-monte-hermoso\\\/#primaryimage\",\"url\":\"https:\\\/\\\/infopba247.com.ar\\\/wp-content\\\/uploads\\\/2025\\\/03\\\/nahuel-pennisi-show-2022-1-800x445-1.jpg\",\"contentUrl\":\"https:\\\/\\\/infopba247.com.ar\\\/wp-content\\\/uploads\\\/2025\\\/03\\\/nahuel-pennisi-show-2022-1-800x445-1.jpg\",\"width\":800,\"height\":445},{\"@type\":\"BreadcrumbList\",\"@id\":\"https:\\\/\\\/infopba247.com.ar\\\/index.php\\\/2025\\\/03\\\/31\\\/nahuel-pennisi-participara-de-la-inauguracion-de-la-casa-de-la-cultura-en-monte-hermoso\\\/#breadcrumb\",\"itemListElement\":[{\"@type\":\"ListItem\",\"position\":1,\"name\":\"Portada\",\"item\":\"https:\\\/\\\/infopba247.com.ar\\\/\"},{\"@type\":\"ListItem\",\"position\":2,\"name\":\"Nahuel Pennisi participar\u00e1 de la inauguraci\u00f3n de la Casa de la Cultura en Monte Hermoso\"}]},{\"@type\":\"WebSite\",\"@id\":\"https:\\\/\\\/infopba247.com.ar\\\/#website\",\"url\":\"https:\\\/\\\/infopba247.com.ar\\\/\",\"name\":\"InfoPBA247\",\"description\":\"Toda la actualidad bonaerense\",\"publisher\":{\"@id\":\"https:\\\/\\\/infopba247.com.ar\\\/#organization\"},\"potentialAction\":[{\"@type\":\"SearchAction\",\"target\":{\"@type\":\"EntryPoint\",\"urlTemplate\":\"https:\\\/\\\/infopba247.com.ar\\\/?s={search_term_string}\"},\"query-input\":{\"@type\":\"PropertyValueSpecification\",\"valueRequired\":true,\"valueName\":\"search_term_string\"}}],\"inLanguage\":\"es\"},{\"@type\":\"Organization\",\"@id\":\"https:\\\/\\\/infopba247.com.ar\\\/#organization\",\"name\":\"InfoPBA247\",\"url\":\"https:\\\/\\\/infopba247.com.ar\\\/\",\"logo\":{\"@type\":\"ImageObject\",\"inLanguage\":\"es\",\"@id\":\"https:\\\/\\\/infopba247.com.ar\\\/#\\\/schema\\\/logo\\\/image\\\/\",\"url\":\"https:\\\/\\\/infopba247.com.ar\\\/wp-content\\\/uploads\\\/2022\\\/03\\\/cropped-InfoPBA247-1.png\",\"contentUrl\":\"https:\\\/\\\/infopba247.com.ar\\\/wp-content\\\/uploads\\\/2022\\\/03\\\/cropped-InfoPBA247-1.png\",\"width\":500,\"height\":122,\"caption\":\"InfoPBA247\"},\"image\":{\"@id\":\"https:\\\/\\\/infopba247.com.ar\\\/#\\\/schema\\\/logo\\\/image\\\/\"},\"sameAs\":[\"https:\\\/\\\/www.facebook.com\\\/InfoPBA\"]},{\"@type\":\"Person\",\"@id\":\"https:\\\/\\\/infopba247.com.ar\\\/#\\\/schema\\\/person\\\/4975f1343a413e57bf839b3eed0099f2\",\"name\":\"Editor\",\"image\":{\"@type\":\"ImageObject\",\"inLanguage\":\"es\",\"@id\":\"https:\\\/\\\/secure.gravatar.com\\\/avatar\\\/d27fe9520667ca53441d36627a1d6b0fa4a813571ec4803687a7a3a7744685ac?s=96&d=mm&r=g\",\"url\":\"https:\\\/\\\/secure.gravatar.com\\\/avatar\\\/d27fe9520667ca53441d36627a1d6b0fa4a813571ec4803687a7a3a7744685ac?s=96&d=mm&r=g\",\"contentUrl\":\"https:\\\/\\\/secure.gravatar.com\\\/avatar\\\/d27fe9520667ca53441d36627a1d6b0fa4a813571ec4803687a7a3a7744685ac?s=96&d=mm&r=g\",\"caption\":\"Editor\"},\"url\":\"https:\\\/\\\/infopba247.com.ar\\\/index.php\\\/author\\\/editor\\\/\"}]}<\/script>\n<!-- \/ Yoast SEO plugin. -->","yoast_head_json":{"title":"Nahuel Pennisi participar\u00e1 de la inauguraci\u00f3n de la Casa de la Cultura en Monte Hermoso - InfoPBA247","robots":{"index":"index","follow":"follow","max-snippet":"max-snippet:-1","max-image-preview":"max-image-preview:large","max-video-preview":"max-video-preview:-1"},"canonical":"https:\/\/infopba247.com.ar\/index.php\/2025\/03\/31\/nahuel-pennisi-participara-de-la-inauguracion-de-la-casa-de-la-cultura-en-monte-hermoso\/","og_locale":"es_ES","og_type":"article","og_title":"Nahuel Pennisi participar\u00e1 de la inauguraci\u00f3n de la Casa de la Cultura en Monte Hermoso - InfoPBA247","og_description":"Ma\u00f1ana martes 1\u00b0 de abril a las 18:30 horas, en el marco de la celebraci\u00f3n por el 46\u00b0 aniversario de","og_url":"https:\/\/infopba247.com.ar\/index.php\/2025\/03\/31\/nahuel-pennisi-participara-de-la-inauguracion-de-la-casa-de-la-cultura-en-monte-hermoso\/","og_site_name":"InfoPBA247","article_publisher":"https:\/\/www.facebook.com\/InfoPBA","article_published_time":"2025-03-31T17:59:37+00:00","og_image":[{"width":800,"height":445,"url":"https:\/\/infopba247.com.ar\/wp-content\/uploads\/2025\/03\/nahuel-pennisi-show-2022-1-800x445-1.jpg","type":"image\/jpeg"}],"author":"Editor","twitter_card":"summary_large_image","twitter_misc":{"Escrito por":"Editor","Tiempo de lectura":"2 minutos"},"schema":{"@context":"https:\/\/schema.org","@graph":[{"@type":"Article","@id":"https:\/\/infopba247.com.ar\/index.php\/2025\/03\/31\/nahuel-pennisi-participara-de-la-inauguracion-de-la-casa-de-la-cultura-en-monte-hermoso\/#article","isPartOf":{"@id":"https:\/\/infopba247.com.ar\/index.php\/2025\/03\/31\/nahuel-pennisi-participara-de-la-inauguracion-de-la-casa-de-la-cultura-en-monte-hermoso\/"},"author":{"name":"Editor","@id":"https:\/\/infopba247.com.ar\/#\/schema\/person\/4975f1343a413e57bf839b3eed0099f2"},"headline":"Nahuel Pennisi participar\u00e1 de la inauguraci\u00f3n de la Casa de la Cultura en Monte Hermoso","datePublished":"2025-03-31T17:59:37+00:00","mainEntityOfPage":{"@id":"https:\/\/infopba247.com.ar\/index.php\/2025\/03\/31\/nahuel-pennisi-participara-de-la-inauguracion-de-la-casa-de-la-cultura-en-monte-hermoso\/"},"wordCount":250,"commentCount":0,"publisher":{"@id":"https:\/\/infopba247.com.ar\/#organization"},"image":{"@id":"https:\/\/infopba247.com.ar\/index.php\/2025\/03\/31\/nahuel-pennisi-participara-de-la-inauguracion-de-la-casa-de-la-cultura-en-monte-hermoso\/#primaryimage"},"thumbnailUrl":"https:\/\/infopba247.com.ar\/wp-content\/uploads\/2025\/03\/nahuel-pennisi-show-2022-1-800x445-1.jpg","articleSection":["Turismo y Cultura"],"inLanguage":"es","potentialAction":[{"@type":"CommentAction","name":"Comment","target":["https:\/\/infopba247.com.ar\/index.php\/2025\/03\/31\/nahuel-pennisi-participara-de-la-inauguracion-de-la-casa-de-la-cultura-en-monte-hermoso\/#respond"]}]},{"@type":"WebPage","@id":"https:\/\/infopba247.com.ar\/index.php\/2025\/03\/31\/nahuel-pennisi-participara-de-la-inauguracion-de-la-casa-de-la-cultura-en-monte-hermoso\/","url":"https:\/\/infopba247.com.ar\/index.php\/2025\/03\/31\/nahuel-pennisi-participara-de-la-inauguracion-de-la-casa-de-la-cultura-en-monte-hermoso\/","name":"Nahuel Pennisi participar\u00e1 de la inauguraci\u00f3n de la Casa de la Cultura en Monte Hermoso - InfoPBA247","isPartOf":{"@id":"https:\/\/infopba247.com.ar\/#website"},"primaryImageOfPage":{"@id":"https:\/\/infopba247.com.ar\/index.php\/2025\/03\/31\/nahuel-pennisi-participara-de-la-inauguracion-de-la-casa-de-la-cultura-en-monte-hermoso\/#primaryimage"},"image":{"@id":"https:\/\/infopba247.com.ar\/index.php\/2025\/03\/31\/nahuel-pennisi-participara-de-la-inauguracion-de-la-casa-de-la-cultura-en-monte-hermoso\/#primaryimage"},"thumbnailUrl":"https:\/\/infopba247.com.ar\/wp-content\/uploads\/2025\/03\/nahuel-pennisi-show-2022-1-800x445-1.jpg","datePublished":"2025-03-31T17:59:37+00:00","breadcrumb":{"@id":"https:\/\/infopba247.com.ar\/index.php\/2025\/03\/31\/nahuel-pennisi-participara-de-la-inauguracion-de-la-casa-de-la-cultura-en-monte-hermoso\/#breadcrumb"},"inLanguage":"es","potentialAction":[{"@type":"ReadAction","target":["https:\/\/infopba247.com.ar\/index.php\/2025\/03\/31\/nahuel-pennisi-participara-de-la-inauguracion-de-la-casa-de-la-cultura-en-monte-hermoso\/"]}]},{"@type":"ImageObject","inLanguage":"es","@id":"https:\/\/infopba247.com.ar\/index.php\/2025\/03\/31\/nahuel-pennisi-participara-de-la-inauguracion-de-la-casa-de-la-cultura-en-monte-hermoso\/#primaryimage","url":"https:\/\/infopba247.com.ar\/wp-content\/uploads\/2025\/03\/nahuel-pennisi-show-2022-1-800x445-1.jpg","contentUrl":"https:\/\/infopba247.com.ar\/wp-content\/uploads\/2025\/03\/nahuel-pennisi-show-2022-1-800x445-1.jpg","width":800,"height":445},{"@type":"BreadcrumbList","@id":"https:\/\/infopba247.com.ar\/index.php\/2025\/03\/31\/nahuel-pennisi-participara-de-la-inauguracion-de-la-casa-de-la-cultura-en-monte-hermoso\/#breadcrumb","itemListElement":[{"@type":"ListItem","position":1,"name":"Portada","item":"https:\/\/infopba247.com.ar\/"},{"@type":"ListItem","position":2,"name":"Nahuel Pennisi participar\u00e1 de la inauguraci\u00f3n de la Casa de la Cultura en Monte Hermoso"}]},{"@type":"WebSite","@id":"https:\/\/infopba247.com.ar\/#website","url":"https:\/\/infopba247.com.ar\/","name":"InfoPBA247","description":"Toda la actualidad bonaerense","publisher":{"@id":"https:\/\/infopba247.com.ar\/#organization"},"potentialAction":[{"@type":"SearchAction","target":{"@type":"EntryPoint","urlTemplate":"https:\/\/infopba247.com.ar\/?s={search_term_string}"},"query-input":{"@type":"PropertyValueSpecification","valueRequired":true,"valueName":"search_term_string"}}],"inLanguage":"es"},{"@type":"Organization","@id":"https:\/\/infopba247.com.ar\/#organization","name":"InfoPBA247","url":"https:\/\/infopba247.com.ar\/","logo":{"@type":"ImageObject","inLanguage":"es","@id":"https:\/\/infopba247.com.ar\/#\/schema\/logo\/image\/","url":"https:\/\/infopba247.com.ar\/wp-content\/uploads\/2022\/03\/cropped-InfoPBA247-1.png","contentUrl":"https:\/\/infopba247.com.ar\/wp-content\/uploads\/2022\/03\/cropped-InfoPBA247-1.png","width":500,"height":122,"caption":"InfoPBA247"},"image":{"@id":"https:\/\/infopba247.com.ar\/#\/schema\/logo\/image\/"},"sameAs":["https:\/\/www.facebook.com\/InfoPBA"]},{"@type":"Person","@id":"https:\/\/infopba247.com.ar\/#\/schema\/person\/4975f1343a413e57bf839b3eed0099f2","name":"Editor","image":{"@type":"ImageObject","inLanguage":"es","@id":"https:\/\/secure.gravatar.com\/avatar\/d27fe9520667ca53441d36627a1d6b0fa4a813571ec4803687a7a3a7744685ac?s=96&d=mm&r=g","url":"https:\/\/secure.gravatar.com\/avatar\/d27fe9520667ca53441d36627a1d6b0fa4a813571ec4803687a7a3a7744685ac?s=96&d=mm&r=g","contentUrl":"https:\/\/secure.gravatar.com\/avatar\/d27fe9520667ca53441d36627a1d6b0fa4a813571ec4803687a7a3a7744685ac?s=96&d=mm&r=g","caption":"Editor"},"url":"https:\/\/infopba247.com.ar\/index.php\/author\/editor\/"}]}},"_links":{"self":[{"href":"https:\/\/infopba247.com.ar\/index.php\/wp-json\/wp\/v2\/posts\/6709","targetHints":{"allow":["GET"]}}],"collection":[{"href":"https:\/\/infopba247.com.ar\/index.php\/wp-json\/wp\/v2\/posts"}],"about":[{"href":"https:\/\/infopba247.com.ar\/index.php\/wp-json\/wp\/v2\/types\/post"}],"author":[{"embeddable":true,"href":"https:\/\/infopba247.com.ar\/index.php\/wp-json\/wp\/v2\/users\/3"}],"replies":[{"embeddable":true,"href":"https:\/\/infopba247.com.ar\/index.php\/wp-json\/wp\/v2\/comments?post=6709"}],"version-history":[{"count":1,"href":"https:\/\/infopba247.com.ar\/index.php\/wp-json\/wp\/v2\/posts\/6709\/revisions"}],"predecessor-version":[{"id":6710,"href":"https:\/\/infopba247.com.ar\/index.php\/wp-json\/wp\/v2\/posts\/6709\/revisions\/6710"}],"wp:featuredmedia":[{"embeddable":true,"href":"https:\/\/infopba247.com.ar\/index.php\/wp-json\/wp\/v2\/media\/6704"}],"wp:attachment":[{"href":"https:\/\/infopba247.com.ar\/index.php\/wp-json\/wp\/v2\/media?parent=6709"}],"wp:term":[{"taxonomy":"category","embeddable":true,"href":"https:\/\/infopba247.com.ar\/index.php\/wp-json\/wp\/v2\/categories?post=6709"},{"taxonomy":"post_tag","embeddable":true,"href":"https:\/\/infopba247.com.ar\/index.php\/wp-json\/wp\/v2\/tags?post=6709"}],"curies":[{"name":"wp","href":"https:\/\/api.w.org\/{rel}","templated":true}]}}