{"id":6703,"date":"2025-03-31T14:59:10","date_gmt":"2025-03-31T17:59:10","guid":{"rendered":"https:\/\/infopba247.com.ar\/?p=6703"},"modified":"2025-03-31T14:59:11","modified_gmt":"2025-03-31T17:59:11","slug":"sustentabilidad-identidad-y-estetica-los-ejes-de-la-reforestacion-integral-de-plaza-san-martin","status":"publish","type":"post","link":"https:\/\/infopba247.com.ar\/index.php\/2025\/03\/31\/sustentabilidad-identidad-y-estetica-los-ejes-de-la-reforestacion-integral-de-plaza-san-martin\/","title":{"rendered":"Sustentabilidad, identidad y est\u00e9tica, los ejes de la reforestaci\u00f3n integral de Plaza San Mart\u00edn\u00a0"},"content":{"rendered":"\n<p>En el marco de la reconstrucci\u00f3n de la Plaza San Mart\u00edn, la Municipalidad concret\u00f3 un dise\u00f1o paisaj\u00edstico con especies aut\u00f3ctonas con el fin de mantener los corredores biol\u00f3gicos interconectados, permitir los procesos ecol\u00f3gicos, propiciar una mayor tolerancia a las inclemencias clim\u00e1ticas y favorecer el ahorro de agua, respetando y jerarquizando la identidad forestal platense.&nbsp; &nbsp;<\/p>\n\n\n\n<p>En ese sentido, en la continuidad de los ejes de las avenidas 51 y 53 se emplazaron canteros anchos con ejemplares de gran tama\u00f1o de ibir\u00e1 pita, una especie de la familia de las leguminosas que aporta nitr\u00f3geno al suelo y florece desde noviembre hasta febrero, y canteros laterales con salvias blancas y celestes y otras gram\u00edneas del g\u00e9nero penisetum de distinta altura.&nbsp;<\/p>\n\n\n\n<p>Respetando el dise\u00f1o original, los canteros centrales de la plaza se completaron con ejemplares faltantes de ceibo, otra leguminosa nativa que representa al pa\u00eds y brinda llamativas flores rojas, mientras que en el eje central, uniendo los edificios de la Legislatura y la Gobernaci\u00f3n, se instal\u00f3 un gran solado con canteros dotados de salvias rojas y blancas y tulbalghias rosadas.&nbsp;<\/p>\n\n\n\n<p>Por otro lado, alrededor del monumento a San Mart\u00edn se plantaron rosas rojas sevillanas acompa\u00f1adas de salvias en tonos claros y otras gram\u00edneas en tonos oscuros, y junto a la escultura de las Madres de Plaza de Mayo se colocaron rosas iceberg de pie bajo y color blanco en alusi\u00f3n a los emblem\u00e1ticos pa\u00f1uelos. &nbsp;<\/p>\n\n\n\n<p>Asimismo, en direcci\u00f3n al Centro Cultural Pasaje Dardo Rocha y con el fin de ampliar la visual y resignificar el reto\u00f1o del pino de la Batalla de San Lorenzo, se estableci\u00f3 un gran cantero circular con vinca major, herb\u00e1cea rastrera de hojas color verde oscuro que florece en primavera y verano; al tiempo que se agregaron tilos para completar los faltantes en el arbolado de alineaci\u00f3n de la plaza. &nbsp;<\/p>\n\n\n\n<p>Cabe destacar que las especies elegidas, en su mayor\u00eda nativas, atraen gran cantidad de aves e insectos en busca de alimento y anidamiento que contribuyen a la polinizaci\u00f3n, por lo que en las distintas \u00e9pocas del a\u00f1o podr\u00e1n observarse colibr\u00edes, abejas mel\u00edferas, abejorros, escarabajos, polillas nocturnas y variedad de mariposas.&nbsp;<\/p>\n","protected":false},"excerpt":{"rendered":"<p>En el marco de la reconstrucci\u00f3n de la Plaza San Mart\u00edn, la Municipalidad concret\u00f3 un dise\u00f1o paisaj\u00edstico con especies aut\u00f3ctonas<\/p>\n","protected":false},"author":3,"featured_media":6707,"comment_status":"open","ping_status":"open","sticky":false,"template":"","format":"standard","meta":{"colormag_page_container_layout":"default_layout","colormag_page_sidebar_layout":"default_layout","footnotes":""},"categories":[12,1,14],"tags":[],"class_list":["post-6703","post","type-post","status-publish","format-standard","has-post-thumbnail","hentry","category-8va-seccion","category-destacadas","category-politica"],"yoast_head":"<!-- This site is optimized with the Yoast SEO plugin v27.4 - https:\/\/yoast.com\/product\/yoast-seo-wordpress\/ -->\n<title>Sustentabilidad, identidad y est\u00e9tica, los ejes de la reforestaci\u00f3n integral de Plaza San Mart\u00edn\u00a0 - InfoPBA247<\/title>\n<meta name=\"robots\" content=\"index, follow, max-snippet:-1, max-image-preview:large, max-video-preview:-1\" \/>\n<link rel=\"canonical\" href=\"https:\/\/infopba247.com.ar\/index.php\/2025\/03\/31\/sustentabilidad-identidad-y-estetica-los-ejes-de-la-reforestacion-integral-de-plaza-san-martin\/\" \/>\n<meta property=\"og:locale\" content=\"es_ES\" \/>\n<meta property=\"og:type\" content=\"article\" \/>\n<meta property=\"og:title\" content=\"Sustentabilidad, identidad y est\u00e9tica, los ejes de la reforestaci\u00f3n integral de Plaza San Mart\u00edn\u00a0 - InfoPBA247\" \/>\n<meta property=\"og:description\" content=\"En el marco de la reconstrucci\u00f3n de la Plaza San Mart\u00edn, la Municipalidad concret\u00f3 un dise\u00f1o paisaj\u00edstico con especies aut\u00f3ctonas\" \/>\n<meta property=\"og:url\" content=\"https:\/\/infopba247.com.ar\/index.php\/2025\/03\/31\/sustentabilidad-identidad-y-estetica-los-ejes-de-la-reforestacion-integral-de-plaza-san-martin\/\" \/>\n<meta property=\"og:site_name\" content=\"InfoPBA247\" \/>\n<meta property=\"article:publisher\" content=\"https:\/\/www.facebook.com\/InfoPBA\" \/>\n<meta property=\"article:published_time\" content=\"2025-03-31T17:59:10+00:00\" \/>\n<meta property=\"article:modified_time\" content=\"2025-03-31T17:59:11+00:00\" \/>\n<meta property=\"og:image\" content=\"https:\/\/infopba247.com.ar\/wp-content\/uploads\/2025\/03\/unnamed-2025-03-31T144935.104.jpg\" \/>\n\t<meta property=\"og:image:width\" content=\"1600\" \/>\n\t<meta property=\"og:image:height\" content=\"1063\" \/>\n\t<meta property=\"og:image:type\" content=\"image\/jpeg\" \/>\n<meta name=\"author\" content=\"Editor\" \/>\n<meta name=\"twitter:card\" content=\"summary_large_image\" \/>\n<meta name=\"twitter:label1\" content=\"Escrito por\" \/>\n\t<meta name=\"twitter:data1\" content=\"Editor\" \/>\n\t<meta name=\"twitter:label2\" content=\"Tiempo de lectura\" \/>\n\t<meta name=\"twitter:data2\" content=\"2 minutos\" \/>\n<script type=\"application\/ld+json\" class=\"yoast-schema-graph\">{\"@context\":\"https:\\\/\\\/schema.org\",\"@graph\":[{\"@type\":\"Article\",\"@id\":\"https:\\\/\\\/infopba247.com.ar\\\/index.php\\\/2025\\\/03\\\/31\\\/sustentabilidad-identidad-y-estetica-los-ejes-de-la-reforestacion-integral-de-plaza-san-martin\\\/#article\",\"isPartOf\":{\"@id\":\"https:\\\/\\\/infopba247.com.ar\\\/index.php\\\/2025\\\/03\\\/31\\\/sustentabilidad-identidad-y-estetica-los-ejes-de-la-reforestacion-integral-de-plaza-san-martin\\\/\"},\"author\":{\"name\":\"Editor\",\"@id\":\"https:\\\/\\\/infopba247.com.ar\\\/#\\\/schema\\\/person\\\/4975f1343a413e57bf839b3eed0099f2\"},\"headline\":\"Sustentabilidad, identidad y est\u00e9tica, los ejes de la reforestaci\u00f3n integral de Plaza San Mart\u00edn\u00a0\",\"datePublished\":\"2025-03-31T17:59:10+00:00\",\"dateModified\":\"2025-03-31T17:59:11+00:00\",\"mainEntityOfPage\":{\"@id\":\"https:\\\/\\\/infopba247.com.ar\\\/index.php\\\/2025\\\/03\\\/31\\\/sustentabilidad-identidad-y-estetica-los-ejes-de-la-reforestacion-integral-de-plaza-san-martin\\\/\"},\"wordCount\":403,\"commentCount\":0,\"publisher\":{\"@id\":\"https:\\\/\\\/infopba247.com.ar\\\/#organization\"},\"image\":{\"@id\":\"https:\\\/\\\/infopba247.com.ar\\\/index.php\\\/2025\\\/03\\\/31\\\/sustentabilidad-identidad-y-estetica-los-ejes-de-la-reforestacion-integral-de-plaza-san-martin\\\/#primaryimage\"},\"thumbnailUrl\":\"https:\\\/\\\/infopba247.com.ar\\\/wp-content\\\/uploads\\\/2025\\\/03\\\/unnamed-2025-03-31T144935.104.jpg\",\"articleSection\":[\"8va Secci\u00f3n\",\"Destacadas\",\"Pol\u00edtica\"],\"inLanguage\":\"es\",\"potentialAction\":[{\"@type\":\"CommentAction\",\"name\":\"Comment\",\"target\":[\"https:\\\/\\\/infopba247.com.ar\\\/index.php\\\/2025\\\/03\\\/31\\\/sustentabilidad-identidad-y-estetica-los-ejes-de-la-reforestacion-integral-de-plaza-san-martin\\\/#respond\"]}]},{\"@type\":\"WebPage\",\"@id\":\"https:\\\/\\\/infopba247.com.ar\\\/index.php\\\/2025\\\/03\\\/31\\\/sustentabilidad-identidad-y-estetica-los-ejes-de-la-reforestacion-integral-de-plaza-san-martin\\\/\",\"url\":\"https:\\\/\\\/infopba247.com.ar\\\/index.php\\\/2025\\\/03\\\/31\\\/sustentabilidad-identidad-y-estetica-los-ejes-de-la-reforestacion-integral-de-plaza-san-martin\\\/\",\"name\":\"Sustentabilidad, identidad y est\u00e9tica, los ejes de la reforestaci\u00f3n integral de Plaza San Mart\u00edn\u00a0 - InfoPBA247\",\"isPartOf\":{\"@id\":\"https:\\\/\\\/infopba247.com.ar\\\/#website\"},\"primaryImageOfPage\":{\"@id\":\"https:\\\/\\\/infopba247.com.ar\\\/index.php\\\/2025\\\/03\\\/31\\\/sustentabilidad-identidad-y-estetica-los-ejes-de-la-reforestacion-integral-de-plaza-san-martin\\\/#primaryimage\"},\"image\":{\"@id\":\"https:\\\/\\\/infopba247.com.ar\\\/index.php\\\/2025\\\/03\\\/31\\\/sustentabilidad-identidad-y-estetica-los-ejes-de-la-reforestacion-integral-de-plaza-san-martin\\\/#primaryimage\"},\"thumbnailUrl\":\"https:\\\/\\\/infopba247.com.ar\\\/wp-content\\\/uploads\\\/2025\\\/03\\\/unnamed-2025-03-31T144935.104.jpg\",\"datePublished\":\"2025-03-31T17:59:10+00:00\",\"dateModified\":\"2025-03-31T17:59:11+00:00\",\"breadcrumb\":{\"@id\":\"https:\\\/\\\/infopba247.com.ar\\\/index.php\\\/2025\\\/03\\\/31\\\/sustentabilidad-identidad-y-estetica-los-ejes-de-la-reforestacion-integral-de-plaza-san-martin\\\/#breadcrumb\"},\"inLanguage\":\"es\",\"potentialAction\":[{\"@type\":\"ReadAction\",\"target\":[\"https:\\\/\\\/infopba247.com.ar\\\/index.php\\\/2025\\\/03\\\/31\\\/sustentabilidad-identidad-y-estetica-los-ejes-de-la-reforestacion-integral-de-plaza-san-martin\\\/\"]}]},{\"@type\":\"ImageObject\",\"inLanguage\":\"es\",\"@id\":\"https:\\\/\\\/infopba247.com.ar\\\/index.php\\\/2025\\\/03\\\/31\\\/sustentabilidad-identidad-y-estetica-los-ejes-de-la-reforestacion-integral-de-plaza-san-martin\\\/#primaryimage\",\"url\":\"https:\\\/\\\/infopba247.com.ar\\\/wp-content\\\/uploads\\\/2025\\\/03\\\/unnamed-2025-03-31T144935.104.jpg\",\"contentUrl\":\"https:\\\/\\\/infopba247.com.ar\\\/wp-content\\\/uploads\\\/2025\\\/03\\\/unnamed-2025-03-31T144935.104.jpg\",\"width\":1600,\"height\":1063},{\"@type\":\"BreadcrumbList\",\"@id\":\"https:\\\/\\\/infopba247.com.ar\\\/index.php\\\/2025\\\/03\\\/31\\\/sustentabilidad-identidad-y-estetica-los-ejes-de-la-reforestacion-integral-de-plaza-san-martin\\\/#breadcrumb\",\"itemListElement\":[{\"@type\":\"ListItem\",\"position\":1,\"name\":\"Portada\",\"item\":\"https:\\\/\\\/infopba247.com.ar\\\/\"},{\"@type\":\"ListItem\",\"position\":2,\"name\":\"Sustentabilidad, identidad y est\u00e9tica, los ejes de la reforestaci\u00f3n integral de Plaza San Mart\u00edn\u00a0\"}]},{\"@type\":\"WebSite\",\"@id\":\"https:\\\/\\\/infopba247.com.ar\\\/#website\",\"url\":\"https:\\\/\\\/infopba247.com.ar\\\/\",\"name\":\"InfoPBA247\",\"description\":\"Toda la actualidad bonaerense\",\"publisher\":{\"@id\":\"https:\\\/\\\/infopba247.com.ar\\\/#organization\"},\"potentialAction\":[{\"@type\":\"SearchAction\",\"target\":{\"@type\":\"EntryPoint\",\"urlTemplate\":\"https:\\\/\\\/infopba247.com.ar\\\/?s={search_term_string}\"},\"query-input\":{\"@type\":\"PropertyValueSpecification\",\"valueRequired\":true,\"valueName\":\"search_term_string\"}}],\"inLanguage\":\"es\"},{\"@type\":\"Organization\",\"@id\":\"https:\\\/\\\/infopba247.com.ar\\\/#organization\",\"name\":\"InfoPBA247\",\"url\":\"https:\\\/\\\/infopba247.com.ar\\\/\",\"logo\":{\"@type\":\"ImageObject\",\"inLanguage\":\"es\",\"@id\":\"https:\\\/\\\/infopba247.com.ar\\\/#\\\/schema\\\/logo\\\/image\\\/\",\"url\":\"https:\\\/\\\/infopba247.com.ar\\\/wp-content\\\/uploads\\\/2022\\\/03\\\/cropped-InfoPBA247-1.png\",\"contentUrl\":\"https:\\\/\\\/infopba247.com.ar\\\/wp-content\\\/uploads\\\/2022\\\/03\\\/cropped-InfoPBA247-1.png\",\"width\":500,\"height\":122,\"caption\":\"InfoPBA247\"},\"image\":{\"@id\":\"https:\\\/\\\/infopba247.com.ar\\\/#\\\/schema\\\/logo\\\/image\\\/\"},\"sameAs\":[\"https:\\\/\\\/www.facebook.com\\\/InfoPBA\"]},{\"@type\":\"Person\",\"@id\":\"https:\\\/\\\/infopba247.com.ar\\\/#\\\/schema\\\/person\\\/4975f1343a413e57bf839b3eed0099f2\",\"name\":\"Editor\",\"image\":{\"@type\":\"ImageObject\",\"inLanguage\":\"es\",\"@id\":\"https:\\\/\\\/secure.gravatar.com\\\/avatar\\\/d27fe9520667ca53441d36627a1d6b0fa4a813571ec4803687a7a3a7744685ac?s=96&d=mm&r=g\",\"url\":\"https:\\\/\\\/secure.gravatar.com\\\/avatar\\\/d27fe9520667ca53441d36627a1d6b0fa4a813571ec4803687a7a3a7744685ac?s=96&d=mm&r=g\",\"contentUrl\":\"https:\\\/\\\/secure.gravatar.com\\\/avatar\\\/d27fe9520667ca53441d36627a1d6b0fa4a813571ec4803687a7a3a7744685ac?s=96&d=mm&r=g\",\"caption\":\"Editor\"},\"url\":\"https:\\\/\\\/infopba247.com.ar\\\/index.php\\\/author\\\/editor\\\/\"}]}<\/script>\n<!-- \/ Yoast SEO plugin. -->","yoast_head_json":{"title":"Sustentabilidad, identidad y est\u00e9tica, los ejes de la reforestaci\u00f3n integral de Plaza San Mart\u00edn\u00a0 - InfoPBA247","robots":{"index":"index","follow":"follow","max-snippet":"max-snippet:-1","max-image-preview":"max-image-preview:large","max-video-preview":"max-video-preview:-1"},"canonical":"https:\/\/infopba247.com.ar\/index.php\/2025\/03\/31\/sustentabilidad-identidad-y-estetica-los-ejes-de-la-reforestacion-integral-de-plaza-san-martin\/","og_locale":"es_ES","og_type":"article","og_title":"Sustentabilidad, identidad y est\u00e9tica, los ejes de la reforestaci\u00f3n integral de Plaza San Mart\u00edn\u00a0 - InfoPBA247","og_description":"En el marco de la reconstrucci\u00f3n de la Plaza San Mart\u00edn, la Municipalidad concret\u00f3 un dise\u00f1o paisaj\u00edstico con especies aut\u00f3ctonas","og_url":"https:\/\/infopba247.com.ar\/index.php\/2025\/03\/31\/sustentabilidad-identidad-y-estetica-los-ejes-de-la-reforestacion-integral-de-plaza-san-martin\/","og_site_name":"InfoPBA247","article_publisher":"https:\/\/www.facebook.com\/InfoPBA","article_published_time":"2025-03-31T17:59:10+00:00","article_modified_time":"2025-03-31T17:59:11+00:00","og_image":[{"width":1600,"height":1063,"url":"https:\/\/infopba247.com.ar\/wp-content\/uploads\/2025\/03\/unnamed-2025-03-31T144935.104.jpg","type":"image\/jpeg"}],"author":"Editor","twitter_card":"summary_large_image","twitter_misc":{"Escrito por":"Editor","Tiempo de lectura":"2 minutos"},"schema":{"@context":"https:\/\/schema.org","@graph":[{"@type":"Article","@id":"https:\/\/infopba247.com.ar\/index.php\/2025\/03\/31\/sustentabilidad-identidad-y-estetica-los-ejes-de-la-reforestacion-integral-de-plaza-san-martin\/#article","isPartOf":{"@id":"https:\/\/infopba247.com.ar\/index.php\/2025\/03\/31\/sustentabilidad-identidad-y-estetica-los-ejes-de-la-reforestacion-integral-de-plaza-san-martin\/"},"author":{"name":"Editor","@id":"https:\/\/infopba247.com.ar\/#\/schema\/person\/4975f1343a413e57bf839b3eed0099f2"},"headline":"Sustentabilidad, identidad y est\u00e9tica, los ejes de la reforestaci\u00f3n integral de Plaza San Mart\u00edn\u00a0","datePublished":"2025-03-31T17:59:10+00:00","dateModified":"2025-03-31T17:59:11+00:00","mainEntityOfPage":{"@id":"https:\/\/infopba247.com.ar\/index.php\/2025\/03\/31\/sustentabilidad-identidad-y-estetica-los-ejes-de-la-reforestacion-integral-de-plaza-san-martin\/"},"wordCount":403,"commentCount":0,"publisher":{"@id":"https:\/\/infopba247.com.ar\/#organization"},"image":{"@id":"https:\/\/infopba247.com.ar\/index.php\/2025\/03\/31\/sustentabilidad-identidad-y-estetica-los-ejes-de-la-reforestacion-integral-de-plaza-san-martin\/#primaryimage"},"thumbnailUrl":"https:\/\/infopba247.com.ar\/wp-content\/uploads\/2025\/03\/unnamed-2025-03-31T144935.104.jpg","articleSection":["8va Secci\u00f3n","Destacadas","Pol\u00edtica"],"inLanguage":"es","potentialAction":[{"@type":"CommentAction","name":"Comment","target":["https:\/\/infopba247.com.ar\/index.php\/2025\/03\/31\/sustentabilidad-identidad-y-estetica-los-ejes-de-la-reforestacion-integral-de-plaza-san-martin\/#respond"]}]},{"@type":"WebPage","@id":"https:\/\/infopba247.com.ar\/index.php\/2025\/03\/31\/sustentabilidad-identidad-y-estetica-los-ejes-de-la-reforestacion-integral-de-plaza-san-martin\/","url":"https:\/\/infopba247.com.ar\/index.php\/2025\/03\/31\/sustentabilidad-identidad-y-estetica-los-ejes-de-la-reforestacion-integral-de-plaza-san-martin\/","name":"Sustentabilidad, identidad y est\u00e9tica, los ejes de la reforestaci\u00f3n integral de Plaza San Mart\u00edn\u00a0 - InfoPBA247","isPartOf":{"@id":"https:\/\/infopba247.com.ar\/#website"},"primaryImageOfPage":{"@id":"https:\/\/infopba247.com.ar\/index.php\/2025\/03\/31\/sustentabilidad-identidad-y-estetica-los-ejes-de-la-reforestacion-integral-de-plaza-san-martin\/#primaryimage"},"image":{"@id":"https:\/\/infopba247.com.ar\/index.php\/2025\/03\/31\/sustentabilidad-identidad-y-estetica-los-ejes-de-la-reforestacion-integral-de-plaza-san-martin\/#primaryimage"},"thumbnailUrl":"https:\/\/infopba247.com.ar\/wp-content\/uploads\/2025\/03\/unnamed-2025-03-31T144935.104.jpg","datePublished":"2025-03-31T17:59:10+00:00","dateModified":"2025-03-31T17:59:11+00:00","breadcrumb":{"@id":"https:\/\/infopba247.com.ar\/index.php\/2025\/03\/31\/sustentabilidad-identidad-y-estetica-los-ejes-de-la-reforestacion-integral-de-plaza-san-martin\/#breadcrumb"},"inLanguage":"es","potentialAction":[{"@type":"ReadAction","target":["https:\/\/infopba247.com.ar\/index.php\/2025\/03\/31\/sustentabilidad-identidad-y-estetica-los-ejes-de-la-reforestacion-integral-de-plaza-san-martin\/"]}]},{"@type":"ImageObject","inLanguage":"es","@id":"https:\/\/infopba247.com.ar\/index.php\/2025\/03\/31\/sustentabilidad-identidad-y-estetica-los-ejes-de-la-reforestacion-integral-de-plaza-san-martin\/#primaryimage","url":"https:\/\/infopba247.com.ar\/wp-content\/uploads\/2025\/03\/unnamed-2025-03-31T144935.104.jpg","contentUrl":"https:\/\/infopba247.com.ar\/wp-content\/uploads\/2025\/03\/unnamed-2025-03-31T144935.104.jpg","width":1600,"height":1063},{"@type":"BreadcrumbList","@id":"https:\/\/infopba247.com.ar\/index.php\/2025\/03\/31\/sustentabilidad-identidad-y-estetica-los-ejes-de-la-reforestacion-integral-de-plaza-san-martin\/#breadcrumb","itemListElement":[{"@type":"ListItem","position":1,"name":"Portada","item":"https:\/\/infopba247.com.ar\/"},{"@type":"ListItem","position":2,"name":"Sustentabilidad, identidad y est\u00e9tica, los ejes de la reforestaci\u00f3n integral de Plaza San Mart\u00edn\u00a0"}]},{"@type":"WebSite","@id":"https:\/\/infopba247.com.ar\/#website","url":"https:\/\/infopba247.com.ar\/","name":"InfoPBA247","description":"Toda la actualidad bonaerense","publisher":{"@id":"https:\/\/infopba247.com.ar\/#organization"},"potentialAction":[{"@type":"SearchAction","target":{"@type":"EntryPoint","urlTemplate":"https:\/\/infopba247.com.ar\/?s={search_term_string}"},"query-input":{"@type":"PropertyValueSpecification","valueRequired":true,"valueName":"search_term_string"}}],"inLanguage":"es"},{"@type":"Organization","@id":"https:\/\/infopba247.com.ar\/#organization","name":"InfoPBA247","url":"https:\/\/infopba247.com.ar\/","logo":{"@type":"ImageObject","inLanguage":"es","@id":"https:\/\/infopba247.com.ar\/#\/schema\/logo\/image\/","url":"https:\/\/infopba247.com.ar\/wp-content\/uploads\/2022\/03\/cropped-InfoPBA247-1.png","contentUrl":"https:\/\/infopba247.com.ar\/wp-content\/uploads\/2022\/03\/cropped-InfoPBA247-1.png","width":500,"height":122,"caption":"InfoPBA247"},"image":{"@id":"https:\/\/infopba247.com.ar\/#\/schema\/logo\/image\/"},"sameAs":["https:\/\/www.facebook.com\/InfoPBA"]},{"@type":"Person","@id":"https:\/\/infopba247.com.ar\/#\/schema\/person\/4975f1343a413e57bf839b3eed0099f2","name":"Editor","image":{"@type":"ImageObject","inLanguage":"es","@id":"https:\/\/secure.gravatar.com\/avatar\/d27fe9520667ca53441d36627a1d6b0fa4a813571ec4803687a7a3a7744685ac?s=96&d=mm&r=g","url":"https:\/\/secure.gravatar.com\/avatar\/d27fe9520667ca53441d36627a1d6b0fa4a813571ec4803687a7a3a7744685ac?s=96&d=mm&r=g","contentUrl":"https:\/\/secure.gravatar.com\/avatar\/d27fe9520667ca53441d36627a1d6b0fa4a813571ec4803687a7a3a7744685ac?s=96&d=mm&r=g","caption":"Editor"},"url":"https:\/\/infopba247.com.ar\/index.php\/author\/editor\/"}]}},"_links":{"self":[{"href":"https:\/\/infopba247.com.ar\/index.php\/wp-json\/wp\/v2\/posts\/6703","targetHints":{"allow":["GET"]}}],"collection":[{"href":"https:\/\/infopba247.com.ar\/index.php\/wp-json\/wp\/v2\/posts"}],"about":[{"href":"https:\/\/infopba247.com.ar\/index.php\/wp-json\/wp\/v2\/types\/post"}],"author":[{"embeddable":true,"href":"https:\/\/infopba247.com.ar\/index.php\/wp-json\/wp\/v2\/users\/3"}],"replies":[{"embeddable":true,"href":"https:\/\/infopba247.com.ar\/index.php\/wp-json\/wp\/v2\/comments?post=6703"}],"version-history":[{"count":1,"href":"https:\/\/infopba247.com.ar\/index.php\/wp-json\/wp\/v2\/posts\/6703\/revisions"}],"predecessor-version":[{"id":6708,"href":"https:\/\/infopba247.com.ar\/index.php\/wp-json\/wp\/v2\/posts\/6703\/revisions\/6708"}],"wp:featuredmedia":[{"embeddable":true,"href":"https:\/\/infopba247.com.ar\/index.php\/wp-json\/wp\/v2\/media\/6707"}],"wp:attachment":[{"href":"https:\/\/infopba247.com.ar\/index.php\/wp-json\/wp\/v2\/media?parent=6703"}],"wp:term":[{"taxonomy":"category","embeddable":true,"href":"https:\/\/infopba247.com.ar\/index.php\/wp-json\/wp\/v2\/categories?post=6703"},{"taxonomy":"post_tag","embeddable":true,"href":"https:\/\/infopba247.com.ar\/index.php\/wp-json\/wp\/v2\/tags?post=6703"}],"curies":[{"name":"wp","href":"https:\/\/api.w.org\/{rel}","templated":true}]}}