{"id":6689,"date":"2025-03-27T09:31:55","date_gmt":"2025-03-27T12:31:55","guid":{"rendered":"https:\/\/infopba247.com.ar\/?p=6689"},"modified":"2025-03-27T09:31:56","modified_gmt":"2025-03-27T12:31:56","slug":"se-realizara-el-circuito-de-la-memoria","status":"publish","type":"post","link":"https:\/\/infopba247.com.ar\/index.php\/2025\/03\/27\/se-realizara-el-circuito-de-la-memoria\/","title":{"rendered":"Se realizar\u00e1 el circuito de la Memoria\u00a0"},"content":{"rendered":"\n<p>En el marco del Mes de la Memoria, el s\u00e1bado 29 de marzo se llevar\u00e1 a cabo una nueva edici\u00f3n del Circuito de la Memoria, para conmemorar el D\u00eda Nacional de la Memoria por la Verdad y la Justicia. La actividad invita a reflexionar sobre los cr\u00edmenes de lesa humanidad ocurridos durante la dictadura c\u00edvico-militar de 1976 y promover la construcci\u00f3n de memoria y conciencia colectiva.&nbsp;<\/p>\n\n\n\n<p>El recorrido incluir\u00e1 visitas a tres sitios emblem\u00e1ticos: el Museo de las Islas Malvinas, ubicado en Justo Daract y Arribe\u00f1os; el Pante\u00f3n de la Memoria en el Cementerio Municipal de Santa Coleta, que se encuentra en Belisario Rold\u00e1n y General Mart\u00edn Miguel de G\u00fcemes, La Reja y la Quinta La Pastoril, ubicada en Av. Monsegur 1862, donde se realizar\u00e1 una jornada de reflexi\u00f3n en conmemoraci\u00f3n de los 49 a\u00f1os de los hechos ocurridos en ese lugar.&nbsp;<\/p>\n\n\n\n<p>La actividad es con cupos limitados y para participar es necesario inscribirse mediante el link &nbsp;<a href=\"https:\/\/docs.google.com\/forms\/d\/e\/1FAIpQLSc2X7AW4v-3VzqJBjPIRDXJnCI3ROf6wkc8k91X-haCRh2ocw\/viewform.\">https:\/\/docs.google.com\/forms\/d\/e\/1FAIpQLSc2X7AW4v-3VzqJBjPIRDXJnCI3ROf6wkc8k91X-haCRh2ocw\/viewform.<\/a><\/p>\n\n\n\n<p>Adem\u00e1s, se ofrecer\u00e1 un servicio opcional y gratuito de traslado en el Bus Tur\u00edstico, tambi\u00e9n con cupos limitados. El punto de encuentro ser\u00e1 la Plaza Mariano Moreno, frente al Municipio, junto al m\u00e1stil. La salida est\u00e1 programada para las 9:30 horas y el regreso estimado ser\u00e1 a las 13:30 horas. Se recomienda llegar con al menos 15 minutos de anticipaci\u00f3n.&nbsp;<\/p>\n\n\n\n<p>El recorrido tendr\u00e1 una duraci\u00f3n de cuatro horas y media e incluir\u00e1 caminatas de dificultad leve a moderada, por lo que se sugiere asistir con ropa y calzado c\u00f3modo. Es importante considerar que el Museo de las Islas Malvinas cuenta con un primer piso al que solo se puede acceder por escalera. La reserva de cupo debe realizarse de manera individual.&nbsp;<\/p>\n\n\n\n<p>El itinerario previsto es el siguiente:&nbsp;<\/p>\n\n\n\n<p>-9:30 horas \u2013 Encuentro en Plaza Mariano Moreno&nbsp;<\/p>\n\n\n\n<p>-9:45 horas \u2013 Visita guiada al Museo de las Islas Malvinas&nbsp;<\/p>\n\n\n\n<p>-11 horas \u2013 Recorrido por la Plaza en Homenaje a las V\u00edctimas de la Dictadura Militar dentro del Cementerio de Santa Coleta&nbsp;<\/p>\n\n\n\n<p>-11:45 horas \u2013 Visita a la Quinta La Pastoril&nbsp;<\/p>\n\n\n\n<p>Por consultas o mayor informaci\u00f3n visitar las redes de @turismo.moreno&nbsp;<\/p>\n","protected":false},"excerpt":{"rendered":"<p>En el marco del Mes de la Memoria, el s\u00e1bado 29 de marzo se llevar\u00e1 a cabo una nueva edici\u00f3n<\/p>\n","protected":false},"author":3,"featured_media":6680,"comment_status":"open","ping_status":"open","sticky":false,"template":"","format":"standard","meta":{"colormag_page_container_layout":"default_layout","colormag_page_sidebar_layout":"default_layout","footnotes":""},"categories":[5,1,14],"tags":[],"class_list":["post-6689","post","type-post","status-publish","format-standard","has-post-thumbnail","hentry","category-1ra-seccion","category-destacadas","category-politica"],"yoast_head":"<!-- This site is optimized with the Yoast SEO plugin v27.4 - https:\/\/yoast.com\/product\/yoast-seo-wordpress\/ -->\n<title>Se realizar\u00e1 el circuito de la Memoria\u00a0 - InfoPBA247<\/title>\n<meta name=\"robots\" content=\"index, follow, max-snippet:-1, max-image-preview:large, max-video-preview:-1\" \/>\n<link rel=\"canonical\" href=\"https:\/\/infopba247.com.ar\/index.php\/2025\/03\/27\/se-realizara-el-circuito-de-la-memoria\/\" \/>\n<meta property=\"og:locale\" content=\"es_ES\" \/>\n<meta property=\"og:type\" content=\"article\" \/>\n<meta property=\"og:title\" content=\"Se realizar\u00e1 el circuito de la Memoria\u00a0 - InfoPBA247\" \/>\n<meta property=\"og:description\" content=\"En el marco del Mes de la Memoria, el s\u00e1bado 29 de marzo se llevar\u00e1 a cabo una nueva edici\u00f3n\" \/>\n<meta property=\"og:url\" content=\"https:\/\/infopba247.com.ar\/index.php\/2025\/03\/27\/se-realizara-el-circuito-de-la-memoria\/\" \/>\n<meta property=\"og:site_name\" content=\"InfoPBA247\" \/>\n<meta property=\"article:publisher\" content=\"https:\/\/www.facebook.com\/InfoPBA\" \/>\n<meta property=\"article:published_time\" content=\"2025-03-27T12:31:55+00:00\" \/>\n<meta property=\"article:modified_time\" content=\"2025-03-27T12:31:56+00:00\" \/>\n<meta property=\"og:image\" content=\"https:\/\/infopba247.com.ar\/wp-content\/uploads\/2025\/03\/museo-malvinas-1-scaled.jpg\" \/>\n\t<meta property=\"og:image:width\" content=\"2560\" \/>\n\t<meta property=\"og:image:height\" content=\"1440\" \/>\n\t<meta property=\"og:image:type\" content=\"image\/jpeg\" \/>\n<meta name=\"author\" content=\"Editor\" \/>\n<meta name=\"twitter:card\" content=\"summary_large_image\" \/>\n<meta name=\"twitter:label1\" content=\"Escrito por\" \/>\n\t<meta name=\"twitter:data1\" content=\"Editor\" \/>\n\t<meta name=\"twitter:label2\" content=\"Tiempo de lectura\" \/>\n\t<meta name=\"twitter:data2\" content=\"2 minutos\" \/>\n<script type=\"application\/ld+json\" class=\"yoast-schema-graph\">{\"@context\":\"https:\\\/\\\/schema.org\",\"@graph\":[{\"@type\":\"Article\",\"@id\":\"https:\\\/\\\/infopba247.com.ar\\\/index.php\\\/2025\\\/03\\\/27\\\/se-realizara-el-circuito-de-la-memoria\\\/#article\",\"isPartOf\":{\"@id\":\"https:\\\/\\\/infopba247.com.ar\\\/index.php\\\/2025\\\/03\\\/27\\\/se-realizara-el-circuito-de-la-memoria\\\/\"},\"author\":{\"name\":\"Editor\",\"@id\":\"https:\\\/\\\/infopba247.com.ar\\\/#\\\/schema\\\/person\\\/4975f1343a413e57bf839b3eed0099f2\"},\"headline\":\"Se realizar\u00e1 el circuito de la Memoria\u00a0\",\"datePublished\":\"2025-03-27T12:31:55+00:00\",\"dateModified\":\"2025-03-27T12:31:56+00:00\",\"mainEntityOfPage\":{\"@id\":\"https:\\\/\\\/infopba247.com.ar\\\/index.php\\\/2025\\\/03\\\/27\\\/se-realizara-el-circuito-de-la-memoria\\\/\"},\"wordCount\":394,\"commentCount\":0,\"publisher\":{\"@id\":\"https:\\\/\\\/infopba247.com.ar\\\/#organization\"},\"image\":{\"@id\":\"https:\\\/\\\/infopba247.com.ar\\\/index.php\\\/2025\\\/03\\\/27\\\/se-realizara-el-circuito-de-la-memoria\\\/#primaryimage\"},\"thumbnailUrl\":\"https:\\\/\\\/infopba247.com.ar\\\/wp-content\\\/uploads\\\/2025\\\/03\\\/museo-malvinas-1-scaled.jpg\",\"articleSection\":[\"1ra Secci\u00f3n\",\"Destacadas\",\"Pol\u00edtica\"],\"inLanguage\":\"es\",\"potentialAction\":[{\"@type\":\"CommentAction\",\"name\":\"Comment\",\"target\":[\"https:\\\/\\\/infopba247.com.ar\\\/index.php\\\/2025\\\/03\\\/27\\\/se-realizara-el-circuito-de-la-memoria\\\/#respond\"]}]},{\"@type\":\"WebPage\",\"@id\":\"https:\\\/\\\/infopba247.com.ar\\\/index.php\\\/2025\\\/03\\\/27\\\/se-realizara-el-circuito-de-la-memoria\\\/\",\"url\":\"https:\\\/\\\/infopba247.com.ar\\\/index.php\\\/2025\\\/03\\\/27\\\/se-realizara-el-circuito-de-la-memoria\\\/\",\"name\":\"Se realizar\u00e1 el circuito de la Memoria\u00a0 - InfoPBA247\",\"isPartOf\":{\"@id\":\"https:\\\/\\\/infopba247.com.ar\\\/#website\"},\"primaryImageOfPage\":{\"@id\":\"https:\\\/\\\/infopba247.com.ar\\\/index.php\\\/2025\\\/03\\\/27\\\/se-realizara-el-circuito-de-la-memoria\\\/#primaryimage\"},\"image\":{\"@id\":\"https:\\\/\\\/infopba247.com.ar\\\/index.php\\\/2025\\\/03\\\/27\\\/se-realizara-el-circuito-de-la-memoria\\\/#primaryimage\"},\"thumbnailUrl\":\"https:\\\/\\\/infopba247.com.ar\\\/wp-content\\\/uploads\\\/2025\\\/03\\\/museo-malvinas-1-scaled.jpg\",\"datePublished\":\"2025-03-27T12:31:55+00:00\",\"dateModified\":\"2025-03-27T12:31:56+00:00\",\"breadcrumb\":{\"@id\":\"https:\\\/\\\/infopba247.com.ar\\\/index.php\\\/2025\\\/03\\\/27\\\/se-realizara-el-circuito-de-la-memoria\\\/#breadcrumb\"},\"inLanguage\":\"es\",\"potentialAction\":[{\"@type\":\"ReadAction\",\"target\":[\"https:\\\/\\\/infopba247.com.ar\\\/index.php\\\/2025\\\/03\\\/27\\\/se-realizara-el-circuito-de-la-memoria\\\/\"]}]},{\"@type\":\"ImageObject\",\"inLanguage\":\"es\",\"@id\":\"https:\\\/\\\/infopba247.com.ar\\\/index.php\\\/2025\\\/03\\\/27\\\/se-realizara-el-circuito-de-la-memoria\\\/#primaryimage\",\"url\":\"https:\\\/\\\/infopba247.com.ar\\\/wp-content\\\/uploads\\\/2025\\\/03\\\/museo-malvinas-1-scaled.jpg\",\"contentUrl\":\"https:\\\/\\\/infopba247.com.ar\\\/wp-content\\\/uploads\\\/2025\\\/03\\\/museo-malvinas-1-scaled.jpg\",\"width\":2560,\"height\":1440},{\"@type\":\"BreadcrumbList\",\"@id\":\"https:\\\/\\\/infopba247.com.ar\\\/index.php\\\/2025\\\/03\\\/27\\\/se-realizara-el-circuito-de-la-memoria\\\/#breadcrumb\",\"itemListElement\":[{\"@type\":\"ListItem\",\"position\":1,\"name\":\"Portada\",\"item\":\"https:\\\/\\\/infopba247.com.ar\\\/\"},{\"@type\":\"ListItem\",\"position\":2,\"name\":\"Se realizar\u00e1 el circuito de la Memoria\u00a0\"}]},{\"@type\":\"WebSite\",\"@id\":\"https:\\\/\\\/infopba247.com.ar\\\/#website\",\"url\":\"https:\\\/\\\/infopba247.com.ar\\\/\",\"name\":\"InfoPBA247\",\"description\":\"Toda la actualidad bonaerense\",\"publisher\":{\"@id\":\"https:\\\/\\\/infopba247.com.ar\\\/#organization\"},\"potentialAction\":[{\"@type\":\"SearchAction\",\"target\":{\"@type\":\"EntryPoint\",\"urlTemplate\":\"https:\\\/\\\/infopba247.com.ar\\\/?s={search_term_string}\"},\"query-input\":{\"@type\":\"PropertyValueSpecification\",\"valueRequired\":true,\"valueName\":\"search_term_string\"}}],\"inLanguage\":\"es\"},{\"@type\":\"Organization\",\"@id\":\"https:\\\/\\\/infopba247.com.ar\\\/#organization\",\"name\":\"InfoPBA247\",\"url\":\"https:\\\/\\\/infopba247.com.ar\\\/\",\"logo\":{\"@type\":\"ImageObject\",\"inLanguage\":\"es\",\"@id\":\"https:\\\/\\\/infopba247.com.ar\\\/#\\\/schema\\\/logo\\\/image\\\/\",\"url\":\"https:\\\/\\\/infopba247.com.ar\\\/wp-content\\\/uploads\\\/2022\\\/03\\\/cropped-InfoPBA247-1.png\",\"contentUrl\":\"https:\\\/\\\/infopba247.com.ar\\\/wp-content\\\/uploads\\\/2022\\\/03\\\/cropped-InfoPBA247-1.png\",\"width\":500,\"height\":122,\"caption\":\"InfoPBA247\"},\"image\":{\"@id\":\"https:\\\/\\\/infopba247.com.ar\\\/#\\\/schema\\\/logo\\\/image\\\/\"},\"sameAs\":[\"https:\\\/\\\/www.facebook.com\\\/InfoPBA\"]},{\"@type\":\"Person\",\"@id\":\"https:\\\/\\\/infopba247.com.ar\\\/#\\\/schema\\\/person\\\/4975f1343a413e57bf839b3eed0099f2\",\"name\":\"Editor\",\"image\":{\"@type\":\"ImageObject\",\"inLanguage\":\"es\",\"@id\":\"https:\\\/\\\/secure.gravatar.com\\\/avatar\\\/d27fe9520667ca53441d36627a1d6b0fa4a813571ec4803687a7a3a7744685ac?s=96&d=mm&r=g\",\"url\":\"https:\\\/\\\/secure.gravatar.com\\\/avatar\\\/d27fe9520667ca53441d36627a1d6b0fa4a813571ec4803687a7a3a7744685ac?s=96&d=mm&r=g\",\"contentUrl\":\"https:\\\/\\\/secure.gravatar.com\\\/avatar\\\/d27fe9520667ca53441d36627a1d6b0fa4a813571ec4803687a7a3a7744685ac?s=96&d=mm&r=g\",\"caption\":\"Editor\"},\"url\":\"https:\\\/\\\/infopba247.com.ar\\\/index.php\\\/author\\\/editor\\\/\"}]}<\/script>\n<!-- \/ Yoast SEO plugin. -->","yoast_head_json":{"title":"Se realizar\u00e1 el circuito de la Memoria\u00a0 - InfoPBA247","robots":{"index":"index","follow":"follow","max-snippet":"max-snippet:-1","max-image-preview":"max-image-preview:large","max-video-preview":"max-video-preview:-1"},"canonical":"https:\/\/infopba247.com.ar\/index.php\/2025\/03\/27\/se-realizara-el-circuito-de-la-memoria\/","og_locale":"es_ES","og_type":"article","og_title":"Se realizar\u00e1 el circuito de la Memoria\u00a0 - InfoPBA247","og_description":"En el marco del Mes de la Memoria, el s\u00e1bado 29 de marzo se llevar\u00e1 a cabo una nueva edici\u00f3n","og_url":"https:\/\/infopba247.com.ar\/index.php\/2025\/03\/27\/se-realizara-el-circuito-de-la-memoria\/","og_site_name":"InfoPBA247","article_publisher":"https:\/\/www.facebook.com\/InfoPBA","article_published_time":"2025-03-27T12:31:55+00:00","article_modified_time":"2025-03-27T12:31:56+00:00","og_image":[{"width":2560,"height":1440,"url":"https:\/\/infopba247.com.ar\/wp-content\/uploads\/2025\/03\/museo-malvinas-1-scaled.jpg","type":"image\/jpeg"}],"author":"Editor","twitter_card":"summary_large_image","twitter_misc":{"Escrito por":"Editor","Tiempo de lectura":"2 minutos"},"schema":{"@context":"https:\/\/schema.org","@graph":[{"@type":"Article","@id":"https:\/\/infopba247.com.ar\/index.php\/2025\/03\/27\/se-realizara-el-circuito-de-la-memoria\/#article","isPartOf":{"@id":"https:\/\/infopba247.com.ar\/index.php\/2025\/03\/27\/se-realizara-el-circuito-de-la-memoria\/"},"author":{"name":"Editor","@id":"https:\/\/infopba247.com.ar\/#\/schema\/person\/4975f1343a413e57bf839b3eed0099f2"},"headline":"Se realizar\u00e1 el circuito de la Memoria\u00a0","datePublished":"2025-03-27T12:31:55+00:00","dateModified":"2025-03-27T12:31:56+00:00","mainEntityOfPage":{"@id":"https:\/\/infopba247.com.ar\/index.php\/2025\/03\/27\/se-realizara-el-circuito-de-la-memoria\/"},"wordCount":394,"commentCount":0,"publisher":{"@id":"https:\/\/infopba247.com.ar\/#organization"},"image":{"@id":"https:\/\/infopba247.com.ar\/index.php\/2025\/03\/27\/se-realizara-el-circuito-de-la-memoria\/#primaryimage"},"thumbnailUrl":"https:\/\/infopba247.com.ar\/wp-content\/uploads\/2025\/03\/museo-malvinas-1-scaled.jpg","articleSection":["1ra Secci\u00f3n","Destacadas","Pol\u00edtica"],"inLanguage":"es","potentialAction":[{"@type":"CommentAction","name":"Comment","target":["https:\/\/infopba247.com.ar\/index.php\/2025\/03\/27\/se-realizara-el-circuito-de-la-memoria\/#respond"]}]},{"@type":"WebPage","@id":"https:\/\/infopba247.com.ar\/index.php\/2025\/03\/27\/se-realizara-el-circuito-de-la-memoria\/","url":"https:\/\/infopba247.com.ar\/index.php\/2025\/03\/27\/se-realizara-el-circuito-de-la-memoria\/","name":"Se realizar\u00e1 el circuito de la Memoria\u00a0 - InfoPBA247","isPartOf":{"@id":"https:\/\/infopba247.com.ar\/#website"},"primaryImageOfPage":{"@id":"https:\/\/infopba247.com.ar\/index.php\/2025\/03\/27\/se-realizara-el-circuito-de-la-memoria\/#primaryimage"},"image":{"@id":"https:\/\/infopba247.com.ar\/index.php\/2025\/03\/27\/se-realizara-el-circuito-de-la-memoria\/#primaryimage"},"thumbnailUrl":"https:\/\/infopba247.com.ar\/wp-content\/uploads\/2025\/03\/museo-malvinas-1-scaled.jpg","datePublished":"2025-03-27T12:31:55+00:00","dateModified":"2025-03-27T12:31:56+00:00","breadcrumb":{"@id":"https:\/\/infopba247.com.ar\/index.php\/2025\/03\/27\/se-realizara-el-circuito-de-la-memoria\/#breadcrumb"},"inLanguage":"es","potentialAction":[{"@type":"ReadAction","target":["https:\/\/infopba247.com.ar\/index.php\/2025\/03\/27\/se-realizara-el-circuito-de-la-memoria\/"]}]},{"@type":"ImageObject","inLanguage":"es","@id":"https:\/\/infopba247.com.ar\/index.php\/2025\/03\/27\/se-realizara-el-circuito-de-la-memoria\/#primaryimage","url":"https:\/\/infopba247.com.ar\/wp-content\/uploads\/2025\/03\/museo-malvinas-1-scaled.jpg","contentUrl":"https:\/\/infopba247.com.ar\/wp-content\/uploads\/2025\/03\/museo-malvinas-1-scaled.jpg","width":2560,"height":1440},{"@type":"BreadcrumbList","@id":"https:\/\/infopba247.com.ar\/index.php\/2025\/03\/27\/se-realizara-el-circuito-de-la-memoria\/#breadcrumb","itemListElement":[{"@type":"ListItem","position":1,"name":"Portada","item":"https:\/\/infopba247.com.ar\/"},{"@type":"ListItem","position":2,"name":"Se realizar\u00e1 el circuito de la Memoria\u00a0"}]},{"@type":"WebSite","@id":"https:\/\/infopba247.com.ar\/#website","url":"https:\/\/infopba247.com.ar\/","name":"InfoPBA247","description":"Toda la actualidad bonaerense","publisher":{"@id":"https:\/\/infopba247.com.ar\/#organization"},"potentialAction":[{"@type":"SearchAction","target":{"@type":"EntryPoint","urlTemplate":"https:\/\/infopba247.com.ar\/?s={search_term_string}"},"query-input":{"@type":"PropertyValueSpecification","valueRequired":true,"valueName":"search_term_string"}}],"inLanguage":"es"},{"@type":"Organization","@id":"https:\/\/infopba247.com.ar\/#organization","name":"InfoPBA247","url":"https:\/\/infopba247.com.ar\/","logo":{"@type":"ImageObject","inLanguage":"es","@id":"https:\/\/infopba247.com.ar\/#\/schema\/logo\/image\/","url":"https:\/\/infopba247.com.ar\/wp-content\/uploads\/2022\/03\/cropped-InfoPBA247-1.png","contentUrl":"https:\/\/infopba247.com.ar\/wp-content\/uploads\/2022\/03\/cropped-InfoPBA247-1.png","width":500,"height":122,"caption":"InfoPBA247"},"image":{"@id":"https:\/\/infopba247.com.ar\/#\/schema\/logo\/image\/"},"sameAs":["https:\/\/www.facebook.com\/InfoPBA"]},{"@type":"Person","@id":"https:\/\/infopba247.com.ar\/#\/schema\/person\/4975f1343a413e57bf839b3eed0099f2","name":"Editor","image":{"@type":"ImageObject","inLanguage":"es","@id":"https:\/\/secure.gravatar.com\/avatar\/d27fe9520667ca53441d36627a1d6b0fa4a813571ec4803687a7a3a7744685ac?s=96&d=mm&r=g","url":"https:\/\/secure.gravatar.com\/avatar\/d27fe9520667ca53441d36627a1d6b0fa4a813571ec4803687a7a3a7744685ac?s=96&d=mm&r=g","contentUrl":"https:\/\/secure.gravatar.com\/avatar\/d27fe9520667ca53441d36627a1d6b0fa4a813571ec4803687a7a3a7744685ac?s=96&d=mm&r=g","caption":"Editor"},"url":"https:\/\/infopba247.com.ar\/index.php\/author\/editor\/"}]}},"_links":{"self":[{"href":"https:\/\/infopba247.com.ar\/index.php\/wp-json\/wp\/v2\/posts\/6689","targetHints":{"allow":["GET"]}}],"collection":[{"href":"https:\/\/infopba247.com.ar\/index.php\/wp-json\/wp\/v2\/posts"}],"about":[{"href":"https:\/\/infopba247.com.ar\/index.php\/wp-json\/wp\/v2\/types\/post"}],"author":[{"embeddable":true,"href":"https:\/\/infopba247.com.ar\/index.php\/wp-json\/wp\/v2\/users\/3"}],"replies":[{"embeddable":true,"href":"https:\/\/infopba247.com.ar\/index.php\/wp-json\/wp\/v2\/comments?post=6689"}],"version-history":[{"count":1,"href":"https:\/\/infopba247.com.ar\/index.php\/wp-json\/wp\/v2\/posts\/6689\/revisions"}],"predecessor-version":[{"id":6690,"href":"https:\/\/infopba247.com.ar\/index.php\/wp-json\/wp\/v2\/posts\/6689\/revisions\/6690"}],"wp:featuredmedia":[{"embeddable":true,"href":"https:\/\/infopba247.com.ar\/index.php\/wp-json\/wp\/v2\/media\/6680"}],"wp:attachment":[{"href":"https:\/\/infopba247.com.ar\/index.php\/wp-json\/wp\/v2\/media?parent=6689"}],"wp:term":[{"taxonomy":"category","embeddable":true,"href":"https:\/\/infopba247.com.ar\/index.php\/wp-json\/wp\/v2\/categories?post=6689"},{"taxonomy":"post_tag","embeddable":true,"href":"https:\/\/infopba247.com.ar\/index.php\/wp-json\/wp\/v2\/tags?post=6689"}],"curies":[{"name":"wp","href":"https:\/\/api.w.org\/{rel}","templated":true}]}}