{"id":6599,"date":"2025-03-18T09:15:38","date_gmt":"2025-03-18T12:15:38","guid":{"rendered":"https:\/\/infopba247.com.ar\/?p=6599"},"modified":"2025-03-18T09:15:43","modified_gmt":"2025-03-18T12:15:43","slug":"larroque-anuncio-un-aumento-en-la-inversion-destinada-al-servicio-alimentario-escolar","status":"publish","type":"post","link":"https:\/\/infopba247.com.ar\/index.php\/2025\/03\/18\/larroque-anuncio-un-aumento-en-la-inversion-destinada-al-servicio-alimentario-escolar\/","title":{"rendered":"Larroque anunci\u00f3 un aumento en la inversi\u00f3n destinada al Servicio Alimentario Escolar\u00a0"},"content":{"rendered":"\n<p>El ministro de Desarrollo de la Comunidad, Andr\u00e9s Larroque, anunci\u00f3 un aumento del 17% en el Servicio Alimentario Escolar (SAE) y el M\u00f3dulo Extraordinario para la Seguridad Alimentaria (MESA). La medida, impulsada por el gobernador Axel Kicillof, eleva la inversi\u00f3n de uno de los programas alimentarios m\u00e1s grandes del pa\u00eds a $78.898 millones mensuales. &nbsp;<\/p>\n\n\n\n<p>Durante la habitual conferencia de prensa de los lunes, junto a sus pares de Gobierno, Carlos Bianco, y de Seguridad, Javier Alonso, el ministro tambi\u00e9n brind\u00f3 detalles del refuerzo dispuesto recientemente para Bah\u00eda Blanca, del programa Modulo Extraordinario para la Seguridad Alimentaria (MESA). &nbsp;<\/p>\n\n\n\n<p>Larroque destac\u00f3 que \u201cpese al contexto que estamos atravesando, el gobernador Axel Kicillof ha decidido realizar una inversi\u00f3n fundamental en materia social a partir de marzo, lo que representa un incremento mensual de $11.544 millones, llevando la inversi\u00f3n total a $78.898 millones por mes\u201d. &nbsp;<\/p>\n\n\n\n<p>Adem\u00e1s, remarc\u00f3 que \u201ceste refuerzo permite garantizar el acceso a la alimentaci\u00f3n de una gran cantidad de ni\u00f1os y ni\u00f1as en la Provincia: 2.400.000 estudiantes con desayuno y merienda, y 1.100.000 con almuerzo a trav\u00e9s del SAE; y 2.072.000 chicos y chicas mediante el MESA\u201d. &nbsp;<\/p>\n\n\n\n<p>Asimismo, resalt\u00f3 que estas iniciativas \u201cson la columna vertebral de nuestra pol\u00edtica social\u201d ya que \u201ctienen m\u00e1s destinatarios en la Provincia que la propia Asignaci\u00f3n Universal por Hijo y representan al programa alimentario m\u00e1s grande de la Argentina, y probablemente uno de los m\u00e1s importantes de Am\u00e9rica Latina\u201d.&nbsp;<\/p>\n\n\n\n<p>Y afirm\u00f3: \u201cEn un escenario de fuerte ahogo financiero, en donde algunos pueden optar por decir \u2018no hay plata\u2019, como ocurre a nivel nacional y en otras jurisdicciones, en Buenos Aires decidimos hacer todo lo contrario. Mientras gobierne Axel Kicillof, no vamos a abandonar a quienes m\u00e1s lo necesitan\u201d.&nbsp;<\/p>\n\n\n\n<p>Mediante esta nueva medida, la inversi\u00f3n mensual del SAE pasar\u00e1 de 40 a 47 millones de pesos, en tanto que el MESA ascender\u00e1 de 26 a 31 millones. Es decir, el desembolso de la Provincia para ambos programas ahora ser\u00e1 de 78 millones por mes, en lugar de los 67 que se ven\u00edan destinando. Durante el a\u00f1o pasado, el Estado bonaerense ya hab\u00eda aportado m\u00e1s de 700 mil millones de pesos para la ejecuci\u00f3n de estas iniciativas y con los incrementos anunciados se hab\u00eda alcanzado un aumento del 140%.&nbsp; &nbsp;<\/p>\n\n\n\n<p>Estas acciones se enmarcan dentro de las pol\u00edticas implementadas por la Provincia para mejorar la calidad alimentaria escolar. Se realizan a trav\u00e9s del Ministerio, para seguir fortaleciendo el funcionamiento del SAE y el MESA mediante una mayor inversi\u00f3n, la realizaci\u00f3n de capacitaciones, entrega de equipamiento y la conformaci\u00f3n de un equipo de nutricionistas. Adem\u00e1s, con la iniciativa Escuelas Abiertas en Verano se garantiz\u00f3 la continuidad de la asistencia durante el receso, en un contexto de integraci\u00f3n y contenci\u00f3n.&nbsp;<\/p>\n\n\n\n<p>Durante la conferencia, adem\u00e1s, Larroque confirm\u00f3 que se dispuso tambi\u00e9n un refuerzo extraordinario en la entrega del MESA para Bah\u00eda Blanca, en el marco de las medidas impulsadas por el gobierno de la Provincia de Buenos Aires para atender la emergencia en la zona. A trav\u00e9s de esta medida, durante marzo y abril, se duplicar\u00e1 la cantidad de cupos asignados, asegurando un mayor alcance en la asistencia a los damnificados. El Consejo Escolar ser\u00e1 el encargado de coordinar las dos entregas, permitiendo que los m\u00f3dulos lleguen a los 24.092 estudiantes y sus familias que lo reciben en el distrito.&nbsp;<\/p>\n\n\n\n<p>El programa SAE busca mejorar el aprendizaje y las condiciones de salud de la poblaci\u00f3n escolar con necesidades nutricionales insatisfechas, a partir de la preparaci\u00f3n de desayunos, meriendas y almuerzos en establecimientos educativos de gesti\u00f3n estatal. A su vez, el MESA consiste en una entrega mensual de alimentos destinados a almuerzo o cena para ni\u00f1os, ni\u00f1as y adolescentes escolarizados. El objetivo es fortalecer una alimentaci\u00f3n sana en los hogares bonaerenses.&nbsp;<\/p>\n","protected":false},"excerpt":{"rendered":"<p>El ministro de Desarrollo de la Comunidad, Andr\u00e9s Larroque, anunci\u00f3 un aumento del 17% en el Servicio Alimentario Escolar (SAE)<\/p>\n","protected":false},"author":3,"featured_media":6602,"comment_status":"open","ping_status":"open","sticky":false,"template":"","format":"standard","meta":{"colormag_page_container_layout":"default_layout","colormag_page_sidebar_layout":"default_layout","footnotes":""},"categories":[1,14],"tags":[],"class_list":["post-6599","post","type-post","status-publish","format-standard","has-post-thumbnail","hentry","category-destacadas","category-politica"],"yoast_head":"<!-- This site is optimized with the Yoast SEO plugin v27.4 - https:\/\/yoast.com\/product\/yoast-seo-wordpress\/ -->\n<title>Larroque anunci\u00f3 un aumento en la inversi\u00f3n destinada al Servicio Alimentario Escolar\u00a0 - InfoPBA247<\/title>\n<meta name=\"robots\" content=\"index, follow, max-snippet:-1, max-image-preview:large, max-video-preview:-1\" \/>\n<link rel=\"canonical\" href=\"https:\/\/infopba247.com.ar\/index.php\/2025\/03\/18\/larroque-anuncio-un-aumento-en-la-inversion-destinada-al-servicio-alimentario-escolar\/\" \/>\n<meta property=\"og:locale\" content=\"es_ES\" \/>\n<meta property=\"og:type\" content=\"article\" \/>\n<meta property=\"og:title\" content=\"Larroque anunci\u00f3 un aumento en la inversi\u00f3n destinada al Servicio Alimentario Escolar\u00a0 - InfoPBA247\" \/>\n<meta property=\"og:description\" content=\"El ministro de Desarrollo de la Comunidad, Andr\u00e9s Larroque, anunci\u00f3 un aumento del 17% en el Servicio Alimentario Escolar (SAE)\" \/>\n<meta property=\"og:url\" content=\"https:\/\/infopba247.com.ar\/index.php\/2025\/03\/18\/larroque-anuncio-un-aumento-en-la-inversion-destinada-al-servicio-alimentario-escolar\/\" \/>\n<meta property=\"og:site_name\" content=\"InfoPBA247\" \/>\n<meta property=\"article:publisher\" content=\"https:\/\/www.facebook.com\/InfoPBA\" \/>\n<meta property=\"article:published_time\" content=\"2025-03-18T12:15:38+00:00\" \/>\n<meta property=\"article:modified_time\" content=\"2025-03-18T12:15:43+00:00\" \/>\n<meta property=\"og:image\" content=\"https:\/\/infopba247.com.ar\/wp-content\/uploads\/2025\/03\/unnamed-82.jpg\" \/>\n\t<meta property=\"og:image:width\" content=\"1108\" \/>\n\t<meta property=\"og:image:height\" content=\"739\" \/>\n\t<meta property=\"og:image:type\" content=\"image\/jpeg\" \/>\n<meta name=\"author\" content=\"Editor\" \/>\n<meta name=\"twitter:card\" content=\"summary_large_image\" \/>\n<meta name=\"twitter:label1\" content=\"Escrito por\" \/>\n\t<meta name=\"twitter:data1\" content=\"Editor\" \/>\n\t<meta name=\"twitter:label2\" content=\"Tiempo de lectura\" \/>\n\t<meta name=\"twitter:data2\" content=\"4 minutos\" \/>\n<script type=\"application\/ld+json\" class=\"yoast-schema-graph\">{\"@context\":\"https:\\\/\\\/schema.org\",\"@graph\":[{\"@type\":\"Article\",\"@id\":\"https:\\\/\\\/infopba247.com.ar\\\/index.php\\\/2025\\\/03\\\/18\\\/larroque-anuncio-un-aumento-en-la-inversion-destinada-al-servicio-alimentario-escolar\\\/#article\",\"isPartOf\":{\"@id\":\"https:\\\/\\\/infopba247.com.ar\\\/index.php\\\/2025\\\/03\\\/18\\\/larroque-anuncio-un-aumento-en-la-inversion-destinada-al-servicio-alimentario-escolar\\\/\"},\"author\":{\"name\":\"Editor\",\"@id\":\"https:\\\/\\\/infopba247.com.ar\\\/#\\\/schema\\\/person\\\/4975f1343a413e57bf839b3eed0099f2\"},\"headline\":\"Larroque anunci\u00f3 un aumento en la inversi\u00f3n destinada al Servicio Alimentario Escolar\u00a0\",\"datePublished\":\"2025-03-18T12:15:38+00:00\",\"dateModified\":\"2025-03-18T12:15:43+00:00\",\"mainEntityOfPage\":{\"@id\":\"https:\\\/\\\/infopba247.com.ar\\\/index.php\\\/2025\\\/03\\\/18\\\/larroque-anuncio-un-aumento-en-la-inversion-destinada-al-servicio-alimentario-escolar\\\/\"},\"wordCount\":674,\"commentCount\":0,\"publisher\":{\"@id\":\"https:\\\/\\\/infopba247.com.ar\\\/#organization\"},\"image\":{\"@id\":\"https:\\\/\\\/infopba247.com.ar\\\/index.php\\\/2025\\\/03\\\/18\\\/larroque-anuncio-un-aumento-en-la-inversion-destinada-al-servicio-alimentario-escolar\\\/#primaryimage\"},\"thumbnailUrl\":\"https:\\\/\\\/infopba247.com.ar\\\/wp-content\\\/uploads\\\/2025\\\/03\\\/unnamed-82.jpg\",\"articleSection\":[\"Destacadas\",\"Pol\u00edtica\"],\"inLanguage\":\"es\",\"potentialAction\":[{\"@type\":\"CommentAction\",\"name\":\"Comment\",\"target\":[\"https:\\\/\\\/infopba247.com.ar\\\/index.php\\\/2025\\\/03\\\/18\\\/larroque-anuncio-un-aumento-en-la-inversion-destinada-al-servicio-alimentario-escolar\\\/#respond\"]}]},{\"@type\":\"WebPage\",\"@id\":\"https:\\\/\\\/infopba247.com.ar\\\/index.php\\\/2025\\\/03\\\/18\\\/larroque-anuncio-un-aumento-en-la-inversion-destinada-al-servicio-alimentario-escolar\\\/\",\"url\":\"https:\\\/\\\/infopba247.com.ar\\\/index.php\\\/2025\\\/03\\\/18\\\/larroque-anuncio-un-aumento-en-la-inversion-destinada-al-servicio-alimentario-escolar\\\/\",\"name\":\"Larroque anunci\u00f3 un aumento en la inversi\u00f3n destinada al Servicio Alimentario Escolar\u00a0 - InfoPBA247\",\"isPartOf\":{\"@id\":\"https:\\\/\\\/infopba247.com.ar\\\/#website\"},\"primaryImageOfPage\":{\"@id\":\"https:\\\/\\\/infopba247.com.ar\\\/index.php\\\/2025\\\/03\\\/18\\\/larroque-anuncio-un-aumento-en-la-inversion-destinada-al-servicio-alimentario-escolar\\\/#primaryimage\"},\"image\":{\"@id\":\"https:\\\/\\\/infopba247.com.ar\\\/index.php\\\/2025\\\/03\\\/18\\\/larroque-anuncio-un-aumento-en-la-inversion-destinada-al-servicio-alimentario-escolar\\\/#primaryimage\"},\"thumbnailUrl\":\"https:\\\/\\\/infopba247.com.ar\\\/wp-content\\\/uploads\\\/2025\\\/03\\\/unnamed-82.jpg\",\"datePublished\":\"2025-03-18T12:15:38+00:00\",\"dateModified\":\"2025-03-18T12:15:43+00:00\",\"breadcrumb\":{\"@id\":\"https:\\\/\\\/infopba247.com.ar\\\/index.php\\\/2025\\\/03\\\/18\\\/larroque-anuncio-un-aumento-en-la-inversion-destinada-al-servicio-alimentario-escolar\\\/#breadcrumb\"},\"inLanguage\":\"es\",\"potentialAction\":[{\"@type\":\"ReadAction\",\"target\":[\"https:\\\/\\\/infopba247.com.ar\\\/index.php\\\/2025\\\/03\\\/18\\\/larroque-anuncio-un-aumento-en-la-inversion-destinada-al-servicio-alimentario-escolar\\\/\"]}]},{\"@type\":\"ImageObject\",\"inLanguage\":\"es\",\"@id\":\"https:\\\/\\\/infopba247.com.ar\\\/index.php\\\/2025\\\/03\\\/18\\\/larroque-anuncio-un-aumento-en-la-inversion-destinada-al-servicio-alimentario-escolar\\\/#primaryimage\",\"url\":\"https:\\\/\\\/infopba247.com.ar\\\/wp-content\\\/uploads\\\/2025\\\/03\\\/unnamed-82.jpg\",\"contentUrl\":\"https:\\\/\\\/infopba247.com.ar\\\/wp-content\\\/uploads\\\/2025\\\/03\\\/unnamed-82.jpg\",\"width\":1108,\"height\":739},{\"@type\":\"BreadcrumbList\",\"@id\":\"https:\\\/\\\/infopba247.com.ar\\\/index.php\\\/2025\\\/03\\\/18\\\/larroque-anuncio-un-aumento-en-la-inversion-destinada-al-servicio-alimentario-escolar\\\/#breadcrumb\",\"itemListElement\":[{\"@type\":\"ListItem\",\"position\":1,\"name\":\"Portada\",\"item\":\"https:\\\/\\\/infopba247.com.ar\\\/\"},{\"@type\":\"ListItem\",\"position\":2,\"name\":\"Larroque anunci\u00f3 un aumento en la inversi\u00f3n destinada al Servicio Alimentario Escolar\u00a0\"}]},{\"@type\":\"WebSite\",\"@id\":\"https:\\\/\\\/infopba247.com.ar\\\/#website\",\"url\":\"https:\\\/\\\/infopba247.com.ar\\\/\",\"name\":\"InfoPBA247\",\"description\":\"Toda la actualidad bonaerense\",\"publisher\":{\"@id\":\"https:\\\/\\\/infopba247.com.ar\\\/#organization\"},\"potentialAction\":[{\"@type\":\"SearchAction\",\"target\":{\"@type\":\"EntryPoint\",\"urlTemplate\":\"https:\\\/\\\/infopba247.com.ar\\\/?s={search_term_string}\"},\"query-input\":{\"@type\":\"PropertyValueSpecification\",\"valueRequired\":true,\"valueName\":\"search_term_string\"}}],\"inLanguage\":\"es\"},{\"@type\":\"Organization\",\"@id\":\"https:\\\/\\\/infopba247.com.ar\\\/#organization\",\"name\":\"InfoPBA247\",\"url\":\"https:\\\/\\\/infopba247.com.ar\\\/\",\"logo\":{\"@type\":\"ImageObject\",\"inLanguage\":\"es\",\"@id\":\"https:\\\/\\\/infopba247.com.ar\\\/#\\\/schema\\\/logo\\\/image\\\/\",\"url\":\"https:\\\/\\\/infopba247.com.ar\\\/wp-content\\\/uploads\\\/2022\\\/03\\\/cropped-InfoPBA247-1.png\",\"contentUrl\":\"https:\\\/\\\/infopba247.com.ar\\\/wp-content\\\/uploads\\\/2022\\\/03\\\/cropped-InfoPBA247-1.png\",\"width\":500,\"height\":122,\"caption\":\"InfoPBA247\"},\"image\":{\"@id\":\"https:\\\/\\\/infopba247.com.ar\\\/#\\\/schema\\\/logo\\\/image\\\/\"},\"sameAs\":[\"https:\\\/\\\/www.facebook.com\\\/InfoPBA\"]},{\"@type\":\"Person\",\"@id\":\"https:\\\/\\\/infopba247.com.ar\\\/#\\\/schema\\\/person\\\/4975f1343a413e57bf839b3eed0099f2\",\"name\":\"Editor\",\"image\":{\"@type\":\"ImageObject\",\"inLanguage\":\"es\",\"@id\":\"https:\\\/\\\/secure.gravatar.com\\\/avatar\\\/d27fe9520667ca53441d36627a1d6b0fa4a813571ec4803687a7a3a7744685ac?s=96&d=mm&r=g\",\"url\":\"https:\\\/\\\/secure.gravatar.com\\\/avatar\\\/d27fe9520667ca53441d36627a1d6b0fa4a813571ec4803687a7a3a7744685ac?s=96&d=mm&r=g\",\"contentUrl\":\"https:\\\/\\\/secure.gravatar.com\\\/avatar\\\/d27fe9520667ca53441d36627a1d6b0fa4a813571ec4803687a7a3a7744685ac?s=96&d=mm&r=g\",\"caption\":\"Editor\"},\"url\":\"https:\\\/\\\/infopba247.com.ar\\\/index.php\\\/author\\\/editor\\\/\"}]}<\/script>\n<!-- \/ Yoast SEO plugin. -->","yoast_head_json":{"title":"Larroque anunci\u00f3 un aumento en la inversi\u00f3n destinada al Servicio Alimentario Escolar\u00a0 - InfoPBA247","robots":{"index":"index","follow":"follow","max-snippet":"max-snippet:-1","max-image-preview":"max-image-preview:large","max-video-preview":"max-video-preview:-1"},"canonical":"https:\/\/infopba247.com.ar\/index.php\/2025\/03\/18\/larroque-anuncio-un-aumento-en-la-inversion-destinada-al-servicio-alimentario-escolar\/","og_locale":"es_ES","og_type":"article","og_title":"Larroque anunci\u00f3 un aumento en la inversi\u00f3n destinada al Servicio Alimentario Escolar\u00a0 - InfoPBA247","og_description":"El ministro de Desarrollo de la Comunidad, Andr\u00e9s Larroque, anunci\u00f3 un aumento del 17% en el Servicio Alimentario Escolar (SAE)","og_url":"https:\/\/infopba247.com.ar\/index.php\/2025\/03\/18\/larroque-anuncio-un-aumento-en-la-inversion-destinada-al-servicio-alimentario-escolar\/","og_site_name":"InfoPBA247","article_publisher":"https:\/\/www.facebook.com\/InfoPBA","article_published_time":"2025-03-18T12:15:38+00:00","article_modified_time":"2025-03-18T12:15:43+00:00","og_image":[{"width":1108,"height":739,"url":"https:\/\/infopba247.com.ar\/wp-content\/uploads\/2025\/03\/unnamed-82.jpg","type":"image\/jpeg"}],"author":"Editor","twitter_card":"summary_large_image","twitter_misc":{"Escrito por":"Editor","Tiempo de lectura":"4 minutos"},"schema":{"@context":"https:\/\/schema.org","@graph":[{"@type":"Article","@id":"https:\/\/infopba247.com.ar\/index.php\/2025\/03\/18\/larroque-anuncio-un-aumento-en-la-inversion-destinada-al-servicio-alimentario-escolar\/#article","isPartOf":{"@id":"https:\/\/infopba247.com.ar\/index.php\/2025\/03\/18\/larroque-anuncio-un-aumento-en-la-inversion-destinada-al-servicio-alimentario-escolar\/"},"author":{"name":"Editor","@id":"https:\/\/infopba247.com.ar\/#\/schema\/person\/4975f1343a413e57bf839b3eed0099f2"},"headline":"Larroque anunci\u00f3 un aumento en la inversi\u00f3n destinada al Servicio Alimentario Escolar\u00a0","datePublished":"2025-03-18T12:15:38+00:00","dateModified":"2025-03-18T12:15:43+00:00","mainEntityOfPage":{"@id":"https:\/\/infopba247.com.ar\/index.php\/2025\/03\/18\/larroque-anuncio-un-aumento-en-la-inversion-destinada-al-servicio-alimentario-escolar\/"},"wordCount":674,"commentCount":0,"publisher":{"@id":"https:\/\/infopba247.com.ar\/#organization"},"image":{"@id":"https:\/\/infopba247.com.ar\/index.php\/2025\/03\/18\/larroque-anuncio-un-aumento-en-la-inversion-destinada-al-servicio-alimentario-escolar\/#primaryimage"},"thumbnailUrl":"https:\/\/infopba247.com.ar\/wp-content\/uploads\/2025\/03\/unnamed-82.jpg","articleSection":["Destacadas","Pol\u00edtica"],"inLanguage":"es","potentialAction":[{"@type":"CommentAction","name":"Comment","target":["https:\/\/infopba247.com.ar\/index.php\/2025\/03\/18\/larroque-anuncio-un-aumento-en-la-inversion-destinada-al-servicio-alimentario-escolar\/#respond"]}]},{"@type":"WebPage","@id":"https:\/\/infopba247.com.ar\/index.php\/2025\/03\/18\/larroque-anuncio-un-aumento-en-la-inversion-destinada-al-servicio-alimentario-escolar\/","url":"https:\/\/infopba247.com.ar\/index.php\/2025\/03\/18\/larroque-anuncio-un-aumento-en-la-inversion-destinada-al-servicio-alimentario-escolar\/","name":"Larroque anunci\u00f3 un aumento en la inversi\u00f3n destinada al Servicio Alimentario Escolar\u00a0 - InfoPBA247","isPartOf":{"@id":"https:\/\/infopba247.com.ar\/#website"},"primaryImageOfPage":{"@id":"https:\/\/infopba247.com.ar\/index.php\/2025\/03\/18\/larroque-anuncio-un-aumento-en-la-inversion-destinada-al-servicio-alimentario-escolar\/#primaryimage"},"image":{"@id":"https:\/\/infopba247.com.ar\/index.php\/2025\/03\/18\/larroque-anuncio-un-aumento-en-la-inversion-destinada-al-servicio-alimentario-escolar\/#primaryimage"},"thumbnailUrl":"https:\/\/infopba247.com.ar\/wp-content\/uploads\/2025\/03\/unnamed-82.jpg","datePublished":"2025-03-18T12:15:38+00:00","dateModified":"2025-03-18T12:15:43+00:00","breadcrumb":{"@id":"https:\/\/infopba247.com.ar\/index.php\/2025\/03\/18\/larroque-anuncio-un-aumento-en-la-inversion-destinada-al-servicio-alimentario-escolar\/#breadcrumb"},"inLanguage":"es","potentialAction":[{"@type":"ReadAction","target":["https:\/\/infopba247.com.ar\/index.php\/2025\/03\/18\/larroque-anuncio-un-aumento-en-la-inversion-destinada-al-servicio-alimentario-escolar\/"]}]},{"@type":"ImageObject","inLanguage":"es","@id":"https:\/\/infopba247.com.ar\/index.php\/2025\/03\/18\/larroque-anuncio-un-aumento-en-la-inversion-destinada-al-servicio-alimentario-escolar\/#primaryimage","url":"https:\/\/infopba247.com.ar\/wp-content\/uploads\/2025\/03\/unnamed-82.jpg","contentUrl":"https:\/\/infopba247.com.ar\/wp-content\/uploads\/2025\/03\/unnamed-82.jpg","width":1108,"height":739},{"@type":"BreadcrumbList","@id":"https:\/\/infopba247.com.ar\/index.php\/2025\/03\/18\/larroque-anuncio-un-aumento-en-la-inversion-destinada-al-servicio-alimentario-escolar\/#breadcrumb","itemListElement":[{"@type":"ListItem","position":1,"name":"Portada","item":"https:\/\/infopba247.com.ar\/"},{"@type":"ListItem","position":2,"name":"Larroque anunci\u00f3 un aumento en la inversi\u00f3n destinada al Servicio Alimentario Escolar\u00a0"}]},{"@type":"WebSite","@id":"https:\/\/infopba247.com.ar\/#website","url":"https:\/\/infopba247.com.ar\/","name":"InfoPBA247","description":"Toda la actualidad bonaerense","publisher":{"@id":"https:\/\/infopba247.com.ar\/#organization"},"potentialAction":[{"@type":"SearchAction","target":{"@type":"EntryPoint","urlTemplate":"https:\/\/infopba247.com.ar\/?s={search_term_string}"},"query-input":{"@type":"PropertyValueSpecification","valueRequired":true,"valueName":"search_term_string"}}],"inLanguage":"es"},{"@type":"Organization","@id":"https:\/\/infopba247.com.ar\/#organization","name":"InfoPBA247","url":"https:\/\/infopba247.com.ar\/","logo":{"@type":"ImageObject","inLanguage":"es","@id":"https:\/\/infopba247.com.ar\/#\/schema\/logo\/image\/","url":"https:\/\/infopba247.com.ar\/wp-content\/uploads\/2022\/03\/cropped-InfoPBA247-1.png","contentUrl":"https:\/\/infopba247.com.ar\/wp-content\/uploads\/2022\/03\/cropped-InfoPBA247-1.png","width":500,"height":122,"caption":"InfoPBA247"},"image":{"@id":"https:\/\/infopba247.com.ar\/#\/schema\/logo\/image\/"},"sameAs":["https:\/\/www.facebook.com\/InfoPBA"]},{"@type":"Person","@id":"https:\/\/infopba247.com.ar\/#\/schema\/person\/4975f1343a413e57bf839b3eed0099f2","name":"Editor","image":{"@type":"ImageObject","inLanguage":"es","@id":"https:\/\/secure.gravatar.com\/avatar\/d27fe9520667ca53441d36627a1d6b0fa4a813571ec4803687a7a3a7744685ac?s=96&d=mm&r=g","url":"https:\/\/secure.gravatar.com\/avatar\/d27fe9520667ca53441d36627a1d6b0fa4a813571ec4803687a7a3a7744685ac?s=96&d=mm&r=g","contentUrl":"https:\/\/secure.gravatar.com\/avatar\/d27fe9520667ca53441d36627a1d6b0fa4a813571ec4803687a7a3a7744685ac?s=96&d=mm&r=g","caption":"Editor"},"url":"https:\/\/infopba247.com.ar\/index.php\/author\/editor\/"}]}},"_links":{"self":[{"href":"https:\/\/infopba247.com.ar\/index.php\/wp-json\/wp\/v2\/posts\/6599","targetHints":{"allow":["GET"]}}],"collection":[{"href":"https:\/\/infopba247.com.ar\/index.php\/wp-json\/wp\/v2\/posts"}],"about":[{"href":"https:\/\/infopba247.com.ar\/index.php\/wp-json\/wp\/v2\/types\/post"}],"author":[{"embeddable":true,"href":"https:\/\/infopba247.com.ar\/index.php\/wp-json\/wp\/v2\/users\/3"}],"replies":[{"embeddable":true,"href":"https:\/\/infopba247.com.ar\/index.php\/wp-json\/wp\/v2\/comments?post=6599"}],"version-history":[{"count":1,"href":"https:\/\/infopba247.com.ar\/index.php\/wp-json\/wp\/v2\/posts\/6599\/revisions"}],"predecessor-version":[{"id":6604,"href":"https:\/\/infopba247.com.ar\/index.php\/wp-json\/wp\/v2\/posts\/6599\/revisions\/6604"}],"wp:featuredmedia":[{"embeddable":true,"href":"https:\/\/infopba247.com.ar\/index.php\/wp-json\/wp\/v2\/media\/6602"}],"wp:attachment":[{"href":"https:\/\/infopba247.com.ar\/index.php\/wp-json\/wp\/v2\/media?parent=6599"}],"wp:term":[{"taxonomy":"category","embeddable":true,"href":"https:\/\/infopba247.com.ar\/index.php\/wp-json\/wp\/v2\/categories?post=6599"},{"taxonomy":"post_tag","embeddable":true,"href":"https:\/\/infopba247.com.ar\/index.php\/wp-json\/wp\/v2\/tags?post=6599"}],"curies":[{"name":"wp","href":"https:\/\/api.w.org\/{rel}","templated":true}]}}