{"id":6597,"date":"2025-03-13T08:07:34","date_gmt":"2025-03-13T11:07:34","guid":{"rendered":"https:\/\/infopba247.com.ar\/?p=6597"},"modified":"2025-03-13T08:07:35","modified_gmt":"2025-03-13T11:07:35","slug":"se-reprogramo-para-noviembre-la-1-edicion-de-monte-cannabis-salud","status":"publish","type":"post","link":"https:\/\/infopba247.com.ar\/index.php\/2025\/03\/13\/se-reprogramo-para-noviembre-la-1-edicion-de-monte-cannabis-salud\/","title":{"rendered":"Se reprogram\u00f3 para noviembre la 1\u00b0 edici\u00f3n de Monte Cannabis Salud"},"content":{"rendered":"\n<p>Desde el equipo organizador de Monte Cannabis Salud expresaron preocupaci\u00f3n y solidaridad con la comunidad de Bah\u00eda Blanca, ciudad vecina que enfrenta uno de los escenarios m\u00e1s tr\u00e1gicos de su historia debido al devastador temporal que ocasion\u00f3 da\u00f1os irreparables, p\u00e9rdidas humanas y m\u00e1s de un centenar de personas desaparecidas. Desde Monte Hermoso, tanto el Municipio como distintas organizaciones, vecinas y vecinos, contin\u00faan reuniendo y enviando donaciones a los lugares m\u00e1s afectados.<\/p>\n\n\n\n<p>Ante esta situaci\u00f3n, y debido al estrecho v\u00ednculo de nuestra ciudad con la localidad vecina de Bah\u00eda Blanca, y en consideraci\u00f3n no solo de la poblaci\u00f3n afectada, sino tambi\u00e9n de una parte significativa del equipo de Monte Cannabis, se tom\u00f3 la decisi\u00f3n de suspender la primera edici\u00f3n del evento, originalmente programada para los d\u00edas 22 y 23 de marzo de 2025.<\/p>\n\n\n\n<p>Si bien la planificaci\u00f3n de este evento requiri\u00f3 mucho esfuerzo y trabajo por parte de los participantes y organizaciones, desde la organizaci\u00f3n consideran que la reprogramaci\u00f3n es una muestra de apoyo y solidaridad para toda la comunidad bahiense. Es por ello que invitan a acompa\u00f1arlos en la nueva fecha programada, que ser\u00e1 los d\u00edas 22 y 23 de noviembre de 2025.<\/p>\n\n\n\n<p>Para quienes ya hayan adquirido su entrada, se enviar\u00e1 un mensaje con los detalles y procedimientos para la devoluci\u00f3n correspondiente.<\/p>\n\n\n\n<p>Recordemos que en Monte Hermoso se contin\u00faa trabajando de forma solidaria para juntar donaciones que luego se env\u00edan a Bah\u00eda Blanca, White y Cerri. Por un lado, los Bomberos Voluntarios solicitan la donaci\u00f3n de agua potable, art\u00edculos de limpieza, ropa de cama, toallas, frazadas y elementos de higiene personal que pueden acercar al cuartel de 8 a 22 h, para luego ser transportadas a los cuarteles de Cerri e Ingeniero White.<\/p>\n\n\n\n<p>Asimismo, desde el Centro de Formaci\u00f3n Profesional invitan a colaborar con \u00fatiles escolares en buen estado para cuando las y los chicos retomen las clases. Se pueden acercar con guardapolvos, mochilas, repelentes, espirales y tabletas.<\/p>\n\n\n\n<p>En la Secretar\u00eda de Desarrollo Social de Monte Hermoso tambi\u00e9n reciben donaciones. Pueden acercarse a la Secretar\u00eda ubicada en Bah\u00eda Blanca 224, a la Secretar\u00eda de Desarrollo Humano, Mujer, G\u00e9nero y Diversidad, ubicada en San Mart\u00edn y R\u00edo Atuel, o a el CIC, R\u00edo Salado 1000, de 8 a 14 hs. Aqu\u00ed se reciben colchones, ropa de cama, agua potable, productos de limpieza e higiene personal, alimentos no perecederos y envases para armado de viandas.<\/p>\n","protected":false},"excerpt":{"rendered":"<p>Desde el equipo organizador de Monte Cannabis Salud expresaron preocupaci\u00f3n y solidaridad con la comunidad de Bah\u00eda Blanca, ciudad vecina<\/p>\n","protected":false},"author":3,"featured_media":6589,"comment_status":"open","ping_status":"open","sticky":false,"template":"","format":"standard","meta":{"colormag_page_container_layout":"default_layout","colormag_page_sidebar_layout":"default_layout","footnotes":""},"categories":[10,1,14],"tags":[],"class_list":["post-6597","post","type-post","status-publish","format-standard","has-post-thumbnail","hentry","category-6ta-seccion","category-destacadas","category-politica"],"yoast_head":"<!-- This site is optimized with the Yoast SEO plugin v27.4 - https:\/\/yoast.com\/product\/yoast-seo-wordpress\/ -->\n<title>Se reprogram\u00f3 para noviembre la 1\u00b0 edici\u00f3n de Monte Cannabis Salud - InfoPBA247<\/title>\n<meta name=\"robots\" content=\"index, follow, max-snippet:-1, max-image-preview:large, max-video-preview:-1\" \/>\n<link rel=\"canonical\" href=\"https:\/\/infopba247.com.ar\/index.php\/2025\/03\/13\/se-reprogramo-para-noviembre-la-1-edicion-de-monte-cannabis-salud\/\" \/>\n<meta property=\"og:locale\" content=\"es_ES\" \/>\n<meta property=\"og:type\" content=\"article\" \/>\n<meta property=\"og:title\" content=\"Se reprogram\u00f3 para noviembre la 1\u00b0 edici\u00f3n de Monte Cannabis Salud - InfoPBA247\" \/>\n<meta property=\"og:description\" content=\"Desde el equipo organizador de Monte Cannabis Salud expresaron preocupaci\u00f3n y solidaridad con la comunidad de Bah\u00eda Blanca, ciudad vecina\" \/>\n<meta property=\"og:url\" content=\"https:\/\/infopba247.com.ar\/index.php\/2025\/03\/13\/se-reprogramo-para-noviembre-la-1-edicion-de-monte-cannabis-salud\/\" \/>\n<meta property=\"og:site_name\" content=\"InfoPBA247\" \/>\n<meta property=\"article:publisher\" content=\"https:\/\/www.facebook.com\/InfoPBA\" \/>\n<meta property=\"article:published_time\" content=\"2025-03-13T11:07:34+00:00\" \/>\n<meta property=\"article:modified_time\" content=\"2025-03-13T11:07:35+00:00\" \/>\n<meta property=\"og:image\" content=\"https:\/\/infopba247.com.ar\/wp-content\/uploads\/2025\/03\/WhatsApp-Image-2025-03-12-at-12.42.59-PM-800x445-1.jpeg\" \/>\n\t<meta property=\"og:image:width\" content=\"800\" \/>\n\t<meta property=\"og:image:height\" content=\"445\" \/>\n\t<meta property=\"og:image:type\" content=\"image\/jpeg\" \/>\n<meta name=\"author\" content=\"Editor\" \/>\n<meta name=\"twitter:card\" content=\"summary_large_image\" \/>\n<meta name=\"twitter:label1\" content=\"Escrito por\" \/>\n\t<meta name=\"twitter:data1\" content=\"Editor\" \/>\n\t<meta name=\"twitter:label2\" content=\"Tiempo de lectura\" \/>\n\t<meta name=\"twitter:data2\" content=\"3 minutos\" \/>\n<script type=\"application\/ld+json\" class=\"yoast-schema-graph\">{\"@context\":\"https:\\\/\\\/schema.org\",\"@graph\":[{\"@type\":\"Article\",\"@id\":\"https:\\\/\\\/infopba247.com.ar\\\/index.php\\\/2025\\\/03\\\/13\\\/se-reprogramo-para-noviembre-la-1-edicion-de-monte-cannabis-salud\\\/#article\",\"isPartOf\":{\"@id\":\"https:\\\/\\\/infopba247.com.ar\\\/index.php\\\/2025\\\/03\\\/13\\\/se-reprogramo-para-noviembre-la-1-edicion-de-monte-cannabis-salud\\\/\"},\"author\":{\"name\":\"Editor\",\"@id\":\"https:\\\/\\\/infopba247.com.ar\\\/#\\\/schema\\\/person\\\/4975f1343a413e57bf839b3eed0099f2\"},\"headline\":\"Se reprogram\u00f3 para noviembre la 1\u00b0 edici\u00f3n de Monte Cannabis Salud\",\"datePublished\":\"2025-03-13T11:07:34+00:00\",\"dateModified\":\"2025-03-13T11:07:35+00:00\",\"mainEntityOfPage\":{\"@id\":\"https:\\\/\\\/infopba247.com.ar\\\/index.php\\\/2025\\\/03\\\/13\\\/se-reprogramo-para-noviembre-la-1-edicion-de-monte-cannabis-salud\\\/\"},\"wordCount\":432,\"commentCount\":0,\"publisher\":{\"@id\":\"https:\\\/\\\/infopba247.com.ar\\\/#organization\"},\"image\":{\"@id\":\"https:\\\/\\\/infopba247.com.ar\\\/index.php\\\/2025\\\/03\\\/13\\\/se-reprogramo-para-noviembre-la-1-edicion-de-monte-cannabis-salud\\\/#primaryimage\"},\"thumbnailUrl\":\"https:\\\/\\\/infopba247.com.ar\\\/wp-content\\\/uploads\\\/2025\\\/03\\\/WhatsApp-Image-2025-03-12-at-12.42.59-PM-800x445-1.jpeg\",\"articleSection\":[\"6ta Secci\u00f3n\",\"Destacadas\",\"Pol\u00edtica\"],\"inLanguage\":\"es\",\"potentialAction\":[{\"@type\":\"CommentAction\",\"name\":\"Comment\",\"target\":[\"https:\\\/\\\/infopba247.com.ar\\\/index.php\\\/2025\\\/03\\\/13\\\/se-reprogramo-para-noviembre-la-1-edicion-de-monte-cannabis-salud\\\/#respond\"]}]},{\"@type\":\"WebPage\",\"@id\":\"https:\\\/\\\/infopba247.com.ar\\\/index.php\\\/2025\\\/03\\\/13\\\/se-reprogramo-para-noviembre-la-1-edicion-de-monte-cannabis-salud\\\/\",\"url\":\"https:\\\/\\\/infopba247.com.ar\\\/index.php\\\/2025\\\/03\\\/13\\\/se-reprogramo-para-noviembre-la-1-edicion-de-monte-cannabis-salud\\\/\",\"name\":\"Se reprogram\u00f3 para noviembre la 1\u00b0 edici\u00f3n de Monte Cannabis Salud - InfoPBA247\",\"isPartOf\":{\"@id\":\"https:\\\/\\\/infopba247.com.ar\\\/#website\"},\"primaryImageOfPage\":{\"@id\":\"https:\\\/\\\/infopba247.com.ar\\\/index.php\\\/2025\\\/03\\\/13\\\/se-reprogramo-para-noviembre-la-1-edicion-de-monte-cannabis-salud\\\/#primaryimage\"},\"image\":{\"@id\":\"https:\\\/\\\/infopba247.com.ar\\\/index.php\\\/2025\\\/03\\\/13\\\/se-reprogramo-para-noviembre-la-1-edicion-de-monte-cannabis-salud\\\/#primaryimage\"},\"thumbnailUrl\":\"https:\\\/\\\/infopba247.com.ar\\\/wp-content\\\/uploads\\\/2025\\\/03\\\/WhatsApp-Image-2025-03-12-at-12.42.59-PM-800x445-1.jpeg\",\"datePublished\":\"2025-03-13T11:07:34+00:00\",\"dateModified\":\"2025-03-13T11:07:35+00:00\",\"breadcrumb\":{\"@id\":\"https:\\\/\\\/infopba247.com.ar\\\/index.php\\\/2025\\\/03\\\/13\\\/se-reprogramo-para-noviembre-la-1-edicion-de-monte-cannabis-salud\\\/#breadcrumb\"},\"inLanguage\":\"es\",\"potentialAction\":[{\"@type\":\"ReadAction\",\"target\":[\"https:\\\/\\\/infopba247.com.ar\\\/index.php\\\/2025\\\/03\\\/13\\\/se-reprogramo-para-noviembre-la-1-edicion-de-monte-cannabis-salud\\\/\"]}]},{\"@type\":\"ImageObject\",\"inLanguage\":\"es\",\"@id\":\"https:\\\/\\\/infopba247.com.ar\\\/index.php\\\/2025\\\/03\\\/13\\\/se-reprogramo-para-noviembre-la-1-edicion-de-monte-cannabis-salud\\\/#primaryimage\",\"url\":\"https:\\\/\\\/infopba247.com.ar\\\/wp-content\\\/uploads\\\/2025\\\/03\\\/WhatsApp-Image-2025-03-12-at-12.42.59-PM-800x445-1.jpeg\",\"contentUrl\":\"https:\\\/\\\/infopba247.com.ar\\\/wp-content\\\/uploads\\\/2025\\\/03\\\/WhatsApp-Image-2025-03-12-at-12.42.59-PM-800x445-1.jpeg\",\"width\":800,\"height\":445},{\"@type\":\"BreadcrumbList\",\"@id\":\"https:\\\/\\\/infopba247.com.ar\\\/index.php\\\/2025\\\/03\\\/13\\\/se-reprogramo-para-noviembre-la-1-edicion-de-monte-cannabis-salud\\\/#breadcrumb\",\"itemListElement\":[{\"@type\":\"ListItem\",\"position\":1,\"name\":\"Portada\",\"item\":\"https:\\\/\\\/infopba247.com.ar\\\/\"},{\"@type\":\"ListItem\",\"position\":2,\"name\":\"Se reprogram\u00f3 para noviembre la 1\u00b0 edici\u00f3n de Monte Cannabis Salud\"}]},{\"@type\":\"WebSite\",\"@id\":\"https:\\\/\\\/infopba247.com.ar\\\/#website\",\"url\":\"https:\\\/\\\/infopba247.com.ar\\\/\",\"name\":\"InfoPBA247\",\"description\":\"Toda la actualidad bonaerense\",\"publisher\":{\"@id\":\"https:\\\/\\\/infopba247.com.ar\\\/#organization\"},\"potentialAction\":[{\"@type\":\"SearchAction\",\"target\":{\"@type\":\"EntryPoint\",\"urlTemplate\":\"https:\\\/\\\/infopba247.com.ar\\\/?s={search_term_string}\"},\"query-input\":{\"@type\":\"PropertyValueSpecification\",\"valueRequired\":true,\"valueName\":\"search_term_string\"}}],\"inLanguage\":\"es\"},{\"@type\":\"Organization\",\"@id\":\"https:\\\/\\\/infopba247.com.ar\\\/#organization\",\"name\":\"InfoPBA247\",\"url\":\"https:\\\/\\\/infopba247.com.ar\\\/\",\"logo\":{\"@type\":\"ImageObject\",\"inLanguage\":\"es\",\"@id\":\"https:\\\/\\\/infopba247.com.ar\\\/#\\\/schema\\\/logo\\\/image\\\/\",\"url\":\"https:\\\/\\\/infopba247.com.ar\\\/wp-content\\\/uploads\\\/2022\\\/03\\\/cropped-InfoPBA247-1.png\",\"contentUrl\":\"https:\\\/\\\/infopba247.com.ar\\\/wp-content\\\/uploads\\\/2022\\\/03\\\/cropped-InfoPBA247-1.png\",\"width\":500,\"height\":122,\"caption\":\"InfoPBA247\"},\"image\":{\"@id\":\"https:\\\/\\\/infopba247.com.ar\\\/#\\\/schema\\\/logo\\\/image\\\/\"},\"sameAs\":[\"https:\\\/\\\/www.facebook.com\\\/InfoPBA\"]},{\"@type\":\"Person\",\"@id\":\"https:\\\/\\\/infopba247.com.ar\\\/#\\\/schema\\\/person\\\/4975f1343a413e57bf839b3eed0099f2\",\"name\":\"Editor\",\"image\":{\"@type\":\"ImageObject\",\"inLanguage\":\"es\",\"@id\":\"https:\\\/\\\/secure.gravatar.com\\\/avatar\\\/d27fe9520667ca53441d36627a1d6b0fa4a813571ec4803687a7a3a7744685ac?s=96&d=mm&r=g\",\"url\":\"https:\\\/\\\/secure.gravatar.com\\\/avatar\\\/d27fe9520667ca53441d36627a1d6b0fa4a813571ec4803687a7a3a7744685ac?s=96&d=mm&r=g\",\"contentUrl\":\"https:\\\/\\\/secure.gravatar.com\\\/avatar\\\/d27fe9520667ca53441d36627a1d6b0fa4a813571ec4803687a7a3a7744685ac?s=96&d=mm&r=g\",\"caption\":\"Editor\"},\"url\":\"https:\\\/\\\/infopba247.com.ar\\\/index.php\\\/author\\\/editor\\\/\"}]}<\/script>\n<!-- \/ Yoast SEO plugin. -->","yoast_head_json":{"title":"Se reprogram\u00f3 para noviembre la 1\u00b0 edici\u00f3n de Monte Cannabis Salud - InfoPBA247","robots":{"index":"index","follow":"follow","max-snippet":"max-snippet:-1","max-image-preview":"max-image-preview:large","max-video-preview":"max-video-preview:-1"},"canonical":"https:\/\/infopba247.com.ar\/index.php\/2025\/03\/13\/se-reprogramo-para-noviembre-la-1-edicion-de-monte-cannabis-salud\/","og_locale":"es_ES","og_type":"article","og_title":"Se reprogram\u00f3 para noviembre la 1\u00b0 edici\u00f3n de Monte Cannabis Salud - InfoPBA247","og_description":"Desde el equipo organizador de Monte Cannabis Salud expresaron preocupaci\u00f3n y solidaridad con la comunidad de Bah\u00eda Blanca, ciudad vecina","og_url":"https:\/\/infopba247.com.ar\/index.php\/2025\/03\/13\/se-reprogramo-para-noviembre-la-1-edicion-de-monte-cannabis-salud\/","og_site_name":"InfoPBA247","article_publisher":"https:\/\/www.facebook.com\/InfoPBA","article_published_time":"2025-03-13T11:07:34+00:00","article_modified_time":"2025-03-13T11:07:35+00:00","og_image":[{"width":800,"height":445,"url":"https:\/\/infopba247.com.ar\/wp-content\/uploads\/2025\/03\/WhatsApp-Image-2025-03-12-at-12.42.59-PM-800x445-1.jpeg","type":"image\/jpeg"}],"author":"Editor","twitter_card":"summary_large_image","twitter_misc":{"Escrito por":"Editor","Tiempo de lectura":"3 minutos"},"schema":{"@context":"https:\/\/schema.org","@graph":[{"@type":"Article","@id":"https:\/\/infopba247.com.ar\/index.php\/2025\/03\/13\/se-reprogramo-para-noviembre-la-1-edicion-de-monte-cannabis-salud\/#article","isPartOf":{"@id":"https:\/\/infopba247.com.ar\/index.php\/2025\/03\/13\/se-reprogramo-para-noviembre-la-1-edicion-de-monte-cannabis-salud\/"},"author":{"name":"Editor","@id":"https:\/\/infopba247.com.ar\/#\/schema\/person\/4975f1343a413e57bf839b3eed0099f2"},"headline":"Se reprogram\u00f3 para noviembre la 1\u00b0 edici\u00f3n de Monte Cannabis Salud","datePublished":"2025-03-13T11:07:34+00:00","dateModified":"2025-03-13T11:07:35+00:00","mainEntityOfPage":{"@id":"https:\/\/infopba247.com.ar\/index.php\/2025\/03\/13\/se-reprogramo-para-noviembre-la-1-edicion-de-monte-cannabis-salud\/"},"wordCount":432,"commentCount":0,"publisher":{"@id":"https:\/\/infopba247.com.ar\/#organization"},"image":{"@id":"https:\/\/infopba247.com.ar\/index.php\/2025\/03\/13\/se-reprogramo-para-noviembre-la-1-edicion-de-monte-cannabis-salud\/#primaryimage"},"thumbnailUrl":"https:\/\/infopba247.com.ar\/wp-content\/uploads\/2025\/03\/WhatsApp-Image-2025-03-12-at-12.42.59-PM-800x445-1.jpeg","articleSection":["6ta Secci\u00f3n","Destacadas","Pol\u00edtica"],"inLanguage":"es","potentialAction":[{"@type":"CommentAction","name":"Comment","target":["https:\/\/infopba247.com.ar\/index.php\/2025\/03\/13\/se-reprogramo-para-noviembre-la-1-edicion-de-monte-cannabis-salud\/#respond"]}]},{"@type":"WebPage","@id":"https:\/\/infopba247.com.ar\/index.php\/2025\/03\/13\/se-reprogramo-para-noviembre-la-1-edicion-de-monte-cannabis-salud\/","url":"https:\/\/infopba247.com.ar\/index.php\/2025\/03\/13\/se-reprogramo-para-noviembre-la-1-edicion-de-monte-cannabis-salud\/","name":"Se reprogram\u00f3 para noviembre la 1\u00b0 edici\u00f3n de Monte Cannabis Salud - InfoPBA247","isPartOf":{"@id":"https:\/\/infopba247.com.ar\/#website"},"primaryImageOfPage":{"@id":"https:\/\/infopba247.com.ar\/index.php\/2025\/03\/13\/se-reprogramo-para-noviembre-la-1-edicion-de-monte-cannabis-salud\/#primaryimage"},"image":{"@id":"https:\/\/infopba247.com.ar\/index.php\/2025\/03\/13\/se-reprogramo-para-noviembre-la-1-edicion-de-monte-cannabis-salud\/#primaryimage"},"thumbnailUrl":"https:\/\/infopba247.com.ar\/wp-content\/uploads\/2025\/03\/WhatsApp-Image-2025-03-12-at-12.42.59-PM-800x445-1.jpeg","datePublished":"2025-03-13T11:07:34+00:00","dateModified":"2025-03-13T11:07:35+00:00","breadcrumb":{"@id":"https:\/\/infopba247.com.ar\/index.php\/2025\/03\/13\/se-reprogramo-para-noviembre-la-1-edicion-de-monte-cannabis-salud\/#breadcrumb"},"inLanguage":"es","potentialAction":[{"@type":"ReadAction","target":["https:\/\/infopba247.com.ar\/index.php\/2025\/03\/13\/se-reprogramo-para-noviembre-la-1-edicion-de-monte-cannabis-salud\/"]}]},{"@type":"ImageObject","inLanguage":"es","@id":"https:\/\/infopba247.com.ar\/index.php\/2025\/03\/13\/se-reprogramo-para-noviembre-la-1-edicion-de-monte-cannabis-salud\/#primaryimage","url":"https:\/\/infopba247.com.ar\/wp-content\/uploads\/2025\/03\/WhatsApp-Image-2025-03-12-at-12.42.59-PM-800x445-1.jpeg","contentUrl":"https:\/\/infopba247.com.ar\/wp-content\/uploads\/2025\/03\/WhatsApp-Image-2025-03-12-at-12.42.59-PM-800x445-1.jpeg","width":800,"height":445},{"@type":"BreadcrumbList","@id":"https:\/\/infopba247.com.ar\/index.php\/2025\/03\/13\/se-reprogramo-para-noviembre-la-1-edicion-de-monte-cannabis-salud\/#breadcrumb","itemListElement":[{"@type":"ListItem","position":1,"name":"Portada","item":"https:\/\/infopba247.com.ar\/"},{"@type":"ListItem","position":2,"name":"Se reprogram\u00f3 para noviembre la 1\u00b0 edici\u00f3n de Monte Cannabis Salud"}]},{"@type":"WebSite","@id":"https:\/\/infopba247.com.ar\/#website","url":"https:\/\/infopba247.com.ar\/","name":"InfoPBA247","description":"Toda la actualidad bonaerense","publisher":{"@id":"https:\/\/infopba247.com.ar\/#organization"},"potentialAction":[{"@type":"SearchAction","target":{"@type":"EntryPoint","urlTemplate":"https:\/\/infopba247.com.ar\/?s={search_term_string}"},"query-input":{"@type":"PropertyValueSpecification","valueRequired":true,"valueName":"search_term_string"}}],"inLanguage":"es"},{"@type":"Organization","@id":"https:\/\/infopba247.com.ar\/#organization","name":"InfoPBA247","url":"https:\/\/infopba247.com.ar\/","logo":{"@type":"ImageObject","inLanguage":"es","@id":"https:\/\/infopba247.com.ar\/#\/schema\/logo\/image\/","url":"https:\/\/infopba247.com.ar\/wp-content\/uploads\/2022\/03\/cropped-InfoPBA247-1.png","contentUrl":"https:\/\/infopba247.com.ar\/wp-content\/uploads\/2022\/03\/cropped-InfoPBA247-1.png","width":500,"height":122,"caption":"InfoPBA247"},"image":{"@id":"https:\/\/infopba247.com.ar\/#\/schema\/logo\/image\/"},"sameAs":["https:\/\/www.facebook.com\/InfoPBA"]},{"@type":"Person","@id":"https:\/\/infopba247.com.ar\/#\/schema\/person\/4975f1343a413e57bf839b3eed0099f2","name":"Editor","image":{"@type":"ImageObject","inLanguage":"es","@id":"https:\/\/secure.gravatar.com\/avatar\/d27fe9520667ca53441d36627a1d6b0fa4a813571ec4803687a7a3a7744685ac?s=96&d=mm&r=g","url":"https:\/\/secure.gravatar.com\/avatar\/d27fe9520667ca53441d36627a1d6b0fa4a813571ec4803687a7a3a7744685ac?s=96&d=mm&r=g","contentUrl":"https:\/\/secure.gravatar.com\/avatar\/d27fe9520667ca53441d36627a1d6b0fa4a813571ec4803687a7a3a7744685ac?s=96&d=mm&r=g","caption":"Editor"},"url":"https:\/\/infopba247.com.ar\/index.php\/author\/editor\/"}]}},"_links":{"self":[{"href":"https:\/\/infopba247.com.ar\/index.php\/wp-json\/wp\/v2\/posts\/6597","targetHints":{"allow":["GET"]}}],"collection":[{"href":"https:\/\/infopba247.com.ar\/index.php\/wp-json\/wp\/v2\/posts"}],"about":[{"href":"https:\/\/infopba247.com.ar\/index.php\/wp-json\/wp\/v2\/types\/post"}],"author":[{"embeddable":true,"href":"https:\/\/infopba247.com.ar\/index.php\/wp-json\/wp\/v2\/users\/3"}],"replies":[{"embeddable":true,"href":"https:\/\/infopba247.com.ar\/index.php\/wp-json\/wp\/v2\/comments?post=6597"}],"version-history":[{"count":1,"href":"https:\/\/infopba247.com.ar\/index.php\/wp-json\/wp\/v2\/posts\/6597\/revisions"}],"predecessor-version":[{"id":6598,"href":"https:\/\/infopba247.com.ar\/index.php\/wp-json\/wp\/v2\/posts\/6597\/revisions\/6598"}],"wp:featuredmedia":[{"embeddable":true,"href":"https:\/\/infopba247.com.ar\/index.php\/wp-json\/wp\/v2\/media\/6589"}],"wp:attachment":[{"href":"https:\/\/infopba247.com.ar\/index.php\/wp-json\/wp\/v2\/media?parent=6597"}],"wp:term":[{"taxonomy":"category","embeddable":true,"href":"https:\/\/infopba247.com.ar\/index.php\/wp-json\/wp\/v2\/categories?post=6597"},{"taxonomy":"post_tag","embeddable":true,"href":"https:\/\/infopba247.com.ar\/index.php\/wp-json\/wp\/v2\/tags?post=6597"}],"curies":[{"name":"wp","href":"https:\/\/api.w.org\/{rel}","templated":true}]}}