{"id":657,"date":"2022-09-05T14:55:47","date_gmt":"2022-09-05T14:55:47","guid":{"rendered":"https:\/\/infopba247.com.ar\/?p=657"},"modified":"2022-09-05T14:56:04","modified_gmt":"2022-09-05T14:56:04","slug":"miles-de-familias-celebraron-en-san-nicolas-la-inauguracion-del-parque-del-acuerdo","status":"publish","type":"post","link":"https:\/\/infopba247.com.ar\/index.php\/2022\/09\/05\/miles-de-familias-celebraron-en-san-nicolas-la-inauguracion-del-parque-del-acuerdo\/","title":{"rendered":"Miles de familias celebraron en San Nicol\u00e1s la inauguraci\u00f3n del Parque del Acuerdo"},"content":{"rendered":"\n<p>Con motivo de celebrarse el D\u00eda de la Infancia en la localidad bonaerense de San Nicol\u00e1s, durante el \u00faltimo domingo en el nuevo Parque del Acuerdo se vivi\u00f3 una verdadera fiesta, donde miles de vecinos compartieron una jornada en familia.<\/p>\n\n\n\n<p>El lugar totalmente renovado cuenta con dos grandes balcones al r\u00edo, un sector de juegos y todos los servicios para poder disfrutarlo de la mejor manera.<\/p>\n\n\n\n<p>En este marco los ni\u00f1os disfrutaron del parque de inflables y juegos mec\u00e1nicos, un espacio cultural con talleres de m\u00fasica, arte y juego. Adem\u00e1s, hubo un gran show musical especialmente preparado para los m\u00e1s chicos.<\/p>\n\n\n\n<p>El parque se posiciona como destino tur\u00edstico<br>Por su parte, las familias descubrieron el nuevo Parque y recorrieron el lugar, caminaron sobre los dos grandes miradores a la vera del R\u00edo Paran\u00e1 y disfrutaron del gran espacio verde.<\/p>\n\n\n\n<p>\u201cVivimos un domingo incre\u00edble, muchas gracias a la Municipalidad por recuperar este hermoso lugar de la ciudad\u201d, cont\u00f3 Romina una vecina de Campos Salles que se encontraba con sus hijos festejando el d\u00eda de la infancia.<\/p>\n\n\n\n<p>El Parque del Acuerdo fue construido en los terrenos del ex Batall\u00f3n y pone definitivamente a la ciudad de cara al r\u00edo. Es un lugar privilegiado y un atractivo muy importante para posicionar a San Nicol\u00e1s como destino tur\u00edstico.<\/p>\n","protected":false},"excerpt":{"rendered":"<p>Con motivo de celebrarse el D\u00eda de la Infancia en la localidad bonaerense de San Nicol\u00e1s, durante el \u00faltimo domingo<\/p>\n","protected":false},"author":3,"featured_media":658,"comment_status":"closed","ping_status":"closed","sticky":false,"template":"","format":"standard","meta":{"colormag_page_container_layout":"default_layout","colormag_page_sidebar_layout":"default_layout","footnotes":""},"categories":[6,1,14],"tags":[],"class_list":["post-657","post","type-post","status-publish","format-standard","has-post-thumbnail","hentry","category-2da-seccion","category-destacadas","category-politica"],"yoast_head":"<!-- This site is optimized with the Yoast SEO plugin v27.4 - https:\/\/yoast.com\/product\/yoast-seo-wordpress\/ -->\n<title>Miles de familias celebraron en San Nicol\u00e1s la inauguraci\u00f3n del Parque del Acuerdo - InfoPBA247<\/title>\n<meta name=\"robots\" content=\"index, follow, max-snippet:-1, max-image-preview:large, max-video-preview:-1\" \/>\n<link rel=\"canonical\" href=\"https:\/\/infopba247.com.ar\/index.php\/2022\/09\/05\/miles-de-familias-celebraron-en-san-nicolas-la-inauguracion-del-parque-del-acuerdo\/\" \/>\n<meta property=\"og:locale\" content=\"es_ES\" \/>\n<meta property=\"og:type\" content=\"article\" \/>\n<meta property=\"og:title\" content=\"Miles de familias celebraron en San Nicol\u00e1s la inauguraci\u00f3n del Parque del Acuerdo - InfoPBA247\" \/>\n<meta property=\"og:description\" content=\"Con motivo de celebrarse el D\u00eda de la Infancia en la localidad bonaerense de San Nicol\u00e1s, durante el \u00faltimo domingo\" \/>\n<meta property=\"og:url\" content=\"https:\/\/infopba247.com.ar\/index.php\/2022\/09\/05\/miles-de-familias-celebraron-en-san-nicolas-la-inauguracion-del-parque-del-acuerdo\/\" \/>\n<meta property=\"og:site_name\" content=\"InfoPBA247\" \/>\n<meta property=\"article:publisher\" content=\"https:\/\/www.facebook.com\/InfoPBA\" \/>\n<meta property=\"article:published_time\" content=\"2022-09-05T14:55:47+00:00\" \/>\n<meta property=\"article:modified_time\" content=\"2022-09-05T14:56:04+00:00\" \/>\n<meta property=\"og:image\" content=\"https:\/\/infopba247.com.ar\/wp-content\/uploads\/2022\/09\/PARQUE.jpg\" \/>\n\t<meta property=\"og:image:width\" content=\"1200\" \/>\n\t<meta property=\"og:image:height\" content=\"800\" \/>\n\t<meta property=\"og:image:type\" content=\"image\/jpeg\" \/>\n<meta name=\"author\" content=\"Editor\" \/>\n<meta name=\"twitter:card\" content=\"summary_large_image\" \/>\n<meta name=\"twitter:label1\" content=\"Escrito por\" \/>\n\t<meta name=\"twitter:data1\" content=\"Editor\" \/>\n\t<meta name=\"twitter:label2\" content=\"Tiempo de lectura\" \/>\n\t<meta name=\"twitter:data2\" content=\"1 minuto\" \/>\n<script type=\"application\/ld+json\" class=\"yoast-schema-graph\">{\"@context\":\"https:\\\/\\\/schema.org\",\"@graph\":[{\"@type\":\"Article\",\"@id\":\"https:\\\/\\\/infopba247.com.ar\\\/index.php\\\/2022\\\/09\\\/05\\\/miles-de-familias-celebraron-en-san-nicolas-la-inauguracion-del-parque-del-acuerdo\\\/#article\",\"isPartOf\":{\"@id\":\"https:\\\/\\\/infopba247.com.ar\\\/index.php\\\/2022\\\/09\\\/05\\\/miles-de-familias-celebraron-en-san-nicolas-la-inauguracion-del-parque-del-acuerdo\\\/\"},\"author\":{\"name\":\"Editor\",\"@id\":\"https:\\\/\\\/infopba247.com.ar\\\/#\\\/schema\\\/person\\\/4975f1343a413e57bf839b3eed0099f2\"},\"headline\":\"Miles de familias celebraron en San Nicol\u00e1s la inauguraci\u00f3n del Parque del Acuerdo\",\"datePublished\":\"2022-09-05T14:55:47+00:00\",\"dateModified\":\"2022-09-05T14:56:04+00:00\",\"mainEntityOfPage\":{\"@id\":\"https:\\\/\\\/infopba247.com.ar\\\/index.php\\\/2022\\\/09\\\/05\\\/miles-de-familias-celebraron-en-san-nicolas-la-inauguracion-del-parque-del-acuerdo\\\/\"},\"wordCount\":244,\"publisher\":{\"@id\":\"https:\\\/\\\/infopba247.com.ar\\\/#organization\"},\"image\":{\"@id\":\"https:\\\/\\\/infopba247.com.ar\\\/index.php\\\/2022\\\/09\\\/05\\\/miles-de-familias-celebraron-en-san-nicolas-la-inauguracion-del-parque-del-acuerdo\\\/#primaryimage\"},\"thumbnailUrl\":\"https:\\\/\\\/infopba247.com.ar\\\/wp-content\\\/uploads\\\/2022\\\/09\\\/PARQUE.jpg\",\"articleSection\":[\"2da Secci\u00f3n\",\"Destacadas\",\"Pol\u00edtica\"],\"inLanguage\":\"es\"},{\"@type\":\"WebPage\",\"@id\":\"https:\\\/\\\/infopba247.com.ar\\\/index.php\\\/2022\\\/09\\\/05\\\/miles-de-familias-celebraron-en-san-nicolas-la-inauguracion-del-parque-del-acuerdo\\\/\",\"url\":\"https:\\\/\\\/infopba247.com.ar\\\/index.php\\\/2022\\\/09\\\/05\\\/miles-de-familias-celebraron-en-san-nicolas-la-inauguracion-del-parque-del-acuerdo\\\/\",\"name\":\"Miles de familias celebraron en San Nicol\u00e1s la inauguraci\u00f3n del Parque del Acuerdo - InfoPBA247\",\"isPartOf\":{\"@id\":\"https:\\\/\\\/infopba247.com.ar\\\/#website\"},\"primaryImageOfPage\":{\"@id\":\"https:\\\/\\\/infopba247.com.ar\\\/index.php\\\/2022\\\/09\\\/05\\\/miles-de-familias-celebraron-en-san-nicolas-la-inauguracion-del-parque-del-acuerdo\\\/#primaryimage\"},\"image\":{\"@id\":\"https:\\\/\\\/infopba247.com.ar\\\/index.php\\\/2022\\\/09\\\/05\\\/miles-de-familias-celebraron-en-san-nicolas-la-inauguracion-del-parque-del-acuerdo\\\/#primaryimage\"},\"thumbnailUrl\":\"https:\\\/\\\/infopba247.com.ar\\\/wp-content\\\/uploads\\\/2022\\\/09\\\/PARQUE.jpg\",\"datePublished\":\"2022-09-05T14:55:47+00:00\",\"dateModified\":\"2022-09-05T14:56:04+00:00\",\"breadcrumb\":{\"@id\":\"https:\\\/\\\/infopba247.com.ar\\\/index.php\\\/2022\\\/09\\\/05\\\/miles-de-familias-celebraron-en-san-nicolas-la-inauguracion-del-parque-del-acuerdo\\\/#breadcrumb\"},\"inLanguage\":\"es\",\"potentialAction\":[{\"@type\":\"ReadAction\",\"target\":[\"https:\\\/\\\/infopba247.com.ar\\\/index.php\\\/2022\\\/09\\\/05\\\/miles-de-familias-celebraron-en-san-nicolas-la-inauguracion-del-parque-del-acuerdo\\\/\"]}]},{\"@type\":\"ImageObject\",\"inLanguage\":\"es\",\"@id\":\"https:\\\/\\\/infopba247.com.ar\\\/index.php\\\/2022\\\/09\\\/05\\\/miles-de-familias-celebraron-en-san-nicolas-la-inauguracion-del-parque-del-acuerdo\\\/#primaryimage\",\"url\":\"https:\\\/\\\/infopba247.com.ar\\\/wp-content\\\/uploads\\\/2022\\\/09\\\/PARQUE.jpg\",\"contentUrl\":\"https:\\\/\\\/infopba247.com.ar\\\/wp-content\\\/uploads\\\/2022\\\/09\\\/PARQUE.jpg\",\"width\":1200,\"height\":800},{\"@type\":\"BreadcrumbList\",\"@id\":\"https:\\\/\\\/infopba247.com.ar\\\/index.php\\\/2022\\\/09\\\/05\\\/miles-de-familias-celebraron-en-san-nicolas-la-inauguracion-del-parque-del-acuerdo\\\/#breadcrumb\",\"itemListElement\":[{\"@type\":\"ListItem\",\"position\":1,\"name\":\"Portada\",\"item\":\"https:\\\/\\\/infopba247.com.ar\\\/\"},{\"@type\":\"ListItem\",\"position\":2,\"name\":\"Miles de familias celebraron en San Nicol\u00e1s la inauguraci\u00f3n del Parque del Acuerdo\"}]},{\"@type\":\"WebSite\",\"@id\":\"https:\\\/\\\/infopba247.com.ar\\\/#website\",\"url\":\"https:\\\/\\\/infopba247.com.ar\\\/\",\"name\":\"InfoPBA247\",\"description\":\"Toda la actualidad bonaerense\",\"publisher\":{\"@id\":\"https:\\\/\\\/infopba247.com.ar\\\/#organization\"},\"potentialAction\":[{\"@type\":\"SearchAction\",\"target\":{\"@type\":\"EntryPoint\",\"urlTemplate\":\"https:\\\/\\\/infopba247.com.ar\\\/?s={search_term_string}\"},\"query-input\":{\"@type\":\"PropertyValueSpecification\",\"valueRequired\":true,\"valueName\":\"search_term_string\"}}],\"inLanguage\":\"es\"},{\"@type\":\"Organization\",\"@id\":\"https:\\\/\\\/infopba247.com.ar\\\/#organization\",\"name\":\"InfoPBA247\",\"url\":\"https:\\\/\\\/infopba247.com.ar\\\/\",\"logo\":{\"@type\":\"ImageObject\",\"inLanguage\":\"es\",\"@id\":\"https:\\\/\\\/infopba247.com.ar\\\/#\\\/schema\\\/logo\\\/image\\\/\",\"url\":\"https:\\\/\\\/infopba247.com.ar\\\/wp-content\\\/uploads\\\/2022\\\/03\\\/cropped-InfoPBA247-1.png\",\"contentUrl\":\"https:\\\/\\\/infopba247.com.ar\\\/wp-content\\\/uploads\\\/2022\\\/03\\\/cropped-InfoPBA247-1.png\",\"width\":500,\"height\":122,\"caption\":\"InfoPBA247\"},\"image\":{\"@id\":\"https:\\\/\\\/infopba247.com.ar\\\/#\\\/schema\\\/logo\\\/image\\\/\"},\"sameAs\":[\"https:\\\/\\\/www.facebook.com\\\/InfoPBA\"]},{\"@type\":\"Person\",\"@id\":\"https:\\\/\\\/infopba247.com.ar\\\/#\\\/schema\\\/person\\\/4975f1343a413e57bf839b3eed0099f2\",\"name\":\"Editor\",\"image\":{\"@type\":\"ImageObject\",\"inLanguage\":\"es\",\"@id\":\"https:\\\/\\\/secure.gravatar.com\\\/avatar\\\/d27fe9520667ca53441d36627a1d6b0fa4a813571ec4803687a7a3a7744685ac?s=96&d=mm&r=g\",\"url\":\"https:\\\/\\\/secure.gravatar.com\\\/avatar\\\/d27fe9520667ca53441d36627a1d6b0fa4a813571ec4803687a7a3a7744685ac?s=96&d=mm&r=g\",\"contentUrl\":\"https:\\\/\\\/secure.gravatar.com\\\/avatar\\\/d27fe9520667ca53441d36627a1d6b0fa4a813571ec4803687a7a3a7744685ac?s=96&d=mm&r=g\",\"caption\":\"Editor\"},\"url\":\"https:\\\/\\\/infopba247.com.ar\\\/index.php\\\/author\\\/editor\\\/\"}]}<\/script>\n<!-- \/ Yoast SEO plugin. -->","yoast_head_json":{"title":"Miles de familias celebraron en San Nicol\u00e1s la inauguraci\u00f3n del Parque del Acuerdo - InfoPBA247","robots":{"index":"index","follow":"follow","max-snippet":"max-snippet:-1","max-image-preview":"max-image-preview:large","max-video-preview":"max-video-preview:-1"},"canonical":"https:\/\/infopba247.com.ar\/index.php\/2022\/09\/05\/miles-de-familias-celebraron-en-san-nicolas-la-inauguracion-del-parque-del-acuerdo\/","og_locale":"es_ES","og_type":"article","og_title":"Miles de familias celebraron en San Nicol\u00e1s la inauguraci\u00f3n del Parque del Acuerdo - InfoPBA247","og_description":"Con motivo de celebrarse el D\u00eda de la Infancia en la localidad bonaerense de San Nicol\u00e1s, durante el \u00faltimo domingo","og_url":"https:\/\/infopba247.com.ar\/index.php\/2022\/09\/05\/miles-de-familias-celebraron-en-san-nicolas-la-inauguracion-del-parque-del-acuerdo\/","og_site_name":"InfoPBA247","article_publisher":"https:\/\/www.facebook.com\/InfoPBA","article_published_time":"2022-09-05T14:55:47+00:00","article_modified_time":"2022-09-05T14:56:04+00:00","og_image":[{"width":1200,"height":800,"url":"https:\/\/infopba247.com.ar\/wp-content\/uploads\/2022\/09\/PARQUE.jpg","type":"image\/jpeg"}],"author":"Editor","twitter_card":"summary_large_image","twitter_misc":{"Escrito por":"Editor","Tiempo de lectura":"1 minuto"},"schema":{"@context":"https:\/\/schema.org","@graph":[{"@type":"Article","@id":"https:\/\/infopba247.com.ar\/index.php\/2022\/09\/05\/miles-de-familias-celebraron-en-san-nicolas-la-inauguracion-del-parque-del-acuerdo\/#article","isPartOf":{"@id":"https:\/\/infopba247.com.ar\/index.php\/2022\/09\/05\/miles-de-familias-celebraron-en-san-nicolas-la-inauguracion-del-parque-del-acuerdo\/"},"author":{"name":"Editor","@id":"https:\/\/infopba247.com.ar\/#\/schema\/person\/4975f1343a413e57bf839b3eed0099f2"},"headline":"Miles de familias celebraron en San Nicol\u00e1s la inauguraci\u00f3n del Parque del Acuerdo","datePublished":"2022-09-05T14:55:47+00:00","dateModified":"2022-09-05T14:56:04+00:00","mainEntityOfPage":{"@id":"https:\/\/infopba247.com.ar\/index.php\/2022\/09\/05\/miles-de-familias-celebraron-en-san-nicolas-la-inauguracion-del-parque-del-acuerdo\/"},"wordCount":244,"publisher":{"@id":"https:\/\/infopba247.com.ar\/#organization"},"image":{"@id":"https:\/\/infopba247.com.ar\/index.php\/2022\/09\/05\/miles-de-familias-celebraron-en-san-nicolas-la-inauguracion-del-parque-del-acuerdo\/#primaryimage"},"thumbnailUrl":"https:\/\/infopba247.com.ar\/wp-content\/uploads\/2022\/09\/PARQUE.jpg","articleSection":["2da Secci\u00f3n","Destacadas","Pol\u00edtica"],"inLanguage":"es"},{"@type":"WebPage","@id":"https:\/\/infopba247.com.ar\/index.php\/2022\/09\/05\/miles-de-familias-celebraron-en-san-nicolas-la-inauguracion-del-parque-del-acuerdo\/","url":"https:\/\/infopba247.com.ar\/index.php\/2022\/09\/05\/miles-de-familias-celebraron-en-san-nicolas-la-inauguracion-del-parque-del-acuerdo\/","name":"Miles de familias celebraron en San Nicol\u00e1s la inauguraci\u00f3n del Parque del Acuerdo - InfoPBA247","isPartOf":{"@id":"https:\/\/infopba247.com.ar\/#website"},"primaryImageOfPage":{"@id":"https:\/\/infopba247.com.ar\/index.php\/2022\/09\/05\/miles-de-familias-celebraron-en-san-nicolas-la-inauguracion-del-parque-del-acuerdo\/#primaryimage"},"image":{"@id":"https:\/\/infopba247.com.ar\/index.php\/2022\/09\/05\/miles-de-familias-celebraron-en-san-nicolas-la-inauguracion-del-parque-del-acuerdo\/#primaryimage"},"thumbnailUrl":"https:\/\/infopba247.com.ar\/wp-content\/uploads\/2022\/09\/PARQUE.jpg","datePublished":"2022-09-05T14:55:47+00:00","dateModified":"2022-09-05T14:56:04+00:00","breadcrumb":{"@id":"https:\/\/infopba247.com.ar\/index.php\/2022\/09\/05\/miles-de-familias-celebraron-en-san-nicolas-la-inauguracion-del-parque-del-acuerdo\/#breadcrumb"},"inLanguage":"es","potentialAction":[{"@type":"ReadAction","target":["https:\/\/infopba247.com.ar\/index.php\/2022\/09\/05\/miles-de-familias-celebraron-en-san-nicolas-la-inauguracion-del-parque-del-acuerdo\/"]}]},{"@type":"ImageObject","inLanguage":"es","@id":"https:\/\/infopba247.com.ar\/index.php\/2022\/09\/05\/miles-de-familias-celebraron-en-san-nicolas-la-inauguracion-del-parque-del-acuerdo\/#primaryimage","url":"https:\/\/infopba247.com.ar\/wp-content\/uploads\/2022\/09\/PARQUE.jpg","contentUrl":"https:\/\/infopba247.com.ar\/wp-content\/uploads\/2022\/09\/PARQUE.jpg","width":1200,"height":800},{"@type":"BreadcrumbList","@id":"https:\/\/infopba247.com.ar\/index.php\/2022\/09\/05\/miles-de-familias-celebraron-en-san-nicolas-la-inauguracion-del-parque-del-acuerdo\/#breadcrumb","itemListElement":[{"@type":"ListItem","position":1,"name":"Portada","item":"https:\/\/infopba247.com.ar\/"},{"@type":"ListItem","position":2,"name":"Miles de familias celebraron en San Nicol\u00e1s la inauguraci\u00f3n del Parque del Acuerdo"}]},{"@type":"WebSite","@id":"https:\/\/infopba247.com.ar\/#website","url":"https:\/\/infopba247.com.ar\/","name":"InfoPBA247","description":"Toda la actualidad bonaerense","publisher":{"@id":"https:\/\/infopba247.com.ar\/#organization"},"potentialAction":[{"@type":"SearchAction","target":{"@type":"EntryPoint","urlTemplate":"https:\/\/infopba247.com.ar\/?s={search_term_string}"},"query-input":{"@type":"PropertyValueSpecification","valueRequired":true,"valueName":"search_term_string"}}],"inLanguage":"es"},{"@type":"Organization","@id":"https:\/\/infopba247.com.ar\/#organization","name":"InfoPBA247","url":"https:\/\/infopba247.com.ar\/","logo":{"@type":"ImageObject","inLanguage":"es","@id":"https:\/\/infopba247.com.ar\/#\/schema\/logo\/image\/","url":"https:\/\/infopba247.com.ar\/wp-content\/uploads\/2022\/03\/cropped-InfoPBA247-1.png","contentUrl":"https:\/\/infopba247.com.ar\/wp-content\/uploads\/2022\/03\/cropped-InfoPBA247-1.png","width":500,"height":122,"caption":"InfoPBA247"},"image":{"@id":"https:\/\/infopba247.com.ar\/#\/schema\/logo\/image\/"},"sameAs":["https:\/\/www.facebook.com\/InfoPBA"]},{"@type":"Person","@id":"https:\/\/infopba247.com.ar\/#\/schema\/person\/4975f1343a413e57bf839b3eed0099f2","name":"Editor","image":{"@type":"ImageObject","inLanguage":"es","@id":"https:\/\/secure.gravatar.com\/avatar\/d27fe9520667ca53441d36627a1d6b0fa4a813571ec4803687a7a3a7744685ac?s=96&d=mm&r=g","url":"https:\/\/secure.gravatar.com\/avatar\/d27fe9520667ca53441d36627a1d6b0fa4a813571ec4803687a7a3a7744685ac?s=96&d=mm&r=g","contentUrl":"https:\/\/secure.gravatar.com\/avatar\/d27fe9520667ca53441d36627a1d6b0fa4a813571ec4803687a7a3a7744685ac?s=96&d=mm&r=g","caption":"Editor"},"url":"https:\/\/infopba247.com.ar\/index.php\/author\/editor\/"}]}},"_links":{"self":[{"href":"https:\/\/infopba247.com.ar\/index.php\/wp-json\/wp\/v2\/posts\/657","targetHints":{"allow":["GET"]}}],"collection":[{"href":"https:\/\/infopba247.com.ar\/index.php\/wp-json\/wp\/v2\/posts"}],"about":[{"href":"https:\/\/infopba247.com.ar\/index.php\/wp-json\/wp\/v2\/types\/post"}],"author":[{"embeddable":true,"href":"https:\/\/infopba247.com.ar\/index.php\/wp-json\/wp\/v2\/users\/3"}],"replies":[{"embeddable":true,"href":"https:\/\/infopba247.com.ar\/index.php\/wp-json\/wp\/v2\/comments?post=657"}],"version-history":[{"count":1,"href":"https:\/\/infopba247.com.ar\/index.php\/wp-json\/wp\/v2\/posts\/657\/revisions"}],"predecessor-version":[{"id":659,"href":"https:\/\/infopba247.com.ar\/index.php\/wp-json\/wp\/v2\/posts\/657\/revisions\/659"}],"wp:featuredmedia":[{"embeddable":true,"href":"https:\/\/infopba247.com.ar\/index.php\/wp-json\/wp\/v2\/media\/658"}],"wp:attachment":[{"href":"https:\/\/infopba247.com.ar\/index.php\/wp-json\/wp\/v2\/media?parent=657"}],"wp:term":[{"taxonomy":"category","embeddable":true,"href":"https:\/\/infopba247.com.ar\/index.php\/wp-json\/wp\/v2\/categories?post=657"},{"taxonomy":"post_tag","embeddable":true,"href":"https:\/\/infopba247.com.ar\/index.php\/wp-json\/wp\/v2\/tags?post=657"}],"curies":[{"name":"wp","href":"https:\/\/api.w.org\/{rel}","templated":true}]}}