{"id":6569,"date":"2025-03-11T10:10:48","date_gmt":"2025-03-11T13:10:48","guid":{"rendered":"https:\/\/infopba247.com.ar\/?p=6569"},"modified":"2025-03-11T10:10:49","modified_gmt":"2025-03-11T13:10:49","slug":"alak-se-reunio-con-autoridades-policiales-para-coordinar-operativos-allanamientos-y-controles-junto-a-la-provincia","status":"publish","type":"post","link":"https:\/\/infopba247.com.ar\/index.php\/2025\/03\/11\/alak-se-reunio-con-autoridades-policiales-para-coordinar-operativos-allanamientos-y-controles-junto-a-la-provincia\/","title":{"rendered":"Alak se reuni\u00f3 con autoridades policiales para coordinar operativos, allanamientos y controles junto a la Provincia\u00a0"},"content":{"rendered":"\n<p>El intendente de La Plata, Julio Alak, encabez\u00f3 hoy una reuni\u00f3n clave con las m\u00e1ximas autoridades policiales del distrito para seguir estableciendo una mesa de coordinaci\u00f3n destinada a la implementaci\u00f3n de medidas de seguridad en la ciudad.&nbsp;<\/p>\n\n\n\n<p>Durante el encuentro, se delinearon estrategias conjuntas con el Ministerio de Seguridad bonaerense y la Polic\u00eda que incluyeron la planificaci\u00f3n de operativos, allanamientos, controles de acceso policial y procedimientos de saturaci\u00f3n, tomando como base el mapa del delito actualizado.&nbsp;<\/p>\n\n\n\n<p>De la actividad participaron el secretario de Seguridad municipal, Diego Pepe, el secretario de Control Urbano y Convivencia, V\u00edctor Hortel, los comisarios de las 16 comisar\u00edas locales, los jefes de las 7 subcomisar\u00edas de la Fuerza Barrial de Aproximaci\u00f3n (FBA), la Unidad Motorizada (S.A.S.U), el Comando de Patrullas y la Comisar\u00eda de la Mujer. &nbsp;<\/p>\n\n\n\n<p>Tambi\u00e9n estuvieron presentes el superintendente de la regi\u00f3n, comisario general Alejandro Rey, el jefe de la Departamental, comisario mayor Sergio Ariel G\u00f3mez, y los dos jefes de estaci\u00f3n, comisarios inspectores Daniel Aureliano Bogado y Gustavo Miguel Kranenborg.&nbsp;<\/p>\n\n\n\n<p>Asimismo, asistieron a la mesa de trabajo la subsecretaria de Participaci\u00f3n Ciudadana de la Provincia, Sol Marcos, y el subsecretario de Control y Fiscalizaci\u00f3n Policial, Andr\u00e9s Escudero.&nbsp;<\/p>\n\n\n\n<p>Cabe recordar que la semana pasada, el intendente Alak anunci\u00f3 la adquisici\u00f3n de 1.200 c\u00e1maras de seguridad con tecnolog\u00eda anal\u00edtica de \u00faltima generaci\u00f3n y la puesta en marcha de un anillo digital compuesto por 100 dispositivos, que permitir\u00e1 monitorear los accesos a la ciudad y la circulaci\u00f3n por las principales arterias.&nbsp;<\/p>\n\n\n\n<p>En la misma l\u00ednea, el \u00faltimo diciembre el jefe comunal present\u00f3 un centenar de nuevas patrullas con sistema de geolocalizaci\u00f3n que se sumaron al moderno Centro de Operaciones Municipal (COM) de La Plata para abordar tareas de seguridad, prevenci\u00f3n y orden p\u00fablico.&nbsp;<\/p>\n","protected":false},"excerpt":{"rendered":"<p>El intendente de La Plata, Julio Alak, encabez\u00f3 hoy una reuni\u00f3n clave con las m\u00e1ximas autoridades policiales del distrito para<\/p>\n","protected":false},"author":3,"featured_media":6567,"comment_status":"open","ping_status":"open","sticky":false,"template":"","format":"standard","meta":{"colormag_page_container_layout":"default_layout","colormag_page_sidebar_layout":"default_layout","footnotes":""},"categories":[12,1,14],"tags":[],"class_list":["post-6569","post","type-post","status-publish","format-standard","has-post-thumbnail","hentry","category-8va-seccion","category-destacadas","category-politica"],"yoast_head":"<!-- This site is optimized with the Yoast SEO plugin v27.4 - https:\/\/yoast.com\/product\/yoast-seo-wordpress\/ -->\n<title>Alak se reuni\u00f3 con autoridades policiales para coordinar operativos, allanamientos y controles junto a la Provincia\u00a0 - InfoPBA247<\/title>\n<meta name=\"robots\" content=\"index, follow, max-snippet:-1, max-image-preview:large, max-video-preview:-1\" \/>\n<link rel=\"canonical\" href=\"https:\/\/infopba247.com.ar\/index.php\/2025\/03\/11\/alak-se-reunio-con-autoridades-policiales-para-coordinar-operativos-allanamientos-y-controles-junto-a-la-provincia\/\" \/>\n<meta property=\"og:locale\" content=\"es_ES\" \/>\n<meta property=\"og:type\" content=\"article\" \/>\n<meta property=\"og:title\" content=\"Alak se reuni\u00f3 con autoridades policiales para coordinar operativos, allanamientos y controles junto a la Provincia\u00a0 - InfoPBA247\" \/>\n<meta property=\"og:description\" content=\"El intendente de La Plata, Julio Alak, encabez\u00f3 hoy una reuni\u00f3n clave con las m\u00e1ximas autoridades policiales del distrito para\" \/>\n<meta property=\"og:url\" content=\"https:\/\/infopba247.com.ar\/index.php\/2025\/03\/11\/alak-se-reunio-con-autoridades-policiales-para-coordinar-operativos-allanamientos-y-controles-junto-a-la-provincia\/\" \/>\n<meta property=\"og:site_name\" content=\"InfoPBA247\" \/>\n<meta property=\"article:publisher\" content=\"https:\/\/www.facebook.com\/InfoPBA\" \/>\n<meta property=\"article:published_time\" content=\"2025-03-11T13:10:48+00:00\" \/>\n<meta property=\"article:modified_time\" content=\"2025-03-11T13:10:49+00:00\" \/>\n<meta property=\"og:image\" content=\"https:\/\/infopba247.com.ar\/wp-content\/uploads\/2025\/03\/unnamed-75-scaled.jpg\" \/>\n\t<meta property=\"og:image:width\" content=\"2560\" \/>\n\t<meta property=\"og:image:height\" content=\"1706\" \/>\n\t<meta property=\"og:image:type\" content=\"image\/jpeg\" \/>\n<meta name=\"author\" content=\"Editor\" \/>\n<meta name=\"twitter:card\" content=\"summary_large_image\" \/>\n<meta name=\"twitter:label1\" content=\"Escrito por\" \/>\n\t<meta name=\"twitter:data1\" content=\"Editor\" \/>\n\t<meta name=\"twitter:label2\" content=\"Tiempo de lectura\" \/>\n\t<meta name=\"twitter:data2\" content=\"2 minutos\" \/>\n<script type=\"application\/ld+json\" class=\"yoast-schema-graph\">{\"@context\":\"https:\\\/\\\/schema.org\",\"@graph\":[{\"@type\":\"Article\",\"@id\":\"https:\\\/\\\/infopba247.com.ar\\\/index.php\\\/2025\\\/03\\\/11\\\/alak-se-reunio-con-autoridades-policiales-para-coordinar-operativos-allanamientos-y-controles-junto-a-la-provincia\\\/#article\",\"isPartOf\":{\"@id\":\"https:\\\/\\\/infopba247.com.ar\\\/index.php\\\/2025\\\/03\\\/11\\\/alak-se-reunio-con-autoridades-policiales-para-coordinar-operativos-allanamientos-y-controles-junto-a-la-provincia\\\/\"},\"author\":{\"name\":\"Editor\",\"@id\":\"https:\\\/\\\/infopba247.com.ar\\\/#\\\/schema\\\/person\\\/4975f1343a413e57bf839b3eed0099f2\"},\"headline\":\"Alak se reuni\u00f3 con autoridades policiales para coordinar operativos, allanamientos y controles junto a la Provincia\u00a0\",\"datePublished\":\"2025-03-11T13:10:48+00:00\",\"dateModified\":\"2025-03-11T13:10:49+00:00\",\"mainEntityOfPage\":{\"@id\":\"https:\\\/\\\/infopba247.com.ar\\\/index.php\\\/2025\\\/03\\\/11\\\/alak-se-reunio-con-autoridades-policiales-para-coordinar-operativos-allanamientos-y-controles-junto-a-la-provincia\\\/\"},\"wordCount\":338,\"commentCount\":0,\"publisher\":{\"@id\":\"https:\\\/\\\/infopba247.com.ar\\\/#organization\"},\"image\":{\"@id\":\"https:\\\/\\\/infopba247.com.ar\\\/index.php\\\/2025\\\/03\\\/11\\\/alak-se-reunio-con-autoridades-policiales-para-coordinar-operativos-allanamientos-y-controles-junto-a-la-provincia\\\/#primaryimage\"},\"thumbnailUrl\":\"https:\\\/\\\/infopba247.com.ar\\\/wp-content\\\/uploads\\\/2025\\\/03\\\/unnamed-75-scaled.jpg\",\"articleSection\":[\"8va Secci\u00f3n\",\"Destacadas\",\"Pol\u00edtica\"],\"inLanguage\":\"es\",\"potentialAction\":[{\"@type\":\"CommentAction\",\"name\":\"Comment\",\"target\":[\"https:\\\/\\\/infopba247.com.ar\\\/index.php\\\/2025\\\/03\\\/11\\\/alak-se-reunio-con-autoridades-policiales-para-coordinar-operativos-allanamientos-y-controles-junto-a-la-provincia\\\/#respond\"]}]},{\"@type\":\"WebPage\",\"@id\":\"https:\\\/\\\/infopba247.com.ar\\\/index.php\\\/2025\\\/03\\\/11\\\/alak-se-reunio-con-autoridades-policiales-para-coordinar-operativos-allanamientos-y-controles-junto-a-la-provincia\\\/\",\"url\":\"https:\\\/\\\/infopba247.com.ar\\\/index.php\\\/2025\\\/03\\\/11\\\/alak-se-reunio-con-autoridades-policiales-para-coordinar-operativos-allanamientos-y-controles-junto-a-la-provincia\\\/\",\"name\":\"Alak se reuni\u00f3 con autoridades policiales para coordinar operativos, allanamientos y controles junto a la Provincia\u00a0 - InfoPBA247\",\"isPartOf\":{\"@id\":\"https:\\\/\\\/infopba247.com.ar\\\/#website\"},\"primaryImageOfPage\":{\"@id\":\"https:\\\/\\\/infopba247.com.ar\\\/index.php\\\/2025\\\/03\\\/11\\\/alak-se-reunio-con-autoridades-policiales-para-coordinar-operativos-allanamientos-y-controles-junto-a-la-provincia\\\/#primaryimage\"},\"image\":{\"@id\":\"https:\\\/\\\/infopba247.com.ar\\\/index.php\\\/2025\\\/03\\\/11\\\/alak-se-reunio-con-autoridades-policiales-para-coordinar-operativos-allanamientos-y-controles-junto-a-la-provincia\\\/#primaryimage\"},\"thumbnailUrl\":\"https:\\\/\\\/infopba247.com.ar\\\/wp-content\\\/uploads\\\/2025\\\/03\\\/unnamed-75-scaled.jpg\",\"datePublished\":\"2025-03-11T13:10:48+00:00\",\"dateModified\":\"2025-03-11T13:10:49+00:00\",\"breadcrumb\":{\"@id\":\"https:\\\/\\\/infopba247.com.ar\\\/index.php\\\/2025\\\/03\\\/11\\\/alak-se-reunio-con-autoridades-policiales-para-coordinar-operativos-allanamientos-y-controles-junto-a-la-provincia\\\/#breadcrumb\"},\"inLanguage\":\"es\",\"potentialAction\":[{\"@type\":\"ReadAction\",\"target\":[\"https:\\\/\\\/infopba247.com.ar\\\/index.php\\\/2025\\\/03\\\/11\\\/alak-se-reunio-con-autoridades-policiales-para-coordinar-operativos-allanamientos-y-controles-junto-a-la-provincia\\\/\"]}]},{\"@type\":\"ImageObject\",\"inLanguage\":\"es\",\"@id\":\"https:\\\/\\\/infopba247.com.ar\\\/index.php\\\/2025\\\/03\\\/11\\\/alak-se-reunio-con-autoridades-policiales-para-coordinar-operativos-allanamientos-y-controles-junto-a-la-provincia\\\/#primaryimage\",\"url\":\"https:\\\/\\\/infopba247.com.ar\\\/wp-content\\\/uploads\\\/2025\\\/03\\\/unnamed-75-scaled.jpg\",\"contentUrl\":\"https:\\\/\\\/infopba247.com.ar\\\/wp-content\\\/uploads\\\/2025\\\/03\\\/unnamed-75-scaled.jpg\",\"width\":2560,\"height\":1706},{\"@type\":\"BreadcrumbList\",\"@id\":\"https:\\\/\\\/infopba247.com.ar\\\/index.php\\\/2025\\\/03\\\/11\\\/alak-se-reunio-con-autoridades-policiales-para-coordinar-operativos-allanamientos-y-controles-junto-a-la-provincia\\\/#breadcrumb\",\"itemListElement\":[{\"@type\":\"ListItem\",\"position\":1,\"name\":\"Portada\",\"item\":\"https:\\\/\\\/infopba247.com.ar\\\/\"},{\"@type\":\"ListItem\",\"position\":2,\"name\":\"Alak se reuni\u00f3 con autoridades policiales para coordinar operativos, allanamientos y controles junto a la Provincia\u00a0\"}]},{\"@type\":\"WebSite\",\"@id\":\"https:\\\/\\\/infopba247.com.ar\\\/#website\",\"url\":\"https:\\\/\\\/infopba247.com.ar\\\/\",\"name\":\"InfoPBA247\",\"description\":\"Toda la actualidad bonaerense\",\"publisher\":{\"@id\":\"https:\\\/\\\/infopba247.com.ar\\\/#organization\"},\"potentialAction\":[{\"@type\":\"SearchAction\",\"target\":{\"@type\":\"EntryPoint\",\"urlTemplate\":\"https:\\\/\\\/infopba247.com.ar\\\/?s={search_term_string}\"},\"query-input\":{\"@type\":\"PropertyValueSpecification\",\"valueRequired\":true,\"valueName\":\"search_term_string\"}}],\"inLanguage\":\"es\"},{\"@type\":\"Organization\",\"@id\":\"https:\\\/\\\/infopba247.com.ar\\\/#organization\",\"name\":\"InfoPBA247\",\"url\":\"https:\\\/\\\/infopba247.com.ar\\\/\",\"logo\":{\"@type\":\"ImageObject\",\"inLanguage\":\"es\",\"@id\":\"https:\\\/\\\/infopba247.com.ar\\\/#\\\/schema\\\/logo\\\/image\\\/\",\"url\":\"https:\\\/\\\/infopba247.com.ar\\\/wp-content\\\/uploads\\\/2022\\\/03\\\/cropped-InfoPBA247-1.png\",\"contentUrl\":\"https:\\\/\\\/infopba247.com.ar\\\/wp-content\\\/uploads\\\/2022\\\/03\\\/cropped-InfoPBA247-1.png\",\"width\":500,\"height\":122,\"caption\":\"InfoPBA247\"},\"image\":{\"@id\":\"https:\\\/\\\/infopba247.com.ar\\\/#\\\/schema\\\/logo\\\/image\\\/\"},\"sameAs\":[\"https:\\\/\\\/www.facebook.com\\\/InfoPBA\"]},{\"@type\":\"Person\",\"@id\":\"https:\\\/\\\/infopba247.com.ar\\\/#\\\/schema\\\/person\\\/4975f1343a413e57bf839b3eed0099f2\",\"name\":\"Editor\",\"image\":{\"@type\":\"ImageObject\",\"inLanguage\":\"es\",\"@id\":\"https:\\\/\\\/secure.gravatar.com\\\/avatar\\\/d27fe9520667ca53441d36627a1d6b0fa4a813571ec4803687a7a3a7744685ac?s=96&d=mm&r=g\",\"url\":\"https:\\\/\\\/secure.gravatar.com\\\/avatar\\\/d27fe9520667ca53441d36627a1d6b0fa4a813571ec4803687a7a3a7744685ac?s=96&d=mm&r=g\",\"contentUrl\":\"https:\\\/\\\/secure.gravatar.com\\\/avatar\\\/d27fe9520667ca53441d36627a1d6b0fa4a813571ec4803687a7a3a7744685ac?s=96&d=mm&r=g\",\"caption\":\"Editor\"},\"url\":\"https:\\\/\\\/infopba247.com.ar\\\/index.php\\\/author\\\/editor\\\/\"}]}<\/script>\n<!-- \/ Yoast SEO plugin. -->","yoast_head_json":{"title":"Alak se reuni\u00f3 con autoridades policiales para coordinar operativos, allanamientos y controles junto a la Provincia\u00a0 - InfoPBA247","robots":{"index":"index","follow":"follow","max-snippet":"max-snippet:-1","max-image-preview":"max-image-preview:large","max-video-preview":"max-video-preview:-1"},"canonical":"https:\/\/infopba247.com.ar\/index.php\/2025\/03\/11\/alak-se-reunio-con-autoridades-policiales-para-coordinar-operativos-allanamientos-y-controles-junto-a-la-provincia\/","og_locale":"es_ES","og_type":"article","og_title":"Alak se reuni\u00f3 con autoridades policiales para coordinar operativos, allanamientos y controles junto a la Provincia\u00a0 - InfoPBA247","og_description":"El intendente de La Plata, Julio Alak, encabez\u00f3 hoy una reuni\u00f3n clave con las m\u00e1ximas autoridades policiales del distrito para","og_url":"https:\/\/infopba247.com.ar\/index.php\/2025\/03\/11\/alak-se-reunio-con-autoridades-policiales-para-coordinar-operativos-allanamientos-y-controles-junto-a-la-provincia\/","og_site_name":"InfoPBA247","article_publisher":"https:\/\/www.facebook.com\/InfoPBA","article_published_time":"2025-03-11T13:10:48+00:00","article_modified_time":"2025-03-11T13:10:49+00:00","og_image":[{"width":2560,"height":1706,"url":"https:\/\/infopba247.com.ar\/wp-content\/uploads\/2025\/03\/unnamed-75-scaled.jpg","type":"image\/jpeg"}],"author":"Editor","twitter_card":"summary_large_image","twitter_misc":{"Escrito por":"Editor","Tiempo de lectura":"2 minutos"},"schema":{"@context":"https:\/\/schema.org","@graph":[{"@type":"Article","@id":"https:\/\/infopba247.com.ar\/index.php\/2025\/03\/11\/alak-se-reunio-con-autoridades-policiales-para-coordinar-operativos-allanamientos-y-controles-junto-a-la-provincia\/#article","isPartOf":{"@id":"https:\/\/infopba247.com.ar\/index.php\/2025\/03\/11\/alak-se-reunio-con-autoridades-policiales-para-coordinar-operativos-allanamientos-y-controles-junto-a-la-provincia\/"},"author":{"name":"Editor","@id":"https:\/\/infopba247.com.ar\/#\/schema\/person\/4975f1343a413e57bf839b3eed0099f2"},"headline":"Alak se reuni\u00f3 con autoridades policiales para coordinar operativos, allanamientos y controles junto a la Provincia\u00a0","datePublished":"2025-03-11T13:10:48+00:00","dateModified":"2025-03-11T13:10:49+00:00","mainEntityOfPage":{"@id":"https:\/\/infopba247.com.ar\/index.php\/2025\/03\/11\/alak-se-reunio-con-autoridades-policiales-para-coordinar-operativos-allanamientos-y-controles-junto-a-la-provincia\/"},"wordCount":338,"commentCount":0,"publisher":{"@id":"https:\/\/infopba247.com.ar\/#organization"},"image":{"@id":"https:\/\/infopba247.com.ar\/index.php\/2025\/03\/11\/alak-se-reunio-con-autoridades-policiales-para-coordinar-operativos-allanamientos-y-controles-junto-a-la-provincia\/#primaryimage"},"thumbnailUrl":"https:\/\/infopba247.com.ar\/wp-content\/uploads\/2025\/03\/unnamed-75-scaled.jpg","articleSection":["8va Secci\u00f3n","Destacadas","Pol\u00edtica"],"inLanguage":"es","potentialAction":[{"@type":"CommentAction","name":"Comment","target":["https:\/\/infopba247.com.ar\/index.php\/2025\/03\/11\/alak-se-reunio-con-autoridades-policiales-para-coordinar-operativos-allanamientos-y-controles-junto-a-la-provincia\/#respond"]}]},{"@type":"WebPage","@id":"https:\/\/infopba247.com.ar\/index.php\/2025\/03\/11\/alak-se-reunio-con-autoridades-policiales-para-coordinar-operativos-allanamientos-y-controles-junto-a-la-provincia\/","url":"https:\/\/infopba247.com.ar\/index.php\/2025\/03\/11\/alak-se-reunio-con-autoridades-policiales-para-coordinar-operativos-allanamientos-y-controles-junto-a-la-provincia\/","name":"Alak se reuni\u00f3 con autoridades policiales para coordinar operativos, allanamientos y controles junto a la Provincia\u00a0 - InfoPBA247","isPartOf":{"@id":"https:\/\/infopba247.com.ar\/#website"},"primaryImageOfPage":{"@id":"https:\/\/infopba247.com.ar\/index.php\/2025\/03\/11\/alak-se-reunio-con-autoridades-policiales-para-coordinar-operativos-allanamientos-y-controles-junto-a-la-provincia\/#primaryimage"},"image":{"@id":"https:\/\/infopba247.com.ar\/index.php\/2025\/03\/11\/alak-se-reunio-con-autoridades-policiales-para-coordinar-operativos-allanamientos-y-controles-junto-a-la-provincia\/#primaryimage"},"thumbnailUrl":"https:\/\/infopba247.com.ar\/wp-content\/uploads\/2025\/03\/unnamed-75-scaled.jpg","datePublished":"2025-03-11T13:10:48+00:00","dateModified":"2025-03-11T13:10:49+00:00","breadcrumb":{"@id":"https:\/\/infopba247.com.ar\/index.php\/2025\/03\/11\/alak-se-reunio-con-autoridades-policiales-para-coordinar-operativos-allanamientos-y-controles-junto-a-la-provincia\/#breadcrumb"},"inLanguage":"es","potentialAction":[{"@type":"ReadAction","target":["https:\/\/infopba247.com.ar\/index.php\/2025\/03\/11\/alak-se-reunio-con-autoridades-policiales-para-coordinar-operativos-allanamientos-y-controles-junto-a-la-provincia\/"]}]},{"@type":"ImageObject","inLanguage":"es","@id":"https:\/\/infopba247.com.ar\/index.php\/2025\/03\/11\/alak-se-reunio-con-autoridades-policiales-para-coordinar-operativos-allanamientos-y-controles-junto-a-la-provincia\/#primaryimage","url":"https:\/\/infopba247.com.ar\/wp-content\/uploads\/2025\/03\/unnamed-75-scaled.jpg","contentUrl":"https:\/\/infopba247.com.ar\/wp-content\/uploads\/2025\/03\/unnamed-75-scaled.jpg","width":2560,"height":1706},{"@type":"BreadcrumbList","@id":"https:\/\/infopba247.com.ar\/index.php\/2025\/03\/11\/alak-se-reunio-con-autoridades-policiales-para-coordinar-operativos-allanamientos-y-controles-junto-a-la-provincia\/#breadcrumb","itemListElement":[{"@type":"ListItem","position":1,"name":"Portada","item":"https:\/\/infopba247.com.ar\/"},{"@type":"ListItem","position":2,"name":"Alak se reuni\u00f3 con autoridades policiales para coordinar operativos, allanamientos y controles junto a la Provincia\u00a0"}]},{"@type":"WebSite","@id":"https:\/\/infopba247.com.ar\/#website","url":"https:\/\/infopba247.com.ar\/","name":"InfoPBA247","description":"Toda la actualidad bonaerense","publisher":{"@id":"https:\/\/infopba247.com.ar\/#organization"},"potentialAction":[{"@type":"SearchAction","target":{"@type":"EntryPoint","urlTemplate":"https:\/\/infopba247.com.ar\/?s={search_term_string}"},"query-input":{"@type":"PropertyValueSpecification","valueRequired":true,"valueName":"search_term_string"}}],"inLanguage":"es"},{"@type":"Organization","@id":"https:\/\/infopba247.com.ar\/#organization","name":"InfoPBA247","url":"https:\/\/infopba247.com.ar\/","logo":{"@type":"ImageObject","inLanguage":"es","@id":"https:\/\/infopba247.com.ar\/#\/schema\/logo\/image\/","url":"https:\/\/infopba247.com.ar\/wp-content\/uploads\/2022\/03\/cropped-InfoPBA247-1.png","contentUrl":"https:\/\/infopba247.com.ar\/wp-content\/uploads\/2022\/03\/cropped-InfoPBA247-1.png","width":500,"height":122,"caption":"InfoPBA247"},"image":{"@id":"https:\/\/infopba247.com.ar\/#\/schema\/logo\/image\/"},"sameAs":["https:\/\/www.facebook.com\/InfoPBA"]},{"@type":"Person","@id":"https:\/\/infopba247.com.ar\/#\/schema\/person\/4975f1343a413e57bf839b3eed0099f2","name":"Editor","image":{"@type":"ImageObject","inLanguage":"es","@id":"https:\/\/secure.gravatar.com\/avatar\/d27fe9520667ca53441d36627a1d6b0fa4a813571ec4803687a7a3a7744685ac?s=96&d=mm&r=g","url":"https:\/\/secure.gravatar.com\/avatar\/d27fe9520667ca53441d36627a1d6b0fa4a813571ec4803687a7a3a7744685ac?s=96&d=mm&r=g","contentUrl":"https:\/\/secure.gravatar.com\/avatar\/d27fe9520667ca53441d36627a1d6b0fa4a813571ec4803687a7a3a7744685ac?s=96&d=mm&r=g","caption":"Editor"},"url":"https:\/\/infopba247.com.ar\/index.php\/author\/editor\/"}]}},"_links":{"self":[{"href":"https:\/\/infopba247.com.ar\/index.php\/wp-json\/wp\/v2\/posts\/6569","targetHints":{"allow":["GET"]}}],"collection":[{"href":"https:\/\/infopba247.com.ar\/index.php\/wp-json\/wp\/v2\/posts"}],"about":[{"href":"https:\/\/infopba247.com.ar\/index.php\/wp-json\/wp\/v2\/types\/post"}],"author":[{"embeddable":true,"href":"https:\/\/infopba247.com.ar\/index.php\/wp-json\/wp\/v2\/users\/3"}],"replies":[{"embeddable":true,"href":"https:\/\/infopba247.com.ar\/index.php\/wp-json\/wp\/v2\/comments?post=6569"}],"version-history":[{"count":1,"href":"https:\/\/infopba247.com.ar\/index.php\/wp-json\/wp\/v2\/posts\/6569\/revisions"}],"predecessor-version":[{"id":6570,"href":"https:\/\/infopba247.com.ar\/index.php\/wp-json\/wp\/v2\/posts\/6569\/revisions\/6570"}],"wp:featuredmedia":[{"embeddable":true,"href":"https:\/\/infopba247.com.ar\/index.php\/wp-json\/wp\/v2\/media\/6567"}],"wp:attachment":[{"href":"https:\/\/infopba247.com.ar\/index.php\/wp-json\/wp\/v2\/media?parent=6569"}],"wp:term":[{"taxonomy":"category","embeddable":true,"href":"https:\/\/infopba247.com.ar\/index.php\/wp-json\/wp\/v2\/categories?post=6569"},{"taxonomy":"post_tag","embeddable":true,"href":"https:\/\/infopba247.com.ar\/index.php\/wp-json\/wp\/v2\/tags?post=6569"}],"curies":[{"name":"wp","href":"https:\/\/api.w.org\/{rel}","templated":true}]}}