{"id":6541,"date":"2025-03-06T09:31:19","date_gmt":"2025-03-06T12:31:19","guid":{"rendered":"https:\/\/infopba247.com.ar\/?p=6541"},"modified":"2025-03-06T09:31:20","modified_gmt":"2025-03-06T12:31:20","slug":"la-municipalidad-informa-cuales-son-las-vacunas-obligatorias-segun-el-calendario-nacional-para-el-ciclo-lectivo-2025","status":"publish","type":"post","link":"https:\/\/infopba247.com.ar\/index.php\/2025\/03\/06\/la-municipalidad-informa-cuales-son-las-vacunas-obligatorias-segun-el-calendario-nacional-para-el-ciclo-lectivo-2025\/","title":{"rendered":"La Municipalidad informa cu\u00e1les son las vacunas obligatorias seg\u00fan el Calendario Nacional para el ciclo lectivo 2025\u00a0"},"content":{"rendered":"\n<p>La Municipalidad de La Plata recuerda a vecinos y vecinas del partido que es fundamental que ni\u00f1os y ni\u00f1as que regresan a clases cuenten con las vacunas indicadas por el Calendario Nacional para prevenir enfermedades y evitar contagios tanto en el grupo familiar como en la comunidad en general.&nbsp;<\/p>\n\n\n\n<p>En ese sentido, los ni\u00f1os de 5 y 6 a\u00f1os que comienzan primer grado deben recibir la vacuna contra la poliomielitis; la triple viral contra el sarampi\u00f3n, la rub\u00e9ola y las paperas; la triple bacteriana para la difteria, el t\u00e9tanos y la tos convulsa; y la de la varicela.&nbsp;<\/p>\n\n\n\n<p>Por otro lado, es necesario que los estudiantes de 11 a\u00f1os cuenten con la triple bacteriana acelular que act\u00faa contra la difteria, el t\u00e9tanos y la tos convulsa; y con la dosis \u00fanica de meningococo, que previene la meningitis y la transmisi\u00f3n de la bacteria a los lactantes.&nbsp;<\/p>\n\n\n\n<p>Es importante tambi\u00e9n que los ni\u00f1os de 11 a\u00f1os reciban la vacuna contra el Virus del Papiloma Humano (VPH), que previene varios tipos de c\u00e1ncer, en especial el de cuello uterino, as\u00ed como otras enfermedades asociadas.&nbsp;<\/p>\n\n\n\n<p>Cabe aclarar que cada vacuna debe ser registrada correctamente por el personal de salud, quien dejar\u00e1 constancia de la aplicaci\u00f3n y generar\u00e1 el historial del paciente, permitiendo identificar posibles esquemas incompletos.&nbsp;<\/p>\n\n\n\n<p>Finalmente, el Municipio recuerda que es responsabilidad de las familias o adultos a cargo garantizar que los ni\u00f1os reciban las vacunas del Calendario Nacional correspondientes a cada etapa del desarrollo. Las dosis est\u00e1n en Centros de Atenci\u00f3n Primaria de Salud (CAPS), vacunatorios y hospitales p\u00fablicos.&nbsp;<\/p>\n","protected":false},"excerpt":{"rendered":"<p>La Municipalidad de La Plata recuerda a vecinos y vecinas del partido que es fundamental que ni\u00f1os y ni\u00f1as que<\/p>\n","protected":false},"author":3,"featured_media":6537,"comment_status":"open","ping_status":"open","sticky":false,"template":"","format":"standard","meta":{"colormag_page_container_layout":"default_layout","colormag_page_sidebar_layout":"default_layout","footnotes":""},"categories":[12,1,14],"tags":[],"class_list":["post-6541","post","type-post","status-publish","format-standard","has-post-thumbnail","hentry","category-8va-seccion","category-destacadas","category-politica"],"yoast_head":"<!-- This site is optimized with the Yoast SEO plugin v27.5 - https:\/\/yoast.com\/product\/yoast-seo-wordpress\/ -->\n<title>La Municipalidad informa cu\u00e1les son las vacunas obligatorias seg\u00fan el Calendario Nacional para el ciclo lectivo 2025\u00a0 - InfoPBA247<\/title>\n<meta name=\"robots\" content=\"index, follow, max-snippet:-1, max-image-preview:large, max-video-preview:-1\" \/>\n<link rel=\"canonical\" href=\"https:\/\/infopba247.com.ar\/index.php\/2025\/03\/06\/la-municipalidad-informa-cuales-son-las-vacunas-obligatorias-segun-el-calendario-nacional-para-el-ciclo-lectivo-2025\/\" \/>\n<meta property=\"og:locale\" content=\"es_ES\" \/>\n<meta property=\"og:type\" content=\"article\" \/>\n<meta property=\"og:title\" content=\"La Municipalidad informa cu\u00e1les son las vacunas obligatorias seg\u00fan el Calendario Nacional para el ciclo lectivo 2025\u00a0 - InfoPBA247\" \/>\n<meta property=\"og:description\" content=\"La Municipalidad de La Plata recuerda a vecinos y vecinas del partido que es fundamental que ni\u00f1os y ni\u00f1as que\" \/>\n<meta property=\"og:url\" content=\"https:\/\/infopba247.com.ar\/index.php\/2025\/03\/06\/la-municipalidad-informa-cuales-son-las-vacunas-obligatorias-segun-el-calendario-nacional-para-el-ciclo-lectivo-2025\/\" \/>\n<meta property=\"og:site_name\" content=\"InfoPBA247\" \/>\n<meta property=\"article:publisher\" content=\"https:\/\/www.facebook.com\/InfoPBA\" \/>\n<meta property=\"article:published_time\" content=\"2025-03-06T12:31:19+00:00\" \/>\n<meta property=\"article:modified_time\" content=\"2025-03-06T12:31:20+00:00\" \/>\n<meta property=\"og:image\" content=\"https:\/\/infopba247.com.ar\/wp-content\/uploads\/2025\/03\/unnamed-70.jpg\" \/>\n\t<meta property=\"og:image:width\" content=\"1620\" \/>\n\t<meta property=\"og:image:height\" content=\"1080\" \/>\n\t<meta property=\"og:image:type\" content=\"image\/jpeg\" \/>\n<meta name=\"author\" content=\"Editor\" \/>\n<meta name=\"twitter:card\" content=\"summary_large_image\" \/>\n<meta name=\"twitter:label1\" content=\"Escrito por\" \/>\n\t<meta name=\"twitter:data1\" content=\"Editor\" \/>\n\t<meta name=\"twitter:label2\" content=\"Tiempo de lectura\" \/>\n\t<meta name=\"twitter:data2\" content=\"2 minutos\" \/>\n<script type=\"application\/ld+json\" class=\"yoast-schema-graph\">{\"@context\":\"https:\\\/\\\/schema.org\",\"@graph\":[{\"@type\":\"Article\",\"@id\":\"https:\\\/\\\/infopba247.com.ar\\\/index.php\\\/2025\\\/03\\\/06\\\/la-municipalidad-informa-cuales-son-las-vacunas-obligatorias-segun-el-calendario-nacional-para-el-ciclo-lectivo-2025\\\/#article\",\"isPartOf\":{\"@id\":\"https:\\\/\\\/infopba247.com.ar\\\/index.php\\\/2025\\\/03\\\/06\\\/la-municipalidad-informa-cuales-son-las-vacunas-obligatorias-segun-el-calendario-nacional-para-el-ciclo-lectivo-2025\\\/\"},\"author\":{\"name\":\"Editor\",\"@id\":\"https:\\\/\\\/infopba247.com.ar\\\/#\\\/schema\\\/person\\\/4975f1343a413e57bf839b3eed0099f2\"},\"headline\":\"La Municipalidad informa cu\u00e1les son las vacunas obligatorias seg\u00fan el Calendario Nacional para el ciclo lectivo 2025\u00a0\",\"datePublished\":\"2025-03-06T12:31:19+00:00\",\"dateModified\":\"2025-03-06T12:31:20+00:00\",\"mainEntityOfPage\":{\"@id\":\"https:\\\/\\\/infopba247.com.ar\\\/index.php\\\/2025\\\/03\\\/06\\\/la-municipalidad-informa-cuales-son-las-vacunas-obligatorias-segun-el-calendario-nacional-para-el-ciclo-lectivo-2025\\\/\"},\"wordCount\":298,\"commentCount\":0,\"publisher\":{\"@id\":\"https:\\\/\\\/infopba247.com.ar\\\/#organization\"},\"image\":{\"@id\":\"https:\\\/\\\/infopba247.com.ar\\\/index.php\\\/2025\\\/03\\\/06\\\/la-municipalidad-informa-cuales-son-las-vacunas-obligatorias-segun-el-calendario-nacional-para-el-ciclo-lectivo-2025\\\/#primaryimage\"},\"thumbnailUrl\":\"https:\\\/\\\/infopba247.com.ar\\\/wp-content\\\/uploads\\\/2025\\\/03\\\/unnamed-70.jpg\",\"articleSection\":[\"8va Secci\u00f3n\",\"Destacadas\",\"Pol\u00edtica\"],\"inLanguage\":\"es\",\"potentialAction\":[{\"@type\":\"CommentAction\",\"name\":\"Comment\",\"target\":[\"https:\\\/\\\/infopba247.com.ar\\\/index.php\\\/2025\\\/03\\\/06\\\/la-municipalidad-informa-cuales-son-las-vacunas-obligatorias-segun-el-calendario-nacional-para-el-ciclo-lectivo-2025\\\/#respond\"]}]},{\"@type\":\"WebPage\",\"@id\":\"https:\\\/\\\/infopba247.com.ar\\\/index.php\\\/2025\\\/03\\\/06\\\/la-municipalidad-informa-cuales-son-las-vacunas-obligatorias-segun-el-calendario-nacional-para-el-ciclo-lectivo-2025\\\/\",\"url\":\"https:\\\/\\\/infopba247.com.ar\\\/index.php\\\/2025\\\/03\\\/06\\\/la-municipalidad-informa-cuales-son-las-vacunas-obligatorias-segun-el-calendario-nacional-para-el-ciclo-lectivo-2025\\\/\",\"name\":\"La Municipalidad informa cu\u00e1les son las vacunas obligatorias seg\u00fan el Calendario Nacional para el ciclo lectivo 2025\u00a0 - InfoPBA247\",\"isPartOf\":{\"@id\":\"https:\\\/\\\/infopba247.com.ar\\\/#website\"},\"primaryImageOfPage\":{\"@id\":\"https:\\\/\\\/infopba247.com.ar\\\/index.php\\\/2025\\\/03\\\/06\\\/la-municipalidad-informa-cuales-son-las-vacunas-obligatorias-segun-el-calendario-nacional-para-el-ciclo-lectivo-2025\\\/#primaryimage\"},\"image\":{\"@id\":\"https:\\\/\\\/infopba247.com.ar\\\/index.php\\\/2025\\\/03\\\/06\\\/la-municipalidad-informa-cuales-son-las-vacunas-obligatorias-segun-el-calendario-nacional-para-el-ciclo-lectivo-2025\\\/#primaryimage\"},\"thumbnailUrl\":\"https:\\\/\\\/infopba247.com.ar\\\/wp-content\\\/uploads\\\/2025\\\/03\\\/unnamed-70.jpg\",\"datePublished\":\"2025-03-06T12:31:19+00:00\",\"dateModified\":\"2025-03-06T12:31:20+00:00\",\"breadcrumb\":{\"@id\":\"https:\\\/\\\/infopba247.com.ar\\\/index.php\\\/2025\\\/03\\\/06\\\/la-municipalidad-informa-cuales-son-las-vacunas-obligatorias-segun-el-calendario-nacional-para-el-ciclo-lectivo-2025\\\/#breadcrumb\"},\"inLanguage\":\"es\",\"potentialAction\":[{\"@type\":\"ReadAction\",\"target\":[\"https:\\\/\\\/infopba247.com.ar\\\/index.php\\\/2025\\\/03\\\/06\\\/la-municipalidad-informa-cuales-son-las-vacunas-obligatorias-segun-el-calendario-nacional-para-el-ciclo-lectivo-2025\\\/\"]}]},{\"@type\":\"ImageObject\",\"inLanguage\":\"es\",\"@id\":\"https:\\\/\\\/infopba247.com.ar\\\/index.php\\\/2025\\\/03\\\/06\\\/la-municipalidad-informa-cuales-son-las-vacunas-obligatorias-segun-el-calendario-nacional-para-el-ciclo-lectivo-2025\\\/#primaryimage\",\"url\":\"https:\\\/\\\/infopba247.com.ar\\\/wp-content\\\/uploads\\\/2025\\\/03\\\/unnamed-70.jpg\",\"contentUrl\":\"https:\\\/\\\/infopba247.com.ar\\\/wp-content\\\/uploads\\\/2025\\\/03\\\/unnamed-70.jpg\",\"width\":1620,\"height\":1080},{\"@type\":\"BreadcrumbList\",\"@id\":\"https:\\\/\\\/infopba247.com.ar\\\/index.php\\\/2025\\\/03\\\/06\\\/la-municipalidad-informa-cuales-son-las-vacunas-obligatorias-segun-el-calendario-nacional-para-el-ciclo-lectivo-2025\\\/#breadcrumb\",\"itemListElement\":[{\"@type\":\"ListItem\",\"position\":1,\"name\":\"Portada\",\"item\":\"https:\\\/\\\/infopba247.com.ar\\\/\"},{\"@type\":\"ListItem\",\"position\":2,\"name\":\"La Municipalidad informa cu\u00e1les son las vacunas obligatorias seg\u00fan el Calendario Nacional para el ciclo lectivo 2025\u00a0\"}]},{\"@type\":\"WebSite\",\"@id\":\"https:\\\/\\\/infopba247.com.ar\\\/#website\",\"url\":\"https:\\\/\\\/infopba247.com.ar\\\/\",\"name\":\"InfoPBA247\",\"description\":\"Toda la actualidad bonaerense\",\"publisher\":{\"@id\":\"https:\\\/\\\/infopba247.com.ar\\\/#organization\"},\"potentialAction\":[{\"@type\":\"SearchAction\",\"target\":{\"@type\":\"EntryPoint\",\"urlTemplate\":\"https:\\\/\\\/infopba247.com.ar\\\/?s={search_term_string}\"},\"query-input\":{\"@type\":\"PropertyValueSpecification\",\"valueRequired\":true,\"valueName\":\"search_term_string\"}}],\"inLanguage\":\"es\"},{\"@type\":\"Organization\",\"@id\":\"https:\\\/\\\/infopba247.com.ar\\\/#organization\",\"name\":\"InfoPBA247\",\"url\":\"https:\\\/\\\/infopba247.com.ar\\\/\",\"logo\":{\"@type\":\"ImageObject\",\"inLanguage\":\"es\",\"@id\":\"https:\\\/\\\/infopba247.com.ar\\\/#\\\/schema\\\/logo\\\/image\\\/\",\"url\":\"https:\\\/\\\/infopba247.com.ar\\\/wp-content\\\/uploads\\\/2022\\\/03\\\/cropped-InfoPBA247-1.png\",\"contentUrl\":\"https:\\\/\\\/infopba247.com.ar\\\/wp-content\\\/uploads\\\/2022\\\/03\\\/cropped-InfoPBA247-1.png\",\"width\":500,\"height\":122,\"caption\":\"InfoPBA247\"},\"image\":{\"@id\":\"https:\\\/\\\/infopba247.com.ar\\\/#\\\/schema\\\/logo\\\/image\\\/\"},\"sameAs\":[\"https:\\\/\\\/www.facebook.com\\\/InfoPBA\"]},{\"@type\":\"Person\",\"@id\":\"https:\\\/\\\/infopba247.com.ar\\\/#\\\/schema\\\/person\\\/4975f1343a413e57bf839b3eed0099f2\",\"name\":\"Editor\",\"image\":{\"@type\":\"ImageObject\",\"inLanguage\":\"es\",\"@id\":\"https:\\\/\\\/secure.gravatar.com\\\/avatar\\\/d27fe9520667ca53441d36627a1d6b0fa4a813571ec4803687a7a3a7744685ac?s=96&d=mm&r=g\",\"url\":\"https:\\\/\\\/secure.gravatar.com\\\/avatar\\\/d27fe9520667ca53441d36627a1d6b0fa4a813571ec4803687a7a3a7744685ac?s=96&d=mm&r=g\",\"contentUrl\":\"https:\\\/\\\/secure.gravatar.com\\\/avatar\\\/d27fe9520667ca53441d36627a1d6b0fa4a813571ec4803687a7a3a7744685ac?s=96&d=mm&r=g\",\"caption\":\"Editor\"},\"url\":\"https:\\\/\\\/infopba247.com.ar\\\/index.php\\\/author\\\/editor\\\/\"}]}<\/script>\n<!-- \/ Yoast SEO plugin. -->","yoast_head_json":{"title":"La Municipalidad informa cu\u00e1les son las vacunas obligatorias seg\u00fan el Calendario Nacional para el ciclo lectivo 2025\u00a0 - InfoPBA247","robots":{"index":"index","follow":"follow","max-snippet":"max-snippet:-1","max-image-preview":"max-image-preview:large","max-video-preview":"max-video-preview:-1"},"canonical":"https:\/\/infopba247.com.ar\/index.php\/2025\/03\/06\/la-municipalidad-informa-cuales-son-las-vacunas-obligatorias-segun-el-calendario-nacional-para-el-ciclo-lectivo-2025\/","og_locale":"es_ES","og_type":"article","og_title":"La Municipalidad informa cu\u00e1les son las vacunas obligatorias seg\u00fan el Calendario Nacional para el ciclo lectivo 2025\u00a0 - InfoPBA247","og_description":"La Municipalidad de La Plata recuerda a vecinos y vecinas del partido que es fundamental que ni\u00f1os y ni\u00f1as que","og_url":"https:\/\/infopba247.com.ar\/index.php\/2025\/03\/06\/la-municipalidad-informa-cuales-son-las-vacunas-obligatorias-segun-el-calendario-nacional-para-el-ciclo-lectivo-2025\/","og_site_name":"InfoPBA247","article_publisher":"https:\/\/www.facebook.com\/InfoPBA","article_published_time":"2025-03-06T12:31:19+00:00","article_modified_time":"2025-03-06T12:31:20+00:00","og_image":[{"width":1620,"height":1080,"url":"https:\/\/infopba247.com.ar\/wp-content\/uploads\/2025\/03\/unnamed-70.jpg","type":"image\/jpeg"}],"author":"Editor","twitter_card":"summary_large_image","twitter_misc":{"Escrito por":"Editor","Tiempo de lectura":"2 minutos"},"schema":{"@context":"https:\/\/schema.org","@graph":[{"@type":"Article","@id":"https:\/\/infopba247.com.ar\/index.php\/2025\/03\/06\/la-municipalidad-informa-cuales-son-las-vacunas-obligatorias-segun-el-calendario-nacional-para-el-ciclo-lectivo-2025\/#article","isPartOf":{"@id":"https:\/\/infopba247.com.ar\/index.php\/2025\/03\/06\/la-municipalidad-informa-cuales-son-las-vacunas-obligatorias-segun-el-calendario-nacional-para-el-ciclo-lectivo-2025\/"},"author":{"name":"Editor","@id":"https:\/\/infopba247.com.ar\/#\/schema\/person\/4975f1343a413e57bf839b3eed0099f2"},"headline":"La Municipalidad informa cu\u00e1les son las vacunas obligatorias seg\u00fan el Calendario Nacional para el ciclo lectivo 2025\u00a0","datePublished":"2025-03-06T12:31:19+00:00","dateModified":"2025-03-06T12:31:20+00:00","mainEntityOfPage":{"@id":"https:\/\/infopba247.com.ar\/index.php\/2025\/03\/06\/la-municipalidad-informa-cuales-son-las-vacunas-obligatorias-segun-el-calendario-nacional-para-el-ciclo-lectivo-2025\/"},"wordCount":298,"commentCount":0,"publisher":{"@id":"https:\/\/infopba247.com.ar\/#organization"},"image":{"@id":"https:\/\/infopba247.com.ar\/index.php\/2025\/03\/06\/la-municipalidad-informa-cuales-son-las-vacunas-obligatorias-segun-el-calendario-nacional-para-el-ciclo-lectivo-2025\/#primaryimage"},"thumbnailUrl":"https:\/\/infopba247.com.ar\/wp-content\/uploads\/2025\/03\/unnamed-70.jpg","articleSection":["8va Secci\u00f3n","Destacadas","Pol\u00edtica"],"inLanguage":"es","potentialAction":[{"@type":"CommentAction","name":"Comment","target":["https:\/\/infopba247.com.ar\/index.php\/2025\/03\/06\/la-municipalidad-informa-cuales-son-las-vacunas-obligatorias-segun-el-calendario-nacional-para-el-ciclo-lectivo-2025\/#respond"]}]},{"@type":"WebPage","@id":"https:\/\/infopba247.com.ar\/index.php\/2025\/03\/06\/la-municipalidad-informa-cuales-son-las-vacunas-obligatorias-segun-el-calendario-nacional-para-el-ciclo-lectivo-2025\/","url":"https:\/\/infopba247.com.ar\/index.php\/2025\/03\/06\/la-municipalidad-informa-cuales-son-las-vacunas-obligatorias-segun-el-calendario-nacional-para-el-ciclo-lectivo-2025\/","name":"La Municipalidad informa cu\u00e1les son las vacunas obligatorias seg\u00fan el Calendario Nacional para el ciclo lectivo 2025\u00a0 - InfoPBA247","isPartOf":{"@id":"https:\/\/infopba247.com.ar\/#website"},"primaryImageOfPage":{"@id":"https:\/\/infopba247.com.ar\/index.php\/2025\/03\/06\/la-municipalidad-informa-cuales-son-las-vacunas-obligatorias-segun-el-calendario-nacional-para-el-ciclo-lectivo-2025\/#primaryimage"},"image":{"@id":"https:\/\/infopba247.com.ar\/index.php\/2025\/03\/06\/la-municipalidad-informa-cuales-son-las-vacunas-obligatorias-segun-el-calendario-nacional-para-el-ciclo-lectivo-2025\/#primaryimage"},"thumbnailUrl":"https:\/\/infopba247.com.ar\/wp-content\/uploads\/2025\/03\/unnamed-70.jpg","datePublished":"2025-03-06T12:31:19+00:00","dateModified":"2025-03-06T12:31:20+00:00","breadcrumb":{"@id":"https:\/\/infopba247.com.ar\/index.php\/2025\/03\/06\/la-municipalidad-informa-cuales-son-las-vacunas-obligatorias-segun-el-calendario-nacional-para-el-ciclo-lectivo-2025\/#breadcrumb"},"inLanguage":"es","potentialAction":[{"@type":"ReadAction","target":["https:\/\/infopba247.com.ar\/index.php\/2025\/03\/06\/la-municipalidad-informa-cuales-son-las-vacunas-obligatorias-segun-el-calendario-nacional-para-el-ciclo-lectivo-2025\/"]}]},{"@type":"ImageObject","inLanguage":"es","@id":"https:\/\/infopba247.com.ar\/index.php\/2025\/03\/06\/la-municipalidad-informa-cuales-son-las-vacunas-obligatorias-segun-el-calendario-nacional-para-el-ciclo-lectivo-2025\/#primaryimage","url":"https:\/\/infopba247.com.ar\/wp-content\/uploads\/2025\/03\/unnamed-70.jpg","contentUrl":"https:\/\/infopba247.com.ar\/wp-content\/uploads\/2025\/03\/unnamed-70.jpg","width":1620,"height":1080},{"@type":"BreadcrumbList","@id":"https:\/\/infopba247.com.ar\/index.php\/2025\/03\/06\/la-municipalidad-informa-cuales-son-las-vacunas-obligatorias-segun-el-calendario-nacional-para-el-ciclo-lectivo-2025\/#breadcrumb","itemListElement":[{"@type":"ListItem","position":1,"name":"Portada","item":"https:\/\/infopba247.com.ar\/"},{"@type":"ListItem","position":2,"name":"La Municipalidad informa cu\u00e1les son las vacunas obligatorias seg\u00fan el Calendario Nacional para el ciclo lectivo 2025\u00a0"}]},{"@type":"WebSite","@id":"https:\/\/infopba247.com.ar\/#website","url":"https:\/\/infopba247.com.ar\/","name":"InfoPBA247","description":"Toda la actualidad bonaerense","publisher":{"@id":"https:\/\/infopba247.com.ar\/#organization"},"potentialAction":[{"@type":"SearchAction","target":{"@type":"EntryPoint","urlTemplate":"https:\/\/infopba247.com.ar\/?s={search_term_string}"},"query-input":{"@type":"PropertyValueSpecification","valueRequired":true,"valueName":"search_term_string"}}],"inLanguage":"es"},{"@type":"Organization","@id":"https:\/\/infopba247.com.ar\/#organization","name":"InfoPBA247","url":"https:\/\/infopba247.com.ar\/","logo":{"@type":"ImageObject","inLanguage":"es","@id":"https:\/\/infopba247.com.ar\/#\/schema\/logo\/image\/","url":"https:\/\/infopba247.com.ar\/wp-content\/uploads\/2022\/03\/cropped-InfoPBA247-1.png","contentUrl":"https:\/\/infopba247.com.ar\/wp-content\/uploads\/2022\/03\/cropped-InfoPBA247-1.png","width":500,"height":122,"caption":"InfoPBA247"},"image":{"@id":"https:\/\/infopba247.com.ar\/#\/schema\/logo\/image\/"},"sameAs":["https:\/\/www.facebook.com\/InfoPBA"]},{"@type":"Person","@id":"https:\/\/infopba247.com.ar\/#\/schema\/person\/4975f1343a413e57bf839b3eed0099f2","name":"Editor","image":{"@type":"ImageObject","inLanguage":"es","@id":"https:\/\/secure.gravatar.com\/avatar\/d27fe9520667ca53441d36627a1d6b0fa4a813571ec4803687a7a3a7744685ac?s=96&d=mm&r=g","url":"https:\/\/secure.gravatar.com\/avatar\/d27fe9520667ca53441d36627a1d6b0fa4a813571ec4803687a7a3a7744685ac?s=96&d=mm&r=g","contentUrl":"https:\/\/secure.gravatar.com\/avatar\/d27fe9520667ca53441d36627a1d6b0fa4a813571ec4803687a7a3a7744685ac?s=96&d=mm&r=g","caption":"Editor"},"url":"https:\/\/infopba247.com.ar\/index.php\/author\/editor\/"}]}},"_links":{"self":[{"href":"https:\/\/infopba247.com.ar\/index.php\/wp-json\/wp\/v2\/posts\/6541","targetHints":{"allow":["GET"]}}],"collection":[{"href":"https:\/\/infopba247.com.ar\/index.php\/wp-json\/wp\/v2\/posts"}],"about":[{"href":"https:\/\/infopba247.com.ar\/index.php\/wp-json\/wp\/v2\/types\/post"}],"author":[{"embeddable":true,"href":"https:\/\/infopba247.com.ar\/index.php\/wp-json\/wp\/v2\/users\/3"}],"replies":[{"embeddable":true,"href":"https:\/\/infopba247.com.ar\/index.php\/wp-json\/wp\/v2\/comments?post=6541"}],"version-history":[{"count":1,"href":"https:\/\/infopba247.com.ar\/index.php\/wp-json\/wp\/v2\/posts\/6541\/revisions"}],"predecessor-version":[{"id":6542,"href":"https:\/\/infopba247.com.ar\/index.php\/wp-json\/wp\/v2\/posts\/6541\/revisions\/6542"}],"wp:featuredmedia":[{"embeddable":true,"href":"https:\/\/infopba247.com.ar\/index.php\/wp-json\/wp\/v2\/media\/6537"}],"wp:attachment":[{"href":"https:\/\/infopba247.com.ar\/index.php\/wp-json\/wp\/v2\/media?parent=6541"}],"wp:term":[{"taxonomy":"category","embeddable":true,"href":"https:\/\/infopba247.com.ar\/index.php\/wp-json\/wp\/v2\/categories?post=6541"},{"taxonomy":"post_tag","embeddable":true,"href":"https:\/\/infopba247.com.ar\/index.php\/wp-json\/wp\/v2\/tags?post=6541"}],"curies":[{"name":"wp","href":"https:\/\/api.w.org\/{rel}","templated":true}]}}