{"id":6539,"date":"2025-03-06T09:30:30","date_gmt":"2025-03-06T12:30:30","guid":{"rendered":"https:\/\/infopba247.com.ar\/?p=6539"},"modified":"2025-03-06T09:30:31","modified_gmt":"2025-03-06T12:30:31","slug":"acto-oficial-de-inicio-del-ciclo-lectivo-2025","status":"publish","type":"post","link":"https:\/\/infopba247.com.ar\/index.php\/2025\/03\/06\/acto-oficial-de-inicio-del-ciclo-lectivo-2025\/","title":{"rendered":"Acto Oficial de Inicio del Ciclo Lectivo 2025\u00a0"},"content":{"rendered":"\n<p>El intendente de Berisso Fabi\u00e1n Cagliardi, encabez\u00f3 el acto oficial de inicio del Ciclo Lectivo 2025, en la Escuela N\u00b0 3 \u201cHip\u00f3lito Yrigoyen\u201d.&nbsp;<\/p>\n\n\n\n<p>De la Ceremonia, participaron la jefa Distrital de Educaci\u00f3n, Susana Aguirre Ponce; la presidenta del Consejo Escolar Paola Ovejero; la directora de Legal y T\u00e9cnica Administrativa de la Direcci\u00f3n General de Cultura y Educaci\u00f3n, Nadia Ruiz, acompa\u00f1ada por la directora del Establecimiento, Ana Milewski, personal docente y no docente.&nbsp;<\/p>\n\n\n\n<p>Adem\u00e1s, estuvieron presentes funcionarios del Ejecutivo municipal, concejales, consejeros escolares, alumnos, alumnas y padres. Luego del ingreso de las Banderas de Ceremonia, se entonaron las estrofas del Himno Nacional Argentino.&nbsp;<\/p>\n\n\n\n<p>Al respecto, la directora de la instituci\u00f3n, Ana Milewski, indic\u00f3: \u201cComenzamos a transitar este camino lleno de desaf\u00edos, responsabilidad, compromisos, pero tambi\u00e9n es un recorrido que se trata de las infancias y su derecho a aprender\u201d.&nbsp;<\/p>\n\n\n\n<p>\u201cComo todos los a\u00f1os, nuestra Escuela mantiene las puertas abiertas a la comunidad con varias actividades compartidas con las familias y el barrio, lo cual afianza la comunicaci\u00f3n y la relaci\u00f3n escuela-familia\u201d, se\u00f1al\u00f3 Milewski, quien a\u00f1adi\u00f3: \u201cLa educaci\u00f3n p\u00fablica debe y puede ser de calidad y de excelencia y depende de todos nosotros, del compromiso, de nuestra fortaleza para defenderla, para elegirla y sostenerla\u201d.&nbsp;<\/p>\n\n\n\n<p>Por su parte, el Intendente Cagliardi, agradeci\u00f3 a la comunidad educativa, docentes, auxiliares y padres por el esfuerzo y el trabajo que realizan diariamente.&nbsp;<\/p>\n\n\n\n<p>Durante su discurso, hizo menci\u00f3n al gran trabajo concretado en las instituciones educativas de la ciudad, el cual alcanza el 85% de las escuelas de Berisso reparadas con el objetivo de brindar un espacio \u00f3ptimo para el desarrollo de las actividades educativas y una educaci\u00f3n de calidad a ni\u00f1os y ni\u00f1as.&nbsp;<\/p>\n","protected":false},"excerpt":{"rendered":"<p>El intendente de Berisso Fabi\u00e1n Cagliardi, encabez\u00f3 el acto oficial de inicio del Ciclo Lectivo 2025, en la Escuela N\u00b0<\/p>\n","protected":false},"author":3,"featured_media":6535,"comment_status":"open","ping_status":"open","sticky":false,"template":"","format":"standard","meta":{"colormag_page_container_layout":"default_layout","colormag_page_sidebar_layout":"default_layout","footnotes":""},"categories":[7,1,14],"tags":[],"class_list":["post-6539","post","type-post","status-publish","format-standard","has-post-thumbnail","hentry","category-3ra-seccion","category-destacadas","category-politica"],"yoast_head":"<!-- This site is optimized with the Yoast SEO plugin v27.4 - https:\/\/yoast.com\/product\/yoast-seo-wordpress\/ -->\n<title>Acto Oficial de Inicio del Ciclo Lectivo 2025\u00a0 - InfoPBA247<\/title>\n<meta name=\"robots\" content=\"index, follow, max-snippet:-1, max-image-preview:large, max-video-preview:-1\" \/>\n<link rel=\"canonical\" href=\"https:\/\/infopba247.com.ar\/index.php\/2025\/03\/06\/acto-oficial-de-inicio-del-ciclo-lectivo-2025\/\" \/>\n<meta property=\"og:locale\" content=\"es_ES\" \/>\n<meta property=\"og:type\" content=\"article\" \/>\n<meta property=\"og:title\" content=\"Acto Oficial de Inicio del Ciclo Lectivo 2025\u00a0 - InfoPBA247\" \/>\n<meta property=\"og:description\" content=\"El intendente de Berisso Fabi\u00e1n Cagliardi, encabez\u00f3 el acto oficial de inicio del Ciclo Lectivo 2025, en la Escuela N\u00b0\" \/>\n<meta property=\"og:url\" content=\"https:\/\/infopba247.com.ar\/index.php\/2025\/03\/06\/acto-oficial-de-inicio-del-ciclo-lectivo-2025\/\" \/>\n<meta property=\"og:site_name\" content=\"InfoPBA247\" \/>\n<meta property=\"article:publisher\" content=\"https:\/\/www.facebook.com\/InfoPBA\" \/>\n<meta property=\"article:published_time\" content=\"2025-03-06T12:30:30+00:00\" \/>\n<meta property=\"article:modified_time\" content=\"2025-03-06T12:30:31+00:00\" \/>\n<meta property=\"og:image\" content=\"https:\/\/infopba247.com.ar\/wp-content\/uploads\/2025\/03\/01-4.jpg\" \/>\n\t<meta property=\"og:image:width\" content=\"800\" \/>\n\t<meta property=\"og:image:height\" content=\"600\" \/>\n\t<meta property=\"og:image:type\" content=\"image\/jpeg\" \/>\n<meta name=\"author\" content=\"Editor\" \/>\n<meta name=\"twitter:card\" content=\"summary_large_image\" \/>\n<meta name=\"twitter:label1\" content=\"Escrito por\" \/>\n\t<meta name=\"twitter:data1\" content=\"Editor\" \/>\n\t<meta name=\"twitter:label2\" content=\"Tiempo de lectura\" \/>\n\t<meta name=\"twitter:data2\" content=\"2 minutos\" \/>\n<script type=\"application\/ld+json\" class=\"yoast-schema-graph\">{\"@context\":\"https:\\\/\\\/schema.org\",\"@graph\":[{\"@type\":\"Article\",\"@id\":\"https:\\\/\\\/infopba247.com.ar\\\/index.php\\\/2025\\\/03\\\/06\\\/acto-oficial-de-inicio-del-ciclo-lectivo-2025\\\/#article\",\"isPartOf\":{\"@id\":\"https:\\\/\\\/infopba247.com.ar\\\/index.php\\\/2025\\\/03\\\/06\\\/acto-oficial-de-inicio-del-ciclo-lectivo-2025\\\/\"},\"author\":{\"name\":\"Editor\",\"@id\":\"https:\\\/\\\/infopba247.com.ar\\\/#\\\/schema\\\/person\\\/4975f1343a413e57bf839b3eed0099f2\"},\"headline\":\"Acto Oficial de Inicio del Ciclo Lectivo 2025\u00a0\",\"datePublished\":\"2025-03-06T12:30:30+00:00\",\"dateModified\":\"2025-03-06T12:30:31+00:00\",\"mainEntityOfPage\":{\"@id\":\"https:\\\/\\\/infopba247.com.ar\\\/index.php\\\/2025\\\/03\\\/06\\\/acto-oficial-de-inicio-del-ciclo-lectivo-2025\\\/\"},\"wordCount\":310,\"commentCount\":0,\"publisher\":{\"@id\":\"https:\\\/\\\/infopba247.com.ar\\\/#organization\"},\"image\":{\"@id\":\"https:\\\/\\\/infopba247.com.ar\\\/index.php\\\/2025\\\/03\\\/06\\\/acto-oficial-de-inicio-del-ciclo-lectivo-2025\\\/#primaryimage\"},\"thumbnailUrl\":\"https:\\\/\\\/infopba247.com.ar\\\/wp-content\\\/uploads\\\/2025\\\/03\\\/01-4.jpg\",\"articleSection\":[\"3ra Secci\u00f3n\",\"Destacadas\",\"Pol\u00edtica\"],\"inLanguage\":\"es\",\"potentialAction\":[{\"@type\":\"CommentAction\",\"name\":\"Comment\",\"target\":[\"https:\\\/\\\/infopba247.com.ar\\\/index.php\\\/2025\\\/03\\\/06\\\/acto-oficial-de-inicio-del-ciclo-lectivo-2025\\\/#respond\"]}]},{\"@type\":\"WebPage\",\"@id\":\"https:\\\/\\\/infopba247.com.ar\\\/index.php\\\/2025\\\/03\\\/06\\\/acto-oficial-de-inicio-del-ciclo-lectivo-2025\\\/\",\"url\":\"https:\\\/\\\/infopba247.com.ar\\\/index.php\\\/2025\\\/03\\\/06\\\/acto-oficial-de-inicio-del-ciclo-lectivo-2025\\\/\",\"name\":\"Acto Oficial de Inicio del Ciclo Lectivo 2025\u00a0 - InfoPBA247\",\"isPartOf\":{\"@id\":\"https:\\\/\\\/infopba247.com.ar\\\/#website\"},\"primaryImageOfPage\":{\"@id\":\"https:\\\/\\\/infopba247.com.ar\\\/index.php\\\/2025\\\/03\\\/06\\\/acto-oficial-de-inicio-del-ciclo-lectivo-2025\\\/#primaryimage\"},\"image\":{\"@id\":\"https:\\\/\\\/infopba247.com.ar\\\/index.php\\\/2025\\\/03\\\/06\\\/acto-oficial-de-inicio-del-ciclo-lectivo-2025\\\/#primaryimage\"},\"thumbnailUrl\":\"https:\\\/\\\/infopba247.com.ar\\\/wp-content\\\/uploads\\\/2025\\\/03\\\/01-4.jpg\",\"datePublished\":\"2025-03-06T12:30:30+00:00\",\"dateModified\":\"2025-03-06T12:30:31+00:00\",\"breadcrumb\":{\"@id\":\"https:\\\/\\\/infopba247.com.ar\\\/index.php\\\/2025\\\/03\\\/06\\\/acto-oficial-de-inicio-del-ciclo-lectivo-2025\\\/#breadcrumb\"},\"inLanguage\":\"es\",\"potentialAction\":[{\"@type\":\"ReadAction\",\"target\":[\"https:\\\/\\\/infopba247.com.ar\\\/index.php\\\/2025\\\/03\\\/06\\\/acto-oficial-de-inicio-del-ciclo-lectivo-2025\\\/\"]}]},{\"@type\":\"ImageObject\",\"inLanguage\":\"es\",\"@id\":\"https:\\\/\\\/infopba247.com.ar\\\/index.php\\\/2025\\\/03\\\/06\\\/acto-oficial-de-inicio-del-ciclo-lectivo-2025\\\/#primaryimage\",\"url\":\"https:\\\/\\\/infopba247.com.ar\\\/wp-content\\\/uploads\\\/2025\\\/03\\\/01-4.jpg\",\"contentUrl\":\"https:\\\/\\\/infopba247.com.ar\\\/wp-content\\\/uploads\\\/2025\\\/03\\\/01-4.jpg\",\"width\":800,\"height\":600},{\"@type\":\"BreadcrumbList\",\"@id\":\"https:\\\/\\\/infopba247.com.ar\\\/index.php\\\/2025\\\/03\\\/06\\\/acto-oficial-de-inicio-del-ciclo-lectivo-2025\\\/#breadcrumb\",\"itemListElement\":[{\"@type\":\"ListItem\",\"position\":1,\"name\":\"Portada\",\"item\":\"https:\\\/\\\/infopba247.com.ar\\\/\"},{\"@type\":\"ListItem\",\"position\":2,\"name\":\"Acto Oficial de Inicio del Ciclo Lectivo 2025\u00a0\"}]},{\"@type\":\"WebSite\",\"@id\":\"https:\\\/\\\/infopba247.com.ar\\\/#website\",\"url\":\"https:\\\/\\\/infopba247.com.ar\\\/\",\"name\":\"InfoPBA247\",\"description\":\"Toda la actualidad bonaerense\",\"publisher\":{\"@id\":\"https:\\\/\\\/infopba247.com.ar\\\/#organization\"},\"potentialAction\":[{\"@type\":\"SearchAction\",\"target\":{\"@type\":\"EntryPoint\",\"urlTemplate\":\"https:\\\/\\\/infopba247.com.ar\\\/?s={search_term_string}\"},\"query-input\":{\"@type\":\"PropertyValueSpecification\",\"valueRequired\":true,\"valueName\":\"search_term_string\"}}],\"inLanguage\":\"es\"},{\"@type\":\"Organization\",\"@id\":\"https:\\\/\\\/infopba247.com.ar\\\/#organization\",\"name\":\"InfoPBA247\",\"url\":\"https:\\\/\\\/infopba247.com.ar\\\/\",\"logo\":{\"@type\":\"ImageObject\",\"inLanguage\":\"es\",\"@id\":\"https:\\\/\\\/infopba247.com.ar\\\/#\\\/schema\\\/logo\\\/image\\\/\",\"url\":\"https:\\\/\\\/infopba247.com.ar\\\/wp-content\\\/uploads\\\/2022\\\/03\\\/cropped-InfoPBA247-1.png\",\"contentUrl\":\"https:\\\/\\\/infopba247.com.ar\\\/wp-content\\\/uploads\\\/2022\\\/03\\\/cropped-InfoPBA247-1.png\",\"width\":500,\"height\":122,\"caption\":\"InfoPBA247\"},\"image\":{\"@id\":\"https:\\\/\\\/infopba247.com.ar\\\/#\\\/schema\\\/logo\\\/image\\\/\"},\"sameAs\":[\"https:\\\/\\\/www.facebook.com\\\/InfoPBA\"]},{\"@type\":\"Person\",\"@id\":\"https:\\\/\\\/infopba247.com.ar\\\/#\\\/schema\\\/person\\\/4975f1343a413e57bf839b3eed0099f2\",\"name\":\"Editor\",\"image\":{\"@type\":\"ImageObject\",\"inLanguage\":\"es\",\"@id\":\"https:\\\/\\\/secure.gravatar.com\\\/avatar\\\/d27fe9520667ca53441d36627a1d6b0fa4a813571ec4803687a7a3a7744685ac?s=96&d=mm&r=g\",\"url\":\"https:\\\/\\\/secure.gravatar.com\\\/avatar\\\/d27fe9520667ca53441d36627a1d6b0fa4a813571ec4803687a7a3a7744685ac?s=96&d=mm&r=g\",\"contentUrl\":\"https:\\\/\\\/secure.gravatar.com\\\/avatar\\\/d27fe9520667ca53441d36627a1d6b0fa4a813571ec4803687a7a3a7744685ac?s=96&d=mm&r=g\",\"caption\":\"Editor\"},\"url\":\"https:\\\/\\\/infopba247.com.ar\\\/index.php\\\/author\\\/editor\\\/\"}]}<\/script>\n<!-- \/ Yoast SEO plugin. -->","yoast_head_json":{"title":"Acto Oficial de Inicio del Ciclo Lectivo 2025\u00a0 - InfoPBA247","robots":{"index":"index","follow":"follow","max-snippet":"max-snippet:-1","max-image-preview":"max-image-preview:large","max-video-preview":"max-video-preview:-1"},"canonical":"https:\/\/infopba247.com.ar\/index.php\/2025\/03\/06\/acto-oficial-de-inicio-del-ciclo-lectivo-2025\/","og_locale":"es_ES","og_type":"article","og_title":"Acto Oficial de Inicio del Ciclo Lectivo 2025\u00a0 - InfoPBA247","og_description":"El intendente de Berisso Fabi\u00e1n Cagliardi, encabez\u00f3 el acto oficial de inicio del Ciclo Lectivo 2025, en la Escuela N\u00b0","og_url":"https:\/\/infopba247.com.ar\/index.php\/2025\/03\/06\/acto-oficial-de-inicio-del-ciclo-lectivo-2025\/","og_site_name":"InfoPBA247","article_publisher":"https:\/\/www.facebook.com\/InfoPBA","article_published_time":"2025-03-06T12:30:30+00:00","article_modified_time":"2025-03-06T12:30:31+00:00","og_image":[{"width":800,"height":600,"url":"https:\/\/infopba247.com.ar\/wp-content\/uploads\/2025\/03\/01-4.jpg","type":"image\/jpeg"}],"author":"Editor","twitter_card":"summary_large_image","twitter_misc":{"Escrito por":"Editor","Tiempo de lectura":"2 minutos"},"schema":{"@context":"https:\/\/schema.org","@graph":[{"@type":"Article","@id":"https:\/\/infopba247.com.ar\/index.php\/2025\/03\/06\/acto-oficial-de-inicio-del-ciclo-lectivo-2025\/#article","isPartOf":{"@id":"https:\/\/infopba247.com.ar\/index.php\/2025\/03\/06\/acto-oficial-de-inicio-del-ciclo-lectivo-2025\/"},"author":{"name":"Editor","@id":"https:\/\/infopba247.com.ar\/#\/schema\/person\/4975f1343a413e57bf839b3eed0099f2"},"headline":"Acto Oficial de Inicio del Ciclo Lectivo 2025\u00a0","datePublished":"2025-03-06T12:30:30+00:00","dateModified":"2025-03-06T12:30:31+00:00","mainEntityOfPage":{"@id":"https:\/\/infopba247.com.ar\/index.php\/2025\/03\/06\/acto-oficial-de-inicio-del-ciclo-lectivo-2025\/"},"wordCount":310,"commentCount":0,"publisher":{"@id":"https:\/\/infopba247.com.ar\/#organization"},"image":{"@id":"https:\/\/infopba247.com.ar\/index.php\/2025\/03\/06\/acto-oficial-de-inicio-del-ciclo-lectivo-2025\/#primaryimage"},"thumbnailUrl":"https:\/\/infopba247.com.ar\/wp-content\/uploads\/2025\/03\/01-4.jpg","articleSection":["3ra Secci\u00f3n","Destacadas","Pol\u00edtica"],"inLanguage":"es","potentialAction":[{"@type":"CommentAction","name":"Comment","target":["https:\/\/infopba247.com.ar\/index.php\/2025\/03\/06\/acto-oficial-de-inicio-del-ciclo-lectivo-2025\/#respond"]}]},{"@type":"WebPage","@id":"https:\/\/infopba247.com.ar\/index.php\/2025\/03\/06\/acto-oficial-de-inicio-del-ciclo-lectivo-2025\/","url":"https:\/\/infopba247.com.ar\/index.php\/2025\/03\/06\/acto-oficial-de-inicio-del-ciclo-lectivo-2025\/","name":"Acto Oficial de Inicio del Ciclo Lectivo 2025\u00a0 - InfoPBA247","isPartOf":{"@id":"https:\/\/infopba247.com.ar\/#website"},"primaryImageOfPage":{"@id":"https:\/\/infopba247.com.ar\/index.php\/2025\/03\/06\/acto-oficial-de-inicio-del-ciclo-lectivo-2025\/#primaryimage"},"image":{"@id":"https:\/\/infopba247.com.ar\/index.php\/2025\/03\/06\/acto-oficial-de-inicio-del-ciclo-lectivo-2025\/#primaryimage"},"thumbnailUrl":"https:\/\/infopba247.com.ar\/wp-content\/uploads\/2025\/03\/01-4.jpg","datePublished":"2025-03-06T12:30:30+00:00","dateModified":"2025-03-06T12:30:31+00:00","breadcrumb":{"@id":"https:\/\/infopba247.com.ar\/index.php\/2025\/03\/06\/acto-oficial-de-inicio-del-ciclo-lectivo-2025\/#breadcrumb"},"inLanguage":"es","potentialAction":[{"@type":"ReadAction","target":["https:\/\/infopba247.com.ar\/index.php\/2025\/03\/06\/acto-oficial-de-inicio-del-ciclo-lectivo-2025\/"]}]},{"@type":"ImageObject","inLanguage":"es","@id":"https:\/\/infopba247.com.ar\/index.php\/2025\/03\/06\/acto-oficial-de-inicio-del-ciclo-lectivo-2025\/#primaryimage","url":"https:\/\/infopba247.com.ar\/wp-content\/uploads\/2025\/03\/01-4.jpg","contentUrl":"https:\/\/infopba247.com.ar\/wp-content\/uploads\/2025\/03\/01-4.jpg","width":800,"height":600},{"@type":"BreadcrumbList","@id":"https:\/\/infopba247.com.ar\/index.php\/2025\/03\/06\/acto-oficial-de-inicio-del-ciclo-lectivo-2025\/#breadcrumb","itemListElement":[{"@type":"ListItem","position":1,"name":"Portada","item":"https:\/\/infopba247.com.ar\/"},{"@type":"ListItem","position":2,"name":"Acto Oficial de Inicio del Ciclo Lectivo 2025\u00a0"}]},{"@type":"WebSite","@id":"https:\/\/infopba247.com.ar\/#website","url":"https:\/\/infopba247.com.ar\/","name":"InfoPBA247","description":"Toda la actualidad bonaerense","publisher":{"@id":"https:\/\/infopba247.com.ar\/#organization"},"potentialAction":[{"@type":"SearchAction","target":{"@type":"EntryPoint","urlTemplate":"https:\/\/infopba247.com.ar\/?s={search_term_string}"},"query-input":{"@type":"PropertyValueSpecification","valueRequired":true,"valueName":"search_term_string"}}],"inLanguage":"es"},{"@type":"Organization","@id":"https:\/\/infopba247.com.ar\/#organization","name":"InfoPBA247","url":"https:\/\/infopba247.com.ar\/","logo":{"@type":"ImageObject","inLanguage":"es","@id":"https:\/\/infopba247.com.ar\/#\/schema\/logo\/image\/","url":"https:\/\/infopba247.com.ar\/wp-content\/uploads\/2022\/03\/cropped-InfoPBA247-1.png","contentUrl":"https:\/\/infopba247.com.ar\/wp-content\/uploads\/2022\/03\/cropped-InfoPBA247-1.png","width":500,"height":122,"caption":"InfoPBA247"},"image":{"@id":"https:\/\/infopba247.com.ar\/#\/schema\/logo\/image\/"},"sameAs":["https:\/\/www.facebook.com\/InfoPBA"]},{"@type":"Person","@id":"https:\/\/infopba247.com.ar\/#\/schema\/person\/4975f1343a413e57bf839b3eed0099f2","name":"Editor","image":{"@type":"ImageObject","inLanguage":"es","@id":"https:\/\/secure.gravatar.com\/avatar\/d27fe9520667ca53441d36627a1d6b0fa4a813571ec4803687a7a3a7744685ac?s=96&d=mm&r=g","url":"https:\/\/secure.gravatar.com\/avatar\/d27fe9520667ca53441d36627a1d6b0fa4a813571ec4803687a7a3a7744685ac?s=96&d=mm&r=g","contentUrl":"https:\/\/secure.gravatar.com\/avatar\/d27fe9520667ca53441d36627a1d6b0fa4a813571ec4803687a7a3a7744685ac?s=96&d=mm&r=g","caption":"Editor"},"url":"https:\/\/infopba247.com.ar\/index.php\/author\/editor\/"}]}},"_links":{"self":[{"href":"https:\/\/infopba247.com.ar\/index.php\/wp-json\/wp\/v2\/posts\/6539","targetHints":{"allow":["GET"]}}],"collection":[{"href":"https:\/\/infopba247.com.ar\/index.php\/wp-json\/wp\/v2\/posts"}],"about":[{"href":"https:\/\/infopba247.com.ar\/index.php\/wp-json\/wp\/v2\/types\/post"}],"author":[{"embeddable":true,"href":"https:\/\/infopba247.com.ar\/index.php\/wp-json\/wp\/v2\/users\/3"}],"replies":[{"embeddable":true,"href":"https:\/\/infopba247.com.ar\/index.php\/wp-json\/wp\/v2\/comments?post=6539"}],"version-history":[{"count":1,"href":"https:\/\/infopba247.com.ar\/index.php\/wp-json\/wp\/v2\/posts\/6539\/revisions"}],"predecessor-version":[{"id":6540,"href":"https:\/\/infopba247.com.ar\/index.php\/wp-json\/wp\/v2\/posts\/6539\/revisions\/6540"}],"wp:featuredmedia":[{"embeddable":true,"href":"https:\/\/infopba247.com.ar\/index.php\/wp-json\/wp\/v2\/media\/6535"}],"wp:attachment":[{"href":"https:\/\/infopba247.com.ar\/index.php\/wp-json\/wp\/v2\/media?parent=6539"}],"wp:term":[{"taxonomy":"category","embeddable":true,"href":"https:\/\/infopba247.com.ar\/index.php\/wp-json\/wp\/v2\/categories?post=6539"},{"taxonomy":"post_tag","embeddable":true,"href":"https:\/\/infopba247.com.ar\/index.php\/wp-json\/wp\/v2\/tags?post=6539"}],"curies":[{"name":"wp","href":"https:\/\/api.w.org\/{rel}","templated":true}]}}