{"id":6474,"date":"2025-02-25T07:56:11","date_gmt":"2025-02-25T10:56:11","guid":{"rendered":"https:\/\/infopba247.com.ar\/?p=6474"},"modified":"2025-02-25T07:56:13","modified_gmt":"2025-02-25T10:56:13","slug":"la-provincia-asiste-a-municipios-afectados-por-el-temporal-de-lluvia-y-viento","status":"publish","type":"post","link":"https:\/\/infopba247.com.ar\/index.php\/2025\/02\/25\/la-provincia-asiste-a-municipios-afectados-por-el-temporal-de-lluvia-y-viento\/","title":{"rendered":"La Provincia asiste a municipios afectados por el temporal de lluvia y viento\u00a0"},"content":{"rendered":"\n<p>El Ministerio de Desarrollo de la Comunidad de la Provincia de Buenos Aires, informa que a ra\u00edz del temporal que afecta a distintos municipios, se encuentra realizando tareas de asistencia y relevamiento de los distritos damnificados.&nbsp;<\/p>\n\n\n\n<p>En respuesta al escenario de emergencia presentado, la cartera a cargo del ministro Andr\u00e9s Larroque, est\u00e1 en contacto con 25 distritos bonaerenses que reportaron da\u00f1os a ra\u00edz de las fuertes lluvias y r\u00e1fagas de viento, mientras se contin\u00faa trabajando coordinadamente con las autoridades locales en el relevamiento de las zonas afectadas, brindando asistencia y acompa\u00f1amiento.&nbsp;<\/p>\n\n\n\n<p>En esa l\u00ednea, el ministro indic\u00f3 que el gobernador Axel Kicillof sigue de cerca la evoluci\u00f3n de la situaci\u00f3n clim\u00e1tica y dispuso la afectaci\u00f3n de los recursos correspondientes.&nbsp;<\/p>\n\n\n\n<p>Este lunes 24 se realiz\u00f3 el primer env\u00edo de asistencia solicitada por municipio de Olavarr\u00eda entre los que se cuentan chapas, tirantes, colchones, frazadas, elementos de limpieza y bidones de agua, entre otros insumos.&nbsp;<\/p>\n\n\n\n<p>Adem\u00e1s, se informa que en el transcurso de los pr\u00f3ximos d\u00edas proceder\u00e1n con el retiro de materiales los municipios de Tres Arroyos y Coronel Su\u00e1rez, mientras el resto de los distritos contin\u00faa relevando la cantidad de barrios y familias afectadas.&nbsp;<\/p>\n\n\n\n<p>Desde el Ministerio de Desarrollo de la Comunidad, los equipos de asistencia directa se encuentran en contacto con autoridades municipales de toda la Provincia para seguir la evoluci\u00f3n de las tormentas y coordinar el env\u00edo de insumos requeridos. El Servicio Meteorol\u00f3gico nacional emiti\u00f3 un alerta por tormentas, extendido hasta la noche de este lunes 24 de febrero.&nbsp;<\/p>\n","protected":false},"excerpt":{"rendered":"<p>El Ministerio de Desarrollo de la Comunidad de la Provincia de Buenos Aires, informa que a ra\u00edz del temporal que<\/p>\n","protected":false},"author":3,"featured_media":6477,"comment_status":"open","ping_status":"open","sticky":false,"template":"","format":"standard","meta":{"colormag_page_container_layout":"default_layout","colormag_page_sidebar_layout":"default_layout","footnotes":""},"categories":[1,14],"tags":[],"class_list":["post-6474","post","type-post","status-publish","format-standard","has-post-thumbnail","hentry","category-destacadas","category-politica"],"yoast_head":"<!-- This site is optimized with the Yoast SEO plugin v27.4 - https:\/\/yoast.com\/product\/yoast-seo-wordpress\/ -->\n<title>La Provincia asiste a municipios afectados por el temporal de lluvia y viento\u00a0 - InfoPBA247<\/title>\n<meta name=\"robots\" content=\"index, follow, max-snippet:-1, max-image-preview:large, max-video-preview:-1\" \/>\n<link rel=\"canonical\" href=\"https:\/\/infopba247.com.ar\/index.php\/2025\/02\/25\/la-provincia-asiste-a-municipios-afectados-por-el-temporal-de-lluvia-y-viento\/\" \/>\n<meta property=\"og:locale\" content=\"es_ES\" \/>\n<meta property=\"og:type\" content=\"article\" \/>\n<meta property=\"og:title\" content=\"La Provincia asiste a municipios afectados por el temporal de lluvia y viento\u00a0 - InfoPBA247\" \/>\n<meta property=\"og:description\" content=\"El Ministerio de Desarrollo de la Comunidad de la Provincia de Buenos Aires, informa que a ra\u00edz del temporal que\" \/>\n<meta property=\"og:url\" content=\"https:\/\/infopba247.com.ar\/index.php\/2025\/02\/25\/la-provincia-asiste-a-municipios-afectados-por-el-temporal-de-lluvia-y-viento\/\" \/>\n<meta property=\"og:site_name\" content=\"InfoPBA247\" \/>\n<meta property=\"article:publisher\" content=\"https:\/\/www.facebook.com\/InfoPBA\" \/>\n<meta property=\"article:published_time\" content=\"2025-02-25T10:56:11+00:00\" \/>\n<meta property=\"article:modified_time\" content=\"2025-02-25T10:56:13+00:00\" \/>\n<meta property=\"og:image\" content=\"https:\/\/infopba247.com.ar\/wp-content\/uploads\/2025\/02\/unnamed-60.jpg\" \/>\n\t<meta property=\"og:image:width\" content=\"960\" \/>\n\t<meta property=\"og:image:height\" content=\"641\" \/>\n\t<meta property=\"og:image:type\" content=\"image\/jpeg\" \/>\n<meta name=\"author\" content=\"Editor\" \/>\n<meta name=\"twitter:card\" content=\"summary_large_image\" \/>\n<meta name=\"twitter:label1\" content=\"Escrito por\" \/>\n\t<meta name=\"twitter:data1\" content=\"Editor\" \/>\n\t<meta name=\"twitter:label2\" content=\"Tiempo de lectura\" \/>\n\t<meta name=\"twitter:data2\" content=\"2 minutos\" \/>\n<script type=\"application\/ld+json\" class=\"yoast-schema-graph\">{\"@context\":\"https:\\\/\\\/schema.org\",\"@graph\":[{\"@type\":\"Article\",\"@id\":\"https:\\\/\\\/infopba247.com.ar\\\/index.php\\\/2025\\\/02\\\/25\\\/la-provincia-asiste-a-municipios-afectados-por-el-temporal-de-lluvia-y-viento\\\/#article\",\"isPartOf\":{\"@id\":\"https:\\\/\\\/infopba247.com.ar\\\/index.php\\\/2025\\\/02\\\/25\\\/la-provincia-asiste-a-municipios-afectados-por-el-temporal-de-lluvia-y-viento\\\/\"},\"author\":{\"name\":\"Editor\",\"@id\":\"https:\\\/\\\/infopba247.com.ar\\\/#\\\/schema\\\/person\\\/4975f1343a413e57bf839b3eed0099f2\"},\"headline\":\"La Provincia asiste a municipios afectados por el temporal de lluvia y viento\u00a0\",\"datePublished\":\"2025-02-25T10:56:11+00:00\",\"dateModified\":\"2025-02-25T10:56:13+00:00\",\"mainEntityOfPage\":{\"@id\":\"https:\\\/\\\/infopba247.com.ar\\\/index.php\\\/2025\\\/02\\\/25\\\/la-provincia-asiste-a-municipios-afectados-por-el-temporal-de-lluvia-y-viento\\\/\"},\"wordCount\":289,\"commentCount\":0,\"publisher\":{\"@id\":\"https:\\\/\\\/infopba247.com.ar\\\/#organization\"},\"image\":{\"@id\":\"https:\\\/\\\/infopba247.com.ar\\\/index.php\\\/2025\\\/02\\\/25\\\/la-provincia-asiste-a-municipios-afectados-por-el-temporal-de-lluvia-y-viento\\\/#primaryimage\"},\"thumbnailUrl\":\"https:\\\/\\\/infopba247.com.ar\\\/wp-content\\\/uploads\\\/2025\\\/02\\\/unnamed-60.jpg\",\"articleSection\":[\"Destacadas\",\"Pol\u00edtica\"],\"inLanguage\":\"es\",\"potentialAction\":[{\"@type\":\"CommentAction\",\"name\":\"Comment\",\"target\":[\"https:\\\/\\\/infopba247.com.ar\\\/index.php\\\/2025\\\/02\\\/25\\\/la-provincia-asiste-a-municipios-afectados-por-el-temporal-de-lluvia-y-viento\\\/#respond\"]}]},{\"@type\":\"WebPage\",\"@id\":\"https:\\\/\\\/infopba247.com.ar\\\/index.php\\\/2025\\\/02\\\/25\\\/la-provincia-asiste-a-municipios-afectados-por-el-temporal-de-lluvia-y-viento\\\/\",\"url\":\"https:\\\/\\\/infopba247.com.ar\\\/index.php\\\/2025\\\/02\\\/25\\\/la-provincia-asiste-a-municipios-afectados-por-el-temporal-de-lluvia-y-viento\\\/\",\"name\":\"La Provincia asiste a municipios afectados por el temporal de lluvia y viento\u00a0 - InfoPBA247\",\"isPartOf\":{\"@id\":\"https:\\\/\\\/infopba247.com.ar\\\/#website\"},\"primaryImageOfPage\":{\"@id\":\"https:\\\/\\\/infopba247.com.ar\\\/index.php\\\/2025\\\/02\\\/25\\\/la-provincia-asiste-a-municipios-afectados-por-el-temporal-de-lluvia-y-viento\\\/#primaryimage\"},\"image\":{\"@id\":\"https:\\\/\\\/infopba247.com.ar\\\/index.php\\\/2025\\\/02\\\/25\\\/la-provincia-asiste-a-municipios-afectados-por-el-temporal-de-lluvia-y-viento\\\/#primaryimage\"},\"thumbnailUrl\":\"https:\\\/\\\/infopba247.com.ar\\\/wp-content\\\/uploads\\\/2025\\\/02\\\/unnamed-60.jpg\",\"datePublished\":\"2025-02-25T10:56:11+00:00\",\"dateModified\":\"2025-02-25T10:56:13+00:00\",\"breadcrumb\":{\"@id\":\"https:\\\/\\\/infopba247.com.ar\\\/index.php\\\/2025\\\/02\\\/25\\\/la-provincia-asiste-a-municipios-afectados-por-el-temporal-de-lluvia-y-viento\\\/#breadcrumb\"},\"inLanguage\":\"es\",\"potentialAction\":[{\"@type\":\"ReadAction\",\"target\":[\"https:\\\/\\\/infopba247.com.ar\\\/index.php\\\/2025\\\/02\\\/25\\\/la-provincia-asiste-a-municipios-afectados-por-el-temporal-de-lluvia-y-viento\\\/\"]}]},{\"@type\":\"ImageObject\",\"inLanguage\":\"es\",\"@id\":\"https:\\\/\\\/infopba247.com.ar\\\/index.php\\\/2025\\\/02\\\/25\\\/la-provincia-asiste-a-municipios-afectados-por-el-temporal-de-lluvia-y-viento\\\/#primaryimage\",\"url\":\"https:\\\/\\\/infopba247.com.ar\\\/wp-content\\\/uploads\\\/2025\\\/02\\\/unnamed-60.jpg\",\"contentUrl\":\"https:\\\/\\\/infopba247.com.ar\\\/wp-content\\\/uploads\\\/2025\\\/02\\\/unnamed-60.jpg\",\"width\":960,\"height\":641},{\"@type\":\"BreadcrumbList\",\"@id\":\"https:\\\/\\\/infopba247.com.ar\\\/index.php\\\/2025\\\/02\\\/25\\\/la-provincia-asiste-a-municipios-afectados-por-el-temporal-de-lluvia-y-viento\\\/#breadcrumb\",\"itemListElement\":[{\"@type\":\"ListItem\",\"position\":1,\"name\":\"Portada\",\"item\":\"https:\\\/\\\/infopba247.com.ar\\\/\"},{\"@type\":\"ListItem\",\"position\":2,\"name\":\"La Provincia asiste a municipios afectados por el temporal de lluvia y viento\u00a0\"}]},{\"@type\":\"WebSite\",\"@id\":\"https:\\\/\\\/infopba247.com.ar\\\/#website\",\"url\":\"https:\\\/\\\/infopba247.com.ar\\\/\",\"name\":\"InfoPBA247\",\"description\":\"Toda la actualidad bonaerense\",\"publisher\":{\"@id\":\"https:\\\/\\\/infopba247.com.ar\\\/#organization\"},\"potentialAction\":[{\"@type\":\"SearchAction\",\"target\":{\"@type\":\"EntryPoint\",\"urlTemplate\":\"https:\\\/\\\/infopba247.com.ar\\\/?s={search_term_string}\"},\"query-input\":{\"@type\":\"PropertyValueSpecification\",\"valueRequired\":true,\"valueName\":\"search_term_string\"}}],\"inLanguage\":\"es\"},{\"@type\":\"Organization\",\"@id\":\"https:\\\/\\\/infopba247.com.ar\\\/#organization\",\"name\":\"InfoPBA247\",\"url\":\"https:\\\/\\\/infopba247.com.ar\\\/\",\"logo\":{\"@type\":\"ImageObject\",\"inLanguage\":\"es\",\"@id\":\"https:\\\/\\\/infopba247.com.ar\\\/#\\\/schema\\\/logo\\\/image\\\/\",\"url\":\"https:\\\/\\\/infopba247.com.ar\\\/wp-content\\\/uploads\\\/2022\\\/03\\\/cropped-InfoPBA247-1.png\",\"contentUrl\":\"https:\\\/\\\/infopba247.com.ar\\\/wp-content\\\/uploads\\\/2022\\\/03\\\/cropped-InfoPBA247-1.png\",\"width\":500,\"height\":122,\"caption\":\"InfoPBA247\"},\"image\":{\"@id\":\"https:\\\/\\\/infopba247.com.ar\\\/#\\\/schema\\\/logo\\\/image\\\/\"},\"sameAs\":[\"https:\\\/\\\/www.facebook.com\\\/InfoPBA\"]},{\"@type\":\"Person\",\"@id\":\"https:\\\/\\\/infopba247.com.ar\\\/#\\\/schema\\\/person\\\/4975f1343a413e57bf839b3eed0099f2\",\"name\":\"Editor\",\"image\":{\"@type\":\"ImageObject\",\"inLanguage\":\"es\",\"@id\":\"https:\\\/\\\/secure.gravatar.com\\\/avatar\\\/d27fe9520667ca53441d36627a1d6b0fa4a813571ec4803687a7a3a7744685ac?s=96&d=mm&r=g\",\"url\":\"https:\\\/\\\/secure.gravatar.com\\\/avatar\\\/d27fe9520667ca53441d36627a1d6b0fa4a813571ec4803687a7a3a7744685ac?s=96&d=mm&r=g\",\"contentUrl\":\"https:\\\/\\\/secure.gravatar.com\\\/avatar\\\/d27fe9520667ca53441d36627a1d6b0fa4a813571ec4803687a7a3a7744685ac?s=96&d=mm&r=g\",\"caption\":\"Editor\"},\"url\":\"https:\\\/\\\/infopba247.com.ar\\\/index.php\\\/author\\\/editor\\\/\"}]}<\/script>\n<!-- \/ Yoast SEO plugin. -->","yoast_head_json":{"title":"La Provincia asiste a municipios afectados por el temporal de lluvia y viento\u00a0 - InfoPBA247","robots":{"index":"index","follow":"follow","max-snippet":"max-snippet:-1","max-image-preview":"max-image-preview:large","max-video-preview":"max-video-preview:-1"},"canonical":"https:\/\/infopba247.com.ar\/index.php\/2025\/02\/25\/la-provincia-asiste-a-municipios-afectados-por-el-temporal-de-lluvia-y-viento\/","og_locale":"es_ES","og_type":"article","og_title":"La Provincia asiste a municipios afectados por el temporal de lluvia y viento\u00a0 - InfoPBA247","og_description":"El Ministerio de Desarrollo de la Comunidad de la Provincia de Buenos Aires, informa que a ra\u00edz del temporal que","og_url":"https:\/\/infopba247.com.ar\/index.php\/2025\/02\/25\/la-provincia-asiste-a-municipios-afectados-por-el-temporal-de-lluvia-y-viento\/","og_site_name":"InfoPBA247","article_publisher":"https:\/\/www.facebook.com\/InfoPBA","article_published_time":"2025-02-25T10:56:11+00:00","article_modified_time":"2025-02-25T10:56:13+00:00","og_image":[{"width":960,"height":641,"url":"https:\/\/infopba247.com.ar\/wp-content\/uploads\/2025\/02\/unnamed-60.jpg","type":"image\/jpeg"}],"author":"Editor","twitter_card":"summary_large_image","twitter_misc":{"Escrito por":"Editor","Tiempo de lectura":"2 minutos"},"schema":{"@context":"https:\/\/schema.org","@graph":[{"@type":"Article","@id":"https:\/\/infopba247.com.ar\/index.php\/2025\/02\/25\/la-provincia-asiste-a-municipios-afectados-por-el-temporal-de-lluvia-y-viento\/#article","isPartOf":{"@id":"https:\/\/infopba247.com.ar\/index.php\/2025\/02\/25\/la-provincia-asiste-a-municipios-afectados-por-el-temporal-de-lluvia-y-viento\/"},"author":{"name":"Editor","@id":"https:\/\/infopba247.com.ar\/#\/schema\/person\/4975f1343a413e57bf839b3eed0099f2"},"headline":"La Provincia asiste a municipios afectados por el temporal de lluvia y viento\u00a0","datePublished":"2025-02-25T10:56:11+00:00","dateModified":"2025-02-25T10:56:13+00:00","mainEntityOfPage":{"@id":"https:\/\/infopba247.com.ar\/index.php\/2025\/02\/25\/la-provincia-asiste-a-municipios-afectados-por-el-temporal-de-lluvia-y-viento\/"},"wordCount":289,"commentCount":0,"publisher":{"@id":"https:\/\/infopba247.com.ar\/#organization"},"image":{"@id":"https:\/\/infopba247.com.ar\/index.php\/2025\/02\/25\/la-provincia-asiste-a-municipios-afectados-por-el-temporal-de-lluvia-y-viento\/#primaryimage"},"thumbnailUrl":"https:\/\/infopba247.com.ar\/wp-content\/uploads\/2025\/02\/unnamed-60.jpg","articleSection":["Destacadas","Pol\u00edtica"],"inLanguage":"es","potentialAction":[{"@type":"CommentAction","name":"Comment","target":["https:\/\/infopba247.com.ar\/index.php\/2025\/02\/25\/la-provincia-asiste-a-municipios-afectados-por-el-temporal-de-lluvia-y-viento\/#respond"]}]},{"@type":"WebPage","@id":"https:\/\/infopba247.com.ar\/index.php\/2025\/02\/25\/la-provincia-asiste-a-municipios-afectados-por-el-temporal-de-lluvia-y-viento\/","url":"https:\/\/infopba247.com.ar\/index.php\/2025\/02\/25\/la-provincia-asiste-a-municipios-afectados-por-el-temporal-de-lluvia-y-viento\/","name":"La Provincia asiste a municipios afectados por el temporal de lluvia y viento\u00a0 - InfoPBA247","isPartOf":{"@id":"https:\/\/infopba247.com.ar\/#website"},"primaryImageOfPage":{"@id":"https:\/\/infopba247.com.ar\/index.php\/2025\/02\/25\/la-provincia-asiste-a-municipios-afectados-por-el-temporal-de-lluvia-y-viento\/#primaryimage"},"image":{"@id":"https:\/\/infopba247.com.ar\/index.php\/2025\/02\/25\/la-provincia-asiste-a-municipios-afectados-por-el-temporal-de-lluvia-y-viento\/#primaryimage"},"thumbnailUrl":"https:\/\/infopba247.com.ar\/wp-content\/uploads\/2025\/02\/unnamed-60.jpg","datePublished":"2025-02-25T10:56:11+00:00","dateModified":"2025-02-25T10:56:13+00:00","breadcrumb":{"@id":"https:\/\/infopba247.com.ar\/index.php\/2025\/02\/25\/la-provincia-asiste-a-municipios-afectados-por-el-temporal-de-lluvia-y-viento\/#breadcrumb"},"inLanguage":"es","potentialAction":[{"@type":"ReadAction","target":["https:\/\/infopba247.com.ar\/index.php\/2025\/02\/25\/la-provincia-asiste-a-municipios-afectados-por-el-temporal-de-lluvia-y-viento\/"]}]},{"@type":"ImageObject","inLanguage":"es","@id":"https:\/\/infopba247.com.ar\/index.php\/2025\/02\/25\/la-provincia-asiste-a-municipios-afectados-por-el-temporal-de-lluvia-y-viento\/#primaryimage","url":"https:\/\/infopba247.com.ar\/wp-content\/uploads\/2025\/02\/unnamed-60.jpg","contentUrl":"https:\/\/infopba247.com.ar\/wp-content\/uploads\/2025\/02\/unnamed-60.jpg","width":960,"height":641},{"@type":"BreadcrumbList","@id":"https:\/\/infopba247.com.ar\/index.php\/2025\/02\/25\/la-provincia-asiste-a-municipios-afectados-por-el-temporal-de-lluvia-y-viento\/#breadcrumb","itemListElement":[{"@type":"ListItem","position":1,"name":"Portada","item":"https:\/\/infopba247.com.ar\/"},{"@type":"ListItem","position":2,"name":"La Provincia asiste a municipios afectados por el temporal de lluvia y viento\u00a0"}]},{"@type":"WebSite","@id":"https:\/\/infopba247.com.ar\/#website","url":"https:\/\/infopba247.com.ar\/","name":"InfoPBA247","description":"Toda la actualidad bonaerense","publisher":{"@id":"https:\/\/infopba247.com.ar\/#organization"},"potentialAction":[{"@type":"SearchAction","target":{"@type":"EntryPoint","urlTemplate":"https:\/\/infopba247.com.ar\/?s={search_term_string}"},"query-input":{"@type":"PropertyValueSpecification","valueRequired":true,"valueName":"search_term_string"}}],"inLanguage":"es"},{"@type":"Organization","@id":"https:\/\/infopba247.com.ar\/#organization","name":"InfoPBA247","url":"https:\/\/infopba247.com.ar\/","logo":{"@type":"ImageObject","inLanguage":"es","@id":"https:\/\/infopba247.com.ar\/#\/schema\/logo\/image\/","url":"https:\/\/infopba247.com.ar\/wp-content\/uploads\/2022\/03\/cropped-InfoPBA247-1.png","contentUrl":"https:\/\/infopba247.com.ar\/wp-content\/uploads\/2022\/03\/cropped-InfoPBA247-1.png","width":500,"height":122,"caption":"InfoPBA247"},"image":{"@id":"https:\/\/infopba247.com.ar\/#\/schema\/logo\/image\/"},"sameAs":["https:\/\/www.facebook.com\/InfoPBA"]},{"@type":"Person","@id":"https:\/\/infopba247.com.ar\/#\/schema\/person\/4975f1343a413e57bf839b3eed0099f2","name":"Editor","image":{"@type":"ImageObject","inLanguage":"es","@id":"https:\/\/secure.gravatar.com\/avatar\/d27fe9520667ca53441d36627a1d6b0fa4a813571ec4803687a7a3a7744685ac?s=96&d=mm&r=g","url":"https:\/\/secure.gravatar.com\/avatar\/d27fe9520667ca53441d36627a1d6b0fa4a813571ec4803687a7a3a7744685ac?s=96&d=mm&r=g","contentUrl":"https:\/\/secure.gravatar.com\/avatar\/d27fe9520667ca53441d36627a1d6b0fa4a813571ec4803687a7a3a7744685ac?s=96&d=mm&r=g","caption":"Editor"},"url":"https:\/\/infopba247.com.ar\/index.php\/author\/editor\/"}]}},"_links":{"self":[{"href":"https:\/\/infopba247.com.ar\/index.php\/wp-json\/wp\/v2\/posts\/6474","targetHints":{"allow":["GET"]}}],"collection":[{"href":"https:\/\/infopba247.com.ar\/index.php\/wp-json\/wp\/v2\/posts"}],"about":[{"href":"https:\/\/infopba247.com.ar\/index.php\/wp-json\/wp\/v2\/types\/post"}],"author":[{"embeddable":true,"href":"https:\/\/infopba247.com.ar\/index.php\/wp-json\/wp\/v2\/users\/3"}],"replies":[{"embeddable":true,"href":"https:\/\/infopba247.com.ar\/index.php\/wp-json\/wp\/v2\/comments?post=6474"}],"version-history":[{"count":1,"href":"https:\/\/infopba247.com.ar\/index.php\/wp-json\/wp\/v2\/posts\/6474\/revisions"}],"predecessor-version":[{"id":6479,"href":"https:\/\/infopba247.com.ar\/index.php\/wp-json\/wp\/v2\/posts\/6474\/revisions\/6479"}],"wp:featuredmedia":[{"embeddable":true,"href":"https:\/\/infopba247.com.ar\/index.php\/wp-json\/wp\/v2\/media\/6477"}],"wp:attachment":[{"href":"https:\/\/infopba247.com.ar\/index.php\/wp-json\/wp\/v2\/media?parent=6474"}],"wp:term":[{"taxonomy":"category","embeddable":true,"href":"https:\/\/infopba247.com.ar\/index.php\/wp-json\/wp\/v2\/categories?post=6474"},{"taxonomy":"post_tag","embeddable":true,"href":"https:\/\/infopba247.com.ar\/index.php\/wp-json\/wp\/v2\/tags?post=6474"}],"curies":[{"name":"wp","href":"https:\/\/api.w.org\/{rel}","templated":true}]}}