{"id":6468,"date":"2025-02-24T09:41:14","date_gmt":"2025-02-24T12:41:14","guid":{"rendered":"https:\/\/infopba247.com.ar\/?p=6468"},"modified":"2025-02-24T09:41:16","modified_gmt":"2025-02-24T12:41:16","slug":"ramallo-recibe-equipamiento-escolar-para-fortalecer-el-sae","status":"publish","type":"post","link":"https:\/\/infopba247.com.ar\/index.php\/2025\/02\/24\/ramallo-recibe-equipamiento-escolar-para-fortalecer-el-sae\/","title":{"rendered":"Ramallo recibe equipamiento escolar para fortalecer el SAE\u00a0"},"content":{"rendered":"\n<p>En el marco de las pol\u00edticas alimentarias que impulsa el gobierno bonaerense, el Ministerio de Desarrollo de la Comunidad, a cargo de Andr\u00e9s Larroque, sigue invirtiendo este a\u00f1o en infraestructura escolar para fortalecer el funcionamiento de los programas alimentarios en toda la provincia. Como parte de esta iniciativa, la Subsecretar\u00eda de Pol\u00edticas Sociales realiz\u00f3\u00a0 en Ramallo la primera entrega de equipamiento de cocina de este 2025 a escuelas del distrito.\u00a0<\/p>\n\n\n\n<p>El acto fue encabezado por el director provincial de Seguridad y Soberan\u00eda Alimentaria, Bruno Bozzano, junto al director del Servicio Alimentario Escolar, Juan Sorrentino, y al intendente local&nbsp; Mauro Poletti. Con una inversi\u00f3n provincial que supera los 7 millones de pesos, se distribuyeron cocinas, heladeras, vajillas, utensilios y un anafe para equipar los comedores escolares. &nbsp;<\/p>\n\n\n\n<p>Esta entrega, adem\u00e1s, se suma a la inversi\u00f3n ya realizada en el distrito durante 2024, que super\u00f3 los 16 millones de pesos, y forma parte de un esfuerzo continuo del Estado bonaerense para fortalecer los programas alimentarios que impulsa el Ministerio: el Servicio Alimentario Escolar (SAE) que brinda las prestaciones de desayuno, almuerzo y merienda, y el M\u00f3dulo Extraordinario para la Seguridad Alimentaria (MESA). &nbsp;<\/p>\n\n\n\n<p>En el marco de esta pol\u00edtica prioritaria que ha fijado el gobernador Axel Kicillof, en Ramallo, son 7.625 los estudiantes destinatarios del SAE y 5.613 los del MESA, mientras que en todo el territorio bonaerense alcanzan a m\u00e1s de 2.500.000 de ni\u00f1os, ni\u00f1as y adolescentes.&nbsp;<\/p>\n\n\n\n<p>Durante 2024, el Ministerio de Desarrollo de la Comunidad destin\u00f3 en total m\u00e1s de 2.600 millones de pesos a la compra de equipamiento para comedores escolares, beneficiando a m\u00e1s de 3.500 escuelas p\u00fablicas en toda la Provincia. &nbsp;<\/p>\n\n\n\n<p>La iniciativa alcanz\u00f3 a 130 distritos, que recibieron fondos para la adquisici\u00f3n de distintos electrodom\u00e9sticos como heladeras, freezers, cocinas industriales, hornos, termotanques, procesadoras, batidoras y balanzas, entre otros elementos, con el objetivo de mejorar las condiciones de los comedores y garantizar una alimentaci\u00f3n adecuada a los alumnos bonaerenses.&nbsp;<\/p>\n","protected":false},"excerpt":{"rendered":"<p>En el marco de las pol\u00edticas alimentarias que impulsa el gobierno bonaerense, el Ministerio de Desarrollo de la Comunidad, a<\/p>\n","protected":false},"author":3,"featured_media":6467,"comment_status":"open","ping_status":"open","sticky":false,"template":"","format":"standard","meta":{"colormag_page_container_layout":"default_layout","colormag_page_sidebar_layout":"default_layout","footnotes":""},"categories":[6,1,14],"tags":[],"class_list":["post-6468","post","type-post","status-publish","format-standard","has-post-thumbnail","hentry","category-2da-seccion","category-destacadas","category-politica"],"yoast_head":"<!-- This site is optimized with the Yoast SEO plugin v27.4 - https:\/\/yoast.com\/product\/yoast-seo-wordpress\/ -->\n<title>Ramallo recibe equipamiento escolar para fortalecer el SAE\u00a0 - InfoPBA247<\/title>\n<meta name=\"robots\" content=\"index, follow, max-snippet:-1, max-image-preview:large, max-video-preview:-1\" \/>\n<link rel=\"canonical\" href=\"https:\/\/infopba247.com.ar\/index.php\/2025\/02\/24\/ramallo-recibe-equipamiento-escolar-para-fortalecer-el-sae\/\" \/>\n<meta property=\"og:locale\" content=\"es_ES\" \/>\n<meta property=\"og:type\" content=\"article\" \/>\n<meta property=\"og:title\" content=\"Ramallo recibe equipamiento escolar para fortalecer el SAE\u00a0 - InfoPBA247\" \/>\n<meta property=\"og:description\" content=\"En el marco de las pol\u00edticas alimentarias que impulsa el gobierno bonaerense, el Ministerio de Desarrollo de la Comunidad, a\" \/>\n<meta property=\"og:url\" content=\"https:\/\/infopba247.com.ar\/index.php\/2025\/02\/24\/ramallo-recibe-equipamiento-escolar-para-fortalecer-el-sae\/\" \/>\n<meta property=\"og:site_name\" content=\"InfoPBA247\" \/>\n<meta property=\"article:publisher\" content=\"https:\/\/www.facebook.com\/InfoPBA\" \/>\n<meta property=\"article:published_time\" content=\"2025-02-24T12:41:14+00:00\" \/>\n<meta property=\"article:modified_time\" content=\"2025-02-24T12:41:16+00:00\" \/>\n<meta property=\"og:image\" content=\"https:\/\/infopba247.com.ar\/wp-content\/uploads\/2025\/02\/unnamed-55.jpg\" \/>\n\t<meta property=\"og:image:width\" content=\"1455\" \/>\n\t<meta property=\"og:image:height\" content=\"827\" \/>\n\t<meta property=\"og:image:type\" content=\"image\/jpeg\" \/>\n<meta name=\"author\" content=\"Editor\" \/>\n<meta name=\"twitter:card\" content=\"summary_large_image\" \/>\n<meta name=\"twitter:label1\" content=\"Escrito por\" \/>\n\t<meta name=\"twitter:data1\" content=\"Editor\" \/>\n\t<meta name=\"twitter:label2\" content=\"Tiempo de lectura\" \/>\n\t<meta name=\"twitter:data2\" content=\"2 minutos\" \/>\n<script type=\"application\/ld+json\" class=\"yoast-schema-graph\">{\"@context\":\"https:\\\/\\\/schema.org\",\"@graph\":[{\"@type\":\"Article\",\"@id\":\"https:\\\/\\\/infopba247.com.ar\\\/index.php\\\/2025\\\/02\\\/24\\\/ramallo-recibe-equipamiento-escolar-para-fortalecer-el-sae\\\/#article\",\"isPartOf\":{\"@id\":\"https:\\\/\\\/infopba247.com.ar\\\/index.php\\\/2025\\\/02\\\/24\\\/ramallo-recibe-equipamiento-escolar-para-fortalecer-el-sae\\\/\"},\"author\":{\"name\":\"Editor\",\"@id\":\"https:\\\/\\\/infopba247.com.ar\\\/#\\\/schema\\\/person\\\/4975f1343a413e57bf839b3eed0099f2\"},\"headline\":\"Ramallo recibe equipamiento escolar para fortalecer el SAE\u00a0\",\"datePublished\":\"2025-02-24T12:41:14+00:00\",\"dateModified\":\"2025-02-24T12:41:16+00:00\",\"mainEntityOfPage\":{\"@id\":\"https:\\\/\\\/infopba247.com.ar\\\/index.php\\\/2025\\\/02\\\/24\\\/ramallo-recibe-equipamiento-escolar-para-fortalecer-el-sae\\\/\"},\"wordCount\":342,\"commentCount\":0,\"publisher\":{\"@id\":\"https:\\\/\\\/infopba247.com.ar\\\/#organization\"},\"image\":{\"@id\":\"https:\\\/\\\/infopba247.com.ar\\\/index.php\\\/2025\\\/02\\\/24\\\/ramallo-recibe-equipamiento-escolar-para-fortalecer-el-sae\\\/#primaryimage\"},\"thumbnailUrl\":\"https:\\\/\\\/infopba247.com.ar\\\/wp-content\\\/uploads\\\/2025\\\/02\\\/unnamed-55.jpg\",\"articleSection\":[\"2da Secci\u00f3n\",\"Destacadas\",\"Pol\u00edtica\"],\"inLanguage\":\"es\",\"potentialAction\":[{\"@type\":\"CommentAction\",\"name\":\"Comment\",\"target\":[\"https:\\\/\\\/infopba247.com.ar\\\/index.php\\\/2025\\\/02\\\/24\\\/ramallo-recibe-equipamiento-escolar-para-fortalecer-el-sae\\\/#respond\"]}]},{\"@type\":\"WebPage\",\"@id\":\"https:\\\/\\\/infopba247.com.ar\\\/index.php\\\/2025\\\/02\\\/24\\\/ramallo-recibe-equipamiento-escolar-para-fortalecer-el-sae\\\/\",\"url\":\"https:\\\/\\\/infopba247.com.ar\\\/index.php\\\/2025\\\/02\\\/24\\\/ramallo-recibe-equipamiento-escolar-para-fortalecer-el-sae\\\/\",\"name\":\"Ramallo recibe equipamiento escolar para fortalecer el SAE\u00a0 - InfoPBA247\",\"isPartOf\":{\"@id\":\"https:\\\/\\\/infopba247.com.ar\\\/#website\"},\"primaryImageOfPage\":{\"@id\":\"https:\\\/\\\/infopba247.com.ar\\\/index.php\\\/2025\\\/02\\\/24\\\/ramallo-recibe-equipamiento-escolar-para-fortalecer-el-sae\\\/#primaryimage\"},\"image\":{\"@id\":\"https:\\\/\\\/infopba247.com.ar\\\/index.php\\\/2025\\\/02\\\/24\\\/ramallo-recibe-equipamiento-escolar-para-fortalecer-el-sae\\\/#primaryimage\"},\"thumbnailUrl\":\"https:\\\/\\\/infopba247.com.ar\\\/wp-content\\\/uploads\\\/2025\\\/02\\\/unnamed-55.jpg\",\"datePublished\":\"2025-02-24T12:41:14+00:00\",\"dateModified\":\"2025-02-24T12:41:16+00:00\",\"breadcrumb\":{\"@id\":\"https:\\\/\\\/infopba247.com.ar\\\/index.php\\\/2025\\\/02\\\/24\\\/ramallo-recibe-equipamiento-escolar-para-fortalecer-el-sae\\\/#breadcrumb\"},\"inLanguage\":\"es\",\"potentialAction\":[{\"@type\":\"ReadAction\",\"target\":[\"https:\\\/\\\/infopba247.com.ar\\\/index.php\\\/2025\\\/02\\\/24\\\/ramallo-recibe-equipamiento-escolar-para-fortalecer-el-sae\\\/\"]}]},{\"@type\":\"ImageObject\",\"inLanguage\":\"es\",\"@id\":\"https:\\\/\\\/infopba247.com.ar\\\/index.php\\\/2025\\\/02\\\/24\\\/ramallo-recibe-equipamiento-escolar-para-fortalecer-el-sae\\\/#primaryimage\",\"url\":\"https:\\\/\\\/infopba247.com.ar\\\/wp-content\\\/uploads\\\/2025\\\/02\\\/unnamed-55.jpg\",\"contentUrl\":\"https:\\\/\\\/infopba247.com.ar\\\/wp-content\\\/uploads\\\/2025\\\/02\\\/unnamed-55.jpg\",\"width\":1455,\"height\":827},{\"@type\":\"BreadcrumbList\",\"@id\":\"https:\\\/\\\/infopba247.com.ar\\\/index.php\\\/2025\\\/02\\\/24\\\/ramallo-recibe-equipamiento-escolar-para-fortalecer-el-sae\\\/#breadcrumb\",\"itemListElement\":[{\"@type\":\"ListItem\",\"position\":1,\"name\":\"Portada\",\"item\":\"https:\\\/\\\/infopba247.com.ar\\\/\"},{\"@type\":\"ListItem\",\"position\":2,\"name\":\"Ramallo recibe equipamiento escolar para fortalecer el SAE\u00a0\"}]},{\"@type\":\"WebSite\",\"@id\":\"https:\\\/\\\/infopba247.com.ar\\\/#website\",\"url\":\"https:\\\/\\\/infopba247.com.ar\\\/\",\"name\":\"InfoPBA247\",\"description\":\"Toda la actualidad bonaerense\",\"publisher\":{\"@id\":\"https:\\\/\\\/infopba247.com.ar\\\/#organization\"},\"potentialAction\":[{\"@type\":\"SearchAction\",\"target\":{\"@type\":\"EntryPoint\",\"urlTemplate\":\"https:\\\/\\\/infopba247.com.ar\\\/?s={search_term_string}\"},\"query-input\":{\"@type\":\"PropertyValueSpecification\",\"valueRequired\":true,\"valueName\":\"search_term_string\"}}],\"inLanguage\":\"es\"},{\"@type\":\"Organization\",\"@id\":\"https:\\\/\\\/infopba247.com.ar\\\/#organization\",\"name\":\"InfoPBA247\",\"url\":\"https:\\\/\\\/infopba247.com.ar\\\/\",\"logo\":{\"@type\":\"ImageObject\",\"inLanguage\":\"es\",\"@id\":\"https:\\\/\\\/infopba247.com.ar\\\/#\\\/schema\\\/logo\\\/image\\\/\",\"url\":\"https:\\\/\\\/infopba247.com.ar\\\/wp-content\\\/uploads\\\/2022\\\/03\\\/cropped-InfoPBA247-1.png\",\"contentUrl\":\"https:\\\/\\\/infopba247.com.ar\\\/wp-content\\\/uploads\\\/2022\\\/03\\\/cropped-InfoPBA247-1.png\",\"width\":500,\"height\":122,\"caption\":\"InfoPBA247\"},\"image\":{\"@id\":\"https:\\\/\\\/infopba247.com.ar\\\/#\\\/schema\\\/logo\\\/image\\\/\"},\"sameAs\":[\"https:\\\/\\\/www.facebook.com\\\/InfoPBA\"]},{\"@type\":\"Person\",\"@id\":\"https:\\\/\\\/infopba247.com.ar\\\/#\\\/schema\\\/person\\\/4975f1343a413e57bf839b3eed0099f2\",\"name\":\"Editor\",\"image\":{\"@type\":\"ImageObject\",\"inLanguage\":\"es\",\"@id\":\"https:\\\/\\\/secure.gravatar.com\\\/avatar\\\/d27fe9520667ca53441d36627a1d6b0fa4a813571ec4803687a7a3a7744685ac?s=96&d=mm&r=g\",\"url\":\"https:\\\/\\\/secure.gravatar.com\\\/avatar\\\/d27fe9520667ca53441d36627a1d6b0fa4a813571ec4803687a7a3a7744685ac?s=96&d=mm&r=g\",\"contentUrl\":\"https:\\\/\\\/secure.gravatar.com\\\/avatar\\\/d27fe9520667ca53441d36627a1d6b0fa4a813571ec4803687a7a3a7744685ac?s=96&d=mm&r=g\",\"caption\":\"Editor\"},\"url\":\"https:\\\/\\\/infopba247.com.ar\\\/index.php\\\/author\\\/editor\\\/\"}]}<\/script>\n<!-- \/ Yoast SEO plugin. -->","yoast_head_json":{"title":"Ramallo recibe equipamiento escolar para fortalecer el SAE\u00a0 - InfoPBA247","robots":{"index":"index","follow":"follow","max-snippet":"max-snippet:-1","max-image-preview":"max-image-preview:large","max-video-preview":"max-video-preview:-1"},"canonical":"https:\/\/infopba247.com.ar\/index.php\/2025\/02\/24\/ramallo-recibe-equipamiento-escolar-para-fortalecer-el-sae\/","og_locale":"es_ES","og_type":"article","og_title":"Ramallo recibe equipamiento escolar para fortalecer el SAE\u00a0 - InfoPBA247","og_description":"En el marco de las pol\u00edticas alimentarias que impulsa el gobierno bonaerense, el Ministerio de Desarrollo de la Comunidad, a","og_url":"https:\/\/infopba247.com.ar\/index.php\/2025\/02\/24\/ramallo-recibe-equipamiento-escolar-para-fortalecer-el-sae\/","og_site_name":"InfoPBA247","article_publisher":"https:\/\/www.facebook.com\/InfoPBA","article_published_time":"2025-02-24T12:41:14+00:00","article_modified_time":"2025-02-24T12:41:16+00:00","og_image":[{"width":1455,"height":827,"url":"https:\/\/infopba247.com.ar\/wp-content\/uploads\/2025\/02\/unnamed-55.jpg","type":"image\/jpeg"}],"author":"Editor","twitter_card":"summary_large_image","twitter_misc":{"Escrito por":"Editor","Tiempo de lectura":"2 minutos"},"schema":{"@context":"https:\/\/schema.org","@graph":[{"@type":"Article","@id":"https:\/\/infopba247.com.ar\/index.php\/2025\/02\/24\/ramallo-recibe-equipamiento-escolar-para-fortalecer-el-sae\/#article","isPartOf":{"@id":"https:\/\/infopba247.com.ar\/index.php\/2025\/02\/24\/ramallo-recibe-equipamiento-escolar-para-fortalecer-el-sae\/"},"author":{"name":"Editor","@id":"https:\/\/infopba247.com.ar\/#\/schema\/person\/4975f1343a413e57bf839b3eed0099f2"},"headline":"Ramallo recibe equipamiento escolar para fortalecer el SAE\u00a0","datePublished":"2025-02-24T12:41:14+00:00","dateModified":"2025-02-24T12:41:16+00:00","mainEntityOfPage":{"@id":"https:\/\/infopba247.com.ar\/index.php\/2025\/02\/24\/ramallo-recibe-equipamiento-escolar-para-fortalecer-el-sae\/"},"wordCount":342,"commentCount":0,"publisher":{"@id":"https:\/\/infopba247.com.ar\/#organization"},"image":{"@id":"https:\/\/infopba247.com.ar\/index.php\/2025\/02\/24\/ramallo-recibe-equipamiento-escolar-para-fortalecer-el-sae\/#primaryimage"},"thumbnailUrl":"https:\/\/infopba247.com.ar\/wp-content\/uploads\/2025\/02\/unnamed-55.jpg","articleSection":["2da Secci\u00f3n","Destacadas","Pol\u00edtica"],"inLanguage":"es","potentialAction":[{"@type":"CommentAction","name":"Comment","target":["https:\/\/infopba247.com.ar\/index.php\/2025\/02\/24\/ramallo-recibe-equipamiento-escolar-para-fortalecer-el-sae\/#respond"]}]},{"@type":"WebPage","@id":"https:\/\/infopba247.com.ar\/index.php\/2025\/02\/24\/ramallo-recibe-equipamiento-escolar-para-fortalecer-el-sae\/","url":"https:\/\/infopba247.com.ar\/index.php\/2025\/02\/24\/ramallo-recibe-equipamiento-escolar-para-fortalecer-el-sae\/","name":"Ramallo recibe equipamiento escolar para fortalecer el SAE\u00a0 - InfoPBA247","isPartOf":{"@id":"https:\/\/infopba247.com.ar\/#website"},"primaryImageOfPage":{"@id":"https:\/\/infopba247.com.ar\/index.php\/2025\/02\/24\/ramallo-recibe-equipamiento-escolar-para-fortalecer-el-sae\/#primaryimage"},"image":{"@id":"https:\/\/infopba247.com.ar\/index.php\/2025\/02\/24\/ramallo-recibe-equipamiento-escolar-para-fortalecer-el-sae\/#primaryimage"},"thumbnailUrl":"https:\/\/infopba247.com.ar\/wp-content\/uploads\/2025\/02\/unnamed-55.jpg","datePublished":"2025-02-24T12:41:14+00:00","dateModified":"2025-02-24T12:41:16+00:00","breadcrumb":{"@id":"https:\/\/infopba247.com.ar\/index.php\/2025\/02\/24\/ramallo-recibe-equipamiento-escolar-para-fortalecer-el-sae\/#breadcrumb"},"inLanguage":"es","potentialAction":[{"@type":"ReadAction","target":["https:\/\/infopba247.com.ar\/index.php\/2025\/02\/24\/ramallo-recibe-equipamiento-escolar-para-fortalecer-el-sae\/"]}]},{"@type":"ImageObject","inLanguage":"es","@id":"https:\/\/infopba247.com.ar\/index.php\/2025\/02\/24\/ramallo-recibe-equipamiento-escolar-para-fortalecer-el-sae\/#primaryimage","url":"https:\/\/infopba247.com.ar\/wp-content\/uploads\/2025\/02\/unnamed-55.jpg","contentUrl":"https:\/\/infopba247.com.ar\/wp-content\/uploads\/2025\/02\/unnamed-55.jpg","width":1455,"height":827},{"@type":"BreadcrumbList","@id":"https:\/\/infopba247.com.ar\/index.php\/2025\/02\/24\/ramallo-recibe-equipamiento-escolar-para-fortalecer-el-sae\/#breadcrumb","itemListElement":[{"@type":"ListItem","position":1,"name":"Portada","item":"https:\/\/infopba247.com.ar\/"},{"@type":"ListItem","position":2,"name":"Ramallo recibe equipamiento escolar para fortalecer el SAE\u00a0"}]},{"@type":"WebSite","@id":"https:\/\/infopba247.com.ar\/#website","url":"https:\/\/infopba247.com.ar\/","name":"InfoPBA247","description":"Toda la actualidad bonaerense","publisher":{"@id":"https:\/\/infopba247.com.ar\/#organization"},"potentialAction":[{"@type":"SearchAction","target":{"@type":"EntryPoint","urlTemplate":"https:\/\/infopba247.com.ar\/?s={search_term_string}"},"query-input":{"@type":"PropertyValueSpecification","valueRequired":true,"valueName":"search_term_string"}}],"inLanguage":"es"},{"@type":"Organization","@id":"https:\/\/infopba247.com.ar\/#organization","name":"InfoPBA247","url":"https:\/\/infopba247.com.ar\/","logo":{"@type":"ImageObject","inLanguage":"es","@id":"https:\/\/infopba247.com.ar\/#\/schema\/logo\/image\/","url":"https:\/\/infopba247.com.ar\/wp-content\/uploads\/2022\/03\/cropped-InfoPBA247-1.png","contentUrl":"https:\/\/infopba247.com.ar\/wp-content\/uploads\/2022\/03\/cropped-InfoPBA247-1.png","width":500,"height":122,"caption":"InfoPBA247"},"image":{"@id":"https:\/\/infopba247.com.ar\/#\/schema\/logo\/image\/"},"sameAs":["https:\/\/www.facebook.com\/InfoPBA"]},{"@type":"Person","@id":"https:\/\/infopba247.com.ar\/#\/schema\/person\/4975f1343a413e57bf839b3eed0099f2","name":"Editor","image":{"@type":"ImageObject","inLanguage":"es","@id":"https:\/\/secure.gravatar.com\/avatar\/d27fe9520667ca53441d36627a1d6b0fa4a813571ec4803687a7a3a7744685ac?s=96&d=mm&r=g","url":"https:\/\/secure.gravatar.com\/avatar\/d27fe9520667ca53441d36627a1d6b0fa4a813571ec4803687a7a3a7744685ac?s=96&d=mm&r=g","contentUrl":"https:\/\/secure.gravatar.com\/avatar\/d27fe9520667ca53441d36627a1d6b0fa4a813571ec4803687a7a3a7744685ac?s=96&d=mm&r=g","caption":"Editor"},"url":"https:\/\/infopba247.com.ar\/index.php\/author\/editor\/"}]}},"_links":{"self":[{"href":"https:\/\/infopba247.com.ar\/index.php\/wp-json\/wp\/v2\/posts\/6468","targetHints":{"allow":["GET"]}}],"collection":[{"href":"https:\/\/infopba247.com.ar\/index.php\/wp-json\/wp\/v2\/posts"}],"about":[{"href":"https:\/\/infopba247.com.ar\/index.php\/wp-json\/wp\/v2\/types\/post"}],"author":[{"embeddable":true,"href":"https:\/\/infopba247.com.ar\/index.php\/wp-json\/wp\/v2\/users\/3"}],"replies":[{"embeddable":true,"href":"https:\/\/infopba247.com.ar\/index.php\/wp-json\/wp\/v2\/comments?post=6468"}],"version-history":[{"count":1,"href":"https:\/\/infopba247.com.ar\/index.php\/wp-json\/wp\/v2\/posts\/6468\/revisions"}],"predecessor-version":[{"id":6469,"href":"https:\/\/infopba247.com.ar\/index.php\/wp-json\/wp\/v2\/posts\/6468\/revisions\/6469"}],"wp:featuredmedia":[{"embeddable":true,"href":"https:\/\/infopba247.com.ar\/index.php\/wp-json\/wp\/v2\/media\/6467"}],"wp:attachment":[{"href":"https:\/\/infopba247.com.ar\/index.php\/wp-json\/wp\/v2\/media?parent=6468"}],"wp:term":[{"taxonomy":"category","embeddable":true,"href":"https:\/\/infopba247.com.ar\/index.php\/wp-json\/wp\/v2\/categories?post=6468"},{"taxonomy":"post_tag","embeddable":true,"href":"https:\/\/infopba247.com.ar\/index.php\/wp-json\/wp\/v2\/tags?post=6468"}],"curies":[{"name":"wp","href":"https:\/\/api.w.org\/{rel}","templated":true}]}}