{"id":6372,"date":"2025-02-07T10:09:29","date_gmt":"2025-02-07T13:09:29","guid":{"rendered":"https:\/\/infopba247.com.ar\/?p=6372"},"modified":"2025-02-07T10:09:30","modified_gmt":"2025-02-07T13:09:30","slug":"museos-de-moreno-una-invitacion-para-apreciar-la-historia-y-el-arte-local","status":"publish","type":"post","link":"https:\/\/infopba247.com.ar\/index.php\/2025\/02\/07\/museos-de-moreno-una-invitacion-para-apreciar-la-historia-y-el-arte-local\/","title":{"rendered":"Museos de Moreno: Una invitaci\u00f3n para apreciar la historia y el arte local\u00a0"},"content":{"rendered":"\n<p>Con una variada oferta de visitas guiadas y recorridas por los museos m\u00e1s emblem\u00e1ticos durante el verano, Moreno se convierte en un epicentro cultural para vecinas, vecinos y turistas quienes podr\u00e1n sumergirse en la historia, el arte y la identidad local a trav\u00e9s de espacios dedicados a conservar el patrimonio de la regi\u00f3n.&nbsp;<\/p>\n\n\n\n<p>Uno de los imperdibles puntos es el \u201cMuseo y Archivo Hist\u00f3rico Amancio Alcorta\u201d, ubicado en Coleta Palacios 1992, Moreno Centro. Este lugar ofrece un recorrido por los or\u00edgenes de la ciudad, su desarrollo y los momentos clave de su historia. Abre sus puertas de lunes a viernes, de 9 a 15 horas.&nbsp;<\/p>\n\n\n\n<p>Para quienes deseen conocer m\u00e1s sobre la gesta de Malvinas se podr\u00e1 visitar el \u201cMuseo Islas Malvinas e Islas del Atl\u00e1ntico Sur\u201d, en Justo Daract y Arribe\u00f1os, Paso del Rey. Un espacio dedicado a rendir homenaje a los h\u00e9roes y veteranos de la patria. Funciona de lunes a viernes de 9 a 15 horas, y los fines de semana de 13 a 20 horas. Adem\u00e1s, cada s\u00e1bado ofrece la actividad Atardecer en el Malvinas, una propuesta especial que incluye recorridos guiados y espect\u00e1culos en vivo.&nbsp;<\/p>\n\n\n\n<p>El arte tambi\u00e9n tiene su lugar en el \u201cMuseo Molina Campos\u201d, ubicado en Molina Campos 364, Moreno Centro. All\u00ed se encuentran m\u00e1s de 100 obras del ic\u00f3nico pintor argentino, conocido por sus representaciones de la vida criolla. Se podr\u00e1 visitar los viernes, s\u00e1bados y domingos, de 15 a 20 horas.&nbsp;<\/p>\n\n\n\n<p>Por otro lado, las y los amantes de la m\u00fasica pueden disfrutar del \u201cMuseo del Bandone\u00f3n Mariani\u201d, que se encuentra en Mariani 140, La Reja, declarada Ciudad del Bandone\u00f3n. Un espacio dedicado a difundir la obra y la herencia de la familia Mariani. Las visitas requieren de reserva previa comunic\u00e1ndose a trav\u00e9s del tel\u00e9fono 1138265210 o por correo electr\u00f3nico a:&nbsp;&nbsp;<a href=\"mailto:museomariani1@gmail.com\" target=\"_blank\" rel=\"noreferrer noopener\">museomariani1@gmail.com<\/a>.&nbsp;<\/p>\n\n\n\n<p>Esta propuesta cultural del Municipio fomenta el acceso a la historia, al arte y a la memoria colectiva adem\u00e1s de ser una alternativa enriquecedora para disfrutar en verano.&nbsp;<\/p>\n","protected":false},"excerpt":{"rendered":"<p>Con una variada oferta de visitas guiadas y recorridas por los museos m\u00e1s emblem\u00e1ticos durante el verano, Moreno se convierte<\/p>\n","protected":false},"author":3,"featured_media":6363,"comment_status":"open","ping_status":"open","sticky":false,"template":"","format":"standard","meta":{"colormag_page_container_layout":"default_layout","colormag_page_sidebar_layout":"default_layout","footnotes":""},"categories":[5,1,14],"tags":[],"class_list":["post-6372","post","type-post","status-publish","format-standard","has-post-thumbnail","hentry","category-1ra-seccion","category-destacadas","category-politica"],"yoast_head":"<!-- This site is optimized with the Yoast SEO plugin v27.4 - https:\/\/yoast.com\/product\/yoast-seo-wordpress\/ -->\n<title>Museos de Moreno: Una invitaci\u00f3n para apreciar la historia y el arte local\u00a0 - InfoPBA247<\/title>\n<meta name=\"robots\" content=\"index, follow, max-snippet:-1, max-image-preview:large, max-video-preview:-1\" \/>\n<link rel=\"canonical\" href=\"https:\/\/infopba247.com.ar\/index.php\/2025\/02\/07\/museos-de-moreno-una-invitacion-para-apreciar-la-historia-y-el-arte-local\/\" \/>\n<meta property=\"og:locale\" content=\"es_ES\" \/>\n<meta property=\"og:type\" content=\"article\" \/>\n<meta property=\"og:title\" content=\"Museos de Moreno: Una invitaci\u00f3n para apreciar la historia y el arte local\u00a0 - InfoPBA247\" \/>\n<meta property=\"og:description\" content=\"Con una variada oferta de visitas guiadas y recorridas por los museos m\u00e1s emblem\u00e1ticos durante el verano, Moreno se convierte\" \/>\n<meta property=\"og:url\" content=\"https:\/\/infopba247.com.ar\/index.php\/2025\/02\/07\/museos-de-moreno-una-invitacion-para-apreciar-la-historia-y-el-arte-local\/\" \/>\n<meta property=\"og:site_name\" content=\"InfoPBA247\" \/>\n<meta property=\"article:publisher\" content=\"https:\/\/www.facebook.com\/InfoPBA\" \/>\n<meta property=\"article:published_time\" content=\"2025-02-07T13:09:29+00:00\" \/>\n<meta property=\"article:modified_time\" content=\"2025-02-07T13:09:30+00:00\" \/>\n<meta property=\"og:image\" content=\"https:\/\/infopba247.com.ar\/wp-content\/uploads\/2025\/02\/20.11-Inauguracion-de-Museo-Malvinas-60-scaled.jpg\" \/>\n\t<meta property=\"og:image:width\" content=\"2560\" \/>\n\t<meta property=\"og:image:height\" content=\"1440\" \/>\n\t<meta property=\"og:image:type\" content=\"image\/jpeg\" \/>\n<meta name=\"author\" content=\"Editor\" \/>\n<meta name=\"twitter:card\" content=\"summary_large_image\" \/>\n<meta name=\"twitter:label1\" content=\"Escrito por\" \/>\n\t<meta name=\"twitter:data1\" content=\"Editor\" \/>\n\t<meta name=\"twitter:label2\" content=\"Tiempo de lectura\" \/>\n\t<meta name=\"twitter:data2\" content=\"2 minutos\" \/>\n<script type=\"application\/ld+json\" class=\"yoast-schema-graph\">{\"@context\":\"https:\\\/\\\/schema.org\",\"@graph\":[{\"@type\":\"Article\",\"@id\":\"https:\\\/\\\/infopba247.com.ar\\\/index.php\\\/2025\\\/02\\\/07\\\/museos-de-moreno-una-invitacion-para-apreciar-la-historia-y-el-arte-local\\\/#article\",\"isPartOf\":{\"@id\":\"https:\\\/\\\/infopba247.com.ar\\\/index.php\\\/2025\\\/02\\\/07\\\/museos-de-moreno-una-invitacion-para-apreciar-la-historia-y-el-arte-local\\\/\"},\"author\":{\"name\":\"Editor\",\"@id\":\"https:\\\/\\\/infopba247.com.ar\\\/#\\\/schema\\\/person\\\/4975f1343a413e57bf839b3eed0099f2\"},\"headline\":\"Museos de Moreno: Una invitaci\u00f3n para apreciar la historia y el arte local\u00a0\",\"datePublished\":\"2025-02-07T13:09:29+00:00\",\"dateModified\":\"2025-02-07T13:09:30+00:00\",\"mainEntityOfPage\":{\"@id\":\"https:\\\/\\\/infopba247.com.ar\\\/index.php\\\/2025\\\/02\\\/07\\\/museos-de-moreno-una-invitacion-para-apreciar-la-historia-y-el-arte-local\\\/\"},\"wordCount\":366,\"commentCount\":0,\"publisher\":{\"@id\":\"https:\\\/\\\/infopba247.com.ar\\\/#organization\"},\"image\":{\"@id\":\"https:\\\/\\\/infopba247.com.ar\\\/index.php\\\/2025\\\/02\\\/07\\\/museos-de-moreno-una-invitacion-para-apreciar-la-historia-y-el-arte-local\\\/#primaryimage\"},\"thumbnailUrl\":\"https:\\\/\\\/infopba247.com.ar\\\/wp-content\\\/uploads\\\/2025\\\/02\\\/20.11-Inauguracion-de-Museo-Malvinas-60-scaled.jpg\",\"articleSection\":[\"1ra Secci\u00f3n\",\"Destacadas\",\"Pol\u00edtica\"],\"inLanguage\":\"es\",\"potentialAction\":[{\"@type\":\"CommentAction\",\"name\":\"Comment\",\"target\":[\"https:\\\/\\\/infopba247.com.ar\\\/index.php\\\/2025\\\/02\\\/07\\\/museos-de-moreno-una-invitacion-para-apreciar-la-historia-y-el-arte-local\\\/#respond\"]}]},{\"@type\":\"WebPage\",\"@id\":\"https:\\\/\\\/infopba247.com.ar\\\/index.php\\\/2025\\\/02\\\/07\\\/museos-de-moreno-una-invitacion-para-apreciar-la-historia-y-el-arte-local\\\/\",\"url\":\"https:\\\/\\\/infopba247.com.ar\\\/index.php\\\/2025\\\/02\\\/07\\\/museos-de-moreno-una-invitacion-para-apreciar-la-historia-y-el-arte-local\\\/\",\"name\":\"Museos de Moreno: Una invitaci\u00f3n para apreciar la historia y el arte local\u00a0 - InfoPBA247\",\"isPartOf\":{\"@id\":\"https:\\\/\\\/infopba247.com.ar\\\/#website\"},\"primaryImageOfPage\":{\"@id\":\"https:\\\/\\\/infopba247.com.ar\\\/index.php\\\/2025\\\/02\\\/07\\\/museos-de-moreno-una-invitacion-para-apreciar-la-historia-y-el-arte-local\\\/#primaryimage\"},\"image\":{\"@id\":\"https:\\\/\\\/infopba247.com.ar\\\/index.php\\\/2025\\\/02\\\/07\\\/museos-de-moreno-una-invitacion-para-apreciar-la-historia-y-el-arte-local\\\/#primaryimage\"},\"thumbnailUrl\":\"https:\\\/\\\/infopba247.com.ar\\\/wp-content\\\/uploads\\\/2025\\\/02\\\/20.11-Inauguracion-de-Museo-Malvinas-60-scaled.jpg\",\"datePublished\":\"2025-02-07T13:09:29+00:00\",\"dateModified\":\"2025-02-07T13:09:30+00:00\",\"breadcrumb\":{\"@id\":\"https:\\\/\\\/infopba247.com.ar\\\/index.php\\\/2025\\\/02\\\/07\\\/museos-de-moreno-una-invitacion-para-apreciar-la-historia-y-el-arte-local\\\/#breadcrumb\"},\"inLanguage\":\"es\",\"potentialAction\":[{\"@type\":\"ReadAction\",\"target\":[\"https:\\\/\\\/infopba247.com.ar\\\/index.php\\\/2025\\\/02\\\/07\\\/museos-de-moreno-una-invitacion-para-apreciar-la-historia-y-el-arte-local\\\/\"]}]},{\"@type\":\"ImageObject\",\"inLanguage\":\"es\",\"@id\":\"https:\\\/\\\/infopba247.com.ar\\\/index.php\\\/2025\\\/02\\\/07\\\/museos-de-moreno-una-invitacion-para-apreciar-la-historia-y-el-arte-local\\\/#primaryimage\",\"url\":\"https:\\\/\\\/infopba247.com.ar\\\/wp-content\\\/uploads\\\/2025\\\/02\\\/20.11-Inauguracion-de-Museo-Malvinas-60-scaled.jpg\",\"contentUrl\":\"https:\\\/\\\/infopba247.com.ar\\\/wp-content\\\/uploads\\\/2025\\\/02\\\/20.11-Inauguracion-de-Museo-Malvinas-60-scaled.jpg\",\"width\":2560,\"height\":1440},{\"@type\":\"BreadcrumbList\",\"@id\":\"https:\\\/\\\/infopba247.com.ar\\\/index.php\\\/2025\\\/02\\\/07\\\/museos-de-moreno-una-invitacion-para-apreciar-la-historia-y-el-arte-local\\\/#breadcrumb\",\"itemListElement\":[{\"@type\":\"ListItem\",\"position\":1,\"name\":\"Portada\",\"item\":\"https:\\\/\\\/infopba247.com.ar\\\/\"},{\"@type\":\"ListItem\",\"position\":2,\"name\":\"Museos de Moreno: Una invitaci\u00f3n para apreciar la historia y el arte local\u00a0\"}]},{\"@type\":\"WebSite\",\"@id\":\"https:\\\/\\\/infopba247.com.ar\\\/#website\",\"url\":\"https:\\\/\\\/infopba247.com.ar\\\/\",\"name\":\"InfoPBA247\",\"description\":\"Toda la actualidad bonaerense\",\"publisher\":{\"@id\":\"https:\\\/\\\/infopba247.com.ar\\\/#organization\"},\"potentialAction\":[{\"@type\":\"SearchAction\",\"target\":{\"@type\":\"EntryPoint\",\"urlTemplate\":\"https:\\\/\\\/infopba247.com.ar\\\/?s={search_term_string}\"},\"query-input\":{\"@type\":\"PropertyValueSpecification\",\"valueRequired\":true,\"valueName\":\"search_term_string\"}}],\"inLanguage\":\"es\"},{\"@type\":\"Organization\",\"@id\":\"https:\\\/\\\/infopba247.com.ar\\\/#organization\",\"name\":\"InfoPBA247\",\"url\":\"https:\\\/\\\/infopba247.com.ar\\\/\",\"logo\":{\"@type\":\"ImageObject\",\"inLanguage\":\"es\",\"@id\":\"https:\\\/\\\/infopba247.com.ar\\\/#\\\/schema\\\/logo\\\/image\\\/\",\"url\":\"https:\\\/\\\/infopba247.com.ar\\\/wp-content\\\/uploads\\\/2022\\\/03\\\/cropped-InfoPBA247-1.png\",\"contentUrl\":\"https:\\\/\\\/infopba247.com.ar\\\/wp-content\\\/uploads\\\/2022\\\/03\\\/cropped-InfoPBA247-1.png\",\"width\":500,\"height\":122,\"caption\":\"InfoPBA247\"},\"image\":{\"@id\":\"https:\\\/\\\/infopba247.com.ar\\\/#\\\/schema\\\/logo\\\/image\\\/\"},\"sameAs\":[\"https:\\\/\\\/www.facebook.com\\\/InfoPBA\"]},{\"@type\":\"Person\",\"@id\":\"https:\\\/\\\/infopba247.com.ar\\\/#\\\/schema\\\/person\\\/4975f1343a413e57bf839b3eed0099f2\",\"name\":\"Editor\",\"image\":{\"@type\":\"ImageObject\",\"inLanguage\":\"es\",\"@id\":\"https:\\\/\\\/secure.gravatar.com\\\/avatar\\\/d27fe9520667ca53441d36627a1d6b0fa4a813571ec4803687a7a3a7744685ac?s=96&d=mm&r=g\",\"url\":\"https:\\\/\\\/secure.gravatar.com\\\/avatar\\\/d27fe9520667ca53441d36627a1d6b0fa4a813571ec4803687a7a3a7744685ac?s=96&d=mm&r=g\",\"contentUrl\":\"https:\\\/\\\/secure.gravatar.com\\\/avatar\\\/d27fe9520667ca53441d36627a1d6b0fa4a813571ec4803687a7a3a7744685ac?s=96&d=mm&r=g\",\"caption\":\"Editor\"},\"url\":\"https:\\\/\\\/infopba247.com.ar\\\/index.php\\\/author\\\/editor\\\/\"}]}<\/script>\n<!-- \/ Yoast SEO plugin. -->","yoast_head_json":{"title":"Museos de Moreno: Una invitaci\u00f3n para apreciar la historia y el arte local\u00a0 - InfoPBA247","robots":{"index":"index","follow":"follow","max-snippet":"max-snippet:-1","max-image-preview":"max-image-preview:large","max-video-preview":"max-video-preview:-1"},"canonical":"https:\/\/infopba247.com.ar\/index.php\/2025\/02\/07\/museos-de-moreno-una-invitacion-para-apreciar-la-historia-y-el-arte-local\/","og_locale":"es_ES","og_type":"article","og_title":"Museos de Moreno: Una invitaci\u00f3n para apreciar la historia y el arte local\u00a0 - InfoPBA247","og_description":"Con una variada oferta de visitas guiadas y recorridas por los museos m\u00e1s emblem\u00e1ticos durante el verano, Moreno se convierte","og_url":"https:\/\/infopba247.com.ar\/index.php\/2025\/02\/07\/museos-de-moreno-una-invitacion-para-apreciar-la-historia-y-el-arte-local\/","og_site_name":"InfoPBA247","article_publisher":"https:\/\/www.facebook.com\/InfoPBA","article_published_time":"2025-02-07T13:09:29+00:00","article_modified_time":"2025-02-07T13:09:30+00:00","og_image":[{"width":2560,"height":1440,"url":"https:\/\/infopba247.com.ar\/wp-content\/uploads\/2025\/02\/20.11-Inauguracion-de-Museo-Malvinas-60-scaled.jpg","type":"image\/jpeg"}],"author":"Editor","twitter_card":"summary_large_image","twitter_misc":{"Escrito por":"Editor","Tiempo de lectura":"2 minutos"},"schema":{"@context":"https:\/\/schema.org","@graph":[{"@type":"Article","@id":"https:\/\/infopba247.com.ar\/index.php\/2025\/02\/07\/museos-de-moreno-una-invitacion-para-apreciar-la-historia-y-el-arte-local\/#article","isPartOf":{"@id":"https:\/\/infopba247.com.ar\/index.php\/2025\/02\/07\/museos-de-moreno-una-invitacion-para-apreciar-la-historia-y-el-arte-local\/"},"author":{"name":"Editor","@id":"https:\/\/infopba247.com.ar\/#\/schema\/person\/4975f1343a413e57bf839b3eed0099f2"},"headline":"Museos de Moreno: Una invitaci\u00f3n para apreciar la historia y el arte local\u00a0","datePublished":"2025-02-07T13:09:29+00:00","dateModified":"2025-02-07T13:09:30+00:00","mainEntityOfPage":{"@id":"https:\/\/infopba247.com.ar\/index.php\/2025\/02\/07\/museos-de-moreno-una-invitacion-para-apreciar-la-historia-y-el-arte-local\/"},"wordCount":366,"commentCount":0,"publisher":{"@id":"https:\/\/infopba247.com.ar\/#organization"},"image":{"@id":"https:\/\/infopba247.com.ar\/index.php\/2025\/02\/07\/museos-de-moreno-una-invitacion-para-apreciar-la-historia-y-el-arte-local\/#primaryimage"},"thumbnailUrl":"https:\/\/infopba247.com.ar\/wp-content\/uploads\/2025\/02\/20.11-Inauguracion-de-Museo-Malvinas-60-scaled.jpg","articleSection":["1ra Secci\u00f3n","Destacadas","Pol\u00edtica"],"inLanguage":"es","potentialAction":[{"@type":"CommentAction","name":"Comment","target":["https:\/\/infopba247.com.ar\/index.php\/2025\/02\/07\/museos-de-moreno-una-invitacion-para-apreciar-la-historia-y-el-arte-local\/#respond"]}]},{"@type":"WebPage","@id":"https:\/\/infopba247.com.ar\/index.php\/2025\/02\/07\/museos-de-moreno-una-invitacion-para-apreciar-la-historia-y-el-arte-local\/","url":"https:\/\/infopba247.com.ar\/index.php\/2025\/02\/07\/museos-de-moreno-una-invitacion-para-apreciar-la-historia-y-el-arte-local\/","name":"Museos de Moreno: Una invitaci\u00f3n para apreciar la historia y el arte local\u00a0 - InfoPBA247","isPartOf":{"@id":"https:\/\/infopba247.com.ar\/#website"},"primaryImageOfPage":{"@id":"https:\/\/infopba247.com.ar\/index.php\/2025\/02\/07\/museos-de-moreno-una-invitacion-para-apreciar-la-historia-y-el-arte-local\/#primaryimage"},"image":{"@id":"https:\/\/infopba247.com.ar\/index.php\/2025\/02\/07\/museos-de-moreno-una-invitacion-para-apreciar-la-historia-y-el-arte-local\/#primaryimage"},"thumbnailUrl":"https:\/\/infopba247.com.ar\/wp-content\/uploads\/2025\/02\/20.11-Inauguracion-de-Museo-Malvinas-60-scaled.jpg","datePublished":"2025-02-07T13:09:29+00:00","dateModified":"2025-02-07T13:09:30+00:00","breadcrumb":{"@id":"https:\/\/infopba247.com.ar\/index.php\/2025\/02\/07\/museos-de-moreno-una-invitacion-para-apreciar-la-historia-y-el-arte-local\/#breadcrumb"},"inLanguage":"es","potentialAction":[{"@type":"ReadAction","target":["https:\/\/infopba247.com.ar\/index.php\/2025\/02\/07\/museos-de-moreno-una-invitacion-para-apreciar-la-historia-y-el-arte-local\/"]}]},{"@type":"ImageObject","inLanguage":"es","@id":"https:\/\/infopba247.com.ar\/index.php\/2025\/02\/07\/museos-de-moreno-una-invitacion-para-apreciar-la-historia-y-el-arte-local\/#primaryimage","url":"https:\/\/infopba247.com.ar\/wp-content\/uploads\/2025\/02\/20.11-Inauguracion-de-Museo-Malvinas-60-scaled.jpg","contentUrl":"https:\/\/infopba247.com.ar\/wp-content\/uploads\/2025\/02\/20.11-Inauguracion-de-Museo-Malvinas-60-scaled.jpg","width":2560,"height":1440},{"@type":"BreadcrumbList","@id":"https:\/\/infopba247.com.ar\/index.php\/2025\/02\/07\/museos-de-moreno-una-invitacion-para-apreciar-la-historia-y-el-arte-local\/#breadcrumb","itemListElement":[{"@type":"ListItem","position":1,"name":"Portada","item":"https:\/\/infopba247.com.ar\/"},{"@type":"ListItem","position":2,"name":"Museos de Moreno: Una invitaci\u00f3n para apreciar la historia y el arte local\u00a0"}]},{"@type":"WebSite","@id":"https:\/\/infopba247.com.ar\/#website","url":"https:\/\/infopba247.com.ar\/","name":"InfoPBA247","description":"Toda la actualidad bonaerense","publisher":{"@id":"https:\/\/infopba247.com.ar\/#organization"},"potentialAction":[{"@type":"SearchAction","target":{"@type":"EntryPoint","urlTemplate":"https:\/\/infopba247.com.ar\/?s={search_term_string}"},"query-input":{"@type":"PropertyValueSpecification","valueRequired":true,"valueName":"search_term_string"}}],"inLanguage":"es"},{"@type":"Organization","@id":"https:\/\/infopba247.com.ar\/#organization","name":"InfoPBA247","url":"https:\/\/infopba247.com.ar\/","logo":{"@type":"ImageObject","inLanguage":"es","@id":"https:\/\/infopba247.com.ar\/#\/schema\/logo\/image\/","url":"https:\/\/infopba247.com.ar\/wp-content\/uploads\/2022\/03\/cropped-InfoPBA247-1.png","contentUrl":"https:\/\/infopba247.com.ar\/wp-content\/uploads\/2022\/03\/cropped-InfoPBA247-1.png","width":500,"height":122,"caption":"InfoPBA247"},"image":{"@id":"https:\/\/infopba247.com.ar\/#\/schema\/logo\/image\/"},"sameAs":["https:\/\/www.facebook.com\/InfoPBA"]},{"@type":"Person","@id":"https:\/\/infopba247.com.ar\/#\/schema\/person\/4975f1343a413e57bf839b3eed0099f2","name":"Editor","image":{"@type":"ImageObject","inLanguage":"es","@id":"https:\/\/secure.gravatar.com\/avatar\/d27fe9520667ca53441d36627a1d6b0fa4a813571ec4803687a7a3a7744685ac?s=96&d=mm&r=g","url":"https:\/\/secure.gravatar.com\/avatar\/d27fe9520667ca53441d36627a1d6b0fa4a813571ec4803687a7a3a7744685ac?s=96&d=mm&r=g","contentUrl":"https:\/\/secure.gravatar.com\/avatar\/d27fe9520667ca53441d36627a1d6b0fa4a813571ec4803687a7a3a7744685ac?s=96&d=mm&r=g","caption":"Editor"},"url":"https:\/\/infopba247.com.ar\/index.php\/author\/editor\/"}]}},"_links":{"self":[{"href":"https:\/\/infopba247.com.ar\/index.php\/wp-json\/wp\/v2\/posts\/6372","targetHints":{"allow":["GET"]}}],"collection":[{"href":"https:\/\/infopba247.com.ar\/index.php\/wp-json\/wp\/v2\/posts"}],"about":[{"href":"https:\/\/infopba247.com.ar\/index.php\/wp-json\/wp\/v2\/types\/post"}],"author":[{"embeddable":true,"href":"https:\/\/infopba247.com.ar\/index.php\/wp-json\/wp\/v2\/users\/3"}],"replies":[{"embeddable":true,"href":"https:\/\/infopba247.com.ar\/index.php\/wp-json\/wp\/v2\/comments?post=6372"}],"version-history":[{"count":1,"href":"https:\/\/infopba247.com.ar\/index.php\/wp-json\/wp\/v2\/posts\/6372\/revisions"}],"predecessor-version":[{"id":6373,"href":"https:\/\/infopba247.com.ar\/index.php\/wp-json\/wp\/v2\/posts\/6372\/revisions\/6373"}],"wp:featuredmedia":[{"embeddable":true,"href":"https:\/\/infopba247.com.ar\/index.php\/wp-json\/wp\/v2\/media\/6363"}],"wp:attachment":[{"href":"https:\/\/infopba247.com.ar\/index.php\/wp-json\/wp\/v2\/media?parent=6372"}],"wp:term":[{"taxonomy":"category","embeddable":true,"href":"https:\/\/infopba247.com.ar\/index.php\/wp-json\/wp\/v2\/categories?post=6372"},{"taxonomy":"post_tag","embeddable":true,"href":"https:\/\/infopba247.com.ar\/index.php\/wp-json\/wp\/v2\/tags?post=6372"}],"curies":[{"name":"wp","href":"https:\/\/api.w.org\/{rel}","templated":true}]}}