{"id":6362,"date":"2025-02-07T10:07:32","date_gmt":"2025-02-07T13:07:32","guid":{"rendered":"https:\/\/infopba247.com.ar\/?p=6362"},"modified":"2025-02-07T10:07:33","modified_gmt":"2025-02-07T13:07:33","slug":"larroque-se-reunio-con-el-intendente-de-rivadavia-para-coordinar-asistencia-tras-el-temporal","status":"publish","type":"post","link":"https:\/\/infopba247.com.ar\/index.php\/2025\/02\/07\/larroque-se-reunio-con-el-intendente-de-rivadavia-para-coordinar-asistencia-tras-el-temporal\/","title":{"rendered":"Larroque se reuni\u00f3 con el intendente de Rivadavia para coordinar asistencia tras el temporal\u00a0"},"content":{"rendered":"\n<p>El ministro de Desarrollo de la Comunidad, Andr\u00e9s Larroque, recibi\u00f3 hoy al intendente de Rivadavia, Juan Alberto Mart\u00ednez, para abordar la situaci\u00f3n de las familias damnificadas por las intensas lluvias que afectaron a algunas de las localidades del Partido y a distintos distritos de la Provincia. &nbsp;<\/p>\n\n\n\n<p>El titular de la cartera estuvo acompa\u00f1ado por el subsecretario de Organizaci\u00f3n Comunitaria, Santiago Fidanza.&nbsp;<\/p>\n\n\n\n<p>Tras el encuentro, Larroque afirm\u00f3: \u201cEl gobernador Axel Kicillof sigue de cerca la situaci\u00f3n en los municipios afectados y ha dispuesto la colaboraci\u00f3n y el acompa\u00f1amiento de la Provincia\u201d. En esa l\u00ednea, sostuvo: \u201cEstamos trabajando a trav\u00e9s del \u00e1rea de Atenci\u00f3n Inmediata de nuestro Ministerio para coordinar el env\u00edo de chapas, tirantes, colchones, agua potable y elementos de limpieza, para asistir a las familias que m\u00e1s lo necesitan en estos momentos\u201d.Por su parte, el intendente de Rivadavia explic\u00f3: \u201cLa emergencia h\u00eddrica que vivimos afect\u00f3 principalmente a la Ciudad de Am\u00e9rica y a la localidad de Gonz\u00e1lez Moreno dejando a numerosas familias en una situaci\u00f3n de vulnerabilidad. Ante esto, organizamos una mesa de trabajo con el Ministro y sus funcionarios para coordinar la asistencia a las familias afectadas\u201d. Asimismo, el jefe comunal resalt\u00f3: \u201cNuestro objetivo es brindar una respuesta r\u00e1pida y efectiva a los vecinos de todo el distrito que est\u00e1n pasando por un momento muy dif\u00edcil\u201d.&nbsp;<\/p>\n\n\n\n<p>En el caso de Am\u00e9rica, cabecera del partido de Rivadavia, ubicada cerca del l\u00edmite con La Pampa, sufri\u00f3 un temporal que descarg\u00f3 m\u00e1s de 130 mil\u00edmetros de lluvias en apenas dos horas.&nbsp;<\/p>\n\n\n\n<p>El Ministerio de Desarrollo de la Comunidad trabaja de manera coordinada con los distintos municipios que sufrieron&nbsp; los efectos del temporal de lluvia que afect\u00f3 a diversas zonas de la Provincia, relevando necesidades y articulando el env\u00edo de recursos&nbsp; para asistir a las familias.&nbsp;<\/p>\n","protected":false},"excerpt":{"rendered":"<p>El ministro de Desarrollo de la Comunidad, Andr\u00e9s Larroque, recibi\u00f3 hoy al intendente de Rivadavia, Juan Alberto Mart\u00ednez, para abordar<\/p>\n","protected":false},"author":3,"featured_media":6365,"comment_status":"open","ping_status":"open","sticky":false,"template":"","format":"standard","meta":{"colormag_page_container_layout":"default_layout","colormag_page_sidebar_layout":"default_layout","footnotes":""},"categories":[8,1,14],"tags":[],"class_list":["post-6362","post","type-post","status-publish","format-standard","has-post-thumbnail","hentry","category-4ta-seccion","category-destacadas","category-politica"],"yoast_head":"<!-- This site is optimized with the Yoast SEO plugin v27.5 - https:\/\/yoast.com\/product\/yoast-seo-wordpress\/ -->\n<title>Larroque se reuni\u00f3 con el intendente de Rivadavia para coordinar asistencia tras el temporal\u00a0 - InfoPBA247<\/title>\n<meta name=\"robots\" content=\"index, follow, max-snippet:-1, max-image-preview:large, max-video-preview:-1\" \/>\n<link rel=\"canonical\" href=\"https:\/\/infopba247.com.ar\/index.php\/2025\/02\/07\/larroque-se-reunio-con-el-intendente-de-rivadavia-para-coordinar-asistencia-tras-el-temporal\/\" \/>\n<meta property=\"og:locale\" content=\"es_ES\" \/>\n<meta property=\"og:type\" content=\"article\" \/>\n<meta property=\"og:title\" content=\"Larroque se reuni\u00f3 con el intendente de Rivadavia para coordinar asistencia tras el temporal\u00a0 - InfoPBA247\" \/>\n<meta property=\"og:description\" content=\"El ministro de Desarrollo de la Comunidad, Andr\u00e9s Larroque, recibi\u00f3 hoy al intendente de Rivadavia, Juan Alberto Mart\u00ednez, para abordar\" \/>\n<meta property=\"og:url\" content=\"https:\/\/infopba247.com.ar\/index.php\/2025\/02\/07\/larroque-se-reunio-con-el-intendente-de-rivadavia-para-coordinar-asistencia-tras-el-temporal\/\" \/>\n<meta property=\"og:site_name\" content=\"InfoPBA247\" \/>\n<meta property=\"article:publisher\" content=\"https:\/\/www.facebook.com\/InfoPBA\" \/>\n<meta property=\"article:published_time\" content=\"2025-02-07T13:07:32+00:00\" \/>\n<meta property=\"article:modified_time\" content=\"2025-02-07T13:07:33+00:00\" \/>\n<meta property=\"og:image\" content=\"https:\/\/infopba247.com.ar\/wp-content\/uploads\/2025\/02\/unnamed-38.jpg\" \/>\n\t<meta property=\"og:image:width\" content=\"1024\" \/>\n\t<meta property=\"og:image:height\" content=\"683\" \/>\n\t<meta property=\"og:image:type\" content=\"image\/jpeg\" \/>\n<meta name=\"author\" content=\"Editor\" \/>\n<meta name=\"twitter:card\" content=\"summary_large_image\" \/>\n<meta name=\"twitter:label1\" content=\"Escrito por\" \/>\n\t<meta name=\"twitter:data1\" content=\"Editor\" \/>\n\t<meta name=\"twitter:label2\" content=\"Tiempo de lectura\" \/>\n\t<meta name=\"twitter:data2\" content=\"2 minutos\" \/>\n<script type=\"application\/ld+json\" class=\"yoast-schema-graph\">{\"@context\":\"https:\\\/\\\/schema.org\",\"@graph\":[{\"@type\":\"Article\",\"@id\":\"https:\\\/\\\/infopba247.com.ar\\\/index.php\\\/2025\\\/02\\\/07\\\/larroque-se-reunio-con-el-intendente-de-rivadavia-para-coordinar-asistencia-tras-el-temporal\\\/#article\",\"isPartOf\":{\"@id\":\"https:\\\/\\\/infopba247.com.ar\\\/index.php\\\/2025\\\/02\\\/07\\\/larroque-se-reunio-con-el-intendente-de-rivadavia-para-coordinar-asistencia-tras-el-temporal\\\/\"},\"author\":{\"name\":\"Editor\",\"@id\":\"https:\\\/\\\/infopba247.com.ar\\\/#\\\/schema\\\/person\\\/4975f1343a413e57bf839b3eed0099f2\"},\"headline\":\"Larroque se reuni\u00f3 con el intendente de Rivadavia para coordinar asistencia tras el temporal\u00a0\",\"datePublished\":\"2025-02-07T13:07:32+00:00\",\"dateModified\":\"2025-02-07T13:07:33+00:00\",\"mainEntityOfPage\":{\"@id\":\"https:\\\/\\\/infopba247.com.ar\\\/index.php\\\/2025\\\/02\\\/07\\\/larroque-se-reunio-con-el-intendente-de-rivadavia-para-coordinar-asistencia-tras-el-temporal\\\/\"},\"wordCount\":339,\"commentCount\":0,\"publisher\":{\"@id\":\"https:\\\/\\\/infopba247.com.ar\\\/#organization\"},\"image\":{\"@id\":\"https:\\\/\\\/infopba247.com.ar\\\/index.php\\\/2025\\\/02\\\/07\\\/larroque-se-reunio-con-el-intendente-de-rivadavia-para-coordinar-asistencia-tras-el-temporal\\\/#primaryimage\"},\"thumbnailUrl\":\"https:\\\/\\\/infopba247.com.ar\\\/wp-content\\\/uploads\\\/2025\\\/02\\\/unnamed-38.jpg\",\"articleSection\":[\"4ta Secci\u00f3n\",\"Destacadas\",\"Pol\u00edtica\"],\"inLanguage\":\"es\",\"potentialAction\":[{\"@type\":\"CommentAction\",\"name\":\"Comment\",\"target\":[\"https:\\\/\\\/infopba247.com.ar\\\/index.php\\\/2025\\\/02\\\/07\\\/larroque-se-reunio-con-el-intendente-de-rivadavia-para-coordinar-asistencia-tras-el-temporal\\\/#respond\"]}]},{\"@type\":\"WebPage\",\"@id\":\"https:\\\/\\\/infopba247.com.ar\\\/index.php\\\/2025\\\/02\\\/07\\\/larroque-se-reunio-con-el-intendente-de-rivadavia-para-coordinar-asistencia-tras-el-temporal\\\/\",\"url\":\"https:\\\/\\\/infopba247.com.ar\\\/index.php\\\/2025\\\/02\\\/07\\\/larroque-se-reunio-con-el-intendente-de-rivadavia-para-coordinar-asistencia-tras-el-temporal\\\/\",\"name\":\"Larroque se reuni\u00f3 con el intendente de Rivadavia para coordinar asistencia tras el temporal\u00a0 - InfoPBA247\",\"isPartOf\":{\"@id\":\"https:\\\/\\\/infopba247.com.ar\\\/#website\"},\"primaryImageOfPage\":{\"@id\":\"https:\\\/\\\/infopba247.com.ar\\\/index.php\\\/2025\\\/02\\\/07\\\/larroque-se-reunio-con-el-intendente-de-rivadavia-para-coordinar-asistencia-tras-el-temporal\\\/#primaryimage\"},\"image\":{\"@id\":\"https:\\\/\\\/infopba247.com.ar\\\/index.php\\\/2025\\\/02\\\/07\\\/larroque-se-reunio-con-el-intendente-de-rivadavia-para-coordinar-asistencia-tras-el-temporal\\\/#primaryimage\"},\"thumbnailUrl\":\"https:\\\/\\\/infopba247.com.ar\\\/wp-content\\\/uploads\\\/2025\\\/02\\\/unnamed-38.jpg\",\"datePublished\":\"2025-02-07T13:07:32+00:00\",\"dateModified\":\"2025-02-07T13:07:33+00:00\",\"breadcrumb\":{\"@id\":\"https:\\\/\\\/infopba247.com.ar\\\/index.php\\\/2025\\\/02\\\/07\\\/larroque-se-reunio-con-el-intendente-de-rivadavia-para-coordinar-asistencia-tras-el-temporal\\\/#breadcrumb\"},\"inLanguage\":\"es\",\"potentialAction\":[{\"@type\":\"ReadAction\",\"target\":[\"https:\\\/\\\/infopba247.com.ar\\\/index.php\\\/2025\\\/02\\\/07\\\/larroque-se-reunio-con-el-intendente-de-rivadavia-para-coordinar-asistencia-tras-el-temporal\\\/\"]}]},{\"@type\":\"ImageObject\",\"inLanguage\":\"es\",\"@id\":\"https:\\\/\\\/infopba247.com.ar\\\/index.php\\\/2025\\\/02\\\/07\\\/larroque-se-reunio-con-el-intendente-de-rivadavia-para-coordinar-asistencia-tras-el-temporal\\\/#primaryimage\",\"url\":\"https:\\\/\\\/infopba247.com.ar\\\/wp-content\\\/uploads\\\/2025\\\/02\\\/unnamed-38.jpg\",\"contentUrl\":\"https:\\\/\\\/infopba247.com.ar\\\/wp-content\\\/uploads\\\/2025\\\/02\\\/unnamed-38.jpg\",\"width\":1024,\"height\":683},{\"@type\":\"BreadcrumbList\",\"@id\":\"https:\\\/\\\/infopba247.com.ar\\\/index.php\\\/2025\\\/02\\\/07\\\/larroque-se-reunio-con-el-intendente-de-rivadavia-para-coordinar-asistencia-tras-el-temporal\\\/#breadcrumb\",\"itemListElement\":[{\"@type\":\"ListItem\",\"position\":1,\"name\":\"Portada\",\"item\":\"https:\\\/\\\/infopba247.com.ar\\\/\"},{\"@type\":\"ListItem\",\"position\":2,\"name\":\"Larroque se reuni\u00f3 con el intendente de Rivadavia para coordinar asistencia tras el temporal\u00a0\"}]},{\"@type\":\"WebSite\",\"@id\":\"https:\\\/\\\/infopba247.com.ar\\\/#website\",\"url\":\"https:\\\/\\\/infopba247.com.ar\\\/\",\"name\":\"InfoPBA247\",\"description\":\"Toda la actualidad bonaerense\",\"publisher\":{\"@id\":\"https:\\\/\\\/infopba247.com.ar\\\/#organization\"},\"potentialAction\":[{\"@type\":\"SearchAction\",\"target\":{\"@type\":\"EntryPoint\",\"urlTemplate\":\"https:\\\/\\\/infopba247.com.ar\\\/?s={search_term_string}\"},\"query-input\":{\"@type\":\"PropertyValueSpecification\",\"valueRequired\":true,\"valueName\":\"search_term_string\"}}],\"inLanguage\":\"es\"},{\"@type\":\"Organization\",\"@id\":\"https:\\\/\\\/infopba247.com.ar\\\/#organization\",\"name\":\"InfoPBA247\",\"url\":\"https:\\\/\\\/infopba247.com.ar\\\/\",\"logo\":{\"@type\":\"ImageObject\",\"inLanguage\":\"es\",\"@id\":\"https:\\\/\\\/infopba247.com.ar\\\/#\\\/schema\\\/logo\\\/image\\\/\",\"url\":\"https:\\\/\\\/infopba247.com.ar\\\/wp-content\\\/uploads\\\/2022\\\/03\\\/cropped-InfoPBA247-1.png\",\"contentUrl\":\"https:\\\/\\\/infopba247.com.ar\\\/wp-content\\\/uploads\\\/2022\\\/03\\\/cropped-InfoPBA247-1.png\",\"width\":500,\"height\":122,\"caption\":\"InfoPBA247\"},\"image\":{\"@id\":\"https:\\\/\\\/infopba247.com.ar\\\/#\\\/schema\\\/logo\\\/image\\\/\"},\"sameAs\":[\"https:\\\/\\\/www.facebook.com\\\/InfoPBA\"]},{\"@type\":\"Person\",\"@id\":\"https:\\\/\\\/infopba247.com.ar\\\/#\\\/schema\\\/person\\\/4975f1343a413e57bf839b3eed0099f2\",\"name\":\"Editor\",\"image\":{\"@type\":\"ImageObject\",\"inLanguage\":\"es\",\"@id\":\"https:\\\/\\\/secure.gravatar.com\\\/avatar\\\/d27fe9520667ca53441d36627a1d6b0fa4a813571ec4803687a7a3a7744685ac?s=96&d=mm&r=g\",\"url\":\"https:\\\/\\\/secure.gravatar.com\\\/avatar\\\/d27fe9520667ca53441d36627a1d6b0fa4a813571ec4803687a7a3a7744685ac?s=96&d=mm&r=g\",\"contentUrl\":\"https:\\\/\\\/secure.gravatar.com\\\/avatar\\\/d27fe9520667ca53441d36627a1d6b0fa4a813571ec4803687a7a3a7744685ac?s=96&d=mm&r=g\",\"caption\":\"Editor\"},\"url\":\"https:\\\/\\\/infopba247.com.ar\\\/index.php\\\/author\\\/editor\\\/\"}]}<\/script>\n<!-- \/ Yoast SEO plugin. -->","yoast_head_json":{"title":"Larroque se reuni\u00f3 con el intendente de Rivadavia para coordinar asistencia tras el temporal\u00a0 - InfoPBA247","robots":{"index":"index","follow":"follow","max-snippet":"max-snippet:-1","max-image-preview":"max-image-preview:large","max-video-preview":"max-video-preview:-1"},"canonical":"https:\/\/infopba247.com.ar\/index.php\/2025\/02\/07\/larroque-se-reunio-con-el-intendente-de-rivadavia-para-coordinar-asistencia-tras-el-temporal\/","og_locale":"es_ES","og_type":"article","og_title":"Larroque se reuni\u00f3 con el intendente de Rivadavia para coordinar asistencia tras el temporal\u00a0 - InfoPBA247","og_description":"El ministro de Desarrollo de la Comunidad, Andr\u00e9s Larroque, recibi\u00f3 hoy al intendente de Rivadavia, Juan Alberto Mart\u00ednez, para abordar","og_url":"https:\/\/infopba247.com.ar\/index.php\/2025\/02\/07\/larroque-se-reunio-con-el-intendente-de-rivadavia-para-coordinar-asistencia-tras-el-temporal\/","og_site_name":"InfoPBA247","article_publisher":"https:\/\/www.facebook.com\/InfoPBA","article_published_time":"2025-02-07T13:07:32+00:00","article_modified_time":"2025-02-07T13:07:33+00:00","og_image":[{"width":1024,"height":683,"url":"https:\/\/infopba247.com.ar\/wp-content\/uploads\/2025\/02\/unnamed-38.jpg","type":"image\/jpeg"}],"author":"Editor","twitter_card":"summary_large_image","twitter_misc":{"Escrito por":"Editor","Tiempo de lectura":"2 minutos"},"schema":{"@context":"https:\/\/schema.org","@graph":[{"@type":"Article","@id":"https:\/\/infopba247.com.ar\/index.php\/2025\/02\/07\/larroque-se-reunio-con-el-intendente-de-rivadavia-para-coordinar-asistencia-tras-el-temporal\/#article","isPartOf":{"@id":"https:\/\/infopba247.com.ar\/index.php\/2025\/02\/07\/larroque-se-reunio-con-el-intendente-de-rivadavia-para-coordinar-asistencia-tras-el-temporal\/"},"author":{"name":"Editor","@id":"https:\/\/infopba247.com.ar\/#\/schema\/person\/4975f1343a413e57bf839b3eed0099f2"},"headline":"Larroque se reuni\u00f3 con el intendente de Rivadavia para coordinar asistencia tras el temporal\u00a0","datePublished":"2025-02-07T13:07:32+00:00","dateModified":"2025-02-07T13:07:33+00:00","mainEntityOfPage":{"@id":"https:\/\/infopba247.com.ar\/index.php\/2025\/02\/07\/larroque-se-reunio-con-el-intendente-de-rivadavia-para-coordinar-asistencia-tras-el-temporal\/"},"wordCount":339,"commentCount":0,"publisher":{"@id":"https:\/\/infopba247.com.ar\/#organization"},"image":{"@id":"https:\/\/infopba247.com.ar\/index.php\/2025\/02\/07\/larroque-se-reunio-con-el-intendente-de-rivadavia-para-coordinar-asistencia-tras-el-temporal\/#primaryimage"},"thumbnailUrl":"https:\/\/infopba247.com.ar\/wp-content\/uploads\/2025\/02\/unnamed-38.jpg","articleSection":["4ta Secci\u00f3n","Destacadas","Pol\u00edtica"],"inLanguage":"es","potentialAction":[{"@type":"CommentAction","name":"Comment","target":["https:\/\/infopba247.com.ar\/index.php\/2025\/02\/07\/larroque-se-reunio-con-el-intendente-de-rivadavia-para-coordinar-asistencia-tras-el-temporal\/#respond"]}]},{"@type":"WebPage","@id":"https:\/\/infopba247.com.ar\/index.php\/2025\/02\/07\/larroque-se-reunio-con-el-intendente-de-rivadavia-para-coordinar-asistencia-tras-el-temporal\/","url":"https:\/\/infopba247.com.ar\/index.php\/2025\/02\/07\/larroque-se-reunio-con-el-intendente-de-rivadavia-para-coordinar-asistencia-tras-el-temporal\/","name":"Larroque se reuni\u00f3 con el intendente de Rivadavia para coordinar asistencia tras el temporal\u00a0 - InfoPBA247","isPartOf":{"@id":"https:\/\/infopba247.com.ar\/#website"},"primaryImageOfPage":{"@id":"https:\/\/infopba247.com.ar\/index.php\/2025\/02\/07\/larroque-se-reunio-con-el-intendente-de-rivadavia-para-coordinar-asistencia-tras-el-temporal\/#primaryimage"},"image":{"@id":"https:\/\/infopba247.com.ar\/index.php\/2025\/02\/07\/larroque-se-reunio-con-el-intendente-de-rivadavia-para-coordinar-asistencia-tras-el-temporal\/#primaryimage"},"thumbnailUrl":"https:\/\/infopba247.com.ar\/wp-content\/uploads\/2025\/02\/unnamed-38.jpg","datePublished":"2025-02-07T13:07:32+00:00","dateModified":"2025-02-07T13:07:33+00:00","breadcrumb":{"@id":"https:\/\/infopba247.com.ar\/index.php\/2025\/02\/07\/larroque-se-reunio-con-el-intendente-de-rivadavia-para-coordinar-asistencia-tras-el-temporal\/#breadcrumb"},"inLanguage":"es","potentialAction":[{"@type":"ReadAction","target":["https:\/\/infopba247.com.ar\/index.php\/2025\/02\/07\/larroque-se-reunio-con-el-intendente-de-rivadavia-para-coordinar-asistencia-tras-el-temporal\/"]}]},{"@type":"ImageObject","inLanguage":"es","@id":"https:\/\/infopba247.com.ar\/index.php\/2025\/02\/07\/larroque-se-reunio-con-el-intendente-de-rivadavia-para-coordinar-asistencia-tras-el-temporal\/#primaryimage","url":"https:\/\/infopba247.com.ar\/wp-content\/uploads\/2025\/02\/unnamed-38.jpg","contentUrl":"https:\/\/infopba247.com.ar\/wp-content\/uploads\/2025\/02\/unnamed-38.jpg","width":1024,"height":683},{"@type":"BreadcrumbList","@id":"https:\/\/infopba247.com.ar\/index.php\/2025\/02\/07\/larroque-se-reunio-con-el-intendente-de-rivadavia-para-coordinar-asistencia-tras-el-temporal\/#breadcrumb","itemListElement":[{"@type":"ListItem","position":1,"name":"Portada","item":"https:\/\/infopba247.com.ar\/"},{"@type":"ListItem","position":2,"name":"Larroque se reuni\u00f3 con el intendente de Rivadavia para coordinar asistencia tras el temporal\u00a0"}]},{"@type":"WebSite","@id":"https:\/\/infopba247.com.ar\/#website","url":"https:\/\/infopba247.com.ar\/","name":"InfoPBA247","description":"Toda la actualidad bonaerense","publisher":{"@id":"https:\/\/infopba247.com.ar\/#organization"},"potentialAction":[{"@type":"SearchAction","target":{"@type":"EntryPoint","urlTemplate":"https:\/\/infopba247.com.ar\/?s={search_term_string}"},"query-input":{"@type":"PropertyValueSpecification","valueRequired":true,"valueName":"search_term_string"}}],"inLanguage":"es"},{"@type":"Organization","@id":"https:\/\/infopba247.com.ar\/#organization","name":"InfoPBA247","url":"https:\/\/infopba247.com.ar\/","logo":{"@type":"ImageObject","inLanguage":"es","@id":"https:\/\/infopba247.com.ar\/#\/schema\/logo\/image\/","url":"https:\/\/infopba247.com.ar\/wp-content\/uploads\/2022\/03\/cropped-InfoPBA247-1.png","contentUrl":"https:\/\/infopba247.com.ar\/wp-content\/uploads\/2022\/03\/cropped-InfoPBA247-1.png","width":500,"height":122,"caption":"InfoPBA247"},"image":{"@id":"https:\/\/infopba247.com.ar\/#\/schema\/logo\/image\/"},"sameAs":["https:\/\/www.facebook.com\/InfoPBA"]},{"@type":"Person","@id":"https:\/\/infopba247.com.ar\/#\/schema\/person\/4975f1343a413e57bf839b3eed0099f2","name":"Editor","image":{"@type":"ImageObject","inLanguage":"es","@id":"https:\/\/secure.gravatar.com\/avatar\/d27fe9520667ca53441d36627a1d6b0fa4a813571ec4803687a7a3a7744685ac?s=96&d=mm&r=g","url":"https:\/\/secure.gravatar.com\/avatar\/d27fe9520667ca53441d36627a1d6b0fa4a813571ec4803687a7a3a7744685ac?s=96&d=mm&r=g","contentUrl":"https:\/\/secure.gravatar.com\/avatar\/d27fe9520667ca53441d36627a1d6b0fa4a813571ec4803687a7a3a7744685ac?s=96&d=mm&r=g","caption":"Editor"},"url":"https:\/\/infopba247.com.ar\/index.php\/author\/editor\/"}]}},"_links":{"self":[{"href":"https:\/\/infopba247.com.ar\/index.php\/wp-json\/wp\/v2\/posts\/6362","targetHints":{"allow":["GET"]}}],"collection":[{"href":"https:\/\/infopba247.com.ar\/index.php\/wp-json\/wp\/v2\/posts"}],"about":[{"href":"https:\/\/infopba247.com.ar\/index.php\/wp-json\/wp\/v2\/types\/post"}],"author":[{"embeddable":true,"href":"https:\/\/infopba247.com.ar\/index.php\/wp-json\/wp\/v2\/users\/3"}],"replies":[{"embeddable":true,"href":"https:\/\/infopba247.com.ar\/index.php\/wp-json\/wp\/v2\/comments?post=6362"}],"version-history":[{"count":1,"href":"https:\/\/infopba247.com.ar\/index.php\/wp-json\/wp\/v2\/posts\/6362\/revisions"}],"predecessor-version":[{"id":6367,"href":"https:\/\/infopba247.com.ar\/index.php\/wp-json\/wp\/v2\/posts\/6362\/revisions\/6367"}],"wp:featuredmedia":[{"embeddable":true,"href":"https:\/\/infopba247.com.ar\/index.php\/wp-json\/wp\/v2\/media\/6365"}],"wp:attachment":[{"href":"https:\/\/infopba247.com.ar\/index.php\/wp-json\/wp\/v2\/media?parent=6362"}],"wp:term":[{"taxonomy":"category","embeddable":true,"href":"https:\/\/infopba247.com.ar\/index.php\/wp-json\/wp\/v2\/categories?post=6362"},{"taxonomy":"post_tag","embeddable":true,"href":"https:\/\/infopba247.com.ar\/index.php\/wp-json\/wp\/v2\/tags?post=6362"}],"curies":[{"name":"wp","href":"https:\/\/api.w.org\/{rel}","templated":true}]}}