{"id":632,"date":"2022-08-17T01:40:00","date_gmt":"2022-08-17T01:40:00","guid":{"rendered":"https:\/\/infopba247.com.ar\/?p=632"},"modified":"2022-09-05T01:41:17","modified_gmt":"2022-09-05T01:41:17","slug":"capacitacion-a-trabajadores-de-reparto-en-moreno","status":"publish","type":"post","link":"https:\/\/infopba247.com.ar\/index.php\/2022\/08\/17\/capacitacion-a-trabajadores-de-reparto-en-moreno\/","title":{"rendered":"Capacitaci\u00f3n a trabajadores de reparto en Moreno"},"content":{"rendered":"\n<p>L<strong>a Agencia Nacional de Seguridad Vial (ANSV) -organismo del Ministerio de Transporte- capacit\u00f3 a 100 trabajadores y trabajadoras de reparto<\/strong>&nbsp;en moto de Moreno.<\/p>\n\n\n\n<p><strong>Al finalizar la jornada, se le entreg\u00f3 a cada motociclista un casco homologado para que circulen protegidos.<\/strong>&nbsp;La capacitaci\u00f3n consiste en la conducci\u00f3n segura de motos -te\u00f3rica y pr\u00e1ctica- sobre cuestiones y aspectos b\u00e1sicos que hacen a la conducci\u00f3n adecuada de este tipo de veh\u00edculos.<\/p>\n\n\n\n<p>Esta capacitaci\u00f3n y entrega de materiales corresponde al Programa Federal de Entrega de Cascos que lleva adelante la ANSV, con el objetivo de mejorar la seguridad vial de los usuarios de motos y para concientizar y fomentar el uso del casco.&nbsp;<strong>Este programa comenz\u00f3 en diciembre de 2020 y desde entonces, 22 mil motociclistas de todo el pa\u00eds recibieron la capacitaci\u00f3n y el casco correspondiente.<\/strong><\/p>\n\n\n\n<p>\u201c<strong>Hoy en Moreno capacitamos en manejo seguro a quienes trabajan todos los d\u00edas arriba de una moto. Es fundamental que incorporen estos conocimientos como, por ejemplo, la posici\u00f3n correcta para conducir y las t\u00e9cnicas de frenado.<\/strong>&nbsp;Tambi\u00e9n recibieron un casco, que es el elemento de protecci\u00f3n m\u00e1s importante y que puede salvarles la vida ante un siniestro vial. Con estas acciones, continuamos llegando a motociclistas de todo el pa\u00eds con el \u00fanico objetivo de mejorar la seguridad vial de todos los argentinos\u201d, dijo el director ejecutivo de la ANSV, Pablo Mart\u00ednez Carignano.<\/p>\n\n\n\n<p>Por su parte,<strong>&nbsp;la intendenta de Moreno, Mariel Fern\u00e1ndez, dijo: \u201cAgradecemos a la Agencia Nacional de Seguridad Vial por acercarnos estos materiales y la capacitaci\u00f3n que les va a facilitar el trabajo a nuestras vecinas y vecinos.&nbsp;<\/strong>Nos da alegr\u00eda porque de esta forma no solo mejoramos la seguridad vial de las y los trabajadores de reparto, sino tambi\u00e9n de todas las personas que transitan en nuestra ciudad\u201d.<\/p>\n\n\n\n<p><strong>La actividad se realiz\u00f3 en la nueva pista de manejo de examen pr\u00e1ctico ubicada en el Parque Industrial de la localidad de Trujui, instalada por el Municipio<\/strong>&nbsp;a trav\u00e9s de la Secretar\u00eda de Tr\u00e1nsito y Transporte para garantizar mayor seguridad y tranquilidad a quienes rindan las pruebas para evitar accidentes.<\/p>\n\n\n\n<p>En este sentido,&nbsp;<strong>la intendenta destac\u00f3 las mejoras que se realizaron en la zona \u201cEs un orgullo poder contar con esta infraestructura y que le podamos brindar a los vecinos y vecinas de Moreno mejores condiciones. Pudimos atender la demanda de muchos a\u00f1os en la calle 2 de Abril que conecta la Ruta 23 con Camino del Buen Aire y lo hicimos con la asfaltera municipal<\/strong>; esto hace que ustedes puedan ingresar mejor a esta pista, promueve el crecimiento de este Parque Industrial que necesitaba mejorar este camino\u201d expres\u00f3 y resalt\u00f3 \u201cNos da alegr\u00eda poder contar con infraestructura y materiales y brindarle mejores condiciones de vida a nuestras vecinas y vecinos.\u201d<\/p>\n\n\n\n<p><strong>Seg\u00fan las estad\u00edsticas del Observatorio Vial de la ANSV correspondientes al a\u00f1o 2021, las y los motociclistas representaron el 46% de las v\u00edctimas fatales en siniestros viales, en su mayor\u00eda hombres y menores de 35 a\u00f1os.&nbsp;<\/strong>Seg\u00fan la Organizaci\u00f3n Mundial de la Salud (OMS), usar casco de buena calidad y de la medida adecuada reduce en un 40% los riesgos de muerte y hasta un 70% las probabilidades de lesiones graves.<\/p>\n\n\n\n<p>Durante la jornada,<strong>&nbsp;el equipo del \u00c1rea de Seguridad de Motociclistas de la ANSV, tambi\u00e9n brind\u00f3 una capacitaci\u00f3n para las y los examinadores del Centro Emisor de Licencias de conducir (CEL) y para agentes de Tr\u00e1nsito motorizados de Moreno.&nbsp;<\/strong>En cuanto a los examinadores, la finalidad es brindar las herramientas necesarias para fortalecer la evaluaci\u00f3n pr\u00e1ctica de futuros motociclistas que obtengan su licencia de conducir.<\/p>\n\n\n\n<p><a href=\"https:\/\/postpolitico.com.ar\/capacitacion-a-trabajadores-de-reparto-en-moreno\/\"><\/a><\/p>\n","protected":false},"excerpt":{"rendered":"<p>La Agencia Nacional de Seguridad Vial (ANSV) -organismo del Ministerio de Transporte- capacit\u00f3 a 100 trabajadores y trabajadoras de reparto&nbsp;en<\/p>\n","protected":false},"author":3,"featured_media":633,"comment_status":"closed","ping_status":"closed","sticky":false,"template":"","format":"standard","meta":{"colormag_page_container_layout":"default_layout","colormag_page_sidebar_layout":"default_layout","footnotes":""},"categories":[5,14],"tags":[],"class_list":["post-632","post","type-post","status-publish","format-standard","has-post-thumbnail","hentry","category-1ra-seccion","category-politica"],"yoast_head":"<!-- This site is optimized with the Yoast SEO plugin v27.4 - https:\/\/yoast.com\/product\/yoast-seo-wordpress\/ -->\n<title>Capacitaci\u00f3n a trabajadores de reparto en Moreno - InfoPBA247<\/title>\n<meta name=\"robots\" content=\"index, follow, max-snippet:-1, max-image-preview:large, max-video-preview:-1\" \/>\n<link rel=\"canonical\" href=\"https:\/\/infopba247.com.ar\/index.php\/2022\/08\/17\/capacitacion-a-trabajadores-de-reparto-en-moreno\/\" \/>\n<meta property=\"og:locale\" content=\"es_ES\" \/>\n<meta property=\"og:type\" content=\"article\" \/>\n<meta property=\"og:title\" content=\"Capacitaci\u00f3n a trabajadores de reparto en Moreno - InfoPBA247\" \/>\n<meta property=\"og:description\" content=\"La Agencia Nacional de Seguridad Vial (ANSV) -organismo del Ministerio de Transporte- capacit\u00f3 a 100 trabajadores y trabajadoras de reparto&nbsp;en\" \/>\n<meta property=\"og:url\" content=\"https:\/\/infopba247.com.ar\/index.php\/2022\/08\/17\/capacitacion-a-trabajadores-de-reparto-en-moreno\/\" \/>\n<meta property=\"og:site_name\" content=\"InfoPBA247\" \/>\n<meta property=\"article:publisher\" content=\"https:\/\/www.facebook.com\/InfoPBA\" \/>\n<meta property=\"article:published_time\" content=\"2022-08-17T01:40:00+00:00\" \/>\n<meta property=\"article:modified_time\" content=\"2022-09-05T01:41:17+00:00\" \/>\n<meta property=\"og:image\" content=\"https:\/\/infopba247.com.ar\/wp-content\/uploads\/2022\/09\/Act1-800x445-1.jpeg\" \/>\n\t<meta property=\"og:image:width\" content=\"800\" \/>\n\t<meta property=\"og:image:height\" content=\"445\" \/>\n\t<meta property=\"og:image:type\" content=\"image\/jpeg\" \/>\n<meta name=\"author\" content=\"Editor\" \/>\n<meta name=\"twitter:card\" content=\"summary_large_image\" \/>\n<meta name=\"twitter:label1\" content=\"Escrito por\" \/>\n\t<meta name=\"twitter:data1\" content=\"Editor\" \/>\n\t<meta name=\"twitter:label2\" content=\"Tiempo de lectura\" \/>\n\t<meta name=\"twitter:data2\" content=\"3 minutos\" \/>\n<script type=\"application\/ld+json\" class=\"yoast-schema-graph\">{\"@context\":\"https:\\\/\\\/schema.org\",\"@graph\":[{\"@type\":\"Article\",\"@id\":\"https:\\\/\\\/infopba247.com.ar\\\/index.php\\\/2022\\\/08\\\/17\\\/capacitacion-a-trabajadores-de-reparto-en-moreno\\\/#article\",\"isPartOf\":{\"@id\":\"https:\\\/\\\/infopba247.com.ar\\\/index.php\\\/2022\\\/08\\\/17\\\/capacitacion-a-trabajadores-de-reparto-en-moreno\\\/\"},\"author\":{\"name\":\"Editor\",\"@id\":\"https:\\\/\\\/infopba247.com.ar\\\/#\\\/schema\\\/person\\\/4975f1343a413e57bf839b3eed0099f2\"},\"headline\":\"Capacitaci\u00f3n a trabajadores de reparto en Moreno\",\"datePublished\":\"2022-08-17T01:40:00+00:00\",\"dateModified\":\"2022-09-05T01:41:17+00:00\",\"mainEntityOfPage\":{\"@id\":\"https:\\\/\\\/infopba247.com.ar\\\/index.php\\\/2022\\\/08\\\/17\\\/capacitacion-a-trabajadores-de-reparto-en-moreno\\\/\"},\"wordCount\":641,\"publisher\":{\"@id\":\"https:\\\/\\\/infopba247.com.ar\\\/#organization\"},\"image\":{\"@id\":\"https:\\\/\\\/infopba247.com.ar\\\/index.php\\\/2022\\\/08\\\/17\\\/capacitacion-a-trabajadores-de-reparto-en-moreno\\\/#primaryimage\"},\"thumbnailUrl\":\"https:\\\/\\\/infopba247.com.ar\\\/wp-content\\\/uploads\\\/2022\\\/09\\\/Act1-800x445-1.jpeg\",\"articleSection\":[\"1ra Secci\u00f3n\",\"Pol\u00edtica\"],\"inLanguage\":\"es\"},{\"@type\":\"WebPage\",\"@id\":\"https:\\\/\\\/infopba247.com.ar\\\/index.php\\\/2022\\\/08\\\/17\\\/capacitacion-a-trabajadores-de-reparto-en-moreno\\\/\",\"url\":\"https:\\\/\\\/infopba247.com.ar\\\/index.php\\\/2022\\\/08\\\/17\\\/capacitacion-a-trabajadores-de-reparto-en-moreno\\\/\",\"name\":\"Capacitaci\u00f3n a trabajadores de reparto en Moreno - InfoPBA247\",\"isPartOf\":{\"@id\":\"https:\\\/\\\/infopba247.com.ar\\\/#website\"},\"primaryImageOfPage\":{\"@id\":\"https:\\\/\\\/infopba247.com.ar\\\/index.php\\\/2022\\\/08\\\/17\\\/capacitacion-a-trabajadores-de-reparto-en-moreno\\\/#primaryimage\"},\"image\":{\"@id\":\"https:\\\/\\\/infopba247.com.ar\\\/index.php\\\/2022\\\/08\\\/17\\\/capacitacion-a-trabajadores-de-reparto-en-moreno\\\/#primaryimage\"},\"thumbnailUrl\":\"https:\\\/\\\/infopba247.com.ar\\\/wp-content\\\/uploads\\\/2022\\\/09\\\/Act1-800x445-1.jpeg\",\"datePublished\":\"2022-08-17T01:40:00+00:00\",\"dateModified\":\"2022-09-05T01:41:17+00:00\",\"breadcrumb\":{\"@id\":\"https:\\\/\\\/infopba247.com.ar\\\/index.php\\\/2022\\\/08\\\/17\\\/capacitacion-a-trabajadores-de-reparto-en-moreno\\\/#breadcrumb\"},\"inLanguage\":\"es\",\"potentialAction\":[{\"@type\":\"ReadAction\",\"target\":[\"https:\\\/\\\/infopba247.com.ar\\\/index.php\\\/2022\\\/08\\\/17\\\/capacitacion-a-trabajadores-de-reparto-en-moreno\\\/\"]}]},{\"@type\":\"ImageObject\",\"inLanguage\":\"es\",\"@id\":\"https:\\\/\\\/infopba247.com.ar\\\/index.php\\\/2022\\\/08\\\/17\\\/capacitacion-a-trabajadores-de-reparto-en-moreno\\\/#primaryimage\",\"url\":\"https:\\\/\\\/infopba247.com.ar\\\/wp-content\\\/uploads\\\/2022\\\/09\\\/Act1-800x445-1.jpeg\",\"contentUrl\":\"https:\\\/\\\/infopba247.com.ar\\\/wp-content\\\/uploads\\\/2022\\\/09\\\/Act1-800x445-1.jpeg\",\"width\":800,\"height\":445},{\"@type\":\"BreadcrumbList\",\"@id\":\"https:\\\/\\\/infopba247.com.ar\\\/index.php\\\/2022\\\/08\\\/17\\\/capacitacion-a-trabajadores-de-reparto-en-moreno\\\/#breadcrumb\",\"itemListElement\":[{\"@type\":\"ListItem\",\"position\":1,\"name\":\"Portada\",\"item\":\"https:\\\/\\\/infopba247.com.ar\\\/\"},{\"@type\":\"ListItem\",\"position\":2,\"name\":\"Capacitaci\u00f3n a trabajadores de reparto en Moreno\"}]},{\"@type\":\"WebSite\",\"@id\":\"https:\\\/\\\/infopba247.com.ar\\\/#website\",\"url\":\"https:\\\/\\\/infopba247.com.ar\\\/\",\"name\":\"InfoPBA247\",\"description\":\"Toda la actualidad bonaerense\",\"publisher\":{\"@id\":\"https:\\\/\\\/infopba247.com.ar\\\/#organization\"},\"potentialAction\":[{\"@type\":\"SearchAction\",\"target\":{\"@type\":\"EntryPoint\",\"urlTemplate\":\"https:\\\/\\\/infopba247.com.ar\\\/?s={search_term_string}\"},\"query-input\":{\"@type\":\"PropertyValueSpecification\",\"valueRequired\":true,\"valueName\":\"search_term_string\"}}],\"inLanguage\":\"es\"},{\"@type\":\"Organization\",\"@id\":\"https:\\\/\\\/infopba247.com.ar\\\/#organization\",\"name\":\"InfoPBA247\",\"url\":\"https:\\\/\\\/infopba247.com.ar\\\/\",\"logo\":{\"@type\":\"ImageObject\",\"inLanguage\":\"es\",\"@id\":\"https:\\\/\\\/infopba247.com.ar\\\/#\\\/schema\\\/logo\\\/image\\\/\",\"url\":\"https:\\\/\\\/infopba247.com.ar\\\/wp-content\\\/uploads\\\/2022\\\/03\\\/cropped-InfoPBA247-1.png\",\"contentUrl\":\"https:\\\/\\\/infopba247.com.ar\\\/wp-content\\\/uploads\\\/2022\\\/03\\\/cropped-InfoPBA247-1.png\",\"width\":500,\"height\":122,\"caption\":\"InfoPBA247\"},\"image\":{\"@id\":\"https:\\\/\\\/infopba247.com.ar\\\/#\\\/schema\\\/logo\\\/image\\\/\"},\"sameAs\":[\"https:\\\/\\\/www.facebook.com\\\/InfoPBA\"]},{\"@type\":\"Person\",\"@id\":\"https:\\\/\\\/infopba247.com.ar\\\/#\\\/schema\\\/person\\\/4975f1343a413e57bf839b3eed0099f2\",\"name\":\"Editor\",\"image\":{\"@type\":\"ImageObject\",\"inLanguage\":\"es\",\"@id\":\"https:\\\/\\\/secure.gravatar.com\\\/avatar\\\/d27fe9520667ca53441d36627a1d6b0fa4a813571ec4803687a7a3a7744685ac?s=96&d=mm&r=g\",\"url\":\"https:\\\/\\\/secure.gravatar.com\\\/avatar\\\/d27fe9520667ca53441d36627a1d6b0fa4a813571ec4803687a7a3a7744685ac?s=96&d=mm&r=g\",\"contentUrl\":\"https:\\\/\\\/secure.gravatar.com\\\/avatar\\\/d27fe9520667ca53441d36627a1d6b0fa4a813571ec4803687a7a3a7744685ac?s=96&d=mm&r=g\",\"caption\":\"Editor\"},\"url\":\"https:\\\/\\\/infopba247.com.ar\\\/index.php\\\/author\\\/editor\\\/\"}]}<\/script>\n<!-- \/ Yoast SEO plugin. -->","yoast_head_json":{"title":"Capacitaci\u00f3n a trabajadores de reparto en Moreno - InfoPBA247","robots":{"index":"index","follow":"follow","max-snippet":"max-snippet:-1","max-image-preview":"max-image-preview:large","max-video-preview":"max-video-preview:-1"},"canonical":"https:\/\/infopba247.com.ar\/index.php\/2022\/08\/17\/capacitacion-a-trabajadores-de-reparto-en-moreno\/","og_locale":"es_ES","og_type":"article","og_title":"Capacitaci\u00f3n a trabajadores de reparto en Moreno - InfoPBA247","og_description":"La Agencia Nacional de Seguridad Vial (ANSV) -organismo del Ministerio de Transporte- capacit\u00f3 a 100 trabajadores y trabajadoras de reparto&nbsp;en","og_url":"https:\/\/infopba247.com.ar\/index.php\/2022\/08\/17\/capacitacion-a-trabajadores-de-reparto-en-moreno\/","og_site_name":"InfoPBA247","article_publisher":"https:\/\/www.facebook.com\/InfoPBA","article_published_time":"2022-08-17T01:40:00+00:00","article_modified_time":"2022-09-05T01:41:17+00:00","og_image":[{"width":800,"height":445,"url":"https:\/\/infopba247.com.ar\/wp-content\/uploads\/2022\/09\/Act1-800x445-1.jpeg","type":"image\/jpeg"}],"author":"Editor","twitter_card":"summary_large_image","twitter_misc":{"Escrito por":"Editor","Tiempo de lectura":"3 minutos"},"schema":{"@context":"https:\/\/schema.org","@graph":[{"@type":"Article","@id":"https:\/\/infopba247.com.ar\/index.php\/2022\/08\/17\/capacitacion-a-trabajadores-de-reparto-en-moreno\/#article","isPartOf":{"@id":"https:\/\/infopba247.com.ar\/index.php\/2022\/08\/17\/capacitacion-a-trabajadores-de-reparto-en-moreno\/"},"author":{"name":"Editor","@id":"https:\/\/infopba247.com.ar\/#\/schema\/person\/4975f1343a413e57bf839b3eed0099f2"},"headline":"Capacitaci\u00f3n a trabajadores de reparto en Moreno","datePublished":"2022-08-17T01:40:00+00:00","dateModified":"2022-09-05T01:41:17+00:00","mainEntityOfPage":{"@id":"https:\/\/infopba247.com.ar\/index.php\/2022\/08\/17\/capacitacion-a-trabajadores-de-reparto-en-moreno\/"},"wordCount":641,"publisher":{"@id":"https:\/\/infopba247.com.ar\/#organization"},"image":{"@id":"https:\/\/infopba247.com.ar\/index.php\/2022\/08\/17\/capacitacion-a-trabajadores-de-reparto-en-moreno\/#primaryimage"},"thumbnailUrl":"https:\/\/infopba247.com.ar\/wp-content\/uploads\/2022\/09\/Act1-800x445-1.jpeg","articleSection":["1ra Secci\u00f3n","Pol\u00edtica"],"inLanguage":"es"},{"@type":"WebPage","@id":"https:\/\/infopba247.com.ar\/index.php\/2022\/08\/17\/capacitacion-a-trabajadores-de-reparto-en-moreno\/","url":"https:\/\/infopba247.com.ar\/index.php\/2022\/08\/17\/capacitacion-a-trabajadores-de-reparto-en-moreno\/","name":"Capacitaci\u00f3n a trabajadores de reparto en Moreno - InfoPBA247","isPartOf":{"@id":"https:\/\/infopba247.com.ar\/#website"},"primaryImageOfPage":{"@id":"https:\/\/infopba247.com.ar\/index.php\/2022\/08\/17\/capacitacion-a-trabajadores-de-reparto-en-moreno\/#primaryimage"},"image":{"@id":"https:\/\/infopba247.com.ar\/index.php\/2022\/08\/17\/capacitacion-a-trabajadores-de-reparto-en-moreno\/#primaryimage"},"thumbnailUrl":"https:\/\/infopba247.com.ar\/wp-content\/uploads\/2022\/09\/Act1-800x445-1.jpeg","datePublished":"2022-08-17T01:40:00+00:00","dateModified":"2022-09-05T01:41:17+00:00","breadcrumb":{"@id":"https:\/\/infopba247.com.ar\/index.php\/2022\/08\/17\/capacitacion-a-trabajadores-de-reparto-en-moreno\/#breadcrumb"},"inLanguage":"es","potentialAction":[{"@type":"ReadAction","target":["https:\/\/infopba247.com.ar\/index.php\/2022\/08\/17\/capacitacion-a-trabajadores-de-reparto-en-moreno\/"]}]},{"@type":"ImageObject","inLanguage":"es","@id":"https:\/\/infopba247.com.ar\/index.php\/2022\/08\/17\/capacitacion-a-trabajadores-de-reparto-en-moreno\/#primaryimage","url":"https:\/\/infopba247.com.ar\/wp-content\/uploads\/2022\/09\/Act1-800x445-1.jpeg","contentUrl":"https:\/\/infopba247.com.ar\/wp-content\/uploads\/2022\/09\/Act1-800x445-1.jpeg","width":800,"height":445},{"@type":"BreadcrumbList","@id":"https:\/\/infopba247.com.ar\/index.php\/2022\/08\/17\/capacitacion-a-trabajadores-de-reparto-en-moreno\/#breadcrumb","itemListElement":[{"@type":"ListItem","position":1,"name":"Portada","item":"https:\/\/infopba247.com.ar\/"},{"@type":"ListItem","position":2,"name":"Capacitaci\u00f3n a trabajadores de reparto en Moreno"}]},{"@type":"WebSite","@id":"https:\/\/infopba247.com.ar\/#website","url":"https:\/\/infopba247.com.ar\/","name":"InfoPBA247","description":"Toda la actualidad bonaerense","publisher":{"@id":"https:\/\/infopba247.com.ar\/#organization"},"potentialAction":[{"@type":"SearchAction","target":{"@type":"EntryPoint","urlTemplate":"https:\/\/infopba247.com.ar\/?s={search_term_string}"},"query-input":{"@type":"PropertyValueSpecification","valueRequired":true,"valueName":"search_term_string"}}],"inLanguage":"es"},{"@type":"Organization","@id":"https:\/\/infopba247.com.ar\/#organization","name":"InfoPBA247","url":"https:\/\/infopba247.com.ar\/","logo":{"@type":"ImageObject","inLanguage":"es","@id":"https:\/\/infopba247.com.ar\/#\/schema\/logo\/image\/","url":"https:\/\/infopba247.com.ar\/wp-content\/uploads\/2022\/03\/cropped-InfoPBA247-1.png","contentUrl":"https:\/\/infopba247.com.ar\/wp-content\/uploads\/2022\/03\/cropped-InfoPBA247-1.png","width":500,"height":122,"caption":"InfoPBA247"},"image":{"@id":"https:\/\/infopba247.com.ar\/#\/schema\/logo\/image\/"},"sameAs":["https:\/\/www.facebook.com\/InfoPBA"]},{"@type":"Person","@id":"https:\/\/infopba247.com.ar\/#\/schema\/person\/4975f1343a413e57bf839b3eed0099f2","name":"Editor","image":{"@type":"ImageObject","inLanguage":"es","@id":"https:\/\/secure.gravatar.com\/avatar\/d27fe9520667ca53441d36627a1d6b0fa4a813571ec4803687a7a3a7744685ac?s=96&d=mm&r=g","url":"https:\/\/secure.gravatar.com\/avatar\/d27fe9520667ca53441d36627a1d6b0fa4a813571ec4803687a7a3a7744685ac?s=96&d=mm&r=g","contentUrl":"https:\/\/secure.gravatar.com\/avatar\/d27fe9520667ca53441d36627a1d6b0fa4a813571ec4803687a7a3a7744685ac?s=96&d=mm&r=g","caption":"Editor"},"url":"https:\/\/infopba247.com.ar\/index.php\/author\/editor\/"}]}},"_links":{"self":[{"href":"https:\/\/infopba247.com.ar\/index.php\/wp-json\/wp\/v2\/posts\/632","targetHints":{"allow":["GET"]}}],"collection":[{"href":"https:\/\/infopba247.com.ar\/index.php\/wp-json\/wp\/v2\/posts"}],"about":[{"href":"https:\/\/infopba247.com.ar\/index.php\/wp-json\/wp\/v2\/types\/post"}],"author":[{"embeddable":true,"href":"https:\/\/infopba247.com.ar\/index.php\/wp-json\/wp\/v2\/users\/3"}],"replies":[{"embeddable":true,"href":"https:\/\/infopba247.com.ar\/index.php\/wp-json\/wp\/v2\/comments?post=632"}],"version-history":[{"count":1,"href":"https:\/\/infopba247.com.ar\/index.php\/wp-json\/wp\/v2\/posts\/632\/revisions"}],"predecessor-version":[{"id":634,"href":"https:\/\/infopba247.com.ar\/index.php\/wp-json\/wp\/v2\/posts\/632\/revisions\/634"}],"wp:featuredmedia":[{"embeddable":true,"href":"https:\/\/infopba247.com.ar\/index.php\/wp-json\/wp\/v2\/media\/633"}],"wp:attachment":[{"href":"https:\/\/infopba247.com.ar\/index.php\/wp-json\/wp\/v2\/media?parent=632"}],"wp:term":[{"taxonomy":"category","embeddable":true,"href":"https:\/\/infopba247.com.ar\/index.php\/wp-json\/wp\/v2\/categories?post=632"},{"taxonomy":"post_tag","embeddable":true,"href":"https:\/\/infopba247.com.ar\/index.php\/wp-json\/wp\/v2\/tags?post=632"}],"curies":[{"name":"wp","href":"https:\/\/api.w.org\/{rel}","templated":true}]}}