{"id":6292,"date":"2025-01-30T11:28:15","date_gmt":"2025-01-30T14:28:15","guid":{"rendered":"https:\/\/infopba247.com.ar\/?p=6292"},"modified":"2025-01-30T11:28:18","modified_gmt":"2025-01-30T14:28:18","slug":"plan-integral-de-alumbrado-publico-se-concretaron-tareas-en-cuatro-importantes-zonas-del-partido","status":"publish","type":"post","link":"https:\/\/infopba247.com.ar\/index.php\/2025\/01\/30\/plan-integral-de-alumbrado-publico-se-concretaron-tareas-en-cuatro-importantes-zonas-del-partido\/","title":{"rendered":"Plan integral de alumbrado p\u00fablico: se concretaron tareas en cuatro importantes zonas del partido\u00a0"},"content":{"rendered":"\n<p>En el marco de la renovaci\u00f3n y modernizaci\u00f3n del sistema de alumbrado p\u00fablico que prev\u00e9 el recambio tecnol\u00f3gico, la repotenciaci\u00f3n, la reposici\u00f3n de artefactos robados y la puesta en valor de los existentes, durante los \u00faltimos d\u00edas se intervinieron luminarias y tendidos en cuatro puntos neur\u00e1lgicos del partido.&nbsp;<\/p>\n\n\n\n<p>En ese sentido, la gesti\u00f3n del intendente Julio Alak reemplaz\u00f3 67 artefactos de 100 watts por otros LED de 200 watts en avenida 25 de 32 a 520, repuso cables vandalizados en 122 entre 80 y 86, repotenci\u00f3 el alumbrado p\u00fablico de avenida 520 desde 1 hasta 13 y reubic\u00f3 columnas en 496 desde Camino Centenario hasta 14.&nbsp;<\/p>\n\n\n\n<p>Con el objetivo de brindar un servicio m\u00e1s eficiente, el proyecto abarca obras de conservaci\u00f3n, adecuaci\u00f3n, modernizaci\u00f3n tecnol\u00f3gica y remodelaci\u00f3n del sistema de alumbrado p\u00fablico, aumentando los servicios mensuales de mantenimiento integral de 4 mil a 13 mil, lo que representa un incremento del 225% respecto del esquema anterior.&nbsp;<\/p>\n\n\n\n<p>Para su ejecuci\u00f3n, se realiz\u00f3 un relevamiento inicial que permiti\u00f3 evaluar el estado actual del sistema de iluminaci\u00f3n en las diversas \u00e1reas de La Plata, facilitando la planificaci\u00f3n de las acciones necesarias para asegurar su conservaci\u00f3n, prevenir el deterioro de las luminarias existentes y garantizar una respuesta r\u00e1pida y efectiva ante cualquier inconveniente.&nbsp;<\/p>\n\n\n\n<p>LAS ZONAS A INTERVENIR&nbsp;<\/p>\n\n\n\n<p>Para ejecutar el plan, el Municipio dividi\u00f3 la ciudad en tres zonas, una de las cuales es el casco urbano, comprendido por avenida 32 desde el l\u00edmite con Ensenada hasta su continuidad con bulevar 82; bulevar 82 y su continuidad hasta avenida 31; avenida 31 hasta su continuidad con bulevar 81; bulevar 81 hasta su continuidad con avenida 72; y avenida 72 hasta el l\u00edmite con Berisso.&nbsp;<\/p>\n\n\n\n<p>Por otro lado, la zona norte abarca la avenida 32 desde el l\u00edmite con Ensenada hasta su continuidad con bulevar 82; bulevar 82 y su continuidad hasta avenida 31; avenida 31 hasta avenida 52; avenida 52 hasta Ruta Provincial N\u00b0 36; y Ruta N\u00b0 36 hasta el l\u00edmite con Berazategui.&nbsp;<\/p>\n\n\n\n<p>Y, finalmente, la zona sur se extiende por avenida 72 desde el l\u00edmite con Berisso hasta su continuidad con bulevar 81; bulevar 81 y su continuidad hasta avenida 31; avenida 31 hasta avenida 52; avenida 52 hasta Ruta Provincial N\u00b0 36; y Ruta N\u00b0 36 hasta el l\u00edmite con Magdalena.&nbsp;<\/p>\n","protected":false},"excerpt":{"rendered":"<p>En el marco de la renovaci\u00f3n y modernizaci\u00f3n del sistema de alumbrado p\u00fablico que prev\u00e9 el recambio tecnol\u00f3gico, la repotenciaci\u00f3n,<\/p>\n","protected":false},"author":3,"featured_media":6288,"comment_status":"open","ping_status":"open","sticky":false,"template":"","format":"standard","meta":{"colormag_page_container_layout":"default_layout","colormag_page_sidebar_layout":"default_layout","footnotes":""},"categories":[12,1,14],"tags":[],"class_list":["post-6292","post","type-post","status-publish","format-standard","has-post-thumbnail","hentry","category-8va-seccion","category-destacadas","category-politica"],"yoast_head":"<!-- This site is optimized with the Yoast SEO plugin v27.4 - https:\/\/yoast.com\/product\/yoast-seo-wordpress\/ -->\n<title>Plan integral de alumbrado p\u00fablico: se concretaron tareas en cuatro importantes zonas del partido\u00a0 - InfoPBA247<\/title>\n<meta name=\"robots\" content=\"index, follow, max-snippet:-1, max-image-preview:large, max-video-preview:-1\" \/>\n<link rel=\"canonical\" href=\"https:\/\/infopba247.com.ar\/index.php\/2025\/01\/30\/plan-integral-de-alumbrado-publico-se-concretaron-tareas-en-cuatro-importantes-zonas-del-partido\/\" \/>\n<meta property=\"og:locale\" content=\"es_ES\" \/>\n<meta property=\"og:type\" content=\"article\" \/>\n<meta property=\"og:title\" content=\"Plan integral de alumbrado p\u00fablico: se concretaron tareas en cuatro importantes zonas del partido\u00a0 - InfoPBA247\" \/>\n<meta property=\"og:description\" content=\"En el marco de la renovaci\u00f3n y modernizaci\u00f3n del sistema de alumbrado p\u00fablico que prev\u00e9 el recambio tecnol\u00f3gico, la repotenciaci\u00f3n,\" \/>\n<meta property=\"og:url\" content=\"https:\/\/infopba247.com.ar\/index.php\/2025\/01\/30\/plan-integral-de-alumbrado-publico-se-concretaron-tareas-en-cuatro-importantes-zonas-del-partido\/\" \/>\n<meta property=\"og:site_name\" content=\"InfoPBA247\" \/>\n<meta property=\"article:publisher\" content=\"https:\/\/www.facebook.com\/InfoPBA\" \/>\n<meta property=\"article:published_time\" content=\"2025-01-30T14:28:15+00:00\" \/>\n<meta property=\"article:modified_time\" content=\"2025-01-30T14:28:18+00:00\" \/>\n<meta property=\"og:image\" content=\"https:\/\/infopba247.com.ar\/wp-content\/uploads\/2025\/01\/unnamed-22.jpg\" \/>\n\t<meta property=\"og:image:width\" content=\"1600\" \/>\n\t<meta property=\"og:image:height\" content=\"1066\" \/>\n\t<meta property=\"og:image:type\" content=\"image\/jpeg\" \/>\n<meta name=\"author\" content=\"Editor\" \/>\n<meta name=\"twitter:card\" content=\"summary_large_image\" \/>\n<meta name=\"twitter:label1\" content=\"Escrito por\" \/>\n\t<meta name=\"twitter:data1\" content=\"Editor\" \/>\n\t<meta name=\"twitter:label2\" content=\"Tiempo de lectura\" \/>\n\t<meta name=\"twitter:data2\" content=\"2 minutos\" \/>\n<script type=\"application\/ld+json\" class=\"yoast-schema-graph\">{\"@context\":\"https:\\\/\\\/schema.org\",\"@graph\":[{\"@type\":\"Article\",\"@id\":\"https:\\\/\\\/infopba247.com.ar\\\/index.php\\\/2025\\\/01\\\/30\\\/plan-integral-de-alumbrado-publico-se-concretaron-tareas-en-cuatro-importantes-zonas-del-partido\\\/#article\",\"isPartOf\":{\"@id\":\"https:\\\/\\\/infopba247.com.ar\\\/index.php\\\/2025\\\/01\\\/30\\\/plan-integral-de-alumbrado-publico-se-concretaron-tareas-en-cuatro-importantes-zonas-del-partido\\\/\"},\"author\":{\"name\":\"Editor\",\"@id\":\"https:\\\/\\\/infopba247.com.ar\\\/#\\\/schema\\\/person\\\/4975f1343a413e57bf839b3eed0099f2\"},\"headline\":\"Plan integral de alumbrado p\u00fablico: se concretaron tareas en cuatro importantes zonas del partido\u00a0\",\"datePublished\":\"2025-01-30T14:28:15+00:00\",\"dateModified\":\"2025-01-30T14:28:18+00:00\",\"mainEntityOfPage\":{\"@id\":\"https:\\\/\\\/infopba247.com.ar\\\/index.php\\\/2025\\\/01\\\/30\\\/plan-integral-de-alumbrado-publico-se-concretaron-tareas-en-cuatro-importantes-zonas-del-partido\\\/\"},\"wordCount\":386,\"commentCount\":0,\"publisher\":{\"@id\":\"https:\\\/\\\/infopba247.com.ar\\\/#organization\"},\"image\":{\"@id\":\"https:\\\/\\\/infopba247.com.ar\\\/index.php\\\/2025\\\/01\\\/30\\\/plan-integral-de-alumbrado-publico-se-concretaron-tareas-en-cuatro-importantes-zonas-del-partido\\\/#primaryimage\"},\"thumbnailUrl\":\"https:\\\/\\\/infopba247.com.ar\\\/wp-content\\\/uploads\\\/2025\\\/01\\\/unnamed-22.jpg\",\"articleSection\":[\"8va Secci\u00f3n\",\"Destacadas\",\"Pol\u00edtica\"],\"inLanguage\":\"es\",\"potentialAction\":[{\"@type\":\"CommentAction\",\"name\":\"Comment\",\"target\":[\"https:\\\/\\\/infopba247.com.ar\\\/index.php\\\/2025\\\/01\\\/30\\\/plan-integral-de-alumbrado-publico-se-concretaron-tareas-en-cuatro-importantes-zonas-del-partido\\\/#respond\"]}]},{\"@type\":\"WebPage\",\"@id\":\"https:\\\/\\\/infopba247.com.ar\\\/index.php\\\/2025\\\/01\\\/30\\\/plan-integral-de-alumbrado-publico-se-concretaron-tareas-en-cuatro-importantes-zonas-del-partido\\\/\",\"url\":\"https:\\\/\\\/infopba247.com.ar\\\/index.php\\\/2025\\\/01\\\/30\\\/plan-integral-de-alumbrado-publico-se-concretaron-tareas-en-cuatro-importantes-zonas-del-partido\\\/\",\"name\":\"Plan integral de alumbrado p\u00fablico: se concretaron tareas en cuatro importantes zonas del partido\u00a0 - InfoPBA247\",\"isPartOf\":{\"@id\":\"https:\\\/\\\/infopba247.com.ar\\\/#website\"},\"primaryImageOfPage\":{\"@id\":\"https:\\\/\\\/infopba247.com.ar\\\/index.php\\\/2025\\\/01\\\/30\\\/plan-integral-de-alumbrado-publico-se-concretaron-tareas-en-cuatro-importantes-zonas-del-partido\\\/#primaryimage\"},\"image\":{\"@id\":\"https:\\\/\\\/infopba247.com.ar\\\/index.php\\\/2025\\\/01\\\/30\\\/plan-integral-de-alumbrado-publico-se-concretaron-tareas-en-cuatro-importantes-zonas-del-partido\\\/#primaryimage\"},\"thumbnailUrl\":\"https:\\\/\\\/infopba247.com.ar\\\/wp-content\\\/uploads\\\/2025\\\/01\\\/unnamed-22.jpg\",\"datePublished\":\"2025-01-30T14:28:15+00:00\",\"dateModified\":\"2025-01-30T14:28:18+00:00\",\"breadcrumb\":{\"@id\":\"https:\\\/\\\/infopba247.com.ar\\\/index.php\\\/2025\\\/01\\\/30\\\/plan-integral-de-alumbrado-publico-se-concretaron-tareas-en-cuatro-importantes-zonas-del-partido\\\/#breadcrumb\"},\"inLanguage\":\"es\",\"potentialAction\":[{\"@type\":\"ReadAction\",\"target\":[\"https:\\\/\\\/infopba247.com.ar\\\/index.php\\\/2025\\\/01\\\/30\\\/plan-integral-de-alumbrado-publico-se-concretaron-tareas-en-cuatro-importantes-zonas-del-partido\\\/\"]}]},{\"@type\":\"ImageObject\",\"inLanguage\":\"es\",\"@id\":\"https:\\\/\\\/infopba247.com.ar\\\/index.php\\\/2025\\\/01\\\/30\\\/plan-integral-de-alumbrado-publico-se-concretaron-tareas-en-cuatro-importantes-zonas-del-partido\\\/#primaryimage\",\"url\":\"https:\\\/\\\/infopba247.com.ar\\\/wp-content\\\/uploads\\\/2025\\\/01\\\/unnamed-22.jpg\",\"contentUrl\":\"https:\\\/\\\/infopba247.com.ar\\\/wp-content\\\/uploads\\\/2025\\\/01\\\/unnamed-22.jpg\",\"width\":1600,\"height\":1066},{\"@type\":\"BreadcrumbList\",\"@id\":\"https:\\\/\\\/infopba247.com.ar\\\/index.php\\\/2025\\\/01\\\/30\\\/plan-integral-de-alumbrado-publico-se-concretaron-tareas-en-cuatro-importantes-zonas-del-partido\\\/#breadcrumb\",\"itemListElement\":[{\"@type\":\"ListItem\",\"position\":1,\"name\":\"Portada\",\"item\":\"https:\\\/\\\/infopba247.com.ar\\\/\"},{\"@type\":\"ListItem\",\"position\":2,\"name\":\"Plan integral de alumbrado p\u00fablico: se concretaron tareas en cuatro importantes zonas del partido\u00a0\"}]},{\"@type\":\"WebSite\",\"@id\":\"https:\\\/\\\/infopba247.com.ar\\\/#website\",\"url\":\"https:\\\/\\\/infopba247.com.ar\\\/\",\"name\":\"InfoPBA247\",\"description\":\"Toda la actualidad bonaerense\",\"publisher\":{\"@id\":\"https:\\\/\\\/infopba247.com.ar\\\/#organization\"},\"potentialAction\":[{\"@type\":\"SearchAction\",\"target\":{\"@type\":\"EntryPoint\",\"urlTemplate\":\"https:\\\/\\\/infopba247.com.ar\\\/?s={search_term_string}\"},\"query-input\":{\"@type\":\"PropertyValueSpecification\",\"valueRequired\":true,\"valueName\":\"search_term_string\"}}],\"inLanguage\":\"es\"},{\"@type\":\"Organization\",\"@id\":\"https:\\\/\\\/infopba247.com.ar\\\/#organization\",\"name\":\"InfoPBA247\",\"url\":\"https:\\\/\\\/infopba247.com.ar\\\/\",\"logo\":{\"@type\":\"ImageObject\",\"inLanguage\":\"es\",\"@id\":\"https:\\\/\\\/infopba247.com.ar\\\/#\\\/schema\\\/logo\\\/image\\\/\",\"url\":\"https:\\\/\\\/infopba247.com.ar\\\/wp-content\\\/uploads\\\/2022\\\/03\\\/cropped-InfoPBA247-1.png\",\"contentUrl\":\"https:\\\/\\\/infopba247.com.ar\\\/wp-content\\\/uploads\\\/2022\\\/03\\\/cropped-InfoPBA247-1.png\",\"width\":500,\"height\":122,\"caption\":\"InfoPBA247\"},\"image\":{\"@id\":\"https:\\\/\\\/infopba247.com.ar\\\/#\\\/schema\\\/logo\\\/image\\\/\"},\"sameAs\":[\"https:\\\/\\\/www.facebook.com\\\/InfoPBA\"]},{\"@type\":\"Person\",\"@id\":\"https:\\\/\\\/infopba247.com.ar\\\/#\\\/schema\\\/person\\\/4975f1343a413e57bf839b3eed0099f2\",\"name\":\"Editor\",\"image\":{\"@type\":\"ImageObject\",\"inLanguage\":\"es\",\"@id\":\"https:\\\/\\\/secure.gravatar.com\\\/avatar\\\/d27fe9520667ca53441d36627a1d6b0fa4a813571ec4803687a7a3a7744685ac?s=96&d=mm&r=g\",\"url\":\"https:\\\/\\\/secure.gravatar.com\\\/avatar\\\/d27fe9520667ca53441d36627a1d6b0fa4a813571ec4803687a7a3a7744685ac?s=96&d=mm&r=g\",\"contentUrl\":\"https:\\\/\\\/secure.gravatar.com\\\/avatar\\\/d27fe9520667ca53441d36627a1d6b0fa4a813571ec4803687a7a3a7744685ac?s=96&d=mm&r=g\",\"caption\":\"Editor\"},\"url\":\"https:\\\/\\\/infopba247.com.ar\\\/index.php\\\/author\\\/editor\\\/\"}]}<\/script>\n<!-- \/ Yoast SEO plugin. -->","yoast_head_json":{"title":"Plan integral de alumbrado p\u00fablico: se concretaron tareas en cuatro importantes zonas del partido\u00a0 - InfoPBA247","robots":{"index":"index","follow":"follow","max-snippet":"max-snippet:-1","max-image-preview":"max-image-preview:large","max-video-preview":"max-video-preview:-1"},"canonical":"https:\/\/infopba247.com.ar\/index.php\/2025\/01\/30\/plan-integral-de-alumbrado-publico-se-concretaron-tareas-en-cuatro-importantes-zonas-del-partido\/","og_locale":"es_ES","og_type":"article","og_title":"Plan integral de alumbrado p\u00fablico: se concretaron tareas en cuatro importantes zonas del partido\u00a0 - InfoPBA247","og_description":"En el marco de la renovaci\u00f3n y modernizaci\u00f3n del sistema de alumbrado p\u00fablico que prev\u00e9 el recambio tecnol\u00f3gico, la repotenciaci\u00f3n,","og_url":"https:\/\/infopba247.com.ar\/index.php\/2025\/01\/30\/plan-integral-de-alumbrado-publico-se-concretaron-tareas-en-cuatro-importantes-zonas-del-partido\/","og_site_name":"InfoPBA247","article_publisher":"https:\/\/www.facebook.com\/InfoPBA","article_published_time":"2025-01-30T14:28:15+00:00","article_modified_time":"2025-01-30T14:28:18+00:00","og_image":[{"width":1600,"height":1066,"url":"https:\/\/infopba247.com.ar\/wp-content\/uploads\/2025\/01\/unnamed-22.jpg","type":"image\/jpeg"}],"author":"Editor","twitter_card":"summary_large_image","twitter_misc":{"Escrito por":"Editor","Tiempo de lectura":"2 minutos"},"schema":{"@context":"https:\/\/schema.org","@graph":[{"@type":"Article","@id":"https:\/\/infopba247.com.ar\/index.php\/2025\/01\/30\/plan-integral-de-alumbrado-publico-se-concretaron-tareas-en-cuatro-importantes-zonas-del-partido\/#article","isPartOf":{"@id":"https:\/\/infopba247.com.ar\/index.php\/2025\/01\/30\/plan-integral-de-alumbrado-publico-se-concretaron-tareas-en-cuatro-importantes-zonas-del-partido\/"},"author":{"name":"Editor","@id":"https:\/\/infopba247.com.ar\/#\/schema\/person\/4975f1343a413e57bf839b3eed0099f2"},"headline":"Plan integral de alumbrado p\u00fablico: se concretaron tareas en cuatro importantes zonas del partido\u00a0","datePublished":"2025-01-30T14:28:15+00:00","dateModified":"2025-01-30T14:28:18+00:00","mainEntityOfPage":{"@id":"https:\/\/infopba247.com.ar\/index.php\/2025\/01\/30\/plan-integral-de-alumbrado-publico-se-concretaron-tareas-en-cuatro-importantes-zonas-del-partido\/"},"wordCount":386,"commentCount":0,"publisher":{"@id":"https:\/\/infopba247.com.ar\/#organization"},"image":{"@id":"https:\/\/infopba247.com.ar\/index.php\/2025\/01\/30\/plan-integral-de-alumbrado-publico-se-concretaron-tareas-en-cuatro-importantes-zonas-del-partido\/#primaryimage"},"thumbnailUrl":"https:\/\/infopba247.com.ar\/wp-content\/uploads\/2025\/01\/unnamed-22.jpg","articleSection":["8va Secci\u00f3n","Destacadas","Pol\u00edtica"],"inLanguage":"es","potentialAction":[{"@type":"CommentAction","name":"Comment","target":["https:\/\/infopba247.com.ar\/index.php\/2025\/01\/30\/plan-integral-de-alumbrado-publico-se-concretaron-tareas-en-cuatro-importantes-zonas-del-partido\/#respond"]}]},{"@type":"WebPage","@id":"https:\/\/infopba247.com.ar\/index.php\/2025\/01\/30\/plan-integral-de-alumbrado-publico-se-concretaron-tareas-en-cuatro-importantes-zonas-del-partido\/","url":"https:\/\/infopba247.com.ar\/index.php\/2025\/01\/30\/plan-integral-de-alumbrado-publico-se-concretaron-tareas-en-cuatro-importantes-zonas-del-partido\/","name":"Plan integral de alumbrado p\u00fablico: se concretaron tareas en cuatro importantes zonas del partido\u00a0 - InfoPBA247","isPartOf":{"@id":"https:\/\/infopba247.com.ar\/#website"},"primaryImageOfPage":{"@id":"https:\/\/infopba247.com.ar\/index.php\/2025\/01\/30\/plan-integral-de-alumbrado-publico-se-concretaron-tareas-en-cuatro-importantes-zonas-del-partido\/#primaryimage"},"image":{"@id":"https:\/\/infopba247.com.ar\/index.php\/2025\/01\/30\/plan-integral-de-alumbrado-publico-se-concretaron-tareas-en-cuatro-importantes-zonas-del-partido\/#primaryimage"},"thumbnailUrl":"https:\/\/infopba247.com.ar\/wp-content\/uploads\/2025\/01\/unnamed-22.jpg","datePublished":"2025-01-30T14:28:15+00:00","dateModified":"2025-01-30T14:28:18+00:00","breadcrumb":{"@id":"https:\/\/infopba247.com.ar\/index.php\/2025\/01\/30\/plan-integral-de-alumbrado-publico-se-concretaron-tareas-en-cuatro-importantes-zonas-del-partido\/#breadcrumb"},"inLanguage":"es","potentialAction":[{"@type":"ReadAction","target":["https:\/\/infopba247.com.ar\/index.php\/2025\/01\/30\/plan-integral-de-alumbrado-publico-se-concretaron-tareas-en-cuatro-importantes-zonas-del-partido\/"]}]},{"@type":"ImageObject","inLanguage":"es","@id":"https:\/\/infopba247.com.ar\/index.php\/2025\/01\/30\/plan-integral-de-alumbrado-publico-se-concretaron-tareas-en-cuatro-importantes-zonas-del-partido\/#primaryimage","url":"https:\/\/infopba247.com.ar\/wp-content\/uploads\/2025\/01\/unnamed-22.jpg","contentUrl":"https:\/\/infopba247.com.ar\/wp-content\/uploads\/2025\/01\/unnamed-22.jpg","width":1600,"height":1066},{"@type":"BreadcrumbList","@id":"https:\/\/infopba247.com.ar\/index.php\/2025\/01\/30\/plan-integral-de-alumbrado-publico-se-concretaron-tareas-en-cuatro-importantes-zonas-del-partido\/#breadcrumb","itemListElement":[{"@type":"ListItem","position":1,"name":"Portada","item":"https:\/\/infopba247.com.ar\/"},{"@type":"ListItem","position":2,"name":"Plan integral de alumbrado p\u00fablico: se concretaron tareas en cuatro importantes zonas del partido\u00a0"}]},{"@type":"WebSite","@id":"https:\/\/infopba247.com.ar\/#website","url":"https:\/\/infopba247.com.ar\/","name":"InfoPBA247","description":"Toda la actualidad bonaerense","publisher":{"@id":"https:\/\/infopba247.com.ar\/#organization"},"potentialAction":[{"@type":"SearchAction","target":{"@type":"EntryPoint","urlTemplate":"https:\/\/infopba247.com.ar\/?s={search_term_string}"},"query-input":{"@type":"PropertyValueSpecification","valueRequired":true,"valueName":"search_term_string"}}],"inLanguage":"es"},{"@type":"Organization","@id":"https:\/\/infopba247.com.ar\/#organization","name":"InfoPBA247","url":"https:\/\/infopba247.com.ar\/","logo":{"@type":"ImageObject","inLanguage":"es","@id":"https:\/\/infopba247.com.ar\/#\/schema\/logo\/image\/","url":"https:\/\/infopba247.com.ar\/wp-content\/uploads\/2022\/03\/cropped-InfoPBA247-1.png","contentUrl":"https:\/\/infopba247.com.ar\/wp-content\/uploads\/2022\/03\/cropped-InfoPBA247-1.png","width":500,"height":122,"caption":"InfoPBA247"},"image":{"@id":"https:\/\/infopba247.com.ar\/#\/schema\/logo\/image\/"},"sameAs":["https:\/\/www.facebook.com\/InfoPBA"]},{"@type":"Person","@id":"https:\/\/infopba247.com.ar\/#\/schema\/person\/4975f1343a413e57bf839b3eed0099f2","name":"Editor","image":{"@type":"ImageObject","inLanguage":"es","@id":"https:\/\/secure.gravatar.com\/avatar\/d27fe9520667ca53441d36627a1d6b0fa4a813571ec4803687a7a3a7744685ac?s=96&d=mm&r=g","url":"https:\/\/secure.gravatar.com\/avatar\/d27fe9520667ca53441d36627a1d6b0fa4a813571ec4803687a7a3a7744685ac?s=96&d=mm&r=g","contentUrl":"https:\/\/secure.gravatar.com\/avatar\/d27fe9520667ca53441d36627a1d6b0fa4a813571ec4803687a7a3a7744685ac?s=96&d=mm&r=g","caption":"Editor"},"url":"https:\/\/infopba247.com.ar\/index.php\/author\/editor\/"}]}},"_links":{"self":[{"href":"https:\/\/infopba247.com.ar\/index.php\/wp-json\/wp\/v2\/posts\/6292","targetHints":{"allow":["GET"]}}],"collection":[{"href":"https:\/\/infopba247.com.ar\/index.php\/wp-json\/wp\/v2\/posts"}],"about":[{"href":"https:\/\/infopba247.com.ar\/index.php\/wp-json\/wp\/v2\/types\/post"}],"author":[{"embeddable":true,"href":"https:\/\/infopba247.com.ar\/index.php\/wp-json\/wp\/v2\/users\/3"}],"replies":[{"embeddable":true,"href":"https:\/\/infopba247.com.ar\/index.php\/wp-json\/wp\/v2\/comments?post=6292"}],"version-history":[{"count":1,"href":"https:\/\/infopba247.com.ar\/index.php\/wp-json\/wp\/v2\/posts\/6292\/revisions"}],"predecessor-version":[{"id":6293,"href":"https:\/\/infopba247.com.ar\/index.php\/wp-json\/wp\/v2\/posts\/6292\/revisions\/6293"}],"wp:featuredmedia":[{"embeddable":true,"href":"https:\/\/infopba247.com.ar\/index.php\/wp-json\/wp\/v2\/media\/6288"}],"wp:attachment":[{"href":"https:\/\/infopba247.com.ar\/index.php\/wp-json\/wp\/v2\/media?parent=6292"}],"wp:term":[{"taxonomy":"category","embeddable":true,"href":"https:\/\/infopba247.com.ar\/index.php\/wp-json\/wp\/v2\/categories?post=6292"},{"taxonomy":"post_tag","embeddable":true,"href":"https:\/\/infopba247.com.ar\/index.php\/wp-json\/wp\/v2\/tags?post=6292"}],"curies":[{"name":"wp","href":"https:\/\/api.w.org\/{rel}","templated":true}]}}