{"id":626,"date":"2022-08-09T01:38:00","date_gmt":"2022-08-09T01:38:00","guid":{"rendered":"https:\/\/infopba247.com.ar\/?p=626"},"modified":"2022-09-05T01:39:16","modified_gmt":"2022-09-05T01:39:16","slug":"mariel-fernandez-celebro-la-recuperacion-de-la-casa-donde-vivio-molina-campos","status":"publish","type":"post","link":"https:\/\/infopba247.com.ar\/index.php\/2022\/08\/09\/mariel-fernandez-celebro-la-recuperacion-de-la-casa-donde-vivio-molina-campos\/","title":{"rendered":"Mariel Fern\u00e1ndez celebr\u00f3 la recuperaci\u00f3n de la casa donde vivi\u00f3 Molina Campos"},"content":{"rendered":"\n<p><strong>La intendenta de Moreno, Mariel Fern\u00e1ndez, junto centros tradicionalistas, vecinas y vecinos y autoridades municipales y provinciales tom\u00f3 posesi\u00f3n formal del rancho \u201cLos Estribos\u201d donde vivi\u00f3 parte de su vida el dibujante<\/strong>&nbsp;y pintor argentino Florencia Molina Campos y su esposa Mar\u00eda Elvira Ponce Aguirre.<\/p>\n\n\n\n<p>El artista fue conocido nacional e internacionalmente por sus t\u00edpicos dibujos costumbristas de La Pampa, muchos de ellos inspirados en habitantes y paisajes de Moreno.&nbsp;<strong>En 1932 junto a su segunda esposa conoce la zona del r\u00edo Las Conchas -hoy R\u00edo Reconquista- , se maravillan, y acampan en varias oportunidades. En 1934 compran un terreno que se encargan personalmente de parquizar y construyen el primer rancho \u201cLos estribos\u201d, una caba\u00f1a con troncos de palmera.<\/strong>&nbsp;En este espacio, el matrimonio tambi\u00e9n recibi\u00f3 diversas visitas ilustres, tales como Walt Disney (en 1941), John F. Kennedy (en 1941), Nin\u00ed Marshall y Horacio Quiroga, entre otras.<\/p>\n\n\n\n<p>En 2008 el predio fue adquirido por el Municipio de Moreno y declarado sitio de inter\u00e9s hist\u00f3rico por ordenanza N \u00ba 566 del Honorable Concejo Deliberante.&nbsp;<strong>Pero por falta de control, la casona fue intrusada y se transform\u00f3 en vivienda descuidada y con falta de mantenimiento al ser habitadas por familias en situaci\u00f3n de vulnerabilidad.<\/strong>&nbsp;Por iniciativa de la jefa comunal, desde el 2020 el Municipio trabaj\u00f3 en la relocalizaci\u00f3n de las familias que habitaban la casa y as\u00ed se pudo comenzar con un planeamiento integral para su recuperaci\u00f3n y puesta en valor.<\/p>\n\n\n\n<p>Durante el acto,<strong>&nbsp;la intendenta dijo que: \u201cEs un d\u00eda de mucha emoci\u00f3n para las y los vecinos de Moreno porque es una deuda muy grande que ten\u00edamos con nuestra comunidad y con la identidad de las y los morenenses.&nbsp;<\/strong>Quer\u00edamos que esta recuperaci\u00f3n sea de la mano de la comunidad gaucha que tenemos en Moreno, principalmente vinculada al Rio Reconquista.\u201d<\/p>\n\n\n\n<p><strong>\u201cEs importante poder revivir esta casa, este atelier, porque Molina Campos pint\u00f3 los rostros de Moreno, su obra est\u00e1 inspirada en nuestra comunidad\u201d se\u00f1al\u00f3 Mariel y en relaci\u00f3n a Molina Campos, destac\u00f3: \u201cPudo haber vivido en distintos lugares, pero lo reconozco como morenense en su solidaridad&nbsp;<\/strong>porque esta comunidad cuando no tiene resuelto desde el Estado sus temas en salud, educaci\u00f3n y otras cosas, se organiza y va dando respuesta hasta que lo pueda tomar el Estado. Es la historia de Moreno, la comunidad se organiza y despu\u00e9s el Estado va tomando sus saberes y lo convierte en pol\u00edtica p\u00fablica. Entonces una de las cosas que m\u00e1s llega es esa escuelita que empez\u00f3, que tambi\u00e9n tra\u00eda chicos de Merlo.\u201d<\/p>\n\n\n\n<p>\u201c<strong>Ese sue\u00f1o que muchos ten\u00edamos en el coraz\u00f3n hoy empieza a ser. El sue\u00f1o de restaurar esta casa que tan amorosamente construy\u00f3 Molina Campos con Elvirita, de esa misma manera, as\u00ed como tan amorosamente nosotros cuidamos de Moreno<\/strong>, vamos a recuperar esta casa desde el Municipio junto con la comunidad. La vamos a recuperar juntos porque es la manera para que este lugar vuelva a brillar\u201d, enfatiz\u00f3 la jefa comunal.<\/p>\n\n\n\n<p>De esta manera,<strong>&nbsp;el gobierno de Mariel Fern\u00e1ndez logra recuperar espacios que son de vital importancia y trascendencia para la cultura morenense, as\u00ed como tambi\u00e9n provincial y nacional, con el prop\u00f3sito de que pueda ser visitado y disfrutado por la comunidad,<\/strong>&nbsp;y que, de esta forma, se cumpla el objetivo de un patrimonio cultural: que toda la sociedad pueda apreciarlo y aprender sobre su historia.<\/p>\n\n\n\n<p>Estuvieron presentes<strong>&nbsp;la familia Gim\u00e9nez Molina; el director provincial de Patrimonio Cultural de la Provincia de Buenos Aires, Pedro Delheye; la presidenta de la Comisi\u00f3n Nacional de Monumentos, de Lugares y de Bienes Hist\u00f3ricos, M\u00f3nica Capano; y el asesor de patrimonio del congreso nacional, Guillermo Garc\u00eda.<\/strong>&nbsp;Por parte del Municipio, la asesora de este proyecto de recuperaci\u00f3n, Paloma S\u00e1nchez; la administradora del IMDEL, Daiana Anadon; el secretario de Cultura, Educaci\u00f3n y Deporte, Roberto del Regno; el administrador del IDUAR, Federico Aliaga y el director general de Museos, Hern\u00e1n Tulissi.<\/p>\n","protected":false},"excerpt":{"rendered":"<p>La intendenta de Moreno, Mariel Fern\u00e1ndez, junto centros tradicionalistas, vecinas y vecinos y autoridades municipales y provinciales tom\u00f3 posesi\u00f3n formal<\/p>\n","protected":false},"author":3,"featured_media":627,"comment_status":"closed","ping_status":"closed","sticky":false,"template":"","format":"standard","meta":{"colormag_page_container_layout":"default_layout","colormag_page_sidebar_layout":"default_layout","footnotes":""},"categories":[5,14],"tags":[],"class_list":["post-626","post","type-post","status-publish","format-standard","has-post-thumbnail","hentry","category-1ra-seccion","category-politica"],"yoast_head":"<!-- This site is optimized with the Yoast SEO plugin v27.4 - https:\/\/yoast.com\/product\/yoast-seo-wordpress\/ -->\n<title>Mariel Fern\u00e1ndez celebr\u00f3 la recuperaci\u00f3n de la casa donde vivi\u00f3 Molina Campos - InfoPBA247<\/title>\n<meta name=\"robots\" content=\"index, follow, max-snippet:-1, max-image-preview:large, max-video-preview:-1\" \/>\n<link rel=\"canonical\" href=\"https:\/\/infopba247.com.ar\/index.php\/2022\/08\/09\/mariel-fernandez-celebro-la-recuperacion-de-la-casa-donde-vivio-molina-campos\/\" \/>\n<meta property=\"og:locale\" content=\"es_ES\" \/>\n<meta property=\"og:type\" content=\"article\" \/>\n<meta property=\"og:title\" content=\"Mariel Fern\u00e1ndez celebr\u00f3 la recuperaci\u00f3n de la casa donde vivi\u00f3 Molina Campos - InfoPBA247\" \/>\n<meta property=\"og:description\" content=\"La intendenta de Moreno, Mariel Fern\u00e1ndez, junto centros tradicionalistas, vecinas y vecinos y autoridades municipales y provinciales tom\u00f3 posesi\u00f3n formal\" \/>\n<meta property=\"og:url\" content=\"https:\/\/infopba247.com.ar\/index.php\/2022\/08\/09\/mariel-fernandez-celebro-la-recuperacion-de-la-casa-donde-vivio-molina-campos\/\" \/>\n<meta property=\"og:site_name\" content=\"InfoPBA247\" \/>\n<meta property=\"article:publisher\" content=\"https:\/\/www.facebook.com\/InfoPBA\" \/>\n<meta property=\"article:published_time\" content=\"2022-08-09T01:38:00+00:00\" \/>\n<meta property=\"article:modified_time\" content=\"2022-09-05T01:39:16+00:00\" \/>\n<meta property=\"og:image\" content=\"https:\/\/infopba247.com.ar\/wp-content\/uploads\/2022\/09\/Molina-Campos-1-800x445-1.jpg\" \/>\n\t<meta property=\"og:image:width\" content=\"800\" \/>\n\t<meta property=\"og:image:height\" content=\"445\" \/>\n\t<meta property=\"og:image:type\" content=\"image\/jpeg\" \/>\n<meta name=\"author\" content=\"Editor\" \/>\n<meta name=\"twitter:card\" content=\"summary_large_image\" \/>\n<meta name=\"twitter:label1\" content=\"Escrito por\" \/>\n\t<meta name=\"twitter:data1\" content=\"Editor\" \/>\n\t<meta name=\"twitter:label2\" content=\"Tiempo de lectura\" \/>\n\t<meta name=\"twitter:data2\" content=\"3 minutos\" \/>\n<script type=\"application\/ld+json\" class=\"yoast-schema-graph\">{\"@context\":\"https:\\\/\\\/schema.org\",\"@graph\":[{\"@type\":\"Article\",\"@id\":\"https:\\\/\\\/infopba247.com.ar\\\/index.php\\\/2022\\\/08\\\/09\\\/mariel-fernandez-celebro-la-recuperacion-de-la-casa-donde-vivio-molina-campos\\\/#article\",\"isPartOf\":{\"@id\":\"https:\\\/\\\/infopba247.com.ar\\\/index.php\\\/2022\\\/08\\\/09\\\/mariel-fernandez-celebro-la-recuperacion-de-la-casa-donde-vivio-molina-campos\\\/\"},\"author\":{\"name\":\"Editor\",\"@id\":\"https:\\\/\\\/infopba247.com.ar\\\/#\\\/schema\\\/person\\\/4975f1343a413e57bf839b3eed0099f2\"},\"headline\":\"Mariel Fern\u00e1ndez celebr\u00f3 la recuperaci\u00f3n de la casa donde vivi\u00f3 Molina Campos\",\"datePublished\":\"2022-08-09T01:38:00+00:00\",\"dateModified\":\"2022-09-05T01:39:16+00:00\",\"mainEntityOfPage\":{\"@id\":\"https:\\\/\\\/infopba247.com.ar\\\/index.php\\\/2022\\\/08\\\/09\\\/mariel-fernandez-celebro-la-recuperacion-de-la-casa-donde-vivio-molina-campos\\\/\"},\"wordCount\":704,\"publisher\":{\"@id\":\"https:\\\/\\\/infopba247.com.ar\\\/#organization\"},\"image\":{\"@id\":\"https:\\\/\\\/infopba247.com.ar\\\/index.php\\\/2022\\\/08\\\/09\\\/mariel-fernandez-celebro-la-recuperacion-de-la-casa-donde-vivio-molina-campos\\\/#primaryimage\"},\"thumbnailUrl\":\"https:\\\/\\\/infopba247.com.ar\\\/wp-content\\\/uploads\\\/2022\\\/09\\\/Molina-Campos-1-800x445-1.jpg\",\"articleSection\":[\"1ra Secci\u00f3n\",\"Pol\u00edtica\"],\"inLanguage\":\"es\"},{\"@type\":\"WebPage\",\"@id\":\"https:\\\/\\\/infopba247.com.ar\\\/index.php\\\/2022\\\/08\\\/09\\\/mariel-fernandez-celebro-la-recuperacion-de-la-casa-donde-vivio-molina-campos\\\/\",\"url\":\"https:\\\/\\\/infopba247.com.ar\\\/index.php\\\/2022\\\/08\\\/09\\\/mariel-fernandez-celebro-la-recuperacion-de-la-casa-donde-vivio-molina-campos\\\/\",\"name\":\"Mariel Fern\u00e1ndez celebr\u00f3 la recuperaci\u00f3n de la casa donde vivi\u00f3 Molina Campos - InfoPBA247\",\"isPartOf\":{\"@id\":\"https:\\\/\\\/infopba247.com.ar\\\/#website\"},\"primaryImageOfPage\":{\"@id\":\"https:\\\/\\\/infopba247.com.ar\\\/index.php\\\/2022\\\/08\\\/09\\\/mariel-fernandez-celebro-la-recuperacion-de-la-casa-donde-vivio-molina-campos\\\/#primaryimage\"},\"image\":{\"@id\":\"https:\\\/\\\/infopba247.com.ar\\\/index.php\\\/2022\\\/08\\\/09\\\/mariel-fernandez-celebro-la-recuperacion-de-la-casa-donde-vivio-molina-campos\\\/#primaryimage\"},\"thumbnailUrl\":\"https:\\\/\\\/infopba247.com.ar\\\/wp-content\\\/uploads\\\/2022\\\/09\\\/Molina-Campos-1-800x445-1.jpg\",\"datePublished\":\"2022-08-09T01:38:00+00:00\",\"dateModified\":\"2022-09-05T01:39:16+00:00\",\"breadcrumb\":{\"@id\":\"https:\\\/\\\/infopba247.com.ar\\\/index.php\\\/2022\\\/08\\\/09\\\/mariel-fernandez-celebro-la-recuperacion-de-la-casa-donde-vivio-molina-campos\\\/#breadcrumb\"},\"inLanguage\":\"es\",\"potentialAction\":[{\"@type\":\"ReadAction\",\"target\":[\"https:\\\/\\\/infopba247.com.ar\\\/index.php\\\/2022\\\/08\\\/09\\\/mariel-fernandez-celebro-la-recuperacion-de-la-casa-donde-vivio-molina-campos\\\/\"]}]},{\"@type\":\"ImageObject\",\"inLanguage\":\"es\",\"@id\":\"https:\\\/\\\/infopba247.com.ar\\\/index.php\\\/2022\\\/08\\\/09\\\/mariel-fernandez-celebro-la-recuperacion-de-la-casa-donde-vivio-molina-campos\\\/#primaryimage\",\"url\":\"https:\\\/\\\/infopba247.com.ar\\\/wp-content\\\/uploads\\\/2022\\\/09\\\/Molina-Campos-1-800x445-1.jpg\",\"contentUrl\":\"https:\\\/\\\/infopba247.com.ar\\\/wp-content\\\/uploads\\\/2022\\\/09\\\/Molina-Campos-1-800x445-1.jpg\",\"width\":800,\"height\":445},{\"@type\":\"BreadcrumbList\",\"@id\":\"https:\\\/\\\/infopba247.com.ar\\\/index.php\\\/2022\\\/08\\\/09\\\/mariel-fernandez-celebro-la-recuperacion-de-la-casa-donde-vivio-molina-campos\\\/#breadcrumb\",\"itemListElement\":[{\"@type\":\"ListItem\",\"position\":1,\"name\":\"Portada\",\"item\":\"https:\\\/\\\/infopba247.com.ar\\\/\"},{\"@type\":\"ListItem\",\"position\":2,\"name\":\"Mariel Fern\u00e1ndez celebr\u00f3 la recuperaci\u00f3n de la casa donde vivi\u00f3 Molina Campos\"}]},{\"@type\":\"WebSite\",\"@id\":\"https:\\\/\\\/infopba247.com.ar\\\/#website\",\"url\":\"https:\\\/\\\/infopba247.com.ar\\\/\",\"name\":\"InfoPBA247\",\"description\":\"Toda la actualidad bonaerense\",\"publisher\":{\"@id\":\"https:\\\/\\\/infopba247.com.ar\\\/#organization\"},\"potentialAction\":[{\"@type\":\"SearchAction\",\"target\":{\"@type\":\"EntryPoint\",\"urlTemplate\":\"https:\\\/\\\/infopba247.com.ar\\\/?s={search_term_string}\"},\"query-input\":{\"@type\":\"PropertyValueSpecification\",\"valueRequired\":true,\"valueName\":\"search_term_string\"}}],\"inLanguage\":\"es\"},{\"@type\":\"Organization\",\"@id\":\"https:\\\/\\\/infopba247.com.ar\\\/#organization\",\"name\":\"InfoPBA247\",\"url\":\"https:\\\/\\\/infopba247.com.ar\\\/\",\"logo\":{\"@type\":\"ImageObject\",\"inLanguage\":\"es\",\"@id\":\"https:\\\/\\\/infopba247.com.ar\\\/#\\\/schema\\\/logo\\\/image\\\/\",\"url\":\"https:\\\/\\\/infopba247.com.ar\\\/wp-content\\\/uploads\\\/2022\\\/03\\\/cropped-InfoPBA247-1.png\",\"contentUrl\":\"https:\\\/\\\/infopba247.com.ar\\\/wp-content\\\/uploads\\\/2022\\\/03\\\/cropped-InfoPBA247-1.png\",\"width\":500,\"height\":122,\"caption\":\"InfoPBA247\"},\"image\":{\"@id\":\"https:\\\/\\\/infopba247.com.ar\\\/#\\\/schema\\\/logo\\\/image\\\/\"},\"sameAs\":[\"https:\\\/\\\/www.facebook.com\\\/InfoPBA\"]},{\"@type\":\"Person\",\"@id\":\"https:\\\/\\\/infopba247.com.ar\\\/#\\\/schema\\\/person\\\/4975f1343a413e57bf839b3eed0099f2\",\"name\":\"Editor\",\"image\":{\"@type\":\"ImageObject\",\"inLanguage\":\"es\",\"@id\":\"https:\\\/\\\/secure.gravatar.com\\\/avatar\\\/d27fe9520667ca53441d36627a1d6b0fa4a813571ec4803687a7a3a7744685ac?s=96&d=mm&r=g\",\"url\":\"https:\\\/\\\/secure.gravatar.com\\\/avatar\\\/d27fe9520667ca53441d36627a1d6b0fa4a813571ec4803687a7a3a7744685ac?s=96&d=mm&r=g\",\"contentUrl\":\"https:\\\/\\\/secure.gravatar.com\\\/avatar\\\/d27fe9520667ca53441d36627a1d6b0fa4a813571ec4803687a7a3a7744685ac?s=96&d=mm&r=g\",\"caption\":\"Editor\"},\"url\":\"https:\\\/\\\/infopba247.com.ar\\\/index.php\\\/author\\\/editor\\\/\"}]}<\/script>\n<!-- \/ Yoast SEO plugin. -->","yoast_head_json":{"title":"Mariel Fern\u00e1ndez celebr\u00f3 la recuperaci\u00f3n de la casa donde vivi\u00f3 Molina Campos - InfoPBA247","robots":{"index":"index","follow":"follow","max-snippet":"max-snippet:-1","max-image-preview":"max-image-preview:large","max-video-preview":"max-video-preview:-1"},"canonical":"https:\/\/infopba247.com.ar\/index.php\/2022\/08\/09\/mariel-fernandez-celebro-la-recuperacion-de-la-casa-donde-vivio-molina-campos\/","og_locale":"es_ES","og_type":"article","og_title":"Mariel Fern\u00e1ndez celebr\u00f3 la recuperaci\u00f3n de la casa donde vivi\u00f3 Molina Campos - InfoPBA247","og_description":"La intendenta de Moreno, Mariel Fern\u00e1ndez, junto centros tradicionalistas, vecinas y vecinos y autoridades municipales y provinciales tom\u00f3 posesi\u00f3n formal","og_url":"https:\/\/infopba247.com.ar\/index.php\/2022\/08\/09\/mariel-fernandez-celebro-la-recuperacion-de-la-casa-donde-vivio-molina-campos\/","og_site_name":"InfoPBA247","article_publisher":"https:\/\/www.facebook.com\/InfoPBA","article_published_time":"2022-08-09T01:38:00+00:00","article_modified_time":"2022-09-05T01:39:16+00:00","og_image":[{"width":800,"height":445,"url":"https:\/\/infopba247.com.ar\/wp-content\/uploads\/2022\/09\/Molina-Campos-1-800x445-1.jpg","type":"image\/jpeg"}],"author":"Editor","twitter_card":"summary_large_image","twitter_misc":{"Escrito por":"Editor","Tiempo de lectura":"3 minutos"},"schema":{"@context":"https:\/\/schema.org","@graph":[{"@type":"Article","@id":"https:\/\/infopba247.com.ar\/index.php\/2022\/08\/09\/mariel-fernandez-celebro-la-recuperacion-de-la-casa-donde-vivio-molina-campos\/#article","isPartOf":{"@id":"https:\/\/infopba247.com.ar\/index.php\/2022\/08\/09\/mariel-fernandez-celebro-la-recuperacion-de-la-casa-donde-vivio-molina-campos\/"},"author":{"name":"Editor","@id":"https:\/\/infopba247.com.ar\/#\/schema\/person\/4975f1343a413e57bf839b3eed0099f2"},"headline":"Mariel Fern\u00e1ndez celebr\u00f3 la recuperaci\u00f3n de la casa donde vivi\u00f3 Molina Campos","datePublished":"2022-08-09T01:38:00+00:00","dateModified":"2022-09-05T01:39:16+00:00","mainEntityOfPage":{"@id":"https:\/\/infopba247.com.ar\/index.php\/2022\/08\/09\/mariel-fernandez-celebro-la-recuperacion-de-la-casa-donde-vivio-molina-campos\/"},"wordCount":704,"publisher":{"@id":"https:\/\/infopba247.com.ar\/#organization"},"image":{"@id":"https:\/\/infopba247.com.ar\/index.php\/2022\/08\/09\/mariel-fernandez-celebro-la-recuperacion-de-la-casa-donde-vivio-molina-campos\/#primaryimage"},"thumbnailUrl":"https:\/\/infopba247.com.ar\/wp-content\/uploads\/2022\/09\/Molina-Campos-1-800x445-1.jpg","articleSection":["1ra Secci\u00f3n","Pol\u00edtica"],"inLanguage":"es"},{"@type":"WebPage","@id":"https:\/\/infopba247.com.ar\/index.php\/2022\/08\/09\/mariel-fernandez-celebro-la-recuperacion-de-la-casa-donde-vivio-molina-campos\/","url":"https:\/\/infopba247.com.ar\/index.php\/2022\/08\/09\/mariel-fernandez-celebro-la-recuperacion-de-la-casa-donde-vivio-molina-campos\/","name":"Mariel Fern\u00e1ndez celebr\u00f3 la recuperaci\u00f3n de la casa donde vivi\u00f3 Molina Campos - InfoPBA247","isPartOf":{"@id":"https:\/\/infopba247.com.ar\/#website"},"primaryImageOfPage":{"@id":"https:\/\/infopba247.com.ar\/index.php\/2022\/08\/09\/mariel-fernandez-celebro-la-recuperacion-de-la-casa-donde-vivio-molina-campos\/#primaryimage"},"image":{"@id":"https:\/\/infopba247.com.ar\/index.php\/2022\/08\/09\/mariel-fernandez-celebro-la-recuperacion-de-la-casa-donde-vivio-molina-campos\/#primaryimage"},"thumbnailUrl":"https:\/\/infopba247.com.ar\/wp-content\/uploads\/2022\/09\/Molina-Campos-1-800x445-1.jpg","datePublished":"2022-08-09T01:38:00+00:00","dateModified":"2022-09-05T01:39:16+00:00","breadcrumb":{"@id":"https:\/\/infopba247.com.ar\/index.php\/2022\/08\/09\/mariel-fernandez-celebro-la-recuperacion-de-la-casa-donde-vivio-molina-campos\/#breadcrumb"},"inLanguage":"es","potentialAction":[{"@type":"ReadAction","target":["https:\/\/infopba247.com.ar\/index.php\/2022\/08\/09\/mariel-fernandez-celebro-la-recuperacion-de-la-casa-donde-vivio-molina-campos\/"]}]},{"@type":"ImageObject","inLanguage":"es","@id":"https:\/\/infopba247.com.ar\/index.php\/2022\/08\/09\/mariel-fernandez-celebro-la-recuperacion-de-la-casa-donde-vivio-molina-campos\/#primaryimage","url":"https:\/\/infopba247.com.ar\/wp-content\/uploads\/2022\/09\/Molina-Campos-1-800x445-1.jpg","contentUrl":"https:\/\/infopba247.com.ar\/wp-content\/uploads\/2022\/09\/Molina-Campos-1-800x445-1.jpg","width":800,"height":445},{"@type":"BreadcrumbList","@id":"https:\/\/infopba247.com.ar\/index.php\/2022\/08\/09\/mariel-fernandez-celebro-la-recuperacion-de-la-casa-donde-vivio-molina-campos\/#breadcrumb","itemListElement":[{"@type":"ListItem","position":1,"name":"Portada","item":"https:\/\/infopba247.com.ar\/"},{"@type":"ListItem","position":2,"name":"Mariel Fern\u00e1ndez celebr\u00f3 la recuperaci\u00f3n de la casa donde vivi\u00f3 Molina Campos"}]},{"@type":"WebSite","@id":"https:\/\/infopba247.com.ar\/#website","url":"https:\/\/infopba247.com.ar\/","name":"InfoPBA247","description":"Toda la actualidad bonaerense","publisher":{"@id":"https:\/\/infopba247.com.ar\/#organization"},"potentialAction":[{"@type":"SearchAction","target":{"@type":"EntryPoint","urlTemplate":"https:\/\/infopba247.com.ar\/?s={search_term_string}"},"query-input":{"@type":"PropertyValueSpecification","valueRequired":true,"valueName":"search_term_string"}}],"inLanguage":"es"},{"@type":"Organization","@id":"https:\/\/infopba247.com.ar\/#organization","name":"InfoPBA247","url":"https:\/\/infopba247.com.ar\/","logo":{"@type":"ImageObject","inLanguage":"es","@id":"https:\/\/infopba247.com.ar\/#\/schema\/logo\/image\/","url":"https:\/\/infopba247.com.ar\/wp-content\/uploads\/2022\/03\/cropped-InfoPBA247-1.png","contentUrl":"https:\/\/infopba247.com.ar\/wp-content\/uploads\/2022\/03\/cropped-InfoPBA247-1.png","width":500,"height":122,"caption":"InfoPBA247"},"image":{"@id":"https:\/\/infopba247.com.ar\/#\/schema\/logo\/image\/"},"sameAs":["https:\/\/www.facebook.com\/InfoPBA"]},{"@type":"Person","@id":"https:\/\/infopba247.com.ar\/#\/schema\/person\/4975f1343a413e57bf839b3eed0099f2","name":"Editor","image":{"@type":"ImageObject","inLanguage":"es","@id":"https:\/\/secure.gravatar.com\/avatar\/d27fe9520667ca53441d36627a1d6b0fa4a813571ec4803687a7a3a7744685ac?s=96&d=mm&r=g","url":"https:\/\/secure.gravatar.com\/avatar\/d27fe9520667ca53441d36627a1d6b0fa4a813571ec4803687a7a3a7744685ac?s=96&d=mm&r=g","contentUrl":"https:\/\/secure.gravatar.com\/avatar\/d27fe9520667ca53441d36627a1d6b0fa4a813571ec4803687a7a3a7744685ac?s=96&d=mm&r=g","caption":"Editor"},"url":"https:\/\/infopba247.com.ar\/index.php\/author\/editor\/"}]}},"_links":{"self":[{"href":"https:\/\/infopba247.com.ar\/index.php\/wp-json\/wp\/v2\/posts\/626","targetHints":{"allow":["GET"]}}],"collection":[{"href":"https:\/\/infopba247.com.ar\/index.php\/wp-json\/wp\/v2\/posts"}],"about":[{"href":"https:\/\/infopba247.com.ar\/index.php\/wp-json\/wp\/v2\/types\/post"}],"author":[{"embeddable":true,"href":"https:\/\/infopba247.com.ar\/index.php\/wp-json\/wp\/v2\/users\/3"}],"replies":[{"embeddable":true,"href":"https:\/\/infopba247.com.ar\/index.php\/wp-json\/wp\/v2\/comments?post=626"}],"version-history":[{"count":1,"href":"https:\/\/infopba247.com.ar\/index.php\/wp-json\/wp\/v2\/posts\/626\/revisions"}],"predecessor-version":[{"id":628,"href":"https:\/\/infopba247.com.ar\/index.php\/wp-json\/wp\/v2\/posts\/626\/revisions\/628"}],"wp:featuredmedia":[{"embeddable":true,"href":"https:\/\/infopba247.com.ar\/index.php\/wp-json\/wp\/v2\/media\/627"}],"wp:attachment":[{"href":"https:\/\/infopba247.com.ar\/index.php\/wp-json\/wp\/v2\/media?parent=626"}],"wp:term":[{"taxonomy":"category","embeddable":true,"href":"https:\/\/infopba247.com.ar\/index.php\/wp-json\/wp\/v2\/categories?post=626"},{"taxonomy":"post_tag","embeddable":true,"href":"https:\/\/infopba247.com.ar\/index.php\/wp-json\/wp\/v2\/tags?post=626"}],"curies":[{"name":"wp","href":"https:\/\/api.w.org\/{rel}","templated":true}]}}