{"id":6252,"date":"2025-01-27T11:58:25","date_gmt":"2025-01-27T14:58:25","guid":{"rendered":"https:\/\/infopba247.com.ar\/?p=6252"},"modified":"2025-01-27T11:58:27","modified_gmt":"2025-01-27T14:58:27","slug":"un-sabor-que-persiste-se-viene-otra-edicion-de-la-esperada-fiesta-del-tomate-platense","status":"publish","type":"post","link":"https:\/\/infopba247.com.ar\/index.php\/2025\/01\/27\/un-sabor-que-persiste-se-viene-otra-edicion-de-la-esperada-fiesta-del-tomate-platense\/","title":{"rendered":"Un sabor que persiste: se viene otra edici\u00f3n de la esperada Fiesta del Tomate Platense\u00a0"},"content":{"rendered":"\n<p>La Municipalidad de La Plata invita a participar de la 20\u00aa edici\u00f3n de la Fiesta del Tomate Platense, un evento que a\u00f1o tras a\u00f1o busca jerarquizar la producci\u00f3n y promover el consumo de uno de los productos t\u00edpicos m\u00e1s representativos del cintur\u00f3n hort\u00edcola de la ciudad.&nbsp;<\/p>\n\n\n\n<p>La propuesta es organizada por el Ministerio de Desarrollo Agrario de la provincia de Buenos Aires con el apoyo de la Comuna platense a trav\u00e9s de la Secretar\u00eda de Producci\u00f3n e Innovaci\u00f3n y la Secretar\u00eda de Econom\u00eda Popular.&nbsp;<\/p>\n\n\n\n<p>Las actividades tendr\u00e1n lugar el s\u00e1bado 8 de febrero de 10:00 a 20:00 en la Estaci\u00f3n Experimental del MDA en Gorina, en las calles 501 y 148, con entrada libre y gratuita. &nbsp;<\/p>\n\n\n\n<p>En esta oportunidad, habr\u00e1 puestos en los que el p\u00fablico podr\u00e1 comprar tomate platense y verduras producidas en la regi\u00f3n, recorridas por los cultivos de la estaci\u00f3n, charlas sobre huerta con especialistas, food trucks, la Feria de Mercados Bonaerenses, cocina en vivo y m\u00fasica de bandas locales.&nbsp;<\/p>\n\n\n\n<p>Cabe destacar que la 20\u00aa edici\u00f3n cuenta con el respaldo de la Universidad Nacional de La Plata (UNLP), el Instituto Nacional de Tecnolog\u00eda Agropecuaria (INTA) y Radio Estaci\u00f3n Sur.&nbsp;<\/p>\n\n\n\n<p>EL TOMATE PLATENSE&nbsp;<\/p>\n\n\n\n<p>El tomate platense se caracteriza por ser irregular, muy jugoso y de gran sabor, y se cultiva en el cord\u00f3n hort\u00edcola de La Plata, el m\u00e1s grande de Argentina. Es nativo de Sudam\u00e9rica y fue llevado a Europa en el siglo XVI, donde se adapt\u00f3 a sus condiciones clim\u00e1ticas y pr\u00e1cticas de cultivo.&nbsp;<\/p>\n\n\n\n<p>Entre las d\u00e9cadas de 1920 y 1940, inmigrantes italianos asentados en el cord\u00f3n verde de la ciudad reintrodujeron esta variedad. Con el tiempo, fue desplazada por h\u00edbridos que, aunque ofrec\u00edan mayor durabilidad, sacrificaban su sabor. Sin embargo, en 1990, productores junto a docentes e investigadores de la UNLP la recuperaron, impulsados por el compromiso de preservarlo.&nbsp;<\/p>\n\n\n\n<p>Actualmente, el Ministerio de Desarrollo Agrario bonaerense cuenta con l\u00edneas de investigaci\u00f3n dedicadas a la mejora gen\u00e9tica del tomate platense con el objetivo de optimizar sus caracter\u00edsticas y contribuir a la recuperaci\u00f3n, conservaci\u00f3n y aprovechamiento de la biodiversidad vegetal local.&nbsp;<\/p>\n","protected":false},"excerpt":{"rendered":"<p>La Municipalidad de La Plata invita a participar de la 20\u00aa edici\u00f3n de la Fiesta del Tomate Platense, un evento<\/p>\n","protected":false},"author":3,"featured_media":6250,"comment_status":"open","ping_status":"open","sticky":false,"template":"","format":"standard","meta":{"colormag_page_container_layout":"default_layout","colormag_page_sidebar_layout":"default_layout","footnotes":""},"categories":[12,1,14],"tags":[],"class_list":["post-6252","post","type-post","status-publish","format-standard","has-post-thumbnail","hentry","category-8va-seccion","category-destacadas","category-politica"],"yoast_head":"<!-- This site is optimized with the Yoast SEO plugin v27.4 - https:\/\/yoast.com\/product\/yoast-seo-wordpress\/ -->\n<title>Un sabor que persiste: se viene otra edici\u00f3n de la esperada Fiesta del Tomate Platense\u00a0 - InfoPBA247<\/title>\n<meta name=\"robots\" content=\"index, follow, max-snippet:-1, max-image-preview:large, max-video-preview:-1\" \/>\n<link rel=\"canonical\" href=\"https:\/\/infopba247.com.ar\/index.php\/2025\/01\/27\/un-sabor-que-persiste-se-viene-otra-edicion-de-la-esperada-fiesta-del-tomate-platense\/\" \/>\n<meta property=\"og:locale\" content=\"es_ES\" \/>\n<meta property=\"og:type\" content=\"article\" \/>\n<meta property=\"og:title\" content=\"Un sabor que persiste: se viene otra edici\u00f3n de la esperada Fiesta del Tomate Platense\u00a0 - InfoPBA247\" \/>\n<meta property=\"og:description\" content=\"La Municipalidad de La Plata invita a participar de la 20\u00aa edici\u00f3n de la Fiesta del Tomate Platense, un evento\" \/>\n<meta property=\"og:url\" content=\"https:\/\/infopba247.com.ar\/index.php\/2025\/01\/27\/un-sabor-que-persiste-se-viene-otra-edicion-de-la-esperada-fiesta-del-tomate-platense\/\" \/>\n<meta property=\"og:site_name\" content=\"InfoPBA247\" \/>\n<meta property=\"article:publisher\" content=\"https:\/\/www.facebook.com\/InfoPBA\" \/>\n<meta property=\"article:published_time\" content=\"2025-01-27T14:58:25+00:00\" \/>\n<meta property=\"article:modified_time\" content=\"2025-01-27T14:58:27+00:00\" \/>\n<meta property=\"og:image\" content=\"https:\/\/infopba247.com.ar\/wp-content\/uploads\/2025\/01\/unnamed-14.jpg\" \/>\n\t<meta property=\"og:image:width\" content=\"1600\" \/>\n\t<meta property=\"og:image:height\" content=\"1066\" \/>\n\t<meta property=\"og:image:type\" content=\"image\/jpeg\" \/>\n<meta name=\"author\" content=\"Editor\" \/>\n<meta name=\"twitter:card\" content=\"summary_large_image\" \/>\n<meta name=\"twitter:label1\" content=\"Escrito por\" \/>\n\t<meta name=\"twitter:data1\" content=\"Editor\" \/>\n\t<meta name=\"twitter:label2\" content=\"Tiempo de lectura\" \/>\n\t<meta name=\"twitter:data2\" content=\"2 minutos\" \/>\n<script type=\"application\/ld+json\" class=\"yoast-schema-graph\">{\"@context\":\"https:\\\/\\\/schema.org\",\"@graph\":[{\"@type\":\"Article\",\"@id\":\"https:\\\/\\\/infopba247.com.ar\\\/index.php\\\/2025\\\/01\\\/27\\\/un-sabor-que-persiste-se-viene-otra-edicion-de-la-esperada-fiesta-del-tomate-platense\\\/#article\",\"isPartOf\":{\"@id\":\"https:\\\/\\\/infopba247.com.ar\\\/index.php\\\/2025\\\/01\\\/27\\\/un-sabor-que-persiste-se-viene-otra-edicion-de-la-esperada-fiesta-del-tomate-platense\\\/\"},\"author\":{\"name\":\"Editor\",\"@id\":\"https:\\\/\\\/infopba247.com.ar\\\/#\\\/schema\\\/person\\\/4975f1343a413e57bf839b3eed0099f2\"},\"headline\":\"Un sabor que persiste: se viene otra edici\u00f3n de la esperada Fiesta del Tomate Platense\u00a0\",\"datePublished\":\"2025-01-27T14:58:25+00:00\",\"dateModified\":\"2025-01-27T14:58:27+00:00\",\"mainEntityOfPage\":{\"@id\":\"https:\\\/\\\/infopba247.com.ar\\\/index.php\\\/2025\\\/01\\\/27\\\/un-sabor-que-persiste-se-viene-otra-edicion-de-la-esperada-fiesta-del-tomate-platense\\\/\"},\"wordCount\":399,\"commentCount\":0,\"publisher\":{\"@id\":\"https:\\\/\\\/infopba247.com.ar\\\/#organization\"},\"image\":{\"@id\":\"https:\\\/\\\/infopba247.com.ar\\\/index.php\\\/2025\\\/01\\\/27\\\/un-sabor-que-persiste-se-viene-otra-edicion-de-la-esperada-fiesta-del-tomate-platense\\\/#primaryimage\"},\"thumbnailUrl\":\"https:\\\/\\\/infopba247.com.ar\\\/wp-content\\\/uploads\\\/2025\\\/01\\\/unnamed-14.jpg\",\"articleSection\":[\"8va Secci\u00f3n\",\"Destacadas\",\"Pol\u00edtica\"],\"inLanguage\":\"es\",\"potentialAction\":[{\"@type\":\"CommentAction\",\"name\":\"Comment\",\"target\":[\"https:\\\/\\\/infopba247.com.ar\\\/index.php\\\/2025\\\/01\\\/27\\\/un-sabor-que-persiste-se-viene-otra-edicion-de-la-esperada-fiesta-del-tomate-platense\\\/#respond\"]}]},{\"@type\":\"WebPage\",\"@id\":\"https:\\\/\\\/infopba247.com.ar\\\/index.php\\\/2025\\\/01\\\/27\\\/un-sabor-que-persiste-se-viene-otra-edicion-de-la-esperada-fiesta-del-tomate-platense\\\/\",\"url\":\"https:\\\/\\\/infopba247.com.ar\\\/index.php\\\/2025\\\/01\\\/27\\\/un-sabor-que-persiste-se-viene-otra-edicion-de-la-esperada-fiesta-del-tomate-platense\\\/\",\"name\":\"Un sabor que persiste: se viene otra edici\u00f3n de la esperada Fiesta del Tomate Platense\u00a0 - InfoPBA247\",\"isPartOf\":{\"@id\":\"https:\\\/\\\/infopba247.com.ar\\\/#website\"},\"primaryImageOfPage\":{\"@id\":\"https:\\\/\\\/infopba247.com.ar\\\/index.php\\\/2025\\\/01\\\/27\\\/un-sabor-que-persiste-se-viene-otra-edicion-de-la-esperada-fiesta-del-tomate-platense\\\/#primaryimage\"},\"image\":{\"@id\":\"https:\\\/\\\/infopba247.com.ar\\\/index.php\\\/2025\\\/01\\\/27\\\/un-sabor-que-persiste-se-viene-otra-edicion-de-la-esperada-fiesta-del-tomate-platense\\\/#primaryimage\"},\"thumbnailUrl\":\"https:\\\/\\\/infopba247.com.ar\\\/wp-content\\\/uploads\\\/2025\\\/01\\\/unnamed-14.jpg\",\"datePublished\":\"2025-01-27T14:58:25+00:00\",\"dateModified\":\"2025-01-27T14:58:27+00:00\",\"breadcrumb\":{\"@id\":\"https:\\\/\\\/infopba247.com.ar\\\/index.php\\\/2025\\\/01\\\/27\\\/un-sabor-que-persiste-se-viene-otra-edicion-de-la-esperada-fiesta-del-tomate-platense\\\/#breadcrumb\"},\"inLanguage\":\"es\",\"potentialAction\":[{\"@type\":\"ReadAction\",\"target\":[\"https:\\\/\\\/infopba247.com.ar\\\/index.php\\\/2025\\\/01\\\/27\\\/un-sabor-que-persiste-se-viene-otra-edicion-de-la-esperada-fiesta-del-tomate-platense\\\/\"]}]},{\"@type\":\"ImageObject\",\"inLanguage\":\"es\",\"@id\":\"https:\\\/\\\/infopba247.com.ar\\\/index.php\\\/2025\\\/01\\\/27\\\/un-sabor-que-persiste-se-viene-otra-edicion-de-la-esperada-fiesta-del-tomate-platense\\\/#primaryimage\",\"url\":\"https:\\\/\\\/infopba247.com.ar\\\/wp-content\\\/uploads\\\/2025\\\/01\\\/unnamed-14.jpg\",\"contentUrl\":\"https:\\\/\\\/infopba247.com.ar\\\/wp-content\\\/uploads\\\/2025\\\/01\\\/unnamed-14.jpg\",\"width\":1600,\"height\":1066},{\"@type\":\"BreadcrumbList\",\"@id\":\"https:\\\/\\\/infopba247.com.ar\\\/index.php\\\/2025\\\/01\\\/27\\\/un-sabor-que-persiste-se-viene-otra-edicion-de-la-esperada-fiesta-del-tomate-platense\\\/#breadcrumb\",\"itemListElement\":[{\"@type\":\"ListItem\",\"position\":1,\"name\":\"Portada\",\"item\":\"https:\\\/\\\/infopba247.com.ar\\\/\"},{\"@type\":\"ListItem\",\"position\":2,\"name\":\"Un sabor que persiste: se viene otra edici\u00f3n de la esperada Fiesta del Tomate Platense\u00a0\"}]},{\"@type\":\"WebSite\",\"@id\":\"https:\\\/\\\/infopba247.com.ar\\\/#website\",\"url\":\"https:\\\/\\\/infopba247.com.ar\\\/\",\"name\":\"InfoPBA247\",\"description\":\"Toda la actualidad bonaerense\",\"publisher\":{\"@id\":\"https:\\\/\\\/infopba247.com.ar\\\/#organization\"},\"potentialAction\":[{\"@type\":\"SearchAction\",\"target\":{\"@type\":\"EntryPoint\",\"urlTemplate\":\"https:\\\/\\\/infopba247.com.ar\\\/?s={search_term_string}\"},\"query-input\":{\"@type\":\"PropertyValueSpecification\",\"valueRequired\":true,\"valueName\":\"search_term_string\"}}],\"inLanguage\":\"es\"},{\"@type\":\"Organization\",\"@id\":\"https:\\\/\\\/infopba247.com.ar\\\/#organization\",\"name\":\"InfoPBA247\",\"url\":\"https:\\\/\\\/infopba247.com.ar\\\/\",\"logo\":{\"@type\":\"ImageObject\",\"inLanguage\":\"es\",\"@id\":\"https:\\\/\\\/infopba247.com.ar\\\/#\\\/schema\\\/logo\\\/image\\\/\",\"url\":\"https:\\\/\\\/infopba247.com.ar\\\/wp-content\\\/uploads\\\/2022\\\/03\\\/cropped-InfoPBA247-1.png\",\"contentUrl\":\"https:\\\/\\\/infopba247.com.ar\\\/wp-content\\\/uploads\\\/2022\\\/03\\\/cropped-InfoPBA247-1.png\",\"width\":500,\"height\":122,\"caption\":\"InfoPBA247\"},\"image\":{\"@id\":\"https:\\\/\\\/infopba247.com.ar\\\/#\\\/schema\\\/logo\\\/image\\\/\"},\"sameAs\":[\"https:\\\/\\\/www.facebook.com\\\/InfoPBA\"]},{\"@type\":\"Person\",\"@id\":\"https:\\\/\\\/infopba247.com.ar\\\/#\\\/schema\\\/person\\\/4975f1343a413e57bf839b3eed0099f2\",\"name\":\"Editor\",\"image\":{\"@type\":\"ImageObject\",\"inLanguage\":\"es\",\"@id\":\"https:\\\/\\\/secure.gravatar.com\\\/avatar\\\/d27fe9520667ca53441d36627a1d6b0fa4a813571ec4803687a7a3a7744685ac?s=96&d=mm&r=g\",\"url\":\"https:\\\/\\\/secure.gravatar.com\\\/avatar\\\/d27fe9520667ca53441d36627a1d6b0fa4a813571ec4803687a7a3a7744685ac?s=96&d=mm&r=g\",\"contentUrl\":\"https:\\\/\\\/secure.gravatar.com\\\/avatar\\\/d27fe9520667ca53441d36627a1d6b0fa4a813571ec4803687a7a3a7744685ac?s=96&d=mm&r=g\",\"caption\":\"Editor\"},\"url\":\"https:\\\/\\\/infopba247.com.ar\\\/index.php\\\/author\\\/editor\\\/\"}]}<\/script>\n<!-- \/ Yoast SEO plugin. -->","yoast_head_json":{"title":"Un sabor que persiste: se viene otra edici\u00f3n de la esperada Fiesta del Tomate Platense\u00a0 - InfoPBA247","robots":{"index":"index","follow":"follow","max-snippet":"max-snippet:-1","max-image-preview":"max-image-preview:large","max-video-preview":"max-video-preview:-1"},"canonical":"https:\/\/infopba247.com.ar\/index.php\/2025\/01\/27\/un-sabor-que-persiste-se-viene-otra-edicion-de-la-esperada-fiesta-del-tomate-platense\/","og_locale":"es_ES","og_type":"article","og_title":"Un sabor que persiste: se viene otra edici\u00f3n de la esperada Fiesta del Tomate Platense\u00a0 - InfoPBA247","og_description":"La Municipalidad de La Plata invita a participar de la 20\u00aa edici\u00f3n de la Fiesta del Tomate Platense, un evento","og_url":"https:\/\/infopba247.com.ar\/index.php\/2025\/01\/27\/un-sabor-que-persiste-se-viene-otra-edicion-de-la-esperada-fiesta-del-tomate-platense\/","og_site_name":"InfoPBA247","article_publisher":"https:\/\/www.facebook.com\/InfoPBA","article_published_time":"2025-01-27T14:58:25+00:00","article_modified_time":"2025-01-27T14:58:27+00:00","og_image":[{"width":1600,"height":1066,"url":"https:\/\/infopba247.com.ar\/wp-content\/uploads\/2025\/01\/unnamed-14.jpg","type":"image\/jpeg"}],"author":"Editor","twitter_card":"summary_large_image","twitter_misc":{"Escrito por":"Editor","Tiempo de lectura":"2 minutos"},"schema":{"@context":"https:\/\/schema.org","@graph":[{"@type":"Article","@id":"https:\/\/infopba247.com.ar\/index.php\/2025\/01\/27\/un-sabor-que-persiste-se-viene-otra-edicion-de-la-esperada-fiesta-del-tomate-platense\/#article","isPartOf":{"@id":"https:\/\/infopba247.com.ar\/index.php\/2025\/01\/27\/un-sabor-que-persiste-se-viene-otra-edicion-de-la-esperada-fiesta-del-tomate-platense\/"},"author":{"name":"Editor","@id":"https:\/\/infopba247.com.ar\/#\/schema\/person\/4975f1343a413e57bf839b3eed0099f2"},"headline":"Un sabor que persiste: se viene otra edici\u00f3n de la esperada Fiesta del Tomate Platense\u00a0","datePublished":"2025-01-27T14:58:25+00:00","dateModified":"2025-01-27T14:58:27+00:00","mainEntityOfPage":{"@id":"https:\/\/infopba247.com.ar\/index.php\/2025\/01\/27\/un-sabor-que-persiste-se-viene-otra-edicion-de-la-esperada-fiesta-del-tomate-platense\/"},"wordCount":399,"commentCount":0,"publisher":{"@id":"https:\/\/infopba247.com.ar\/#organization"},"image":{"@id":"https:\/\/infopba247.com.ar\/index.php\/2025\/01\/27\/un-sabor-que-persiste-se-viene-otra-edicion-de-la-esperada-fiesta-del-tomate-platense\/#primaryimage"},"thumbnailUrl":"https:\/\/infopba247.com.ar\/wp-content\/uploads\/2025\/01\/unnamed-14.jpg","articleSection":["8va Secci\u00f3n","Destacadas","Pol\u00edtica"],"inLanguage":"es","potentialAction":[{"@type":"CommentAction","name":"Comment","target":["https:\/\/infopba247.com.ar\/index.php\/2025\/01\/27\/un-sabor-que-persiste-se-viene-otra-edicion-de-la-esperada-fiesta-del-tomate-platense\/#respond"]}]},{"@type":"WebPage","@id":"https:\/\/infopba247.com.ar\/index.php\/2025\/01\/27\/un-sabor-que-persiste-se-viene-otra-edicion-de-la-esperada-fiesta-del-tomate-platense\/","url":"https:\/\/infopba247.com.ar\/index.php\/2025\/01\/27\/un-sabor-que-persiste-se-viene-otra-edicion-de-la-esperada-fiesta-del-tomate-platense\/","name":"Un sabor que persiste: se viene otra edici\u00f3n de la esperada Fiesta del Tomate Platense\u00a0 - InfoPBA247","isPartOf":{"@id":"https:\/\/infopba247.com.ar\/#website"},"primaryImageOfPage":{"@id":"https:\/\/infopba247.com.ar\/index.php\/2025\/01\/27\/un-sabor-que-persiste-se-viene-otra-edicion-de-la-esperada-fiesta-del-tomate-platense\/#primaryimage"},"image":{"@id":"https:\/\/infopba247.com.ar\/index.php\/2025\/01\/27\/un-sabor-que-persiste-se-viene-otra-edicion-de-la-esperada-fiesta-del-tomate-platense\/#primaryimage"},"thumbnailUrl":"https:\/\/infopba247.com.ar\/wp-content\/uploads\/2025\/01\/unnamed-14.jpg","datePublished":"2025-01-27T14:58:25+00:00","dateModified":"2025-01-27T14:58:27+00:00","breadcrumb":{"@id":"https:\/\/infopba247.com.ar\/index.php\/2025\/01\/27\/un-sabor-que-persiste-se-viene-otra-edicion-de-la-esperada-fiesta-del-tomate-platense\/#breadcrumb"},"inLanguage":"es","potentialAction":[{"@type":"ReadAction","target":["https:\/\/infopba247.com.ar\/index.php\/2025\/01\/27\/un-sabor-que-persiste-se-viene-otra-edicion-de-la-esperada-fiesta-del-tomate-platense\/"]}]},{"@type":"ImageObject","inLanguage":"es","@id":"https:\/\/infopba247.com.ar\/index.php\/2025\/01\/27\/un-sabor-que-persiste-se-viene-otra-edicion-de-la-esperada-fiesta-del-tomate-platense\/#primaryimage","url":"https:\/\/infopba247.com.ar\/wp-content\/uploads\/2025\/01\/unnamed-14.jpg","contentUrl":"https:\/\/infopba247.com.ar\/wp-content\/uploads\/2025\/01\/unnamed-14.jpg","width":1600,"height":1066},{"@type":"BreadcrumbList","@id":"https:\/\/infopba247.com.ar\/index.php\/2025\/01\/27\/un-sabor-que-persiste-se-viene-otra-edicion-de-la-esperada-fiesta-del-tomate-platense\/#breadcrumb","itemListElement":[{"@type":"ListItem","position":1,"name":"Portada","item":"https:\/\/infopba247.com.ar\/"},{"@type":"ListItem","position":2,"name":"Un sabor que persiste: se viene otra edici\u00f3n de la esperada Fiesta del Tomate Platense\u00a0"}]},{"@type":"WebSite","@id":"https:\/\/infopba247.com.ar\/#website","url":"https:\/\/infopba247.com.ar\/","name":"InfoPBA247","description":"Toda la actualidad bonaerense","publisher":{"@id":"https:\/\/infopba247.com.ar\/#organization"},"potentialAction":[{"@type":"SearchAction","target":{"@type":"EntryPoint","urlTemplate":"https:\/\/infopba247.com.ar\/?s={search_term_string}"},"query-input":{"@type":"PropertyValueSpecification","valueRequired":true,"valueName":"search_term_string"}}],"inLanguage":"es"},{"@type":"Organization","@id":"https:\/\/infopba247.com.ar\/#organization","name":"InfoPBA247","url":"https:\/\/infopba247.com.ar\/","logo":{"@type":"ImageObject","inLanguage":"es","@id":"https:\/\/infopba247.com.ar\/#\/schema\/logo\/image\/","url":"https:\/\/infopba247.com.ar\/wp-content\/uploads\/2022\/03\/cropped-InfoPBA247-1.png","contentUrl":"https:\/\/infopba247.com.ar\/wp-content\/uploads\/2022\/03\/cropped-InfoPBA247-1.png","width":500,"height":122,"caption":"InfoPBA247"},"image":{"@id":"https:\/\/infopba247.com.ar\/#\/schema\/logo\/image\/"},"sameAs":["https:\/\/www.facebook.com\/InfoPBA"]},{"@type":"Person","@id":"https:\/\/infopba247.com.ar\/#\/schema\/person\/4975f1343a413e57bf839b3eed0099f2","name":"Editor","image":{"@type":"ImageObject","inLanguage":"es","@id":"https:\/\/secure.gravatar.com\/avatar\/d27fe9520667ca53441d36627a1d6b0fa4a813571ec4803687a7a3a7744685ac?s=96&d=mm&r=g","url":"https:\/\/secure.gravatar.com\/avatar\/d27fe9520667ca53441d36627a1d6b0fa4a813571ec4803687a7a3a7744685ac?s=96&d=mm&r=g","contentUrl":"https:\/\/secure.gravatar.com\/avatar\/d27fe9520667ca53441d36627a1d6b0fa4a813571ec4803687a7a3a7744685ac?s=96&d=mm&r=g","caption":"Editor"},"url":"https:\/\/infopba247.com.ar\/index.php\/author\/editor\/"}]}},"_links":{"self":[{"href":"https:\/\/infopba247.com.ar\/index.php\/wp-json\/wp\/v2\/posts\/6252","targetHints":{"allow":["GET"]}}],"collection":[{"href":"https:\/\/infopba247.com.ar\/index.php\/wp-json\/wp\/v2\/posts"}],"about":[{"href":"https:\/\/infopba247.com.ar\/index.php\/wp-json\/wp\/v2\/types\/post"}],"author":[{"embeddable":true,"href":"https:\/\/infopba247.com.ar\/index.php\/wp-json\/wp\/v2\/users\/3"}],"replies":[{"embeddable":true,"href":"https:\/\/infopba247.com.ar\/index.php\/wp-json\/wp\/v2\/comments?post=6252"}],"version-history":[{"count":1,"href":"https:\/\/infopba247.com.ar\/index.php\/wp-json\/wp\/v2\/posts\/6252\/revisions"}],"predecessor-version":[{"id":6253,"href":"https:\/\/infopba247.com.ar\/index.php\/wp-json\/wp\/v2\/posts\/6252\/revisions\/6253"}],"wp:featuredmedia":[{"embeddable":true,"href":"https:\/\/infopba247.com.ar\/index.php\/wp-json\/wp\/v2\/media\/6250"}],"wp:attachment":[{"href":"https:\/\/infopba247.com.ar\/index.php\/wp-json\/wp\/v2\/media?parent=6252"}],"wp:term":[{"taxonomy":"category","embeddable":true,"href":"https:\/\/infopba247.com.ar\/index.php\/wp-json\/wp\/v2\/categories?post=6252"},{"taxonomy":"post_tag","embeddable":true,"href":"https:\/\/infopba247.com.ar\/index.php\/wp-json\/wp\/v2\/tags?post=6252"}],"curies":[{"name":"wp","href":"https:\/\/api.w.org\/{rel}","templated":true}]}}