{"id":6222,"date":"2025-01-23T13:01:34","date_gmt":"2025-01-23T16:01:34","guid":{"rendered":"https:\/\/infopba247.com.ar\/?p=6222"},"modified":"2025-01-23T13:01:35","modified_gmt":"2025-01-23T16:01:35","slug":"la-provincia-comienza-a-aplicar-la-segunda-dosis-de-la-vacuna-contra-el-dengue","status":"publish","type":"post","link":"https:\/\/infopba247.com.ar\/index.php\/2025\/01\/23\/la-provincia-comienza-a-aplicar-la-segunda-dosis-de-la-vacuna-contra-el-dengue\/","title":{"rendered":"La Provincia comienza a aplicar la segunda dosis de la vacuna contra el dengue"},"content":{"rendered":"\n<p>A partir de ma\u00f1ana, el gobierno de la Provincia de Buenos Aires comenzar\u00e1 a aplicar la segunda dosis de la vacuna contra el dengue. El ministerio de Salud bonaerense convoc\u00f3, v\u00eda correo electr\u00f3nico, a todas las personas que tuvieron la enfermedad, que se aplicaron la primera dosis hace al menos tres meses y que re\u00fanen las condiciones de recibir la segunda aplicaci\u00f3n.&nbsp;&nbsp;<\/p>\n\n\n\n<p>La vacuna, como se inform\u00f3, est\u00e1 dirigida a personas que tuvieron dengue, que tienen entre 15 y 59 a\u00f1os de edad y residen en municipios de la Provincia de Buenos Aires. Desde la cartera sanitaria bonaerense recordaron que est\u00e1 contraindicada durante el embarazo y lactancia, y en personas inmunocomprometidas o en tratamiento con quimioterapia o corticoides a altas dosis.<\/p>\n\n\n\n<p>Por lo tanto, quienes hayan recibido el correo y re\u00fanan las condiciones de aplicaci\u00f3n podr\u00e1n concurrir al VACUNATORIO DENGUE m\u00e1s cercano a su domicilio para completar la inmunizaci\u00f3n. Las evidencias actuales indican que es necesario recibir las dos dosis de la vacuna para alcanzar la protecci\u00f3n adecuada, por lo que es importante completar el esquema de vacunaci\u00f3n y as\u00ed evitar contraer las formas m\u00e1s graves de la enfermedad.<\/p>\n\n\n\n<p>Descacharrar todo el a\u00f1o<\/p>\n\n\n\n<p>Desde el gobierno bonaerense insisten, tambi\u00e9n, en que el eje de la prevenci\u00f3n pasa por el descacharrado en los hogares, es decir, las tareas que todos y todas debemos realizar en nuestros hogares, patios, jardines y alrededores de las casas para evitar que el mosquito Aedes Aegypti, transmisor del dengue, zika y chikungunya se reproduzca.<\/p>\n\n\n\n<p>Esas acciones forman parte de la campa\u00f1a provincial que insiste en cuatro tareas b\u00e1sicas: \u201cTapa, lav\u00e1, tira y gir\u00e1\u201d. Estas acciones implican eliminar todos los objetos que pueden acumular agua y ser, por lo tanto, criaderos del mosquito. Incluyen tapar tanques, tachos y dep\u00f3sitos que puedan acumular agua. Lavar con cepillo o esponja los recipientes, canaletas y desag\u00fces para desprender los huevos de mosquito. Tirar todos los recipientes en desuso, mantener los patios y jardines limpios, y las cubiertas de autom\u00f3viles bajo techo. Y girar todos los elementos que puedan acumular agua: vaciar baldes, colectores de aire acondicionado y porta macetas, cada vez que llueva.<\/p>\n\n\n\n<p>El dengue es una enfermedad que se transmite por la picadura del mosquito Aedes aegypti. Cuando una hembra se alimenta de sangre de una persona enferma de dengue adquiere el virus y, al picar a otras personas lo transmite, es decir que el contagio solo se produce por la picadura del mosquito, no hay contagio de persona a persona. Para m\u00e1s informaci\u00f3n, ingresar a www.gba.gob.ar\/dengue o llamar al 148.<\/p>\n","protected":false},"excerpt":{"rendered":"<p>A partir de ma\u00f1ana, el gobierno de la Provincia de Buenos Aires comenzar\u00e1 a aplicar la segunda dosis de la<\/p>\n","protected":false},"author":3,"featured_media":6225,"comment_status":"open","ping_status":"open","sticky":false,"template":"","format":"standard","meta":{"colormag_page_container_layout":"default_layout","colormag_page_sidebar_layout":"default_layout","footnotes":""},"categories":[1,14],"tags":[],"class_list":["post-6222","post","type-post","status-publish","format-standard","has-post-thumbnail","hentry","category-destacadas","category-politica"],"yoast_head":"<!-- This site is optimized with the Yoast SEO plugin v27.5 - https:\/\/yoast.com\/product\/yoast-seo-wordpress\/ -->\n<title>La Provincia comienza a aplicar la segunda dosis de la vacuna contra el dengue - InfoPBA247<\/title>\n<meta name=\"robots\" content=\"index, follow, max-snippet:-1, max-image-preview:large, max-video-preview:-1\" \/>\n<link rel=\"canonical\" href=\"https:\/\/infopba247.com.ar\/index.php\/2025\/01\/23\/la-provincia-comienza-a-aplicar-la-segunda-dosis-de-la-vacuna-contra-el-dengue\/\" \/>\n<meta property=\"og:locale\" content=\"es_ES\" \/>\n<meta property=\"og:type\" content=\"article\" \/>\n<meta property=\"og:title\" content=\"La Provincia comienza a aplicar la segunda dosis de la vacuna contra el dengue - InfoPBA247\" \/>\n<meta property=\"og:description\" content=\"A partir de ma\u00f1ana, el gobierno de la Provincia de Buenos Aires comenzar\u00e1 a aplicar la segunda dosis de la\" \/>\n<meta property=\"og:url\" content=\"https:\/\/infopba247.com.ar\/index.php\/2025\/01\/23\/la-provincia-comienza-a-aplicar-la-segunda-dosis-de-la-vacuna-contra-el-dengue\/\" \/>\n<meta property=\"og:site_name\" content=\"InfoPBA247\" \/>\n<meta property=\"article:publisher\" content=\"https:\/\/www.facebook.com\/InfoPBA\" \/>\n<meta property=\"article:published_time\" content=\"2025-01-23T16:01:34+00:00\" \/>\n<meta property=\"article:modified_time\" content=\"2025-01-23T16:01:35+00:00\" \/>\n<meta property=\"og:image\" content=\"https:\/\/infopba247.com.ar\/wp-content\/uploads\/2025\/01\/dengue-segunda-dosis3.jpg\" \/>\n\t<meta property=\"og:image:width\" content=\"1600\" \/>\n\t<meta property=\"og:image:height\" content=\"1067\" \/>\n\t<meta property=\"og:image:type\" content=\"image\/jpeg\" \/>\n<meta name=\"author\" content=\"Editor\" \/>\n<meta name=\"twitter:card\" content=\"summary_large_image\" \/>\n<meta name=\"twitter:label1\" content=\"Escrito por\" \/>\n\t<meta name=\"twitter:data1\" content=\"Editor\" \/>\n\t<meta name=\"twitter:label2\" content=\"Tiempo de lectura\" \/>\n\t<meta name=\"twitter:data2\" content=\"3 minutos\" \/>\n<script type=\"application\/ld+json\" class=\"yoast-schema-graph\">{\"@context\":\"https:\\\/\\\/schema.org\",\"@graph\":[{\"@type\":\"Article\",\"@id\":\"https:\\\/\\\/infopba247.com.ar\\\/index.php\\\/2025\\\/01\\\/23\\\/la-provincia-comienza-a-aplicar-la-segunda-dosis-de-la-vacuna-contra-el-dengue\\\/#article\",\"isPartOf\":{\"@id\":\"https:\\\/\\\/infopba247.com.ar\\\/index.php\\\/2025\\\/01\\\/23\\\/la-provincia-comienza-a-aplicar-la-segunda-dosis-de-la-vacuna-contra-el-dengue\\\/\"},\"author\":{\"name\":\"Editor\",\"@id\":\"https:\\\/\\\/infopba247.com.ar\\\/#\\\/schema\\\/person\\\/4975f1343a413e57bf839b3eed0099f2\"},\"headline\":\"La Provincia comienza a aplicar la segunda dosis de la vacuna contra el dengue\",\"datePublished\":\"2025-01-23T16:01:34+00:00\",\"dateModified\":\"2025-01-23T16:01:35+00:00\",\"mainEntityOfPage\":{\"@id\":\"https:\\\/\\\/infopba247.com.ar\\\/index.php\\\/2025\\\/01\\\/23\\\/la-provincia-comienza-a-aplicar-la-segunda-dosis-de-la-vacuna-contra-el-dengue\\\/\"},\"wordCount\":463,\"commentCount\":0,\"publisher\":{\"@id\":\"https:\\\/\\\/infopba247.com.ar\\\/#organization\"},\"image\":{\"@id\":\"https:\\\/\\\/infopba247.com.ar\\\/index.php\\\/2025\\\/01\\\/23\\\/la-provincia-comienza-a-aplicar-la-segunda-dosis-de-la-vacuna-contra-el-dengue\\\/#primaryimage\"},\"thumbnailUrl\":\"https:\\\/\\\/infopba247.com.ar\\\/wp-content\\\/uploads\\\/2025\\\/01\\\/dengue-segunda-dosis3.jpg\",\"articleSection\":[\"Destacadas\",\"Pol\u00edtica\"],\"inLanguage\":\"es\",\"potentialAction\":[{\"@type\":\"CommentAction\",\"name\":\"Comment\",\"target\":[\"https:\\\/\\\/infopba247.com.ar\\\/index.php\\\/2025\\\/01\\\/23\\\/la-provincia-comienza-a-aplicar-la-segunda-dosis-de-la-vacuna-contra-el-dengue\\\/#respond\"]}]},{\"@type\":\"WebPage\",\"@id\":\"https:\\\/\\\/infopba247.com.ar\\\/index.php\\\/2025\\\/01\\\/23\\\/la-provincia-comienza-a-aplicar-la-segunda-dosis-de-la-vacuna-contra-el-dengue\\\/\",\"url\":\"https:\\\/\\\/infopba247.com.ar\\\/index.php\\\/2025\\\/01\\\/23\\\/la-provincia-comienza-a-aplicar-la-segunda-dosis-de-la-vacuna-contra-el-dengue\\\/\",\"name\":\"La Provincia comienza a aplicar la segunda dosis de la vacuna contra el dengue - InfoPBA247\",\"isPartOf\":{\"@id\":\"https:\\\/\\\/infopba247.com.ar\\\/#website\"},\"primaryImageOfPage\":{\"@id\":\"https:\\\/\\\/infopba247.com.ar\\\/index.php\\\/2025\\\/01\\\/23\\\/la-provincia-comienza-a-aplicar-la-segunda-dosis-de-la-vacuna-contra-el-dengue\\\/#primaryimage\"},\"image\":{\"@id\":\"https:\\\/\\\/infopba247.com.ar\\\/index.php\\\/2025\\\/01\\\/23\\\/la-provincia-comienza-a-aplicar-la-segunda-dosis-de-la-vacuna-contra-el-dengue\\\/#primaryimage\"},\"thumbnailUrl\":\"https:\\\/\\\/infopba247.com.ar\\\/wp-content\\\/uploads\\\/2025\\\/01\\\/dengue-segunda-dosis3.jpg\",\"datePublished\":\"2025-01-23T16:01:34+00:00\",\"dateModified\":\"2025-01-23T16:01:35+00:00\",\"breadcrumb\":{\"@id\":\"https:\\\/\\\/infopba247.com.ar\\\/index.php\\\/2025\\\/01\\\/23\\\/la-provincia-comienza-a-aplicar-la-segunda-dosis-de-la-vacuna-contra-el-dengue\\\/#breadcrumb\"},\"inLanguage\":\"es\",\"potentialAction\":[{\"@type\":\"ReadAction\",\"target\":[\"https:\\\/\\\/infopba247.com.ar\\\/index.php\\\/2025\\\/01\\\/23\\\/la-provincia-comienza-a-aplicar-la-segunda-dosis-de-la-vacuna-contra-el-dengue\\\/\"]}]},{\"@type\":\"ImageObject\",\"inLanguage\":\"es\",\"@id\":\"https:\\\/\\\/infopba247.com.ar\\\/index.php\\\/2025\\\/01\\\/23\\\/la-provincia-comienza-a-aplicar-la-segunda-dosis-de-la-vacuna-contra-el-dengue\\\/#primaryimage\",\"url\":\"https:\\\/\\\/infopba247.com.ar\\\/wp-content\\\/uploads\\\/2025\\\/01\\\/dengue-segunda-dosis3.jpg\",\"contentUrl\":\"https:\\\/\\\/infopba247.com.ar\\\/wp-content\\\/uploads\\\/2025\\\/01\\\/dengue-segunda-dosis3.jpg\",\"width\":1600,\"height\":1067},{\"@type\":\"BreadcrumbList\",\"@id\":\"https:\\\/\\\/infopba247.com.ar\\\/index.php\\\/2025\\\/01\\\/23\\\/la-provincia-comienza-a-aplicar-la-segunda-dosis-de-la-vacuna-contra-el-dengue\\\/#breadcrumb\",\"itemListElement\":[{\"@type\":\"ListItem\",\"position\":1,\"name\":\"Portada\",\"item\":\"https:\\\/\\\/infopba247.com.ar\\\/\"},{\"@type\":\"ListItem\",\"position\":2,\"name\":\"La Provincia comienza a aplicar la segunda dosis de la vacuna contra el dengue\"}]},{\"@type\":\"WebSite\",\"@id\":\"https:\\\/\\\/infopba247.com.ar\\\/#website\",\"url\":\"https:\\\/\\\/infopba247.com.ar\\\/\",\"name\":\"InfoPBA247\",\"description\":\"Toda la actualidad bonaerense\",\"publisher\":{\"@id\":\"https:\\\/\\\/infopba247.com.ar\\\/#organization\"},\"potentialAction\":[{\"@type\":\"SearchAction\",\"target\":{\"@type\":\"EntryPoint\",\"urlTemplate\":\"https:\\\/\\\/infopba247.com.ar\\\/?s={search_term_string}\"},\"query-input\":{\"@type\":\"PropertyValueSpecification\",\"valueRequired\":true,\"valueName\":\"search_term_string\"}}],\"inLanguage\":\"es\"},{\"@type\":\"Organization\",\"@id\":\"https:\\\/\\\/infopba247.com.ar\\\/#organization\",\"name\":\"InfoPBA247\",\"url\":\"https:\\\/\\\/infopba247.com.ar\\\/\",\"logo\":{\"@type\":\"ImageObject\",\"inLanguage\":\"es\",\"@id\":\"https:\\\/\\\/infopba247.com.ar\\\/#\\\/schema\\\/logo\\\/image\\\/\",\"url\":\"https:\\\/\\\/infopba247.com.ar\\\/wp-content\\\/uploads\\\/2022\\\/03\\\/cropped-InfoPBA247-1.png\",\"contentUrl\":\"https:\\\/\\\/infopba247.com.ar\\\/wp-content\\\/uploads\\\/2022\\\/03\\\/cropped-InfoPBA247-1.png\",\"width\":500,\"height\":122,\"caption\":\"InfoPBA247\"},\"image\":{\"@id\":\"https:\\\/\\\/infopba247.com.ar\\\/#\\\/schema\\\/logo\\\/image\\\/\"},\"sameAs\":[\"https:\\\/\\\/www.facebook.com\\\/InfoPBA\"]},{\"@type\":\"Person\",\"@id\":\"https:\\\/\\\/infopba247.com.ar\\\/#\\\/schema\\\/person\\\/4975f1343a413e57bf839b3eed0099f2\",\"name\":\"Editor\",\"image\":{\"@type\":\"ImageObject\",\"inLanguage\":\"es\",\"@id\":\"https:\\\/\\\/secure.gravatar.com\\\/avatar\\\/d27fe9520667ca53441d36627a1d6b0fa4a813571ec4803687a7a3a7744685ac?s=96&d=mm&r=g\",\"url\":\"https:\\\/\\\/secure.gravatar.com\\\/avatar\\\/d27fe9520667ca53441d36627a1d6b0fa4a813571ec4803687a7a3a7744685ac?s=96&d=mm&r=g\",\"contentUrl\":\"https:\\\/\\\/secure.gravatar.com\\\/avatar\\\/d27fe9520667ca53441d36627a1d6b0fa4a813571ec4803687a7a3a7744685ac?s=96&d=mm&r=g\",\"caption\":\"Editor\"},\"url\":\"https:\\\/\\\/infopba247.com.ar\\\/index.php\\\/author\\\/editor\\\/\"}]}<\/script>\n<!-- \/ Yoast SEO plugin. -->","yoast_head_json":{"title":"La Provincia comienza a aplicar la segunda dosis de la vacuna contra el dengue - InfoPBA247","robots":{"index":"index","follow":"follow","max-snippet":"max-snippet:-1","max-image-preview":"max-image-preview:large","max-video-preview":"max-video-preview:-1"},"canonical":"https:\/\/infopba247.com.ar\/index.php\/2025\/01\/23\/la-provincia-comienza-a-aplicar-la-segunda-dosis-de-la-vacuna-contra-el-dengue\/","og_locale":"es_ES","og_type":"article","og_title":"La Provincia comienza a aplicar la segunda dosis de la vacuna contra el dengue - InfoPBA247","og_description":"A partir de ma\u00f1ana, el gobierno de la Provincia de Buenos Aires comenzar\u00e1 a aplicar la segunda dosis de la","og_url":"https:\/\/infopba247.com.ar\/index.php\/2025\/01\/23\/la-provincia-comienza-a-aplicar-la-segunda-dosis-de-la-vacuna-contra-el-dengue\/","og_site_name":"InfoPBA247","article_publisher":"https:\/\/www.facebook.com\/InfoPBA","article_published_time":"2025-01-23T16:01:34+00:00","article_modified_time":"2025-01-23T16:01:35+00:00","og_image":[{"width":1600,"height":1067,"url":"https:\/\/infopba247.com.ar\/wp-content\/uploads\/2025\/01\/dengue-segunda-dosis3.jpg","type":"image\/jpeg"}],"author":"Editor","twitter_card":"summary_large_image","twitter_misc":{"Escrito por":"Editor","Tiempo de lectura":"3 minutos"},"schema":{"@context":"https:\/\/schema.org","@graph":[{"@type":"Article","@id":"https:\/\/infopba247.com.ar\/index.php\/2025\/01\/23\/la-provincia-comienza-a-aplicar-la-segunda-dosis-de-la-vacuna-contra-el-dengue\/#article","isPartOf":{"@id":"https:\/\/infopba247.com.ar\/index.php\/2025\/01\/23\/la-provincia-comienza-a-aplicar-la-segunda-dosis-de-la-vacuna-contra-el-dengue\/"},"author":{"name":"Editor","@id":"https:\/\/infopba247.com.ar\/#\/schema\/person\/4975f1343a413e57bf839b3eed0099f2"},"headline":"La Provincia comienza a aplicar la segunda dosis de la vacuna contra el dengue","datePublished":"2025-01-23T16:01:34+00:00","dateModified":"2025-01-23T16:01:35+00:00","mainEntityOfPage":{"@id":"https:\/\/infopba247.com.ar\/index.php\/2025\/01\/23\/la-provincia-comienza-a-aplicar-la-segunda-dosis-de-la-vacuna-contra-el-dengue\/"},"wordCount":463,"commentCount":0,"publisher":{"@id":"https:\/\/infopba247.com.ar\/#organization"},"image":{"@id":"https:\/\/infopba247.com.ar\/index.php\/2025\/01\/23\/la-provincia-comienza-a-aplicar-la-segunda-dosis-de-la-vacuna-contra-el-dengue\/#primaryimage"},"thumbnailUrl":"https:\/\/infopba247.com.ar\/wp-content\/uploads\/2025\/01\/dengue-segunda-dosis3.jpg","articleSection":["Destacadas","Pol\u00edtica"],"inLanguage":"es","potentialAction":[{"@type":"CommentAction","name":"Comment","target":["https:\/\/infopba247.com.ar\/index.php\/2025\/01\/23\/la-provincia-comienza-a-aplicar-la-segunda-dosis-de-la-vacuna-contra-el-dengue\/#respond"]}]},{"@type":"WebPage","@id":"https:\/\/infopba247.com.ar\/index.php\/2025\/01\/23\/la-provincia-comienza-a-aplicar-la-segunda-dosis-de-la-vacuna-contra-el-dengue\/","url":"https:\/\/infopba247.com.ar\/index.php\/2025\/01\/23\/la-provincia-comienza-a-aplicar-la-segunda-dosis-de-la-vacuna-contra-el-dengue\/","name":"La Provincia comienza a aplicar la segunda dosis de la vacuna contra el dengue - InfoPBA247","isPartOf":{"@id":"https:\/\/infopba247.com.ar\/#website"},"primaryImageOfPage":{"@id":"https:\/\/infopba247.com.ar\/index.php\/2025\/01\/23\/la-provincia-comienza-a-aplicar-la-segunda-dosis-de-la-vacuna-contra-el-dengue\/#primaryimage"},"image":{"@id":"https:\/\/infopba247.com.ar\/index.php\/2025\/01\/23\/la-provincia-comienza-a-aplicar-la-segunda-dosis-de-la-vacuna-contra-el-dengue\/#primaryimage"},"thumbnailUrl":"https:\/\/infopba247.com.ar\/wp-content\/uploads\/2025\/01\/dengue-segunda-dosis3.jpg","datePublished":"2025-01-23T16:01:34+00:00","dateModified":"2025-01-23T16:01:35+00:00","breadcrumb":{"@id":"https:\/\/infopba247.com.ar\/index.php\/2025\/01\/23\/la-provincia-comienza-a-aplicar-la-segunda-dosis-de-la-vacuna-contra-el-dengue\/#breadcrumb"},"inLanguage":"es","potentialAction":[{"@type":"ReadAction","target":["https:\/\/infopba247.com.ar\/index.php\/2025\/01\/23\/la-provincia-comienza-a-aplicar-la-segunda-dosis-de-la-vacuna-contra-el-dengue\/"]}]},{"@type":"ImageObject","inLanguage":"es","@id":"https:\/\/infopba247.com.ar\/index.php\/2025\/01\/23\/la-provincia-comienza-a-aplicar-la-segunda-dosis-de-la-vacuna-contra-el-dengue\/#primaryimage","url":"https:\/\/infopba247.com.ar\/wp-content\/uploads\/2025\/01\/dengue-segunda-dosis3.jpg","contentUrl":"https:\/\/infopba247.com.ar\/wp-content\/uploads\/2025\/01\/dengue-segunda-dosis3.jpg","width":1600,"height":1067},{"@type":"BreadcrumbList","@id":"https:\/\/infopba247.com.ar\/index.php\/2025\/01\/23\/la-provincia-comienza-a-aplicar-la-segunda-dosis-de-la-vacuna-contra-el-dengue\/#breadcrumb","itemListElement":[{"@type":"ListItem","position":1,"name":"Portada","item":"https:\/\/infopba247.com.ar\/"},{"@type":"ListItem","position":2,"name":"La Provincia comienza a aplicar la segunda dosis de la vacuna contra el dengue"}]},{"@type":"WebSite","@id":"https:\/\/infopba247.com.ar\/#website","url":"https:\/\/infopba247.com.ar\/","name":"InfoPBA247","description":"Toda la actualidad bonaerense","publisher":{"@id":"https:\/\/infopba247.com.ar\/#organization"},"potentialAction":[{"@type":"SearchAction","target":{"@type":"EntryPoint","urlTemplate":"https:\/\/infopba247.com.ar\/?s={search_term_string}"},"query-input":{"@type":"PropertyValueSpecification","valueRequired":true,"valueName":"search_term_string"}}],"inLanguage":"es"},{"@type":"Organization","@id":"https:\/\/infopba247.com.ar\/#organization","name":"InfoPBA247","url":"https:\/\/infopba247.com.ar\/","logo":{"@type":"ImageObject","inLanguage":"es","@id":"https:\/\/infopba247.com.ar\/#\/schema\/logo\/image\/","url":"https:\/\/infopba247.com.ar\/wp-content\/uploads\/2022\/03\/cropped-InfoPBA247-1.png","contentUrl":"https:\/\/infopba247.com.ar\/wp-content\/uploads\/2022\/03\/cropped-InfoPBA247-1.png","width":500,"height":122,"caption":"InfoPBA247"},"image":{"@id":"https:\/\/infopba247.com.ar\/#\/schema\/logo\/image\/"},"sameAs":["https:\/\/www.facebook.com\/InfoPBA"]},{"@type":"Person","@id":"https:\/\/infopba247.com.ar\/#\/schema\/person\/4975f1343a413e57bf839b3eed0099f2","name":"Editor","image":{"@type":"ImageObject","inLanguage":"es","@id":"https:\/\/secure.gravatar.com\/avatar\/d27fe9520667ca53441d36627a1d6b0fa4a813571ec4803687a7a3a7744685ac?s=96&d=mm&r=g","url":"https:\/\/secure.gravatar.com\/avatar\/d27fe9520667ca53441d36627a1d6b0fa4a813571ec4803687a7a3a7744685ac?s=96&d=mm&r=g","contentUrl":"https:\/\/secure.gravatar.com\/avatar\/d27fe9520667ca53441d36627a1d6b0fa4a813571ec4803687a7a3a7744685ac?s=96&d=mm&r=g","caption":"Editor"},"url":"https:\/\/infopba247.com.ar\/index.php\/author\/editor\/"}]}},"_links":{"self":[{"href":"https:\/\/infopba247.com.ar\/index.php\/wp-json\/wp\/v2\/posts\/6222","targetHints":{"allow":["GET"]}}],"collection":[{"href":"https:\/\/infopba247.com.ar\/index.php\/wp-json\/wp\/v2\/posts"}],"about":[{"href":"https:\/\/infopba247.com.ar\/index.php\/wp-json\/wp\/v2\/types\/post"}],"author":[{"embeddable":true,"href":"https:\/\/infopba247.com.ar\/index.php\/wp-json\/wp\/v2\/users\/3"}],"replies":[{"embeddable":true,"href":"https:\/\/infopba247.com.ar\/index.php\/wp-json\/wp\/v2\/comments?post=6222"}],"version-history":[{"count":1,"href":"https:\/\/infopba247.com.ar\/index.php\/wp-json\/wp\/v2\/posts\/6222\/revisions"}],"predecessor-version":[{"id":6227,"href":"https:\/\/infopba247.com.ar\/index.php\/wp-json\/wp\/v2\/posts\/6222\/revisions\/6227"}],"wp:featuredmedia":[{"embeddable":true,"href":"https:\/\/infopba247.com.ar\/index.php\/wp-json\/wp\/v2\/media\/6225"}],"wp:attachment":[{"href":"https:\/\/infopba247.com.ar\/index.php\/wp-json\/wp\/v2\/media?parent=6222"}],"wp:term":[{"taxonomy":"category","embeddable":true,"href":"https:\/\/infopba247.com.ar\/index.php\/wp-json\/wp\/v2\/categories?post=6222"},{"taxonomy":"post_tag","embeddable":true,"href":"https:\/\/infopba247.com.ar\/index.php\/wp-json\/wp\/v2\/tags?post=6222"}],"curies":[{"name":"wp","href":"https:\/\/api.w.org\/{rel}","templated":true}]}}