{"id":6203,"date":"2025-01-21T12:24:57","date_gmt":"2025-01-21T15:24:57","guid":{"rendered":"https:\/\/infopba247.com.ar\/?p=6203"},"modified":"2025-01-21T12:24:59","modified_gmt":"2025-01-21T15:24:59","slug":"salud-y-prevencion-llegan-actividades-contra-el-dengue-y-los-efectos-del-calor","status":"publish","type":"post","link":"https:\/\/infopba247.com.ar\/index.php\/2025\/01\/21\/salud-y-prevencion-llegan-actividades-contra-el-dengue-y-los-efectos-del-calor\/","title":{"rendered":"Salud y prevenci\u00f3n: llegan actividades contra el dengue y los efectos del calor"},"content":{"rendered":"\n<p>En el marco de las jornadas de la Municipalidad de La Plata destinadas a facilitar el acceso a la salud de vecinos y vecinas de la ciudad, esta semana habr\u00e1 actividades con el foco puesto en la prevenci\u00f3n del dengue y los golpes de calor.<\/p>\n\n\n\n<p>En ese sentido, el mi\u00e9rcoles 22 de 9:00 a 10:00 la Secretar\u00eda de Salud de la gesti\u00f3n del intendente Julio Alak desarrollar\u00e1 una charla vinculada a las olas de calor y sus efectos en el Centro de Atenci\u00f3n Primaria de la Salud (CAPS) N\u00b0 32 de calle 510 entre 30 y 31, Gonnet.<\/p>\n\n\n\n<p>Del mismo modo, el s\u00e1bado 25 entre las 10:00 y las 13:00 promotores y promotoras de salud recorrer\u00e1n el Parque Saavedra de 12 y 64 entregando folleter\u00eda informativa relacionada con la enfermedad y otras arbovirosis.<\/p>\n\n\n\n<p>Adem\u00e1s, dialogar\u00e1n con los transe\u00fantes acerca de las medidas que deben tomar para prevenir la reproducci\u00f3n del mosquito transmisor y su picadura y aplicar\u00e1n vacunas de calendario.<\/p>\n\n\n\n<p>Asimismo, vale recordar que todos los d\u00edas en los distintos CAPS de La Plata se aplican vacunas de calendario, antigripales y contra el covid con el fin de promover la prevenci\u00f3n de enfermedades y optimizar la inmunizaci\u00f3n en todas las edades.<\/p>\n","protected":false},"excerpt":{"rendered":"<p>En el marco de las jornadas de la Municipalidad de La Plata destinadas a facilitar el acceso a la salud<\/p>\n","protected":false},"author":3,"featured_media":6200,"comment_status":"open","ping_status":"open","sticky":false,"template":"","format":"standard","meta":{"colormag_page_container_layout":"default_layout","colormag_page_sidebar_layout":"default_layout","footnotes":""},"categories":[12,1,14],"tags":[],"class_list":["post-6203","post","type-post","status-publish","format-standard","has-post-thumbnail","hentry","category-8va-seccion","category-destacadas","category-politica"],"yoast_head":"<!-- This site is optimized with the Yoast SEO plugin v27.4 - https:\/\/yoast.com\/product\/yoast-seo-wordpress\/ -->\n<title>Salud y prevenci\u00f3n: llegan actividades contra el dengue y los efectos del calor - InfoPBA247<\/title>\n<meta name=\"robots\" content=\"index, follow, max-snippet:-1, max-image-preview:large, max-video-preview:-1\" \/>\n<link rel=\"canonical\" href=\"https:\/\/infopba247.com.ar\/index.php\/2025\/01\/21\/salud-y-prevencion-llegan-actividades-contra-el-dengue-y-los-efectos-del-calor\/\" \/>\n<meta property=\"og:locale\" content=\"es_ES\" \/>\n<meta property=\"og:type\" content=\"article\" \/>\n<meta property=\"og:title\" content=\"Salud y prevenci\u00f3n: llegan actividades contra el dengue y los efectos del calor - InfoPBA247\" \/>\n<meta property=\"og:description\" content=\"En el marco de las jornadas de la Municipalidad de La Plata destinadas a facilitar el acceso a la salud\" \/>\n<meta property=\"og:url\" content=\"https:\/\/infopba247.com.ar\/index.php\/2025\/01\/21\/salud-y-prevencion-llegan-actividades-contra-el-dengue-y-los-efectos-del-calor\/\" \/>\n<meta property=\"og:site_name\" content=\"InfoPBA247\" \/>\n<meta property=\"article:publisher\" content=\"https:\/\/www.facebook.com\/InfoPBA\" \/>\n<meta property=\"article:published_time\" content=\"2025-01-21T15:24:57+00:00\" \/>\n<meta property=\"article:modified_time\" content=\"2025-01-21T15:24:59+00:00\" \/>\n<meta property=\"og:image\" content=\"https:\/\/infopba247.com.ar\/wp-content\/uploads\/2025\/01\/unnamed-2025-01-21T121621.241-scaled.jpg\" \/>\n\t<meta property=\"og:image:width\" content=\"2560\" \/>\n\t<meta property=\"og:image:height\" content=\"1704\" \/>\n\t<meta property=\"og:image:type\" content=\"image\/jpeg\" \/>\n<meta name=\"author\" content=\"Editor\" \/>\n<meta name=\"twitter:card\" content=\"summary_large_image\" \/>\n<meta name=\"twitter:label1\" content=\"Escrito por\" \/>\n\t<meta name=\"twitter:data1\" content=\"Editor\" \/>\n\t<meta name=\"twitter:label2\" content=\"Tiempo de lectura\" \/>\n\t<meta name=\"twitter:data2\" content=\"2 minutos\" \/>\n<script type=\"application\/ld+json\" class=\"yoast-schema-graph\">{\"@context\":\"https:\\\/\\\/schema.org\",\"@graph\":[{\"@type\":\"Article\",\"@id\":\"https:\\\/\\\/infopba247.com.ar\\\/index.php\\\/2025\\\/01\\\/21\\\/salud-y-prevencion-llegan-actividades-contra-el-dengue-y-los-efectos-del-calor\\\/#article\",\"isPartOf\":{\"@id\":\"https:\\\/\\\/infopba247.com.ar\\\/index.php\\\/2025\\\/01\\\/21\\\/salud-y-prevencion-llegan-actividades-contra-el-dengue-y-los-efectos-del-calor\\\/\"},\"author\":{\"name\":\"Editor\",\"@id\":\"https:\\\/\\\/infopba247.com.ar\\\/#\\\/schema\\\/person\\\/4975f1343a413e57bf839b3eed0099f2\"},\"headline\":\"Salud y prevenci\u00f3n: llegan actividades contra el dengue y los efectos del calor\",\"datePublished\":\"2025-01-21T15:24:57+00:00\",\"dateModified\":\"2025-01-21T15:24:59+00:00\",\"mainEntityOfPage\":{\"@id\":\"https:\\\/\\\/infopba247.com.ar\\\/index.php\\\/2025\\\/01\\\/21\\\/salud-y-prevencion-llegan-actividades-contra-el-dengue-y-los-efectos-del-calor\\\/\"},\"wordCount\":219,\"commentCount\":0,\"publisher\":{\"@id\":\"https:\\\/\\\/infopba247.com.ar\\\/#organization\"},\"image\":{\"@id\":\"https:\\\/\\\/infopba247.com.ar\\\/index.php\\\/2025\\\/01\\\/21\\\/salud-y-prevencion-llegan-actividades-contra-el-dengue-y-los-efectos-del-calor\\\/#primaryimage\"},\"thumbnailUrl\":\"https:\\\/\\\/infopba247.com.ar\\\/wp-content\\\/uploads\\\/2025\\\/01\\\/unnamed-2025-01-21T121621.241-scaled.jpg\",\"articleSection\":[\"8va Secci\u00f3n\",\"Destacadas\",\"Pol\u00edtica\"],\"inLanguage\":\"es\",\"potentialAction\":[{\"@type\":\"CommentAction\",\"name\":\"Comment\",\"target\":[\"https:\\\/\\\/infopba247.com.ar\\\/index.php\\\/2025\\\/01\\\/21\\\/salud-y-prevencion-llegan-actividades-contra-el-dengue-y-los-efectos-del-calor\\\/#respond\"]}]},{\"@type\":\"WebPage\",\"@id\":\"https:\\\/\\\/infopba247.com.ar\\\/index.php\\\/2025\\\/01\\\/21\\\/salud-y-prevencion-llegan-actividades-contra-el-dengue-y-los-efectos-del-calor\\\/\",\"url\":\"https:\\\/\\\/infopba247.com.ar\\\/index.php\\\/2025\\\/01\\\/21\\\/salud-y-prevencion-llegan-actividades-contra-el-dengue-y-los-efectos-del-calor\\\/\",\"name\":\"Salud y prevenci\u00f3n: llegan actividades contra el dengue y los efectos del calor - InfoPBA247\",\"isPartOf\":{\"@id\":\"https:\\\/\\\/infopba247.com.ar\\\/#website\"},\"primaryImageOfPage\":{\"@id\":\"https:\\\/\\\/infopba247.com.ar\\\/index.php\\\/2025\\\/01\\\/21\\\/salud-y-prevencion-llegan-actividades-contra-el-dengue-y-los-efectos-del-calor\\\/#primaryimage\"},\"image\":{\"@id\":\"https:\\\/\\\/infopba247.com.ar\\\/index.php\\\/2025\\\/01\\\/21\\\/salud-y-prevencion-llegan-actividades-contra-el-dengue-y-los-efectos-del-calor\\\/#primaryimage\"},\"thumbnailUrl\":\"https:\\\/\\\/infopba247.com.ar\\\/wp-content\\\/uploads\\\/2025\\\/01\\\/unnamed-2025-01-21T121621.241-scaled.jpg\",\"datePublished\":\"2025-01-21T15:24:57+00:00\",\"dateModified\":\"2025-01-21T15:24:59+00:00\",\"breadcrumb\":{\"@id\":\"https:\\\/\\\/infopba247.com.ar\\\/index.php\\\/2025\\\/01\\\/21\\\/salud-y-prevencion-llegan-actividades-contra-el-dengue-y-los-efectos-del-calor\\\/#breadcrumb\"},\"inLanguage\":\"es\",\"potentialAction\":[{\"@type\":\"ReadAction\",\"target\":[\"https:\\\/\\\/infopba247.com.ar\\\/index.php\\\/2025\\\/01\\\/21\\\/salud-y-prevencion-llegan-actividades-contra-el-dengue-y-los-efectos-del-calor\\\/\"]}]},{\"@type\":\"ImageObject\",\"inLanguage\":\"es\",\"@id\":\"https:\\\/\\\/infopba247.com.ar\\\/index.php\\\/2025\\\/01\\\/21\\\/salud-y-prevencion-llegan-actividades-contra-el-dengue-y-los-efectos-del-calor\\\/#primaryimage\",\"url\":\"https:\\\/\\\/infopba247.com.ar\\\/wp-content\\\/uploads\\\/2025\\\/01\\\/unnamed-2025-01-21T121621.241-scaled.jpg\",\"contentUrl\":\"https:\\\/\\\/infopba247.com.ar\\\/wp-content\\\/uploads\\\/2025\\\/01\\\/unnamed-2025-01-21T121621.241-scaled.jpg\",\"width\":2560,\"height\":1704},{\"@type\":\"BreadcrumbList\",\"@id\":\"https:\\\/\\\/infopba247.com.ar\\\/index.php\\\/2025\\\/01\\\/21\\\/salud-y-prevencion-llegan-actividades-contra-el-dengue-y-los-efectos-del-calor\\\/#breadcrumb\",\"itemListElement\":[{\"@type\":\"ListItem\",\"position\":1,\"name\":\"Portada\",\"item\":\"https:\\\/\\\/infopba247.com.ar\\\/\"},{\"@type\":\"ListItem\",\"position\":2,\"name\":\"Salud y prevenci\u00f3n: llegan actividades contra el dengue y los efectos del calor\"}]},{\"@type\":\"WebSite\",\"@id\":\"https:\\\/\\\/infopba247.com.ar\\\/#website\",\"url\":\"https:\\\/\\\/infopba247.com.ar\\\/\",\"name\":\"InfoPBA247\",\"description\":\"Toda la actualidad bonaerense\",\"publisher\":{\"@id\":\"https:\\\/\\\/infopba247.com.ar\\\/#organization\"},\"potentialAction\":[{\"@type\":\"SearchAction\",\"target\":{\"@type\":\"EntryPoint\",\"urlTemplate\":\"https:\\\/\\\/infopba247.com.ar\\\/?s={search_term_string}\"},\"query-input\":{\"@type\":\"PropertyValueSpecification\",\"valueRequired\":true,\"valueName\":\"search_term_string\"}}],\"inLanguage\":\"es\"},{\"@type\":\"Organization\",\"@id\":\"https:\\\/\\\/infopba247.com.ar\\\/#organization\",\"name\":\"InfoPBA247\",\"url\":\"https:\\\/\\\/infopba247.com.ar\\\/\",\"logo\":{\"@type\":\"ImageObject\",\"inLanguage\":\"es\",\"@id\":\"https:\\\/\\\/infopba247.com.ar\\\/#\\\/schema\\\/logo\\\/image\\\/\",\"url\":\"https:\\\/\\\/infopba247.com.ar\\\/wp-content\\\/uploads\\\/2022\\\/03\\\/cropped-InfoPBA247-1.png\",\"contentUrl\":\"https:\\\/\\\/infopba247.com.ar\\\/wp-content\\\/uploads\\\/2022\\\/03\\\/cropped-InfoPBA247-1.png\",\"width\":500,\"height\":122,\"caption\":\"InfoPBA247\"},\"image\":{\"@id\":\"https:\\\/\\\/infopba247.com.ar\\\/#\\\/schema\\\/logo\\\/image\\\/\"},\"sameAs\":[\"https:\\\/\\\/www.facebook.com\\\/InfoPBA\"]},{\"@type\":\"Person\",\"@id\":\"https:\\\/\\\/infopba247.com.ar\\\/#\\\/schema\\\/person\\\/4975f1343a413e57bf839b3eed0099f2\",\"name\":\"Editor\",\"image\":{\"@type\":\"ImageObject\",\"inLanguage\":\"es\",\"@id\":\"https:\\\/\\\/secure.gravatar.com\\\/avatar\\\/d27fe9520667ca53441d36627a1d6b0fa4a813571ec4803687a7a3a7744685ac?s=96&d=mm&r=g\",\"url\":\"https:\\\/\\\/secure.gravatar.com\\\/avatar\\\/d27fe9520667ca53441d36627a1d6b0fa4a813571ec4803687a7a3a7744685ac?s=96&d=mm&r=g\",\"contentUrl\":\"https:\\\/\\\/secure.gravatar.com\\\/avatar\\\/d27fe9520667ca53441d36627a1d6b0fa4a813571ec4803687a7a3a7744685ac?s=96&d=mm&r=g\",\"caption\":\"Editor\"},\"url\":\"https:\\\/\\\/infopba247.com.ar\\\/index.php\\\/author\\\/editor\\\/\"}]}<\/script>\n<!-- \/ Yoast SEO plugin. -->","yoast_head_json":{"title":"Salud y prevenci\u00f3n: llegan actividades contra el dengue y los efectos del calor - InfoPBA247","robots":{"index":"index","follow":"follow","max-snippet":"max-snippet:-1","max-image-preview":"max-image-preview:large","max-video-preview":"max-video-preview:-1"},"canonical":"https:\/\/infopba247.com.ar\/index.php\/2025\/01\/21\/salud-y-prevencion-llegan-actividades-contra-el-dengue-y-los-efectos-del-calor\/","og_locale":"es_ES","og_type":"article","og_title":"Salud y prevenci\u00f3n: llegan actividades contra el dengue y los efectos del calor - InfoPBA247","og_description":"En el marco de las jornadas de la Municipalidad de La Plata destinadas a facilitar el acceso a la salud","og_url":"https:\/\/infopba247.com.ar\/index.php\/2025\/01\/21\/salud-y-prevencion-llegan-actividades-contra-el-dengue-y-los-efectos-del-calor\/","og_site_name":"InfoPBA247","article_publisher":"https:\/\/www.facebook.com\/InfoPBA","article_published_time":"2025-01-21T15:24:57+00:00","article_modified_time":"2025-01-21T15:24:59+00:00","og_image":[{"width":2560,"height":1704,"url":"https:\/\/infopba247.com.ar\/wp-content\/uploads\/2025\/01\/unnamed-2025-01-21T121621.241-scaled.jpg","type":"image\/jpeg"}],"author":"Editor","twitter_card":"summary_large_image","twitter_misc":{"Escrito por":"Editor","Tiempo de lectura":"2 minutos"},"schema":{"@context":"https:\/\/schema.org","@graph":[{"@type":"Article","@id":"https:\/\/infopba247.com.ar\/index.php\/2025\/01\/21\/salud-y-prevencion-llegan-actividades-contra-el-dengue-y-los-efectos-del-calor\/#article","isPartOf":{"@id":"https:\/\/infopba247.com.ar\/index.php\/2025\/01\/21\/salud-y-prevencion-llegan-actividades-contra-el-dengue-y-los-efectos-del-calor\/"},"author":{"name":"Editor","@id":"https:\/\/infopba247.com.ar\/#\/schema\/person\/4975f1343a413e57bf839b3eed0099f2"},"headline":"Salud y prevenci\u00f3n: llegan actividades contra el dengue y los efectos del calor","datePublished":"2025-01-21T15:24:57+00:00","dateModified":"2025-01-21T15:24:59+00:00","mainEntityOfPage":{"@id":"https:\/\/infopba247.com.ar\/index.php\/2025\/01\/21\/salud-y-prevencion-llegan-actividades-contra-el-dengue-y-los-efectos-del-calor\/"},"wordCount":219,"commentCount":0,"publisher":{"@id":"https:\/\/infopba247.com.ar\/#organization"},"image":{"@id":"https:\/\/infopba247.com.ar\/index.php\/2025\/01\/21\/salud-y-prevencion-llegan-actividades-contra-el-dengue-y-los-efectos-del-calor\/#primaryimage"},"thumbnailUrl":"https:\/\/infopba247.com.ar\/wp-content\/uploads\/2025\/01\/unnamed-2025-01-21T121621.241-scaled.jpg","articleSection":["8va Secci\u00f3n","Destacadas","Pol\u00edtica"],"inLanguage":"es","potentialAction":[{"@type":"CommentAction","name":"Comment","target":["https:\/\/infopba247.com.ar\/index.php\/2025\/01\/21\/salud-y-prevencion-llegan-actividades-contra-el-dengue-y-los-efectos-del-calor\/#respond"]}]},{"@type":"WebPage","@id":"https:\/\/infopba247.com.ar\/index.php\/2025\/01\/21\/salud-y-prevencion-llegan-actividades-contra-el-dengue-y-los-efectos-del-calor\/","url":"https:\/\/infopba247.com.ar\/index.php\/2025\/01\/21\/salud-y-prevencion-llegan-actividades-contra-el-dengue-y-los-efectos-del-calor\/","name":"Salud y prevenci\u00f3n: llegan actividades contra el dengue y los efectos del calor - InfoPBA247","isPartOf":{"@id":"https:\/\/infopba247.com.ar\/#website"},"primaryImageOfPage":{"@id":"https:\/\/infopba247.com.ar\/index.php\/2025\/01\/21\/salud-y-prevencion-llegan-actividades-contra-el-dengue-y-los-efectos-del-calor\/#primaryimage"},"image":{"@id":"https:\/\/infopba247.com.ar\/index.php\/2025\/01\/21\/salud-y-prevencion-llegan-actividades-contra-el-dengue-y-los-efectos-del-calor\/#primaryimage"},"thumbnailUrl":"https:\/\/infopba247.com.ar\/wp-content\/uploads\/2025\/01\/unnamed-2025-01-21T121621.241-scaled.jpg","datePublished":"2025-01-21T15:24:57+00:00","dateModified":"2025-01-21T15:24:59+00:00","breadcrumb":{"@id":"https:\/\/infopba247.com.ar\/index.php\/2025\/01\/21\/salud-y-prevencion-llegan-actividades-contra-el-dengue-y-los-efectos-del-calor\/#breadcrumb"},"inLanguage":"es","potentialAction":[{"@type":"ReadAction","target":["https:\/\/infopba247.com.ar\/index.php\/2025\/01\/21\/salud-y-prevencion-llegan-actividades-contra-el-dengue-y-los-efectos-del-calor\/"]}]},{"@type":"ImageObject","inLanguage":"es","@id":"https:\/\/infopba247.com.ar\/index.php\/2025\/01\/21\/salud-y-prevencion-llegan-actividades-contra-el-dengue-y-los-efectos-del-calor\/#primaryimage","url":"https:\/\/infopba247.com.ar\/wp-content\/uploads\/2025\/01\/unnamed-2025-01-21T121621.241-scaled.jpg","contentUrl":"https:\/\/infopba247.com.ar\/wp-content\/uploads\/2025\/01\/unnamed-2025-01-21T121621.241-scaled.jpg","width":2560,"height":1704},{"@type":"BreadcrumbList","@id":"https:\/\/infopba247.com.ar\/index.php\/2025\/01\/21\/salud-y-prevencion-llegan-actividades-contra-el-dengue-y-los-efectos-del-calor\/#breadcrumb","itemListElement":[{"@type":"ListItem","position":1,"name":"Portada","item":"https:\/\/infopba247.com.ar\/"},{"@type":"ListItem","position":2,"name":"Salud y prevenci\u00f3n: llegan actividades contra el dengue y los efectos del calor"}]},{"@type":"WebSite","@id":"https:\/\/infopba247.com.ar\/#website","url":"https:\/\/infopba247.com.ar\/","name":"InfoPBA247","description":"Toda la actualidad bonaerense","publisher":{"@id":"https:\/\/infopba247.com.ar\/#organization"},"potentialAction":[{"@type":"SearchAction","target":{"@type":"EntryPoint","urlTemplate":"https:\/\/infopba247.com.ar\/?s={search_term_string}"},"query-input":{"@type":"PropertyValueSpecification","valueRequired":true,"valueName":"search_term_string"}}],"inLanguage":"es"},{"@type":"Organization","@id":"https:\/\/infopba247.com.ar\/#organization","name":"InfoPBA247","url":"https:\/\/infopba247.com.ar\/","logo":{"@type":"ImageObject","inLanguage":"es","@id":"https:\/\/infopba247.com.ar\/#\/schema\/logo\/image\/","url":"https:\/\/infopba247.com.ar\/wp-content\/uploads\/2022\/03\/cropped-InfoPBA247-1.png","contentUrl":"https:\/\/infopba247.com.ar\/wp-content\/uploads\/2022\/03\/cropped-InfoPBA247-1.png","width":500,"height":122,"caption":"InfoPBA247"},"image":{"@id":"https:\/\/infopba247.com.ar\/#\/schema\/logo\/image\/"},"sameAs":["https:\/\/www.facebook.com\/InfoPBA"]},{"@type":"Person","@id":"https:\/\/infopba247.com.ar\/#\/schema\/person\/4975f1343a413e57bf839b3eed0099f2","name":"Editor","image":{"@type":"ImageObject","inLanguage":"es","@id":"https:\/\/secure.gravatar.com\/avatar\/d27fe9520667ca53441d36627a1d6b0fa4a813571ec4803687a7a3a7744685ac?s=96&d=mm&r=g","url":"https:\/\/secure.gravatar.com\/avatar\/d27fe9520667ca53441d36627a1d6b0fa4a813571ec4803687a7a3a7744685ac?s=96&d=mm&r=g","contentUrl":"https:\/\/secure.gravatar.com\/avatar\/d27fe9520667ca53441d36627a1d6b0fa4a813571ec4803687a7a3a7744685ac?s=96&d=mm&r=g","caption":"Editor"},"url":"https:\/\/infopba247.com.ar\/index.php\/author\/editor\/"}]}},"_links":{"self":[{"href":"https:\/\/infopba247.com.ar\/index.php\/wp-json\/wp\/v2\/posts\/6203","targetHints":{"allow":["GET"]}}],"collection":[{"href":"https:\/\/infopba247.com.ar\/index.php\/wp-json\/wp\/v2\/posts"}],"about":[{"href":"https:\/\/infopba247.com.ar\/index.php\/wp-json\/wp\/v2\/types\/post"}],"author":[{"embeddable":true,"href":"https:\/\/infopba247.com.ar\/index.php\/wp-json\/wp\/v2\/users\/3"}],"replies":[{"embeddable":true,"href":"https:\/\/infopba247.com.ar\/index.php\/wp-json\/wp\/v2\/comments?post=6203"}],"version-history":[{"count":1,"href":"https:\/\/infopba247.com.ar\/index.php\/wp-json\/wp\/v2\/posts\/6203\/revisions"}],"predecessor-version":[{"id":6205,"href":"https:\/\/infopba247.com.ar\/index.php\/wp-json\/wp\/v2\/posts\/6203\/revisions\/6205"}],"wp:featuredmedia":[{"embeddable":true,"href":"https:\/\/infopba247.com.ar\/index.php\/wp-json\/wp\/v2\/media\/6200"}],"wp:attachment":[{"href":"https:\/\/infopba247.com.ar\/index.php\/wp-json\/wp\/v2\/media?parent=6203"}],"wp:term":[{"taxonomy":"category","embeddable":true,"href":"https:\/\/infopba247.com.ar\/index.php\/wp-json\/wp\/v2\/categories?post=6203"},{"taxonomy":"post_tag","embeddable":true,"href":"https:\/\/infopba247.com.ar\/index.php\/wp-json\/wp\/v2\/tags?post=6203"}],"curies":[{"name":"wp","href":"https:\/\/api.w.org\/{rel}","templated":true}]}}