{"id":6180,"date":"2025-01-16T12:04:49","date_gmt":"2025-01-16T15:04:49","guid":{"rendered":"https:\/\/infopba247.com.ar\/?p=6180"},"modified":"2025-01-16T12:04:51","modified_gmt":"2025-01-16T15:04:51","slug":"comenzaron-las-colonias-de-verano-2025-una-propuesta-inclusiva-para-toda-la-comunidad","status":"publish","type":"post","link":"https:\/\/infopba247.com.ar\/index.php\/2025\/01\/16\/comenzaron-las-colonias-de-verano-2025-una-propuesta-inclusiva-para-toda-la-comunidad\/","title":{"rendered":"Comenzaron las Colonias de Verano 2025: una propuesta inclusiva para toda la comunidad"},"content":{"rendered":"\n<p>Este verano, miles de vecinas y vecinos de Moreno ya disfrutan de las colonias municipales 2025, una iniciativa que busca garantizar el derecho al disfrute, la recreaci\u00f3n y el bienestar de ni\u00f1as, ni\u00f1os, adolescentes, j\u00f3venes, adultas, adultos mayores y personas con discapacidad.<\/p>\n\n\n\n<p>Las actividades se desarrollan en m\u00faltiples sedes distribuidas estrat\u00e9gicamente en el distrito que incluyen: el Polideportivo Diego Armando Maradona (Cuartel V, Ruta Provincial N\u00b024 \u2013 Km 56,5), el Polideportivo de Paso Del Rey (S\u00e1enz Pe\u00f1a 1548), el Polideportivo de Catonas (Jos\u00e9 Ingenieros 3200), la Reserva Natural Los Robles (Benito Ju\u00e1rez &amp; Alberto Williams), el Club Defensores de Moreno (Victorica 350), el predio del SATSAID (La Piedad 1455, La Reja), el predio Bebe Ricci (Ruta 24 y Galarza, Cuartel V), la Asociaci\u00f3n Mutual V\u00e9lez Sarsfield (Dalmacio S\u00e1nchez 1586), el Club Deportivo Banco Rural (Jos\u00e9 Mar\u00eda Zapiola 432) y el Centro Recreativo de SMATA (Ruta 25 entre S\u00f3focles y Alvarado).<\/p>\n\n\n\n<p>Con el objetivo de asegurar la participaci\u00f3n de todas y todos, las colonias cuentan con traslados en micro, meriendas para las y los asistentes y un equipo especializado que incluye personal de salud y guardavidas en cada sede. Estas medidas garantizan un entorno seguro y accesible para disfrutar de las actividades recreativas, deportivas y culturales.<\/p>\n\n\n\n<p>Como cada a\u00f1o, la realizaci\u00f3n de las colonias reafirma el compromiso del Gobierno local con la inclusi\u00f3n, el acceso igualitario al esparcimiento y de espacios de encuentro que permiten a miles de morenenses el disfrute del verano al aire libre.<\/p>\n\n\n\n<p>Para consultas e informaci\u00f3n sobre cupos disponibles, las personas interesadas pueden acercarse a los Polideportivos \u201cDiego Armando Maradona\u201d, \u201cPaso del Rey\u201d y \u201cCatonas\u201d.<\/p>\n","protected":false},"excerpt":{"rendered":"<p>Este verano, miles de vecinas y vecinos de Moreno ya disfrutan de las colonias municipales 2025, una iniciativa que busca<\/p>\n","protected":false},"author":3,"featured_media":6172,"comment_status":"open","ping_status":"open","sticky":false,"template":"","format":"standard","meta":{"colormag_page_container_layout":"default_layout","colormag_page_sidebar_layout":"default_layout","footnotes":""},"categories":[5,1,14],"tags":[],"class_list":["post-6180","post","type-post","status-publish","format-standard","has-post-thumbnail","hentry","category-1ra-seccion","category-destacadas","category-politica"],"yoast_head":"<!-- This site is optimized with the Yoast SEO plugin v27.4 - https:\/\/yoast.com\/product\/yoast-seo-wordpress\/ -->\n<title>Comenzaron las Colonias de Verano 2025: una propuesta inclusiva para toda la comunidad - InfoPBA247<\/title>\n<meta name=\"robots\" content=\"index, follow, max-snippet:-1, max-image-preview:large, max-video-preview:-1\" \/>\n<link rel=\"canonical\" href=\"https:\/\/infopba247.com.ar\/index.php\/2025\/01\/16\/comenzaron-las-colonias-de-verano-2025-una-propuesta-inclusiva-para-toda-la-comunidad\/\" \/>\n<meta property=\"og:locale\" content=\"es_ES\" \/>\n<meta property=\"og:type\" content=\"article\" \/>\n<meta property=\"og:title\" content=\"Comenzaron las Colonias de Verano 2025: una propuesta inclusiva para toda la comunidad - InfoPBA247\" \/>\n<meta property=\"og:description\" content=\"Este verano, miles de vecinas y vecinos de Moreno ya disfrutan de las colonias municipales 2025, una iniciativa que busca\" \/>\n<meta property=\"og:url\" content=\"https:\/\/infopba247.com.ar\/index.php\/2025\/01\/16\/comenzaron-las-colonias-de-verano-2025-una-propuesta-inclusiva-para-toda-la-comunidad\/\" \/>\n<meta property=\"og:site_name\" content=\"InfoPBA247\" \/>\n<meta property=\"article:publisher\" content=\"https:\/\/www.facebook.com\/InfoPBA\" \/>\n<meta property=\"article:published_time\" content=\"2025-01-16T15:04:49+00:00\" \/>\n<meta property=\"article:modified_time\" content=\"2025-01-16T15:04:51+00:00\" \/>\n<meta property=\"og:image\" content=\"https:\/\/infopba247.com.ar\/wp-content\/uploads\/2025\/01\/colonias-8.jpg\" \/>\n\t<meta property=\"og:image:width\" content=\"1920\" \/>\n\t<meta property=\"og:image:height\" content=\"1080\" \/>\n\t<meta property=\"og:image:type\" content=\"image\/jpeg\" \/>\n<meta name=\"author\" content=\"Editor\" \/>\n<meta name=\"twitter:card\" content=\"summary_large_image\" \/>\n<meta name=\"twitter:label1\" content=\"Escrito por\" \/>\n\t<meta name=\"twitter:data1\" content=\"Editor\" \/>\n\t<meta name=\"twitter:label2\" content=\"Tiempo de lectura\" \/>\n\t<meta name=\"twitter:data2\" content=\"2 minutos\" \/>\n<script type=\"application\/ld+json\" class=\"yoast-schema-graph\">{\"@context\":\"https:\\\/\\\/schema.org\",\"@graph\":[{\"@type\":\"Article\",\"@id\":\"https:\\\/\\\/infopba247.com.ar\\\/index.php\\\/2025\\\/01\\\/16\\\/comenzaron-las-colonias-de-verano-2025-una-propuesta-inclusiva-para-toda-la-comunidad\\\/#article\",\"isPartOf\":{\"@id\":\"https:\\\/\\\/infopba247.com.ar\\\/index.php\\\/2025\\\/01\\\/16\\\/comenzaron-las-colonias-de-verano-2025-una-propuesta-inclusiva-para-toda-la-comunidad\\\/\"},\"author\":{\"name\":\"Editor\",\"@id\":\"https:\\\/\\\/infopba247.com.ar\\\/#\\\/schema\\\/person\\\/4975f1343a413e57bf839b3eed0099f2\"},\"headline\":\"Comenzaron las Colonias de Verano 2025: una propuesta inclusiva para toda la comunidad\",\"datePublished\":\"2025-01-16T15:04:49+00:00\",\"dateModified\":\"2025-01-16T15:04:51+00:00\",\"mainEntityOfPage\":{\"@id\":\"https:\\\/\\\/infopba247.com.ar\\\/index.php\\\/2025\\\/01\\\/16\\\/comenzaron-las-colonias-de-verano-2025-una-propuesta-inclusiva-para-toda-la-comunidad\\\/\"},\"wordCount\":288,\"commentCount\":0,\"publisher\":{\"@id\":\"https:\\\/\\\/infopba247.com.ar\\\/#organization\"},\"image\":{\"@id\":\"https:\\\/\\\/infopba247.com.ar\\\/index.php\\\/2025\\\/01\\\/16\\\/comenzaron-las-colonias-de-verano-2025-una-propuesta-inclusiva-para-toda-la-comunidad\\\/#primaryimage\"},\"thumbnailUrl\":\"https:\\\/\\\/infopba247.com.ar\\\/wp-content\\\/uploads\\\/2025\\\/01\\\/colonias-8.jpg\",\"articleSection\":[\"1ra Secci\u00f3n\",\"Destacadas\",\"Pol\u00edtica\"],\"inLanguage\":\"es\",\"potentialAction\":[{\"@type\":\"CommentAction\",\"name\":\"Comment\",\"target\":[\"https:\\\/\\\/infopba247.com.ar\\\/index.php\\\/2025\\\/01\\\/16\\\/comenzaron-las-colonias-de-verano-2025-una-propuesta-inclusiva-para-toda-la-comunidad\\\/#respond\"]}]},{\"@type\":\"WebPage\",\"@id\":\"https:\\\/\\\/infopba247.com.ar\\\/index.php\\\/2025\\\/01\\\/16\\\/comenzaron-las-colonias-de-verano-2025-una-propuesta-inclusiva-para-toda-la-comunidad\\\/\",\"url\":\"https:\\\/\\\/infopba247.com.ar\\\/index.php\\\/2025\\\/01\\\/16\\\/comenzaron-las-colonias-de-verano-2025-una-propuesta-inclusiva-para-toda-la-comunidad\\\/\",\"name\":\"Comenzaron las Colonias de Verano 2025: una propuesta inclusiva para toda la comunidad - InfoPBA247\",\"isPartOf\":{\"@id\":\"https:\\\/\\\/infopba247.com.ar\\\/#website\"},\"primaryImageOfPage\":{\"@id\":\"https:\\\/\\\/infopba247.com.ar\\\/index.php\\\/2025\\\/01\\\/16\\\/comenzaron-las-colonias-de-verano-2025-una-propuesta-inclusiva-para-toda-la-comunidad\\\/#primaryimage\"},\"image\":{\"@id\":\"https:\\\/\\\/infopba247.com.ar\\\/index.php\\\/2025\\\/01\\\/16\\\/comenzaron-las-colonias-de-verano-2025-una-propuesta-inclusiva-para-toda-la-comunidad\\\/#primaryimage\"},\"thumbnailUrl\":\"https:\\\/\\\/infopba247.com.ar\\\/wp-content\\\/uploads\\\/2025\\\/01\\\/colonias-8.jpg\",\"datePublished\":\"2025-01-16T15:04:49+00:00\",\"dateModified\":\"2025-01-16T15:04:51+00:00\",\"breadcrumb\":{\"@id\":\"https:\\\/\\\/infopba247.com.ar\\\/index.php\\\/2025\\\/01\\\/16\\\/comenzaron-las-colonias-de-verano-2025-una-propuesta-inclusiva-para-toda-la-comunidad\\\/#breadcrumb\"},\"inLanguage\":\"es\",\"potentialAction\":[{\"@type\":\"ReadAction\",\"target\":[\"https:\\\/\\\/infopba247.com.ar\\\/index.php\\\/2025\\\/01\\\/16\\\/comenzaron-las-colonias-de-verano-2025-una-propuesta-inclusiva-para-toda-la-comunidad\\\/\"]}]},{\"@type\":\"ImageObject\",\"inLanguage\":\"es\",\"@id\":\"https:\\\/\\\/infopba247.com.ar\\\/index.php\\\/2025\\\/01\\\/16\\\/comenzaron-las-colonias-de-verano-2025-una-propuesta-inclusiva-para-toda-la-comunidad\\\/#primaryimage\",\"url\":\"https:\\\/\\\/infopba247.com.ar\\\/wp-content\\\/uploads\\\/2025\\\/01\\\/colonias-8.jpg\",\"contentUrl\":\"https:\\\/\\\/infopba247.com.ar\\\/wp-content\\\/uploads\\\/2025\\\/01\\\/colonias-8.jpg\",\"width\":1920,\"height\":1080},{\"@type\":\"BreadcrumbList\",\"@id\":\"https:\\\/\\\/infopba247.com.ar\\\/index.php\\\/2025\\\/01\\\/16\\\/comenzaron-las-colonias-de-verano-2025-una-propuesta-inclusiva-para-toda-la-comunidad\\\/#breadcrumb\",\"itemListElement\":[{\"@type\":\"ListItem\",\"position\":1,\"name\":\"Portada\",\"item\":\"https:\\\/\\\/infopba247.com.ar\\\/\"},{\"@type\":\"ListItem\",\"position\":2,\"name\":\"Comenzaron las Colonias de Verano 2025: una propuesta inclusiva para toda la comunidad\"}]},{\"@type\":\"WebSite\",\"@id\":\"https:\\\/\\\/infopba247.com.ar\\\/#website\",\"url\":\"https:\\\/\\\/infopba247.com.ar\\\/\",\"name\":\"InfoPBA247\",\"description\":\"Toda la actualidad bonaerense\",\"publisher\":{\"@id\":\"https:\\\/\\\/infopba247.com.ar\\\/#organization\"},\"potentialAction\":[{\"@type\":\"SearchAction\",\"target\":{\"@type\":\"EntryPoint\",\"urlTemplate\":\"https:\\\/\\\/infopba247.com.ar\\\/?s={search_term_string}\"},\"query-input\":{\"@type\":\"PropertyValueSpecification\",\"valueRequired\":true,\"valueName\":\"search_term_string\"}}],\"inLanguage\":\"es\"},{\"@type\":\"Organization\",\"@id\":\"https:\\\/\\\/infopba247.com.ar\\\/#organization\",\"name\":\"InfoPBA247\",\"url\":\"https:\\\/\\\/infopba247.com.ar\\\/\",\"logo\":{\"@type\":\"ImageObject\",\"inLanguage\":\"es\",\"@id\":\"https:\\\/\\\/infopba247.com.ar\\\/#\\\/schema\\\/logo\\\/image\\\/\",\"url\":\"https:\\\/\\\/infopba247.com.ar\\\/wp-content\\\/uploads\\\/2022\\\/03\\\/cropped-InfoPBA247-1.png\",\"contentUrl\":\"https:\\\/\\\/infopba247.com.ar\\\/wp-content\\\/uploads\\\/2022\\\/03\\\/cropped-InfoPBA247-1.png\",\"width\":500,\"height\":122,\"caption\":\"InfoPBA247\"},\"image\":{\"@id\":\"https:\\\/\\\/infopba247.com.ar\\\/#\\\/schema\\\/logo\\\/image\\\/\"},\"sameAs\":[\"https:\\\/\\\/www.facebook.com\\\/InfoPBA\"]},{\"@type\":\"Person\",\"@id\":\"https:\\\/\\\/infopba247.com.ar\\\/#\\\/schema\\\/person\\\/4975f1343a413e57bf839b3eed0099f2\",\"name\":\"Editor\",\"image\":{\"@type\":\"ImageObject\",\"inLanguage\":\"es\",\"@id\":\"https:\\\/\\\/secure.gravatar.com\\\/avatar\\\/d27fe9520667ca53441d36627a1d6b0fa4a813571ec4803687a7a3a7744685ac?s=96&d=mm&r=g\",\"url\":\"https:\\\/\\\/secure.gravatar.com\\\/avatar\\\/d27fe9520667ca53441d36627a1d6b0fa4a813571ec4803687a7a3a7744685ac?s=96&d=mm&r=g\",\"contentUrl\":\"https:\\\/\\\/secure.gravatar.com\\\/avatar\\\/d27fe9520667ca53441d36627a1d6b0fa4a813571ec4803687a7a3a7744685ac?s=96&d=mm&r=g\",\"caption\":\"Editor\"},\"url\":\"https:\\\/\\\/infopba247.com.ar\\\/index.php\\\/author\\\/editor\\\/\"}]}<\/script>\n<!-- \/ Yoast SEO plugin. -->","yoast_head_json":{"title":"Comenzaron las Colonias de Verano 2025: una propuesta inclusiva para toda la comunidad - InfoPBA247","robots":{"index":"index","follow":"follow","max-snippet":"max-snippet:-1","max-image-preview":"max-image-preview:large","max-video-preview":"max-video-preview:-1"},"canonical":"https:\/\/infopba247.com.ar\/index.php\/2025\/01\/16\/comenzaron-las-colonias-de-verano-2025-una-propuesta-inclusiva-para-toda-la-comunidad\/","og_locale":"es_ES","og_type":"article","og_title":"Comenzaron las Colonias de Verano 2025: una propuesta inclusiva para toda la comunidad - InfoPBA247","og_description":"Este verano, miles de vecinas y vecinos de Moreno ya disfrutan de las colonias municipales 2025, una iniciativa que busca","og_url":"https:\/\/infopba247.com.ar\/index.php\/2025\/01\/16\/comenzaron-las-colonias-de-verano-2025-una-propuesta-inclusiva-para-toda-la-comunidad\/","og_site_name":"InfoPBA247","article_publisher":"https:\/\/www.facebook.com\/InfoPBA","article_published_time":"2025-01-16T15:04:49+00:00","article_modified_time":"2025-01-16T15:04:51+00:00","og_image":[{"width":1920,"height":1080,"url":"https:\/\/infopba247.com.ar\/wp-content\/uploads\/2025\/01\/colonias-8.jpg","type":"image\/jpeg"}],"author":"Editor","twitter_card":"summary_large_image","twitter_misc":{"Escrito por":"Editor","Tiempo de lectura":"2 minutos"},"schema":{"@context":"https:\/\/schema.org","@graph":[{"@type":"Article","@id":"https:\/\/infopba247.com.ar\/index.php\/2025\/01\/16\/comenzaron-las-colonias-de-verano-2025-una-propuesta-inclusiva-para-toda-la-comunidad\/#article","isPartOf":{"@id":"https:\/\/infopba247.com.ar\/index.php\/2025\/01\/16\/comenzaron-las-colonias-de-verano-2025-una-propuesta-inclusiva-para-toda-la-comunidad\/"},"author":{"name":"Editor","@id":"https:\/\/infopba247.com.ar\/#\/schema\/person\/4975f1343a413e57bf839b3eed0099f2"},"headline":"Comenzaron las Colonias de Verano 2025: una propuesta inclusiva para toda la comunidad","datePublished":"2025-01-16T15:04:49+00:00","dateModified":"2025-01-16T15:04:51+00:00","mainEntityOfPage":{"@id":"https:\/\/infopba247.com.ar\/index.php\/2025\/01\/16\/comenzaron-las-colonias-de-verano-2025-una-propuesta-inclusiva-para-toda-la-comunidad\/"},"wordCount":288,"commentCount":0,"publisher":{"@id":"https:\/\/infopba247.com.ar\/#organization"},"image":{"@id":"https:\/\/infopba247.com.ar\/index.php\/2025\/01\/16\/comenzaron-las-colonias-de-verano-2025-una-propuesta-inclusiva-para-toda-la-comunidad\/#primaryimage"},"thumbnailUrl":"https:\/\/infopba247.com.ar\/wp-content\/uploads\/2025\/01\/colonias-8.jpg","articleSection":["1ra Secci\u00f3n","Destacadas","Pol\u00edtica"],"inLanguage":"es","potentialAction":[{"@type":"CommentAction","name":"Comment","target":["https:\/\/infopba247.com.ar\/index.php\/2025\/01\/16\/comenzaron-las-colonias-de-verano-2025-una-propuesta-inclusiva-para-toda-la-comunidad\/#respond"]}]},{"@type":"WebPage","@id":"https:\/\/infopba247.com.ar\/index.php\/2025\/01\/16\/comenzaron-las-colonias-de-verano-2025-una-propuesta-inclusiva-para-toda-la-comunidad\/","url":"https:\/\/infopba247.com.ar\/index.php\/2025\/01\/16\/comenzaron-las-colonias-de-verano-2025-una-propuesta-inclusiva-para-toda-la-comunidad\/","name":"Comenzaron las Colonias de Verano 2025: una propuesta inclusiva para toda la comunidad - InfoPBA247","isPartOf":{"@id":"https:\/\/infopba247.com.ar\/#website"},"primaryImageOfPage":{"@id":"https:\/\/infopba247.com.ar\/index.php\/2025\/01\/16\/comenzaron-las-colonias-de-verano-2025-una-propuesta-inclusiva-para-toda-la-comunidad\/#primaryimage"},"image":{"@id":"https:\/\/infopba247.com.ar\/index.php\/2025\/01\/16\/comenzaron-las-colonias-de-verano-2025-una-propuesta-inclusiva-para-toda-la-comunidad\/#primaryimage"},"thumbnailUrl":"https:\/\/infopba247.com.ar\/wp-content\/uploads\/2025\/01\/colonias-8.jpg","datePublished":"2025-01-16T15:04:49+00:00","dateModified":"2025-01-16T15:04:51+00:00","breadcrumb":{"@id":"https:\/\/infopba247.com.ar\/index.php\/2025\/01\/16\/comenzaron-las-colonias-de-verano-2025-una-propuesta-inclusiva-para-toda-la-comunidad\/#breadcrumb"},"inLanguage":"es","potentialAction":[{"@type":"ReadAction","target":["https:\/\/infopba247.com.ar\/index.php\/2025\/01\/16\/comenzaron-las-colonias-de-verano-2025-una-propuesta-inclusiva-para-toda-la-comunidad\/"]}]},{"@type":"ImageObject","inLanguage":"es","@id":"https:\/\/infopba247.com.ar\/index.php\/2025\/01\/16\/comenzaron-las-colonias-de-verano-2025-una-propuesta-inclusiva-para-toda-la-comunidad\/#primaryimage","url":"https:\/\/infopba247.com.ar\/wp-content\/uploads\/2025\/01\/colonias-8.jpg","contentUrl":"https:\/\/infopba247.com.ar\/wp-content\/uploads\/2025\/01\/colonias-8.jpg","width":1920,"height":1080},{"@type":"BreadcrumbList","@id":"https:\/\/infopba247.com.ar\/index.php\/2025\/01\/16\/comenzaron-las-colonias-de-verano-2025-una-propuesta-inclusiva-para-toda-la-comunidad\/#breadcrumb","itemListElement":[{"@type":"ListItem","position":1,"name":"Portada","item":"https:\/\/infopba247.com.ar\/"},{"@type":"ListItem","position":2,"name":"Comenzaron las Colonias de Verano 2025: una propuesta inclusiva para toda la comunidad"}]},{"@type":"WebSite","@id":"https:\/\/infopba247.com.ar\/#website","url":"https:\/\/infopba247.com.ar\/","name":"InfoPBA247","description":"Toda la actualidad bonaerense","publisher":{"@id":"https:\/\/infopba247.com.ar\/#organization"},"potentialAction":[{"@type":"SearchAction","target":{"@type":"EntryPoint","urlTemplate":"https:\/\/infopba247.com.ar\/?s={search_term_string}"},"query-input":{"@type":"PropertyValueSpecification","valueRequired":true,"valueName":"search_term_string"}}],"inLanguage":"es"},{"@type":"Organization","@id":"https:\/\/infopba247.com.ar\/#organization","name":"InfoPBA247","url":"https:\/\/infopba247.com.ar\/","logo":{"@type":"ImageObject","inLanguage":"es","@id":"https:\/\/infopba247.com.ar\/#\/schema\/logo\/image\/","url":"https:\/\/infopba247.com.ar\/wp-content\/uploads\/2022\/03\/cropped-InfoPBA247-1.png","contentUrl":"https:\/\/infopba247.com.ar\/wp-content\/uploads\/2022\/03\/cropped-InfoPBA247-1.png","width":500,"height":122,"caption":"InfoPBA247"},"image":{"@id":"https:\/\/infopba247.com.ar\/#\/schema\/logo\/image\/"},"sameAs":["https:\/\/www.facebook.com\/InfoPBA"]},{"@type":"Person","@id":"https:\/\/infopba247.com.ar\/#\/schema\/person\/4975f1343a413e57bf839b3eed0099f2","name":"Editor","image":{"@type":"ImageObject","inLanguage":"es","@id":"https:\/\/secure.gravatar.com\/avatar\/d27fe9520667ca53441d36627a1d6b0fa4a813571ec4803687a7a3a7744685ac?s=96&d=mm&r=g","url":"https:\/\/secure.gravatar.com\/avatar\/d27fe9520667ca53441d36627a1d6b0fa4a813571ec4803687a7a3a7744685ac?s=96&d=mm&r=g","contentUrl":"https:\/\/secure.gravatar.com\/avatar\/d27fe9520667ca53441d36627a1d6b0fa4a813571ec4803687a7a3a7744685ac?s=96&d=mm&r=g","caption":"Editor"},"url":"https:\/\/infopba247.com.ar\/index.php\/author\/editor\/"}]}},"_links":{"self":[{"href":"https:\/\/infopba247.com.ar\/index.php\/wp-json\/wp\/v2\/posts\/6180","targetHints":{"allow":["GET"]}}],"collection":[{"href":"https:\/\/infopba247.com.ar\/index.php\/wp-json\/wp\/v2\/posts"}],"about":[{"href":"https:\/\/infopba247.com.ar\/index.php\/wp-json\/wp\/v2\/types\/post"}],"author":[{"embeddable":true,"href":"https:\/\/infopba247.com.ar\/index.php\/wp-json\/wp\/v2\/users\/3"}],"replies":[{"embeddable":true,"href":"https:\/\/infopba247.com.ar\/index.php\/wp-json\/wp\/v2\/comments?post=6180"}],"version-history":[{"count":1,"href":"https:\/\/infopba247.com.ar\/index.php\/wp-json\/wp\/v2\/posts\/6180\/revisions"}],"predecessor-version":[{"id":6181,"href":"https:\/\/infopba247.com.ar\/index.php\/wp-json\/wp\/v2\/posts\/6180\/revisions\/6181"}],"wp:featuredmedia":[{"embeddable":true,"href":"https:\/\/infopba247.com.ar\/index.php\/wp-json\/wp\/v2\/media\/6172"}],"wp:attachment":[{"href":"https:\/\/infopba247.com.ar\/index.php\/wp-json\/wp\/v2\/media?parent=6180"}],"wp:term":[{"taxonomy":"category","embeddable":true,"href":"https:\/\/infopba247.com.ar\/index.php\/wp-json\/wp\/v2\/categories?post=6180"},{"taxonomy":"post_tag","embeddable":true,"href":"https:\/\/infopba247.com.ar\/index.php\/wp-json\/wp\/v2\/tags?post=6180"}],"curies":[{"name":"wp","href":"https:\/\/api.w.org\/{rel}","templated":true}]}}