{"id":6128,"date":"2025-01-10T11:27:09","date_gmt":"2025-01-10T14:27:09","guid":{"rendered":"https:\/\/infopba247.com.ar\/?p=6128"},"modified":"2025-01-10T11:27:10","modified_gmt":"2025-01-10T14:27:10","slug":"azul-cambia-la-empresa-de-colectivos-y-garantiza-servicios-a-cachari-chillar-y-pablo-acosta","status":"publish","type":"post","link":"https:\/\/infopba247.com.ar\/index.php\/2025\/01\/10\/azul-cambia-la-empresa-de-colectivos-y-garantiza-servicios-a-cachari-chillar-y-pablo-acosta\/","title":{"rendered":"Azul cambia la empresa de colectivos y garantiza servicios a Cachar\u00ed, Chillar y Pablo Acosta"},"content":{"rendered":"\n<p>El intendente de Azul, Nelson Sombra, anunci\u00f3 la implementaci\u00f3n de un nuevo servicio de transporte p\u00fablico de pasajeros para el Partido; el cual implica el cambio de la empresa a cargo del mismo, nuevas unidades con GPS y c\u00e1maras de seguridad y la agregaci\u00f3n del traslado a Cachar\u00ed, Chillar y Pablo Acosta.<\/p>\n\n\n\n<p>En el Sal\u00f3n de Acuerdos, el jefe comunal estuvo acompa\u00f1ado por el director de Transporte Ricardo M\u00e9ndez, la directora de Legal y T\u00e9cnica Nerina Russo, el delegado de Cachar\u00ed Mario Piazza y el concejal Nicol\u00e1s Cartolano.<\/p>\n\n\n\n<p>\u201cQueremos anunciarle a la comunidad una buena noticia, un avance en lo que refiere a transporte p\u00fablico. Es algo que nosotros venimos planteando hace rato en el concepto de integraci\u00f3n del Partido, de poder sumar nuevos recorridos, una nueva frecuencia para todo el partido de Azul, a\u00f1adiendo a las localidades y Pablo Acosta\u201d,-resalt\u00f3 el Intendente.<\/p>\n\n\n\n<p>En este marco, inform\u00f3 la baja de la concesi\u00f3n de la empresa La Uni\u00f3n \u2013con pr\u00f3rroga hasta el 31 de enero de este a\u00f1o- y la incorporaci\u00f3n de la firma Autobuses Buenos Aires, con la que se firm\u00f3 un acuerdo de trabajo que entre otros aspectos garantiza la contrataci\u00f3n del personal que actualmente labora en La Uni\u00f3n.<\/p>\n\n\n\n<p>Asimismo, el mandatario municipal subray\u00f3: \u201cHace a\u00f1os que no se discut\u00edan las distintas concesiones; ya nos han escuchado hablar del barrido, la disposici\u00f3n final de residuos, la Cooperativa El\u00e9ctrica y el transporte. Es necesario sentarse a rediscutirlas porque ya ven\u00edan en un formato que no se adapta a las necesidades que tiene hoy nuestra localidad\u201d.<\/p>\n\n\n\n<p>Durante el contacto con los medios, se detall\u00f3 que Autobuses Buenos Aires comenzar\u00e1 a funcionar desde el 1 de febrero, manteniendo las caracter\u00edsticas actuales del servicio. En tanto, a partir del 1 de marzo empezar\u00e1 la modalidad extendida.<\/p>\n\n\n\n<p>Al respecto, el Director de Transporte de la comuna describi\u00f3 que \u201cse estar\u00e1 un mes con el recorrido actual y luego, a partir del 1 de marzo, se implementar\u00e1n los cambios que se trabajaron con Pladema de la UNICEN, vamos a incorporar el nuevo recorrido a las localidades con dos servicios diarios de lunes a viernes a Cachar\u00ed y a Chillar y los fines de semana y feriados a Pablo Acosta\u201d.<\/p>\n\n\n\n<p>\u201cVamos a empezar a transformar el transporte p\u00fablico; m\u00e1s adelante, en una segunda etapa, se ir\u00e1n normalizando paradas, refugios que est\u00e1n hace m\u00e1s de 30 a\u00f1os\u201d, se\u00f1al\u00f3 el funcionario municipal.<\/p>\n\n\n\n<p>Cabe destacar que Autobuses Buenos Aires dispondr\u00e1 de 16 veh\u00edculos y el convenio celebrado con la empresa es por un per\u00edodo de 120 d\u00edas hasta que se haga el pliego licitatorio correspondiente.<\/p>\n","protected":false},"excerpt":{"rendered":"<p>El intendente de Azul, Nelson Sombra, anunci\u00f3 la implementaci\u00f3n de un nuevo servicio de transporte p\u00fablico de pasajeros para el<\/p>\n","protected":false},"author":3,"featured_media":6118,"comment_status":"open","ping_status":"open","sticky":false,"template":"","format":"standard","meta":{"colormag_page_container_layout":"default_layout","colormag_page_sidebar_layout":"default_layout","footnotes":""},"categories":[11,1,14],"tags":[],"class_list":["post-6128","post","type-post","status-publish","format-standard","has-post-thumbnail","hentry","category-7ma-seccion","category-destacadas","category-politica"],"yoast_head":"<!-- This site is optimized with the Yoast SEO plugin v27.4 - https:\/\/yoast.com\/product\/yoast-seo-wordpress\/ -->\n<title>Azul cambia la empresa de colectivos y garantiza servicios a Cachar\u00ed, Chillar y Pablo Acosta - InfoPBA247<\/title>\n<meta name=\"robots\" content=\"index, follow, max-snippet:-1, max-image-preview:large, max-video-preview:-1\" \/>\n<link rel=\"canonical\" href=\"https:\/\/infopba247.com.ar\/index.php\/2025\/01\/10\/azul-cambia-la-empresa-de-colectivos-y-garantiza-servicios-a-cachari-chillar-y-pablo-acosta\/\" \/>\n<meta property=\"og:locale\" content=\"es_ES\" \/>\n<meta property=\"og:type\" content=\"article\" \/>\n<meta property=\"og:title\" content=\"Azul cambia la empresa de colectivos y garantiza servicios a Cachar\u00ed, Chillar y Pablo Acosta - InfoPBA247\" \/>\n<meta property=\"og:description\" content=\"El intendente de Azul, Nelson Sombra, anunci\u00f3 la implementaci\u00f3n de un nuevo servicio de transporte p\u00fablico de pasajeros para el\" \/>\n<meta property=\"og:url\" content=\"https:\/\/infopba247.com.ar\/index.php\/2025\/01\/10\/azul-cambia-la-empresa-de-colectivos-y-garantiza-servicios-a-cachari-chillar-y-pablo-acosta\/\" \/>\n<meta property=\"og:site_name\" content=\"InfoPBA247\" \/>\n<meta property=\"article:publisher\" content=\"https:\/\/www.facebook.com\/InfoPBA\" \/>\n<meta property=\"article:published_time\" content=\"2025-01-10T14:27:09+00:00\" \/>\n<meta property=\"article:modified_time\" content=\"2025-01-10T14:27:10+00:00\" \/>\n<meta property=\"og:image\" content=\"https:\/\/infopba247.com.ar\/wp-content\/uploads\/2025\/01\/Transporte-conferencia-de-prensa.jpg\" \/>\n\t<meta property=\"og:image:width\" content=\"1446\" \/>\n\t<meta property=\"og:image:height\" content=\"693\" \/>\n\t<meta property=\"og:image:type\" content=\"image\/jpeg\" \/>\n<meta name=\"author\" content=\"Editor\" \/>\n<meta name=\"twitter:card\" content=\"summary_large_image\" \/>\n<meta name=\"twitter:label1\" content=\"Escrito por\" \/>\n\t<meta name=\"twitter:data1\" content=\"Editor\" \/>\n\t<meta name=\"twitter:label2\" content=\"Tiempo de lectura\" \/>\n\t<meta name=\"twitter:data2\" content=\"3 minutos\" \/>\n<script type=\"application\/ld+json\" class=\"yoast-schema-graph\">{\"@context\":\"https:\\\/\\\/schema.org\",\"@graph\":[{\"@type\":\"Article\",\"@id\":\"https:\\\/\\\/infopba247.com.ar\\\/index.php\\\/2025\\\/01\\\/10\\\/azul-cambia-la-empresa-de-colectivos-y-garantiza-servicios-a-cachari-chillar-y-pablo-acosta\\\/#article\",\"isPartOf\":{\"@id\":\"https:\\\/\\\/infopba247.com.ar\\\/index.php\\\/2025\\\/01\\\/10\\\/azul-cambia-la-empresa-de-colectivos-y-garantiza-servicios-a-cachari-chillar-y-pablo-acosta\\\/\"},\"author\":{\"name\":\"Editor\",\"@id\":\"https:\\\/\\\/infopba247.com.ar\\\/#\\\/schema\\\/person\\\/4975f1343a413e57bf839b3eed0099f2\"},\"headline\":\"Azul cambia la empresa de colectivos y garantiza servicios a Cachar\u00ed, Chillar y Pablo Acosta\",\"datePublished\":\"2025-01-10T14:27:09+00:00\",\"dateModified\":\"2025-01-10T14:27:10+00:00\",\"mainEntityOfPage\":{\"@id\":\"https:\\\/\\\/infopba247.com.ar\\\/index.php\\\/2025\\\/01\\\/10\\\/azul-cambia-la-empresa-de-colectivos-y-garantiza-servicios-a-cachari-chillar-y-pablo-acosta\\\/\"},\"wordCount\":471,\"commentCount\":0,\"publisher\":{\"@id\":\"https:\\\/\\\/infopba247.com.ar\\\/#organization\"},\"image\":{\"@id\":\"https:\\\/\\\/infopba247.com.ar\\\/index.php\\\/2025\\\/01\\\/10\\\/azul-cambia-la-empresa-de-colectivos-y-garantiza-servicios-a-cachari-chillar-y-pablo-acosta\\\/#primaryimage\"},\"thumbnailUrl\":\"https:\\\/\\\/infopba247.com.ar\\\/wp-content\\\/uploads\\\/2025\\\/01\\\/Transporte-conferencia-de-prensa.jpg\",\"articleSection\":[\"7ma Secci\u00f3n\",\"Destacadas\",\"Pol\u00edtica\"],\"inLanguage\":\"es\",\"potentialAction\":[{\"@type\":\"CommentAction\",\"name\":\"Comment\",\"target\":[\"https:\\\/\\\/infopba247.com.ar\\\/index.php\\\/2025\\\/01\\\/10\\\/azul-cambia-la-empresa-de-colectivos-y-garantiza-servicios-a-cachari-chillar-y-pablo-acosta\\\/#respond\"]}]},{\"@type\":\"WebPage\",\"@id\":\"https:\\\/\\\/infopba247.com.ar\\\/index.php\\\/2025\\\/01\\\/10\\\/azul-cambia-la-empresa-de-colectivos-y-garantiza-servicios-a-cachari-chillar-y-pablo-acosta\\\/\",\"url\":\"https:\\\/\\\/infopba247.com.ar\\\/index.php\\\/2025\\\/01\\\/10\\\/azul-cambia-la-empresa-de-colectivos-y-garantiza-servicios-a-cachari-chillar-y-pablo-acosta\\\/\",\"name\":\"Azul cambia la empresa de colectivos y garantiza servicios a Cachar\u00ed, Chillar y Pablo Acosta - InfoPBA247\",\"isPartOf\":{\"@id\":\"https:\\\/\\\/infopba247.com.ar\\\/#website\"},\"primaryImageOfPage\":{\"@id\":\"https:\\\/\\\/infopba247.com.ar\\\/index.php\\\/2025\\\/01\\\/10\\\/azul-cambia-la-empresa-de-colectivos-y-garantiza-servicios-a-cachari-chillar-y-pablo-acosta\\\/#primaryimage\"},\"image\":{\"@id\":\"https:\\\/\\\/infopba247.com.ar\\\/index.php\\\/2025\\\/01\\\/10\\\/azul-cambia-la-empresa-de-colectivos-y-garantiza-servicios-a-cachari-chillar-y-pablo-acosta\\\/#primaryimage\"},\"thumbnailUrl\":\"https:\\\/\\\/infopba247.com.ar\\\/wp-content\\\/uploads\\\/2025\\\/01\\\/Transporte-conferencia-de-prensa.jpg\",\"datePublished\":\"2025-01-10T14:27:09+00:00\",\"dateModified\":\"2025-01-10T14:27:10+00:00\",\"breadcrumb\":{\"@id\":\"https:\\\/\\\/infopba247.com.ar\\\/index.php\\\/2025\\\/01\\\/10\\\/azul-cambia-la-empresa-de-colectivos-y-garantiza-servicios-a-cachari-chillar-y-pablo-acosta\\\/#breadcrumb\"},\"inLanguage\":\"es\",\"potentialAction\":[{\"@type\":\"ReadAction\",\"target\":[\"https:\\\/\\\/infopba247.com.ar\\\/index.php\\\/2025\\\/01\\\/10\\\/azul-cambia-la-empresa-de-colectivos-y-garantiza-servicios-a-cachari-chillar-y-pablo-acosta\\\/\"]}]},{\"@type\":\"ImageObject\",\"inLanguage\":\"es\",\"@id\":\"https:\\\/\\\/infopba247.com.ar\\\/index.php\\\/2025\\\/01\\\/10\\\/azul-cambia-la-empresa-de-colectivos-y-garantiza-servicios-a-cachari-chillar-y-pablo-acosta\\\/#primaryimage\",\"url\":\"https:\\\/\\\/infopba247.com.ar\\\/wp-content\\\/uploads\\\/2025\\\/01\\\/Transporte-conferencia-de-prensa.jpg\",\"contentUrl\":\"https:\\\/\\\/infopba247.com.ar\\\/wp-content\\\/uploads\\\/2025\\\/01\\\/Transporte-conferencia-de-prensa.jpg\",\"width\":1446,\"height\":693},{\"@type\":\"BreadcrumbList\",\"@id\":\"https:\\\/\\\/infopba247.com.ar\\\/index.php\\\/2025\\\/01\\\/10\\\/azul-cambia-la-empresa-de-colectivos-y-garantiza-servicios-a-cachari-chillar-y-pablo-acosta\\\/#breadcrumb\",\"itemListElement\":[{\"@type\":\"ListItem\",\"position\":1,\"name\":\"Portada\",\"item\":\"https:\\\/\\\/infopba247.com.ar\\\/\"},{\"@type\":\"ListItem\",\"position\":2,\"name\":\"Azul cambia la empresa de colectivos y garantiza servicios a Cachar\u00ed, Chillar y Pablo Acosta\"}]},{\"@type\":\"WebSite\",\"@id\":\"https:\\\/\\\/infopba247.com.ar\\\/#website\",\"url\":\"https:\\\/\\\/infopba247.com.ar\\\/\",\"name\":\"InfoPBA247\",\"description\":\"Toda la actualidad bonaerense\",\"publisher\":{\"@id\":\"https:\\\/\\\/infopba247.com.ar\\\/#organization\"},\"potentialAction\":[{\"@type\":\"SearchAction\",\"target\":{\"@type\":\"EntryPoint\",\"urlTemplate\":\"https:\\\/\\\/infopba247.com.ar\\\/?s={search_term_string}\"},\"query-input\":{\"@type\":\"PropertyValueSpecification\",\"valueRequired\":true,\"valueName\":\"search_term_string\"}}],\"inLanguage\":\"es\"},{\"@type\":\"Organization\",\"@id\":\"https:\\\/\\\/infopba247.com.ar\\\/#organization\",\"name\":\"InfoPBA247\",\"url\":\"https:\\\/\\\/infopba247.com.ar\\\/\",\"logo\":{\"@type\":\"ImageObject\",\"inLanguage\":\"es\",\"@id\":\"https:\\\/\\\/infopba247.com.ar\\\/#\\\/schema\\\/logo\\\/image\\\/\",\"url\":\"https:\\\/\\\/infopba247.com.ar\\\/wp-content\\\/uploads\\\/2022\\\/03\\\/cropped-InfoPBA247-1.png\",\"contentUrl\":\"https:\\\/\\\/infopba247.com.ar\\\/wp-content\\\/uploads\\\/2022\\\/03\\\/cropped-InfoPBA247-1.png\",\"width\":500,\"height\":122,\"caption\":\"InfoPBA247\"},\"image\":{\"@id\":\"https:\\\/\\\/infopba247.com.ar\\\/#\\\/schema\\\/logo\\\/image\\\/\"},\"sameAs\":[\"https:\\\/\\\/www.facebook.com\\\/InfoPBA\"]},{\"@type\":\"Person\",\"@id\":\"https:\\\/\\\/infopba247.com.ar\\\/#\\\/schema\\\/person\\\/4975f1343a413e57bf839b3eed0099f2\",\"name\":\"Editor\",\"image\":{\"@type\":\"ImageObject\",\"inLanguage\":\"es\",\"@id\":\"https:\\\/\\\/secure.gravatar.com\\\/avatar\\\/d27fe9520667ca53441d36627a1d6b0fa4a813571ec4803687a7a3a7744685ac?s=96&d=mm&r=g\",\"url\":\"https:\\\/\\\/secure.gravatar.com\\\/avatar\\\/d27fe9520667ca53441d36627a1d6b0fa4a813571ec4803687a7a3a7744685ac?s=96&d=mm&r=g\",\"contentUrl\":\"https:\\\/\\\/secure.gravatar.com\\\/avatar\\\/d27fe9520667ca53441d36627a1d6b0fa4a813571ec4803687a7a3a7744685ac?s=96&d=mm&r=g\",\"caption\":\"Editor\"},\"url\":\"https:\\\/\\\/infopba247.com.ar\\\/index.php\\\/author\\\/editor\\\/\"}]}<\/script>\n<!-- \/ Yoast SEO plugin. -->","yoast_head_json":{"title":"Azul cambia la empresa de colectivos y garantiza servicios a Cachar\u00ed, Chillar y Pablo Acosta - InfoPBA247","robots":{"index":"index","follow":"follow","max-snippet":"max-snippet:-1","max-image-preview":"max-image-preview:large","max-video-preview":"max-video-preview:-1"},"canonical":"https:\/\/infopba247.com.ar\/index.php\/2025\/01\/10\/azul-cambia-la-empresa-de-colectivos-y-garantiza-servicios-a-cachari-chillar-y-pablo-acosta\/","og_locale":"es_ES","og_type":"article","og_title":"Azul cambia la empresa de colectivos y garantiza servicios a Cachar\u00ed, Chillar y Pablo Acosta - InfoPBA247","og_description":"El intendente de Azul, Nelson Sombra, anunci\u00f3 la implementaci\u00f3n de un nuevo servicio de transporte p\u00fablico de pasajeros para el","og_url":"https:\/\/infopba247.com.ar\/index.php\/2025\/01\/10\/azul-cambia-la-empresa-de-colectivos-y-garantiza-servicios-a-cachari-chillar-y-pablo-acosta\/","og_site_name":"InfoPBA247","article_publisher":"https:\/\/www.facebook.com\/InfoPBA","article_published_time":"2025-01-10T14:27:09+00:00","article_modified_time":"2025-01-10T14:27:10+00:00","og_image":[{"width":1446,"height":693,"url":"https:\/\/infopba247.com.ar\/wp-content\/uploads\/2025\/01\/Transporte-conferencia-de-prensa.jpg","type":"image\/jpeg"}],"author":"Editor","twitter_card":"summary_large_image","twitter_misc":{"Escrito por":"Editor","Tiempo de lectura":"3 minutos"},"schema":{"@context":"https:\/\/schema.org","@graph":[{"@type":"Article","@id":"https:\/\/infopba247.com.ar\/index.php\/2025\/01\/10\/azul-cambia-la-empresa-de-colectivos-y-garantiza-servicios-a-cachari-chillar-y-pablo-acosta\/#article","isPartOf":{"@id":"https:\/\/infopba247.com.ar\/index.php\/2025\/01\/10\/azul-cambia-la-empresa-de-colectivos-y-garantiza-servicios-a-cachari-chillar-y-pablo-acosta\/"},"author":{"name":"Editor","@id":"https:\/\/infopba247.com.ar\/#\/schema\/person\/4975f1343a413e57bf839b3eed0099f2"},"headline":"Azul cambia la empresa de colectivos y garantiza servicios a Cachar\u00ed, Chillar y Pablo Acosta","datePublished":"2025-01-10T14:27:09+00:00","dateModified":"2025-01-10T14:27:10+00:00","mainEntityOfPage":{"@id":"https:\/\/infopba247.com.ar\/index.php\/2025\/01\/10\/azul-cambia-la-empresa-de-colectivos-y-garantiza-servicios-a-cachari-chillar-y-pablo-acosta\/"},"wordCount":471,"commentCount":0,"publisher":{"@id":"https:\/\/infopba247.com.ar\/#organization"},"image":{"@id":"https:\/\/infopba247.com.ar\/index.php\/2025\/01\/10\/azul-cambia-la-empresa-de-colectivos-y-garantiza-servicios-a-cachari-chillar-y-pablo-acosta\/#primaryimage"},"thumbnailUrl":"https:\/\/infopba247.com.ar\/wp-content\/uploads\/2025\/01\/Transporte-conferencia-de-prensa.jpg","articleSection":["7ma Secci\u00f3n","Destacadas","Pol\u00edtica"],"inLanguage":"es","potentialAction":[{"@type":"CommentAction","name":"Comment","target":["https:\/\/infopba247.com.ar\/index.php\/2025\/01\/10\/azul-cambia-la-empresa-de-colectivos-y-garantiza-servicios-a-cachari-chillar-y-pablo-acosta\/#respond"]}]},{"@type":"WebPage","@id":"https:\/\/infopba247.com.ar\/index.php\/2025\/01\/10\/azul-cambia-la-empresa-de-colectivos-y-garantiza-servicios-a-cachari-chillar-y-pablo-acosta\/","url":"https:\/\/infopba247.com.ar\/index.php\/2025\/01\/10\/azul-cambia-la-empresa-de-colectivos-y-garantiza-servicios-a-cachari-chillar-y-pablo-acosta\/","name":"Azul cambia la empresa de colectivos y garantiza servicios a Cachar\u00ed, Chillar y Pablo Acosta - InfoPBA247","isPartOf":{"@id":"https:\/\/infopba247.com.ar\/#website"},"primaryImageOfPage":{"@id":"https:\/\/infopba247.com.ar\/index.php\/2025\/01\/10\/azul-cambia-la-empresa-de-colectivos-y-garantiza-servicios-a-cachari-chillar-y-pablo-acosta\/#primaryimage"},"image":{"@id":"https:\/\/infopba247.com.ar\/index.php\/2025\/01\/10\/azul-cambia-la-empresa-de-colectivos-y-garantiza-servicios-a-cachari-chillar-y-pablo-acosta\/#primaryimage"},"thumbnailUrl":"https:\/\/infopba247.com.ar\/wp-content\/uploads\/2025\/01\/Transporte-conferencia-de-prensa.jpg","datePublished":"2025-01-10T14:27:09+00:00","dateModified":"2025-01-10T14:27:10+00:00","breadcrumb":{"@id":"https:\/\/infopba247.com.ar\/index.php\/2025\/01\/10\/azul-cambia-la-empresa-de-colectivos-y-garantiza-servicios-a-cachari-chillar-y-pablo-acosta\/#breadcrumb"},"inLanguage":"es","potentialAction":[{"@type":"ReadAction","target":["https:\/\/infopba247.com.ar\/index.php\/2025\/01\/10\/azul-cambia-la-empresa-de-colectivos-y-garantiza-servicios-a-cachari-chillar-y-pablo-acosta\/"]}]},{"@type":"ImageObject","inLanguage":"es","@id":"https:\/\/infopba247.com.ar\/index.php\/2025\/01\/10\/azul-cambia-la-empresa-de-colectivos-y-garantiza-servicios-a-cachari-chillar-y-pablo-acosta\/#primaryimage","url":"https:\/\/infopba247.com.ar\/wp-content\/uploads\/2025\/01\/Transporte-conferencia-de-prensa.jpg","contentUrl":"https:\/\/infopba247.com.ar\/wp-content\/uploads\/2025\/01\/Transporte-conferencia-de-prensa.jpg","width":1446,"height":693},{"@type":"BreadcrumbList","@id":"https:\/\/infopba247.com.ar\/index.php\/2025\/01\/10\/azul-cambia-la-empresa-de-colectivos-y-garantiza-servicios-a-cachari-chillar-y-pablo-acosta\/#breadcrumb","itemListElement":[{"@type":"ListItem","position":1,"name":"Portada","item":"https:\/\/infopba247.com.ar\/"},{"@type":"ListItem","position":2,"name":"Azul cambia la empresa de colectivos y garantiza servicios a Cachar\u00ed, Chillar y Pablo Acosta"}]},{"@type":"WebSite","@id":"https:\/\/infopba247.com.ar\/#website","url":"https:\/\/infopba247.com.ar\/","name":"InfoPBA247","description":"Toda la actualidad bonaerense","publisher":{"@id":"https:\/\/infopba247.com.ar\/#organization"},"potentialAction":[{"@type":"SearchAction","target":{"@type":"EntryPoint","urlTemplate":"https:\/\/infopba247.com.ar\/?s={search_term_string}"},"query-input":{"@type":"PropertyValueSpecification","valueRequired":true,"valueName":"search_term_string"}}],"inLanguage":"es"},{"@type":"Organization","@id":"https:\/\/infopba247.com.ar\/#organization","name":"InfoPBA247","url":"https:\/\/infopba247.com.ar\/","logo":{"@type":"ImageObject","inLanguage":"es","@id":"https:\/\/infopba247.com.ar\/#\/schema\/logo\/image\/","url":"https:\/\/infopba247.com.ar\/wp-content\/uploads\/2022\/03\/cropped-InfoPBA247-1.png","contentUrl":"https:\/\/infopba247.com.ar\/wp-content\/uploads\/2022\/03\/cropped-InfoPBA247-1.png","width":500,"height":122,"caption":"InfoPBA247"},"image":{"@id":"https:\/\/infopba247.com.ar\/#\/schema\/logo\/image\/"},"sameAs":["https:\/\/www.facebook.com\/InfoPBA"]},{"@type":"Person","@id":"https:\/\/infopba247.com.ar\/#\/schema\/person\/4975f1343a413e57bf839b3eed0099f2","name":"Editor","image":{"@type":"ImageObject","inLanguage":"es","@id":"https:\/\/secure.gravatar.com\/avatar\/d27fe9520667ca53441d36627a1d6b0fa4a813571ec4803687a7a3a7744685ac?s=96&d=mm&r=g","url":"https:\/\/secure.gravatar.com\/avatar\/d27fe9520667ca53441d36627a1d6b0fa4a813571ec4803687a7a3a7744685ac?s=96&d=mm&r=g","contentUrl":"https:\/\/secure.gravatar.com\/avatar\/d27fe9520667ca53441d36627a1d6b0fa4a813571ec4803687a7a3a7744685ac?s=96&d=mm&r=g","caption":"Editor"},"url":"https:\/\/infopba247.com.ar\/index.php\/author\/editor\/"}]}},"_links":{"self":[{"href":"https:\/\/infopba247.com.ar\/index.php\/wp-json\/wp\/v2\/posts\/6128","targetHints":{"allow":["GET"]}}],"collection":[{"href":"https:\/\/infopba247.com.ar\/index.php\/wp-json\/wp\/v2\/posts"}],"about":[{"href":"https:\/\/infopba247.com.ar\/index.php\/wp-json\/wp\/v2\/types\/post"}],"author":[{"embeddable":true,"href":"https:\/\/infopba247.com.ar\/index.php\/wp-json\/wp\/v2\/users\/3"}],"replies":[{"embeddable":true,"href":"https:\/\/infopba247.com.ar\/index.php\/wp-json\/wp\/v2\/comments?post=6128"}],"version-history":[{"count":1,"href":"https:\/\/infopba247.com.ar\/index.php\/wp-json\/wp\/v2\/posts\/6128\/revisions"}],"predecessor-version":[{"id":6129,"href":"https:\/\/infopba247.com.ar\/index.php\/wp-json\/wp\/v2\/posts\/6128\/revisions\/6129"}],"wp:featuredmedia":[{"embeddable":true,"href":"https:\/\/infopba247.com.ar\/index.php\/wp-json\/wp\/v2\/media\/6118"}],"wp:attachment":[{"href":"https:\/\/infopba247.com.ar\/index.php\/wp-json\/wp\/v2\/media?parent=6128"}],"wp:term":[{"taxonomy":"category","embeddable":true,"href":"https:\/\/infopba247.com.ar\/index.php\/wp-json\/wp\/v2\/categories?post=6128"},{"taxonomy":"post_tag","embeddable":true,"href":"https:\/\/infopba247.com.ar\/index.php\/wp-json\/wp\/v2\/tags?post=6128"}],"curies":[{"name":"wp","href":"https:\/\/api.w.org\/{rel}","templated":true}]}}