{"id":6124,"date":"2025-01-10T11:22:54","date_gmt":"2025-01-10T14:22:54","guid":{"rendered":"https:\/\/infopba247.com.ar\/?p=6124"},"modified":"2025-01-10T11:22:55","modified_gmt":"2025-01-10T14:22:55","slug":"verano-en-comunidad-una-agenda-de-actividades-gratuitas-para-toda-la-familia","status":"publish","type":"post","link":"https:\/\/infopba247.com.ar\/index.php\/2025\/01\/10\/verano-en-comunidad-una-agenda-de-actividades-gratuitas-para-toda-la-familia\/","title":{"rendered":"Verano en Comunidad: Una agenda de actividades gratuitas para toda la familia"},"content":{"rendered":"\n<p>El Ministerio de Desarrollo de la Comunidad ofrecer\u00e1 una variada agenda de actividades culturales, recreativas y deportivas en distintos municipios y puntos tur\u00edsticos, en el marco de la agenda de eventos lanzada por el Gobierno de la Provincia de Buenos Aires durante los meses de enero y febrero.<\/p>\n\n\n\n<p>Pensada para todas las edades, Verano en Comunidad es una propuesta impulsada por la cartera que conduce Andr\u00e9s Larroque, que busca acercar opciones para disfrutar en familia a lo largo de la temporada estival, mediante una serie de actividades que incluyen desde colonias de verano hasta mercados. de productores, jornadas culturales y deportivas, y stands en la Costa Atl\u00e1ntica, entre otras propuestas.<\/p>\n\n\n\n<p>Las colonias en espacios comunitarios de barrios populares son uno de los pilares de esta iniciativa. Estos se llevar\u00e1n a cabo entre el 13 de enero y el 7 de febrero en municipios como La Matanza, San Mart\u00edn, Tres de Febrero, San Miguel y Moreno, ofreciendo actividades deportivas, recreativas y educativas para los ni\u00f1os y ni\u00f1as.<\/p>\n\n\n\n<p>Jornadas de Organizar Comunidad<\/p>\n\n\n\n<p>Desde el 23 de enero y todos los jueves y viernes de febrero, se realizar\u00e1n las Jornadas de Organizar Comunidad en La Plata, San Miguel, Presidente Per\u00f3n, Almirante Brown y Mor\u00f3n. Estos encuentros ofrecer\u00e1n actividades culturales y recreativas para toda la familia, como espect\u00e1culos de malabaristas, payasos, shows musicales en vivo, talleres de freestyle, actividades deportivas y juegos, con la participaci\u00f3n de productores locales y organismos provinciales que ofrecer\u00e1n servicios y tr\u00e1mites a la comunidad. .<\/p>\n\n\n\n<p>Juventud en los Paradores Recreo<\/p>\n\n\n\n<p>La Direcci\u00f3n Provincial de Juventudes estar\u00e1 presente en los paradores Recreo en las playas de Miramar y Villa Gesell, entre el 31 de enero y el 9 de febrero, ofreciendo actividades recreativas y l\u00fadicas para los j\u00f3venes, adem\u00e1s de ofrecer talleres de serigraf\u00eda para los m\u00e1s chicos.<\/p>\n\n\n\n<p>Mercados de Productores Familiares<\/p>\n\n\n\n<p>En la Rep\u00fablica de los Ni\u00f1os en La Plata, se llevar\u00e1n a cabo los Mercados de Productores Familiares entre el 7 de febrero y el 4 de marzo. Durante los fines de semana y los d\u00edas de Carnaval, los productores locales ofrecer\u00e1n una variedad de productos a precios populares, promoviendo el consumo consciente y la econom\u00eda social y solidaria.<\/p>\n","protected":false},"excerpt":{"rendered":"<p>El Ministerio de Desarrollo de la Comunidad ofrecer\u00e1 una variada agenda de actividades culturales, recreativas y deportivas en distintos municipios<\/p>\n","protected":false},"author":3,"featured_media":6121,"comment_status":"open","ping_status":"open","sticky":false,"template":"","format":"standard","meta":{"colormag_page_container_layout":"default_layout","colormag_page_sidebar_layout":"default_layout","footnotes":""},"categories":[1,14],"tags":[],"class_list":["post-6124","post","type-post","status-publish","format-standard","has-post-thumbnail","hentry","category-destacadas","category-politica"],"yoast_head":"<!-- This site is optimized with the Yoast SEO plugin v27.4 - https:\/\/yoast.com\/product\/yoast-seo-wordpress\/ -->\n<title>Verano en Comunidad: Una agenda de actividades gratuitas para toda la familia - InfoPBA247<\/title>\n<meta name=\"robots\" content=\"index, follow, max-snippet:-1, max-image-preview:large, max-video-preview:-1\" \/>\n<link rel=\"canonical\" href=\"https:\/\/infopba247.com.ar\/index.php\/2025\/01\/10\/verano-en-comunidad-una-agenda-de-actividades-gratuitas-para-toda-la-familia\/\" \/>\n<meta property=\"og:locale\" content=\"es_ES\" \/>\n<meta property=\"og:type\" content=\"article\" \/>\n<meta property=\"og:title\" content=\"Verano en Comunidad: Una agenda de actividades gratuitas para toda la familia - InfoPBA247\" \/>\n<meta property=\"og:description\" content=\"El Ministerio de Desarrollo de la Comunidad ofrecer\u00e1 una variada agenda de actividades culturales, recreativas y deportivas en distintos municipios\" \/>\n<meta property=\"og:url\" content=\"https:\/\/infopba247.com.ar\/index.php\/2025\/01\/10\/verano-en-comunidad-una-agenda-de-actividades-gratuitas-para-toda-la-familia\/\" \/>\n<meta property=\"og:site_name\" content=\"InfoPBA247\" \/>\n<meta property=\"article:publisher\" content=\"https:\/\/www.facebook.com\/InfoPBA\" \/>\n<meta property=\"article:published_time\" content=\"2025-01-10T14:22:54+00:00\" \/>\n<meta property=\"article:modified_time\" content=\"2025-01-10T14:22:55+00:00\" \/>\n<meta property=\"og:image\" content=\"https:\/\/infopba247.com.ar\/wp-content\/uploads\/2025\/01\/unnamed-2025-01-10T111124.124.jpg\" \/>\n\t<meta property=\"og:image:width\" content=\"1280\" \/>\n\t<meta property=\"og:image:height\" content=\"960\" \/>\n\t<meta property=\"og:image:type\" content=\"image\/jpeg\" \/>\n<meta name=\"author\" content=\"Editor\" \/>\n<meta name=\"twitter:card\" content=\"summary_large_image\" \/>\n<meta name=\"twitter:label1\" content=\"Escrito por\" \/>\n\t<meta name=\"twitter:data1\" content=\"Editor\" \/>\n\t<meta name=\"twitter:label2\" content=\"Tiempo de lectura\" \/>\n\t<meta name=\"twitter:data2\" content=\"2 minutos\" \/>\n<script type=\"application\/ld+json\" class=\"yoast-schema-graph\">{\"@context\":\"https:\\\/\\\/schema.org\",\"@graph\":[{\"@type\":\"Article\",\"@id\":\"https:\\\/\\\/infopba247.com.ar\\\/index.php\\\/2025\\\/01\\\/10\\\/verano-en-comunidad-una-agenda-de-actividades-gratuitas-para-toda-la-familia\\\/#article\",\"isPartOf\":{\"@id\":\"https:\\\/\\\/infopba247.com.ar\\\/index.php\\\/2025\\\/01\\\/10\\\/verano-en-comunidad-una-agenda-de-actividades-gratuitas-para-toda-la-familia\\\/\"},\"author\":{\"name\":\"Editor\",\"@id\":\"https:\\\/\\\/infopba247.com.ar\\\/#\\\/schema\\\/person\\\/4975f1343a413e57bf839b3eed0099f2\"},\"headline\":\"Verano en Comunidad: Una agenda de actividades gratuitas para toda la familia\",\"datePublished\":\"2025-01-10T14:22:54+00:00\",\"dateModified\":\"2025-01-10T14:22:55+00:00\",\"mainEntityOfPage\":{\"@id\":\"https:\\\/\\\/infopba247.com.ar\\\/index.php\\\/2025\\\/01\\\/10\\\/verano-en-comunidad-una-agenda-de-actividades-gratuitas-para-toda-la-familia\\\/\"},\"wordCount\":392,\"commentCount\":0,\"publisher\":{\"@id\":\"https:\\\/\\\/infopba247.com.ar\\\/#organization\"},\"image\":{\"@id\":\"https:\\\/\\\/infopba247.com.ar\\\/index.php\\\/2025\\\/01\\\/10\\\/verano-en-comunidad-una-agenda-de-actividades-gratuitas-para-toda-la-familia\\\/#primaryimage\"},\"thumbnailUrl\":\"https:\\\/\\\/infopba247.com.ar\\\/wp-content\\\/uploads\\\/2025\\\/01\\\/unnamed-2025-01-10T111124.124.jpg\",\"articleSection\":[\"Destacadas\",\"Pol\u00edtica\"],\"inLanguage\":\"es\",\"potentialAction\":[{\"@type\":\"CommentAction\",\"name\":\"Comment\",\"target\":[\"https:\\\/\\\/infopba247.com.ar\\\/index.php\\\/2025\\\/01\\\/10\\\/verano-en-comunidad-una-agenda-de-actividades-gratuitas-para-toda-la-familia\\\/#respond\"]}]},{\"@type\":\"WebPage\",\"@id\":\"https:\\\/\\\/infopba247.com.ar\\\/index.php\\\/2025\\\/01\\\/10\\\/verano-en-comunidad-una-agenda-de-actividades-gratuitas-para-toda-la-familia\\\/\",\"url\":\"https:\\\/\\\/infopba247.com.ar\\\/index.php\\\/2025\\\/01\\\/10\\\/verano-en-comunidad-una-agenda-de-actividades-gratuitas-para-toda-la-familia\\\/\",\"name\":\"Verano en Comunidad: Una agenda de actividades gratuitas para toda la familia - InfoPBA247\",\"isPartOf\":{\"@id\":\"https:\\\/\\\/infopba247.com.ar\\\/#website\"},\"primaryImageOfPage\":{\"@id\":\"https:\\\/\\\/infopba247.com.ar\\\/index.php\\\/2025\\\/01\\\/10\\\/verano-en-comunidad-una-agenda-de-actividades-gratuitas-para-toda-la-familia\\\/#primaryimage\"},\"image\":{\"@id\":\"https:\\\/\\\/infopba247.com.ar\\\/index.php\\\/2025\\\/01\\\/10\\\/verano-en-comunidad-una-agenda-de-actividades-gratuitas-para-toda-la-familia\\\/#primaryimage\"},\"thumbnailUrl\":\"https:\\\/\\\/infopba247.com.ar\\\/wp-content\\\/uploads\\\/2025\\\/01\\\/unnamed-2025-01-10T111124.124.jpg\",\"datePublished\":\"2025-01-10T14:22:54+00:00\",\"dateModified\":\"2025-01-10T14:22:55+00:00\",\"breadcrumb\":{\"@id\":\"https:\\\/\\\/infopba247.com.ar\\\/index.php\\\/2025\\\/01\\\/10\\\/verano-en-comunidad-una-agenda-de-actividades-gratuitas-para-toda-la-familia\\\/#breadcrumb\"},\"inLanguage\":\"es\",\"potentialAction\":[{\"@type\":\"ReadAction\",\"target\":[\"https:\\\/\\\/infopba247.com.ar\\\/index.php\\\/2025\\\/01\\\/10\\\/verano-en-comunidad-una-agenda-de-actividades-gratuitas-para-toda-la-familia\\\/\"]}]},{\"@type\":\"ImageObject\",\"inLanguage\":\"es\",\"@id\":\"https:\\\/\\\/infopba247.com.ar\\\/index.php\\\/2025\\\/01\\\/10\\\/verano-en-comunidad-una-agenda-de-actividades-gratuitas-para-toda-la-familia\\\/#primaryimage\",\"url\":\"https:\\\/\\\/infopba247.com.ar\\\/wp-content\\\/uploads\\\/2025\\\/01\\\/unnamed-2025-01-10T111124.124.jpg\",\"contentUrl\":\"https:\\\/\\\/infopba247.com.ar\\\/wp-content\\\/uploads\\\/2025\\\/01\\\/unnamed-2025-01-10T111124.124.jpg\",\"width\":1280,\"height\":960},{\"@type\":\"BreadcrumbList\",\"@id\":\"https:\\\/\\\/infopba247.com.ar\\\/index.php\\\/2025\\\/01\\\/10\\\/verano-en-comunidad-una-agenda-de-actividades-gratuitas-para-toda-la-familia\\\/#breadcrumb\",\"itemListElement\":[{\"@type\":\"ListItem\",\"position\":1,\"name\":\"Portada\",\"item\":\"https:\\\/\\\/infopba247.com.ar\\\/\"},{\"@type\":\"ListItem\",\"position\":2,\"name\":\"Verano en Comunidad: Una agenda de actividades gratuitas para toda la familia\"}]},{\"@type\":\"WebSite\",\"@id\":\"https:\\\/\\\/infopba247.com.ar\\\/#website\",\"url\":\"https:\\\/\\\/infopba247.com.ar\\\/\",\"name\":\"InfoPBA247\",\"description\":\"Toda la actualidad bonaerense\",\"publisher\":{\"@id\":\"https:\\\/\\\/infopba247.com.ar\\\/#organization\"},\"potentialAction\":[{\"@type\":\"SearchAction\",\"target\":{\"@type\":\"EntryPoint\",\"urlTemplate\":\"https:\\\/\\\/infopba247.com.ar\\\/?s={search_term_string}\"},\"query-input\":{\"@type\":\"PropertyValueSpecification\",\"valueRequired\":true,\"valueName\":\"search_term_string\"}}],\"inLanguage\":\"es\"},{\"@type\":\"Organization\",\"@id\":\"https:\\\/\\\/infopba247.com.ar\\\/#organization\",\"name\":\"InfoPBA247\",\"url\":\"https:\\\/\\\/infopba247.com.ar\\\/\",\"logo\":{\"@type\":\"ImageObject\",\"inLanguage\":\"es\",\"@id\":\"https:\\\/\\\/infopba247.com.ar\\\/#\\\/schema\\\/logo\\\/image\\\/\",\"url\":\"https:\\\/\\\/infopba247.com.ar\\\/wp-content\\\/uploads\\\/2022\\\/03\\\/cropped-InfoPBA247-1.png\",\"contentUrl\":\"https:\\\/\\\/infopba247.com.ar\\\/wp-content\\\/uploads\\\/2022\\\/03\\\/cropped-InfoPBA247-1.png\",\"width\":500,\"height\":122,\"caption\":\"InfoPBA247\"},\"image\":{\"@id\":\"https:\\\/\\\/infopba247.com.ar\\\/#\\\/schema\\\/logo\\\/image\\\/\"},\"sameAs\":[\"https:\\\/\\\/www.facebook.com\\\/InfoPBA\"]},{\"@type\":\"Person\",\"@id\":\"https:\\\/\\\/infopba247.com.ar\\\/#\\\/schema\\\/person\\\/4975f1343a413e57bf839b3eed0099f2\",\"name\":\"Editor\",\"image\":{\"@type\":\"ImageObject\",\"inLanguage\":\"es\",\"@id\":\"https:\\\/\\\/secure.gravatar.com\\\/avatar\\\/d27fe9520667ca53441d36627a1d6b0fa4a813571ec4803687a7a3a7744685ac?s=96&d=mm&r=g\",\"url\":\"https:\\\/\\\/secure.gravatar.com\\\/avatar\\\/d27fe9520667ca53441d36627a1d6b0fa4a813571ec4803687a7a3a7744685ac?s=96&d=mm&r=g\",\"contentUrl\":\"https:\\\/\\\/secure.gravatar.com\\\/avatar\\\/d27fe9520667ca53441d36627a1d6b0fa4a813571ec4803687a7a3a7744685ac?s=96&d=mm&r=g\",\"caption\":\"Editor\"},\"url\":\"https:\\\/\\\/infopba247.com.ar\\\/index.php\\\/author\\\/editor\\\/\"}]}<\/script>\n<!-- \/ Yoast SEO plugin. -->","yoast_head_json":{"title":"Verano en Comunidad: Una agenda de actividades gratuitas para toda la familia - InfoPBA247","robots":{"index":"index","follow":"follow","max-snippet":"max-snippet:-1","max-image-preview":"max-image-preview:large","max-video-preview":"max-video-preview:-1"},"canonical":"https:\/\/infopba247.com.ar\/index.php\/2025\/01\/10\/verano-en-comunidad-una-agenda-de-actividades-gratuitas-para-toda-la-familia\/","og_locale":"es_ES","og_type":"article","og_title":"Verano en Comunidad: Una agenda de actividades gratuitas para toda la familia - InfoPBA247","og_description":"El Ministerio de Desarrollo de la Comunidad ofrecer\u00e1 una variada agenda de actividades culturales, recreativas y deportivas en distintos municipios","og_url":"https:\/\/infopba247.com.ar\/index.php\/2025\/01\/10\/verano-en-comunidad-una-agenda-de-actividades-gratuitas-para-toda-la-familia\/","og_site_name":"InfoPBA247","article_publisher":"https:\/\/www.facebook.com\/InfoPBA","article_published_time":"2025-01-10T14:22:54+00:00","article_modified_time":"2025-01-10T14:22:55+00:00","og_image":[{"width":1280,"height":960,"url":"https:\/\/infopba247.com.ar\/wp-content\/uploads\/2025\/01\/unnamed-2025-01-10T111124.124.jpg","type":"image\/jpeg"}],"author":"Editor","twitter_card":"summary_large_image","twitter_misc":{"Escrito por":"Editor","Tiempo de lectura":"2 minutos"},"schema":{"@context":"https:\/\/schema.org","@graph":[{"@type":"Article","@id":"https:\/\/infopba247.com.ar\/index.php\/2025\/01\/10\/verano-en-comunidad-una-agenda-de-actividades-gratuitas-para-toda-la-familia\/#article","isPartOf":{"@id":"https:\/\/infopba247.com.ar\/index.php\/2025\/01\/10\/verano-en-comunidad-una-agenda-de-actividades-gratuitas-para-toda-la-familia\/"},"author":{"name":"Editor","@id":"https:\/\/infopba247.com.ar\/#\/schema\/person\/4975f1343a413e57bf839b3eed0099f2"},"headline":"Verano en Comunidad: Una agenda de actividades gratuitas para toda la familia","datePublished":"2025-01-10T14:22:54+00:00","dateModified":"2025-01-10T14:22:55+00:00","mainEntityOfPage":{"@id":"https:\/\/infopba247.com.ar\/index.php\/2025\/01\/10\/verano-en-comunidad-una-agenda-de-actividades-gratuitas-para-toda-la-familia\/"},"wordCount":392,"commentCount":0,"publisher":{"@id":"https:\/\/infopba247.com.ar\/#organization"},"image":{"@id":"https:\/\/infopba247.com.ar\/index.php\/2025\/01\/10\/verano-en-comunidad-una-agenda-de-actividades-gratuitas-para-toda-la-familia\/#primaryimage"},"thumbnailUrl":"https:\/\/infopba247.com.ar\/wp-content\/uploads\/2025\/01\/unnamed-2025-01-10T111124.124.jpg","articleSection":["Destacadas","Pol\u00edtica"],"inLanguage":"es","potentialAction":[{"@type":"CommentAction","name":"Comment","target":["https:\/\/infopba247.com.ar\/index.php\/2025\/01\/10\/verano-en-comunidad-una-agenda-de-actividades-gratuitas-para-toda-la-familia\/#respond"]}]},{"@type":"WebPage","@id":"https:\/\/infopba247.com.ar\/index.php\/2025\/01\/10\/verano-en-comunidad-una-agenda-de-actividades-gratuitas-para-toda-la-familia\/","url":"https:\/\/infopba247.com.ar\/index.php\/2025\/01\/10\/verano-en-comunidad-una-agenda-de-actividades-gratuitas-para-toda-la-familia\/","name":"Verano en Comunidad: Una agenda de actividades gratuitas para toda la familia - InfoPBA247","isPartOf":{"@id":"https:\/\/infopba247.com.ar\/#website"},"primaryImageOfPage":{"@id":"https:\/\/infopba247.com.ar\/index.php\/2025\/01\/10\/verano-en-comunidad-una-agenda-de-actividades-gratuitas-para-toda-la-familia\/#primaryimage"},"image":{"@id":"https:\/\/infopba247.com.ar\/index.php\/2025\/01\/10\/verano-en-comunidad-una-agenda-de-actividades-gratuitas-para-toda-la-familia\/#primaryimage"},"thumbnailUrl":"https:\/\/infopba247.com.ar\/wp-content\/uploads\/2025\/01\/unnamed-2025-01-10T111124.124.jpg","datePublished":"2025-01-10T14:22:54+00:00","dateModified":"2025-01-10T14:22:55+00:00","breadcrumb":{"@id":"https:\/\/infopba247.com.ar\/index.php\/2025\/01\/10\/verano-en-comunidad-una-agenda-de-actividades-gratuitas-para-toda-la-familia\/#breadcrumb"},"inLanguage":"es","potentialAction":[{"@type":"ReadAction","target":["https:\/\/infopba247.com.ar\/index.php\/2025\/01\/10\/verano-en-comunidad-una-agenda-de-actividades-gratuitas-para-toda-la-familia\/"]}]},{"@type":"ImageObject","inLanguage":"es","@id":"https:\/\/infopba247.com.ar\/index.php\/2025\/01\/10\/verano-en-comunidad-una-agenda-de-actividades-gratuitas-para-toda-la-familia\/#primaryimage","url":"https:\/\/infopba247.com.ar\/wp-content\/uploads\/2025\/01\/unnamed-2025-01-10T111124.124.jpg","contentUrl":"https:\/\/infopba247.com.ar\/wp-content\/uploads\/2025\/01\/unnamed-2025-01-10T111124.124.jpg","width":1280,"height":960},{"@type":"BreadcrumbList","@id":"https:\/\/infopba247.com.ar\/index.php\/2025\/01\/10\/verano-en-comunidad-una-agenda-de-actividades-gratuitas-para-toda-la-familia\/#breadcrumb","itemListElement":[{"@type":"ListItem","position":1,"name":"Portada","item":"https:\/\/infopba247.com.ar\/"},{"@type":"ListItem","position":2,"name":"Verano en Comunidad: Una agenda de actividades gratuitas para toda la familia"}]},{"@type":"WebSite","@id":"https:\/\/infopba247.com.ar\/#website","url":"https:\/\/infopba247.com.ar\/","name":"InfoPBA247","description":"Toda la actualidad bonaerense","publisher":{"@id":"https:\/\/infopba247.com.ar\/#organization"},"potentialAction":[{"@type":"SearchAction","target":{"@type":"EntryPoint","urlTemplate":"https:\/\/infopba247.com.ar\/?s={search_term_string}"},"query-input":{"@type":"PropertyValueSpecification","valueRequired":true,"valueName":"search_term_string"}}],"inLanguage":"es"},{"@type":"Organization","@id":"https:\/\/infopba247.com.ar\/#organization","name":"InfoPBA247","url":"https:\/\/infopba247.com.ar\/","logo":{"@type":"ImageObject","inLanguage":"es","@id":"https:\/\/infopba247.com.ar\/#\/schema\/logo\/image\/","url":"https:\/\/infopba247.com.ar\/wp-content\/uploads\/2022\/03\/cropped-InfoPBA247-1.png","contentUrl":"https:\/\/infopba247.com.ar\/wp-content\/uploads\/2022\/03\/cropped-InfoPBA247-1.png","width":500,"height":122,"caption":"InfoPBA247"},"image":{"@id":"https:\/\/infopba247.com.ar\/#\/schema\/logo\/image\/"},"sameAs":["https:\/\/www.facebook.com\/InfoPBA"]},{"@type":"Person","@id":"https:\/\/infopba247.com.ar\/#\/schema\/person\/4975f1343a413e57bf839b3eed0099f2","name":"Editor","image":{"@type":"ImageObject","inLanguage":"es","@id":"https:\/\/secure.gravatar.com\/avatar\/d27fe9520667ca53441d36627a1d6b0fa4a813571ec4803687a7a3a7744685ac?s=96&d=mm&r=g","url":"https:\/\/secure.gravatar.com\/avatar\/d27fe9520667ca53441d36627a1d6b0fa4a813571ec4803687a7a3a7744685ac?s=96&d=mm&r=g","contentUrl":"https:\/\/secure.gravatar.com\/avatar\/d27fe9520667ca53441d36627a1d6b0fa4a813571ec4803687a7a3a7744685ac?s=96&d=mm&r=g","caption":"Editor"},"url":"https:\/\/infopba247.com.ar\/index.php\/author\/editor\/"}]}},"_links":{"self":[{"href":"https:\/\/infopba247.com.ar\/index.php\/wp-json\/wp\/v2\/posts\/6124","targetHints":{"allow":["GET"]}}],"collection":[{"href":"https:\/\/infopba247.com.ar\/index.php\/wp-json\/wp\/v2\/posts"}],"about":[{"href":"https:\/\/infopba247.com.ar\/index.php\/wp-json\/wp\/v2\/types\/post"}],"author":[{"embeddable":true,"href":"https:\/\/infopba247.com.ar\/index.php\/wp-json\/wp\/v2\/users\/3"}],"replies":[{"embeddable":true,"href":"https:\/\/infopba247.com.ar\/index.php\/wp-json\/wp\/v2\/comments?post=6124"}],"version-history":[{"count":1,"href":"https:\/\/infopba247.com.ar\/index.php\/wp-json\/wp\/v2\/posts\/6124\/revisions"}],"predecessor-version":[{"id":6125,"href":"https:\/\/infopba247.com.ar\/index.php\/wp-json\/wp\/v2\/posts\/6124\/revisions\/6125"}],"wp:featuredmedia":[{"embeddable":true,"href":"https:\/\/infopba247.com.ar\/index.php\/wp-json\/wp\/v2\/media\/6121"}],"wp:attachment":[{"href":"https:\/\/infopba247.com.ar\/index.php\/wp-json\/wp\/v2\/media?parent=6124"}],"wp:term":[{"taxonomy":"category","embeddable":true,"href":"https:\/\/infopba247.com.ar\/index.php\/wp-json\/wp\/v2\/categories?post=6124"},{"taxonomy":"post_tag","embeddable":true,"href":"https:\/\/infopba247.com.ar\/index.php\/wp-json\/wp\/v2\/tags?post=6124"}],"curies":[{"name":"wp","href":"https:\/\/api.w.org\/{rel}","templated":true}]}}