{"id":5903,"date":"2024-12-09T11:52:03","date_gmt":"2024-12-09T14:52:03","guid":{"rendered":"https:\/\/infopba247.com.ar\/?p=5903"},"modified":"2024-12-09T11:52:04","modified_gmt":"2024-12-09T14:52:04","slug":"mariel-fernandez-presento-nuevos-moviles-y-agentes-para-la-guardia-urbana-municipal","status":"publish","type":"post","link":"https:\/\/infopba247.com.ar\/index.php\/2024\/12\/09\/mariel-fernandez-presento-nuevos-moviles-y-agentes-para-la-guardia-urbana-municipal\/","title":{"rendered":"Mariel Fern\u00e1ndez present\u00f3 nuevos m\u00f3viles y agentes para la Guardia Urbana municipal"},"content":{"rendered":"\n<p>Con el objetivo de fortalecer la prevenci\u00f3n y la seguridad en Moreno, la intendenta Mariel Fern\u00e1ndez, junto al secretario de Seguridad municipal, Ismael Castro, present\u00f3 seis nuevas patrullas Ford Ranger y agentes de prevenci\u00f3n que se incorporan a la Guardia Urbana municipal.<\/p>\n\n\n\n<p>Con los nuevos m\u00f3viles que fueron adquiridos a trav\u00e9s de la modalidad Leasing Banco Provincia, se llega a 33 patrullas que conforman la Guardia Urbana y a 121 m\u00f3viles adquiridos durante la gesti\u00f3n de la intendenta Fern\u00e1ndez. Parte de la misma compra, pr\u00f3ximamente se sumar\u00e1n otras seis patrullas que ser\u00e1n destinadas a la Jefatura Departamental de la Polic\u00eda.<\/p>\n\n\n\n<p>Asimismo, se incorporaron nuevos agentes de Prevenci\u00f3n Urbana quienes se capacitaron con una diplomatura sobre Gesti\u00f3n de la Conflictividad y Promoci\u00f3n de la Seguridad Ciudadana del Instituto Universitario Juan Vucetich, y tambi\u00e9n reciben una formaci\u00f3n permanente sobre RCP para primeros auxilios, prevenci\u00f3n de siniestros y contra incendios, gesti\u00f3n del conflicto y educaci\u00f3n vial.&nbsp; Esta profesionalizaci\u00f3n permite mejorar la pr\u00e1ctica cotidiana fundamental que cumplen en el cuidado de la comunidad.<\/p>\n\n\n\n<p>De esta manera, el equipo de Prevenci\u00f3n Urbana qued\u00f3 conformado por 65 caminantes y 45 choferes, lo que va a permitir ampliar la cobertura en zonas como el Distrito Ecol\u00f3gico Roggero y los cascos c\u00e9ntricos de las distintas localidades.<\/p>\n\n\n\n<p>\u201cEstamos muy felices de poder hacer esta presentaci\u00f3n de m\u00f3viles y caminantes porque es para cuidar a nuestras vecinas y vecinos: los agentes de prevenci\u00f3n de la Guardia Urbana cumplen una funci\u00f3n de prevenci\u00f3n muy importante y la incorporaci\u00f3n de nuevas patrullas nos permiten cuidar en mejores condiciones a nuestra poblaci\u00f3n\u201d, remarc\u00f3 la jefa comunal durante la presentaci\u00f3n y agreg\u00f3: \u201cEs una inversi\u00f3n muy importante, m\u00e1s a\u00fan en este momento tan complicado del pa\u00eds, donde tenemos un presidente que no invierte en obra p\u00fablica y dice que odia al Estado, los Municipios nos hacemos cargo de m\u00e1s cosas, como lo es tambi\u00e9n comprar m\u00f3viles para la Polic\u00eda\u201d.<\/p>\n\n\n\n<p>La intendenta se refiri\u00f3 al trabajo desde la gesti\u00f3n y destac\u00f3 que \u201cPonemos en la centralidad de nuestro Gobierno municipal el bien com\u00fan de nuestro pueblo y hacemos un esfuerzo muy grande por administrar de la mejor manera posible los recursos municipales para que a las y los vecinos le sigan llegando obras de infraestructura y mejores servicios\u201d.<\/p>\n\n\n\n<p>En este sentido, se avanza con acciones complementarias de prevenci\u00f3n y seguridad como el funcionamiento del Centro de Operaciones Municipales (COM), donde m\u00e1s de 2.000 c\u00e1maras municipales son monitoreadas las 24 horas por agentes que est\u00e1n en permanente contacto con la Polic\u00eda y otros servicios de emergencia.<\/p>\n\n\n\n<p>Tambi\u00e9n contin\u00faa la implementaci\u00f3n de la APP Moreno Alerta, una herramienta ciudadana que facilita denunciar una emergencia de incendio, m\u00e9dica o policial de manera directa al COM.<\/p>\n\n\n\n<p>En la presentaci\u00f3n tambi\u00e9n estuvieron presentes la diputada provincial Noelia Saavedra, el presidente del Honorable Concejo Deliberante, Emmanuel Fern\u00e1ndez, y otras autoridades municipales y provinciales.<\/p>\n","protected":false},"excerpt":{"rendered":"<p>Con el objetivo de fortalecer la prevenci\u00f3n y la seguridad en Moreno, la intendenta Mariel Fern\u00e1ndez, junto al secretario de<\/p>\n","protected":false},"author":3,"featured_media":5897,"comment_status":"open","ping_status":"open","sticky":false,"template":"","format":"standard","meta":{"colormag_page_container_layout":"default_layout","colormag_page_sidebar_layout":"default_layout","footnotes":""},"categories":[5,1,14],"tags":[],"class_list":["post-5903","post","type-post","status-publish","format-standard","has-post-thumbnail","hentry","category-1ra-seccion","category-destacadas","category-politica"],"yoast_head":"<!-- This site is optimized with the Yoast SEO plugin v27.4 - https:\/\/yoast.com\/product\/yoast-seo-wordpress\/ -->\n<title>Mariel Fern\u00e1ndez present\u00f3 nuevos m\u00f3viles y agentes para la Guardia Urbana municipal - InfoPBA247<\/title>\n<meta name=\"robots\" content=\"index, follow, max-snippet:-1, max-image-preview:large, max-video-preview:-1\" \/>\n<link rel=\"canonical\" href=\"https:\/\/infopba247.com.ar\/index.php\/2024\/12\/09\/mariel-fernandez-presento-nuevos-moviles-y-agentes-para-la-guardia-urbana-municipal\/\" \/>\n<meta property=\"og:locale\" content=\"es_ES\" \/>\n<meta property=\"og:type\" content=\"article\" \/>\n<meta property=\"og:title\" content=\"Mariel Fern\u00e1ndez present\u00f3 nuevos m\u00f3viles y agentes para la Guardia Urbana municipal - InfoPBA247\" \/>\n<meta property=\"og:description\" content=\"Con el objetivo de fortalecer la prevenci\u00f3n y la seguridad en Moreno, la intendenta Mariel Fern\u00e1ndez, junto al secretario de\" \/>\n<meta property=\"og:url\" content=\"https:\/\/infopba247.com.ar\/index.php\/2024\/12\/09\/mariel-fernandez-presento-nuevos-moviles-y-agentes-para-la-guardia-urbana-municipal\/\" \/>\n<meta property=\"og:site_name\" content=\"InfoPBA247\" \/>\n<meta property=\"article:publisher\" content=\"https:\/\/www.facebook.com\/InfoPBA\" \/>\n<meta property=\"article:published_time\" content=\"2024-12-09T14:52:03+00:00\" \/>\n<meta property=\"article:modified_time\" content=\"2024-12-09T14:52:04+00:00\" \/>\n<meta property=\"og:image\" content=\"https:\/\/infopba247.com.ar\/wp-content\/uploads\/2024\/12\/Presentacion-de-Patrullas-Urbanas-scaled.jpg\" \/>\n\t<meta property=\"og:image:width\" content=\"2560\" \/>\n\t<meta property=\"og:image:height\" content=\"1708\" \/>\n\t<meta property=\"og:image:type\" content=\"image\/jpeg\" \/>\n<meta name=\"author\" content=\"Editor\" \/>\n<meta name=\"twitter:card\" content=\"summary_large_image\" \/>\n<meta name=\"twitter:label1\" content=\"Escrito por\" \/>\n\t<meta name=\"twitter:data1\" content=\"Editor\" \/>\n\t<meta name=\"twitter:label2\" content=\"Tiempo de lectura\" \/>\n\t<meta name=\"twitter:data2\" content=\"3 minutos\" \/>\n<script type=\"application\/ld+json\" class=\"yoast-schema-graph\">{\"@context\":\"https:\\\/\\\/schema.org\",\"@graph\":[{\"@type\":\"Article\",\"@id\":\"https:\\\/\\\/infopba247.com.ar\\\/index.php\\\/2024\\\/12\\\/09\\\/mariel-fernandez-presento-nuevos-moviles-y-agentes-para-la-guardia-urbana-municipal\\\/#article\",\"isPartOf\":{\"@id\":\"https:\\\/\\\/infopba247.com.ar\\\/index.php\\\/2024\\\/12\\\/09\\\/mariel-fernandez-presento-nuevos-moviles-y-agentes-para-la-guardia-urbana-municipal\\\/\"},\"author\":{\"name\":\"Editor\",\"@id\":\"https:\\\/\\\/infopba247.com.ar\\\/#\\\/schema\\\/person\\\/4975f1343a413e57bf839b3eed0099f2\"},\"headline\":\"Mariel Fern\u00e1ndez present\u00f3 nuevos m\u00f3viles y agentes para la Guardia Urbana municipal\",\"datePublished\":\"2024-12-09T14:52:03+00:00\",\"dateModified\":\"2024-12-09T14:52:04+00:00\",\"mainEntityOfPage\":{\"@id\":\"https:\\\/\\\/infopba247.com.ar\\\/index.php\\\/2024\\\/12\\\/09\\\/mariel-fernandez-presento-nuevos-moviles-y-agentes-para-la-guardia-urbana-municipal\\\/\"},\"wordCount\":537,\"commentCount\":0,\"publisher\":{\"@id\":\"https:\\\/\\\/infopba247.com.ar\\\/#organization\"},\"image\":{\"@id\":\"https:\\\/\\\/infopba247.com.ar\\\/index.php\\\/2024\\\/12\\\/09\\\/mariel-fernandez-presento-nuevos-moviles-y-agentes-para-la-guardia-urbana-municipal\\\/#primaryimage\"},\"thumbnailUrl\":\"https:\\\/\\\/infopba247.com.ar\\\/wp-content\\\/uploads\\\/2024\\\/12\\\/Presentacion-de-Patrullas-Urbanas-scaled.jpg\",\"articleSection\":[\"1ra Secci\u00f3n\",\"Destacadas\",\"Pol\u00edtica\"],\"inLanguage\":\"es\",\"potentialAction\":[{\"@type\":\"CommentAction\",\"name\":\"Comment\",\"target\":[\"https:\\\/\\\/infopba247.com.ar\\\/index.php\\\/2024\\\/12\\\/09\\\/mariel-fernandez-presento-nuevos-moviles-y-agentes-para-la-guardia-urbana-municipal\\\/#respond\"]}]},{\"@type\":\"WebPage\",\"@id\":\"https:\\\/\\\/infopba247.com.ar\\\/index.php\\\/2024\\\/12\\\/09\\\/mariel-fernandez-presento-nuevos-moviles-y-agentes-para-la-guardia-urbana-municipal\\\/\",\"url\":\"https:\\\/\\\/infopba247.com.ar\\\/index.php\\\/2024\\\/12\\\/09\\\/mariel-fernandez-presento-nuevos-moviles-y-agentes-para-la-guardia-urbana-municipal\\\/\",\"name\":\"Mariel Fern\u00e1ndez present\u00f3 nuevos m\u00f3viles y agentes para la Guardia Urbana municipal - InfoPBA247\",\"isPartOf\":{\"@id\":\"https:\\\/\\\/infopba247.com.ar\\\/#website\"},\"primaryImageOfPage\":{\"@id\":\"https:\\\/\\\/infopba247.com.ar\\\/index.php\\\/2024\\\/12\\\/09\\\/mariel-fernandez-presento-nuevos-moviles-y-agentes-para-la-guardia-urbana-municipal\\\/#primaryimage\"},\"image\":{\"@id\":\"https:\\\/\\\/infopba247.com.ar\\\/index.php\\\/2024\\\/12\\\/09\\\/mariel-fernandez-presento-nuevos-moviles-y-agentes-para-la-guardia-urbana-municipal\\\/#primaryimage\"},\"thumbnailUrl\":\"https:\\\/\\\/infopba247.com.ar\\\/wp-content\\\/uploads\\\/2024\\\/12\\\/Presentacion-de-Patrullas-Urbanas-scaled.jpg\",\"datePublished\":\"2024-12-09T14:52:03+00:00\",\"dateModified\":\"2024-12-09T14:52:04+00:00\",\"breadcrumb\":{\"@id\":\"https:\\\/\\\/infopba247.com.ar\\\/index.php\\\/2024\\\/12\\\/09\\\/mariel-fernandez-presento-nuevos-moviles-y-agentes-para-la-guardia-urbana-municipal\\\/#breadcrumb\"},\"inLanguage\":\"es\",\"potentialAction\":[{\"@type\":\"ReadAction\",\"target\":[\"https:\\\/\\\/infopba247.com.ar\\\/index.php\\\/2024\\\/12\\\/09\\\/mariel-fernandez-presento-nuevos-moviles-y-agentes-para-la-guardia-urbana-municipal\\\/\"]}]},{\"@type\":\"ImageObject\",\"inLanguage\":\"es\",\"@id\":\"https:\\\/\\\/infopba247.com.ar\\\/index.php\\\/2024\\\/12\\\/09\\\/mariel-fernandez-presento-nuevos-moviles-y-agentes-para-la-guardia-urbana-municipal\\\/#primaryimage\",\"url\":\"https:\\\/\\\/infopba247.com.ar\\\/wp-content\\\/uploads\\\/2024\\\/12\\\/Presentacion-de-Patrullas-Urbanas-scaled.jpg\",\"contentUrl\":\"https:\\\/\\\/infopba247.com.ar\\\/wp-content\\\/uploads\\\/2024\\\/12\\\/Presentacion-de-Patrullas-Urbanas-scaled.jpg\",\"width\":2560,\"height\":1708},{\"@type\":\"BreadcrumbList\",\"@id\":\"https:\\\/\\\/infopba247.com.ar\\\/index.php\\\/2024\\\/12\\\/09\\\/mariel-fernandez-presento-nuevos-moviles-y-agentes-para-la-guardia-urbana-municipal\\\/#breadcrumb\",\"itemListElement\":[{\"@type\":\"ListItem\",\"position\":1,\"name\":\"Portada\",\"item\":\"https:\\\/\\\/infopba247.com.ar\\\/\"},{\"@type\":\"ListItem\",\"position\":2,\"name\":\"Mariel Fern\u00e1ndez present\u00f3 nuevos m\u00f3viles y agentes para la Guardia Urbana municipal\"}]},{\"@type\":\"WebSite\",\"@id\":\"https:\\\/\\\/infopba247.com.ar\\\/#website\",\"url\":\"https:\\\/\\\/infopba247.com.ar\\\/\",\"name\":\"InfoPBA247\",\"description\":\"Toda la actualidad bonaerense\",\"publisher\":{\"@id\":\"https:\\\/\\\/infopba247.com.ar\\\/#organization\"},\"potentialAction\":[{\"@type\":\"SearchAction\",\"target\":{\"@type\":\"EntryPoint\",\"urlTemplate\":\"https:\\\/\\\/infopba247.com.ar\\\/?s={search_term_string}\"},\"query-input\":{\"@type\":\"PropertyValueSpecification\",\"valueRequired\":true,\"valueName\":\"search_term_string\"}}],\"inLanguage\":\"es\"},{\"@type\":\"Organization\",\"@id\":\"https:\\\/\\\/infopba247.com.ar\\\/#organization\",\"name\":\"InfoPBA247\",\"url\":\"https:\\\/\\\/infopba247.com.ar\\\/\",\"logo\":{\"@type\":\"ImageObject\",\"inLanguage\":\"es\",\"@id\":\"https:\\\/\\\/infopba247.com.ar\\\/#\\\/schema\\\/logo\\\/image\\\/\",\"url\":\"https:\\\/\\\/infopba247.com.ar\\\/wp-content\\\/uploads\\\/2022\\\/03\\\/cropped-InfoPBA247-1.png\",\"contentUrl\":\"https:\\\/\\\/infopba247.com.ar\\\/wp-content\\\/uploads\\\/2022\\\/03\\\/cropped-InfoPBA247-1.png\",\"width\":500,\"height\":122,\"caption\":\"InfoPBA247\"},\"image\":{\"@id\":\"https:\\\/\\\/infopba247.com.ar\\\/#\\\/schema\\\/logo\\\/image\\\/\"},\"sameAs\":[\"https:\\\/\\\/www.facebook.com\\\/InfoPBA\"]},{\"@type\":\"Person\",\"@id\":\"https:\\\/\\\/infopba247.com.ar\\\/#\\\/schema\\\/person\\\/4975f1343a413e57bf839b3eed0099f2\",\"name\":\"Editor\",\"image\":{\"@type\":\"ImageObject\",\"inLanguage\":\"es\",\"@id\":\"https:\\\/\\\/secure.gravatar.com\\\/avatar\\\/d27fe9520667ca53441d36627a1d6b0fa4a813571ec4803687a7a3a7744685ac?s=96&d=mm&r=g\",\"url\":\"https:\\\/\\\/secure.gravatar.com\\\/avatar\\\/d27fe9520667ca53441d36627a1d6b0fa4a813571ec4803687a7a3a7744685ac?s=96&d=mm&r=g\",\"contentUrl\":\"https:\\\/\\\/secure.gravatar.com\\\/avatar\\\/d27fe9520667ca53441d36627a1d6b0fa4a813571ec4803687a7a3a7744685ac?s=96&d=mm&r=g\",\"caption\":\"Editor\"},\"url\":\"https:\\\/\\\/infopba247.com.ar\\\/index.php\\\/author\\\/editor\\\/\"}]}<\/script>\n<!-- \/ Yoast SEO plugin. -->","yoast_head_json":{"title":"Mariel Fern\u00e1ndez present\u00f3 nuevos m\u00f3viles y agentes para la Guardia Urbana municipal - InfoPBA247","robots":{"index":"index","follow":"follow","max-snippet":"max-snippet:-1","max-image-preview":"max-image-preview:large","max-video-preview":"max-video-preview:-1"},"canonical":"https:\/\/infopba247.com.ar\/index.php\/2024\/12\/09\/mariel-fernandez-presento-nuevos-moviles-y-agentes-para-la-guardia-urbana-municipal\/","og_locale":"es_ES","og_type":"article","og_title":"Mariel Fern\u00e1ndez present\u00f3 nuevos m\u00f3viles y agentes para la Guardia Urbana municipal - InfoPBA247","og_description":"Con el objetivo de fortalecer la prevenci\u00f3n y la seguridad en Moreno, la intendenta Mariel Fern\u00e1ndez, junto al secretario de","og_url":"https:\/\/infopba247.com.ar\/index.php\/2024\/12\/09\/mariel-fernandez-presento-nuevos-moviles-y-agentes-para-la-guardia-urbana-municipal\/","og_site_name":"InfoPBA247","article_publisher":"https:\/\/www.facebook.com\/InfoPBA","article_published_time":"2024-12-09T14:52:03+00:00","article_modified_time":"2024-12-09T14:52:04+00:00","og_image":[{"width":2560,"height":1708,"url":"https:\/\/infopba247.com.ar\/wp-content\/uploads\/2024\/12\/Presentacion-de-Patrullas-Urbanas-scaled.jpg","type":"image\/jpeg"}],"author":"Editor","twitter_card":"summary_large_image","twitter_misc":{"Escrito por":"Editor","Tiempo de lectura":"3 minutos"},"schema":{"@context":"https:\/\/schema.org","@graph":[{"@type":"Article","@id":"https:\/\/infopba247.com.ar\/index.php\/2024\/12\/09\/mariel-fernandez-presento-nuevos-moviles-y-agentes-para-la-guardia-urbana-municipal\/#article","isPartOf":{"@id":"https:\/\/infopba247.com.ar\/index.php\/2024\/12\/09\/mariel-fernandez-presento-nuevos-moviles-y-agentes-para-la-guardia-urbana-municipal\/"},"author":{"name":"Editor","@id":"https:\/\/infopba247.com.ar\/#\/schema\/person\/4975f1343a413e57bf839b3eed0099f2"},"headline":"Mariel Fern\u00e1ndez present\u00f3 nuevos m\u00f3viles y agentes para la Guardia Urbana municipal","datePublished":"2024-12-09T14:52:03+00:00","dateModified":"2024-12-09T14:52:04+00:00","mainEntityOfPage":{"@id":"https:\/\/infopba247.com.ar\/index.php\/2024\/12\/09\/mariel-fernandez-presento-nuevos-moviles-y-agentes-para-la-guardia-urbana-municipal\/"},"wordCount":537,"commentCount":0,"publisher":{"@id":"https:\/\/infopba247.com.ar\/#organization"},"image":{"@id":"https:\/\/infopba247.com.ar\/index.php\/2024\/12\/09\/mariel-fernandez-presento-nuevos-moviles-y-agentes-para-la-guardia-urbana-municipal\/#primaryimage"},"thumbnailUrl":"https:\/\/infopba247.com.ar\/wp-content\/uploads\/2024\/12\/Presentacion-de-Patrullas-Urbanas-scaled.jpg","articleSection":["1ra Secci\u00f3n","Destacadas","Pol\u00edtica"],"inLanguage":"es","potentialAction":[{"@type":"CommentAction","name":"Comment","target":["https:\/\/infopba247.com.ar\/index.php\/2024\/12\/09\/mariel-fernandez-presento-nuevos-moviles-y-agentes-para-la-guardia-urbana-municipal\/#respond"]}]},{"@type":"WebPage","@id":"https:\/\/infopba247.com.ar\/index.php\/2024\/12\/09\/mariel-fernandez-presento-nuevos-moviles-y-agentes-para-la-guardia-urbana-municipal\/","url":"https:\/\/infopba247.com.ar\/index.php\/2024\/12\/09\/mariel-fernandez-presento-nuevos-moviles-y-agentes-para-la-guardia-urbana-municipal\/","name":"Mariel Fern\u00e1ndez present\u00f3 nuevos m\u00f3viles y agentes para la Guardia Urbana municipal - InfoPBA247","isPartOf":{"@id":"https:\/\/infopba247.com.ar\/#website"},"primaryImageOfPage":{"@id":"https:\/\/infopba247.com.ar\/index.php\/2024\/12\/09\/mariel-fernandez-presento-nuevos-moviles-y-agentes-para-la-guardia-urbana-municipal\/#primaryimage"},"image":{"@id":"https:\/\/infopba247.com.ar\/index.php\/2024\/12\/09\/mariel-fernandez-presento-nuevos-moviles-y-agentes-para-la-guardia-urbana-municipal\/#primaryimage"},"thumbnailUrl":"https:\/\/infopba247.com.ar\/wp-content\/uploads\/2024\/12\/Presentacion-de-Patrullas-Urbanas-scaled.jpg","datePublished":"2024-12-09T14:52:03+00:00","dateModified":"2024-12-09T14:52:04+00:00","breadcrumb":{"@id":"https:\/\/infopba247.com.ar\/index.php\/2024\/12\/09\/mariel-fernandez-presento-nuevos-moviles-y-agentes-para-la-guardia-urbana-municipal\/#breadcrumb"},"inLanguage":"es","potentialAction":[{"@type":"ReadAction","target":["https:\/\/infopba247.com.ar\/index.php\/2024\/12\/09\/mariel-fernandez-presento-nuevos-moviles-y-agentes-para-la-guardia-urbana-municipal\/"]}]},{"@type":"ImageObject","inLanguage":"es","@id":"https:\/\/infopba247.com.ar\/index.php\/2024\/12\/09\/mariel-fernandez-presento-nuevos-moviles-y-agentes-para-la-guardia-urbana-municipal\/#primaryimage","url":"https:\/\/infopba247.com.ar\/wp-content\/uploads\/2024\/12\/Presentacion-de-Patrullas-Urbanas-scaled.jpg","contentUrl":"https:\/\/infopba247.com.ar\/wp-content\/uploads\/2024\/12\/Presentacion-de-Patrullas-Urbanas-scaled.jpg","width":2560,"height":1708},{"@type":"BreadcrumbList","@id":"https:\/\/infopba247.com.ar\/index.php\/2024\/12\/09\/mariel-fernandez-presento-nuevos-moviles-y-agentes-para-la-guardia-urbana-municipal\/#breadcrumb","itemListElement":[{"@type":"ListItem","position":1,"name":"Portada","item":"https:\/\/infopba247.com.ar\/"},{"@type":"ListItem","position":2,"name":"Mariel Fern\u00e1ndez present\u00f3 nuevos m\u00f3viles y agentes para la Guardia Urbana municipal"}]},{"@type":"WebSite","@id":"https:\/\/infopba247.com.ar\/#website","url":"https:\/\/infopba247.com.ar\/","name":"InfoPBA247","description":"Toda la actualidad bonaerense","publisher":{"@id":"https:\/\/infopba247.com.ar\/#organization"},"potentialAction":[{"@type":"SearchAction","target":{"@type":"EntryPoint","urlTemplate":"https:\/\/infopba247.com.ar\/?s={search_term_string}"},"query-input":{"@type":"PropertyValueSpecification","valueRequired":true,"valueName":"search_term_string"}}],"inLanguage":"es"},{"@type":"Organization","@id":"https:\/\/infopba247.com.ar\/#organization","name":"InfoPBA247","url":"https:\/\/infopba247.com.ar\/","logo":{"@type":"ImageObject","inLanguage":"es","@id":"https:\/\/infopba247.com.ar\/#\/schema\/logo\/image\/","url":"https:\/\/infopba247.com.ar\/wp-content\/uploads\/2022\/03\/cropped-InfoPBA247-1.png","contentUrl":"https:\/\/infopba247.com.ar\/wp-content\/uploads\/2022\/03\/cropped-InfoPBA247-1.png","width":500,"height":122,"caption":"InfoPBA247"},"image":{"@id":"https:\/\/infopba247.com.ar\/#\/schema\/logo\/image\/"},"sameAs":["https:\/\/www.facebook.com\/InfoPBA"]},{"@type":"Person","@id":"https:\/\/infopba247.com.ar\/#\/schema\/person\/4975f1343a413e57bf839b3eed0099f2","name":"Editor","image":{"@type":"ImageObject","inLanguage":"es","@id":"https:\/\/secure.gravatar.com\/avatar\/d27fe9520667ca53441d36627a1d6b0fa4a813571ec4803687a7a3a7744685ac?s=96&d=mm&r=g","url":"https:\/\/secure.gravatar.com\/avatar\/d27fe9520667ca53441d36627a1d6b0fa4a813571ec4803687a7a3a7744685ac?s=96&d=mm&r=g","contentUrl":"https:\/\/secure.gravatar.com\/avatar\/d27fe9520667ca53441d36627a1d6b0fa4a813571ec4803687a7a3a7744685ac?s=96&d=mm&r=g","caption":"Editor"},"url":"https:\/\/infopba247.com.ar\/index.php\/author\/editor\/"}]}},"_links":{"self":[{"href":"https:\/\/infopba247.com.ar\/index.php\/wp-json\/wp\/v2\/posts\/5903","targetHints":{"allow":["GET"]}}],"collection":[{"href":"https:\/\/infopba247.com.ar\/index.php\/wp-json\/wp\/v2\/posts"}],"about":[{"href":"https:\/\/infopba247.com.ar\/index.php\/wp-json\/wp\/v2\/types\/post"}],"author":[{"embeddable":true,"href":"https:\/\/infopba247.com.ar\/index.php\/wp-json\/wp\/v2\/users\/3"}],"replies":[{"embeddable":true,"href":"https:\/\/infopba247.com.ar\/index.php\/wp-json\/wp\/v2\/comments?post=5903"}],"version-history":[{"count":1,"href":"https:\/\/infopba247.com.ar\/index.php\/wp-json\/wp\/v2\/posts\/5903\/revisions"}],"predecessor-version":[{"id":5904,"href":"https:\/\/infopba247.com.ar\/index.php\/wp-json\/wp\/v2\/posts\/5903\/revisions\/5904"}],"wp:featuredmedia":[{"embeddable":true,"href":"https:\/\/infopba247.com.ar\/index.php\/wp-json\/wp\/v2\/media\/5897"}],"wp:attachment":[{"href":"https:\/\/infopba247.com.ar\/index.php\/wp-json\/wp\/v2\/media?parent=5903"}],"wp:term":[{"taxonomy":"category","embeddable":true,"href":"https:\/\/infopba247.com.ar\/index.php\/wp-json\/wp\/v2\/categories?post=5903"},{"taxonomy":"post_tag","embeddable":true,"href":"https:\/\/infopba247.com.ar\/index.php\/wp-json\/wp\/v2\/tags?post=5903"}],"curies":[{"name":"wp","href":"https:\/\/api.w.org\/{rel}","templated":true}]}}