{"id":5895,"date":"2024-12-09T11:49:43","date_gmt":"2024-12-09T14:49:43","guid":{"rendered":"https:\/\/infopba247.com.ar\/?p=5895"},"modified":"2024-12-09T11:49:44","modified_gmt":"2024-12-09T14:49:44","slug":"kreplak-lanzo-el-modelo-de-cuidados-progresivos-en-el-hospital-rossi","status":"publish","type":"post","link":"https:\/\/infopba247.com.ar\/index.php\/2024\/12\/09\/kreplak-lanzo-el-modelo-de-cuidados-progresivos-en-el-hospital-rossi\/","title":{"rendered":"Kreplak lanz\u00f3 el modelo de cuidados progresivos en el Hospital \u201cRossi\u201d"},"content":{"rendered":"\n<p>El titular de la cartera sanitaria bonaerense, Nicol\u00e1s Kreplak, visit\u00f3 el Hospital \u201cRossi\u201d de La Plata con motivo del Lanzamiento de la implementaci\u00f3n de Cuidados Progresivos en dicho efector.<\/p>\n\n\n\n<p>La implementaci\u00f3n de los Cuidados Progresivos en los hospitales bonaerenses se realiza en el marco del Plan Quinquenal de Salud de la Provincia de Buenos Aires (2023-2027), con el objetivo de garantizar gobernanza, promover cambios en el modelo de atenci\u00f3n y fortalecer las tecnolog\u00edas y sistemas de informaci\u00f3n.<\/p>\n\n\n\n<p>En el escenario de transformaci\u00f3n del modelo de atenci\u00f3n y la construcci\u00f3n de la Red Bonaerense de Salud, desde el a\u00f1o 2023 se ha trabajado en los hospitales provinciales para:<\/p>\n\n\n\n<p>-Implementar el modelo de gesti\u00f3n y atenci\u00f3n por Cuidados Progresivos.<\/p>\n\n\n\n<p>-Poner en funcionamiento Salas de Gesti\u00f3n del Usuario (SGU) En la actualidad todos los hospitales provinciales cuentan con Salas de Gesti\u00f3n del Usuario.<\/p>\n\n\n\n<p>La Organizaci\u00f3n Panamericana de la Salud (OPS) define a los Cuidados Progresivos de los pacientes como aquella \u201cconcepci\u00f3n mediante la cual se organizan los servicios seg\u00fan las necesidades de atenci\u00f3n del mismo, de tal forma que el enfermo reciba los cuidados en el grado que los requiera, en el momento oportuno, en el sitio o \u00e1rea del hospital m\u00e1s apropiado a su estado cl\u00ednico, independientemente de la especialidad por la que recurre\u201d.<\/p>\n\n\n\n<p>El cuidado progresivo del paciente se organiza en funci\u00f3n de sus necesidades m\u00e9dicas y de enfermer\u00eda, desde el ingreso al establecimiento hasta el seguimiento en consultorios externos. Estos cuidados se caracterizan por su enfoque de derechos del paciente y en el modelo de cogesti\u00f3n y participaci\u00f3n, centrados en el sujeto, integrales, continuos y basados en proyectos terap\u00e9uticos singulares.<\/p>\n\n\n\n<p>Dos frases se utilizan frecuentemente para describir los cuidados progresivos del paciente: \u201cel cambio de los servicios para satisfacer las necesidades de los pacientes\u201d y \u201cel paciente correcto, en la cama correcta, con los servicios correctos, en el momento correcto\u201d.&nbsp; El Modelo de Gesti\u00f3n por Cuidados Progresivos, abandona el modelo de atenci\u00f3n Centrada en el Servicio y la patolog\u00eda del paciente, por un Modelo Centrado en Niveles de Cuidado y es una de las formas organizativas orientadas al desarrollo de sistemas de atenci\u00f3n integrales e integrados.<\/p>\n\n\n\n<p>Implementaci\u00f3n en los hospitales bonaerenses<\/p>\n\n\n\n<p>Durante el 2023, todos los hospitales comenzaron a entregar turnos programados y ofrecer modalidades remotas de otorgamiento. El 68% de los hospitales comenz\u00f3, en ese a\u00f1o, a brindar atenci\u00f3n ambulatoria vespertina (despu\u00e9s de las 13 horas) mejorando la accesibilidad.<\/p>\n\n\n\n<p>El a\u00f1o pasado tambi\u00e9n se logr\u00f3 que el 86% cuente con gesti\u00f3n centralizada de turnos, lo que posibilita el blanqueamiento de las agendas, el an\u00e1lisis y planificaci\u00f3n de la oferta; y que el 64% gestione en la Red turnos para consultas o estudios que no puede resolver en su efector. A su vez, que el 77% cuente con gesti\u00f3n centralizada de las camas lo que implica la rector\u00eda sobre la asignaci\u00f3n de las misma; y que el 64% cuente con la internaci\u00f3n organizada de forma indiferenciada colaborando con la utilizaci\u00f3n m\u00e1s eficiente de los recursos.<\/p>\n\n\n\n<p>Seguidamente, este a\u00f1o se logr\u00f3 que el 50% de los hospitales tenga parcialmente centralizada la gesti\u00f3n de los turnos; y que El 72% presente alg\u00fan avance en la implementaci\u00f3n de las Salas de Gesti\u00f3n del Usuario (SGU). Asimismo, este 2024, se logr\u00f3 que todos los hospitales realicen la capacitaci\u00f3n en Cuidados Progresivos y los talleres de armado de las SGU.<\/p>\n","protected":false},"excerpt":{"rendered":"<p>El titular de la cartera sanitaria bonaerense, Nicol\u00e1s Kreplak, visit\u00f3 el Hospital \u201cRossi\u201d de La Plata con motivo del Lanzamiento<\/p>\n","protected":false},"author":3,"featured_media":5898,"comment_status":"open","ping_status":"open","sticky":false,"template":"","format":"standard","meta":{"colormag_page_container_layout":"default_layout","colormag_page_sidebar_layout":"default_layout","footnotes":""},"categories":[1,14],"tags":[],"class_list":["post-5895","post","type-post","status-publish","format-standard","has-post-thumbnail","hentry","category-destacadas","category-politica"],"yoast_head":"<!-- This site is optimized with the Yoast SEO plugin v27.4 - https:\/\/yoast.com\/product\/yoast-seo-wordpress\/ -->\n<title>Kreplak lanz\u00f3 el modelo de cuidados progresivos en el Hospital \u201cRossi\u201d - InfoPBA247<\/title>\n<meta name=\"robots\" content=\"index, follow, max-snippet:-1, max-image-preview:large, max-video-preview:-1\" \/>\n<link rel=\"canonical\" href=\"https:\/\/infopba247.com.ar\/index.php\/2024\/12\/09\/kreplak-lanzo-el-modelo-de-cuidados-progresivos-en-el-hospital-rossi\/\" \/>\n<meta property=\"og:locale\" content=\"es_ES\" \/>\n<meta property=\"og:type\" content=\"article\" \/>\n<meta property=\"og:title\" content=\"Kreplak lanz\u00f3 el modelo de cuidados progresivos en el Hospital \u201cRossi\u201d - InfoPBA247\" \/>\n<meta property=\"og:description\" content=\"El titular de la cartera sanitaria bonaerense, Nicol\u00e1s Kreplak, visit\u00f3 el Hospital \u201cRossi\u201d de La Plata con motivo del Lanzamiento\" \/>\n<meta property=\"og:url\" content=\"https:\/\/infopba247.com.ar\/index.php\/2024\/12\/09\/kreplak-lanzo-el-modelo-de-cuidados-progresivos-en-el-hospital-rossi\/\" \/>\n<meta property=\"og:site_name\" content=\"InfoPBA247\" \/>\n<meta property=\"article:publisher\" content=\"https:\/\/www.facebook.com\/InfoPBA\" \/>\n<meta property=\"article:published_time\" content=\"2024-12-09T14:49:43+00:00\" \/>\n<meta property=\"article:modified_time\" content=\"2024-12-09T14:49:44+00:00\" \/>\n<meta property=\"og:image\" content=\"https:\/\/infopba247.com.ar\/wp-content\/uploads\/2024\/12\/DSC_0139.jpg\" \/>\n\t<meta property=\"og:image:width\" content=\"700\" \/>\n\t<meta property=\"og:image:height\" content=\"467\" \/>\n\t<meta property=\"og:image:type\" content=\"image\/jpeg\" \/>\n<meta name=\"author\" content=\"Editor\" \/>\n<meta name=\"twitter:card\" content=\"summary_large_image\" \/>\n<meta name=\"twitter:label1\" content=\"Escrito por\" \/>\n\t<meta name=\"twitter:data1\" content=\"Editor\" \/>\n\t<meta name=\"twitter:label2\" content=\"Tiempo de lectura\" \/>\n\t<meta name=\"twitter:data2\" content=\"3 minutos\" \/>\n<script type=\"application\/ld+json\" class=\"yoast-schema-graph\">{\"@context\":\"https:\\\/\\\/schema.org\",\"@graph\":[{\"@type\":\"Article\",\"@id\":\"https:\\\/\\\/infopba247.com.ar\\\/index.php\\\/2024\\\/12\\\/09\\\/kreplak-lanzo-el-modelo-de-cuidados-progresivos-en-el-hospital-rossi\\\/#article\",\"isPartOf\":{\"@id\":\"https:\\\/\\\/infopba247.com.ar\\\/index.php\\\/2024\\\/12\\\/09\\\/kreplak-lanzo-el-modelo-de-cuidados-progresivos-en-el-hospital-rossi\\\/\"},\"author\":{\"name\":\"Editor\",\"@id\":\"https:\\\/\\\/infopba247.com.ar\\\/#\\\/schema\\\/person\\\/4975f1343a413e57bf839b3eed0099f2\"},\"headline\":\"Kreplak lanz\u00f3 el modelo de cuidados progresivos en el Hospital \u201cRossi\u201d\",\"datePublished\":\"2024-12-09T14:49:43+00:00\",\"dateModified\":\"2024-12-09T14:49:44+00:00\",\"mainEntityOfPage\":{\"@id\":\"https:\\\/\\\/infopba247.com.ar\\\/index.php\\\/2024\\\/12\\\/09\\\/kreplak-lanzo-el-modelo-de-cuidados-progresivos-en-el-hospital-rossi\\\/\"},\"wordCount\":607,\"commentCount\":0,\"publisher\":{\"@id\":\"https:\\\/\\\/infopba247.com.ar\\\/#organization\"},\"image\":{\"@id\":\"https:\\\/\\\/infopba247.com.ar\\\/index.php\\\/2024\\\/12\\\/09\\\/kreplak-lanzo-el-modelo-de-cuidados-progresivos-en-el-hospital-rossi\\\/#primaryimage\"},\"thumbnailUrl\":\"https:\\\/\\\/infopba247.com.ar\\\/wp-content\\\/uploads\\\/2024\\\/12\\\/DSC_0139.jpg\",\"articleSection\":[\"Destacadas\",\"Pol\u00edtica\"],\"inLanguage\":\"es\",\"potentialAction\":[{\"@type\":\"CommentAction\",\"name\":\"Comment\",\"target\":[\"https:\\\/\\\/infopba247.com.ar\\\/index.php\\\/2024\\\/12\\\/09\\\/kreplak-lanzo-el-modelo-de-cuidados-progresivos-en-el-hospital-rossi\\\/#respond\"]}]},{\"@type\":\"WebPage\",\"@id\":\"https:\\\/\\\/infopba247.com.ar\\\/index.php\\\/2024\\\/12\\\/09\\\/kreplak-lanzo-el-modelo-de-cuidados-progresivos-en-el-hospital-rossi\\\/\",\"url\":\"https:\\\/\\\/infopba247.com.ar\\\/index.php\\\/2024\\\/12\\\/09\\\/kreplak-lanzo-el-modelo-de-cuidados-progresivos-en-el-hospital-rossi\\\/\",\"name\":\"Kreplak lanz\u00f3 el modelo de cuidados progresivos en el Hospital \u201cRossi\u201d - InfoPBA247\",\"isPartOf\":{\"@id\":\"https:\\\/\\\/infopba247.com.ar\\\/#website\"},\"primaryImageOfPage\":{\"@id\":\"https:\\\/\\\/infopba247.com.ar\\\/index.php\\\/2024\\\/12\\\/09\\\/kreplak-lanzo-el-modelo-de-cuidados-progresivos-en-el-hospital-rossi\\\/#primaryimage\"},\"image\":{\"@id\":\"https:\\\/\\\/infopba247.com.ar\\\/index.php\\\/2024\\\/12\\\/09\\\/kreplak-lanzo-el-modelo-de-cuidados-progresivos-en-el-hospital-rossi\\\/#primaryimage\"},\"thumbnailUrl\":\"https:\\\/\\\/infopba247.com.ar\\\/wp-content\\\/uploads\\\/2024\\\/12\\\/DSC_0139.jpg\",\"datePublished\":\"2024-12-09T14:49:43+00:00\",\"dateModified\":\"2024-12-09T14:49:44+00:00\",\"breadcrumb\":{\"@id\":\"https:\\\/\\\/infopba247.com.ar\\\/index.php\\\/2024\\\/12\\\/09\\\/kreplak-lanzo-el-modelo-de-cuidados-progresivos-en-el-hospital-rossi\\\/#breadcrumb\"},\"inLanguage\":\"es\",\"potentialAction\":[{\"@type\":\"ReadAction\",\"target\":[\"https:\\\/\\\/infopba247.com.ar\\\/index.php\\\/2024\\\/12\\\/09\\\/kreplak-lanzo-el-modelo-de-cuidados-progresivos-en-el-hospital-rossi\\\/\"]}]},{\"@type\":\"ImageObject\",\"inLanguage\":\"es\",\"@id\":\"https:\\\/\\\/infopba247.com.ar\\\/index.php\\\/2024\\\/12\\\/09\\\/kreplak-lanzo-el-modelo-de-cuidados-progresivos-en-el-hospital-rossi\\\/#primaryimage\",\"url\":\"https:\\\/\\\/infopba247.com.ar\\\/wp-content\\\/uploads\\\/2024\\\/12\\\/DSC_0139.jpg\",\"contentUrl\":\"https:\\\/\\\/infopba247.com.ar\\\/wp-content\\\/uploads\\\/2024\\\/12\\\/DSC_0139.jpg\",\"width\":700,\"height\":467},{\"@type\":\"BreadcrumbList\",\"@id\":\"https:\\\/\\\/infopba247.com.ar\\\/index.php\\\/2024\\\/12\\\/09\\\/kreplak-lanzo-el-modelo-de-cuidados-progresivos-en-el-hospital-rossi\\\/#breadcrumb\",\"itemListElement\":[{\"@type\":\"ListItem\",\"position\":1,\"name\":\"Portada\",\"item\":\"https:\\\/\\\/infopba247.com.ar\\\/\"},{\"@type\":\"ListItem\",\"position\":2,\"name\":\"Kreplak lanz\u00f3 el modelo de cuidados progresivos en el Hospital \u201cRossi\u201d\"}]},{\"@type\":\"WebSite\",\"@id\":\"https:\\\/\\\/infopba247.com.ar\\\/#website\",\"url\":\"https:\\\/\\\/infopba247.com.ar\\\/\",\"name\":\"InfoPBA247\",\"description\":\"Toda la actualidad bonaerense\",\"publisher\":{\"@id\":\"https:\\\/\\\/infopba247.com.ar\\\/#organization\"},\"potentialAction\":[{\"@type\":\"SearchAction\",\"target\":{\"@type\":\"EntryPoint\",\"urlTemplate\":\"https:\\\/\\\/infopba247.com.ar\\\/?s={search_term_string}\"},\"query-input\":{\"@type\":\"PropertyValueSpecification\",\"valueRequired\":true,\"valueName\":\"search_term_string\"}}],\"inLanguage\":\"es\"},{\"@type\":\"Organization\",\"@id\":\"https:\\\/\\\/infopba247.com.ar\\\/#organization\",\"name\":\"InfoPBA247\",\"url\":\"https:\\\/\\\/infopba247.com.ar\\\/\",\"logo\":{\"@type\":\"ImageObject\",\"inLanguage\":\"es\",\"@id\":\"https:\\\/\\\/infopba247.com.ar\\\/#\\\/schema\\\/logo\\\/image\\\/\",\"url\":\"https:\\\/\\\/infopba247.com.ar\\\/wp-content\\\/uploads\\\/2022\\\/03\\\/cropped-InfoPBA247-1.png\",\"contentUrl\":\"https:\\\/\\\/infopba247.com.ar\\\/wp-content\\\/uploads\\\/2022\\\/03\\\/cropped-InfoPBA247-1.png\",\"width\":500,\"height\":122,\"caption\":\"InfoPBA247\"},\"image\":{\"@id\":\"https:\\\/\\\/infopba247.com.ar\\\/#\\\/schema\\\/logo\\\/image\\\/\"},\"sameAs\":[\"https:\\\/\\\/www.facebook.com\\\/InfoPBA\"]},{\"@type\":\"Person\",\"@id\":\"https:\\\/\\\/infopba247.com.ar\\\/#\\\/schema\\\/person\\\/4975f1343a413e57bf839b3eed0099f2\",\"name\":\"Editor\",\"image\":{\"@type\":\"ImageObject\",\"inLanguage\":\"es\",\"@id\":\"https:\\\/\\\/secure.gravatar.com\\\/avatar\\\/d27fe9520667ca53441d36627a1d6b0fa4a813571ec4803687a7a3a7744685ac?s=96&d=mm&r=g\",\"url\":\"https:\\\/\\\/secure.gravatar.com\\\/avatar\\\/d27fe9520667ca53441d36627a1d6b0fa4a813571ec4803687a7a3a7744685ac?s=96&d=mm&r=g\",\"contentUrl\":\"https:\\\/\\\/secure.gravatar.com\\\/avatar\\\/d27fe9520667ca53441d36627a1d6b0fa4a813571ec4803687a7a3a7744685ac?s=96&d=mm&r=g\",\"caption\":\"Editor\"},\"url\":\"https:\\\/\\\/infopba247.com.ar\\\/index.php\\\/author\\\/editor\\\/\"}]}<\/script>\n<!-- \/ Yoast SEO plugin. -->","yoast_head_json":{"title":"Kreplak lanz\u00f3 el modelo de cuidados progresivos en el Hospital \u201cRossi\u201d - InfoPBA247","robots":{"index":"index","follow":"follow","max-snippet":"max-snippet:-1","max-image-preview":"max-image-preview:large","max-video-preview":"max-video-preview:-1"},"canonical":"https:\/\/infopba247.com.ar\/index.php\/2024\/12\/09\/kreplak-lanzo-el-modelo-de-cuidados-progresivos-en-el-hospital-rossi\/","og_locale":"es_ES","og_type":"article","og_title":"Kreplak lanz\u00f3 el modelo de cuidados progresivos en el Hospital \u201cRossi\u201d - InfoPBA247","og_description":"El titular de la cartera sanitaria bonaerense, Nicol\u00e1s Kreplak, visit\u00f3 el Hospital \u201cRossi\u201d de La Plata con motivo del Lanzamiento","og_url":"https:\/\/infopba247.com.ar\/index.php\/2024\/12\/09\/kreplak-lanzo-el-modelo-de-cuidados-progresivos-en-el-hospital-rossi\/","og_site_name":"InfoPBA247","article_publisher":"https:\/\/www.facebook.com\/InfoPBA","article_published_time":"2024-12-09T14:49:43+00:00","article_modified_time":"2024-12-09T14:49:44+00:00","og_image":[{"width":700,"height":467,"url":"https:\/\/infopba247.com.ar\/wp-content\/uploads\/2024\/12\/DSC_0139.jpg","type":"image\/jpeg"}],"author":"Editor","twitter_card":"summary_large_image","twitter_misc":{"Escrito por":"Editor","Tiempo de lectura":"3 minutos"},"schema":{"@context":"https:\/\/schema.org","@graph":[{"@type":"Article","@id":"https:\/\/infopba247.com.ar\/index.php\/2024\/12\/09\/kreplak-lanzo-el-modelo-de-cuidados-progresivos-en-el-hospital-rossi\/#article","isPartOf":{"@id":"https:\/\/infopba247.com.ar\/index.php\/2024\/12\/09\/kreplak-lanzo-el-modelo-de-cuidados-progresivos-en-el-hospital-rossi\/"},"author":{"name":"Editor","@id":"https:\/\/infopba247.com.ar\/#\/schema\/person\/4975f1343a413e57bf839b3eed0099f2"},"headline":"Kreplak lanz\u00f3 el modelo de cuidados progresivos en el Hospital \u201cRossi\u201d","datePublished":"2024-12-09T14:49:43+00:00","dateModified":"2024-12-09T14:49:44+00:00","mainEntityOfPage":{"@id":"https:\/\/infopba247.com.ar\/index.php\/2024\/12\/09\/kreplak-lanzo-el-modelo-de-cuidados-progresivos-en-el-hospital-rossi\/"},"wordCount":607,"commentCount":0,"publisher":{"@id":"https:\/\/infopba247.com.ar\/#organization"},"image":{"@id":"https:\/\/infopba247.com.ar\/index.php\/2024\/12\/09\/kreplak-lanzo-el-modelo-de-cuidados-progresivos-en-el-hospital-rossi\/#primaryimage"},"thumbnailUrl":"https:\/\/infopba247.com.ar\/wp-content\/uploads\/2024\/12\/DSC_0139.jpg","articleSection":["Destacadas","Pol\u00edtica"],"inLanguage":"es","potentialAction":[{"@type":"CommentAction","name":"Comment","target":["https:\/\/infopba247.com.ar\/index.php\/2024\/12\/09\/kreplak-lanzo-el-modelo-de-cuidados-progresivos-en-el-hospital-rossi\/#respond"]}]},{"@type":"WebPage","@id":"https:\/\/infopba247.com.ar\/index.php\/2024\/12\/09\/kreplak-lanzo-el-modelo-de-cuidados-progresivos-en-el-hospital-rossi\/","url":"https:\/\/infopba247.com.ar\/index.php\/2024\/12\/09\/kreplak-lanzo-el-modelo-de-cuidados-progresivos-en-el-hospital-rossi\/","name":"Kreplak lanz\u00f3 el modelo de cuidados progresivos en el Hospital \u201cRossi\u201d - InfoPBA247","isPartOf":{"@id":"https:\/\/infopba247.com.ar\/#website"},"primaryImageOfPage":{"@id":"https:\/\/infopba247.com.ar\/index.php\/2024\/12\/09\/kreplak-lanzo-el-modelo-de-cuidados-progresivos-en-el-hospital-rossi\/#primaryimage"},"image":{"@id":"https:\/\/infopba247.com.ar\/index.php\/2024\/12\/09\/kreplak-lanzo-el-modelo-de-cuidados-progresivos-en-el-hospital-rossi\/#primaryimage"},"thumbnailUrl":"https:\/\/infopba247.com.ar\/wp-content\/uploads\/2024\/12\/DSC_0139.jpg","datePublished":"2024-12-09T14:49:43+00:00","dateModified":"2024-12-09T14:49:44+00:00","breadcrumb":{"@id":"https:\/\/infopba247.com.ar\/index.php\/2024\/12\/09\/kreplak-lanzo-el-modelo-de-cuidados-progresivos-en-el-hospital-rossi\/#breadcrumb"},"inLanguage":"es","potentialAction":[{"@type":"ReadAction","target":["https:\/\/infopba247.com.ar\/index.php\/2024\/12\/09\/kreplak-lanzo-el-modelo-de-cuidados-progresivos-en-el-hospital-rossi\/"]}]},{"@type":"ImageObject","inLanguage":"es","@id":"https:\/\/infopba247.com.ar\/index.php\/2024\/12\/09\/kreplak-lanzo-el-modelo-de-cuidados-progresivos-en-el-hospital-rossi\/#primaryimage","url":"https:\/\/infopba247.com.ar\/wp-content\/uploads\/2024\/12\/DSC_0139.jpg","contentUrl":"https:\/\/infopba247.com.ar\/wp-content\/uploads\/2024\/12\/DSC_0139.jpg","width":700,"height":467},{"@type":"BreadcrumbList","@id":"https:\/\/infopba247.com.ar\/index.php\/2024\/12\/09\/kreplak-lanzo-el-modelo-de-cuidados-progresivos-en-el-hospital-rossi\/#breadcrumb","itemListElement":[{"@type":"ListItem","position":1,"name":"Portada","item":"https:\/\/infopba247.com.ar\/"},{"@type":"ListItem","position":2,"name":"Kreplak lanz\u00f3 el modelo de cuidados progresivos en el Hospital \u201cRossi\u201d"}]},{"@type":"WebSite","@id":"https:\/\/infopba247.com.ar\/#website","url":"https:\/\/infopba247.com.ar\/","name":"InfoPBA247","description":"Toda la actualidad bonaerense","publisher":{"@id":"https:\/\/infopba247.com.ar\/#organization"},"potentialAction":[{"@type":"SearchAction","target":{"@type":"EntryPoint","urlTemplate":"https:\/\/infopba247.com.ar\/?s={search_term_string}"},"query-input":{"@type":"PropertyValueSpecification","valueRequired":true,"valueName":"search_term_string"}}],"inLanguage":"es"},{"@type":"Organization","@id":"https:\/\/infopba247.com.ar\/#organization","name":"InfoPBA247","url":"https:\/\/infopba247.com.ar\/","logo":{"@type":"ImageObject","inLanguage":"es","@id":"https:\/\/infopba247.com.ar\/#\/schema\/logo\/image\/","url":"https:\/\/infopba247.com.ar\/wp-content\/uploads\/2022\/03\/cropped-InfoPBA247-1.png","contentUrl":"https:\/\/infopba247.com.ar\/wp-content\/uploads\/2022\/03\/cropped-InfoPBA247-1.png","width":500,"height":122,"caption":"InfoPBA247"},"image":{"@id":"https:\/\/infopba247.com.ar\/#\/schema\/logo\/image\/"},"sameAs":["https:\/\/www.facebook.com\/InfoPBA"]},{"@type":"Person","@id":"https:\/\/infopba247.com.ar\/#\/schema\/person\/4975f1343a413e57bf839b3eed0099f2","name":"Editor","image":{"@type":"ImageObject","inLanguage":"es","@id":"https:\/\/secure.gravatar.com\/avatar\/d27fe9520667ca53441d36627a1d6b0fa4a813571ec4803687a7a3a7744685ac?s=96&d=mm&r=g","url":"https:\/\/secure.gravatar.com\/avatar\/d27fe9520667ca53441d36627a1d6b0fa4a813571ec4803687a7a3a7744685ac?s=96&d=mm&r=g","contentUrl":"https:\/\/secure.gravatar.com\/avatar\/d27fe9520667ca53441d36627a1d6b0fa4a813571ec4803687a7a3a7744685ac?s=96&d=mm&r=g","caption":"Editor"},"url":"https:\/\/infopba247.com.ar\/index.php\/author\/editor\/"}]}},"_links":{"self":[{"href":"https:\/\/infopba247.com.ar\/index.php\/wp-json\/wp\/v2\/posts\/5895","targetHints":{"allow":["GET"]}}],"collection":[{"href":"https:\/\/infopba247.com.ar\/index.php\/wp-json\/wp\/v2\/posts"}],"about":[{"href":"https:\/\/infopba247.com.ar\/index.php\/wp-json\/wp\/v2\/types\/post"}],"author":[{"embeddable":true,"href":"https:\/\/infopba247.com.ar\/index.php\/wp-json\/wp\/v2\/users\/3"}],"replies":[{"embeddable":true,"href":"https:\/\/infopba247.com.ar\/index.php\/wp-json\/wp\/v2\/comments?post=5895"}],"version-history":[{"count":1,"href":"https:\/\/infopba247.com.ar\/index.php\/wp-json\/wp\/v2\/posts\/5895\/revisions"}],"predecessor-version":[{"id":5900,"href":"https:\/\/infopba247.com.ar\/index.php\/wp-json\/wp\/v2\/posts\/5895\/revisions\/5900"}],"wp:featuredmedia":[{"embeddable":true,"href":"https:\/\/infopba247.com.ar\/index.php\/wp-json\/wp\/v2\/media\/5898"}],"wp:attachment":[{"href":"https:\/\/infopba247.com.ar\/index.php\/wp-json\/wp\/v2\/media?parent=5895"}],"wp:term":[{"taxonomy":"category","embeddable":true,"href":"https:\/\/infopba247.com.ar\/index.php\/wp-json\/wp\/v2\/categories?post=5895"},{"taxonomy":"post_tag","embeddable":true,"href":"https:\/\/infopba247.com.ar\/index.php\/wp-json\/wp\/v2\/tags?post=5895"}],"curies":[{"name":"wp","href":"https:\/\/api.w.org\/{rel}","templated":true}]}}