{"id":5877,"date":"2024-12-05T08:16:25","date_gmt":"2024-12-05T11:16:25","guid":{"rendered":"https:\/\/infopba247.com.ar\/?p=5877"},"modified":"2024-12-05T08:16:26","modified_gmt":"2024-12-05T11:16:26","slug":"puesta-en-marcha-el-sistema-de-gestion-documental-electronica","status":"publish","type":"post","link":"https:\/\/infopba247.com.ar\/index.php\/2024\/12\/05\/puesta-en-marcha-el-sistema-de-gestion-documental-electronica\/","title":{"rendered":"Puesta en marcha el sistema de Gesti\u00f3n Documental Electr\u00f3nica"},"content":{"rendered":"\n<p>El intendente Fabi\u00e1n Cagliardi junto al ministro de Gobierno, Carlos Bianco; y la subsecretaria de Gobierno Digital, Sandra Dagostino, pusieron en marcha el sistema de Gesti\u00f3n Documental Electr\u00f3nica de la Provincia de Buenos Aires (GEDEBA).<\/p>\n\n\n\n<p>El mencionado sistema, es una plataforma inform\u00e1tica que permite la gesti\u00f3n digital de todos los tr\u00e1mites de la Administraci\u00f3n Central y Organismos Descentralizados de la Provincia de Buenos Aires.<\/p>\n\n\n\n<p>Los objetivos que persigue GEDEBA son, despapelizar el procedimiento administrativo, eficientizar la gesti\u00f3n administrativa y facilitar la generaci\u00f3n electr\u00f3nica, registro y archivo de la documentaci\u00f3n.<\/p>\n\n\n\n<p>Su puesta en marcha implica que Berisso, primer municipio en implementarlo, podr\u00e1 brindar una atenci\u00f3n m\u00e1s eficiente a las necesidades de los vecinos y las vecinas, adem\u00e1s de ahorrar papel y esfuerzos en el dep\u00f3sito y traslado de documentos.<\/p>\n\n\n\n<p>Cabe destacar que tambi\u00e9n se llevar\u00e1n adelante capacitaciones destinadas a los empleados municipales, donde los mismos recibir\u00e1n la informaci\u00f3n necesaria para poder llevar adelante el correcto funcionamiento de este nuevo sistema.<\/p>\n\n\n\n<p>De la implementaci\u00f3n del proyecto a nivel local participaron el secretario de Gobierno, Mat\u00edas Slezack; el secretario De Acci\u00f3n Pol\u00edtica; Mart\u00edn Fern\u00e1ndez; el director de Recursos Humanos, Mauro Prestifilippo; y el coordinador de Tecnolog\u00eda, Juan Oxalde. Asimismo, cont\u00f3 con el apoyo de la Direcci\u00f3n de Sistemas de Informaci\u00f3n.<\/p>\n\n\n\n<p>Por parte de la Provincia, acompa\u00f1aron Norberto Millo, director provincial de Mejora Administrativa; Alexis Fueyo Vertnik, director de Software P\u00fablico; Giuliano Baglivi, de la Direcci\u00f3n de Ingenier\u00eda de Procesos; Luciano Kihn, de la direcci\u00f3n de Proyectos y Administraci\u00f3n; y Gast\u00f3n Figueras, coordinador de Vinculaci\u00f3n Territorial GDEBA-municipios.<\/p>\n","protected":false},"excerpt":{"rendered":"<p>El intendente Fabi\u00e1n Cagliardi junto al ministro de Gobierno, Carlos Bianco; y la subsecretaria de Gobierno Digital, Sandra Dagostino, pusieron<\/p>\n","protected":false},"author":3,"featured_media":5874,"comment_status":"open","ping_status":"open","sticky":false,"template":"","format":"standard","meta":{"colormag_page_container_layout":"default_layout","colormag_page_sidebar_layout":"default_layout","footnotes":""},"categories":[7,1,14],"tags":[],"class_list":["post-5877","post","type-post","status-publish","format-standard","has-post-thumbnail","hentry","category-3ra-seccion","category-destacadas","category-politica"],"yoast_head":"<!-- This site is optimized with the Yoast SEO plugin v27.4 - https:\/\/yoast.com\/product\/yoast-seo-wordpress\/ -->\n<title>Puesta en marcha el sistema de Gesti\u00f3n Documental Electr\u00f3nica - InfoPBA247<\/title>\n<meta name=\"robots\" content=\"index, follow, max-snippet:-1, max-image-preview:large, max-video-preview:-1\" \/>\n<link rel=\"canonical\" href=\"https:\/\/infopba247.com.ar\/index.php\/2024\/12\/05\/puesta-en-marcha-el-sistema-de-gestion-documental-electronica\/\" \/>\n<meta property=\"og:locale\" content=\"es_ES\" \/>\n<meta property=\"og:type\" content=\"article\" \/>\n<meta property=\"og:title\" content=\"Puesta en marcha el sistema de Gesti\u00f3n Documental Electr\u00f3nica - InfoPBA247\" \/>\n<meta property=\"og:description\" content=\"El intendente Fabi\u00e1n Cagliardi junto al ministro de Gobierno, Carlos Bianco; y la subsecretaria de Gobierno Digital, Sandra Dagostino, pusieron\" \/>\n<meta property=\"og:url\" content=\"https:\/\/infopba247.com.ar\/index.php\/2024\/12\/05\/puesta-en-marcha-el-sistema-de-gestion-documental-electronica\/\" \/>\n<meta property=\"og:site_name\" content=\"InfoPBA247\" \/>\n<meta property=\"article:publisher\" content=\"https:\/\/www.facebook.com\/InfoPBA\" \/>\n<meta property=\"article:published_time\" content=\"2024-12-05T11:16:25+00:00\" \/>\n<meta property=\"article:modified_time\" content=\"2024-12-05T11:16:26+00:00\" \/>\n<meta property=\"og:image\" content=\"https:\/\/infopba247.com.ar\/wp-content\/uploads\/2024\/12\/WhatsApp-Image-2024-12-03-at-09.48.58.jpeg\" \/>\n\t<meta property=\"og:image:width\" content=\"1600\" \/>\n\t<meta property=\"og:image:height\" content=\"1068\" \/>\n\t<meta property=\"og:image:type\" content=\"image\/jpeg\" \/>\n<meta name=\"author\" content=\"Editor\" \/>\n<meta name=\"twitter:card\" content=\"summary_large_image\" \/>\n<meta name=\"twitter:label1\" content=\"Escrito por\" \/>\n\t<meta name=\"twitter:data1\" content=\"Editor\" \/>\n\t<meta name=\"twitter:label2\" content=\"Tiempo de lectura\" \/>\n\t<meta name=\"twitter:data2\" content=\"2 minutos\" \/>\n<script type=\"application\/ld+json\" class=\"yoast-schema-graph\">{\"@context\":\"https:\\\/\\\/schema.org\",\"@graph\":[{\"@type\":\"Article\",\"@id\":\"https:\\\/\\\/infopba247.com.ar\\\/index.php\\\/2024\\\/12\\\/05\\\/puesta-en-marcha-el-sistema-de-gestion-documental-electronica\\\/#article\",\"isPartOf\":{\"@id\":\"https:\\\/\\\/infopba247.com.ar\\\/index.php\\\/2024\\\/12\\\/05\\\/puesta-en-marcha-el-sistema-de-gestion-documental-electronica\\\/\"},\"author\":{\"name\":\"Editor\",\"@id\":\"https:\\\/\\\/infopba247.com.ar\\\/#\\\/schema\\\/person\\\/4975f1343a413e57bf839b3eed0099f2\"},\"headline\":\"Puesta en marcha el sistema de Gesti\u00f3n Documental Electr\u00f3nica\",\"datePublished\":\"2024-12-05T11:16:25+00:00\",\"dateModified\":\"2024-12-05T11:16:26+00:00\",\"mainEntityOfPage\":{\"@id\":\"https:\\\/\\\/infopba247.com.ar\\\/index.php\\\/2024\\\/12\\\/05\\\/puesta-en-marcha-el-sistema-de-gestion-documental-electronica\\\/\"},\"wordCount\":300,\"commentCount\":0,\"publisher\":{\"@id\":\"https:\\\/\\\/infopba247.com.ar\\\/#organization\"},\"image\":{\"@id\":\"https:\\\/\\\/infopba247.com.ar\\\/index.php\\\/2024\\\/12\\\/05\\\/puesta-en-marcha-el-sistema-de-gestion-documental-electronica\\\/#primaryimage\"},\"thumbnailUrl\":\"https:\\\/\\\/infopba247.com.ar\\\/wp-content\\\/uploads\\\/2024\\\/12\\\/WhatsApp-Image-2024-12-03-at-09.48.58.jpeg\",\"articleSection\":[\"3ra Secci\u00f3n\",\"Destacadas\",\"Pol\u00edtica\"],\"inLanguage\":\"es\",\"potentialAction\":[{\"@type\":\"CommentAction\",\"name\":\"Comment\",\"target\":[\"https:\\\/\\\/infopba247.com.ar\\\/index.php\\\/2024\\\/12\\\/05\\\/puesta-en-marcha-el-sistema-de-gestion-documental-electronica\\\/#respond\"]}]},{\"@type\":\"WebPage\",\"@id\":\"https:\\\/\\\/infopba247.com.ar\\\/index.php\\\/2024\\\/12\\\/05\\\/puesta-en-marcha-el-sistema-de-gestion-documental-electronica\\\/\",\"url\":\"https:\\\/\\\/infopba247.com.ar\\\/index.php\\\/2024\\\/12\\\/05\\\/puesta-en-marcha-el-sistema-de-gestion-documental-electronica\\\/\",\"name\":\"Puesta en marcha el sistema de Gesti\u00f3n Documental Electr\u00f3nica - InfoPBA247\",\"isPartOf\":{\"@id\":\"https:\\\/\\\/infopba247.com.ar\\\/#website\"},\"primaryImageOfPage\":{\"@id\":\"https:\\\/\\\/infopba247.com.ar\\\/index.php\\\/2024\\\/12\\\/05\\\/puesta-en-marcha-el-sistema-de-gestion-documental-electronica\\\/#primaryimage\"},\"image\":{\"@id\":\"https:\\\/\\\/infopba247.com.ar\\\/index.php\\\/2024\\\/12\\\/05\\\/puesta-en-marcha-el-sistema-de-gestion-documental-electronica\\\/#primaryimage\"},\"thumbnailUrl\":\"https:\\\/\\\/infopba247.com.ar\\\/wp-content\\\/uploads\\\/2024\\\/12\\\/WhatsApp-Image-2024-12-03-at-09.48.58.jpeg\",\"datePublished\":\"2024-12-05T11:16:25+00:00\",\"dateModified\":\"2024-12-05T11:16:26+00:00\",\"breadcrumb\":{\"@id\":\"https:\\\/\\\/infopba247.com.ar\\\/index.php\\\/2024\\\/12\\\/05\\\/puesta-en-marcha-el-sistema-de-gestion-documental-electronica\\\/#breadcrumb\"},\"inLanguage\":\"es\",\"potentialAction\":[{\"@type\":\"ReadAction\",\"target\":[\"https:\\\/\\\/infopba247.com.ar\\\/index.php\\\/2024\\\/12\\\/05\\\/puesta-en-marcha-el-sistema-de-gestion-documental-electronica\\\/\"]}]},{\"@type\":\"ImageObject\",\"inLanguage\":\"es\",\"@id\":\"https:\\\/\\\/infopba247.com.ar\\\/index.php\\\/2024\\\/12\\\/05\\\/puesta-en-marcha-el-sistema-de-gestion-documental-electronica\\\/#primaryimage\",\"url\":\"https:\\\/\\\/infopba247.com.ar\\\/wp-content\\\/uploads\\\/2024\\\/12\\\/WhatsApp-Image-2024-12-03-at-09.48.58.jpeg\",\"contentUrl\":\"https:\\\/\\\/infopba247.com.ar\\\/wp-content\\\/uploads\\\/2024\\\/12\\\/WhatsApp-Image-2024-12-03-at-09.48.58.jpeg\",\"width\":1600,\"height\":1068},{\"@type\":\"BreadcrumbList\",\"@id\":\"https:\\\/\\\/infopba247.com.ar\\\/index.php\\\/2024\\\/12\\\/05\\\/puesta-en-marcha-el-sistema-de-gestion-documental-electronica\\\/#breadcrumb\",\"itemListElement\":[{\"@type\":\"ListItem\",\"position\":1,\"name\":\"Portada\",\"item\":\"https:\\\/\\\/infopba247.com.ar\\\/\"},{\"@type\":\"ListItem\",\"position\":2,\"name\":\"Puesta en marcha el sistema de Gesti\u00f3n Documental Electr\u00f3nica\"}]},{\"@type\":\"WebSite\",\"@id\":\"https:\\\/\\\/infopba247.com.ar\\\/#website\",\"url\":\"https:\\\/\\\/infopba247.com.ar\\\/\",\"name\":\"InfoPBA247\",\"description\":\"Toda la actualidad bonaerense\",\"publisher\":{\"@id\":\"https:\\\/\\\/infopba247.com.ar\\\/#organization\"},\"potentialAction\":[{\"@type\":\"SearchAction\",\"target\":{\"@type\":\"EntryPoint\",\"urlTemplate\":\"https:\\\/\\\/infopba247.com.ar\\\/?s={search_term_string}\"},\"query-input\":{\"@type\":\"PropertyValueSpecification\",\"valueRequired\":true,\"valueName\":\"search_term_string\"}}],\"inLanguage\":\"es\"},{\"@type\":\"Organization\",\"@id\":\"https:\\\/\\\/infopba247.com.ar\\\/#organization\",\"name\":\"InfoPBA247\",\"url\":\"https:\\\/\\\/infopba247.com.ar\\\/\",\"logo\":{\"@type\":\"ImageObject\",\"inLanguage\":\"es\",\"@id\":\"https:\\\/\\\/infopba247.com.ar\\\/#\\\/schema\\\/logo\\\/image\\\/\",\"url\":\"https:\\\/\\\/infopba247.com.ar\\\/wp-content\\\/uploads\\\/2022\\\/03\\\/cropped-InfoPBA247-1.png\",\"contentUrl\":\"https:\\\/\\\/infopba247.com.ar\\\/wp-content\\\/uploads\\\/2022\\\/03\\\/cropped-InfoPBA247-1.png\",\"width\":500,\"height\":122,\"caption\":\"InfoPBA247\"},\"image\":{\"@id\":\"https:\\\/\\\/infopba247.com.ar\\\/#\\\/schema\\\/logo\\\/image\\\/\"},\"sameAs\":[\"https:\\\/\\\/www.facebook.com\\\/InfoPBA\"]},{\"@type\":\"Person\",\"@id\":\"https:\\\/\\\/infopba247.com.ar\\\/#\\\/schema\\\/person\\\/4975f1343a413e57bf839b3eed0099f2\",\"name\":\"Editor\",\"image\":{\"@type\":\"ImageObject\",\"inLanguage\":\"es\",\"@id\":\"https:\\\/\\\/secure.gravatar.com\\\/avatar\\\/d27fe9520667ca53441d36627a1d6b0fa4a813571ec4803687a7a3a7744685ac?s=96&d=mm&r=g\",\"url\":\"https:\\\/\\\/secure.gravatar.com\\\/avatar\\\/d27fe9520667ca53441d36627a1d6b0fa4a813571ec4803687a7a3a7744685ac?s=96&d=mm&r=g\",\"contentUrl\":\"https:\\\/\\\/secure.gravatar.com\\\/avatar\\\/d27fe9520667ca53441d36627a1d6b0fa4a813571ec4803687a7a3a7744685ac?s=96&d=mm&r=g\",\"caption\":\"Editor\"},\"url\":\"https:\\\/\\\/infopba247.com.ar\\\/index.php\\\/author\\\/editor\\\/\"}]}<\/script>\n<!-- \/ Yoast SEO plugin. -->","yoast_head_json":{"title":"Puesta en marcha el sistema de Gesti\u00f3n Documental Electr\u00f3nica - InfoPBA247","robots":{"index":"index","follow":"follow","max-snippet":"max-snippet:-1","max-image-preview":"max-image-preview:large","max-video-preview":"max-video-preview:-1"},"canonical":"https:\/\/infopba247.com.ar\/index.php\/2024\/12\/05\/puesta-en-marcha-el-sistema-de-gestion-documental-electronica\/","og_locale":"es_ES","og_type":"article","og_title":"Puesta en marcha el sistema de Gesti\u00f3n Documental Electr\u00f3nica - InfoPBA247","og_description":"El intendente Fabi\u00e1n Cagliardi junto al ministro de Gobierno, Carlos Bianco; y la subsecretaria de Gobierno Digital, Sandra Dagostino, pusieron","og_url":"https:\/\/infopba247.com.ar\/index.php\/2024\/12\/05\/puesta-en-marcha-el-sistema-de-gestion-documental-electronica\/","og_site_name":"InfoPBA247","article_publisher":"https:\/\/www.facebook.com\/InfoPBA","article_published_time":"2024-12-05T11:16:25+00:00","article_modified_time":"2024-12-05T11:16:26+00:00","og_image":[{"width":1600,"height":1068,"url":"https:\/\/infopba247.com.ar\/wp-content\/uploads\/2024\/12\/WhatsApp-Image-2024-12-03-at-09.48.58.jpeg","type":"image\/jpeg"}],"author":"Editor","twitter_card":"summary_large_image","twitter_misc":{"Escrito por":"Editor","Tiempo de lectura":"2 minutos"},"schema":{"@context":"https:\/\/schema.org","@graph":[{"@type":"Article","@id":"https:\/\/infopba247.com.ar\/index.php\/2024\/12\/05\/puesta-en-marcha-el-sistema-de-gestion-documental-electronica\/#article","isPartOf":{"@id":"https:\/\/infopba247.com.ar\/index.php\/2024\/12\/05\/puesta-en-marcha-el-sistema-de-gestion-documental-electronica\/"},"author":{"name":"Editor","@id":"https:\/\/infopba247.com.ar\/#\/schema\/person\/4975f1343a413e57bf839b3eed0099f2"},"headline":"Puesta en marcha el sistema de Gesti\u00f3n Documental Electr\u00f3nica","datePublished":"2024-12-05T11:16:25+00:00","dateModified":"2024-12-05T11:16:26+00:00","mainEntityOfPage":{"@id":"https:\/\/infopba247.com.ar\/index.php\/2024\/12\/05\/puesta-en-marcha-el-sistema-de-gestion-documental-electronica\/"},"wordCount":300,"commentCount":0,"publisher":{"@id":"https:\/\/infopba247.com.ar\/#organization"},"image":{"@id":"https:\/\/infopba247.com.ar\/index.php\/2024\/12\/05\/puesta-en-marcha-el-sistema-de-gestion-documental-electronica\/#primaryimage"},"thumbnailUrl":"https:\/\/infopba247.com.ar\/wp-content\/uploads\/2024\/12\/WhatsApp-Image-2024-12-03-at-09.48.58.jpeg","articleSection":["3ra Secci\u00f3n","Destacadas","Pol\u00edtica"],"inLanguage":"es","potentialAction":[{"@type":"CommentAction","name":"Comment","target":["https:\/\/infopba247.com.ar\/index.php\/2024\/12\/05\/puesta-en-marcha-el-sistema-de-gestion-documental-electronica\/#respond"]}]},{"@type":"WebPage","@id":"https:\/\/infopba247.com.ar\/index.php\/2024\/12\/05\/puesta-en-marcha-el-sistema-de-gestion-documental-electronica\/","url":"https:\/\/infopba247.com.ar\/index.php\/2024\/12\/05\/puesta-en-marcha-el-sistema-de-gestion-documental-electronica\/","name":"Puesta en marcha el sistema de Gesti\u00f3n Documental Electr\u00f3nica - InfoPBA247","isPartOf":{"@id":"https:\/\/infopba247.com.ar\/#website"},"primaryImageOfPage":{"@id":"https:\/\/infopba247.com.ar\/index.php\/2024\/12\/05\/puesta-en-marcha-el-sistema-de-gestion-documental-electronica\/#primaryimage"},"image":{"@id":"https:\/\/infopba247.com.ar\/index.php\/2024\/12\/05\/puesta-en-marcha-el-sistema-de-gestion-documental-electronica\/#primaryimage"},"thumbnailUrl":"https:\/\/infopba247.com.ar\/wp-content\/uploads\/2024\/12\/WhatsApp-Image-2024-12-03-at-09.48.58.jpeg","datePublished":"2024-12-05T11:16:25+00:00","dateModified":"2024-12-05T11:16:26+00:00","breadcrumb":{"@id":"https:\/\/infopba247.com.ar\/index.php\/2024\/12\/05\/puesta-en-marcha-el-sistema-de-gestion-documental-electronica\/#breadcrumb"},"inLanguage":"es","potentialAction":[{"@type":"ReadAction","target":["https:\/\/infopba247.com.ar\/index.php\/2024\/12\/05\/puesta-en-marcha-el-sistema-de-gestion-documental-electronica\/"]}]},{"@type":"ImageObject","inLanguage":"es","@id":"https:\/\/infopba247.com.ar\/index.php\/2024\/12\/05\/puesta-en-marcha-el-sistema-de-gestion-documental-electronica\/#primaryimage","url":"https:\/\/infopba247.com.ar\/wp-content\/uploads\/2024\/12\/WhatsApp-Image-2024-12-03-at-09.48.58.jpeg","contentUrl":"https:\/\/infopba247.com.ar\/wp-content\/uploads\/2024\/12\/WhatsApp-Image-2024-12-03-at-09.48.58.jpeg","width":1600,"height":1068},{"@type":"BreadcrumbList","@id":"https:\/\/infopba247.com.ar\/index.php\/2024\/12\/05\/puesta-en-marcha-el-sistema-de-gestion-documental-electronica\/#breadcrumb","itemListElement":[{"@type":"ListItem","position":1,"name":"Portada","item":"https:\/\/infopba247.com.ar\/"},{"@type":"ListItem","position":2,"name":"Puesta en marcha el sistema de Gesti\u00f3n Documental Electr\u00f3nica"}]},{"@type":"WebSite","@id":"https:\/\/infopba247.com.ar\/#website","url":"https:\/\/infopba247.com.ar\/","name":"InfoPBA247","description":"Toda la actualidad bonaerense","publisher":{"@id":"https:\/\/infopba247.com.ar\/#organization"},"potentialAction":[{"@type":"SearchAction","target":{"@type":"EntryPoint","urlTemplate":"https:\/\/infopba247.com.ar\/?s={search_term_string}"},"query-input":{"@type":"PropertyValueSpecification","valueRequired":true,"valueName":"search_term_string"}}],"inLanguage":"es"},{"@type":"Organization","@id":"https:\/\/infopba247.com.ar\/#organization","name":"InfoPBA247","url":"https:\/\/infopba247.com.ar\/","logo":{"@type":"ImageObject","inLanguage":"es","@id":"https:\/\/infopba247.com.ar\/#\/schema\/logo\/image\/","url":"https:\/\/infopba247.com.ar\/wp-content\/uploads\/2022\/03\/cropped-InfoPBA247-1.png","contentUrl":"https:\/\/infopba247.com.ar\/wp-content\/uploads\/2022\/03\/cropped-InfoPBA247-1.png","width":500,"height":122,"caption":"InfoPBA247"},"image":{"@id":"https:\/\/infopba247.com.ar\/#\/schema\/logo\/image\/"},"sameAs":["https:\/\/www.facebook.com\/InfoPBA"]},{"@type":"Person","@id":"https:\/\/infopba247.com.ar\/#\/schema\/person\/4975f1343a413e57bf839b3eed0099f2","name":"Editor","image":{"@type":"ImageObject","inLanguage":"es","@id":"https:\/\/secure.gravatar.com\/avatar\/d27fe9520667ca53441d36627a1d6b0fa4a813571ec4803687a7a3a7744685ac?s=96&d=mm&r=g","url":"https:\/\/secure.gravatar.com\/avatar\/d27fe9520667ca53441d36627a1d6b0fa4a813571ec4803687a7a3a7744685ac?s=96&d=mm&r=g","contentUrl":"https:\/\/secure.gravatar.com\/avatar\/d27fe9520667ca53441d36627a1d6b0fa4a813571ec4803687a7a3a7744685ac?s=96&d=mm&r=g","caption":"Editor"},"url":"https:\/\/infopba247.com.ar\/index.php\/author\/editor\/"}]}},"_links":{"self":[{"href":"https:\/\/infopba247.com.ar\/index.php\/wp-json\/wp\/v2\/posts\/5877","targetHints":{"allow":["GET"]}}],"collection":[{"href":"https:\/\/infopba247.com.ar\/index.php\/wp-json\/wp\/v2\/posts"}],"about":[{"href":"https:\/\/infopba247.com.ar\/index.php\/wp-json\/wp\/v2\/types\/post"}],"author":[{"embeddable":true,"href":"https:\/\/infopba247.com.ar\/index.php\/wp-json\/wp\/v2\/users\/3"}],"replies":[{"embeddable":true,"href":"https:\/\/infopba247.com.ar\/index.php\/wp-json\/wp\/v2\/comments?post=5877"}],"version-history":[{"count":1,"href":"https:\/\/infopba247.com.ar\/index.php\/wp-json\/wp\/v2\/posts\/5877\/revisions"}],"predecessor-version":[{"id":5878,"href":"https:\/\/infopba247.com.ar\/index.php\/wp-json\/wp\/v2\/posts\/5877\/revisions\/5878"}],"wp:featuredmedia":[{"embeddable":true,"href":"https:\/\/infopba247.com.ar\/index.php\/wp-json\/wp\/v2\/media\/5874"}],"wp:attachment":[{"href":"https:\/\/infopba247.com.ar\/index.php\/wp-json\/wp\/v2\/media?parent=5877"}],"wp:term":[{"taxonomy":"category","embeddable":true,"href":"https:\/\/infopba247.com.ar\/index.php\/wp-json\/wp\/v2\/categories?post=5877"},{"taxonomy":"post_tag","embeddable":true,"href":"https:\/\/infopba247.com.ar\/index.php\/wp-json\/wp\/v2\/tags?post=5877"}],"curies":[{"name":"wp","href":"https:\/\/api.w.org\/{rel}","templated":true}]}}