{"id":5823,"date":"2024-11-29T15:21:26","date_gmt":"2024-11-29T18:21:26","guid":{"rendered":"https:\/\/infopba247.com.ar\/?p=5823"},"modified":"2024-11-29T15:21:28","modified_gmt":"2024-11-29T18:21:28","slug":"alak-recorrio-el-mercadito-de-cara-al-inminente-comienzo-de-obras-para-el-desarrollo-del-barrio","status":"publish","type":"post","link":"https:\/\/infopba247.com.ar\/index.php\/2024\/11\/29\/alak-recorrio-el-mercadito-de-cara-al-inminente-comienzo-de-obras-para-el-desarrollo-del-barrio\/","title":{"rendered":"Alak recorri\u00f3 El Mercadito de cara al inminente comienzo de obras para el desarrollo del barrio"},"content":{"rendered":"\n<p>El intendente de La Plata, Julio Alak, encabez\u00f3 una recorrida por El Mercadito junto a la directora ejecutiva del Organismo Provincial de Integraci\u00f3n Social y Urbana (OPISU), Romina Barrios, en el marco del plan integral que impulsa el Municipio junto al Gobierno bonaerense en el barrio ubicado en la localidad de Tolosa.<\/p>\n\n\n\n<p>Luego de haber firmado ayer el contrato pertinente con la empresa adjudicataria, OPISU construir\u00e1 un nuevo espacio p\u00fablico y recreativo para ofrecer a los vecinos un lugar de recreaci\u00f3n para el disfrute en familia. Las tareas formales comenzar\u00e1n el 9 de diciembre y los pr\u00f3ximos d\u00edas iniciar\u00e1n los estudios de suelo, se inform\u00f3.<\/p>\n\n\n\n<p>\u00abEl Mercadito es un barrio muy querido por la ciudad, que es sin\u00f3nimo de trabajo. Se est\u00e1 haciendo una enorme obra en este lugar, que va a estar vinculada con la nueva bajada de la autopista en 520, una arteria que va a unir las dos autopistas que conectan a la ciudad: la autov\u00eda a Mar del Plata (o Ruta 2) y la autopista Buenos Aires &#8211; La Plata\u00bb, sostuvo Alak, y agreg\u00f3: \u00abLa ciudad va a tomar a la 520 como su columna vertebral, va a girar hacia el noreste\u00bb.<\/p>\n\n\n\n<p>Por su parte, durante la firma Barrios destac\u00f3 el acompa\u00f1amiento que realiza la Provincia para seguir desarrollando la integraci\u00f3n de los barrios populares y el trabajo conjunto con el Municipio: \u201cEl Gobierno de la Provincia no los abandona. Sepan que los necesitamos un mont\u00f3n, porque sabemos que las obras son una condici\u00f3n necesaria para la transformaci\u00f3n, pero no suficiente. Por eso, necesitamos seguir trabajando con ustedes, los vecinos y vecinas de El Mercadito, para mejorar la calidad de vida de la comunidad\u00bb.<\/p>\n\n\n\n<p>Con una inversi\u00f3n de $1.300 millones, la intervenci\u00f3n se realizar\u00e1 en la zona donde se est\u00e1 llevando a cabo la nueva bajada de la Autopista Buenos Aires &#8211; La Plata y contempla la creaci\u00f3n de un SUM de 200 metros cuadrados, una cancha de f\u00fatbol 11 con alumbrado, un play\u00f3n deportivo, sectores de juegos, veredas, luminarias y forestaci\u00f3n.<\/p>\n\n\n\n<p>El Mercadito est\u00e1 ubicado a aproximadamente 6 kil\u00f3metros del centro de la ciudad. En el barrio viven seg\u00fan el ReNaBaP, m\u00e1s de 180 familias, y su origen y desarrollo se encuentra vinculado con el Mercado Regional.<\/p>\n\n\n\n<p>El espacio donde se localiza el proyecto est\u00e1 delimitado por la calle 122, la avenida 520, el Arroyo El Gato y la Autopista La Plata &#8211; Buenos Aires. El mismo carece del equipamiento necesario, convirti\u00e9ndose en un \u00e1rea subutilizada que no promueve la integraci\u00f3n vecinal.<\/p>\n\n\n\n<p>El proyecto integral para El Mercadito incluye obras y programas financiados por OPISU y AUBASA por m\u00e1s de $8.000 millones: la conexi\u00f3n de la bajada de la avenida 520 est\u00e1 pr\u00f3xima a finalizarse, la primera etapa de la obra de pluviales est\u00e1 terminada y pronto iniciar\u00e1 la fase 2.<\/p>\n\n\n\n<p>Por otro lado, se est\u00e1n financiando programas de limpieza, mantenimiento y gesti\u00f3n de residuos con cooperativas que brindan trabajo a vecinos y vecinas.<\/p>\n","protected":false},"excerpt":{"rendered":"<p>El intendente de La Plata, Julio Alak, encabez\u00f3 una recorrida por El Mercadito junto a la directora ejecutiva del Organismo<\/p>\n","protected":false},"author":3,"featured_media":5824,"comment_status":"open","ping_status":"open","sticky":false,"template":"","format":"standard","meta":{"colormag_page_container_layout":"default_layout","colormag_page_sidebar_layout":"default_layout","footnotes":""},"categories":[12,1,14],"tags":[],"class_list":["post-5823","post","type-post","status-publish","format-standard","has-post-thumbnail","hentry","category-8va-seccion","category-destacadas","category-politica"],"yoast_head":"<!-- This site is optimized with the Yoast SEO plugin v27.4 - https:\/\/yoast.com\/product\/yoast-seo-wordpress\/ -->\n<title>Alak recorri\u00f3 El Mercadito de cara al inminente comienzo de obras para el desarrollo del barrio - InfoPBA247<\/title>\n<meta name=\"robots\" content=\"index, follow, max-snippet:-1, max-image-preview:large, max-video-preview:-1\" \/>\n<link rel=\"canonical\" href=\"https:\/\/infopba247.com.ar\/index.php\/2024\/11\/29\/alak-recorrio-el-mercadito-de-cara-al-inminente-comienzo-de-obras-para-el-desarrollo-del-barrio\/\" \/>\n<meta property=\"og:locale\" content=\"es_ES\" \/>\n<meta property=\"og:type\" content=\"article\" \/>\n<meta property=\"og:title\" content=\"Alak recorri\u00f3 El Mercadito de cara al inminente comienzo de obras para el desarrollo del barrio - InfoPBA247\" \/>\n<meta property=\"og:description\" content=\"El intendente de La Plata, Julio Alak, encabez\u00f3 una recorrida por El Mercadito junto a la directora ejecutiva del Organismo\" \/>\n<meta property=\"og:url\" content=\"https:\/\/infopba247.com.ar\/index.php\/2024\/11\/29\/alak-recorrio-el-mercadito-de-cara-al-inminente-comienzo-de-obras-para-el-desarrollo-del-barrio\/\" \/>\n<meta property=\"og:site_name\" content=\"InfoPBA247\" \/>\n<meta property=\"article:publisher\" content=\"https:\/\/www.facebook.com\/InfoPBA\" \/>\n<meta property=\"article:published_time\" content=\"2024-11-29T18:21:26+00:00\" \/>\n<meta property=\"article:modified_time\" content=\"2024-11-29T18:21:28+00:00\" \/>\n<meta property=\"og:image\" content=\"https:\/\/infopba247.com.ar\/wp-content\/uploads\/2024\/11\/unnamed-99-scaled.jpg\" \/>\n\t<meta property=\"og:image:width\" content=\"2560\" \/>\n\t<meta property=\"og:image:height\" content=\"1707\" \/>\n\t<meta property=\"og:image:type\" content=\"image\/jpeg\" \/>\n<meta name=\"author\" content=\"Editor\" \/>\n<meta name=\"twitter:card\" content=\"summary_large_image\" \/>\n<meta name=\"twitter:label1\" content=\"Escrito por\" \/>\n\t<meta name=\"twitter:data1\" content=\"Editor\" \/>\n\t<meta name=\"twitter:label2\" content=\"Tiempo de lectura\" \/>\n\t<meta name=\"twitter:data2\" content=\"3 minutos\" \/>\n<script type=\"application\/ld+json\" class=\"yoast-schema-graph\">{\"@context\":\"https:\\\/\\\/schema.org\",\"@graph\":[{\"@type\":\"Article\",\"@id\":\"https:\\\/\\\/infopba247.com.ar\\\/index.php\\\/2024\\\/11\\\/29\\\/alak-recorrio-el-mercadito-de-cara-al-inminente-comienzo-de-obras-para-el-desarrollo-del-barrio\\\/#article\",\"isPartOf\":{\"@id\":\"https:\\\/\\\/infopba247.com.ar\\\/index.php\\\/2024\\\/11\\\/29\\\/alak-recorrio-el-mercadito-de-cara-al-inminente-comienzo-de-obras-para-el-desarrollo-del-barrio\\\/\"},\"author\":{\"name\":\"Editor\",\"@id\":\"https:\\\/\\\/infopba247.com.ar\\\/#\\\/schema\\\/person\\\/4975f1343a413e57bf839b3eed0099f2\"},\"headline\":\"Alak recorri\u00f3 El Mercadito de cara al inminente comienzo de obras para el desarrollo del barrio\",\"datePublished\":\"2024-11-29T18:21:26+00:00\",\"dateModified\":\"2024-11-29T18:21:28+00:00\",\"mainEntityOfPage\":{\"@id\":\"https:\\\/\\\/infopba247.com.ar\\\/index.php\\\/2024\\\/11\\\/29\\\/alak-recorrio-el-mercadito-de-cara-al-inminente-comienzo-de-obras-para-el-desarrollo-del-barrio\\\/\"},\"wordCount\":521,\"commentCount\":0,\"publisher\":{\"@id\":\"https:\\\/\\\/infopba247.com.ar\\\/#organization\"},\"image\":{\"@id\":\"https:\\\/\\\/infopba247.com.ar\\\/index.php\\\/2024\\\/11\\\/29\\\/alak-recorrio-el-mercadito-de-cara-al-inminente-comienzo-de-obras-para-el-desarrollo-del-barrio\\\/#primaryimage\"},\"thumbnailUrl\":\"https:\\\/\\\/infopba247.com.ar\\\/wp-content\\\/uploads\\\/2024\\\/11\\\/unnamed-99-scaled.jpg\",\"articleSection\":[\"8va Secci\u00f3n\",\"Destacadas\",\"Pol\u00edtica\"],\"inLanguage\":\"es\",\"potentialAction\":[{\"@type\":\"CommentAction\",\"name\":\"Comment\",\"target\":[\"https:\\\/\\\/infopba247.com.ar\\\/index.php\\\/2024\\\/11\\\/29\\\/alak-recorrio-el-mercadito-de-cara-al-inminente-comienzo-de-obras-para-el-desarrollo-del-barrio\\\/#respond\"]}]},{\"@type\":\"WebPage\",\"@id\":\"https:\\\/\\\/infopba247.com.ar\\\/index.php\\\/2024\\\/11\\\/29\\\/alak-recorrio-el-mercadito-de-cara-al-inminente-comienzo-de-obras-para-el-desarrollo-del-barrio\\\/\",\"url\":\"https:\\\/\\\/infopba247.com.ar\\\/index.php\\\/2024\\\/11\\\/29\\\/alak-recorrio-el-mercadito-de-cara-al-inminente-comienzo-de-obras-para-el-desarrollo-del-barrio\\\/\",\"name\":\"Alak recorri\u00f3 El Mercadito de cara al inminente comienzo de obras para el desarrollo del barrio - InfoPBA247\",\"isPartOf\":{\"@id\":\"https:\\\/\\\/infopba247.com.ar\\\/#website\"},\"primaryImageOfPage\":{\"@id\":\"https:\\\/\\\/infopba247.com.ar\\\/index.php\\\/2024\\\/11\\\/29\\\/alak-recorrio-el-mercadito-de-cara-al-inminente-comienzo-de-obras-para-el-desarrollo-del-barrio\\\/#primaryimage\"},\"image\":{\"@id\":\"https:\\\/\\\/infopba247.com.ar\\\/index.php\\\/2024\\\/11\\\/29\\\/alak-recorrio-el-mercadito-de-cara-al-inminente-comienzo-de-obras-para-el-desarrollo-del-barrio\\\/#primaryimage\"},\"thumbnailUrl\":\"https:\\\/\\\/infopba247.com.ar\\\/wp-content\\\/uploads\\\/2024\\\/11\\\/unnamed-99-scaled.jpg\",\"datePublished\":\"2024-11-29T18:21:26+00:00\",\"dateModified\":\"2024-11-29T18:21:28+00:00\",\"breadcrumb\":{\"@id\":\"https:\\\/\\\/infopba247.com.ar\\\/index.php\\\/2024\\\/11\\\/29\\\/alak-recorrio-el-mercadito-de-cara-al-inminente-comienzo-de-obras-para-el-desarrollo-del-barrio\\\/#breadcrumb\"},\"inLanguage\":\"es\",\"potentialAction\":[{\"@type\":\"ReadAction\",\"target\":[\"https:\\\/\\\/infopba247.com.ar\\\/index.php\\\/2024\\\/11\\\/29\\\/alak-recorrio-el-mercadito-de-cara-al-inminente-comienzo-de-obras-para-el-desarrollo-del-barrio\\\/\"]}]},{\"@type\":\"ImageObject\",\"inLanguage\":\"es\",\"@id\":\"https:\\\/\\\/infopba247.com.ar\\\/index.php\\\/2024\\\/11\\\/29\\\/alak-recorrio-el-mercadito-de-cara-al-inminente-comienzo-de-obras-para-el-desarrollo-del-barrio\\\/#primaryimage\",\"url\":\"https:\\\/\\\/infopba247.com.ar\\\/wp-content\\\/uploads\\\/2024\\\/11\\\/unnamed-99-scaled.jpg\",\"contentUrl\":\"https:\\\/\\\/infopba247.com.ar\\\/wp-content\\\/uploads\\\/2024\\\/11\\\/unnamed-99-scaled.jpg\",\"width\":2560,\"height\":1707},{\"@type\":\"BreadcrumbList\",\"@id\":\"https:\\\/\\\/infopba247.com.ar\\\/index.php\\\/2024\\\/11\\\/29\\\/alak-recorrio-el-mercadito-de-cara-al-inminente-comienzo-de-obras-para-el-desarrollo-del-barrio\\\/#breadcrumb\",\"itemListElement\":[{\"@type\":\"ListItem\",\"position\":1,\"name\":\"Portada\",\"item\":\"https:\\\/\\\/infopba247.com.ar\\\/\"},{\"@type\":\"ListItem\",\"position\":2,\"name\":\"Alak recorri\u00f3 El Mercadito de cara al inminente comienzo de obras para el desarrollo del barrio\"}]},{\"@type\":\"WebSite\",\"@id\":\"https:\\\/\\\/infopba247.com.ar\\\/#website\",\"url\":\"https:\\\/\\\/infopba247.com.ar\\\/\",\"name\":\"InfoPBA247\",\"description\":\"Toda la actualidad bonaerense\",\"publisher\":{\"@id\":\"https:\\\/\\\/infopba247.com.ar\\\/#organization\"},\"potentialAction\":[{\"@type\":\"SearchAction\",\"target\":{\"@type\":\"EntryPoint\",\"urlTemplate\":\"https:\\\/\\\/infopba247.com.ar\\\/?s={search_term_string}\"},\"query-input\":{\"@type\":\"PropertyValueSpecification\",\"valueRequired\":true,\"valueName\":\"search_term_string\"}}],\"inLanguage\":\"es\"},{\"@type\":\"Organization\",\"@id\":\"https:\\\/\\\/infopba247.com.ar\\\/#organization\",\"name\":\"InfoPBA247\",\"url\":\"https:\\\/\\\/infopba247.com.ar\\\/\",\"logo\":{\"@type\":\"ImageObject\",\"inLanguage\":\"es\",\"@id\":\"https:\\\/\\\/infopba247.com.ar\\\/#\\\/schema\\\/logo\\\/image\\\/\",\"url\":\"https:\\\/\\\/infopba247.com.ar\\\/wp-content\\\/uploads\\\/2022\\\/03\\\/cropped-InfoPBA247-1.png\",\"contentUrl\":\"https:\\\/\\\/infopba247.com.ar\\\/wp-content\\\/uploads\\\/2022\\\/03\\\/cropped-InfoPBA247-1.png\",\"width\":500,\"height\":122,\"caption\":\"InfoPBA247\"},\"image\":{\"@id\":\"https:\\\/\\\/infopba247.com.ar\\\/#\\\/schema\\\/logo\\\/image\\\/\"},\"sameAs\":[\"https:\\\/\\\/www.facebook.com\\\/InfoPBA\"]},{\"@type\":\"Person\",\"@id\":\"https:\\\/\\\/infopba247.com.ar\\\/#\\\/schema\\\/person\\\/4975f1343a413e57bf839b3eed0099f2\",\"name\":\"Editor\",\"image\":{\"@type\":\"ImageObject\",\"inLanguage\":\"es\",\"@id\":\"https:\\\/\\\/secure.gravatar.com\\\/avatar\\\/d27fe9520667ca53441d36627a1d6b0fa4a813571ec4803687a7a3a7744685ac?s=96&d=mm&r=g\",\"url\":\"https:\\\/\\\/secure.gravatar.com\\\/avatar\\\/d27fe9520667ca53441d36627a1d6b0fa4a813571ec4803687a7a3a7744685ac?s=96&d=mm&r=g\",\"contentUrl\":\"https:\\\/\\\/secure.gravatar.com\\\/avatar\\\/d27fe9520667ca53441d36627a1d6b0fa4a813571ec4803687a7a3a7744685ac?s=96&d=mm&r=g\",\"caption\":\"Editor\"},\"url\":\"https:\\\/\\\/infopba247.com.ar\\\/index.php\\\/author\\\/editor\\\/\"}]}<\/script>\n<!-- \/ Yoast SEO plugin. -->","yoast_head_json":{"title":"Alak recorri\u00f3 El Mercadito de cara al inminente comienzo de obras para el desarrollo del barrio - InfoPBA247","robots":{"index":"index","follow":"follow","max-snippet":"max-snippet:-1","max-image-preview":"max-image-preview:large","max-video-preview":"max-video-preview:-1"},"canonical":"https:\/\/infopba247.com.ar\/index.php\/2024\/11\/29\/alak-recorrio-el-mercadito-de-cara-al-inminente-comienzo-de-obras-para-el-desarrollo-del-barrio\/","og_locale":"es_ES","og_type":"article","og_title":"Alak recorri\u00f3 El Mercadito de cara al inminente comienzo de obras para el desarrollo del barrio - InfoPBA247","og_description":"El intendente de La Plata, Julio Alak, encabez\u00f3 una recorrida por El Mercadito junto a la directora ejecutiva del Organismo","og_url":"https:\/\/infopba247.com.ar\/index.php\/2024\/11\/29\/alak-recorrio-el-mercadito-de-cara-al-inminente-comienzo-de-obras-para-el-desarrollo-del-barrio\/","og_site_name":"InfoPBA247","article_publisher":"https:\/\/www.facebook.com\/InfoPBA","article_published_time":"2024-11-29T18:21:26+00:00","article_modified_time":"2024-11-29T18:21:28+00:00","og_image":[{"width":2560,"height":1707,"url":"https:\/\/infopba247.com.ar\/wp-content\/uploads\/2024\/11\/unnamed-99-scaled.jpg","type":"image\/jpeg"}],"author":"Editor","twitter_card":"summary_large_image","twitter_misc":{"Escrito por":"Editor","Tiempo de lectura":"3 minutos"},"schema":{"@context":"https:\/\/schema.org","@graph":[{"@type":"Article","@id":"https:\/\/infopba247.com.ar\/index.php\/2024\/11\/29\/alak-recorrio-el-mercadito-de-cara-al-inminente-comienzo-de-obras-para-el-desarrollo-del-barrio\/#article","isPartOf":{"@id":"https:\/\/infopba247.com.ar\/index.php\/2024\/11\/29\/alak-recorrio-el-mercadito-de-cara-al-inminente-comienzo-de-obras-para-el-desarrollo-del-barrio\/"},"author":{"name":"Editor","@id":"https:\/\/infopba247.com.ar\/#\/schema\/person\/4975f1343a413e57bf839b3eed0099f2"},"headline":"Alak recorri\u00f3 El Mercadito de cara al inminente comienzo de obras para el desarrollo del barrio","datePublished":"2024-11-29T18:21:26+00:00","dateModified":"2024-11-29T18:21:28+00:00","mainEntityOfPage":{"@id":"https:\/\/infopba247.com.ar\/index.php\/2024\/11\/29\/alak-recorrio-el-mercadito-de-cara-al-inminente-comienzo-de-obras-para-el-desarrollo-del-barrio\/"},"wordCount":521,"commentCount":0,"publisher":{"@id":"https:\/\/infopba247.com.ar\/#organization"},"image":{"@id":"https:\/\/infopba247.com.ar\/index.php\/2024\/11\/29\/alak-recorrio-el-mercadito-de-cara-al-inminente-comienzo-de-obras-para-el-desarrollo-del-barrio\/#primaryimage"},"thumbnailUrl":"https:\/\/infopba247.com.ar\/wp-content\/uploads\/2024\/11\/unnamed-99-scaled.jpg","articleSection":["8va Secci\u00f3n","Destacadas","Pol\u00edtica"],"inLanguage":"es","potentialAction":[{"@type":"CommentAction","name":"Comment","target":["https:\/\/infopba247.com.ar\/index.php\/2024\/11\/29\/alak-recorrio-el-mercadito-de-cara-al-inminente-comienzo-de-obras-para-el-desarrollo-del-barrio\/#respond"]}]},{"@type":"WebPage","@id":"https:\/\/infopba247.com.ar\/index.php\/2024\/11\/29\/alak-recorrio-el-mercadito-de-cara-al-inminente-comienzo-de-obras-para-el-desarrollo-del-barrio\/","url":"https:\/\/infopba247.com.ar\/index.php\/2024\/11\/29\/alak-recorrio-el-mercadito-de-cara-al-inminente-comienzo-de-obras-para-el-desarrollo-del-barrio\/","name":"Alak recorri\u00f3 El Mercadito de cara al inminente comienzo de obras para el desarrollo del barrio - InfoPBA247","isPartOf":{"@id":"https:\/\/infopba247.com.ar\/#website"},"primaryImageOfPage":{"@id":"https:\/\/infopba247.com.ar\/index.php\/2024\/11\/29\/alak-recorrio-el-mercadito-de-cara-al-inminente-comienzo-de-obras-para-el-desarrollo-del-barrio\/#primaryimage"},"image":{"@id":"https:\/\/infopba247.com.ar\/index.php\/2024\/11\/29\/alak-recorrio-el-mercadito-de-cara-al-inminente-comienzo-de-obras-para-el-desarrollo-del-barrio\/#primaryimage"},"thumbnailUrl":"https:\/\/infopba247.com.ar\/wp-content\/uploads\/2024\/11\/unnamed-99-scaled.jpg","datePublished":"2024-11-29T18:21:26+00:00","dateModified":"2024-11-29T18:21:28+00:00","breadcrumb":{"@id":"https:\/\/infopba247.com.ar\/index.php\/2024\/11\/29\/alak-recorrio-el-mercadito-de-cara-al-inminente-comienzo-de-obras-para-el-desarrollo-del-barrio\/#breadcrumb"},"inLanguage":"es","potentialAction":[{"@type":"ReadAction","target":["https:\/\/infopba247.com.ar\/index.php\/2024\/11\/29\/alak-recorrio-el-mercadito-de-cara-al-inminente-comienzo-de-obras-para-el-desarrollo-del-barrio\/"]}]},{"@type":"ImageObject","inLanguage":"es","@id":"https:\/\/infopba247.com.ar\/index.php\/2024\/11\/29\/alak-recorrio-el-mercadito-de-cara-al-inminente-comienzo-de-obras-para-el-desarrollo-del-barrio\/#primaryimage","url":"https:\/\/infopba247.com.ar\/wp-content\/uploads\/2024\/11\/unnamed-99-scaled.jpg","contentUrl":"https:\/\/infopba247.com.ar\/wp-content\/uploads\/2024\/11\/unnamed-99-scaled.jpg","width":2560,"height":1707},{"@type":"BreadcrumbList","@id":"https:\/\/infopba247.com.ar\/index.php\/2024\/11\/29\/alak-recorrio-el-mercadito-de-cara-al-inminente-comienzo-de-obras-para-el-desarrollo-del-barrio\/#breadcrumb","itemListElement":[{"@type":"ListItem","position":1,"name":"Portada","item":"https:\/\/infopba247.com.ar\/"},{"@type":"ListItem","position":2,"name":"Alak recorri\u00f3 El Mercadito de cara al inminente comienzo de obras para el desarrollo del barrio"}]},{"@type":"WebSite","@id":"https:\/\/infopba247.com.ar\/#website","url":"https:\/\/infopba247.com.ar\/","name":"InfoPBA247","description":"Toda la actualidad bonaerense","publisher":{"@id":"https:\/\/infopba247.com.ar\/#organization"},"potentialAction":[{"@type":"SearchAction","target":{"@type":"EntryPoint","urlTemplate":"https:\/\/infopba247.com.ar\/?s={search_term_string}"},"query-input":{"@type":"PropertyValueSpecification","valueRequired":true,"valueName":"search_term_string"}}],"inLanguage":"es"},{"@type":"Organization","@id":"https:\/\/infopba247.com.ar\/#organization","name":"InfoPBA247","url":"https:\/\/infopba247.com.ar\/","logo":{"@type":"ImageObject","inLanguage":"es","@id":"https:\/\/infopba247.com.ar\/#\/schema\/logo\/image\/","url":"https:\/\/infopba247.com.ar\/wp-content\/uploads\/2022\/03\/cropped-InfoPBA247-1.png","contentUrl":"https:\/\/infopba247.com.ar\/wp-content\/uploads\/2022\/03\/cropped-InfoPBA247-1.png","width":500,"height":122,"caption":"InfoPBA247"},"image":{"@id":"https:\/\/infopba247.com.ar\/#\/schema\/logo\/image\/"},"sameAs":["https:\/\/www.facebook.com\/InfoPBA"]},{"@type":"Person","@id":"https:\/\/infopba247.com.ar\/#\/schema\/person\/4975f1343a413e57bf839b3eed0099f2","name":"Editor","image":{"@type":"ImageObject","inLanguage":"es","@id":"https:\/\/secure.gravatar.com\/avatar\/d27fe9520667ca53441d36627a1d6b0fa4a813571ec4803687a7a3a7744685ac?s=96&d=mm&r=g","url":"https:\/\/secure.gravatar.com\/avatar\/d27fe9520667ca53441d36627a1d6b0fa4a813571ec4803687a7a3a7744685ac?s=96&d=mm&r=g","contentUrl":"https:\/\/secure.gravatar.com\/avatar\/d27fe9520667ca53441d36627a1d6b0fa4a813571ec4803687a7a3a7744685ac?s=96&d=mm&r=g","caption":"Editor"},"url":"https:\/\/infopba247.com.ar\/index.php\/author\/editor\/"}]}},"_links":{"self":[{"href":"https:\/\/infopba247.com.ar\/index.php\/wp-json\/wp\/v2\/posts\/5823","targetHints":{"allow":["GET"]}}],"collection":[{"href":"https:\/\/infopba247.com.ar\/index.php\/wp-json\/wp\/v2\/posts"}],"about":[{"href":"https:\/\/infopba247.com.ar\/index.php\/wp-json\/wp\/v2\/types\/post"}],"author":[{"embeddable":true,"href":"https:\/\/infopba247.com.ar\/index.php\/wp-json\/wp\/v2\/users\/3"}],"replies":[{"embeddable":true,"href":"https:\/\/infopba247.com.ar\/index.php\/wp-json\/wp\/v2\/comments?post=5823"}],"version-history":[{"count":1,"href":"https:\/\/infopba247.com.ar\/index.php\/wp-json\/wp\/v2\/posts\/5823\/revisions"}],"predecessor-version":[{"id":5825,"href":"https:\/\/infopba247.com.ar\/index.php\/wp-json\/wp\/v2\/posts\/5823\/revisions\/5825"}],"wp:featuredmedia":[{"embeddable":true,"href":"https:\/\/infopba247.com.ar\/index.php\/wp-json\/wp\/v2\/media\/5824"}],"wp:attachment":[{"href":"https:\/\/infopba247.com.ar\/index.php\/wp-json\/wp\/v2\/media?parent=5823"}],"wp:term":[{"taxonomy":"category","embeddable":true,"href":"https:\/\/infopba247.com.ar\/index.php\/wp-json\/wp\/v2\/categories?post=5823"},{"taxonomy":"post_tag","embeddable":true,"href":"https:\/\/infopba247.com.ar\/index.php\/wp-json\/wp\/v2\/tags?post=5823"}],"curies":[{"name":"wp","href":"https:\/\/api.w.org\/{rel}","templated":true}]}}