{"id":579,"date":"2022-08-17T12:29:00","date_gmt":"2022-08-17T12:29:00","guid":{"rendered":"https:\/\/infopba247.com.ar\/?p=579"},"modified":"2022-08-18T12:30:05","modified_gmt":"2022-08-18T12:30:05","slug":"avanza-la-obra-del-polideportivo-diego-armando-maradona-en-cuartel-v","status":"publish","type":"post","link":"https:\/\/infopba247.com.ar\/index.php\/2022\/08\/17\/avanza-la-obra-del-polideportivo-diego-armando-maradona-en-cuartel-v\/","title":{"rendered":"Avanza la obra del Polideportivo \u201cDiego Armando Maradona\u201d en Cuartel V"},"content":{"rendered":"\n<p>El Municipio de Moreno, en conjunto con el Ministerio de Obras P\u00fablicas de la Naci\u00f3n, conducido por Gabriel Katopodis, lleva adelante la obra del Polideportivo \u201cDiego Armando Maradona\u201d. El predio de 60.000 m2 est\u00e1 ubicado en la Ruta Provincial 24, de la localidad de Cuartel V, el cual contar\u00e1 con m\u00faltiples espacios deportivos para que puedan disfrutar vecinas y vecinos de la zona.<\/p>\n\n\n\n<p>La obra se ejecuta en dos etapas: la primera contempla la construcci\u00f3n de una calle peatonal y un edificio cubierto, que contar\u00e1 con una cancha multideportes, vestuarios, sanitarios, gradas para 500 personas, natatorio cubierto con vestuarios y tribunas, gimnasio y salas de esparcimiento social.<\/p>\n\n\n\n<p>En una segunda etapa de ejecuci\u00f3n, se llevar\u00e1 adelante la construcci\u00f3n de canchas descubiertas de f\u00fatbol, p\u00e1del, v\u00f3ley, atletismo, newcom, bochas y hockey.<\/p>\n\n\n\n<p>Este nuevo Polideportivo ofrecer\u00e1 la posibilidad de practicar una gran variedad de deportes. De esta forma, la gesti\u00f3n municipal, encabezada por la intendenta Mariel Fern\u00e1ndez, contin\u00faa con uno de sus objetivos, que es mejorar la calidad de vida de las y los vecinos, a trav\u00e9s del deporte como una pieza fundamental para la salud y la integraci\u00f3n social.<\/p>\n","protected":false},"excerpt":{"rendered":"<p>El Municipio de Moreno, en conjunto con el Ministerio de Obras P\u00fablicas de la Naci\u00f3n, conducido por Gabriel Katopodis, lleva<\/p>\n","protected":false},"author":3,"featured_media":580,"comment_status":"closed","ping_status":"closed","sticky":false,"template":"","format":"standard","meta":{"colormag_page_container_layout":"default_layout","colormag_page_sidebar_layout":"default_layout","footnotes":""},"categories":[5,1,14],"tags":[],"class_list":["post-579","post","type-post","status-publish","format-standard","has-post-thumbnail","hentry","category-1ra-seccion","category-destacadas","category-politica"],"yoast_head":"<!-- This site is optimized with the Yoast SEO plugin v27.4 - https:\/\/yoast.com\/product\/yoast-seo-wordpress\/ -->\n<title>Avanza la obra del Polideportivo \u201cDiego Armando Maradona\u201d en Cuartel V - InfoPBA247<\/title>\n<meta name=\"robots\" content=\"index, follow, max-snippet:-1, max-image-preview:large, max-video-preview:-1\" \/>\n<link rel=\"canonical\" href=\"https:\/\/infopba247.com.ar\/index.php\/2022\/08\/17\/avanza-la-obra-del-polideportivo-diego-armando-maradona-en-cuartel-v\/\" \/>\n<meta property=\"og:locale\" content=\"es_ES\" \/>\n<meta property=\"og:type\" content=\"article\" \/>\n<meta property=\"og:title\" content=\"Avanza la obra del Polideportivo \u201cDiego Armando Maradona\u201d en Cuartel V - InfoPBA247\" \/>\n<meta property=\"og:description\" content=\"El Municipio de Moreno, en conjunto con el Ministerio de Obras P\u00fablicas de la Naci\u00f3n, conducido por Gabriel Katopodis, lleva\" \/>\n<meta property=\"og:url\" content=\"https:\/\/infopba247.com.ar\/index.php\/2022\/08\/17\/avanza-la-obra-del-polideportivo-diego-armando-maradona-en-cuartel-v\/\" \/>\n<meta property=\"og:site_name\" content=\"InfoPBA247\" \/>\n<meta property=\"article:publisher\" content=\"https:\/\/www.facebook.com\/InfoPBA\" \/>\n<meta property=\"article:published_time\" content=\"2022-08-17T12:29:00+00:00\" \/>\n<meta property=\"article:modified_time\" content=\"2022-08-18T12:30:05+00:00\" \/>\n<meta property=\"og:image\" content=\"https:\/\/infopba247.com.ar\/wp-content\/uploads\/2022\/08\/WhatsApp-Image-2022-08-17-at-4.15.57-PM-1-800x445-1.jpeg\" \/>\n\t<meta property=\"og:image:width\" content=\"800\" \/>\n\t<meta property=\"og:image:height\" content=\"445\" \/>\n\t<meta property=\"og:image:type\" content=\"image\/jpeg\" \/>\n<meta name=\"author\" content=\"Editor\" \/>\n<meta name=\"twitter:card\" content=\"summary_large_image\" \/>\n<meta name=\"twitter:label1\" content=\"Escrito por\" \/>\n\t<meta name=\"twitter:data1\" content=\"Editor\" \/>\n\t<meta name=\"twitter:label2\" content=\"Tiempo de lectura\" \/>\n\t<meta name=\"twitter:data2\" content=\"1 minuto\" \/>\n<script type=\"application\/ld+json\" class=\"yoast-schema-graph\">{\"@context\":\"https:\\\/\\\/schema.org\",\"@graph\":[{\"@type\":\"Article\",\"@id\":\"https:\\\/\\\/infopba247.com.ar\\\/index.php\\\/2022\\\/08\\\/17\\\/avanza-la-obra-del-polideportivo-diego-armando-maradona-en-cuartel-v\\\/#article\",\"isPartOf\":{\"@id\":\"https:\\\/\\\/infopba247.com.ar\\\/index.php\\\/2022\\\/08\\\/17\\\/avanza-la-obra-del-polideportivo-diego-armando-maradona-en-cuartel-v\\\/\"},\"author\":{\"name\":\"Editor\",\"@id\":\"https:\\\/\\\/infopba247.com.ar\\\/#\\\/schema\\\/person\\\/4975f1343a413e57bf839b3eed0099f2\"},\"headline\":\"Avanza la obra del Polideportivo \u201cDiego Armando Maradona\u201d en Cuartel V\",\"datePublished\":\"2022-08-17T12:29:00+00:00\",\"dateModified\":\"2022-08-18T12:30:05+00:00\",\"mainEntityOfPage\":{\"@id\":\"https:\\\/\\\/infopba247.com.ar\\\/index.php\\\/2022\\\/08\\\/17\\\/avanza-la-obra-del-polideportivo-diego-armando-maradona-en-cuartel-v\\\/\"},\"wordCount\":210,\"publisher\":{\"@id\":\"https:\\\/\\\/infopba247.com.ar\\\/#organization\"},\"image\":{\"@id\":\"https:\\\/\\\/infopba247.com.ar\\\/index.php\\\/2022\\\/08\\\/17\\\/avanza-la-obra-del-polideportivo-diego-armando-maradona-en-cuartel-v\\\/#primaryimage\"},\"thumbnailUrl\":\"https:\\\/\\\/infopba247.com.ar\\\/wp-content\\\/uploads\\\/2022\\\/08\\\/WhatsApp-Image-2022-08-17-at-4.15.57-PM-1-800x445-1.jpeg\",\"articleSection\":[\"1ra Secci\u00f3n\",\"Destacadas\",\"Pol\u00edtica\"],\"inLanguage\":\"es\"},{\"@type\":\"WebPage\",\"@id\":\"https:\\\/\\\/infopba247.com.ar\\\/index.php\\\/2022\\\/08\\\/17\\\/avanza-la-obra-del-polideportivo-diego-armando-maradona-en-cuartel-v\\\/\",\"url\":\"https:\\\/\\\/infopba247.com.ar\\\/index.php\\\/2022\\\/08\\\/17\\\/avanza-la-obra-del-polideportivo-diego-armando-maradona-en-cuartel-v\\\/\",\"name\":\"Avanza la obra del Polideportivo \u201cDiego Armando Maradona\u201d en Cuartel V - InfoPBA247\",\"isPartOf\":{\"@id\":\"https:\\\/\\\/infopba247.com.ar\\\/#website\"},\"primaryImageOfPage\":{\"@id\":\"https:\\\/\\\/infopba247.com.ar\\\/index.php\\\/2022\\\/08\\\/17\\\/avanza-la-obra-del-polideportivo-diego-armando-maradona-en-cuartel-v\\\/#primaryimage\"},\"image\":{\"@id\":\"https:\\\/\\\/infopba247.com.ar\\\/index.php\\\/2022\\\/08\\\/17\\\/avanza-la-obra-del-polideportivo-diego-armando-maradona-en-cuartel-v\\\/#primaryimage\"},\"thumbnailUrl\":\"https:\\\/\\\/infopba247.com.ar\\\/wp-content\\\/uploads\\\/2022\\\/08\\\/WhatsApp-Image-2022-08-17-at-4.15.57-PM-1-800x445-1.jpeg\",\"datePublished\":\"2022-08-17T12:29:00+00:00\",\"dateModified\":\"2022-08-18T12:30:05+00:00\",\"breadcrumb\":{\"@id\":\"https:\\\/\\\/infopba247.com.ar\\\/index.php\\\/2022\\\/08\\\/17\\\/avanza-la-obra-del-polideportivo-diego-armando-maradona-en-cuartel-v\\\/#breadcrumb\"},\"inLanguage\":\"es\",\"potentialAction\":[{\"@type\":\"ReadAction\",\"target\":[\"https:\\\/\\\/infopba247.com.ar\\\/index.php\\\/2022\\\/08\\\/17\\\/avanza-la-obra-del-polideportivo-diego-armando-maradona-en-cuartel-v\\\/\"]}]},{\"@type\":\"ImageObject\",\"inLanguage\":\"es\",\"@id\":\"https:\\\/\\\/infopba247.com.ar\\\/index.php\\\/2022\\\/08\\\/17\\\/avanza-la-obra-del-polideportivo-diego-armando-maradona-en-cuartel-v\\\/#primaryimage\",\"url\":\"https:\\\/\\\/infopba247.com.ar\\\/wp-content\\\/uploads\\\/2022\\\/08\\\/WhatsApp-Image-2022-08-17-at-4.15.57-PM-1-800x445-1.jpeg\",\"contentUrl\":\"https:\\\/\\\/infopba247.com.ar\\\/wp-content\\\/uploads\\\/2022\\\/08\\\/WhatsApp-Image-2022-08-17-at-4.15.57-PM-1-800x445-1.jpeg\",\"width\":800,\"height\":445},{\"@type\":\"BreadcrumbList\",\"@id\":\"https:\\\/\\\/infopba247.com.ar\\\/index.php\\\/2022\\\/08\\\/17\\\/avanza-la-obra-del-polideportivo-diego-armando-maradona-en-cuartel-v\\\/#breadcrumb\",\"itemListElement\":[{\"@type\":\"ListItem\",\"position\":1,\"name\":\"Portada\",\"item\":\"https:\\\/\\\/infopba247.com.ar\\\/\"},{\"@type\":\"ListItem\",\"position\":2,\"name\":\"Avanza la obra del Polideportivo \u201cDiego Armando Maradona\u201d en Cuartel V\"}]},{\"@type\":\"WebSite\",\"@id\":\"https:\\\/\\\/infopba247.com.ar\\\/#website\",\"url\":\"https:\\\/\\\/infopba247.com.ar\\\/\",\"name\":\"InfoPBA247\",\"description\":\"Toda la actualidad bonaerense\",\"publisher\":{\"@id\":\"https:\\\/\\\/infopba247.com.ar\\\/#organization\"},\"potentialAction\":[{\"@type\":\"SearchAction\",\"target\":{\"@type\":\"EntryPoint\",\"urlTemplate\":\"https:\\\/\\\/infopba247.com.ar\\\/?s={search_term_string}\"},\"query-input\":{\"@type\":\"PropertyValueSpecification\",\"valueRequired\":true,\"valueName\":\"search_term_string\"}}],\"inLanguage\":\"es\"},{\"@type\":\"Organization\",\"@id\":\"https:\\\/\\\/infopba247.com.ar\\\/#organization\",\"name\":\"InfoPBA247\",\"url\":\"https:\\\/\\\/infopba247.com.ar\\\/\",\"logo\":{\"@type\":\"ImageObject\",\"inLanguage\":\"es\",\"@id\":\"https:\\\/\\\/infopba247.com.ar\\\/#\\\/schema\\\/logo\\\/image\\\/\",\"url\":\"https:\\\/\\\/infopba247.com.ar\\\/wp-content\\\/uploads\\\/2022\\\/03\\\/cropped-InfoPBA247-1.png\",\"contentUrl\":\"https:\\\/\\\/infopba247.com.ar\\\/wp-content\\\/uploads\\\/2022\\\/03\\\/cropped-InfoPBA247-1.png\",\"width\":500,\"height\":122,\"caption\":\"InfoPBA247\"},\"image\":{\"@id\":\"https:\\\/\\\/infopba247.com.ar\\\/#\\\/schema\\\/logo\\\/image\\\/\"},\"sameAs\":[\"https:\\\/\\\/www.facebook.com\\\/InfoPBA\"]},{\"@type\":\"Person\",\"@id\":\"https:\\\/\\\/infopba247.com.ar\\\/#\\\/schema\\\/person\\\/4975f1343a413e57bf839b3eed0099f2\",\"name\":\"Editor\",\"image\":{\"@type\":\"ImageObject\",\"inLanguage\":\"es\",\"@id\":\"https:\\\/\\\/secure.gravatar.com\\\/avatar\\\/d27fe9520667ca53441d36627a1d6b0fa4a813571ec4803687a7a3a7744685ac?s=96&d=mm&r=g\",\"url\":\"https:\\\/\\\/secure.gravatar.com\\\/avatar\\\/d27fe9520667ca53441d36627a1d6b0fa4a813571ec4803687a7a3a7744685ac?s=96&d=mm&r=g\",\"contentUrl\":\"https:\\\/\\\/secure.gravatar.com\\\/avatar\\\/d27fe9520667ca53441d36627a1d6b0fa4a813571ec4803687a7a3a7744685ac?s=96&d=mm&r=g\",\"caption\":\"Editor\"},\"url\":\"https:\\\/\\\/infopba247.com.ar\\\/index.php\\\/author\\\/editor\\\/\"}]}<\/script>\n<!-- \/ Yoast SEO plugin. -->","yoast_head_json":{"title":"Avanza la obra del Polideportivo \u201cDiego Armando Maradona\u201d en Cuartel V - InfoPBA247","robots":{"index":"index","follow":"follow","max-snippet":"max-snippet:-1","max-image-preview":"max-image-preview:large","max-video-preview":"max-video-preview:-1"},"canonical":"https:\/\/infopba247.com.ar\/index.php\/2022\/08\/17\/avanza-la-obra-del-polideportivo-diego-armando-maradona-en-cuartel-v\/","og_locale":"es_ES","og_type":"article","og_title":"Avanza la obra del Polideportivo \u201cDiego Armando Maradona\u201d en Cuartel V - InfoPBA247","og_description":"El Municipio de Moreno, en conjunto con el Ministerio de Obras P\u00fablicas de la Naci\u00f3n, conducido por Gabriel Katopodis, lleva","og_url":"https:\/\/infopba247.com.ar\/index.php\/2022\/08\/17\/avanza-la-obra-del-polideportivo-diego-armando-maradona-en-cuartel-v\/","og_site_name":"InfoPBA247","article_publisher":"https:\/\/www.facebook.com\/InfoPBA","article_published_time":"2022-08-17T12:29:00+00:00","article_modified_time":"2022-08-18T12:30:05+00:00","og_image":[{"width":800,"height":445,"url":"https:\/\/infopba247.com.ar\/wp-content\/uploads\/2022\/08\/WhatsApp-Image-2022-08-17-at-4.15.57-PM-1-800x445-1.jpeg","type":"image\/jpeg"}],"author":"Editor","twitter_card":"summary_large_image","twitter_misc":{"Escrito por":"Editor","Tiempo de lectura":"1 minuto"},"schema":{"@context":"https:\/\/schema.org","@graph":[{"@type":"Article","@id":"https:\/\/infopba247.com.ar\/index.php\/2022\/08\/17\/avanza-la-obra-del-polideportivo-diego-armando-maradona-en-cuartel-v\/#article","isPartOf":{"@id":"https:\/\/infopba247.com.ar\/index.php\/2022\/08\/17\/avanza-la-obra-del-polideportivo-diego-armando-maradona-en-cuartel-v\/"},"author":{"name":"Editor","@id":"https:\/\/infopba247.com.ar\/#\/schema\/person\/4975f1343a413e57bf839b3eed0099f2"},"headline":"Avanza la obra del Polideportivo \u201cDiego Armando Maradona\u201d en Cuartel V","datePublished":"2022-08-17T12:29:00+00:00","dateModified":"2022-08-18T12:30:05+00:00","mainEntityOfPage":{"@id":"https:\/\/infopba247.com.ar\/index.php\/2022\/08\/17\/avanza-la-obra-del-polideportivo-diego-armando-maradona-en-cuartel-v\/"},"wordCount":210,"publisher":{"@id":"https:\/\/infopba247.com.ar\/#organization"},"image":{"@id":"https:\/\/infopba247.com.ar\/index.php\/2022\/08\/17\/avanza-la-obra-del-polideportivo-diego-armando-maradona-en-cuartel-v\/#primaryimage"},"thumbnailUrl":"https:\/\/infopba247.com.ar\/wp-content\/uploads\/2022\/08\/WhatsApp-Image-2022-08-17-at-4.15.57-PM-1-800x445-1.jpeg","articleSection":["1ra Secci\u00f3n","Destacadas","Pol\u00edtica"],"inLanguage":"es"},{"@type":"WebPage","@id":"https:\/\/infopba247.com.ar\/index.php\/2022\/08\/17\/avanza-la-obra-del-polideportivo-diego-armando-maradona-en-cuartel-v\/","url":"https:\/\/infopba247.com.ar\/index.php\/2022\/08\/17\/avanza-la-obra-del-polideportivo-diego-armando-maradona-en-cuartel-v\/","name":"Avanza la obra del Polideportivo \u201cDiego Armando Maradona\u201d en Cuartel V - InfoPBA247","isPartOf":{"@id":"https:\/\/infopba247.com.ar\/#website"},"primaryImageOfPage":{"@id":"https:\/\/infopba247.com.ar\/index.php\/2022\/08\/17\/avanza-la-obra-del-polideportivo-diego-armando-maradona-en-cuartel-v\/#primaryimage"},"image":{"@id":"https:\/\/infopba247.com.ar\/index.php\/2022\/08\/17\/avanza-la-obra-del-polideportivo-diego-armando-maradona-en-cuartel-v\/#primaryimage"},"thumbnailUrl":"https:\/\/infopba247.com.ar\/wp-content\/uploads\/2022\/08\/WhatsApp-Image-2022-08-17-at-4.15.57-PM-1-800x445-1.jpeg","datePublished":"2022-08-17T12:29:00+00:00","dateModified":"2022-08-18T12:30:05+00:00","breadcrumb":{"@id":"https:\/\/infopba247.com.ar\/index.php\/2022\/08\/17\/avanza-la-obra-del-polideportivo-diego-armando-maradona-en-cuartel-v\/#breadcrumb"},"inLanguage":"es","potentialAction":[{"@type":"ReadAction","target":["https:\/\/infopba247.com.ar\/index.php\/2022\/08\/17\/avanza-la-obra-del-polideportivo-diego-armando-maradona-en-cuartel-v\/"]}]},{"@type":"ImageObject","inLanguage":"es","@id":"https:\/\/infopba247.com.ar\/index.php\/2022\/08\/17\/avanza-la-obra-del-polideportivo-diego-armando-maradona-en-cuartel-v\/#primaryimage","url":"https:\/\/infopba247.com.ar\/wp-content\/uploads\/2022\/08\/WhatsApp-Image-2022-08-17-at-4.15.57-PM-1-800x445-1.jpeg","contentUrl":"https:\/\/infopba247.com.ar\/wp-content\/uploads\/2022\/08\/WhatsApp-Image-2022-08-17-at-4.15.57-PM-1-800x445-1.jpeg","width":800,"height":445},{"@type":"BreadcrumbList","@id":"https:\/\/infopba247.com.ar\/index.php\/2022\/08\/17\/avanza-la-obra-del-polideportivo-diego-armando-maradona-en-cuartel-v\/#breadcrumb","itemListElement":[{"@type":"ListItem","position":1,"name":"Portada","item":"https:\/\/infopba247.com.ar\/"},{"@type":"ListItem","position":2,"name":"Avanza la obra del Polideportivo \u201cDiego Armando Maradona\u201d en Cuartel V"}]},{"@type":"WebSite","@id":"https:\/\/infopba247.com.ar\/#website","url":"https:\/\/infopba247.com.ar\/","name":"InfoPBA247","description":"Toda la actualidad bonaerense","publisher":{"@id":"https:\/\/infopba247.com.ar\/#organization"},"potentialAction":[{"@type":"SearchAction","target":{"@type":"EntryPoint","urlTemplate":"https:\/\/infopba247.com.ar\/?s={search_term_string}"},"query-input":{"@type":"PropertyValueSpecification","valueRequired":true,"valueName":"search_term_string"}}],"inLanguage":"es"},{"@type":"Organization","@id":"https:\/\/infopba247.com.ar\/#organization","name":"InfoPBA247","url":"https:\/\/infopba247.com.ar\/","logo":{"@type":"ImageObject","inLanguage":"es","@id":"https:\/\/infopba247.com.ar\/#\/schema\/logo\/image\/","url":"https:\/\/infopba247.com.ar\/wp-content\/uploads\/2022\/03\/cropped-InfoPBA247-1.png","contentUrl":"https:\/\/infopba247.com.ar\/wp-content\/uploads\/2022\/03\/cropped-InfoPBA247-1.png","width":500,"height":122,"caption":"InfoPBA247"},"image":{"@id":"https:\/\/infopba247.com.ar\/#\/schema\/logo\/image\/"},"sameAs":["https:\/\/www.facebook.com\/InfoPBA"]},{"@type":"Person","@id":"https:\/\/infopba247.com.ar\/#\/schema\/person\/4975f1343a413e57bf839b3eed0099f2","name":"Editor","image":{"@type":"ImageObject","inLanguage":"es","@id":"https:\/\/secure.gravatar.com\/avatar\/d27fe9520667ca53441d36627a1d6b0fa4a813571ec4803687a7a3a7744685ac?s=96&d=mm&r=g","url":"https:\/\/secure.gravatar.com\/avatar\/d27fe9520667ca53441d36627a1d6b0fa4a813571ec4803687a7a3a7744685ac?s=96&d=mm&r=g","contentUrl":"https:\/\/secure.gravatar.com\/avatar\/d27fe9520667ca53441d36627a1d6b0fa4a813571ec4803687a7a3a7744685ac?s=96&d=mm&r=g","caption":"Editor"},"url":"https:\/\/infopba247.com.ar\/index.php\/author\/editor\/"}]}},"_links":{"self":[{"href":"https:\/\/infopba247.com.ar\/index.php\/wp-json\/wp\/v2\/posts\/579","targetHints":{"allow":["GET"]}}],"collection":[{"href":"https:\/\/infopba247.com.ar\/index.php\/wp-json\/wp\/v2\/posts"}],"about":[{"href":"https:\/\/infopba247.com.ar\/index.php\/wp-json\/wp\/v2\/types\/post"}],"author":[{"embeddable":true,"href":"https:\/\/infopba247.com.ar\/index.php\/wp-json\/wp\/v2\/users\/3"}],"replies":[{"embeddable":true,"href":"https:\/\/infopba247.com.ar\/index.php\/wp-json\/wp\/v2\/comments?post=579"}],"version-history":[{"count":1,"href":"https:\/\/infopba247.com.ar\/index.php\/wp-json\/wp\/v2\/posts\/579\/revisions"}],"predecessor-version":[{"id":581,"href":"https:\/\/infopba247.com.ar\/index.php\/wp-json\/wp\/v2\/posts\/579\/revisions\/581"}],"wp:featuredmedia":[{"embeddable":true,"href":"https:\/\/infopba247.com.ar\/index.php\/wp-json\/wp\/v2\/media\/580"}],"wp:attachment":[{"href":"https:\/\/infopba247.com.ar\/index.php\/wp-json\/wp\/v2\/media?parent=579"}],"wp:term":[{"taxonomy":"category","embeddable":true,"href":"https:\/\/infopba247.com.ar\/index.php\/wp-json\/wp\/v2\/categories?post=579"},{"taxonomy":"post_tag","embeddable":true,"href":"https:\/\/infopba247.com.ar\/index.php\/wp-json\/wp\/v2\/tags?post=579"}],"curies":[{"name":"wp","href":"https:\/\/api.w.org\/{rel}","templated":true}]}}