{"id":5694,"date":"2024-11-13T08:24:33","date_gmt":"2024-11-13T11:24:33","guid":{"rendered":"https:\/\/infopba247.com.ar\/?p=5694"},"modified":"2024-11-13T08:24:38","modified_gmt":"2024-11-13T11:24:38","slug":"se-viene-la-jornada-preparatoria-del-4-congreso-estado-presente","status":"publish","type":"post","link":"https:\/\/infopba247.com.ar\/index.php\/2024\/11\/13\/se-viene-la-jornada-preparatoria-del-4-congreso-estado-presente\/","title":{"rendered":"Se viene la Jornada Preparatoria del 4\u00b0 Congreso \u201cEstado Presente\u201d"},"content":{"rendered":"\n<p>El pr\u00f3ximo 28 de noviembre, el Ministerio de Mujeres y Diversidad de la provincia de Buenos Aires realizar\u00e1 la Jornada Preparatoria hacia el 4\u00b0 Congreso \u201cEstado Presente\u201d para debatir e intercambiar experiencias frente a los nuevos desaf\u00edos en las intervenciones sobre violencia de g\u00e9nero, consumos problem\u00e1ticos y salud mental.<\/p>\n\n\n\n<p>La sede ser\u00e1 la Facultad de Humanidades y Ciencias de la Educaci\u00f3n (FaHCE, UNLP) ubicada en Calle 51 e\/ 124 y 125, en Ensenada, y se desarrollar\u00e1 en el marco del D\u00eda Internacional de la Eliminaci\u00f3n de las Violencias contra las Mujeres.<\/p>\n\n\n\n<p>A trav\u00e9s de conferencias, paneles y mesas tem\u00e1ticas de producci\u00f3n de trabajos libres se busca fortalecer una hoja de ruta para el abordaje de las violencias por razones de g\u00e9nero, considerando como aspectos claves la salud mental y los consumos problem\u00e1ticos desde la perspectiva de g\u00e9nero y derechos humanos.<\/p>\n\n\n\n<p>Con la presencia de autoridades, la jornada comenzar\u00e1 con el panel de apertura a las 10 horas. Luego, a las 11.30 hs., tendr\u00e1 lugar el conversatorio \u201cAbordaje de las violencias por razones de g\u00e9nero: experiencias, desaf\u00edos y sentidos en contexto\u201d.<\/p>\n\n\n\n<p>A partir de las 14.30 hs., se desarrollar\u00e1n 8 mesas de trabajo tem\u00e1ticas en las que se abordar\u00e1n las violencias de g\u00e9nero desde diferentes aristas:<\/p>\n\n\n\n<p>\u25cf MESA 1 | Institucionalizaci\u00f3n de la perspectiva de g\u00e9nero: desaf\u00edos, experiencias y sentidos en el contexto actual.<\/p>\n\n\n\n<p>\u25cf MESA 2 | Efectos de la crisis socioecon\u00f3mica en las vidas de las mujeres y LGBTI+.<\/p>\n\n\n\n<p>\u25cf MESA 3 | Las violencias por razones de g\u00e9nero hacia las personas LGBTI+.<\/p>\n\n\n\n<p>\u25cf MESA 4 | \u00bfQu\u00e9 datos y para qu\u00e9? Oportunidades y desaf\u00edos en el uso de datos referidos a las violencias por razones de g\u00e9nero.<\/p>\n\n\n\n<p>\u25cf MESA 5 | Violencias por razones de g\u00e9nero y consumos problem\u00e1ticos de sustancias.<\/p>\n\n\n\n<p>\u25cf MESA 6 | Violencias por razones de g\u00e9nero y salud mental.<\/p>\n\n\n\n<p>\u25cf MESA 7 | Desaf\u00edos de la integralidad en el abordaje de las violencias por razones de g\u00e9nero.<\/p>\n\n\n\n<p>\u25cf MESA 8 | Violencia por razones de g\u00e9nero: aportes desde la investigaci\u00f3n.<\/p>\n\n\n\n<p>Al finalizar las mesas, a las 17 hs., se dar\u00e1 inicio a los siguientes paneles que se desarrollar\u00e1n de manera simult\u00e1nea:<\/p>\n\n\n\n<p>\u25cf Pensando abordajes en clave interseccional: salud mental, consumos problem\u00e1ticos y violencias.<\/p>\n\n\n\n<p>\u25cf Consumos problem\u00e1ticos desde la perspectiva de g\u00e9nero.<\/p>\n\n\n\n<p>\u25cf \u00bfQu\u00e9 hacer frente al odio? Estrategias feministas para el trabajo con varones.<\/p>\n\n\n\n<p>\u25cf El rol de las redes sociales y medios de comunicaci\u00f3n en la construcci\u00f3n de sentidos sobre las violencias.<\/p>\n\n\n\n<p>\u25cf Abordaje de situaciones de violencia por razones de g\u00e9nero en las universidades: salud mental, cuidados, nuevas masculinidades, inclusi\u00f3n y epistemolog\u00edas feministas.<\/p>\n\n\n\n<p>Adem\u00e1s habr\u00e1 eventos culturales, ferias, stands y actividades que dan cuenta de las diferentes pol\u00edticas p\u00fablicas impulsadas por el Gobierno de la provincia de Buenos Aires.<\/p>\n\n\n\n<p>Todas las actividades son libres y gratuitas pero es necesaria la inscripci\u00f3n previa. Se entregar\u00e1n certificados de asistencia y participaci\u00f3n en las mesas de debate.<\/p>\n\n\n\n<p>Correo para consultas: investigacionviolenciaspba@gmail.com<\/p>\n\n\n\n<p>Contacto de prensa: Melina Banini, +54 9 11 6551-2424 y Soraya Polonara, +54 9 2216 16-4156<\/p>\n\n\n\n<p>\u25cf Laurana Malacalza | Subsecretar\u00eda de Pol\u00edticas Contra las Violencias por Razones de G\u00e9nero<\/p>\n\n\n\n<p>\u25cf Adriana Vicente | Direcci\u00f3n Provincial de Investigaci\u00f3n, Planificaci\u00f3n y Gesti\u00f3n de Pol\u00edticas P\u00fablicas Contra las Violencias por Razones de G\u00e9nero<\/p>\n\n\n\n<p>Para m\u00e1s informaci\u00f3n, detalle del contenido de cada mesa y actividades simult\u00e1neas, se puede visitar la tercera circular en la web del Ministerio de Mujeres y Diversidad de la provincia de Buenos Aires.<\/p>\n","protected":false},"excerpt":{"rendered":"<p>El pr\u00f3ximo 28 de noviembre, el Ministerio de Mujeres y Diversidad de la provincia de Buenos Aires realizar\u00e1 la Jornada<\/p>\n","protected":false},"author":3,"featured_media":5697,"comment_status":"open","ping_status":"open","sticky":false,"template":"","format":"standard","meta":{"colormag_page_container_layout":"default_layout","colormag_page_sidebar_layout":"default_layout","footnotes":""},"categories":[1,14],"tags":[],"class_list":["post-5694","post","type-post","status-publish","format-standard","has-post-thumbnail","hentry","category-destacadas","category-politica"],"yoast_head":"<!-- This site is optimized with the Yoast SEO plugin v27.5 - https:\/\/yoast.com\/product\/yoast-seo-wordpress\/ -->\n<title>Se viene la Jornada Preparatoria del 4\u00b0 Congreso \u201cEstado Presente\u201d - InfoPBA247<\/title>\n<meta name=\"robots\" content=\"index, follow, max-snippet:-1, max-image-preview:large, max-video-preview:-1\" \/>\n<link rel=\"canonical\" href=\"https:\/\/infopba247.com.ar\/index.php\/2024\/11\/13\/se-viene-la-jornada-preparatoria-del-4-congreso-estado-presente\/\" \/>\n<meta property=\"og:locale\" content=\"es_ES\" \/>\n<meta property=\"og:type\" content=\"article\" \/>\n<meta property=\"og:title\" content=\"Se viene la Jornada Preparatoria del 4\u00b0 Congreso \u201cEstado Presente\u201d - InfoPBA247\" \/>\n<meta property=\"og:description\" content=\"El pr\u00f3ximo 28 de noviembre, el Ministerio de Mujeres y Diversidad de la provincia de Buenos Aires realizar\u00e1 la Jornada\" \/>\n<meta property=\"og:url\" content=\"https:\/\/infopba247.com.ar\/index.php\/2024\/11\/13\/se-viene-la-jornada-preparatoria-del-4-congreso-estado-presente\/\" \/>\n<meta property=\"og:site_name\" content=\"InfoPBA247\" \/>\n<meta property=\"article:publisher\" content=\"https:\/\/www.facebook.com\/InfoPBA\" \/>\n<meta property=\"article:published_time\" content=\"2024-11-13T11:24:33+00:00\" \/>\n<meta property=\"article:modified_time\" content=\"2024-11-13T11:24:38+00:00\" \/>\n<meta property=\"og:image\" content=\"https:\/\/infopba247.com.ar\/wp-content\/uploads\/2024\/11\/unnamed-81.jpg\" \/>\n\t<meta property=\"og:image:width\" content=\"1600\" \/>\n\t<meta property=\"og:image:height\" content=\"1600\" \/>\n\t<meta property=\"og:image:type\" content=\"image\/jpeg\" \/>\n<meta name=\"author\" content=\"Editor\" \/>\n<meta name=\"twitter:card\" content=\"summary_large_image\" \/>\n<meta name=\"twitter:label1\" content=\"Escrito por\" \/>\n\t<meta name=\"twitter:data1\" content=\"Editor\" \/>\n\t<meta name=\"twitter:label2\" content=\"Tiempo de lectura\" \/>\n\t<meta name=\"twitter:data2\" content=\"3 minutos\" \/>\n<script type=\"application\/ld+json\" class=\"yoast-schema-graph\">{\"@context\":\"https:\\\/\\\/schema.org\",\"@graph\":[{\"@type\":\"Article\",\"@id\":\"https:\\\/\\\/infopba247.com.ar\\\/index.php\\\/2024\\\/11\\\/13\\\/se-viene-la-jornada-preparatoria-del-4-congreso-estado-presente\\\/#article\",\"isPartOf\":{\"@id\":\"https:\\\/\\\/infopba247.com.ar\\\/index.php\\\/2024\\\/11\\\/13\\\/se-viene-la-jornada-preparatoria-del-4-congreso-estado-presente\\\/\"},\"author\":{\"name\":\"Editor\",\"@id\":\"https:\\\/\\\/infopba247.com.ar\\\/#\\\/schema\\\/person\\\/4975f1343a413e57bf839b3eed0099f2\"},\"headline\":\"Se viene la Jornada Preparatoria del 4\u00b0 Congreso \u201cEstado Presente\u201d\",\"datePublished\":\"2024-11-13T11:24:33+00:00\",\"dateModified\":\"2024-11-13T11:24:38+00:00\",\"mainEntityOfPage\":{\"@id\":\"https:\\\/\\\/infopba247.com.ar\\\/index.php\\\/2024\\\/11\\\/13\\\/se-viene-la-jornada-preparatoria-del-4-congreso-estado-presente\\\/\"},\"wordCount\":594,\"commentCount\":0,\"publisher\":{\"@id\":\"https:\\\/\\\/infopba247.com.ar\\\/#organization\"},\"image\":{\"@id\":\"https:\\\/\\\/infopba247.com.ar\\\/index.php\\\/2024\\\/11\\\/13\\\/se-viene-la-jornada-preparatoria-del-4-congreso-estado-presente\\\/#primaryimage\"},\"thumbnailUrl\":\"https:\\\/\\\/infopba247.com.ar\\\/wp-content\\\/uploads\\\/2024\\\/11\\\/unnamed-81.jpg\",\"articleSection\":[\"Destacadas\",\"Pol\u00edtica\"],\"inLanguage\":\"es\",\"potentialAction\":[{\"@type\":\"CommentAction\",\"name\":\"Comment\",\"target\":[\"https:\\\/\\\/infopba247.com.ar\\\/index.php\\\/2024\\\/11\\\/13\\\/se-viene-la-jornada-preparatoria-del-4-congreso-estado-presente\\\/#respond\"]}]},{\"@type\":\"WebPage\",\"@id\":\"https:\\\/\\\/infopba247.com.ar\\\/index.php\\\/2024\\\/11\\\/13\\\/se-viene-la-jornada-preparatoria-del-4-congreso-estado-presente\\\/\",\"url\":\"https:\\\/\\\/infopba247.com.ar\\\/index.php\\\/2024\\\/11\\\/13\\\/se-viene-la-jornada-preparatoria-del-4-congreso-estado-presente\\\/\",\"name\":\"Se viene la Jornada Preparatoria del 4\u00b0 Congreso \u201cEstado Presente\u201d - InfoPBA247\",\"isPartOf\":{\"@id\":\"https:\\\/\\\/infopba247.com.ar\\\/#website\"},\"primaryImageOfPage\":{\"@id\":\"https:\\\/\\\/infopba247.com.ar\\\/index.php\\\/2024\\\/11\\\/13\\\/se-viene-la-jornada-preparatoria-del-4-congreso-estado-presente\\\/#primaryimage\"},\"image\":{\"@id\":\"https:\\\/\\\/infopba247.com.ar\\\/index.php\\\/2024\\\/11\\\/13\\\/se-viene-la-jornada-preparatoria-del-4-congreso-estado-presente\\\/#primaryimage\"},\"thumbnailUrl\":\"https:\\\/\\\/infopba247.com.ar\\\/wp-content\\\/uploads\\\/2024\\\/11\\\/unnamed-81.jpg\",\"datePublished\":\"2024-11-13T11:24:33+00:00\",\"dateModified\":\"2024-11-13T11:24:38+00:00\",\"breadcrumb\":{\"@id\":\"https:\\\/\\\/infopba247.com.ar\\\/index.php\\\/2024\\\/11\\\/13\\\/se-viene-la-jornada-preparatoria-del-4-congreso-estado-presente\\\/#breadcrumb\"},\"inLanguage\":\"es\",\"potentialAction\":[{\"@type\":\"ReadAction\",\"target\":[\"https:\\\/\\\/infopba247.com.ar\\\/index.php\\\/2024\\\/11\\\/13\\\/se-viene-la-jornada-preparatoria-del-4-congreso-estado-presente\\\/\"]}]},{\"@type\":\"ImageObject\",\"inLanguage\":\"es\",\"@id\":\"https:\\\/\\\/infopba247.com.ar\\\/index.php\\\/2024\\\/11\\\/13\\\/se-viene-la-jornada-preparatoria-del-4-congreso-estado-presente\\\/#primaryimage\",\"url\":\"https:\\\/\\\/infopba247.com.ar\\\/wp-content\\\/uploads\\\/2024\\\/11\\\/unnamed-81.jpg\",\"contentUrl\":\"https:\\\/\\\/infopba247.com.ar\\\/wp-content\\\/uploads\\\/2024\\\/11\\\/unnamed-81.jpg\",\"width\":1600,\"height\":1600},{\"@type\":\"BreadcrumbList\",\"@id\":\"https:\\\/\\\/infopba247.com.ar\\\/index.php\\\/2024\\\/11\\\/13\\\/se-viene-la-jornada-preparatoria-del-4-congreso-estado-presente\\\/#breadcrumb\",\"itemListElement\":[{\"@type\":\"ListItem\",\"position\":1,\"name\":\"Portada\",\"item\":\"https:\\\/\\\/infopba247.com.ar\\\/\"},{\"@type\":\"ListItem\",\"position\":2,\"name\":\"Se viene la Jornada Preparatoria del 4\u00b0 Congreso \u201cEstado Presente\u201d\"}]},{\"@type\":\"WebSite\",\"@id\":\"https:\\\/\\\/infopba247.com.ar\\\/#website\",\"url\":\"https:\\\/\\\/infopba247.com.ar\\\/\",\"name\":\"InfoPBA247\",\"description\":\"Toda la actualidad bonaerense\",\"publisher\":{\"@id\":\"https:\\\/\\\/infopba247.com.ar\\\/#organization\"},\"potentialAction\":[{\"@type\":\"SearchAction\",\"target\":{\"@type\":\"EntryPoint\",\"urlTemplate\":\"https:\\\/\\\/infopba247.com.ar\\\/?s={search_term_string}\"},\"query-input\":{\"@type\":\"PropertyValueSpecification\",\"valueRequired\":true,\"valueName\":\"search_term_string\"}}],\"inLanguage\":\"es\"},{\"@type\":\"Organization\",\"@id\":\"https:\\\/\\\/infopba247.com.ar\\\/#organization\",\"name\":\"InfoPBA247\",\"url\":\"https:\\\/\\\/infopba247.com.ar\\\/\",\"logo\":{\"@type\":\"ImageObject\",\"inLanguage\":\"es\",\"@id\":\"https:\\\/\\\/infopba247.com.ar\\\/#\\\/schema\\\/logo\\\/image\\\/\",\"url\":\"https:\\\/\\\/infopba247.com.ar\\\/wp-content\\\/uploads\\\/2022\\\/03\\\/cropped-InfoPBA247-1.png\",\"contentUrl\":\"https:\\\/\\\/infopba247.com.ar\\\/wp-content\\\/uploads\\\/2022\\\/03\\\/cropped-InfoPBA247-1.png\",\"width\":500,\"height\":122,\"caption\":\"InfoPBA247\"},\"image\":{\"@id\":\"https:\\\/\\\/infopba247.com.ar\\\/#\\\/schema\\\/logo\\\/image\\\/\"},\"sameAs\":[\"https:\\\/\\\/www.facebook.com\\\/InfoPBA\"]},{\"@type\":\"Person\",\"@id\":\"https:\\\/\\\/infopba247.com.ar\\\/#\\\/schema\\\/person\\\/4975f1343a413e57bf839b3eed0099f2\",\"name\":\"Editor\",\"image\":{\"@type\":\"ImageObject\",\"inLanguage\":\"es\",\"@id\":\"https:\\\/\\\/secure.gravatar.com\\\/avatar\\\/d27fe9520667ca53441d36627a1d6b0fa4a813571ec4803687a7a3a7744685ac?s=96&d=mm&r=g\",\"url\":\"https:\\\/\\\/secure.gravatar.com\\\/avatar\\\/d27fe9520667ca53441d36627a1d6b0fa4a813571ec4803687a7a3a7744685ac?s=96&d=mm&r=g\",\"contentUrl\":\"https:\\\/\\\/secure.gravatar.com\\\/avatar\\\/d27fe9520667ca53441d36627a1d6b0fa4a813571ec4803687a7a3a7744685ac?s=96&d=mm&r=g\",\"caption\":\"Editor\"},\"url\":\"https:\\\/\\\/infopba247.com.ar\\\/index.php\\\/author\\\/editor\\\/\"}]}<\/script>\n<!-- \/ Yoast SEO plugin. -->","yoast_head_json":{"title":"Se viene la Jornada Preparatoria del 4\u00b0 Congreso \u201cEstado Presente\u201d - InfoPBA247","robots":{"index":"index","follow":"follow","max-snippet":"max-snippet:-1","max-image-preview":"max-image-preview:large","max-video-preview":"max-video-preview:-1"},"canonical":"https:\/\/infopba247.com.ar\/index.php\/2024\/11\/13\/se-viene-la-jornada-preparatoria-del-4-congreso-estado-presente\/","og_locale":"es_ES","og_type":"article","og_title":"Se viene la Jornada Preparatoria del 4\u00b0 Congreso \u201cEstado Presente\u201d - InfoPBA247","og_description":"El pr\u00f3ximo 28 de noviembre, el Ministerio de Mujeres y Diversidad de la provincia de Buenos Aires realizar\u00e1 la Jornada","og_url":"https:\/\/infopba247.com.ar\/index.php\/2024\/11\/13\/se-viene-la-jornada-preparatoria-del-4-congreso-estado-presente\/","og_site_name":"InfoPBA247","article_publisher":"https:\/\/www.facebook.com\/InfoPBA","article_published_time":"2024-11-13T11:24:33+00:00","article_modified_time":"2024-11-13T11:24:38+00:00","og_image":[{"width":1600,"height":1600,"url":"https:\/\/infopba247.com.ar\/wp-content\/uploads\/2024\/11\/unnamed-81.jpg","type":"image\/jpeg"}],"author":"Editor","twitter_card":"summary_large_image","twitter_misc":{"Escrito por":"Editor","Tiempo de lectura":"3 minutos"},"schema":{"@context":"https:\/\/schema.org","@graph":[{"@type":"Article","@id":"https:\/\/infopba247.com.ar\/index.php\/2024\/11\/13\/se-viene-la-jornada-preparatoria-del-4-congreso-estado-presente\/#article","isPartOf":{"@id":"https:\/\/infopba247.com.ar\/index.php\/2024\/11\/13\/se-viene-la-jornada-preparatoria-del-4-congreso-estado-presente\/"},"author":{"name":"Editor","@id":"https:\/\/infopba247.com.ar\/#\/schema\/person\/4975f1343a413e57bf839b3eed0099f2"},"headline":"Se viene la Jornada Preparatoria del 4\u00b0 Congreso \u201cEstado Presente\u201d","datePublished":"2024-11-13T11:24:33+00:00","dateModified":"2024-11-13T11:24:38+00:00","mainEntityOfPage":{"@id":"https:\/\/infopba247.com.ar\/index.php\/2024\/11\/13\/se-viene-la-jornada-preparatoria-del-4-congreso-estado-presente\/"},"wordCount":594,"commentCount":0,"publisher":{"@id":"https:\/\/infopba247.com.ar\/#organization"},"image":{"@id":"https:\/\/infopba247.com.ar\/index.php\/2024\/11\/13\/se-viene-la-jornada-preparatoria-del-4-congreso-estado-presente\/#primaryimage"},"thumbnailUrl":"https:\/\/infopba247.com.ar\/wp-content\/uploads\/2024\/11\/unnamed-81.jpg","articleSection":["Destacadas","Pol\u00edtica"],"inLanguage":"es","potentialAction":[{"@type":"CommentAction","name":"Comment","target":["https:\/\/infopba247.com.ar\/index.php\/2024\/11\/13\/se-viene-la-jornada-preparatoria-del-4-congreso-estado-presente\/#respond"]}]},{"@type":"WebPage","@id":"https:\/\/infopba247.com.ar\/index.php\/2024\/11\/13\/se-viene-la-jornada-preparatoria-del-4-congreso-estado-presente\/","url":"https:\/\/infopba247.com.ar\/index.php\/2024\/11\/13\/se-viene-la-jornada-preparatoria-del-4-congreso-estado-presente\/","name":"Se viene la Jornada Preparatoria del 4\u00b0 Congreso \u201cEstado Presente\u201d - InfoPBA247","isPartOf":{"@id":"https:\/\/infopba247.com.ar\/#website"},"primaryImageOfPage":{"@id":"https:\/\/infopba247.com.ar\/index.php\/2024\/11\/13\/se-viene-la-jornada-preparatoria-del-4-congreso-estado-presente\/#primaryimage"},"image":{"@id":"https:\/\/infopba247.com.ar\/index.php\/2024\/11\/13\/se-viene-la-jornada-preparatoria-del-4-congreso-estado-presente\/#primaryimage"},"thumbnailUrl":"https:\/\/infopba247.com.ar\/wp-content\/uploads\/2024\/11\/unnamed-81.jpg","datePublished":"2024-11-13T11:24:33+00:00","dateModified":"2024-11-13T11:24:38+00:00","breadcrumb":{"@id":"https:\/\/infopba247.com.ar\/index.php\/2024\/11\/13\/se-viene-la-jornada-preparatoria-del-4-congreso-estado-presente\/#breadcrumb"},"inLanguage":"es","potentialAction":[{"@type":"ReadAction","target":["https:\/\/infopba247.com.ar\/index.php\/2024\/11\/13\/se-viene-la-jornada-preparatoria-del-4-congreso-estado-presente\/"]}]},{"@type":"ImageObject","inLanguage":"es","@id":"https:\/\/infopba247.com.ar\/index.php\/2024\/11\/13\/se-viene-la-jornada-preparatoria-del-4-congreso-estado-presente\/#primaryimage","url":"https:\/\/infopba247.com.ar\/wp-content\/uploads\/2024\/11\/unnamed-81.jpg","contentUrl":"https:\/\/infopba247.com.ar\/wp-content\/uploads\/2024\/11\/unnamed-81.jpg","width":1600,"height":1600},{"@type":"BreadcrumbList","@id":"https:\/\/infopba247.com.ar\/index.php\/2024\/11\/13\/se-viene-la-jornada-preparatoria-del-4-congreso-estado-presente\/#breadcrumb","itemListElement":[{"@type":"ListItem","position":1,"name":"Portada","item":"https:\/\/infopba247.com.ar\/"},{"@type":"ListItem","position":2,"name":"Se viene la Jornada Preparatoria del 4\u00b0 Congreso \u201cEstado Presente\u201d"}]},{"@type":"WebSite","@id":"https:\/\/infopba247.com.ar\/#website","url":"https:\/\/infopba247.com.ar\/","name":"InfoPBA247","description":"Toda la actualidad bonaerense","publisher":{"@id":"https:\/\/infopba247.com.ar\/#organization"},"potentialAction":[{"@type":"SearchAction","target":{"@type":"EntryPoint","urlTemplate":"https:\/\/infopba247.com.ar\/?s={search_term_string}"},"query-input":{"@type":"PropertyValueSpecification","valueRequired":true,"valueName":"search_term_string"}}],"inLanguage":"es"},{"@type":"Organization","@id":"https:\/\/infopba247.com.ar\/#organization","name":"InfoPBA247","url":"https:\/\/infopba247.com.ar\/","logo":{"@type":"ImageObject","inLanguage":"es","@id":"https:\/\/infopba247.com.ar\/#\/schema\/logo\/image\/","url":"https:\/\/infopba247.com.ar\/wp-content\/uploads\/2022\/03\/cropped-InfoPBA247-1.png","contentUrl":"https:\/\/infopba247.com.ar\/wp-content\/uploads\/2022\/03\/cropped-InfoPBA247-1.png","width":500,"height":122,"caption":"InfoPBA247"},"image":{"@id":"https:\/\/infopba247.com.ar\/#\/schema\/logo\/image\/"},"sameAs":["https:\/\/www.facebook.com\/InfoPBA"]},{"@type":"Person","@id":"https:\/\/infopba247.com.ar\/#\/schema\/person\/4975f1343a413e57bf839b3eed0099f2","name":"Editor","image":{"@type":"ImageObject","inLanguage":"es","@id":"https:\/\/secure.gravatar.com\/avatar\/d27fe9520667ca53441d36627a1d6b0fa4a813571ec4803687a7a3a7744685ac?s=96&d=mm&r=g","url":"https:\/\/secure.gravatar.com\/avatar\/d27fe9520667ca53441d36627a1d6b0fa4a813571ec4803687a7a3a7744685ac?s=96&d=mm&r=g","contentUrl":"https:\/\/secure.gravatar.com\/avatar\/d27fe9520667ca53441d36627a1d6b0fa4a813571ec4803687a7a3a7744685ac?s=96&d=mm&r=g","caption":"Editor"},"url":"https:\/\/infopba247.com.ar\/index.php\/author\/editor\/"}]}},"_links":{"self":[{"href":"https:\/\/infopba247.com.ar\/index.php\/wp-json\/wp\/v2\/posts\/5694","targetHints":{"allow":["GET"]}}],"collection":[{"href":"https:\/\/infopba247.com.ar\/index.php\/wp-json\/wp\/v2\/posts"}],"about":[{"href":"https:\/\/infopba247.com.ar\/index.php\/wp-json\/wp\/v2\/types\/post"}],"author":[{"embeddable":true,"href":"https:\/\/infopba247.com.ar\/index.php\/wp-json\/wp\/v2\/users\/3"}],"replies":[{"embeddable":true,"href":"https:\/\/infopba247.com.ar\/index.php\/wp-json\/wp\/v2\/comments?post=5694"}],"version-history":[{"count":2,"href":"https:\/\/infopba247.com.ar\/index.php\/wp-json\/wp\/v2\/posts\/5694\/revisions"}],"predecessor-version":[{"id":5700,"href":"https:\/\/infopba247.com.ar\/index.php\/wp-json\/wp\/v2\/posts\/5694\/revisions\/5700"}],"wp:featuredmedia":[{"embeddable":true,"href":"https:\/\/infopba247.com.ar\/index.php\/wp-json\/wp\/v2\/media\/5697"}],"wp:attachment":[{"href":"https:\/\/infopba247.com.ar\/index.php\/wp-json\/wp\/v2\/media?parent=5694"}],"wp:term":[{"taxonomy":"category","embeddable":true,"href":"https:\/\/infopba247.com.ar\/index.php\/wp-json\/wp\/v2\/categories?post=5694"},{"taxonomy":"post_tag","embeddable":true,"href":"https:\/\/infopba247.com.ar\/index.php\/wp-json\/wp\/v2\/tags?post=5694"}],"curies":[{"name":"wp","href":"https:\/\/api.w.org\/{rel}","templated":true}]}}