{"id":5685,"date":"2024-11-12T14:40:52","date_gmt":"2024-11-12T17:40:52","guid":{"rendered":"https:\/\/infopba247.com.ar\/?p=5685"},"modified":"2024-11-12T14:40:53","modified_gmt":"2024-11-12T17:40:53","slug":"alak-anuncio-el-nuevo-sistema-de-iluminacion-y-sonido-de-la-catedral-y-las-actividades-por-el-142o-aniversario","status":"publish","type":"post","link":"https:\/\/infopba247.com.ar\/index.php\/2024\/11\/12\/alak-anuncio-el-nuevo-sistema-de-iluminacion-y-sonido-de-la-catedral-y-las-actividades-por-el-142o-aniversario\/","title":{"rendered":"Alak anunci\u00f3 el nuevo sistema de iluminaci\u00f3n y sonido de la Catedral y las actividades por el 142\u00ba aniversario"},"content":{"rendered":"\n<p>El intendente Julio Alak present\u00f3 las actividades que llevar\u00e1 adelante la Municipalidad por los 142 a\u00f1os de La Plata, que incluir\u00e1n propuestas repletas de arte, m\u00fasica y tradici\u00f3n para destacar la identidad cultural de la capital bonaerense, su patrimonio y su naturaleza.<\/p>\n\n\n\n<p>As\u00ed, el viernes 15 de noviembre a las 19:00 comenzar\u00e1n los festejos cuando la emblem\u00e1tica Catedral de la Inmaculada Concepci\u00f3n estrene su nueva iluminaci\u00f3n exterior eficiente junto a un sistema inform\u00e1tico que har\u00e1 sonar nuevamente su campanario sinf\u00f3nico. La inauguraci\u00f3n ser\u00e1 a 25 a\u00f1os de completarse el imponente edificio con sus torres.<\/p>\n\n\n\n<p>\u201cLa Catedral es, sin dudas, el monumento m\u00e1s emblem\u00e1tico de la ciudad\u201d, sostuvo el jefe comunal, y agreg\u00f3: \u201cFrente a la oscuridad y el silencio en el que se encuentra hoy en d\u00eda, contribuiremos a darle luz y sacarla del mudismo, poniendo en funcionamiento sus campanas\u201d.<\/p>\n\n\n\n<p>\u201cEs el s\u00edmbolo m\u00e1s importante de la ciudad y de la provincia de Buenos Aires, quiz\u00e1s el templo m\u00e1s lindo del pa\u00eds\u201d, continu\u00f3 Alak, y valor\u00f3: \u201cHay pocos templos en el mundo que tienen un entorno como el de la Catedral\u201d.<\/p>\n\n\n\n<p>El mandatario brind\u00f3 toda la informaci\u00f3n vinculada a la iniciativa durante una conferencia en el Palacio Municipal de la que tambi\u00e9n participaron Manuel Carassale, presidente de la Fundaci\u00f3n Catedral; Mario Borges, director de la Comisi\u00f3n de Infraestructura de la Fundaci\u00f3n Catedral; y Marcelo Diez, representante de EDELAP.<\/p>\n\n\n\n<p>La puesta en funcionamiento del nuevo sistema ser\u00e1 posible gracias a un esfuerzo coordinado de Edelap con la Municipalidad, el Gobierno de la Provincia, la Fundaci\u00f3n Catedral y el Arzobispado de La Plata. El evento contar\u00e1 con un espect\u00e1culo a cargo del reconocido m\u00fasico y director de orquesta Nicol\u00e1s Sor\u00edn.<\/p>\n\n\n\n<p>Otro de los momentos m\u00e1s convocantes de la celebraci\u00f3n tendr\u00e1 lugar el propio martes 19 de noviembre en la emblem\u00e1tica Plaza Moreno, donde bandas de la ciudad har\u00e1n vibrar a una multitud con recitales en vivo&nbsp; a partir de las 14:00 y hasta pasadas las 23:00.<\/p>\n\n\n\n<p>El intendente Alak anticip\u00f3 que el line up estar\u00e1 conformado por Guasones \u2014a cargo del cierre del megaevento\u2014, Estelares, Los Totora, Peces Raros, Carmen Sanchez Viamonte y otras bandas de la capital bonaerense que animar\u00e1n la jornada.<\/p>\n\n\n\n<p>Por otro lado, del s\u00e1bado 16 al lunes 18 de noviembre, Plaza Moreno ser\u00e1 sede de La Plata en Flor 2024, una exposici\u00f3n para celebrar la riqueza flor\u00edcola de la capital bonaerense que estar\u00e1 abierta al p\u00fablico el s\u00e1bado y el domingo de 12:00 a 20:00 y el lunes de 12:00 a 18:00.<\/p>\n\n\n\n<p>La muestra incluir\u00e1 una exposici\u00f3n de arreglos florales, talleres y stands de venta de flores. Adem\u00e1s, se podr\u00e1 disfrutar de un patio gastron\u00f3mico, espect\u00e1culos de danzas t\u00edpicas de las colectividades vinculadas a la actividad y actuaciones de bandas locales.<\/p>\n\n\n\n<p>Adem\u00e1s, el martes 19 tambi\u00e9n tendr\u00e1 lugar el popular Gran Premio Dardo Rocha en el Hip\u00f3dromo de La Plata, donde amantes del turf y familias enteras podr\u00e1n ver 16 carreras de primer nivel, degustar platos de distintos emprendimientos gastron\u00f3micos, escuchar DJ sets en vivo, recorrer una muestra fotogr\u00e1fica, entre otras propuestas.<\/p>\n","protected":false},"excerpt":{"rendered":"<p>El intendente Julio Alak present\u00f3 las actividades que llevar\u00e1 adelante la Municipalidad por los 142 a\u00f1os de La Plata, que<\/p>\n","protected":false},"author":3,"featured_media":5686,"comment_status":"open","ping_status":"open","sticky":false,"template":"","format":"standard","meta":{"colormag_page_container_layout":"default_layout","colormag_page_sidebar_layout":"default_layout","footnotes":""},"categories":[12,1,14],"tags":[],"class_list":["post-5685","post","type-post","status-publish","format-standard","has-post-thumbnail","hentry","category-8va-seccion","category-destacadas","category-politica"],"yoast_head":"<!-- This site is optimized with the Yoast SEO plugin v27.4 - https:\/\/yoast.com\/product\/yoast-seo-wordpress\/ -->\n<title>Alak anunci\u00f3 el nuevo sistema de iluminaci\u00f3n y sonido de la Catedral y las actividades por el 142\u00ba aniversario - InfoPBA247<\/title>\n<meta name=\"robots\" content=\"index, follow, max-snippet:-1, max-image-preview:large, max-video-preview:-1\" \/>\n<link rel=\"canonical\" href=\"https:\/\/infopba247.com.ar\/index.php\/2024\/11\/12\/alak-anuncio-el-nuevo-sistema-de-iluminacion-y-sonido-de-la-catedral-y-las-actividades-por-el-142o-aniversario\/\" \/>\n<meta property=\"og:locale\" content=\"es_ES\" \/>\n<meta property=\"og:type\" content=\"article\" \/>\n<meta property=\"og:title\" content=\"Alak anunci\u00f3 el nuevo sistema de iluminaci\u00f3n y sonido de la Catedral y las actividades por el 142\u00ba aniversario - InfoPBA247\" \/>\n<meta property=\"og:description\" content=\"El intendente Julio Alak present\u00f3 las actividades que llevar\u00e1 adelante la Municipalidad por los 142 a\u00f1os de La Plata, que\" \/>\n<meta property=\"og:url\" content=\"https:\/\/infopba247.com.ar\/index.php\/2024\/11\/12\/alak-anuncio-el-nuevo-sistema-de-iluminacion-y-sonido-de-la-catedral-y-las-actividades-por-el-142o-aniversario\/\" \/>\n<meta property=\"og:site_name\" content=\"InfoPBA247\" \/>\n<meta property=\"article:publisher\" content=\"https:\/\/www.facebook.com\/InfoPBA\" \/>\n<meta property=\"article:published_time\" content=\"2024-11-12T17:40:52+00:00\" \/>\n<meta property=\"article:modified_time\" content=\"2024-11-12T17:40:53+00:00\" \/>\n<meta property=\"og:image\" content=\"https:\/\/infopba247.com.ar\/wp-content\/uploads\/2024\/11\/unnamed-78.jpg\" \/>\n\t<meta property=\"og:image:width\" content=\"1600\" \/>\n\t<meta property=\"og:image:height\" content=\"972\" \/>\n\t<meta property=\"og:image:type\" content=\"image\/jpeg\" \/>\n<meta name=\"author\" content=\"Editor\" \/>\n<meta name=\"twitter:card\" content=\"summary_large_image\" \/>\n<meta name=\"twitter:label1\" content=\"Escrito por\" \/>\n\t<meta name=\"twitter:data1\" content=\"Editor\" \/>\n\t<meta name=\"twitter:label2\" content=\"Tiempo de lectura\" \/>\n\t<meta name=\"twitter:data2\" content=\"3 minutos\" \/>\n<script type=\"application\/ld+json\" class=\"yoast-schema-graph\">{\"@context\":\"https:\\\/\\\/schema.org\",\"@graph\":[{\"@type\":\"Article\",\"@id\":\"https:\\\/\\\/infopba247.com.ar\\\/index.php\\\/2024\\\/11\\\/12\\\/alak-anuncio-el-nuevo-sistema-de-iluminacion-y-sonido-de-la-catedral-y-las-actividades-por-el-142o-aniversario\\\/#article\",\"isPartOf\":{\"@id\":\"https:\\\/\\\/infopba247.com.ar\\\/index.php\\\/2024\\\/11\\\/12\\\/alak-anuncio-el-nuevo-sistema-de-iluminacion-y-sonido-de-la-catedral-y-las-actividades-por-el-142o-aniversario\\\/\"},\"author\":{\"name\":\"Editor\",\"@id\":\"https:\\\/\\\/infopba247.com.ar\\\/#\\\/schema\\\/person\\\/4975f1343a413e57bf839b3eed0099f2\"},\"headline\":\"Alak anunci\u00f3 el nuevo sistema de iluminaci\u00f3n y sonido de la Catedral y las actividades por el 142\u00ba aniversario\",\"datePublished\":\"2024-11-12T17:40:52+00:00\",\"dateModified\":\"2024-11-12T17:40:53+00:00\",\"mainEntityOfPage\":{\"@id\":\"https:\\\/\\\/infopba247.com.ar\\\/index.php\\\/2024\\\/11\\\/12\\\/alak-anuncio-el-nuevo-sistema-de-iluminacion-y-sonido-de-la-catedral-y-las-actividades-por-el-142o-aniversario\\\/\"},\"wordCount\":559,\"commentCount\":0,\"publisher\":{\"@id\":\"https:\\\/\\\/infopba247.com.ar\\\/#organization\"},\"image\":{\"@id\":\"https:\\\/\\\/infopba247.com.ar\\\/index.php\\\/2024\\\/11\\\/12\\\/alak-anuncio-el-nuevo-sistema-de-iluminacion-y-sonido-de-la-catedral-y-las-actividades-por-el-142o-aniversario\\\/#primaryimage\"},\"thumbnailUrl\":\"https:\\\/\\\/infopba247.com.ar\\\/wp-content\\\/uploads\\\/2024\\\/11\\\/unnamed-78.jpg\",\"articleSection\":[\"8va Secci\u00f3n\",\"Destacadas\",\"Pol\u00edtica\"],\"inLanguage\":\"es\",\"potentialAction\":[{\"@type\":\"CommentAction\",\"name\":\"Comment\",\"target\":[\"https:\\\/\\\/infopba247.com.ar\\\/index.php\\\/2024\\\/11\\\/12\\\/alak-anuncio-el-nuevo-sistema-de-iluminacion-y-sonido-de-la-catedral-y-las-actividades-por-el-142o-aniversario\\\/#respond\"]}]},{\"@type\":\"WebPage\",\"@id\":\"https:\\\/\\\/infopba247.com.ar\\\/index.php\\\/2024\\\/11\\\/12\\\/alak-anuncio-el-nuevo-sistema-de-iluminacion-y-sonido-de-la-catedral-y-las-actividades-por-el-142o-aniversario\\\/\",\"url\":\"https:\\\/\\\/infopba247.com.ar\\\/index.php\\\/2024\\\/11\\\/12\\\/alak-anuncio-el-nuevo-sistema-de-iluminacion-y-sonido-de-la-catedral-y-las-actividades-por-el-142o-aniversario\\\/\",\"name\":\"Alak anunci\u00f3 el nuevo sistema de iluminaci\u00f3n y sonido de la Catedral y las actividades por el 142\u00ba aniversario - InfoPBA247\",\"isPartOf\":{\"@id\":\"https:\\\/\\\/infopba247.com.ar\\\/#website\"},\"primaryImageOfPage\":{\"@id\":\"https:\\\/\\\/infopba247.com.ar\\\/index.php\\\/2024\\\/11\\\/12\\\/alak-anuncio-el-nuevo-sistema-de-iluminacion-y-sonido-de-la-catedral-y-las-actividades-por-el-142o-aniversario\\\/#primaryimage\"},\"image\":{\"@id\":\"https:\\\/\\\/infopba247.com.ar\\\/index.php\\\/2024\\\/11\\\/12\\\/alak-anuncio-el-nuevo-sistema-de-iluminacion-y-sonido-de-la-catedral-y-las-actividades-por-el-142o-aniversario\\\/#primaryimage\"},\"thumbnailUrl\":\"https:\\\/\\\/infopba247.com.ar\\\/wp-content\\\/uploads\\\/2024\\\/11\\\/unnamed-78.jpg\",\"datePublished\":\"2024-11-12T17:40:52+00:00\",\"dateModified\":\"2024-11-12T17:40:53+00:00\",\"breadcrumb\":{\"@id\":\"https:\\\/\\\/infopba247.com.ar\\\/index.php\\\/2024\\\/11\\\/12\\\/alak-anuncio-el-nuevo-sistema-de-iluminacion-y-sonido-de-la-catedral-y-las-actividades-por-el-142o-aniversario\\\/#breadcrumb\"},\"inLanguage\":\"es\",\"potentialAction\":[{\"@type\":\"ReadAction\",\"target\":[\"https:\\\/\\\/infopba247.com.ar\\\/index.php\\\/2024\\\/11\\\/12\\\/alak-anuncio-el-nuevo-sistema-de-iluminacion-y-sonido-de-la-catedral-y-las-actividades-por-el-142o-aniversario\\\/\"]}]},{\"@type\":\"ImageObject\",\"inLanguage\":\"es\",\"@id\":\"https:\\\/\\\/infopba247.com.ar\\\/index.php\\\/2024\\\/11\\\/12\\\/alak-anuncio-el-nuevo-sistema-de-iluminacion-y-sonido-de-la-catedral-y-las-actividades-por-el-142o-aniversario\\\/#primaryimage\",\"url\":\"https:\\\/\\\/infopba247.com.ar\\\/wp-content\\\/uploads\\\/2024\\\/11\\\/unnamed-78.jpg\",\"contentUrl\":\"https:\\\/\\\/infopba247.com.ar\\\/wp-content\\\/uploads\\\/2024\\\/11\\\/unnamed-78.jpg\",\"width\":1600,\"height\":972},{\"@type\":\"BreadcrumbList\",\"@id\":\"https:\\\/\\\/infopba247.com.ar\\\/index.php\\\/2024\\\/11\\\/12\\\/alak-anuncio-el-nuevo-sistema-de-iluminacion-y-sonido-de-la-catedral-y-las-actividades-por-el-142o-aniversario\\\/#breadcrumb\",\"itemListElement\":[{\"@type\":\"ListItem\",\"position\":1,\"name\":\"Portada\",\"item\":\"https:\\\/\\\/infopba247.com.ar\\\/\"},{\"@type\":\"ListItem\",\"position\":2,\"name\":\"Alak anunci\u00f3 el nuevo sistema de iluminaci\u00f3n y sonido de la Catedral y las actividades por el 142\u00ba aniversario\"}]},{\"@type\":\"WebSite\",\"@id\":\"https:\\\/\\\/infopba247.com.ar\\\/#website\",\"url\":\"https:\\\/\\\/infopba247.com.ar\\\/\",\"name\":\"InfoPBA247\",\"description\":\"Toda la actualidad bonaerense\",\"publisher\":{\"@id\":\"https:\\\/\\\/infopba247.com.ar\\\/#organization\"},\"potentialAction\":[{\"@type\":\"SearchAction\",\"target\":{\"@type\":\"EntryPoint\",\"urlTemplate\":\"https:\\\/\\\/infopba247.com.ar\\\/?s={search_term_string}\"},\"query-input\":{\"@type\":\"PropertyValueSpecification\",\"valueRequired\":true,\"valueName\":\"search_term_string\"}}],\"inLanguage\":\"es\"},{\"@type\":\"Organization\",\"@id\":\"https:\\\/\\\/infopba247.com.ar\\\/#organization\",\"name\":\"InfoPBA247\",\"url\":\"https:\\\/\\\/infopba247.com.ar\\\/\",\"logo\":{\"@type\":\"ImageObject\",\"inLanguage\":\"es\",\"@id\":\"https:\\\/\\\/infopba247.com.ar\\\/#\\\/schema\\\/logo\\\/image\\\/\",\"url\":\"https:\\\/\\\/infopba247.com.ar\\\/wp-content\\\/uploads\\\/2022\\\/03\\\/cropped-InfoPBA247-1.png\",\"contentUrl\":\"https:\\\/\\\/infopba247.com.ar\\\/wp-content\\\/uploads\\\/2022\\\/03\\\/cropped-InfoPBA247-1.png\",\"width\":500,\"height\":122,\"caption\":\"InfoPBA247\"},\"image\":{\"@id\":\"https:\\\/\\\/infopba247.com.ar\\\/#\\\/schema\\\/logo\\\/image\\\/\"},\"sameAs\":[\"https:\\\/\\\/www.facebook.com\\\/InfoPBA\"]},{\"@type\":\"Person\",\"@id\":\"https:\\\/\\\/infopba247.com.ar\\\/#\\\/schema\\\/person\\\/4975f1343a413e57bf839b3eed0099f2\",\"name\":\"Editor\",\"image\":{\"@type\":\"ImageObject\",\"inLanguage\":\"es\",\"@id\":\"https:\\\/\\\/secure.gravatar.com\\\/avatar\\\/d27fe9520667ca53441d36627a1d6b0fa4a813571ec4803687a7a3a7744685ac?s=96&d=mm&r=g\",\"url\":\"https:\\\/\\\/secure.gravatar.com\\\/avatar\\\/d27fe9520667ca53441d36627a1d6b0fa4a813571ec4803687a7a3a7744685ac?s=96&d=mm&r=g\",\"contentUrl\":\"https:\\\/\\\/secure.gravatar.com\\\/avatar\\\/d27fe9520667ca53441d36627a1d6b0fa4a813571ec4803687a7a3a7744685ac?s=96&d=mm&r=g\",\"caption\":\"Editor\"},\"url\":\"https:\\\/\\\/infopba247.com.ar\\\/index.php\\\/author\\\/editor\\\/\"}]}<\/script>\n<!-- \/ Yoast SEO plugin. -->","yoast_head_json":{"title":"Alak anunci\u00f3 el nuevo sistema de iluminaci\u00f3n y sonido de la Catedral y las actividades por el 142\u00ba aniversario - InfoPBA247","robots":{"index":"index","follow":"follow","max-snippet":"max-snippet:-1","max-image-preview":"max-image-preview:large","max-video-preview":"max-video-preview:-1"},"canonical":"https:\/\/infopba247.com.ar\/index.php\/2024\/11\/12\/alak-anuncio-el-nuevo-sistema-de-iluminacion-y-sonido-de-la-catedral-y-las-actividades-por-el-142o-aniversario\/","og_locale":"es_ES","og_type":"article","og_title":"Alak anunci\u00f3 el nuevo sistema de iluminaci\u00f3n y sonido de la Catedral y las actividades por el 142\u00ba aniversario - InfoPBA247","og_description":"El intendente Julio Alak present\u00f3 las actividades que llevar\u00e1 adelante la Municipalidad por los 142 a\u00f1os de La Plata, que","og_url":"https:\/\/infopba247.com.ar\/index.php\/2024\/11\/12\/alak-anuncio-el-nuevo-sistema-de-iluminacion-y-sonido-de-la-catedral-y-las-actividades-por-el-142o-aniversario\/","og_site_name":"InfoPBA247","article_publisher":"https:\/\/www.facebook.com\/InfoPBA","article_published_time":"2024-11-12T17:40:52+00:00","article_modified_time":"2024-11-12T17:40:53+00:00","og_image":[{"width":1600,"height":972,"url":"https:\/\/infopba247.com.ar\/wp-content\/uploads\/2024\/11\/unnamed-78.jpg","type":"image\/jpeg"}],"author":"Editor","twitter_card":"summary_large_image","twitter_misc":{"Escrito por":"Editor","Tiempo de lectura":"3 minutos"},"schema":{"@context":"https:\/\/schema.org","@graph":[{"@type":"Article","@id":"https:\/\/infopba247.com.ar\/index.php\/2024\/11\/12\/alak-anuncio-el-nuevo-sistema-de-iluminacion-y-sonido-de-la-catedral-y-las-actividades-por-el-142o-aniversario\/#article","isPartOf":{"@id":"https:\/\/infopba247.com.ar\/index.php\/2024\/11\/12\/alak-anuncio-el-nuevo-sistema-de-iluminacion-y-sonido-de-la-catedral-y-las-actividades-por-el-142o-aniversario\/"},"author":{"name":"Editor","@id":"https:\/\/infopba247.com.ar\/#\/schema\/person\/4975f1343a413e57bf839b3eed0099f2"},"headline":"Alak anunci\u00f3 el nuevo sistema de iluminaci\u00f3n y sonido de la Catedral y las actividades por el 142\u00ba aniversario","datePublished":"2024-11-12T17:40:52+00:00","dateModified":"2024-11-12T17:40:53+00:00","mainEntityOfPage":{"@id":"https:\/\/infopba247.com.ar\/index.php\/2024\/11\/12\/alak-anuncio-el-nuevo-sistema-de-iluminacion-y-sonido-de-la-catedral-y-las-actividades-por-el-142o-aniversario\/"},"wordCount":559,"commentCount":0,"publisher":{"@id":"https:\/\/infopba247.com.ar\/#organization"},"image":{"@id":"https:\/\/infopba247.com.ar\/index.php\/2024\/11\/12\/alak-anuncio-el-nuevo-sistema-de-iluminacion-y-sonido-de-la-catedral-y-las-actividades-por-el-142o-aniversario\/#primaryimage"},"thumbnailUrl":"https:\/\/infopba247.com.ar\/wp-content\/uploads\/2024\/11\/unnamed-78.jpg","articleSection":["8va Secci\u00f3n","Destacadas","Pol\u00edtica"],"inLanguage":"es","potentialAction":[{"@type":"CommentAction","name":"Comment","target":["https:\/\/infopba247.com.ar\/index.php\/2024\/11\/12\/alak-anuncio-el-nuevo-sistema-de-iluminacion-y-sonido-de-la-catedral-y-las-actividades-por-el-142o-aniversario\/#respond"]}]},{"@type":"WebPage","@id":"https:\/\/infopba247.com.ar\/index.php\/2024\/11\/12\/alak-anuncio-el-nuevo-sistema-de-iluminacion-y-sonido-de-la-catedral-y-las-actividades-por-el-142o-aniversario\/","url":"https:\/\/infopba247.com.ar\/index.php\/2024\/11\/12\/alak-anuncio-el-nuevo-sistema-de-iluminacion-y-sonido-de-la-catedral-y-las-actividades-por-el-142o-aniversario\/","name":"Alak anunci\u00f3 el nuevo sistema de iluminaci\u00f3n y sonido de la Catedral y las actividades por el 142\u00ba aniversario - InfoPBA247","isPartOf":{"@id":"https:\/\/infopba247.com.ar\/#website"},"primaryImageOfPage":{"@id":"https:\/\/infopba247.com.ar\/index.php\/2024\/11\/12\/alak-anuncio-el-nuevo-sistema-de-iluminacion-y-sonido-de-la-catedral-y-las-actividades-por-el-142o-aniversario\/#primaryimage"},"image":{"@id":"https:\/\/infopba247.com.ar\/index.php\/2024\/11\/12\/alak-anuncio-el-nuevo-sistema-de-iluminacion-y-sonido-de-la-catedral-y-las-actividades-por-el-142o-aniversario\/#primaryimage"},"thumbnailUrl":"https:\/\/infopba247.com.ar\/wp-content\/uploads\/2024\/11\/unnamed-78.jpg","datePublished":"2024-11-12T17:40:52+00:00","dateModified":"2024-11-12T17:40:53+00:00","breadcrumb":{"@id":"https:\/\/infopba247.com.ar\/index.php\/2024\/11\/12\/alak-anuncio-el-nuevo-sistema-de-iluminacion-y-sonido-de-la-catedral-y-las-actividades-por-el-142o-aniversario\/#breadcrumb"},"inLanguage":"es","potentialAction":[{"@type":"ReadAction","target":["https:\/\/infopba247.com.ar\/index.php\/2024\/11\/12\/alak-anuncio-el-nuevo-sistema-de-iluminacion-y-sonido-de-la-catedral-y-las-actividades-por-el-142o-aniversario\/"]}]},{"@type":"ImageObject","inLanguage":"es","@id":"https:\/\/infopba247.com.ar\/index.php\/2024\/11\/12\/alak-anuncio-el-nuevo-sistema-de-iluminacion-y-sonido-de-la-catedral-y-las-actividades-por-el-142o-aniversario\/#primaryimage","url":"https:\/\/infopba247.com.ar\/wp-content\/uploads\/2024\/11\/unnamed-78.jpg","contentUrl":"https:\/\/infopba247.com.ar\/wp-content\/uploads\/2024\/11\/unnamed-78.jpg","width":1600,"height":972},{"@type":"BreadcrumbList","@id":"https:\/\/infopba247.com.ar\/index.php\/2024\/11\/12\/alak-anuncio-el-nuevo-sistema-de-iluminacion-y-sonido-de-la-catedral-y-las-actividades-por-el-142o-aniversario\/#breadcrumb","itemListElement":[{"@type":"ListItem","position":1,"name":"Portada","item":"https:\/\/infopba247.com.ar\/"},{"@type":"ListItem","position":2,"name":"Alak anunci\u00f3 el nuevo sistema de iluminaci\u00f3n y sonido de la Catedral y las actividades por el 142\u00ba aniversario"}]},{"@type":"WebSite","@id":"https:\/\/infopba247.com.ar\/#website","url":"https:\/\/infopba247.com.ar\/","name":"InfoPBA247","description":"Toda la actualidad bonaerense","publisher":{"@id":"https:\/\/infopba247.com.ar\/#organization"},"potentialAction":[{"@type":"SearchAction","target":{"@type":"EntryPoint","urlTemplate":"https:\/\/infopba247.com.ar\/?s={search_term_string}"},"query-input":{"@type":"PropertyValueSpecification","valueRequired":true,"valueName":"search_term_string"}}],"inLanguage":"es"},{"@type":"Organization","@id":"https:\/\/infopba247.com.ar\/#organization","name":"InfoPBA247","url":"https:\/\/infopba247.com.ar\/","logo":{"@type":"ImageObject","inLanguage":"es","@id":"https:\/\/infopba247.com.ar\/#\/schema\/logo\/image\/","url":"https:\/\/infopba247.com.ar\/wp-content\/uploads\/2022\/03\/cropped-InfoPBA247-1.png","contentUrl":"https:\/\/infopba247.com.ar\/wp-content\/uploads\/2022\/03\/cropped-InfoPBA247-1.png","width":500,"height":122,"caption":"InfoPBA247"},"image":{"@id":"https:\/\/infopba247.com.ar\/#\/schema\/logo\/image\/"},"sameAs":["https:\/\/www.facebook.com\/InfoPBA"]},{"@type":"Person","@id":"https:\/\/infopba247.com.ar\/#\/schema\/person\/4975f1343a413e57bf839b3eed0099f2","name":"Editor","image":{"@type":"ImageObject","inLanguage":"es","@id":"https:\/\/secure.gravatar.com\/avatar\/d27fe9520667ca53441d36627a1d6b0fa4a813571ec4803687a7a3a7744685ac?s=96&d=mm&r=g","url":"https:\/\/secure.gravatar.com\/avatar\/d27fe9520667ca53441d36627a1d6b0fa4a813571ec4803687a7a3a7744685ac?s=96&d=mm&r=g","contentUrl":"https:\/\/secure.gravatar.com\/avatar\/d27fe9520667ca53441d36627a1d6b0fa4a813571ec4803687a7a3a7744685ac?s=96&d=mm&r=g","caption":"Editor"},"url":"https:\/\/infopba247.com.ar\/index.php\/author\/editor\/"}]}},"_links":{"self":[{"href":"https:\/\/infopba247.com.ar\/index.php\/wp-json\/wp\/v2\/posts\/5685","targetHints":{"allow":["GET"]}}],"collection":[{"href":"https:\/\/infopba247.com.ar\/index.php\/wp-json\/wp\/v2\/posts"}],"about":[{"href":"https:\/\/infopba247.com.ar\/index.php\/wp-json\/wp\/v2\/types\/post"}],"author":[{"embeddable":true,"href":"https:\/\/infopba247.com.ar\/index.php\/wp-json\/wp\/v2\/users\/3"}],"replies":[{"embeddable":true,"href":"https:\/\/infopba247.com.ar\/index.php\/wp-json\/wp\/v2\/comments?post=5685"}],"version-history":[{"count":1,"href":"https:\/\/infopba247.com.ar\/index.php\/wp-json\/wp\/v2\/posts\/5685\/revisions"}],"predecessor-version":[{"id":5687,"href":"https:\/\/infopba247.com.ar\/index.php\/wp-json\/wp\/v2\/posts\/5685\/revisions\/5687"}],"wp:featuredmedia":[{"embeddable":true,"href":"https:\/\/infopba247.com.ar\/index.php\/wp-json\/wp\/v2\/media\/5686"}],"wp:attachment":[{"href":"https:\/\/infopba247.com.ar\/index.php\/wp-json\/wp\/v2\/media?parent=5685"}],"wp:term":[{"taxonomy":"category","embeddable":true,"href":"https:\/\/infopba247.com.ar\/index.php\/wp-json\/wp\/v2\/categories?post=5685"},{"taxonomy":"post_tag","embeddable":true,"href":"https:\/\/infopba247.com.ar\/index.php\/wp-json\/wp\/v2\/tags?post=5685"}],"curies":[{"name":"wp","href":"https:\/\/api.w.org\/{rel}","templated":true}]}}