{"id":5653,"date":"2024-11-07T14:13:01","date_gmt":"2024-11-07T17:13:01","guid":{"rendered":"https:\/\/infopba247.com.ar\/?p=5653"},"modified":"2024-11-07T14:13:04","modified_gmt":"2024-11-07T17:13:04","slug":"coprotur-monte-hermoso-fue-anfitrion-del-encuentro-regional","status":"publish","type":"post","link":"https:\/\/infopba247.com.ar\/index.php\/2024\/11\/07\/coprotur-monte-hermoso-fue-anfitrion-del-encuentro-regional\/","title":{"rendered":"COPROTUR: Monte Hermoso fue anfitri\u00f3n del encuentro regional"},"content":{"rendered":"\n<p>El secretario de Turismo y Cultura, Franco Gentili, junto con la subsecretaria de Turismo de la Provincia de Bueno Aires, Soledad Mart\u00ednez, recibieron ayer a referentes de distintos municipios de la regi\u00f3n en el marco de un nuevo encuentro del Polo 5 del Consejo Provincial del Turismo (CoProTur), presidido por el titular de la cartera tur\u00edstica montehermose\u00f1a.<\/p>\n\n\n\n<p>La asamblea reuni\u00f3 a los representantes de distintos sectores bonaerenses ligados al turismo y en la misma se anunciaron herramientas que contribuir\u00e1n a la actividad de cara a la temporada 2024\/2025.<\/p>\n\n\n\n<p>\u201cEsta reuni\u00f3n es importante para diagramar el desarrollo tur\u00edstico de la regi\u00f3n potenciando losespacios y ofertas propias de cada lugar y a la vez compartir proyectos que prolonguen la estad\u00eda de los turistas\u201d manifest\u00f3 Mart\u00ednez.&nbsp;<\/p>\n\n\n\n<p>Durante el encuentro se repasaron las pol\u00edticas lanzadas desde el Ministerio de Producci\u00f3n, Ciencia e Innovaci\u00f3n Tecnol\u00f3gica para impulsar la actividad y el comercio y se anunciaron actividades itinerantes con las que contar\u00e1n los municipios tur\u00edsticos este verano de manera articulada con el Instituto Cultural y otros Ministerios provinciales. Previo a este encuentro, Gentili y Mart\u00ednez se reunieron con el intendente Hern\u00e1n Arranz en su Despacho para tratar distintos temas, entre ellos, sus expectativas para pr\u00f3xima temporada.<\/p>\n","protected":false},"excerpt":{"rendered":"<p>El secretario de Turismo y Cultura, Franco Gentili, junto con la subsecretaria de Turismo de la Provincia de Bueno Aires,<\/p>\n","protected":false},"author":3,"featured_media":5654,"comment_status":"open","ping_status":"open","sticky":false,"template":"","format":"standard","meta":{"colormag_page_container_layout":"default_layout","colormag_page_sidebar_layout":"default_layout","footnotes":""},"categories":[10,1,14],"tags":[],"class_list":["post-5653","post","type-post","status-publish","format-standard","has-post-thumbnail","hentry","category-6ta-seccion","category-destacadas","category-politica"],"yoast_head":"<!-- This site is optimized with the Yoast SEO plugin v27.5 - https:\/\/yoast.com\/product\/yoast-seo-wordpress\/ -->\n<title>COPROTUR: Monte Hermoso fue anfitri\u00f3n del encuentro regional - InfoPBA247<\/title>\n<meta name=\"robots\" content=\"index, follow, max-snippet:-1, max-image-preview:large, max-video-preview:-1\" \/>\n<link rel=\"canonical\" href=\"https:\/\/infopba247.com.ar\/index.php\/2024\/11\/07\/coprotur-monte-hermoso-fue-anfitrion-del-encuentro-regional\/\" \/>\n<meta property=\"og:locale\" content=\"es_ES\" \/>\n<meta property=\"og:type\" content=\"article\" \/>\n<meta property=\"og:title\" content=\"COPROTUR: Monte Hermoso fue anfitri\u00f3n del encuentro regional - InfoPBA247\" \/>\n<meta property=\"og:description\" content=\"El secretario de Turismo y Cultura, Franco Gentili, junto con la subsecretaria de Turismo de la Provincia de Bueno Aires,\" \/>\n<meta property=\"og:url\" content=\"https:\/\/infopba247.com.ar\/index.php\/2024\/11\/07\/coprotur-monte-hermoso-fue-anfitrion-del-encuentro-regional\/\" \/>\n<meta property=\"og:site_name\" content=\"InfoPBA247\" \/>\n<meta property=\"article:publisher\" content=\"https:\/\/www.facebook.com\/InfoPBA\" \/>\n<meta property=\"article:published_time\" content=\"2024-11-07T17:13:01+00:00\" \/>\n<meta property=\"article:modified_time\" content=\"2024-11-07T17:13:04+00:00\" \/>\n<meta property=\"og:image\" content=\"https:\/\/infopba247.com.ar\/wp-content\/uploads\/2024\/11\/465979504_1025434329624252_5580886587423034151_n.jpg\" \/>\n\t<meta property=\"og:image:width\" content=\"593\" \/>\n\t<meta property=\"og:image:height\" content=\"395\" \/>\n\t<meta property=\"og:image:type\" content=\"image\/jpeg\" \/>\n<meta name=\"author\" content=\"Editor\" \/>\n<meta name=\"twitter:card\" content=\"summary_large_image\" \/>\n<meta name=\"twitter:label1\" content=\"Escrito por\" \/>\n\t<meta name=\"twitter:data1\" content=\"Editor\" \/>\n\t<meta name=\"twitter:label2\" content=\"Tiempo de lectura\" \/>\n\t<meta name=\"twitter:data2\" content=\"2 minutos\" \/>\n<script type=\"application\/ld+json\" class=\"yoast-schema-graph\">{\"@context\":\"https:\\\/\\\/schema.org\",\"@graph\":[{\"@type\":\"Article\",\"@id\":\"https:\\\/\\\/infopba247.com.ar\\\/index.php\\\/2024\\\/11\\\/07\\\/coprotur-monte-hermoso-fue-anfitrion-del-encuentro-regional\\\/#article\",\"isPartOf\":{\"@id\":\"https:\\\/\\\/infopba247.com.ar\\\/index.php\\\/2024\\\/11\\\/07\\\/coprotur-monte-hermoso-fue-anfitrion-del-encuentro-regional\\\/\"},\"author\":{\"name\":\"Editor\",\"@id\":\"https:\\\/\\\/infopba247.com.ar\\\/#\\\/schema\\\/person\\\/4975f1343a413e57bf839b3eed0099f2\"},\"headline\":\"COPROTUR: Monte Hermoso fue anfitri\u00f3n del encuentro regional\",\"datePublished\":\"2024-11-07T17:13:01+00:00\",\"dateModified\":\"2024-11-07T17:13:04+00:00\",\"mainEntityOfPage\":{\"@id\":\"https:\\\/\\\/infopba247.com.ar\\\/index.php\\\/2024\\\/11\\\/07\\\/coprotur-monte-hermoso-fue-anfitrion-del-encuentro-regional\\\/\"},\"wordCount\":227,\"commentCount\":0,\"publisher\":{\"@id\":\"https:\\\/\\\/infopba247.com.ar\\\/#organization\"},\"image\":{\"@id\":\"https:\\\/\\\/infopba247.com.ar\\\/index.php\\\/2024\\\/11\\\/07\\\/coprotur-monte-hermoso-fue-anfitrion-del-encuentro-regional\\\/#primaryimage\"},\"thumbnailUrl\":\"https:\\\/\\\/infopba247.com.ar\\\/wp-content\\\/uploads\\\/2024\\\/11\\\/465979504_1025434329624252_5580886587423034151_n.jpg\",\"articleSection\":[\"6ta Secci\u00f3n\",\"Destacadas\",\"Pol\u00edtica\"],\"inLanguage\":\"es\",\"potentialAction\":[{\"@type\":\"CommentAction\",\"name\":\"Comment\",\"target\":[\"https:\\\/\\\/infopba247.com.ar\\\/index.php\\\/2024\\\/11\\\/07\\\/coprotur-monte-hermoso-fue-anfitrion-del-encuentro-regional\\\/#respond\"]}]},{\"@type\":\"WebPage\",\"@id\":\"https:\\\/\\\/infopba247.com.ar\\\/index.php\\\/2024\\\/11\\\/07\\\/coprotur-monte-hermoso-fue-anfitrion-del-encuentro-regional\\\/\",\"url\":\"https:\\\/\\\/infopba247.com.ar\\\/index.php\\\/2024\\\/11\\\/07\\\/coprotur-monte-hermoso-fue-anfitrion-del-encuentro-regional\\\/\",\"name\":\"COPROTUR: Monte Hermoso fue anfitri\u00f3n del encuentro regional - InfoPBA247\",\"isPartOf\":{\"@id\":\"https:\\\/\\\/infopba247.com.ar\\\/#website\"},\"primaryImageOfPage\":{\"@id\":\"https:\\\/\\\/infopba247.com.ar\\\/index.php\\\/2024\\\/11\\\/07\\\/coprotur-monte-hermoso-fue-anfitrion-del-encuentro-regional\\\/#primaryimage\"},\"image\":{\"@id\":\"https:\\\/\\\/infopba247.com.ar\\\/index.php\\\/2024\\\/11\\\/07\\\/coprotur-monte-hermoso-fue-anfitrion-del-encuentro-regional\\\/#primaryimage\"},\"thumbnailUrl\":\"https:\\\/\\\/infopba247.com.ar\\\/wp-content\\\/uploads\\\/2024\\\/11\\\/465979504_1025434329624252_5580886587423034151_n.jpg\",\"datePublished\":\"2024-11-07T17:13:01+00:00\",\"dateModified\":\"2024-11-07T17:13:04+00:00\",\"breadcrumb\":{\"@id\":\"https:\\\/\\\/infopba247.com.ar\\\/index.php\\\/2024\\\/11\\\/07\\\/coprotur-monte-hermoso-fue-anfitrion-del-encuentro-regional\\\/#breadcrumb\"},\"inLanguage\":\"es\",\"potentialAction\":[{\"@type\":\"ReadAction\",\"target\":[\"https:\\\/\\\/infopba247.com.ar\\\/index.php\\\/2024\\\/11\\\/07\\\/coprotur-monte-hermoso-fue-anfitrion-del-encuentro-regional\\\/\"]}]},{\"@type\":\"ImageObject\",\"inLanguage\":\"es\",\"@id\":\"https:\\\/\\\/infopba247.com.ar\\\/index.php\\\/2024\\\/11\\\/07\\\/coprotur-monte-hermoso-fue-anfitrion-del-encuentro-regional\\\/#primaryimage\",\"url\":\"https:\\\/\\\/infopba247.com.ar\\\/wp-content\\\/uploads\\\/2024\\\/11\\\/465979504_1025434329624252_5580886587423034151_n.jpg\",\"contentUrl\":\"https:\\\/\\\/infopba247.com.ar\\\/wp-content\\\/uploads\\\/2024\\\/11\\\/465979504_1025434329624252_5580886587423034151_n.jpg\",\"width\":593,\"height\":395},{\"@type\":\"BreadcrumbList\",\"@id\":\"https:\\\/\\\/infopba247.com.ar\\\/index.php\\\/2024\\\/11\\\/07\\\/coprotur-monte-hermoso-fue-anfitrion-del-encuentro-regional\\\/#breadcrumb\",\"itemListElement\":[{\"@type\":\"ListItem\",\"position\":1,\"name\":\"Portada\",\"item\":\"https:\\\/\\\/infopba247.com.ar\\\/\"},{\"@type\":\"ListItem\",\"position\":2,\"name\":\"COPROTUR: Monte Hermoso fue anfitri\u00f3n del encuentro regional\"}]},{\"@type\":\"WebSite\",\"@id\":\"https:\\\/\\\/infopba247.com.ar\\\/#website\",\"url\":\"https:\\\/\\\/infopba247.com.ar\\\/\",\"name\":\"InfoPBA247\",\"description\":\"Toda la actualidad bonaerense\",\"publisher\":{\"@id\":\"https:\\\/\\\/infopba247.com.ar\\\/#organization\"},\"potentialAction\":[{\"@type\":\"SearchAction\",\"target\":{\"@type\":\"EntryPoint\",\"urlTemplate\":\"https:\\\/\\\/infopba247.com.ar\\\/?s={search_term_string}\"},\"query-input\":{\"@type\":\"PropertyValueSpecification\",\"valueRequired\":true,\"valueName\":\"search_term_string\"}}],\"inLanguage\":\"es\"},{\"@type\":\"Organization\",\"@id\":\"https:\\\/\\\/infopba247.com.ar\\\/#organization\",\"name\":\"InfoPBA247\",\"url\":\"https:\\\/\\\/infopba247.com.ar\\\/\",\"logo\":{\"@type\":\"ImageObject\",\"inLanguage\":\"es\",\"@id\":\"https:\\\/\\\/infopba247.com.ar\\\/#\\\/schema\\\/logo\\\/image\\\/\",\"url\":\"https:\\\/\\\/infopba247.com.ar\\\/wp-content\\\/uploads\\\/2022\\\/03\\\/cropped-InfoPBA247-1.png\",\"contentUrl\":\"https:\\\/\\\/infopba247.com.ar\\\/wp-content\\\/uploads\\\/2022\\\/03\\\/cropped-InfoPBA247-1.png\",\"width\":500,\"height\":122,\"caption\":\"InfoPBA247\"},\"image\":{\"@id\":\"https:\\\/\\\/infopba247.com.ar\\\/#\\\/schema\\\/logo\\\/image\\\/\"},\"sameAs\":[\"https:\\\/\\\/www.facebook.com\\\/InfoPBA\"]},{\"@type\":\"Person\",\"@id\":\"https:\\\/\\\/infopba247.com.ar\\\/#\\\/schema\\\/person\\\/4975f1343a413e57bf839b3eed0099f2\",\"name\":\"Editor\",\"image\":{\"@type\":\"ImageObject\",\"inLanguage\":\"es\",\"@id\":\"https:\\\/\\\/secure.gravatar.com\\\/avatar\\\/d27fe9520667ca53441d36627a1d6b0fa4a813571ec4803687a7a3a7744685ac?s=96&d=mm&r=g\",\"url\":\"https:\\\/\\\/secure.gravatar.com\\\/avatar\\\/d27fe9520667ca53441d36627a1d6b0fa4a813571ec4803687a7a3a7744685ac?s=96&d=mm&r=g\",\"contentUrl\":\"https:\\\/\\\/secure.gravatar.com\\\/avatar\\\/d27fe9520667ca53441d36627a1d6b0fa4a813571ec4803687a7a3a7744685ac?s=96&d=mm&r=g\",\"caption\":\"Editor\"},\"url\":\"https:\\\/\\\/infopba247.com.ar\\\/index.php\\\/author\\\/editor\\\/\"}]}<\/script>\n<!-- \/ Yoast SEO plugin. -->","yoast_head_json":{"title":"COPROTUR: Monte Hermoso fue anfitri\u00f3n del encuentro regional - InfoPBA247","robots":{"index":"index","follow":"follow","max-snippet":"max-snippet:-1","max-image-preview":"max-image-preview:large","max-video-preview":"max-video-preview:-1"},"canonical":"https:\/\/infopba247.com.ar\/index.php\/2024\/11\/07\/coprotur-monte-hermoso-fue-anfitrion-del-encuentro-regional\/","og_locale":"es_ES","og_type":"article","og_title":"COPROTUR: Monte Hermoso fue anfitri\u00f3n del encuentro regional - InfoPBA247","og_description":"El secretario de Turismo y Cultura, Franco Gentili, junto con la subsecretaria de Turismo de la Provincia de Bueno Aires,","og_url":"https:\/\/infopba247.com.ar\/index.php\/2024\/11\/07\/coprotur-monte-hermoso-fue-anfitrion-del-encuentro-regional\/","og_site_name":"InfoPBA247","article_publisher":"https:\/\/www.facebook.com\/InfoPBA","article_published_time":"2024-11-07T17:13:01+00:00","article_modified_time":"2024-11-07T17:13:04+00:00","og_image":[{"width":593,"height":395,"url":"https:\/\/infopba247.com.ar\/wp-content\/uploads\/2024\/11\/465979504_1025434329624252_5580886587423034151_n.jpg","type":"image\/jpeg"}],"author":"Editor","twitter_card":"summary_large_image","twitter_misc":{"Escrito por":"Editor","Tiempo de lectura":"2 minutos"},"schema":{"@context":"https:\/\/schema.org","@graph":[{"@type":"Article","@id":"https:\/\/infopba247.com.ar\/index.php\/2024\/11\/07\/coprotur-monte-hermoso-fue-anfitrion-del-encuentro-regional\/#article","isPartOf":{"@id":"https:\/\/infopba247.com.ar\/index.php\/2024\/11\/07\/coprotur-monte-hermoso-fue-anfitrion-del-encuentro-regional\/"},"author":{"name":"Editor","@id":"https:\/\/infopba247.com.ar\/#\/schema\/person\/4975f1343a413e57bf839b3eed0099f2"},"headline":"COPROTUR: Monte Hermoso fue anfitri\u00f3n del encuentro regional","datePublished":"2024-11-07T17:13:01+00:00","dateModified":"2024-11-07T17:13:04+00:00","mainEntityOfPage":{"@id":"https:\/\/infopba247.com.ar\/index.php\/2024\/11\/07\/coprotur-monte-hermoso-fue-anfitrion-del-encuentro-regional\/"},"wordCount":227,"commentCount":0,"publisher":{"@id":"https:\/\/infopba247.com.ar\/#organization"},"image":{"@id":"https:\/\/infopba247.com.ar\/index.php\/2024\/11\/07\/coprotur-monte-hermoso-fue-anfitrion-del-encuentro-regional\/#primaryimage"},"thumbnailUrl":"https:\/\/infopba247.com.ar\/wp-content\/uploads\/2024\/11\/465979504_1025434329624252_5580886587423034151_n.jpg","articleSection":["6ta Secci\u00f3n","Destacadas","Pol\u00edtica"],"inLanguage":"es","potentialAction":[{"@type":"CommentAction","name":"Comment","target":["https:\/\/infopba247.com.ar\/index.php\/2024\/11\/07\/coprotur-monte-hermoso-fue-anfitrion-del-encuentro-regional\/#respond"]}]},{"@type":"WebPage","@id":"https:\/\/infopba247.com.ar\/index.php\/2024\/11\/07\/coprotur-monte-hermoso-fue-anfitrion-del-encuentro-regional\/","url":"https:\/\/infopba247.com.ar\/index.php\/2024\/11\/07\/coprotur-monte-hermoso-fue-anfitrion-del-encuentro-regional\/","name":"COPROTUR: Monte Hermoso fue anfitri\u00f3n del encuentro regional - InfoPBA247","isPartOf":{"@id":"https:\/\/infopba247.com.ar\/#website"},"primaryImageOfPage":{"@id":"https:\/\/infopba247.com.ar\/index.php\/2024\/11\/07\/coprotur-monte-hermoso-fue-anfitrion-del-encuentro-regional\/#primaryimage"},"image":{"@id":"https:\/\/infopba247.com.ar\/index.php\/2024\/11\/07\/coprotur-monte-hermoso-fue-anfitrion-del-encuentro-regional\/#primaryimage"},"thumbnailUrl":"https:\/\/infopba247.com.ar\/wp-content\/uploads\/2024\/11\/465979504_1025434329624252_5580886587423034151_n.jpg","datePublished":"2024-11-07T17:13:01+00:00","dateModified":"2024-11-07T17:13:04+00:00","breadcrumb":{"@id":"https:\/\/infopba247.com.ar\/index.php\/2024\/11\/07\/coprotur-monte-hermoso-fue-anfitrion-del-encuentro-regional\/#breadcrumb"},"inLanguage":"es","potentialAction":[{"@type":"ReadAction","target":["https:\/\/infopba247.com.ar\/index.php\/2024\/11\/07\/coprotur-monte-hermoso-fue-anfitrion-del-encuentro-regional\/"]}]},{"@type":"ImageObject","inLanguage":"es","@id":"https:\/\/infopba247.com.ar\/index.php\/2024\/11\/07\/coprotur-monte-hermoso-fue-anfitrion-del-encuentro-regional\/#primaryimage","url":"https:\/\/infopba247.com.ar\/wp-content\/uploads\/2024\/11\/465979504_1025434329624252_5580886587423034151_n.jpg","contentUrl":"https:\/\/infopba247.com.ar\/wp-content\/uploads\/2024\/11\/465979504_1025434329624252_5580886587423034151_n.jpg","width":593,"height":395},{"@type":"BreadcrumbList","@id":"https:\/\/infopba247.com.ar\/index.php\/2024\/11\/07\/coprotur-monte-hermoso-fue-anfitrion-del-encuentro-regional\/#breadcrumb","itemListElement":[{"@type":"ListItem","position":1,"name":"Portada","item":"https:\/\/infopba247.com.ar\/"},{"@type":"ListItem","position":2,"name":"COPROTUR: Monte Hermoso fue anfitri\u00f3n del encuentro regional"}]},{"@type":"WebSite","@id":"https:\/\/infopba247.com.ar\/#website","url":"https:\/\/infopba247.com.ar\/","name":"InfoPBA247","description":"Toda la actualidad bonaerense","publisher":{"@id":"https:\/\/infopba247.com.ar\/#organization"},"potentialAction":[{"@type":"SearchAction","target":{"@type":"EntryPoint","urlTemplate":"https:\/\/infopba247.com.ar\/?s={search_term_string}"},"query-input":{"@type":"PropertyValueSpecification","valueRequired":true,"valueName":"search_term_string"}}],"inLanguage":"es"},{"@type":"Organization","@id":"https:\/\/infopba247.com.ar\/#organization","name":"InfoPBA247","url":"https:\/\/infopba247.com.ar\/","logo":{"@type":"ImageObject","inLanguage":"es","@id":"https:\/\/infopba247.com.ar\/#\/schema\/logo\/image\/","url":"https:\/\/infopba247.com.ar\/wp-content\/uploads\/2022\/03\/cropped-InfoPBA247-1.png","contentUrl":"https:\/\/infopba247.com.ar\/wp-content\/uploads\/2022\/03\/cropped-InfoPBA247-1.png","width":500,"height":122,"caption":"InfoPBA247"},"image":{"@id":"https:\/\/infopba247.com.ar\/#\/schema\/logo\/image\/"},"sameAs":["https:\/\/www.facebook.com\/InfoPBA"]},{"@type":"Person","@id":"https:\/\/infopba247.com.ar\/#\/schema\/person\/4975f1343a413e57bf839b3eed0099f2","name":"Editor","image":{"@type":"ImageObject","inLanguage":"es","@id":"https:\/\/secure.gravatar.com\/avatar\/d27fe9520667ca53441d36627a1d6b0fa4a813571ec4803687a7a3a7744685ac?s=96&d=mm&r=g","url":"https:\/\/secure.gravatar.com\/avatar\/d27fe9520667ca53441d36627a1d6b0fa4a813571ec4803687a7a3a7744685ac?s=96&d=mm&r=g","contentUrl":"https:\/\/secure.gravatar.com\/avatar\/d27fe9520667ca53441d36627a1d6b0fa4a813571ec4803687a7a3a7744685ac?s=96&d=mm&r=g","caption":"Editor"},"url":"https:\/\/infopba247.com.ar\/index.php\/author\/editor\/"}]}},"_links":{"self":[{"href":"https:\/\/infopba247.com.ar\/index.php\/wp-json\/wp\/v2\/posts\/5653","targetHints":{"allow":["GET"]}}],"collection":[{"href":"https:\/\/infopba247.com.ar\/index.php\/wp-json\/wp\/v2\/posts"}],"about":[{"href":"https:\/\/infopba247.com.ar\/index.php\/wp-json\/wp\/v2\/types\/post"}],"author":[{"embeddable":true,"href":"https:\/\/infopba247.com.ar\/index.php\/wp-json\/wp\/v2\/users\/3"}],"replies":[{"embeddable":true,"href":"https:\/\/infopba247.com.ar\/index.php\/wp-json\/wp\/v2\/comments?post=5653"}],"version-history":[{"count":1,"href":"https:\/\/infopba247.com.ar\/index.php\/wp-json\/wp\/v2\/posts\/5653\/revisions"}],"predecessor-version":[{"id":5655,"href":"https:\/\/infopba247.com.ar\/index.php\/wp-json\/wp\/v2\/posts\/5653\/revisions\/5655"}],"wp:featuredmedia":[{"embeddable":true,"href":"https:\/\/infopba247.com.ar\/index.php\/wp-json\/wp\/v2\/media\/5654"}],"wp:attachment":[{"href":"https:\/\/infopba247.com.ar\/index.php\/wp-json\/wp\/v2\/media?parent=5653"}],"wp:term":[{"taxonomy":"category","embeddable":true,"href":"https:\/\/infopba247.com.ar\/index.php\/wp-json\/wp\/v2\/categories?post=5653"},{"taxonomy":"post_tag","embeddable":true,"href":"https:\/\/infopba247.com.ar\/index.php\/wp-json\/wp\/v2\/tags?post=5653"}],"curies":[{"name":"wp","href":"https:\/\/api.w.org\/{rel}","templated":true}]}}