{"id":5626,"date":"2024-11-05T07:56:40","date_gmt":"2024-11-05T10:56:40","guid":{"rendered":"https:\/\/infopba247.com.ar\/?p=5626"},"modified":"2024-11-05T07:56:41","modified_gmt":"2024-11-05T10:56:41","slug":"inauguracion-de-la-escuela-municipal-de-guardaparques-en-moreno-un-hito-para-la-proteccion-del-ambiente","status":"publish","type":"post","link":"https:\/\/infopba247.com.ar\/index.php\/2024\/11\/05\/inauguracion-de-la-escuela-municipal-de-guardaparques-en-moreno-un-hito-para-la-proteccion-del-ambiente\/","title":{"rendered":"Inauguraci\u00f3n de la Escuela Municipal de Guardaparques en Moreno: un hito para la protecci\u00f3n del ambiente"},"content":{"rendered":"\n<p>Con una concurrida asistencia y la presencia de autoridades locales, el Municipio llev\u00f3 a cabo la inauguraci\u00f3n de la primera Escuela Municipal de Guardaparques en la Reserva Los Robles. Este proyecto, est\u00e1 enmarcado en las pol\u00edticas ambientales de la gesti\u00f3n municipal cuyo objetivo es la formaci\u00f3n de personas comprometidas con la conservaci\u00f3n y el cuidado del ambiente, en un contexto donde el cambio clim\u00e1tico y la degradaci\u00f3n ambiental son desaf\u00edos urgentes.<\/p>\n\n\n\n<p>La Escuela abre sus puertas con el objetivo de capacitar y sensibilizar a aquellas personas interesadas en el manejo de \u00e1reas naturales. En esta primera etapa, la Escuela impartir\u00e1 el Curso de Auxiliar de Guardaparques, en el que 240 inscriptas e inscriptos iniciar\u00e1n su formaci\u00f3n. Este curso ofrece una preparaci\u00f3n te\u00f3rica y pr\u00e1ctica, con una carga horaria de dos encuentros semanales. Las clases, que combinan modalidad virtual y presencial, permitir\u00e1n a las y los participantes adquirir conocimientos en \u00e1reas como manejo biol\u00f3gico, administraci\u00f3n de \u00e1reas naturales, atenci\u00f3n a las y los visitantes, normativa, y t\u00e9cnicas de conservaci\u00f3n.<\/p>\n\n\n\n<p>El perfil de quienes participan en esta formaci\u00f3n es diverso: desde personal auxiliar, hasta voluntarios, vecinas y vecinos comprometidos con el medio ambiente. Este enfoque inclusivo busca fortalecer el v\u00ednculo entre la comunidad y sus \u00e1reas naturales. Adem\u00e1s, se brindar\u00e1n oportunidades de formaci\u00f3n para quienes deseen profundizar en la gesti\u00f3n ambiental y en el cuidado de espacios verdes comunitarios.<\/p>\n\n\n\n<p>Asimismo, la propuesta incluye una formaci\u00f3n transdisciplinaria que integra el trabajo de campo con la educaci\u00f3n ambiental y la gesti\u00f3n de \u00e1reas protegidas. En este sentido, el curso contempla asignaturas que van desde la administraci\u00f3n de reservas urbanas hasta el estudio de flora y fauna locales, evaluaci\u00f3n de recursos, y estrategias de turismo y recreaci\u00f3n sustentables.<\/p>\n\n\n\n<p>Para garantizar una capacitaci\u00f3n de alto nivel, la Escuela de Guardaparques cuenta con el apoyo de la Direcci\u00f3n Municipal de Guardaparques, la cual buscar\u00e1 articular con diversas instituciones reconocidas en el \u00e1mbito ambiental. Entre las entidades convocadas se destacan la Administraci\u00f3n de Parques Nacionales, la Universidad de Buenos Aires, la Fundaci\u00f3n Vida Silvestre Argentina y Aves Argentinas, quienes aportar\u00e1n docentes con experiencia en \u00e1reas naturales y educaci\u00f3n ambiental.<\/p>\n\n\n\n<p>La iniciativa, que no implica contratos laborales con el Municipio, es una clara invitaci\u00f3n a que la comunidad se involucre en la protecci\u00f3n de los espacios naturales. Al finalizar el curso, las y los participantes recibir\u00e1n un certificado municipal y quienes hayan completado el 75% de la cursada y aprobado las evaluaciones estar\u00e1n habilitados para colaborar en tareas de manejo y conservaci\u00f3n de las \u00e1reas naturales del distrito.<\/p>\n\n\n\n<p>Fueron part\u00edcipes del lanzamiento la secretaria de Ambiente y Desarrollo Sostenible local, Daiana Anad\u00f3n; el presidente del HCD, Emmanuel Fern\u00e1ndez; el coordinador general de Guardaparques Jos\u00e9 Barreiro y otras autoridades municipales.<\/p>\n","protected":false},"excerpt":{"rendered":"<p>Con una concurrida asistencia y la presencia de autoridades locales, el Municipio llev\u00f3 a cabo la inauguraci\u00f3n de la primera<\/p>\n","protected":false},"author":3,"featured_media":5620,"comment_status":"open","ping_status":"open","sticky":false,"template":"","format":"standard","meta":{"colormag_page_container_layout":"default_layout","colormag_page_sidebar_layout":"default_layout","footnotes":""},"categories":[5,1,14],"tags":[],"class_list":["post-5626","post","type-post","status-publish","format-standard","has-post-thumbnail","hentry","category-1ra-seccion","category-destacadas","category-politica"],"yoast_head":"<!-- This site is optimized with the Yoast SEO plugin v27.4 - https:\/\/yoast.com\/product\/yoast-seo-wordpress\/ -->\n<title>Inauguraci\u00f3n de la Escuela Municipal de Guardaparques en Moreno: un hito para la protecci\u00f3n del ambiente - InfoPBA247<\/title>\n<meta name=\"robots\" content=\"index, follow, max-snippet:-1, max-image-preview:large, max-video-preview:-1\" \/>\n<link rel=\"canonical\" href=\"https:\/\/infopba247.com.ar\/index.php\/2024\/11\/05\/inauguracion-de-la-escuela-municipal-de-guardaparques-en-moreno-un-hito-para-la-proteccion-del-ambiente\/\" \/>\n<meta property=\"og:locale\" content=\"es_ES\" \/>\n<meta property=\"og:type\" content=\"article\" \/>\n<meta property=\"og:title\" content=\"Inauguraci\u00f3n de la Escuela Municipal de Guardaparques en Moreno: un hito para la protecci\u00f3n del ambiente - InfoPBA247\" \/>\n<meta property=\"og:description\" content=\"Con una concurrida asistencia y la presencia de autoridades locales, el Municipio llev\u00f3 a cabo la inauguraci\u00f3n de la primera\" \/>\n<meta property=\"og:url\" content=\"https:\/\/infopba247.com.ar\/index.php\/2024\/11\/05\/inauguracion-de-la-escuela-municipal-de-guardaparques-en-moreno-un-hito-para-la-proteccion-del-ambiente\/\" \/>\n<meta property=\"og:site_name\" content=\"InfoPBA247\" \/>\n<meta property=\"article:publisher\" content=\"https:\/\/www.facebook.com\/InfoPBA\" \/>\n<meta property=\"article:published_time\" content=\"2024-11-05T10:56:40+00:00\" \/>\n<meta property=\"article:modified_time\" content=\"2024-11-05T10:56:41+00:00\" \/>\n<meta property=\"og:image\" content=\"https:\/\/infopba247.com.ar\/wp-content\/uploads\/2024\/11\/escuela-de-guardaparques5-scaled.jpg\" \/>\n\t<meta property=\"og:image:width\" content=\"2560\" \/>\n\t<meta property=\"og:image:height\" content=\"1440\" \/>\n\t<meta property=\"og:image:type\" content=\"image\/jpeg\" \/>\n<meta name=\"author\" content=\"Editor\" \/>\n<meta name=\"twitter:card\" content=\"summary_large_image\" \/>\n<meta name=\"twitter:label1\" content=\"Escrito por\" \/>\n\t<meta name=\"twitter:data1\" content=\"Editor\" \/>\n\t<meta name=\"twitter:label2\" content=\"Tiempo de lectura\" \/>\n\t<meta name=\"twitter:data2\" content=\"3 minutos\" \/>\n<script type=\"application\/ld+json\" class=\"yoast-schema-graph\">{\"@context\":\"https:\\\/\\\/schema.org\",\"@graph\":[{\"@type\":\"Article\",\"@id\":\"https:\\\/\\\/infopba247.com.ar\\\/index.php\\\/2024\\\/11\\\/05\\\/inauguracion-de-la-escuela-municipal-de-guardaparques-en-moreno-un-hito-para-la-proteccion-del-ambiente\\\/#article\",\"isPartOf\":{\"@id\":\"https:\\\/\\\/infopba247.com.ar\\\/index.php\\\/2024\\\/11\\\/05\\\/inauguracion-de-la-escuela-municipal-de-guardaparques-en-moreno-un-hito-para-la-proteccion-del-ambiente\\\/\"},\"author\":{\"name\":\"Editor\",\"@id\":\"https:\\\/\\\/infopba247.com.ar\\\/#\\\/schema\\\/person\\\/4975f1343a413e57bf839b3eed0099f2\"},\"headline\":\"Inauguraci\u00f3n de la Escuela Municipal de Guardaparques en Moreno: un hito para la protecci\u00f3n del ambiente\",\"datePublished\":\"2024-11-05T10:56:40+00:00\",\"dateModified\":\"2024-11-05T10:56:41+00:00\",\"mainEntityOfPage\":{\"@id\":\"https:\\\/\\\/infopba247.com.ar\\\/index.php\\\/2024\\\/11\\\/05\\\/inauguracion-de-la-escuela-municipal-de-guardaparques-en-moreno-un-hito-para-la-proteccion-del-ambiente\\\/\"},\"wordCount\":511,\"commentCount\":0,\"publisher\":{\"@id\":\"https:\\\/\\\/infopba247.com.ar\\\/#organization\"},\"image\":{\"@id\":\"https:\\\/\\\/infopba247.com.ar\\\/index.php\\\/2024\\\/11\\\/05\\\/inauguracion-de-la-escuela-municipal-de-guardaparques-en-moreno-un-hito-para-la-proteccion-del-ambiente\\\/#primaryimage\"},\"thumbnailUrl\":\"https:\\\/\\\/infopba247.com.ar\\\/wp-content\\\/uploads\\\/2024\\\/11\\\/escuela-de-guardaparques5-scaled.jpg\",\"articleSection\":[\"1ra Secci\u00f3n\",\"Destacadas\",\"Pol\u00edtica\"],\"inLanguage\":\"es\",\"potentialAction\":[{\"@type\":\"CommentAction\",\"name\":\"Comment\",\"target\":[\"https:\\\/\\\/infopba247.com.ar\\\/index.php\\\/2024\\\/11\\\/05\\\/inauguracion-de-la-escuela-municipal-de-guardaparques-en-moreno-un-hito-para-la-proteccion-del-ambiente\\\/#respond\"]}]},{\"@type\":\"WebPage\",\"@id\":\"https:\\\/\\\/infopba247.com.ar\\\/index.php\\\/2024\\\/11\\\/05\\\/inauguracion-de-la-escuela-municipal-de-guardaparques-en-moreno-un-hito-para-la-proteccion-del-ambiente\\\/\",\"url\":\"https:\\\/\\\/infopba247.com.ar\\\/index.php\\\/2024\\\/11\\\/05\\\/inauguracion-de-la-escuela-municipal-de-guardaparques-en-moreno-un-hito-para-la-proteccion-del-ambiente\\\/\",\"name\":\"Inauguraci\u00f3n de la Escuela Municipal de Guardaparques en Moreno: un hito para la protecci\u00f3n del ambiente - InfoPBA247\",\"isPartOf\":{\"@id\":\"https:\\\/\\\/infopba247.com.ar\\\/#website\"},\"primaryImageOfPage\":{\"@id\":\"https:\\\/\\\/infopba247.com.ar\\\/index.php\\\/2024\\\/11\\\/05\\\/inauguracion-de-la-escuela-municipal-de-guardaparques-en-moreno-un-hito-para-la-proteccion-del-ambiente\\\/#primaryimage\"},\"image\":{\"@id\":\"https:\\\/\\\/infopba247.com.ar\\\/index.php\\\/2024\\\/11\\\/05\\\/inauguracion-de-la-escuela-municipal-de-guardaparques-en-moreno-un-hito-para-la-proteccion-del-ambiente\\\/#primaryimage\"},\"thumbnailUrl\":\"https:\\\/\\\/infopba247.com.ar\\\/wp-content\\\/uploads\\\/2024\\\/11\\\/escuela-de-guardaparques5-scaled.jpg\",\"datePublished\":\"2024-11-05T10:56:40+00:00\",\"dateModified\":\"2024-11-05T10:56:41+00:00\",\"breadcrumb\":{\"@id\":\"https:\\\/\\\/infopba247.com.ar\\\/index.php\\\/2024\\\/11\\\/05\\\/inauguracion-de-la-escuela-municipal-de-guardaparques-en-moreno-un-hito-para-la-proteccion-del-ambiente\\\/#breadcrumb\"},\"inLanguage\":\"es\",\"potentialAction\":[{\"@type\":\"ReadAction\",\"target\":[\"https:\\\/\\\/infopba247.com.ar\\\/index.php\\\/2024\\\/11\\\/05\\\/inauguracion-de-la-escuela-municipal-de-guardaparques-en-moreno-un-hito-para-la-proteccion-del-ambiente\\\/\"]}]},{\"@type\":\"ImageObject\",\"inLanguage\":\"es\",\"@id\":\"https:\\\/\\\/infopba247.com.ar\\\/index.php\\\/2024\\\/11\\\/05\\\/inauguracion-de-la-escuela-municipal-de-guardaparques-en-moreno-un-hito-para-la-proteccion-del-ambiente\\\/#primaryimage\",\"url\":\"https:\\\/\\\/infopba247.com.ar\\\/wp-content\\\/uploads\\\/2024\\\/11\\\/escuela-de-guardaparques5-scaled.jpg\",\"contentUrl\":\"https:\\\/\\\/infopba247.com.ar\\\/wp-content\\\/uploads\\\/2024\\\/11\\\/escuela-de-guardaparques5-scaled.jpg\",\"width\":2560,\"height\":1440},{\"@type\":\"BreadcrumbList\",\"@id\":\"https:\\\/\\\/infopba247.com.ar\\\/index.php\\\/2024\\\/11\\\/05\\\/inauguracion-de-la-escuela-municipal-de-guardaparques-en-moreno-un-hito-para-la-proteccion-del-ambiente\\\/#breadcrumb\",\"itemListElement\":[{\"@type\":\"ListItem\",\"position\":1,\"name\":\"Portada\",\"item\":\"https:\\\/\\\/infopba247.com.ar\\\/\"},{\"@type\":\"ListItem\",\"position\":2,\"name\":\"Inauguraci\u00f3n de la Escuela Municipal de Guardaparques en Moreno: un hito para la protecci\u00f3n del ambiente\"}]},{\"@type\":\"WebSite\",\"@id\":\"https:\\\/\\\/infopba247.com.ar\\\/#website\",\"url\":\"https:\\\/\\\/infopba247.com.ar\\\/\",\"name\":\"InfoPBA247\",\"description\":\"Toda la actualidad bonaerense\",\"publisher\":{\"@id\":\"https:\\\/\\\/infopba247.com.ar\\\/#organization\"},\"potentialAction\":[{\"@type\":\"SearchAction\",\"target\":{\"@type\":\"EntryPoint\",\"urlTemplate\":\"https:\\\/\\\/infopba247.com.ar\\\/?s={search_term_string}\"},\"query-input\":{\"@type\":\"PropertyValueSpecification\",\"valueRequired\":true,\"valueName\":\"search_term_string\"}}],\"inLanguage\":\"es\"},{\"@type\":\"Organization\",\"@id\":\"https:\\\/\\\/infopba247.com.ar\\\/#organization\",\"name\":\"InfoPBA247\",\"url\":\"https:\\\/\\\/infopba247.com.ar\\\/\",\"logo\":{\"@type\":\"ImageObject\",\"inLanguage\":\"es\",\"@id\":\"https:\\\/\\\/infopba247.com.ar\\\/#\\\/schema\\\/logo\\\/image\\\/\",\"url\":\"https:\\\/\\\/infopba247.com.ar\\\/wp-content\\\/uploads\\\/2022\\\/03\\\/cropped-InfoPBA247-1.png\",\"contentUrl\":\"https:\\\/\\\/infopba247.com.ar\\\/wp-content\\\/uploads\\\/2022\\\/03\\\/cropped-InfoPBA247-1.png\",\"width\":500,\"height\":122,\"caption\":\"InfoPBA247\"},\"image\":{\"@id\":\"https:\\\/\\\/infopba247.com.ar\\\/#\\\/schema\\\/logo\\\/image\\\/\"},\"sameAs\":[\"https:\\\/\\\/www.facebook.com\\\/InfoPBA\"]},{\"@type\":\"Person\",\"@id\":\"https:\\\/\\\/infopba247.com.ar\\\/#\\\/schema\\\/person\\\/4975f1343a413e57bf839b3eed0099f2\",\"name\":\"Editor\",\"image\":{\"@type\":\"ImageObject\",\"inLanguage\":\"es\",\"@id\":\"https:\\\/\\\/secure.gravatar.com\\\/avatar\\\/d27fe9520667ca53441d36627a1d6b0fa4a813571ec4803687a7a3a7744685ac?s=96&d=mm&r=g\",\"url\":\"https:\\\/\\\/secure.gravatar.com\\\/avatar\\\/d27fe9520667ca53441d36627a1d6b0fa4a813571ec4803687a7a3a7744685ac?s=96&d=mm&r=g\",\"contentUrl\":\"https:\\\/\\\/secure.gravatar.com\\\/avatar\\\/d27fe9520667ca53441d36627a1d6b0fa4a813571ec4803687a7a3a7744685ac?s=96&d=mm&r=g\",\"caption\":\"Editor\"},\"url\":\"https:\\\/\\\/infopba247.com.ar\\\/index.php\\\/author\\\/editor\\\/\"}]}<\/script>\n<!-- \/ Yoast SEO plugin. -->","yoast_head_json":{"title":"Inauguraci\u00f3n de la Escuela Municipal de Guardaparques en Moreno: un hito para la protecci\u00f3n del ambiente - InfoPBA247","robots":{"index":"index","follow":"follow","max-snippet":"max-snippet:-1","max-image-preview":"max-image-preview:large","max-video-preview":"max-video-preview:-1"},"canonical":"https:\/\/infopba247.com.ar\/index.php\/2024\/11\/05\/inauguracion-de-la-escuela-municipal-de-guardaparques-en-moreno-un-hito-para-la-proteccion-del-ambiente\/","og_locale":"es_ES","og_type":"article","og_title":"Inauguraci\u00f3n de la Escuela Municipal de Guardaparques en Moreno: un hito para la protecci\u00f3n del ambiente - InfoPBA247","og_description":"Con una concurrida asistencia y la presencia de autoridades locales, el Municipio llev\u00f3 a cabo la inauguraci\u00f3n de la primera","og_url":"https:\/\/infopba247.com.ar\/index.php\/2024\/11\/05\/inauguracion-de-la-escuela-municipal-de-guardaparques-en-moreno-un-hito-para-la-proteccion-del-ambiente\/","og_site_name":"InfoPBA247","article_publisher":"https:\/\/www.facebook.com\/InfoPBA","article_published_time":"2024-11-05T10:56:40+00:00","article_modified_time":"2024-11-05T10:56:41+00:00","og_image":[{"width":2560,"height":1440,"url":"https:\/\/infopba247.com.ar\/wp-content\/uploads\/2024\/11\/escuela-de-guardaparques5-scaled.jpg","type":"image\/jpeg"}],"author":"Editor","twitter_card":"summary_large_image","twitter_misc":{"Escrito por":"Editor","Tiempo de lectura":"3 minutos"},"schema":{"@context":"https:\/\/schema.org","@graph":[{"@type":"Article","@id":"https:\/\/infopba247.com.ar\/index.php\/2024\/11\/05\/inauguracion-de-la-escuela-municipal-de-guardaparques-en-moreno-un-hito-para-la-proteccion-del-ambiente\/#article","isPartOf":{"@id":"https:\/\/infopba247.com.ar\/index.php\/2024\/11\/05\/inauguracion-de-la-escuela-municipal-de-guardaparques-en-moreno-un-hito-para-la-proteccion-del-ambiente\/"},"author":{"name":"Editor","@id":"https:\/\/infopba247.com.ar\/#\/schema\/person\/4975f1343a413e57bf839b3eed0099f2"},"headline":"Inauguraci\u00f3n de la Escuela Municipal de Guardaparques en Moreno: un hito para la protecci\u00f3n del ambiente","datePublished":"2024-11-05T10:56:40+00:00","dateModified":"2024-11-05T10:56:41+00:00","mainEntityOfPage":{"@id":"https:\/\/infopba247.com.ar\/index.php\/2024\/11\/05\/inauguracion-de-la-escuela-municipal-de-guardaparques-en-moreno-un-hito-para-la-proteccion-del-ambiente\/"},"wordCount":511,"commentCount":0,"publisher":{"@id":"https:\/\/infopba247.com.ar\/#organization"},"image":{"@id":"https:\/\/infopba247.com.ar\/index.php\/2024\/11\/05\/inauguracion-de-la-escuela-municipal-de-guardaparques-en-moreno-un-hito-para-la-proteccion-del-ambiente\/#primaryimage"},"thumbnailUrl":"https:\/\/infopba247.com.ar\/wp-content\/uploads\/2024\/11\/escuela-de-guardaparques5-scaled.jpg","articleSection":["1ra Secci\u00f3n","Destacadas","Pol\u00edtica"],"inLanguage":"es","potentialAction":[{"@type":"CommentAction","name":"Comment","target":["https:\/\/infopba247.com.ar\/index.php\/2024\/11\/05\/inauguracion-de-la-escuela-municipal-de-guardaparques-en-moreno-un-hito-para-la-proteccion-del-ambiente\/#respond"]}]},{"@type":"WebPage","@id":"https:\/\/infopba247.com.ar\/index.php\/2024\/11\/05\/inauguracion-de-la-escuela-municipal-de-guardaparques-en-moreno-un-hito-para-la-proteccion-del-ambiente\/","url":"https:\/\/infopba247.com.ar\/index.php\/2024\/11\/05\/inauguracion-de-la-escuela-municipal-de-guardaparques-en-moreno-un-hito-para-la-proteccion-del-ambiente\/","name":"Inauguraci\u00f3n de la Escuela Municipal de Guardaparques en Moreno: un hito para la protecci\u00f3n del ambiente - InfoPBA247","isPartOf":{"@id":"https:\/\/infopba247.com.ar\/#website"},"primaryImageOfPage":{"@id":"https:\/\/infopba247.com.ar\/index.php\/2024\/11\/05\/inauguracion-de-la-escuela-municipal-de-guardaparques-en-moreno-un-hito-para-la-proteccion-del-ambiente\/#primaryimage"},"image":{"@id":"https:\/\/infopba247.com.ar\/index.php\/2024\/11\/05\/inauguracion-de-la-escuela-municipal-de-guardaparques-en-moreno-un-hito-para-la-proteccion-del-ambiente\/#primaryimage"},"thumbnailUrl":"https:\/\/infopba247.com.ar\/wp-content\/uploads\/2024\/11\/escuela-de-guardaparques5-scaled.jpg","datePublished":"2024-11-05T10:56:40+00:00","dateModified":"2024-11-05T10:56:41+00:00","breadcrumb":{"@id":"https:\/\/infopba247.com.ar\/index.php\/2024\/11\/05\/inauguracion-de-la-escuela-municipal-de-guardaparques-en-moreno-un-hito-para-la-proteccion-del-ambiente\/#breadcrumb"},"inLanguage":"es","potentialAction":[{"@type":"ReadAction","target":["https:\/\/infopba247.com.ar\/index.php\/2024\/11\/05\/inauguracion-de-la-escuela-municipal-de-guardaparques-en-moreno-un-hito-para-la-proteccion-del-ambiente\/"]}]},{"@type":"ImageObject","inLanguage":"es","@id":"https:\/\/infopba247.com.ar\/index.php\/2024\/11\/05\/inauguracion-de-la-escuela-municipal-de-guardaparques-en-moreno-un-hito-para-la-proteccion-del-ambiente\/#primaryimage","url":"https:\/\/infopba247.com.ar\/wp-content\/uploads\/2024\/11\/escuela-de-guardaparques5-scaled.jpg","contentUrl":"https:\/\/infopba247.com.ar\/wp-content\/uploads\/2024\/11\/escuela-de-guardaparques5-scaled.jpg","width":2560,"height":1440},{"@type":"BreadcrumbList","@id":"https:\/\/infopba247.com.ar\/index.php\/2024\/11\/05\/inauguracion-de-la-escuela-municipal-de-guardaparques-en-moreno-un-hito-para-la-proteccion-del-ambiente\/#breadcrumb","itemListElement":[{"@type":"ListItem","position":1,"name":"Portada","item":"https:\/\/infopba247.com.ar\/"},{"@type":"ListItem","position":2,"name":"Inauguraci\u00f3n de la Escuela Municipal de Guardaparques en Moreno: un hito para la protecci\u00f3n del ambiente"}]},{"@type":"WebSite","@id":"https:\/\/infopba247.com.ar\/#website","url":"https:\/\/infopba247.com.ar\/","name":"InfoPBA247","description":"Toda la actualidad bonaerense","publisher":{"@id":"https:\/\/infopba247.com.ar\/#organization"},"potentialAction":[{"@type":"SearchAction","target":{"@type":"EntryPoint","urlTemplate":"https:\/\/infopba247.com.ar\/?s={search_term_string}"},"query-input":{"@type":"PropertyValueSpecification","valueRequired":true,"valueName":"search_term_string"}}],"inLanguage":"es"},{"@type":"Organization","@id":"https:\/\/infopba247.com.ar\/#organization","name":"InfoPBA247","url":"https:\/\/infopba247.com.ar\/","logo":{"@type":"ImageObject","inLanguage":"es","@id":"https:\/\/infopba247.com.ar\/#\/schema\/logo\/image\/","url":"https:\/\/infopba247.com.ar\/wp-content\/uploads\/2022\/03\/cropped-InfoPBA247-1.png","contentUrl":"https:\/\/infopba247.com.ar\/wp-content\/uploads\/2022\/03\/cropped-InfoPBA247-1.png","width":500,"height":122,"caption":"InfoPBA247"},"image":{"@id":"https:\/\/infopba247.com.ar\/#\/schema\/logo\/image\/"},"sameAs":["https:\/\/www.facebook.com\/InfoPBA"]},{"@type":"Person","@id":"https:\/\/infopba247.com.ar\/#\/schema\/person\/4975f1343a413e57bf839b3eed0099f2","name":"Editor","image":{"@type":"ImageObject","inLanguage":"es","@id":"https:\/\/secure.gravatar.com\/avatar\/d27fe9520667ca53441d36627a1d6b0fa4a813571ec4803687a7a3a7744685ac?s=96&d=mm&r=g","url":"https:\/\/secure.gravatar.com\/avatar\/d27fe9520667ca53441d36627a1d6b0fa4a813571ec4803687a7a3a7744685ac?s=96&d=mm&r=g","contentUrl":"https:\/\/secure.gravatar.com\/avatar\/d27fe9520667ca53441d36627a1d6b0fa4a813571ec4803687a7a3a7744685ac?s=96&d=mm&r=g","caption":"Editor"},"url":"https:\/\/infopba247.com.ar\/index.php\/author\/editor\/"}]}},"_links":{"self":[{"href":"https:\/\/infopba247.com.ar\/index.php\/wp-json\/wp\/v2\/posts\/5626","targetHints":{"allow":["GET"]}}],"collection":[{"href":"https:\/\/infopba247.com.ar\/index.php\/wp-json\/wp\/v2\/posts"}],"about":[{"href":"https:\/\/infopba247.com.ar\/index.php\/wp-json\/wp\/v2\/types\/post"}],"author":[{"embeddable":true,"href":"https:\/\/infopba247.com.ar\/index.php\/wp-json\/wp\/v2\/users\/3"}],"replies":[{"embeddable":true,"href":"https:\/\/infopba247.com.ar\/index.php\/wp-json\/wp\/v2\/comments?post=5626"}],"version-history":[{"count":1,"href":"https:\/\/infopba247.com.ar\/index.php\/wp-json\/wp\/v2\/posts\/5626\/revisions"}],"predecessor-version":[{"id":5627,"href":"https:\/\/infopba247.com.ar\/index.php\/wp-json\/wp\/v2\/posts\/5626\/revisions\/5627"}],"wp:featuredmedia":[{"embeddable":true,"href":"https:\/\/infopba247.com.ar\/index.php\/wp-json\/wp\/v2\/media\/5620"}],"wp:attachment":[{"href":"https:\/\/infopba247.com.ar\/index.php\/wp-json\/wp\/v2\/media?parent=5626"}],"wp:term":[{"taxonomy":"category","embeddable":true,"href":"https:\/\/infopba247.com.ar\/index.php\/wp-json\/wp\/v2\/categories?post=5626"},{"taxonomy":"post_tag","embeddable":true,"href":"https:\/\/infopba247.com.ar\/index.php\/wp-json\/wp\/v2\/tags?post=5626"}],"curies":[{"name":"wp","href":"https:\/\/api.w.org\/{rel}","templated":true}]}}