{"id":5616,"date":"2024-11-04T09:57:53","date_gmt":"2024-11-04T12:57:53","guid":{"rendered":"https:\/\/infopba247.com.ar\/?p=5616"},"modified":"2024-11-04T09:57:54","modified_gmt":"2024-11-04T12:57:54","slug":"comenzaron-las-capacitaciones-para-la-implementacion-del-nuevo-sistema","status":"publish","type":"post","link":"https:\/\/infopba247.com.ar\/index.php\/2024\/11\/04\/comenzaron-las-capacitaciones-para-la-implementacion-del-nuevo-sistema\/","title":{"rendered":"Comenzaron las capacitaciones para la implementaci\u00f3n del nuevo sistema"},"content":{"rendered":"\n<p>Con el objetivo de comenzar con el proceso definitivo de despapelizaci\u00f3n y digitalizaci\u00f3n, la Municipalidad de Monte Hermoso, a trav\u00e9s de la Secretar\u00eda de Comunicaci\u00f3n y Modernizaci\u00f3n del Estado, avanza con la puesta en marcha del procedimiento de innovaci\u00f3n que permitir\u00e1 el inicio y seguimiento de expedientes online destinado a facilitar los tr\u00e1mites de las y los vecinos permanentes y semipermanentes.<\/p>\n\n\n\n<p>Tras un trabajo exhaustivo en cada \u00e1rea se present\u00f3 la nueva plataforma, pr\u00f3xima a implementarse, al intendente Hern\u00e1n Arranz y su Gabinete, as\u00ed como tambi\u00e9n al personal de la Administraci\u00f3n P\u00fablica local. En los pr\u00f3ximos d\u00edas se iniciar\u00e1 una capacitaci\u00f3n pormenorizada en cada una de las secretar\u00edas, contemplando las singularidades propias del \u00e1rea.<\/p>\n\n\n\n<p>\u201cTal como lo plante\u00f3 el intendente para su gesti\u00f3n, ya iniciamos el proceso de transformaci\u00f3n destinado a brindar dinamismo y reordenar estructuras necesarias para facilitarle el contacto y tr\u00e1mites a las y los vecinos\u201d, manifest\u00f3 el titular de Comunicaci\u00f3n y Modernizaci\u00f3n del Estado, Claudio Espinosa.<\/p>\n\n\n\n<p>\u201cHace meses que venimos trabajando de manera articulada con las distintas \u00e1reas. Ya a principios de a\u00f1o comenzamos con cursos de nivelaci\u00f3n sobre conocimiento y manejo de diversas plataformas de las que participaron m\u00e1s de 200 empleados\u201d, sostuvo Espinosa.&nbsp;<\/p>\n\n\n\n<p>\u201cSeguimos avanzando en la puesta en marcha del futuro Portal Ciudadano de Autogesti\u00f3n, una web de car\u00e1cter unificadora para acceder a programas, aplicaciones y documentos tanto para quienes trabajan en la administraci\u00f3n como para la y el vecino. Apuntamos a que, desde una computadora o celularse puedan llevar adelante los diversos tr\u00e1mites; desde sacar turnos m\u00e9dicos hasta dar de alta un comercio, o bien, iniciar y realizar el seguimiento de un expediente\u201d.<\/p>\n\n\n\n<p>Por su parte, el director de Modernizaci\u00f3n, Claudio Biragnet, especific\u00f3 que \u201ceste portal nos permitir\u00e1, en un muy corto plazo, alcanzar dos metas important\u00edsimas para la gesti\u00f3n: la despapelizaci\u00f3n y la automatizaci\u00f3n de las operaciones gubernamentales\u201d, y agreg\u00f3 que \u201capostar a la modernizaci\u00f3n es la manera de estar cerca de las y los vecinos y atender sus demandas de manera eficiente y en tiempo real. Para eso necesitamos que estas nuevas herramientas sean parte de la din\u00e1mica municipal\u201d.<\/p>\n","protected":false},"excerpt":{"rendered":"<p>Con el objetivo de comenzar con el proceso definitivo de despapelizaci\u00f3n y digitalizaci\u00f3n, la Municipalidad de Monte Hermoso, a trav\u00e9s<\/p>\n","protected":false},"author":3,"featured_media":5608,"comment_status":"open","ping_status":"open","sticky":false,"template":"","format":"standard","meta":{"colormag_page_container_layout":"default_layout","colormag_page_sidebar_layout":"default_layout","footnotes":""},"categories":[10,1,14],"tags":[],"class_list":["post-5616","post","type-post","status-publish","format-standard","has-post-thumbnail","hentry","category-6ta-seccion","category-destacadas","category-politica"],"yoast_head":"<!-- This site is optimized with the Yoast SEO plugin v27.4 - https:\/\/yoast.com\/product\/yoast-seo-wordpress\/ -->\n<title>Comenzaron las capacitaciones para la implementaci\u00f3n del nuevo sistema - InfoPBA247<\/title>\n<meta name=\"robots\" content=\"index, follow, max-snippet:-1, max-image-preview:large, max-video-preview:-1\" \/>\n<link rel=\"canonical\" href=\"https:\/\/infopba247.com.ar\/index.php\/2024\/11\/04\/comenzaron-las-capacitaciones-para-la-implementacion-del-nuevo-sistema\/\" \/>\n<meta property=\"og:locale\" content=\"es_ES\" \/>\n<meta property=\"og:type\" content=\"article\" \/>\n<meta property=\"og:title\" content=\"Comenzaron las capacitaciones para la implementaci\u00f3n del nuevo sistema - InfoPBA247\" \/>\n<meta property=\"og:description\" content=\"Con el objetivo de comenzar con el proceso definitivo de despapelizaci\u00f3n y digitalizaci\u00f3n, la Municipalidad de Monte Hermoso, a trav\u00e9s\" \/>\n<meta property=\"og:url\" content=\"https:\/\/infopba247.com.ar\/index.php\/2024\/11\/04\/comenzaron-las-capacitaciones-para-la-implementacion-del-nuevo-sistema\/\" \/>\n<meta property=\"og:site_name\" content=\"InfoPBA247\" \/>\n<meta property=\"article:publisher\" content=\"https:\/\/www.facebook.com\/InfoPBA\" \/>\n<meta property=\"article:published_time\" content=\"2024-11-04T12:57:53+00:00\" \/>\n<meta property=\"article:modified_time\" content=\"2024-11-04T12:57:54+00:00\" \/>\n<meta property=\"og:image\" content=\"https:\/\/infopba247.com.ar\/wp-content\/uploads\/2024\/11\/capacitacionexpdigitales3-scaled.jpg\" \/>\n\t<meta property=\"og:image:width\" content=\"2560\" \/>\n\t<meta property=\"og:image:height\" content=\"1707\" \/>\n\t<meta property=\"og:image:type\" content=\"image\/jpeg\" \/>\n<meta name=\"author\" content=\"Editor\" \/>\n<meta name=\"twitter:card\" content=\"summary_large_image\" \/>\n<meta name=\"twitter:label1\" content=\"Escrito por\" \/>\n\t<meta name=\"twitter:data1\" content=\"Editor\" \/>\n\t<meta name=\"twitter:label2\" content=\"Tiempo de lectura\" \/>\n\t<meta name=\"twitter:data2\" content=\"2 minutos\" \/>\n<script type=\"application\/ld+json\" class=\"yoast-schema-graph\">{\"@context\":\"https:\\\/\\\/schema.org\",\"@graph\":[{\"@type\":\"Article\",\"@id\":\"https:\\\/\\\/infopba247.com.ar\\\/index.php\\\/2024\\\/11\\\/04\\\/comenzaron-las-capacitaciones-para-la-implementacion-del-nuevo-sistema\\\/#article\",\"isPartOf\":{\"@id\":\"https:\\\/\\\/infopba247.com.ar\\\/index.php\\\/2024\\\/11\\\/04\\\/comenzaron-las-capacitaciones-para-la-implementacion-del-nuevo-sistema\\\/\"},\"author\":{\"name\":\"Editor\",\"@id\":\"https:\\\/\\\/infopba247.com.ar\\\/#\\\/schema\\\/person\\\/4975f1343a413e57bf839b3eed0099f2\"},\"headline\":\"Comenzaron las capacitaciones para la implementaci\u00f3n del nuevo sistema\",\"datePublished\":\"2024-11-04T12:57:53+00:00\",\"dateModified\":\"2024-11-04T12:57:54+00:00\",\"mainEntityOfPage\":{\"@id\":\"https:\\\/\\\/infopba247.com.ar\\\/index.php\\\/2024\\\/11\\\/04\\\/comenzaron-las-capacitaciones-para-la-implementacion-del-nuevo-sistema\\\/\"},\"wordCount\":395,\"commentCount\":0,\"publisher\":{\"@id\":\"https:\\\/\\\/infopba247.com.ar\\\/#organization\"},\"image\":{\"@id\":\"https:\\\/\\\/infopba247.com.ar\\\/index.php\\\/2024\\\/11\\\/04\\\/comenzaron-las-capacitaciones-para-la-implementacion-del-nuevo-sistema\\\/#primaryimage\"},\"thumbnailUrl\":\"https:\\\/\\\/infopba247.com.ar\\\/wp-content\\\/uploads\\\/2024\\\/11\\\/capacitacionexpdigitales3-scaled.jpg\",\"articleSection\":[\"6ta Secci\u00f3n\",\"Destacadas\",\"Pol\u00edtica\"],\"inLanguage\":\"es\",\"potentialAction\":[{\"@type\":\"CommentAction\",\"name\":\"Comment\",\"target\":[\"https:\\\/\\\/infopba247.com.ar\\\/index.php\\\/2024\\\/11\\\/04\\\/comenzaron-las-capacitaciones-para-la-implementacion-del-nuevo-sistema\\\/#respond\"]}]},{\"@type\":\"WebPage\",\"@id\":\"https:\\\/\\\/infopba247.com.ar\\\/index.php\\\/2024\\\/11\\\/04\\\/comenzaron-las-capacitaciones-para-la-implementacion-del-nuevo-sistema\\\/\",\"url\":\"https:\\\/\\\/infopba247.com.ar\\\/index.php\\\/2024\\\/11\\\/04\\\/comenzaron-las-capacitaciones-para-la-implementacion-del-nuevo-sistema\\\/\",\"name\":\"Comenzaron las capacitaciones para la implementaci\u00f3n del nuevo sistema - InfoPBA247\",\"isPartOf\":{\"@id\":\"https:\\\/\\\/infopba247.com.ar\\\/#website\"},\"primaryImageOfPage\":{\"@id\":\"https:\\\/\\\/infopba247.com.ar\\\/index.php\\\/2024\\\/11\\\/04\\\/comenzaron-las-capacitaciones-para-la-implementacion-del-nuevo-sistema\\\/#primaryimage\"},\"image\":{\"@id\":\"https:\\\/\\\/infopba247.com.ar\\\/index.php\\\/2024\\\/11\\\/04\\\/comenzaron-las-capacitaciones-para-la-implementacion-del-nuevo-sistema\\\/#primaryimage\"},\"thumbnailUrl\":\"https:\\\/\\\/infopba247.com.ar\\\/wp-content\\\/uploads\\\/2024\\\/11\\\/capacitacionexpdigitales3-scaled.jpg\",\"datePublished\":\"2024-11-04T12:57:53+00:00\",\"dateModified\":\"2024-11-04T12:57:54+00:00\",\"breadcrumb\":{\"@id\":\"https:\\\/\\\/infopba247.com.ar\\\/index.php\\\/2024\\\/11\\\/04\\\/comenzaron-las-capacitaciones-para-la-implementacion-del-nuevo-sistema\\\/#breadcrumb\"},\"inLanguage\":\"es\",\"potentialAction\":[{\"@type\":\"ReadAction\",\"target\":[\"https:\\\/\\\/infopba247.com.ar\\\/index.php\\\/2024\\\/11\\\/04\\\/comenzaron-las-capacitaciones-para-la-implementacion-del-nuevo-sistema\\\/\"]}]},{\"@type\":\"ImageObject\",\"inLanguage\":\"es\",\"@id\":\"https:\\\/\\\/infopba247.com.ar\\\/index.php\\\/2024\\\/11\\\/04\\\/comenzaron-las-capacitaciones-para-la-implementacion-del-nuevo-sistema\\\/#primaryimage\",\"url\":\"https:\\\/\\\/infopba247.com.ar\\\/wp-content\\\/uploads\\\/2024\\\/11\\\/capacitacionexpdigitales3-scaled.jpg\",\"contentUrl\":\"https:\\\/\\\/infopba247.com.ar\\\/wp-content\\\/uploads\\\/2024\\\/11\\\/capacitacionexpdigitales3-scaled.jpg\",\"width\":2560,\"height\":1707},{\"@type\":\"BreadcrumbList\",\"@id\":\"https:\\\/\\\/infopba247.com.ar\\\/index.php\\\/2024\\\/11\\\/04\\\/comenzaron-las-capacitaciones-para-la-implementacion-del-nuevo-sistema\\\/#breadcrumb\",\"itemListElement\":[{\"@type\":\"ListItem\",\"position\":1,\"name\":\"Portada\",\"item\":\"https:\\\/\\\/infopba247.com.ar\\\/\"},{\"@type\":\"ListItem\",\"position\":2,\"name\":\"Comenzaron las capacitaciones para la implementaci\u00f3n del nuevo sistema\"}]},{\"@type\":\"WebSite\",\"@id\":\"https:\\\/\\\/infopba247.com.ar\\\/#website\",\"url\":\"https:\\\/\\\/infopba247.com.ar\\\/\",\"name\":\"InfoPBA247\",\"description\":\"Toda la actualidad bonaerense\",\"publisher\":{\"@id\":\"https:\\\/\\\/infopba247.com.ar\\\/#organization\"},\"potentialAction\":[{\"@type\":\"SearchAction\",\"target\":{\"@type\":\"EntryPoint\",\"urlTemplate\":\"https:\\\/\\\/infopba247.com.ar\\\/?s={search_term_string}\"},\"query-input\":{\"@type\":\"PropertyValueSpecification\",\"valueRequired\":true,\"valueName\":\"search_term_string\"}}],\"inLanguage\":\"es\"},{\"@type\":\"Organization\",\"@id\":\"https:\\\/\\\/infopba247.com.ar\\\/#organization\",\"name\":\"InfoPBA247\",\"url\":\"https:\\\/\\\/infopba247.com.ar\\\/\",\"logo\":{\"@type\":\"ImageObject\",\"inLanguage\":\"es\",\"@id\":\"https:\\\/\\\/infopba247.com.ar\\\/#\\\/schema\\\/logo\\\/image\\\/\",\"url\":\"https:\\\/\\\/infopba247.com.ar\\\/wp-content\\\/uploads\\\/2022\\\/03\\\/cropped-InfoPBA247-1.png\",\"contentUrl\":\"https:\\\/\\\/infopba247.com.ar\\\/wp-content\\\/uploads\\\/2022\\\/03\\\/cropped-InfoPBA247-1.png\",\"width\":500,\"height\":122,\"caption\":\"InfoPBA247\"},\"image\":{\"@id\":\"https:\\\/\\\/infopba247.com.ar\\\/#\\\/schema\\\/logo\\\/image\\\/\"},\"sameAs\":[\"https:\\\/\\\/www.facebook.com\\\/InfoPBA\"]},{\"@type\":\"Person\",\"@id\":\"https:\\\/\\\/infopba247.com.ar\\\/#\\\/schema\\\/person\\\/4975f1343a413e57bf839b3eed0099f2\",\"name\":\"Editor\",\"image\":{\"@type\":\"ImageObject\",\"inLanguage\":\"es\",\"@id\":\"https:\\\/\\\/secure.gravatar.com\\\/avatar\\\/d27fe9520667ca53441d36627a1d6b0fa4a813571ec4803687a7a3a7744685ac?s=96&d=mm&r=g\",\"url\":\"https:\\\/\\\/secure.gravatar.com\\\/avatar\\\/d27fe9520667ca53441d36627a1d6b0fa4a813571ec4803687a7a3a7744685ac?s=96&d=mm&r=g\",\"contentUrl\":\"https:\\\/\\\/secure.gravatar.com\\\/avatar\\\/d27fe9520667ca53441d36627a1d6b0fa4a813571ec4803687a7a3a7744685ac?s=96&d=mm&r=g\",\"caption\":\"Editor\"},\"url\":\"https:\\\/\\\/infopba247.com.ar\\\/index.php\\\/author\\\/editor\\\/\"}]}<\/script>\n<!-- \/ Yoast SEO plugin. -->","yoast_head_json":{"title":"Comenzaron las capacitaciones para la implementaci\u00f3n del nuevo sistema - InfoPBA247","robots":{"index":"index","follow":"follow","max-snippet":"max-snippet:-1","max-image-preview":"max-image-preview:large","max-video-preview":"max-video-preview:-1"},"canonical":"https:\/\/infopba247.com.ar\/index.php\/2024\/11\/04\/comenzaron-las-capacitaciones-para-la-implementacion-del-nuevo-sistema\/","og_locale":"es_ES","og_type":"article","og_title":"Comenzaron las capacitaciones para la implementaci\u00f3n del nuevo sistema - InfoPBA247","og_description":"Con el objetivo de comenzar con el proceso definitivo de despapelizaci\u00f3n y digitalizaci\u00f3n, la Municipalidad de Monte Hermoso, a trav\u00e9s","og_url":"https:\/\/infopba247.com.ar\/index.php\/2024\/11\/04\/comenzaron-las-capacitaciones-para-la-implementacion-del-nuevo-sistema\/","og_site_name":"InfoPBA247","article_publisher":"https:\/\/www.facebook.com\/InfoPBA","article_published_time":"2024-11-04T12:57:53+00:00","article_modified_time":"2024-11-04T12:57:54+00:00","og_image":[{"width":2560,"height":1707,"url":"https:\/\/infopba247.com.ar\/wp-content\/uploads\/2024\/11\/capacitacionexpdigitales3-scaled.jpg","type":"image\/jpeg"}],"author":"Editor","twitter_card":"summary_large_image","twitter_misc":{"Escrito por":"Editor","Tiempo de lectura":"2 minutos"},"schema":{"@context":"https:\/\/schema.org","@graph":[{"@type":"Article","@id":"https:\/\/infopba247.com.ar\/index.php\/2024\/11\/04\/comenzaron-las-capacitaciones-para-la-implementacion-del-nuevo-sistema\/#article","isPartOf":{"@id":"https:\/\/infopba247.com.ar\/index.php\/2024\/11\/04\/comenzaron-las-capacitaciones-para-la-implementacion-del-nuevo-sistema\/"},"author":{"name":"Editor","@id":"https:\/\/infopba247.com.ar\/#\/schema\/person\/4975f1343a413e57bf839b3eed0099f2"},"headline":"Comenzaron las capacitaciones para la implementaci\u00f3n del nuevo sistema","datePublished":"2024-11-04T12:57:53+00:00","dateModified":"2024-11-04T12:57:54+00:00","mainEntityOfPage":{"@id":"https:\/\/infopba247.com.ar\/index.php\/2024\/11\/04\/comenzaron-las-capacitaciones-para-la-implementacion-del-nuevo-sistema\/"},"wordCount":395,"commentCount":0,"publisher":{"@id":"https:\/\/infopba247.com.ar\/#organization"},"image":{"@id":"https:\/\/infopba247.com.ar\/index.php\/2024\/11\/04\/comenzaron-las-capacitaciones-para-la-implementacion-del-nuevo-sistema\/#primaryimage"},"thumbnailUrl":"https:\/\/infopba247.com.ar\/wp-content\/uploads\/2024\/11\/capacitacionexpdigitales3-scaled.jpg","articleSection":["6ta Secci\u00f3n","Destacadas","Pol\u00edtica"],"inLanguage":"es","potentialAction":[{"@type":"CommentAction","name":"Comment","target":["https:\/\/infopba247.com.ar\/index.php\/2024\/11\/04\/comenzaron-las-capacitaciones-para-la-implementacion-del-nuevo-sistema\/#respond"]}]},{"@type":"WebPage","@id":"https:\/\/infopba247.com.ar\/index.php\/2024\/11\/04\/comenzaron-las-capacitaciones-para-la-implementacion-del-nuevo-sistema\/","url":"https:\/\/infopba247.com.ar\/index.php\/2024\/11\/04\/comenzaron-las-capacitaciones-para-la-implementacion-del-nuevo-sistema\/","name":"Comenzaron las capacitaciones para la implementaci\u00f3n del nuevo sistema - InfoPBA247","isPartOf":{"@id":"https:\/\/infopba247.com.ar\/#website"},"primaryImageOfPage":{"@id":"https:\/\/infopba247.com.ar\/index.php\/2024\/11\/04\/comenzaron-las-capacitaciones-para-la-implementacion-del-nuevo-sistema\/#primaryimage"},"image":{"@id":"https:\/\/infopba247.com.ar\/index.php\/2024\/11\/04\/comenzaron-las-capacitaciones-para-la-implementacion-del-nuevo-sistema\/#primaryimage"},"thumbnailUrl":"https:\/\/infopba247.com.ar\/wp-content\/uploads\/2024\/11\/capacitacionexpdigitales3-scaled.jpg","datePublished":"2024-11-04T12:57:53+00:00","dateModified":"2024-11-04T12:57:54+00:00","breadcrumb":{"@id":"https:\/\/infopba247.com.ar\/index.php\/2024\/11\/04\/comenzaron-las-capacitaciones-para-la-implementacion-del-nuevo-sistema\/#breadcrumb"},"inLanguage":"es","potentialAction":[{"@type":"ReadAction","target":["https:\/\/infopba247.com.ar\/index.php\/2024\/11\/04\/comenzaron-las-capacitaciones-para-la-implementacion-del-nuevo-sistema\/"]}]},{"@type":"ImageObject","inLanguage":"es","@id":"https:\/\/infopba247.com.ar\/index.php\/2024\/11\/04\/comenzaron-las-capacitaciones-para-la-implementacion-del-nuevo-sistema\/#primaryimage","url":"https:\/\/infopba247.com.ar\/wp-content\/uploads\/2024\/11\/capacitacionexpdigitales3-scaled.jpg","contentUrl":"https:\/\/infopba247.com.ar\/wp-content\/uploads\/2024\/11\/capacitacionexpdigitales3-scaled.jpg","width":2560,"height":1707},{"@type":"BreadcrumbList","@id":"https:\/\/infopba247.com.ar\/index.php\/2024\/11\/04\/comenzaron-las-capacitaciones-para-la-implementacion-del-nuevo-sistema\/#breadcrumb","itemListElement":[{"@type":"ListItem","position":1,"name":"Portada","item":"https:\/\/infopba247.com.ar\/"},{"@type":"ListItem","position":2,"name":"Comenzaron las capacitaciones para la implementaci\u00f3n del nuevo sistema"}]},{"@type":"WebSite","@id":"https:\/\/infopba247.com.ar\/#website","url":"https:\/\/infopba247.com.ar\/","name":"InfoPBA247","description":"Toda la actualidad bonaerense","publisher":{"@id":"https:\/\/infopba247.com.ar\/#organization"},"potentialAction":[{"@type":"SearchAction","target":{"@type":"EntryPoint","urlTemplate":"https:\/\/infopba247.com.ar\/?s={search_term_string}"},"query-input":{"@type":"PropertyValueSpecification","valueRequired":true,"valueName":"search_term_string"}}],"inLanguage":"es"},{"@type":"Organization","@id":"https:\/\/infopba247.com.ar\/#organization","name":"InfoPBA247","url":"https:\/\/infopba247.com.ar\/","logo":{"@type":"ImageObject","inLanguage":"es","@id":"https:\/\/infopba247.com.ar\/#\/schema\/logo\/image\/","url":"https:\/\/infopba247.com.ar\/wp-content\/uploads\/2022\/03\/cropped-InfoPBA247-1.png","contentUrl":"https:\/\/infopba247.com.ar\/wp-content\/uploads\/2022\/03\/cropped-InfoPBA247-1.png","width":500,"height":122,"caption":"InfoPBA247"},"image":{"@id":"https:\/\/infopba247.com.ar\/#\/schema\/logo\/image\/"},"sameAs":["https:\/\/www.facebook.com\/InfoPBA"]},{"@type":"Person","@id":"https:\/\/infopba247.com.ar\/#\/schema\/person\/4975f1343a413e57bf839b3eed0099f2","name":"Editor","image":{"@type":"ImageObject","inLanguage":"es","@id":"https:\/\/secure.gravatar.com\/avatar\/d27fe9520667ca53441d36627a1d6b0fa4a813571ec4803687a7a3a7744685ac?s=96&d=mm&r=g","url":"https:\/\/secure.gravatar.com\/avatar\/d27fe9520667ca53441d36627a1d6b0fa4a813571ec4803687a7a3a7744685ac?s=96&d=mm&r=g","contentUrl":"https:\/\/secure.gravatar.com\/avatar\/d27fe9520667ca53441d36627a1d6b0fa4a813571ec4803687a7a3a7744685ac?s=96&d=mm&r=g","caption":"Editor"},"url":"https:\/\/infopba247.com.ar\/index.php\/author\/editor\/"}]}},"_links":{"self":[{"href":"https:\/\/infopba247.com.ar\/index.php\/wp-json\/wp\/v2\/posts\/5616","targetHints":{"allow":["GET"]}}],"collection":[{"href":"https:\/\/infopba247.com.ar\/index.php\/wp-json\/wp\/v2\/posts"}],"about":[{"href":"https:\/\/infopba247.com.ar\/index.php\/wp-json\/wp\/v2\/types\/post"}],"author":[{"embeddable":true,"href":"https:\/\/infopba247.com.ar\/index.php\/wp-json\/wp\/v2\/users\/3"}],"replies":[{"embeddable":true,"href":"https:\/\/infopba247.com.ar\/index.php\/wp-json\/wp\/v2\/comments?post=5616"}],"version-history":[{"count":1,"href":"https:\/\/infopba247.com.ar\/index.php\/wp-json\/wp\/v2\/posts\/5616\/revisions"}],"predecessor-version":[{"id":5617,"href":"https:\/\/infopba247.com.ar\/index.php\/wp-json\/wp\/v2\/posts\/5616\/revisions\/5617"}],"wp:featuredmedia":[{"embeddable":true,"href":"https:\/\/infopba247.com.ar\/index.php\/wp-json\/wp\/v2\/media\/5608"}],"wp:attachment":[{"href":"https:\/\/infopba247.com.ar\/index.php\/wp-json\/wp\/v2\/media?parent=5616"}],"wp:term":[{"taxonomy":"category","embeddable":true,"href":"https:\/\/infopba247.com.ar\/index.php\/wp-json\/wp\/v2\/categories?post=5616"},{"taxonomy":"post_tag","embeddable":true,"href":"https:\/\/infopba247.com.ar\/index.php\/wp-json\/wp\/v2\/tags?post=5616"}],"curies":[{"name":"wp","href":"https:\/\/api.w.org\/{rel}","templated":true}]}}