{"id":5614,"date":"2024-11-04T09:56:47","date_gmt":"2024-11-04T12:56:47","guid":{"rendered":"https:\/\/infopba247.com.ar\/?p=5614"},"modified":"2024-11-04T09:56:49","modified_gmt":"2024-11-04T12:56:49","slug":"en-moreno-se-llevara-a-cabo-el-primer-relevamiento-de-hogares-monomarentales-a-nivel-nacional","status":"publish","type":"post","link":"https:\/\/infopba247.com.ar\/index.php\/2024\/11\/04\/en-moreno-se-llevara-a-cabo-el-primer-relevamiento-de-hogares-monomarentales-a-nivel-nacional\/","title":{"rendered":"En Moreno se llevar\u00e1 a cabo el primer relevamiento de hogares monomarentales a nivel nacional"},"content":{"rendered":"\n<p>Desde la Agrupaci\u00f3n Reconquista y el Movimiento Evita, lanzaron en Moreno el primer relevamiento que se realiza en el pa\u00eds con el objetivo de conocer las caracter\u00edsticas de los hogares monomarentales y pensar estrategias comunitarias de acompa\u00f1amiento. En dialog\u00f3 con&nbsp;Clara de Paula, militante del Reconquista, y con&nbsp;B\u00e1rbara Barrientos, integrante del Frente de Mujeres Evita, quienes brindaron detalles de la propuesta, manifestaron la importancia de este relevamiento, contaron de qu\u00e9 se trataron las dos capacitaciones realizadas en la casa del Partido Justicialista de Moreno, y adelantaron cu\u00e1les son los objetivos a futuro a partir de los datos obtenidos.<\/p>\n\n\n\n<p>&nbsp;\u201cA lo largo de la historia, se le asign\u00f3 a la mujer un rol de cuidado y trabajo en el hogar. Como todos sabemos y conocemos bien, hace ya mucho tiempo, las mujeres solas o con redes de apoyo se convirtieron en jefas de hogares y llevan adelante otras tareas, no solo las de cuidado, limpieza y lo que refiere al \u00e1mbito privado. Generar estos espacios nos permite d\u00f3nde pensar respuestas colectivas de acompa\u00f1amiento, nos permite saber que no estamos solas, que nos podemos juntar y pensar c\u00f3mo seguir adelante\u201d, explic\u00f3 B\u00e1rbara.<\/p>\n\n\n\n<p>Desde el Estado local impulsan diferentes herramientas que acompa\u00f1an la necesidad de estas mujeres. Por ejemplo, desde las Casas de Justicia ofrecen las posibilidad de patrocinios gratuitos para el acceso a la cuota de alimento o a las mediaciones comunitarias. Sin embargo, Clara expres\u00f3 que \u201cnos damos cuenta que solamente el Estado no puede dar respuesta a la problem\u00e1tica de este sector porque es estructural y tiene que ver con el sistema patriarcal en el que vivimos, y es una problem\u00e1tica compleja que atraviesa la vida de estas mujeres\u201d.<\/p>\n\n\n\n<p>Es por ello que \u201cla iniciativa de impulsar el relevamiento surge desde la Agrupaci\u00f3n Reconquista y el Movimiento Evita con el objetivo de poder visibilizar las necesidades de este sector y conocer cu\u00e1les son esas realidades, entenderlas, y a partir de ese conocimiento, poder pensar estrategias comunitarias que permitan pensar c\u00f3mo mejorar la calidad de vida\u201d.<\/p>\n\n\n\n<p>Hay datos que son claros para observar la problem\u00e1tica que se aborda: En Argentina, 1 mill\u00f3n 600 mil mujeres cr\u00edan solas a m\u00e1s de 3 millones de ni\u00f1as, ni\u00f1os y adolescentes, y del 20 % de los hogares m\u00e1s pobres del pa\u00eds, el 50 % est\u00e1 conformado por hogares monomarentales. Adem\u00e1s, 7 de cada 10 mujeres no acceden en tiempo y forma a la cuota de alimentos. Otro dato interesante es que cuando una mam\u00e1 y un pap\u00e1 se separan, las mamas duplican el tiempo de horas de cuidado frente a una realidad donde los pap\u00e1s solo suman 1 hora. A este contexto se suma un Gobierno nacional que, adem\u00e1s de llevar a cabo un brutal ajuste en todas las \u00e1reas del Estado, se encarga de denostar las pol\u00edticas, los programas y las luchas feministas.<\/p>\n\n\n\n<p>\u201cEste relevamiento cobra importancia en un contexto pol\u00edtico, social y econ\u00f3mico de crisis, y en un contexto donde el presidente, Javier Milei, odia a las mujeres y atenta contra nuestros derechos, por lo que esta tarea se convierte en revolucionaria\u201d, expresa la militante del Frente de Mujeres Evita. \u201cEl Gobierno nacional nos marca la agenda con constantes provocaciones, y estos hogares, que son los m\u00e1s golpeados por la crisis, nos empujan a pensar como movimientos sociales, militantes, mujeres y feministas que tenemos que tener nuestra agenda, y queremos que estas mujeres a quienes la crisis golpea m\u00e1s fuerte sean el centro de la escena\u201d.<\/p>\n\n\n\n<p>No hay datos al d\u00eda de la fecha, ni a nivel provincial ni nacional, por lo que Moreno ser\u00e1 el primer municipio que en hacer un relevamiento de estas caracter\u00edsticas para poder conocer espec\u00edficamente a esta poblaci\u00f3n. Que en Moreno se lleve a cabo el primer relevamiento de hogares monomarentales pensado con el fin de dise\u00f1ar diferentes estrategias a futuro, no es casual. Ambas entrevistadas destacan la forma organizaci\u00f3n de las diferentes agrupaciones y movimientos sociales a nivel local, &nbsp;como as\u00ed tambi\u00e9n la importancia de la conducci\u00f3n de la actual intendenta, Mariel Fern\u00e1ndez.<\/p>\n\n\n\n<p>\u201cMoreno siempre tiene esta posibilidad de tener experiencias novedosas. Tenemos la conducci\u00f3n de Mariel Fern\u00e1ndez, que si hay algo que ella sabe hacer es estar cerca de los problemas reales de las personas y pensar la gesti\u00f3n del Estado local siempre desde las tramas comunitarias. Este relevamiento tiene esos dos ejes que nuestra conducci\u00f3n nos marca desde hace tiempo, y para nosotras es muy importante ese&nbsp;rumbo porque ah\u00ed hay una semilla de transformaci\u00f3n social real y concreta\u201d, expres\u00f3 De Paula. \u201cLa intendenta, nuestra compa\u00f1era, nos da las herramientas, la fuerza, y es un ejemplo para que todas nosotras sigamos construyendo, trabajando y organiz\u00e1ndonos. Eso planteamos desde Moreno: organizarnos y buscar respuestas colectivas\u00ab, subray\u00f3 B\u00e1rbara.<\/p>\n\n\n\n<p>En la casa del Partido Justicialista de Moreno ya se realizaron las dos capacitaciones previas a realizar el relevamiento junto a referentas de diferentes espacios comunitarios que existen en las localidades de Moreno. \u201cLa primera capacitaci\u00f3n fue para definir qu\u00e9 es un hogar monomarental, tener claro el concepto y a qui\u00e9nes vamos a relevar. La segunda capacitaci\u00f3n fue sobre los procedimientos t\u00e9cnicos para llenar el formulario y la manera en que hacemos el abordaje, c\u00f3mo vamos a llevar adelante la tarea en cada barrio y localidad, y con qu\u00e9 instrumento\u201d, detall\u00f3 Barrientos.<\/p>\n\n\n\n<p>\u201cUna vez que conocimos las caracter\u00edsticas de los hogares monomarentales en cuestiones educativas, econ\u00f3micas, laborales y sobre el v\u00ednculo con el progenitor, el padre que no est\u00e1 en el hogar, la idea es pensar en generar diferentes estrategias donde poder acompa\u00f1arnos y pensar c\u00f3mo generar una red de mujeres que lideran estos hogares\u201d, afirm\u00f3 De Paula y concluy\u00f3: \u201cSo\u00f1amos con armar una mutual de hogares monomarentales de intercambio de bienes y servicios, y pensamos en una estrategia comunitaria de acompa\u00f1amiento que sirva para que esos hogares se potencien, se acompa\u00f1en, se piensen como actores pol\u00edticos, como as\u00ed tambi\u00e9n pensar avances en acceso a derechos\u201d. &nbsp;<\/p>\n","protected":false},"excerpt":{"rendered":"<p>Desde la Agrupaci\u00f3n Reconquista y el Movimiento Evita, lanzaron en Moreno el primer relevamiento que se realiza en el pa\u00eds<\/p>\n","protected":false},"author":3,"featured_media":5607,"comment_status":"open","ping_status":"open","sticky":false,"template":"","format":"standard","meta":{"colormag_page_container_layout":"default_layout","colormag_page_sidebar_layout":"default_layout","footnotes":""},"categories":[5,1,14],"tags":[],"class_list":["post-5614","post","type-post","status-publish","format-standard","has-post-thumbnail","hentry","category-1ra-seccion","category-destacadas","category-politica"],"yoast_head":"<!-- This site is optimized with the Yoast SEO plugin v27.4 - https:\/\/yoast.com\/product\/yoast-seo-wordpress\/ -->\n<title>En Moreno se llevar\u00e1 a cabo el primer relevamiento de hogares monomarentales a nivel nacional - InfoPBA247<\/title>\n<meta name=\"robots\" content=\"index, follow, max-snippet:-1, max-image-preview:large, max-video-preview:-1\" \/>\n<link rel=\"canonical\" href=\"https:\/\/infopba247.com.ar\/index.php\/2024\/11\/04\/en-moreno-se-llevara-a-cabo-el-primer-relevamiento-de-hogares-monomarentales-a-nivel-nacional\/\" \/>\n<meta property=\"og:locale\" content=\"es_ES\" \/>\n<meta property=\"og:type\" content=\"article\" \/>\n<meta property=\"og:title\" content=\"En Moreno se llevar\u00e1 a cabo el primer relevamiento de hogares monomarentales a nivel nacional - InfoPBA247\" \/>\n<meta property=\"og:description\" content=\"Desde la Agrupaci\u00f3n Reconquista y el Movimiento Evita, lanzaron en Moreno el primer relevamiento que se realiza en el pa\u00eds\" \/>\n<meta property=\"og:url\" content=\"https:\/\/infopba247.com.ar\/index.php\/2024\/11\/04\/en-moreno-se-llevara-a-cabo-el-primer-relevamiento-de-hogares-monomarentales-a-nivel-nacional\/\" \/>\n<meta property=\"og:site_name\" content=\"InfoPBA247\" \/>\n<meta property=\"article:publisher\" content=\"https:\/\/www.facebook.com\/InfoPBA\" \/>\n<meta property=\"article:published_time\" content=\"2024-11-04T12:56:47+00:00\" \/>\n<meta property=\"article:modified_time\" content=\"2024-11-04T12:56:49+00:00\" \/>\n<meta property=\"og:image\" content=\"https:\/\/infopba247.com.ar\/wp-content\/uploads\/2024\/11\/DSC_0060-720x445-1.jpg\" \/>\n\t<meta property=\"og:image:width\" content=\"720\" \/>\n\t<meta property=\"og:image:height\" content=\"445\" \/>\n\t<meta property=\"og:image:type\" content=\"image\/jpeg\" \/>\n<meta name=\"author\" content=\"Editor\" \/>\n<meta name=\"twitter:card\" content=\"summary_large_image\" \/>\n<meta name=\"twitter:label1\" content=\"Escrito por\" \/>\n\t<meta name=\"twitter:data1\" content=\"Editor\" \/>\n\t<meta name=\"twitter:label2\" content=\"Tiempo de lectura\" \/>\n\t<meta name=\"twitter:data2\" content=\"5 minutos\" \/>\n<script type=\"application\/ld+json\" class=\"yoast-schema-graph\">{\"@context\":\"https:\\\/\\\/schema.org\",\"@graph\":[{\"@type\":\"Article\",\"@id\":\"https:\\\/\\\/infopba247.com.ar\\\/index.php\\\/2024\\\/11\\\/04\\\/en-moreno-se-llevara-a-cabo-el-primer-relevamiento-de-hogares-monomarentales-a-nivel-nacional\\\/#article\",\"isPartOf\":{\"@id\":\"https:\\\/\\\/infopba247.com.ar\\\/index.php\\\/2024\\\/11\\\/04\\\/en-moreno-se-llevara-a-cabo-el-primer-relevamiento-de-hogares-monomarentales-a-nivel-nacional\\\/\"},\"author\":{\"name\":\"Editor\",\"@id\":\"https:\\\/\\\/infopba247.com.ar\\\/#\\\/schema\\\/person\\\/4975f1343a413e57bf839b3eed0099f2\"},\"headline\":\"En Moreno se llevar\u00e1 a cabo el primer relevamiento de hogares monomarentales a nivel nacional\",\"datePublished\":\"2024-11-04T12:56:47+00:00\",\"dateModified\":\"2024-11-04T12:56:49+00:00\",\"mainEntityOfPage\":{\"@id\":\"https:\\\/\\\/infopba247.com.ar\\\/index.php\\\/2024\\\/11\\\/04\\\/en-moreno-se-llevara-a-cabo-el-primer-relevamiento-de-hogares-monomarentales-a-nivel-nacional\\\/\"},\"wordCount\":1054,\"commentCount\":0,\"publisher\":{\"@id\":\"https:\\\/\\\/infopba247.com.ar\\\/#organization\"},\"image\":{\"@id\":\"https:\\\/\\\/infopba247.com.ar\\\/index.php\\\/2024\\\/11\\\/04\\\/en-moreno-se-llevara-a-cabo-el-primer-relevamiento-de-hogares-monomarentales-a-nivel-nacional\\\/#primaryimage\"},\"thumbnailUrl\":\"https:\\\/\\\/infopba247.com.ar\\\/wp-content\\\/uploads\\\/2024\\\/11\\\/DSC_0060-720x445-1.jpg\",\"articleSection\":[\"1ra Secci\u00f3n\",\"Destacadas\",\"Pol\u00edtica\"],\"inLanguage\":\"es\",\"potentialAction\":[{\"@type\":\"CommentAction\",\"name\":\"Comment\",\"target\":[\"https:\\\/\\\/infopba247.com.ar\\\/index.php\\\/2024\\\/11\\\/04\\\/en-moreno-se-llevara-a-cabo-el-primer-relevamiento-de-hogares-monomarentales-a-nivel-nacional\\\/#respond\"]}]},{\"@type\":\"WebPage\",\"@id\":\"https:\\\/\\\/infopba247.com.ar\\\/index.php\\\/2024\\\/11\\\/04\\\/en-moreno-se-llevara-a-cabo-el-primer-relevamiento-de-hogares-monomarentales-a-nivel-nacional\\\/\",\"url\":\"https:\\\/\\\/infopba247.com.ar\\\/index.php\\\/2024\\\/11\\\/04\\\/en-moreno-se-llevara-a-cabo-el-primer-relevamiento-de-hogares-monomarentales-a-nivel-nacional\\\/\",\"name\":\"En Moreno se llevar\u00e1 a cabo el primer relevamiento de hogares monomarentales a nivel nacional - InfoPBA247\",\"isPartOf\":{\"@id\":\"https:\\\/\\\/infopba247.com.ar\\\/#website\"},\"primaryImageOfPage\":{\"@id\":\"https:\\\/\\\/infopba247.com.ar\\\/index.php\\\/2024\\\/11\\\/04\\\/en-moreno-se-llevara-a-cabo-el-primer-relevamiento-de-hogares-monomarentales-a-nivel-nacional\\\/#primaryimage\"},\"image\":{\"@id\":\"https:\\\/\\\/infopba247.com.ar\\\/index.php\\\/2024\\\/11\\\/04\\\/en-moreno-se-llevara-a-cabo-el-primer-relevamiento-de-hogares-monomarentales-a-nivel-nacional\\\/#primaryimage\"},\"thumbnailUrl\":\"https:\\\/\\\/infopba247.com.ar\\\/wp-content\\\/uploads\\\/2024\\\/11\\\/DSC_0060-720x445-1.jpg\",\"datePublished\":\"2024-11-04T12:56:47+00:00\",\"dateModified\":\"2024-11-04T12:56:49+00:00\",\"breadcrumb\":{\"@id\":\"https:\\\/\\\/infopba247.com.ar\\\/index.php\\\/2024\\\/11\\\/04\\\/en-moreno-se-llevara-a-cabo-el-primer-relevamiento-de-hogares-monomarentales-a-nivel-nacional\\\/#breadcrumb\"},\"inLanguage\":\"es\",\"potentialAction\":[{\"@type\":\"ReadAction\",\"target\":[\"https:\\\/\\\/infopba247.com.ar\\\/index.php\\\/2024\\\/11\\\/04\\\/en-moreno-se-llevara-a-cabo-el-primer-relevamiento-de-hogares-monomarentales-a-nivel-nacional\\\/\"]}]},{\"@type\":\"ImageObject\",\"inLanguage\":\"es\",\"@id\":\"https:\\\/\\\/infopba247.com.ar\\\/index.php\\\/2024\\\/11\\\/04\\\/en-moreno-se-llevara-a-cabo-el-primer-relevamiento-de-hogares-monomarentales-a-nivel-nacional\\\/#primaryimage\",\"url\":\"https:\\\/\\\/infopba247.com.ar\\\/wp-content\\\/uploads\\\/2024\\\/11\\\/DSC_0060-720x445-1.jpg\",\"contentUrl\":\"https:\\\/\\\/infopba247.com.ar\\\/wp-content\\\/uploads\\\/2024\\\/11\\\/DSC_0060-720x445-1.jpg\",\"width\":720,\"height\":445},{\"@type\":\"BreadcrumbList\",\"@id\":\"https:\\\/\\\/infopba247.com.ar\\\/index.php\\\/2024\\\/11\\\/04\\\/en-moreno-se-llevara-a-cabo-el-primer-relevamiento-de-hogares-monomarentales-a-nivel-nacional\\\/#breadcrumb\",\"itemListElement\":[{\"@type\":\"ListItem\",\"position\":1,\"name\":\"Portada\",\"item\":\"https:\\\/\\\/infopba247.com.ar\\\/\"},{\"@type\":\"ListItem\",\"position\":2,\"name\":\"En Moreno se llevar\u00e1 a cabo el primer relevamiento de hogares monomarentales a nivel nacional\"}]},{\"@type\":\"WebSite\",\"@id\":\"https:\\\/\\\/infopba247.com.ar\\\/#website\",\"url\":\"https:\\\/\\\/infopba247.com.ar\\\/\",\"name\":\"InfoPBA247\",\"description\":\"Toda la actualidad bonaerense\",\"publisher\":{\"@id\":\"https:\\\/\\\/infopba247.com.ar\\\/#organization\"},\"potentialAction\":[{\"@type\":\"SearchAction\",\"target\":{\"@type\":\"EntryPoint\",\"urlTemplate\":\"https:\\\/\\\/infopba247.com.ar\\\/?s={search_term_string}\"},\"query-input\":{\"@type\":\"PropertyValueSpecification\",\"valueRequired\":true,\"valueName\":\"search_term_string\"}}],\"inLanguage\":\"es\"},{\"@type\":\"Organization\",\"@id\":\"https:\\\/\\\/infopba247.com.ar\\\/#organization\",\"name\":\"InfoPBA247\",\"url\":\"https:\\\/\\\/infopba247.com.ar\\\/\",\"logo\":{\"@type\":\"ImageObject\",\"inLanguage\":\"es\",\"@id\":\"https:\\\/\\\/infopba247.com.ar\\\/#\\\/schema\\\/logo\\\/image\\\/\",\"url\":\"https:\\\/\\\/infopba247.com.ar\\\/wp-content\\\/uploads\\\/2022\\\/03\\\/cropped-InfoPBA247-1.png\",\"contentUrl\":\"https:\\\/\\\/infopba247.com.ar\\\/wp-content\\\/uploads\\\/2022\\\/03\\\/cropped-InfoPBA247-1.png\",\"width\":500,\"height\":122,\"caption\":\"InfoPBA247\"},\"image\":{\"@id\":\"https:\\\/\\\/infopba247.com.ar\\\/#\\\/schema\\\/logo\\\/image\\\/\"},\"sameAs\":[\"https:\\\/\\\/www.facebook.com\\\/InfoPBA\"]},{\"@type\":\"Person\",\"@id\":\"https:\\\/\\\/infopba247.com.ar\\\/#\\\/schema\\\/person\\\/4975f1343a413e57bf839b3eed0099f2\",\"name\":\"Editor\",\"image\":{\"@type\":\"ImageObject\",\"inLanguage\":\"es\",\"@id\":\"https:\\\/\\\/secure.gravatar.com\\\/avatar\\\/d27fe9520667ca53441d36627a1d6b0fa4a813571ec4803687a7a3a7744685ac?s=96&d=mm&r=g\",\"url\":\"https:\\\/\\\/secure.gravatar.com\\\/avatar\\\/d27fe9520667ca53441d36627a1d6b0fa4a813571ec4803687a7a3a7744685ac?s=96&d=mm&r=g\",\"contentUrl\":\"https:\\\/\\\/secure.gravatar.com\\\/avatar\\\/d27fe9520667ca53441d36627a1d6b0fa4a813571ec4803687a7a3a7744685ac?s=96&d=mm&r=g\",\"caption\":\"Editor\"},\"url\":\"https:\\\/\\\/infopba247.com.ar\\\/index.php\\\/author\\\/editor\\\/\"}]}<\/script>\n<!-- \/ Yoast SEO plugin. -->","yoast_head_json":{"title":"En Moreno se llevar\u00e1 a cabo el primer relevamiento de hogares monomarentales a nivel nacional - InfoPBA247","robots":{"index":"index","follow":"follow","max-snippet":"max-snippet:-1","max-image-preview":"max-image-preview:large","max-video-preview":"max-video-preview:-1"},"canonical":"https:\/\/infopba247.com.ar\/index.php\/2024\/11\/04\/en-moreno-se-llevara-a-cabo-el-primer-relevamiento-de-hogares-monomarentales-a-nivel-nacional\/","og_locale":"es_ES","og_type":"article","og_title":"En Moreno se llevar\u00e1 a cabo el primer relevamiento de hogares monomarentales a nivel nacional - InfoPBA247","og_description":"Desde la Agrupaci\u00f3n Reconquista y el Movimiento Evita, lanzaron en Moreno el primer relevamiento que se realiza en el pa\u00eds","og_url":"https:\/\/infopba247.com.ar\/index.php\/2024\/11\/04\/en-moreno-se-llevara-a-cabo-el-primer-relevamiento-de-hogares-monomarentales-a-nivel-nacional\/","og_site_name":"InfoPBA247","article_publisher":"https:\/\/www.facebook.com\/InfoPBA","article_published_time":"2024-11-04T12:56:47+00:00","article_modified_time":"2024-11-04T12:56:49+00:00","og_image":[{"width":720,"height":445,"url":"https:\/\/infopba247.com.ar\/wp-content\/uploads\/2024\/11\/DSC_0060-720x445-1.jpg","type":"image\/jpeg"}],"author":"Editor","twitter_card":"summary_large_image","twitter_misc":{"Escrito por":"Editor","Tiempo de lectura":"5 minutos"},"schema":{"@context":"https:\/\/schema.org","@graph":[{"@type":"Article","@id":"https:\/\/infopba247.com.ar\/index.php\/2024\/11\/04\/en-moreno-se-llevara-a-cabo-el-primer-relevamiento-de-hogares-monomarentales-a-nivel-nacional\/#article","isPartOf":{"@id":"https:\/\/infopba247.com.ar\/index.php\/2024\/11\/04\/en-moreno-se-llevara-a-cabo-el-primer-relevamiento-de-hogares-monomarentales-a-nivel-nacional\/"},"author":{"name":"Editor","@id":"https:\/\/infopba247.com.ar\/#\/schema\/person\/4975f1343a413e57bf839b3eed0099f2"},"headline":"En Moreno se llevar\u00e1 a cabo el primer relevamiento de hogares monomarentales a nivel nacional","datePublished":"2024-11-04T12:56:47+00:00","dateModified":"2024-11-04T12:56:49+00:00","mainEntityOfPage":{"@id":"https:\/\/infopba247.com.ar\/index.php\/2024\/11\/04\/en-moreno-se-llevara-a-cabo-el-primer-relevamiento-de-hogares-monomarentales-a-nivel-nacional\/"},"wordCount":1054,"commentCount":0,"publisher":{"@id":"https:\/\/infopba247.com.ar\/#organization"},"image":{"@id":"https:\/\/infopba247.com.ar\/index.php\/2024\/11\/04\/en-moreno-se-llevara-a-cabo-el-primer-relevamiento-de-hogares-monomarentales-a-nivel-nacional\/#primaryimage"},"thumbnailUrl":"https:\/\/infopba247.com.ar\/wp-content\/uploads\/2024\/11\/DSC_0060-720x445-1.jpg","articleSection":["1ra Secci\u00f3n","Destacadas","Pol\u00edtica"],"inLanguage":"es","potentialAction":[{"@type":"CommentAction","name":"Comment","target":["https:\/\/infopba247.com.ar\/index.php\/2024\/11\/04\/en-moreno-se-llevara-a-cabo-el-primer-relevamiento-de-hogares-monomarentales-a-nivel-nacional\/#respond"]}]},{"@type":"WebPage","@id":"https:\/\/infopba247.com.ar\/index.php\/2024\/11\/04\/en-moreno-se-llevara-a-cabo-el-primer-relevamiento-de-hogares-monomarentales-a-nivel-nacional\/","url":"https:\/\/infopba247.com.ar\/index.php\/2024\/11\/04\/en-moreno-se-llevara-a-cabo-el-primer-relevamiento-de-hogares-monomarentales-a-nivel-nacional\/","name":"En Moreno se llevar\u00e1 a cabo el primer relevamiento de hogares monomarentales a nivel nacional - InfoPBA247","isPartOf":{"@id":"https:\/\/infopba247.com.ar\/#website"},"primaryImageOfPage":{"@id":"https:\/\/infopba247.com.ar\/index.php\/2024\/11\/04\/en-moreno-se-llevara-a-cabo-el-primer-relevamiento-de-hogares-monomarentales-a-nivel-nacional\/#primaryimage"},"image":{"@id":"https:\/\/infopba247.com.ar\/index.php\/2024\/11\/04\/en-moreno-se-llevara-a-cabo-el-primer-relevamiento-de-hogares-monomarentales-a-nivel-nacional\/#primaryimage"},"thumbnailUrl":"https:\/\/infopba247.com.ar\/wp-content\/uploads\/2024\/11\/DSC_0060-720x445-1.jpg","datePublished":"2024-11-04T12:56:47+00:00","dateModified":"2024-11-04T12:56:49+00:00","breadcrumb":{"@id":"https:\/\/infopba247.com.ar\/index.php\/2024\/11\/04\/en-moreno-se-llevara-a-cabo-el-primer-relevamiento-de-hogares-monomarentales-a-nivel-nacional\/#breadcrumb"},"inLanguage":"es","potentialAction":[{"@type":"ReadAction","target":["https:\/\/infopba247.com.ar\/index.php\/2024\/11\/04\/en-moreno-se-llevara-a-cabo-el-primer-relevamiento-de-hogares-monomarentales-a-nivel-nacional\/"]}]},{"@type":"ImageObject","inLanguage":"es","@id":"https:\/\/infopba247.com.ar\/index.php\/2024\/11\/04\/en-moreno-se-llevara-a-cabo-el-primer-relevamiento-de-hogares-monomarentales-a-nivel-nacional\/#primaryimage","url":"https:\/\/infopba247.com.ar\/wp-content\/uploads\/2024\/11\/DSC_0060-720x445-1.jpg","contentUrl":"https:\/\/infopba247.com.ar\/wp-content\/uploads\/2024\/11\/DSC_0060-720x445-1.jpg","width":720,"height":445},{"@type":"BreadcrumbList","@id":"https:\/\/infopba247.com.ar\/index.php\/2024\/11\/04\/en-moreno-se-llevara-a-cabo-el-primer-relevamiento-de-hogares-monomarentales-a-nivel-nacional\/#breadcrumb","itemListElement":[{"@type":"ListItem","position":1,"name":"Portada","item":"https:\/\/infopba247.com.ar\/"},{"@type":"ListItem","position":2,"name":"En Moreno se llevar\u00e1 a cabo el primer relevamiento de hogares monomarentales a nivel nacional"}]},{"@type":"WebSite","@id":"https:\/\/infopba247.com.ar\/#website","url":"https:\/\/infopba247.com.ar\/","name":"InfoPBA247","description":"Toda la actualidad bonaerense","publisher":{"@id":"https:\/\/infopba247.com.ar\/#organization"},"potentialAction":[{"@type":"SearchAction","target":{"@type":"EntryPoint","urlTemplate":"https:\/\/infopba247.com.ar\/?s={search_term_string}"},"query-input":{"@type":"PropertyValueSpecification","valueRequired":true,"valueName":"search_term_string"}}],"inLanguage":"es"},{"@type":"Organization","@id":"https:\/\/infopba247.com.ar\/#organization","name":"InfoPBA247","url":"https:\/\/infopba247.com.ar\/","logo":{"@type":"ImageObject","inLanguage":"es","@id":"https:\/\/infopba247.com.ar\/#\/schema\/logo\/image\/","url":"https:\/\/infopba247.com.ar\/wp-content\/uploads\/2022\/03\/cropped-InfoPBA247-1.png","contentUrl":"https:\/\/infopba247.com.ar\/wp-content\/uploads\/2022\/03\/cropped-InfoPBA247-1.png","width":500,"height":122,"caption":"InfoPBA247"},"image":{"@id":"https:\/\/infopba247.com.ar\/#\/schema\/logo\/image\/"},"sameAs":["https:\/\/www.facebook.com\/InfoPBA"]},{"@type":"Person","@id":"https:\/\/infopba247.com.ar\/#\/schema\/person\/4975f1343a413e57bf839b3eed0099f2","name":"Editor","image":{"@type":"ImageObject","inLanguage":"es","@id":"https:\/\/secure.gravatar.com\/avatar\/d27fe9520667ca53441d36627a1d6b0fa4a813571ec4803687a7a3a7744685ac?s=96&d=mm&r=g","url":"https:\/\/secure.gravatar.com\/avatar\/d27fe9520667ca53441d36627a1d6b0fa4a813571ec4803687a7a3a7744685ac?s=96&d=mm&r=g","contentUrl":"https:\/\/secure.gravatar.com\/avatar\/d27fe9520667ca53441d36627a1d6b0fa4a813571ec4803687a7a3a7744685ac?s=96&d=mm&r=g","caption":"Editor"},"url":"https:\/\/infopba247.com.ar\/index.php\/author\/editor\/"}]}},"_links":{"self":[{"href":"https:\/\/infopba247.com.ar\/index.php\/wp-json\/wp\/v2\/posts\/5614","targetHints":{"allow":["GET"]}}],"collection":[{"href":"https:\/\/infopba247.com.ar\/index.php\/wp-json\/wp\/v2\/posts"}],"about":[{"href":"https:\/\/infopba247.com.ar\/index.php\/wp-json\/wp\/v2\/types\/post"}],"author":[{"embeddable":true,"href":"https:\/\/infopba247.com.ar\/index.php\/wp-json\/wp\/v2\/users\/3"}],"replies":[{"embeddable":true,"href":"https:\/\/infopba247.com.ar\/index.php\/wp-json\/wp\/v2\/comments?post=5614"}],"version-history":[{"count":1,"href":"https:\/\/infopba247.com.ar\/index.php\/wp-json\/wp\/v2\/posts\/5614\/revisions"}],"predecessor-version":[{"id":5615,"href":"https:\/\/infopba247.com.ar\/index.php\/wp-json\/wp\/v2\/posts\/5614\/revisions\/5615"}],"wp:featuredmedia":[{"embeddable":true,"href":"https:\/\/infopba247.com.ar\/index.php\/wp-json\/wp\/v2\/media\/5607"}],"wp:attachment":[{"href":"https:\/\/infopba247.com.ar\/index.php\/wp-json\/wp\/v2\/media?parent=5614"}],"wp:term":[{"taxonomy":"category","embeddable":true,"href":"https:\/\/infopba247.com.ar\/index.php\/wp-json\/wp\/v2\/categories?post=5614"},{"taxonomy":"post_tag","embeddable":true,"href":"https:\/\/infopba247.com.ar\/index.php\/wp-json\/wp\/v2\/tags?post=5614"}],"curies":[{"name":"wp","href":"https:\/\/api.w.org\/{rel}","templated":true}]}}