{"id":5604,"date":"2024-11-01T10:47:54","date_gmt":"2024-11-01T13:47:54","guid":{"rendered":"https:\/\/infopba247.com.ar\/?p=5604"},"modified":"2024-11-01T10:47:55","modified_gmt":"2024-11-01T13:47:55","slug":"copret-se-acordo-la-oferta-educativa-2025-del-cfl-n-o-401","status":"publish","type":"post","link":"https:\/\/infopba247.com.ar\/index.php\/2024\/11\/01\/copret-se-acordo-la-oferta-educativa-2025-del-cfl-n-o-401\/","title":{"rendered":"COPRET: Se acord\u00f3 la oferta educativa 2025 del CFL N.\u00ba 401"},"content":{"rendered":"\n<p>D\u00edas atr\u00e1s se llev\u00f3 a cabo en Monte Hermoso la Mesa COPRET (Consejo Provincial de Educaci\u00f3n y Trabajo) que cont\u00f3 con la presencia de autoridades locales y representantes de distintos sectores.<\/p>\n\n\n\n<p>Participaron el secretario de Gobierno Ramiro Busca, el secretario de Turismo Franco Gentili, el director de Producci\u00f3n Luciano Macalu, el presidente del Consejo Escolar Ariel Llerandi, el Inspector Distrital Julio Bello, la secretaria Coordinadora de COPRET Celeste Gonz\u00e1lez, y ladirectora del CFL N.\u00ba 401, Mirta Echevarr\u00eda, junto a diversos referentes de los sectores educativo, pesca, construcci\u00f3n, hoteler\u00eda, entre otros.<\/p>\n\n\n\n<p>En este encuentro se logr\u00f3 firmar los avales de la oferta educativa del Centro de Formaci\u00f3n Laboral N.\u00ba 401 para el ciclo lectivo 2025. La programaci\u00f3n incluir\u00e1 cursos en \u00e1reas como Manipulaci\u00f3n de Alimentos, Gasista Domiciliario, Cer\u00e1mica Industrial, Mantenimiento de Edificios, Procesamiento de Pescado, Confecci\u00f3n de Lencer\u00eda y Corseter\u00eda, Patronista y confeccionista de Ropa de Bebe, Mantenimiento de Edificios, Alba\u00f1iler\u00eda, Elaboraci\u00f3n de Alfajores Regionales, Auxiliar de Sommelier, Barista, Auxiliar Mec\u00e1nico de Automotores, Operador\/a de Cuidado de Adultos\/as Mayores, Mozo B\u00e1sico, Ingles para Hoteler\u00eda y Gastronom\u00eda nivel 1, Capacitaci\u00f3n en Lengua de Se\u00f1as, Limpieza Institucional, Relaci\u00f3n Laboral y de G\u00e9nero, Habilidades Digitales.<\/p>\n\n\n\n<p>Con esta oferta diversa, se busca responder a las demandas laborales y fomentar el desarrollo de habilidades en la comunidad local, fortaleciendo la integraci\u00f3n entre educaci\u00f3n y trabajo.<\/p>\n","protected":false},"excerpt":{"rendered":"<p>D\u00edas atr\u00e1s se llev\u00f3 a cabo en Monte Hermoso la Mesa COPRET (Consejo Provincial de Educaci\u00f3n y Trabajo) que cont\u00f3<\/p>\n","protected":false},"author":3,"featured_media":5595,"comment_status":"open","ping_status":"open","sticky":false,"template":"","format":"standard","meta":{"colormag_page_container_layout":"default_layout","colormag_page_sidebar_layout":"default_layout","footnotes":""},"categories":[10,1,14],"tags":[],"class_list":["post-5604","post","type-post","status-publish","format-standard","has-post-thumbnail","hentry","category-6ta-seccion","category-destacadas","category-politica"],"yoast_head":"<!-- This site is optimized with the Yoast SEO plugin v27.4 - https:\/\/yoast.com\/product\/yoast-seo-wordpress\/ -->\n<title>COPRET: Se acord\u00f3 la oferta educativa 2025 del CFL N.\u00ba 401 - InfoPBA247<\/title>\n<meta name=\"robots\" content=\"index, follow, max-snippet:-1, max-image-preview:large, max-video-preview:-1\" \/>\n<link rel=\"canonical\" href=\"https:\/\/infopba247.com.ar\/index.php\/2024\/11\/01\/copret-se-acordo-la-oferta-educativa-2025-del-cfl-n-o-401\/\" \/>\n<meta property=\"og:locale\" content=\"es_ES\" \/>\n<meta property=\"og:type\" content=\"article\" \/>\n<meta property=\"og:title\" content=\"COPRET: Se acord\u00f3 la oferta educativa 2025 del CFL N.\u00ba 401 - InfoPBA247\" \/>\n<meta property=\"og:description\" content=\"D\u00edas atr\u00e1s se llev\u00f3 a cabo en Monte Hermoso la Mesa COPRET (Consejo Provincial de Educaci\u00f3n y Trabajo) que cont\u00f3\" \/>\n<meta property=\"og:url\" content=\"https:\/\/infopba247.com.ar\/index.php\/2024\/11\/01\/copret-se-acordo-la-oferta-educativa-2025-del-cfl-n-o-401\/\" \/>\n<meta property=\"og:site_name\" content=\"InfoPBA247\" \/>\n<meta property=\"article:publisher\" content=\"https:\/\/www.facebook.com\/InfoPBA\" \/>\n<meta property=\"article:published_time\" content=\"2024-11-01T13:47:54+00:00\" \/>\n<meta property=\"article:modified_time\" content=\"2024-11-01T13:47:55+00:00\" \/>\n<meta property=\"og:image\" content=\"https:\/\/infopba247.com.ar\/wp-content\/uploads\/2024\/11\/WhatsApp-Image-2024-10-28-at-12.25.43-1-1-1024x771-1.jpeg\" \/>\n\t<meta property=\"og:image:width\" content=\"1024\" \/>\n\t<meta property=\"og:image:height\" content=\"771\" \/>\n\t<meta property=\"og:image:type\" content=\"image\/jpeg\" \/>\n<meta name=\"author\" content=\"Editor\" \/>\n<meta name=\"twitter:card\" content=\"summary_large_image\" \/>\n<meta name=\"twitter:label1\" content=\"Escrito por\" \/>\n\t<meta name=\"twitter:data1\" content=\"Editor\" \/>\n\t<meta name=\"twitter:label2\" content=\"Tiempo de lectura\" \/>\n\t<meta name=\"twitter:data2\" content=\"2 minutos\" \/>\n<script type=\"application\/ld+json\" class=\"yoast-schema-graph\">{\"@context\":\"https:\\\/\\\/schema.org\",\"@graph\":[{\"@type\":\"Article\",\"@id\":\"https:\\\/\\\/infopba247.com.ar\\\/index.php\\\/2024\\\/11\\\/01\\\/copret-se-acordo-la-oferta-educativa-2025-del-cfl-n-o-401\\\/#article\",\"isPartOf\":{\"@id\":\"https:\\\/\\\/infopba247.com.ar\\\/index.php\\\/2024\\\/11\\\/01\\\/copret-se-acordo-la-oferta-educativa-2025-del-cfl-n-o-401\\\/\"},\"author\":{\"name\":\"Editor\",\"@id\":\"https:\\\/\\\/infopba247.com.ar\\\/#\\\/schema\\\/person\\\/4975f1343a413e57bf839b3eed0099f2\"},\"headline\":\"COPRET: Se acord\u00f3 la oferta educativa 2025 del CFL N.\u00ba 401\",\"datePublished\":\"2024-11-01T13:47:54+00:00\",\"dateModified\":\"2024-11-01T13:47:55+00:00\",\"mainEntityOfPage\":{\"@id\":\"https:\\\/\\\/infopba247.com.ar\\\/index.php\\\/2024\\\/11\\\/01\\\/copret-se-acordo-la-oferta-educativa-2025-del-cfl-n-o-401\\\/\"},\"wordCount\":254,\"commentCount\":0,\"publisher\":{\"@id\":\"https:\\\/\\\/infopba247.com.ar\\\/#organization\"},\"image\":{\"@id\":\"https:\\\/\\\/infopba247.com.ar\\\/index.php\\\/2024\\\/11\\\/01\\\/copret-se-acordo-la-oferta-educativa-2025-del-cfl-n-o-401\\\/#primaryimage\"},\"thumbnailUrl\":\"https:\\\/\\\/infopba247.com.ar\\\/wp-content\\\/uploads\\\/2024\\\/11\\\/WhatsApp-Image-2024-10-28-at-12.25.43-1-1-1024x771-1.jpeg\",\"articleSection\":[\"6ta Secci\u00f3n\",\"Destacadas\",\"Pol\u00edtica\"],\"inLanguage\":\"es\",\"potentialAction\":[{\"@type\":\"CommentAction\",\"name\":\"Comment\",\"target\":[\"https:\\\/\\\/infopba247.com.ar\\\/index.php\\\/2024\\\/11\\\/01\\\/copret-se-acordo-la-oferta-educativa-2025-del-cfl-n-o-401\\\/#respond\"]}]},{\"@type\":\"WebPage\",\"@id\":\"https:\\\/\\\/infopba247.com.ar\\\/index.php\\\/2024\\\/11\\\/01\\\/copret-se-acordo-la-oferta-educativa-2025-del-cfl-n-o-401\\\/\",\"url\":\"https:\\\/\\\/infopba247.com.ar\\\/index.php\\\/2024\\\/11\\\/01\\\/copret-se-acordo-la-oferta-educativa-2025-del-cfl-n-o-401\\\/\",\"name\":\"COPRET: Se acord\u00f3 la oferta educativa 2025 del CFL N.\u00ba 401 - InfoPBA247\",\"isPartOf\":{\"@id\":\"https:\\\/\\\/infopba247.com.ar\\\/#website\"},\"primaryImageOfPage\":{\"@id\":\"https:\\\/\\\/infopba247.com.ar\\\/index.php\\\/2024\\\/11\\\/01\\\/copret-se-acordo-la-oferta-educativa-2025-del-cfl-n-o-401\\\/#primaryimage\"},\"image\":{\"@id\":\"https:\\\/\\\/infopba247.com.ar\\\/index.php\\\/2024\\\/11\\\/01\\\/copret-se-acordo-la-oferta-educativa-2025-del-cfl-n-o-401\\\/#primaryimage\"},\"thumbnailUrl\":\"https:\\\/\\\/infopba247.com.ar\\\/wp-content\\\/uploads\\\/2024\\\/11\\\/WhatsApp-Image-2024-10-28-at-12.25.43-1-1-1024x771-1.jpeg\",\"datePublished\":\"2024-11-01T13:47:54+00:00\",\"dateModified\":\"2024-11-01T13:47:55+00:00\",\"breadcrumb\":{\"@id\":\"https:\\\/\\\/infopba247.com.ar\\\/index.php\\\/2024\\\/11\\\/01\\\/copret-se-acordo-la-oferta-educativa-2025-del-cfl-n-o-401\\\/#breadcrumb\"},\"inLanguage\":\"es\",\"potentialAction\":[{\"@type\":\"ReadAction\",\"target\":[\"https:\\\/\\\/infopba247.com.ar\\\/index.php\\\/2024\\\/11\\\/01\\\/copret-se-acordo-la-oferta-educativa-2025-del-cfl-n-o-401\\\/\"]}]},{\"@type\":\"ImageObject\",\"inLanguage\":\"es\",\"@id\":\"https:\\\/\\\/infopba247.com.ar\\\/index.php\\\/2024\\\/11\\\/01\\\/copret-se-acordo-la-oferta-educativa-2025-del-cfl-n-o-401\\\/#primaryimage\",\"url\":\"https:\\\/\\\/infopba247.com.ar\\\/wp-content\\\/uploads\\\/2024\\\/11\\\/WhatsApp-Image-2024-10-28-at-12.25.43-1-1-1024x771-1.jpeg\",\"contentUrl\":\"https:\\\/\\\/infopba247.com.ar\\\/wp-content\\\/uploads\\\/2024\\\/11\\\/WhatsApp-Image-2024-10-28-at-12.25.43-1-1-1024x771-1.jpeg\",\"width\":1024,\"height\":771},{\"@type\":\"BreadcrumbList\",\"@id\":\"https:\\\/\\\/infopba247.com.ar\\\/index.php\\\/2024\\\/11\\\/01\\\/copret-se-acordo-la-oferta-educativa-2025-del-cfl-n-o-401\\\/#breadcrumb\",\"itemListElement\":[{\"@type\":\"ListItem\",\"position\":1,\"name\":\"Portada\",\"item\":\"https:\\\/\\\/infopba247.com.ar\\\/\"},{\"@type\":\"ListItem\",\"position\":2,\"name\":\"COPRET: Se acord\u00f3 la oferta educativa 2025 del CFL N.\u00ba 401\"}]},{\"@type\":\"WebSite\",\"@id\":\"https:\\\/\\\/infopba247.com.ar\\\/#website\",\"url\":\"https:\\\/\\\/infopba247.com.ar\\\/\",\"name\":\"InfoPBA247\",\"description\":\"Toda la actualidad bonaerense\",\"publisher\":{\"@id\":\"https:\\\/\\\/infopba247.com.ar\\\/#organization\"},\"potentialAction\":[{\"@type\":\"SearchAction\",\"target\":{\"@type\":\"EntryPoint\",\"urlTemplate\":\"https:\\\/\\\/infopba247.com.ar\\\/?s={search_term_string}\"},\"query-input\":{\"@type\":\"PropertyValueSpecification\",\"valueRequired\":true,\"valueName\":\"search_term_string\"}}],\"inLanguage\":\"es\"},{\"@type\":\"Organization\",\"@id\":\"https:\\\/\\\/infopba247.com.ar\\\/#organization\",\"name\":\"InfoPBA247\",\"url\":\"https:\\\/\\\/infopba247.com.ar\\\/\",\"logo\":{\"@type\":\"ImageObject\",\"inLanguage\":\"es\",\"@id\":\"https:\\\/\\\/infopba247.com.ar\\\/#\\\/schema\\\/logo\\\/image\\\/\",\"url\":\"https:\\\/\\\/infopba247.com.ar\\\/wp-content\\\/uploads\\\/2022\\\/03\\\/cropped-InfoPBA247-1.png\",\"contentUrl\":\"https:\\\/\\\/infopba247.com.ar\\\/wp-content\\\/uploads\\\/2022\\\/03\\\/cropped-InfoPBA247-1.png\",\"width\":500,\"height\":122,\"caption\":\"InfoPBA247\"},\"image\":{\"@id\":\"https:\\\/\\\/infopba247.com.ar\\\/#\\\/schema\\\/logo\\\/image\\\/\"},\"sameAs\":[\"https:\\\/\\\/www.facebook.com\\\/InfoPBA\"]},{\"@type\":\"Person\",\"@id\":\"https:\\\/\\\/infopba247.com.ar\\\/#\\\/schema\\\/person\\\/4975f1343a413e57bf839b3eed0099f2\",\"name\":\"Editor\",\"image\":{\"@type\":\"ImageObject\",\"inLanguage\":\"es\",\"@id\":\"https:\\\/\\\/secure.gravatar.com\\\/avatar\\\/d27fe9520667ca53441d36627a1d6b0fa4a813571ec4803687a7a3a7744685ac?s=96&d=mm&r=g\",\"url\":\"https:\\\/\\\/secure.gravatar.com\\\/avatar\\\/d27fe9520667ca53441d36627a1d6b0fa4a813571ec4803687a7a3a7744685ac?s=96&d=mm&r=g\",\"contentUrl\":\"https:\\\/\\\/secure.gravatar.com\\\/avatar\\\/d27fe9520667ca53441d36627a1d6b0fa4a813571ec4803687a7a3a7744685ac?s=96&d=mm&r=g\",\"caption\":\"Editor\"},\"url\":\"https:\\\/\\\/infopba247.com.ar\\\/index.php\\\/author\\\/editor\\\/\"}]}<\/script>\n<!-- \/ Yoast SEO plugin. -->","yoast_head_json":{"title":"COPRET: Se acord\u00f3 la oferta educativa 2025 del CFL N.\u00ba 401 - InfoPBA247","robots":{"index":"index","follow":"follow","max-snippet":"max-snippet:-1","max-image-preview":"max-image-preview:large","max-video-preview":"max-video-preview:-1"},"canonical":"https:\/\/infopba247.com.ar\/index.php\/2024\/11\/01\/copret-se-acordo-la-oferta-educativa-2025-del-cfl-n-o-401\/","og_locale":"es_ES","og_type":"article","og_title":"COPRET: Se acord\u00f3 la oferta educativa 2025 del CFL N.\u00ba 401 - InfoPBA247","og_description":"D\u00edas atr\u00e1s se llev\u00f3 a cabo en Monte Hermoso la Mesa COPRET (Consejo Provincial de Educaci\u00f3n y Trabajo) que cont\u00f3","og_url":"https:\/\/infopba247.com.ar\/index.php\/2024\/11\/01\/copret-se-acordo-la-oferta-educativa-2025-del-cfl-n-o-401\/","og_site_name":"InfoPBA247","article_publisher":"https:\/\/www.facebook.com\/InfoPBA","article_published_time":"2024-11-01T13:47:54+00:00","article_modified_time":"2024-11-01T13:47:55+00:00","og_image":[{"width":1024,"height":771,"url":"https:\/\/infopba247.com.ar\/wp-content\/uploads\/2024\/11\/WhatsApp-Image-2024-10-28-at-12.25.43-1-1-1024x771-1.jpeg","type":"image\/jpeg"}],"author":"Editor","twitter_card":"summary_large_image","twitter_misc":{"Escrito por":"Editor","Tiempo de lectura":"2 minutos"},"schema":{"@context":"https:\/\/schema.org","@graph":[{"@type":"Article","@id":"https:\/\/infopba247.com.ar\/index.php\/2024\/11\/01\/copret-se-acordo-la-oferta-educativa-2025-del-cfl-n-o-401\/#article","isPartOf":{"@id":"https:\/\/infopba247.com.ar\/index.php\/2024\/11\/01\/copret-se-acordo-la-oferta-educativa-2025-del-cfl-n-o-401\/"},"author":{"name":"Editor","@id":"https:\/\/infopba247.com.ar\/#\/schema\/person\/4975f1343a413e57bf839b3eed0099f2"},"headline":"COPRET: Se acord\u00f3 la oferta educativa 2025 del CFL N.\u00ba 401","datePublished":"2024-11-01T13:47:54+00:00","dateModified":"2024-11-01T13:47:55+00:00","mainEntityOfPage":{"@id":"https:\/\/infopba247.com.ar\/index.php\/2024\/11\/01\/copret-se-acordo-la-oferta-educativa-2025-del-cfl-n-o-401\/"},"wordCount":254,"commentCount":0,"publisher":{"@id":"https:\/\/infopba247.com.ar\/#organization"},"image":{"@id":"https:\/\/infopba247.com.ar\/index.php\/2024\/11\/01\/copret-se-acordo-la-oferta-educativa-2025-del-cfl-n-o-401\/#primaryimage"},"thumbnailUrl":"https:\/\/infopba247.com.ar\/wp-content\/uploads\/2024\/11\/WhatsApp-Image-2024-10-28-at-12.25.43-1-1-1024x771-1.jpeg","articleSection":["6ta Secci\u00f3n","Destacadas","Pol\u00edtica"],"inLanguage":"es","potentialAction":[{"@type":"CommentAction","name":"Comment","target":["https:\/\/infopba247.com.ar\/index.php\/2024\/11\/01\/copret-se-acordo-la-oferta-educativa-2025-del-cfl-n-o-401\/#respond"]}]},{"@type":"WebPage","@id":"https:\/\/infopba247.com.ar\/index.php\/2024\/11\/01\/copret-se-acordo-la-oferta-educativa-2025-del-cfl-n-o-401\/","url":"https:\/\/infopba247.com.ar\/index.php\/2024\/11\/01\/copret-se-acordo-la-oferta-educativa-2025-del-cfl-n-o-401\/","name":"COPRET: Se acord\u00f3 la oferta educativa 2025 del CFL N.\u00ba 401 - InfoPBA247","isPartOf":{"@id":"https:\/\/infopba247.com.ar\/#website"},"primaryImageOfPage":{"@id":"https:\/\/infopba247.com.ar\/index.php\/2024\/11\/01\/copret-se-acordo-la-oferta-educativa-2025-del-cfl-n-o-401\/#primaryimage"},"image":{"@id":"https:\/\/infopba247.com.ar\/index.php\/2024\/11\/01\/copret-se-acordo-la-oferta-educativa-2025-del-cfl-n-o-401\/#primaryimage"},"thumbnailUrl":"https:\/\/infopba247.com.ar\/wp-content\/uploads\/2024\/11\/WhatsApp-Image-2024-10-28-at-12.25.43-1-1-1024x771-1.jpeg","datePublished":"2024-11-01T13:47:54+00:00","dateModified":"2024-11-01T13:47:55+00:00","breadcrumb":{"@id":"https:\/\/infopba247.com.ar\/index.php\/2024\/11\/01\/copret-se-acordo-la-oferta-educativa-2025-del-cfl-n-o-401\/#breadcrumb"},"inLanguage":"es","potentialAction":[{"@type":"ReadAction","target":["https:\/\/infopba247.com.ar\/index.php\/2024\/11\/01\/copret-se-acordo-la-oferta-educativa-2025-del-cfl-n-o-401\/"]}]},{"@type":"ImageObject","inLanguage":"es","@id":"https:\/\/infopba247.com.ar\/index.php\/2024\/11\/01\/copret-se-acordo-la-oferta-educativa-2025-del-cfl-n-o-401\/#primaryimage","url":"https:\/\/infopba247.com.ar\/wp-content\/uploads\/2024\/11\/WhatsApp-Image-2024-10-28-at-12.25.43-1-1-1024x771-1.jpeg","contentUrl":"https:\/\/infopba247.com.ar\/wp-content\/uploads\/2024\/11\/WhatsApp-Image-2024-10-28-at-12.25.43-1-1-1024x771-1.jpeg","width":1024,"height":771},{"@type":"BreadcrumbList","@id":"https:\/\/infopba247.com.ar\/index.php\/2024\/11\/01\/copret-se-acordo-la-oferta-educativa-2025-del-cfl-n-o-401\/#breadcrumb","itemListElement":[{"@type":"ListItem","position":1,"name":"Portada","item":"https:\/\/infopba247.com.ar\/"},{"@type":"ListItem","position":2,"name":"COPRET: Se acord\u00f3 la oferta educativa 2025 del CFL N.\u00ba 401"}]},{"@type":"WebSite","@id":"https:\/\/infopba247.com.ar\/#website","url":"https:\/\/infopba247.com.ar\/","name":"InfoPBA247","description":"Toda la actualidad bonaerense","publisher":{"@id":"https:\/\/infopba247.com.ar\/#organization"},"potentialAction":[{"@type":"SearchAction","target":{"@type":"EntryPoint","urlTemplate":"https:\/\/infopba247.com.ar\/?s={search_term_string}"},"query-input":{"@type":"PropertyValueSpecification","valueRequired":true,"valueName":"search_term_string"}}],"inLanguage":"es"},{"@type":"Organization","@id":"https:\/\/infopba247.com.ar\/#organization","name":"InfoPBA247","url":"https:\/\/infopba247.com.ar\/","logo":{"@type":"ImageObject","inLanguage":"es","@id":"https:\/\/infopba247.com.ar\/#\/schema\/logo\/image\/","url":"https:\/\/infopba247.com.ar\/wp-content\/uploads\/2022\/03\/cropped-InfoPBA247-1.png","contentUrl":"https:\/\/infopba247.com.ar\/wp-content\/uploads\/2022\/03\/cropped-InfoPBA247-1.png","width":500,"height":122,"caption":"InfoPBA247"},"image":{"@id":"https:\/\/infopba247.com.ar\/#\/schema\/logo\/image\/"},"sameAs":["https:\/\/www.facebook.com\/InfoPBA"]},{"@type":"Person","@id":"https:\/\/infopba247.com.ar\/#\/schema\/person\/4975f1343a413e57bf839b3eed0099f2","name":"Editor","image":{"@type":"ImageObject","inLanguage":"es","@id":"https:\/\/secure.gravatar.com\/avatar\/d27fe9520667ca53441d36627a1d6b0fa4a813571ec4803687a7a3a7744685ac?s=96&d=mm&r=g","url":"https:\/\/secure.gravatar.com\/avatar\/d27fe9520667ca53441d36627a1d6b0fa4a813571ec4803687a7a3a7744685ac?s=96&d=mm&r=g","contentUrl":"https:\/\/secure.gravatar.com\/avatar\/d27fe9520667ca53441d36627a1d6b0fa4a813571ec4803687a7a3a7744685ac?s=96&d=mm&r=g","caption":"Editor"},"url":"https:\/\/infopba247.com.ar\/index.php\/author\/editor\/"}]}},"_links":{"self":[{"href":"https:\/\/infopba247.com.ar\/index.php\/wp-json\/wp\/v2\/posts\/5604","targetHints":{"allow":["GET"]}}],"collection":[{"href":"https:\/\/infopba247.com.ar\/index.php\/wp-json\/wp\/v2\/posts"}],"about":[{"href":"https:\/\/infopba247.com.ar\/index.php\/wp-json\/wp\/v2\/types\/post"}],"author":[{"embeddable":true,"href":"https:\/\/infopba247.com.ar\/index.php\/wp-json\/wp\/v2\/users\/3"}],"replies":[{"embeddable":true,"href":"https:\/\/infopba247.com.ar\/index.php\/wp-json\/wp\/v2\/comments?post=5604"}],"version-history":[{"count":1,"href":"https:\/\/infopba247.com.ar\/index.php\/wp-json\/wp\/v2\/posts\/5604\/revisions"}],"predecessor-version":[{"id":5605,"href":"https:\/\/infopba247.com.ar\/index.php\/wp-json\/wp\/v2\/posts\/5604\/revisions\/5605"}],"wp:featuredmedia":[{"embeddable":true,"href":"https:\/\/infopba247.com.ar\/index.php\/wp-json\/wp\/v2\/media\/5595"}],"wp:attachment":[{"href":"https:\/\/infopba247.com.ar\/index.php\/wp-json\/wp\/v2\/media?parent=5604"}],"wp:term":[{"taxonomy":"category","embeddable":true,"href":"https:\/\/infopba247.com.ar\/index.php\/wp-json\/wp\/v2\/categories?post=5604"},{"taxonomy":"post_tag","embeddable":true,"href":"https:\/\/infopba247.com.ar\/index.php\/wp-json\/wp\/v2\/tags?post=5604"}],"curies":[{"name":"wp","href":"https:\/\/api.w.org\/{rel}","templated":true}]}}