{"id":5588,"date":"2024-10-31T11:56:21","date_gmt":"2024-10-31T14:56:21","guid":{"rendered":"https:\/\/infopba247.com.ar\/?p=5588"},"modified":"2024-10-31T11:56:22","modified_gmt":"2024-10-31T14:56:22","slug":"alumnos-de-la-primaria-2-representaran-a-la-ciudad-y-a-la-provincia-en-la-final-nacional-de-arte-ciencia-y-tecnologia","status":"publish","type":"post","link":"https:\/\/infopba247.com.ar\/index.php\/2024\/10\/31\/alumnos-de-la-primaria-2-representaran-a-la-ciudad-y-a-la-provincia-en-la-final-nacional-de-arte-ciencia-y-tecnologia\/","title":{"rendered":"Alumnos de la Primaria 2 representar\u00e1n a la ciudad y a la Provincia en la Final Nacional de Arte, Ciencia y Tecnolog\u00eda"},"content":{"rendered":"\n<p>Con su proyecto sobre medusas, estudiantes de 5\u00b0 A y C de la Escuela Primaria N\u00ba2 \u00abEsteban Dufaur\u00bb ganaron su pase a la final nacional que tendr\u00e1 lugar del 4 al 8 de noviembre en la provincia de C\u00f3rdoba, tras imponerse en las instancias local, regional y provincial.<\/p>\n\n\n\n<p>El proyecto denominado \u201cLas medusas \u00bfespantan a las personas que visitan la playa de Monte Hermoso?\u201d se bas\u00f3 en la investigaci\u00f3n sobre el origen, alimentaci\u00f3n, cuidados y la relevancia de las medusas en el ecosistema marino y su impacto en nuestras playas.<\/p>\n\n\n\n<p>Para ello, las y los alumnos recopilaron informaci\u00f3n, realizaron encuestas, se asesoraron con expertos y realizaron visitas al Museo de Ciencias Naturales local \u201cVicente Di Martino\u201d.<\/p>\n\n\n\n<p>Tras destacarse en la 51\u00b0 Feria Provincial que tuvo lugar la semana pasada en el Partido de la Costa, integrando la Regi\u00f3n 22, result\u00f3 seleccionado para representar a la Provincia en el \u201cEje Cient\u00edfico\u201d de la instancia nacional.<\/p>\n\n\n\n<p>Sin dudas, esta valiosa iniciativa fomenta la b\u00fasqueda del conocimiento y la realizaci\u00f3n de proyectos de inter\u00e9s general con el objetivo de concientizar a la comunidad y a los turistas sobre el comportamiento de las medusas que conviven en nuestras playas.<\/p>\n","protected":false},"excerpt":{"rendered":"<p>Con su proyecto sobre medusas, estudiantes de 5\u00b0 A y C de la Escuela Primaria N\u00ba2 \u00abEsteban Dufaur\u00bb ganaron su<\/p>\n","protected":false},"author":3,"featured_media":5579,"comment_status":"open","ping_status":"open","sticky":false,"template":"","format":"standard","meta":{"colormag_page_container_layout":"default_layout","colormag_page_sidebar_layout":"default_layout","footnotes":""},"categories":[10,1,14],"tags":[],"class_list":["post-5588","post","type-post","status-publish","format-standard","has-post-thumbnail","hentry","category-6ta-seccion","category-destacadas","category-politica"],"yoast_head":"<!-- This site is optimized with the Yoast SEO plugin v27.4 - https:\/\/yoast.com\/product\/yoast-seo-wordpress\/ -->\n<title>Alumnos de la Primaria 2 representar\u00e1n a la ciudad y a la Provincia en la Final Nacional de Arte, Ciencia y Tecnolog\u00eda - InfoPBA247<\/title>\n<meta name=\"robots\" content=\"index, follow, max-snippet:-1, max-image-preview:large, max-video-preview:-1\" \/>\n<link rel=\"canonical\" href=\"https:\/\/infopba247.com.ar\/index.php\/2024\/10\/31\/alumnos-de-la-primaria-2-representaran-a-la-ciudad-y-a-la-provincia-en-la-final-nacional-de-arte-ciencia-y-tecnologia\/\" \/>\n<meta property=\"og:locale\" content=\"es_ES\" \/>\n<meta property=\"og:type\" content=\"article\" \/>\n<meta property=\"og:title\" content=\"Alumnos de la Primaria 2 representar\u00e1n a la ciudad y a la Provincia en la Final Nacional de Arte, Ciencia y Tecnolog\u00eda - InfoPBA247\" \/>\n<meta property=\"og:description\" content=\"Con su proyecto sobre medusas, estudiantes de 5\u00b0 A y C de la Escuela Primaria N\u00ba2 \u00abEsteban Dufaur\u00bb ganaron su\" \/>\n<meta property=\"og:url\" content=\"https:\/\/infopba247.com.ar\/index.php\/2024\/10\/31\/alumnos-de-la-primaria-2-representaran-a-la-ciudad-y-a-la-provincia-en-la-final-nacional-de-arte-ciencia-y-tecnologia\/\" \/>\n<meta property=\"og:site_name\" content=\"InfoPBA247\" \/>\n<meta property=\"article:publisher\" content=\"https:\/\/www.facebook.com\/InfoPBA\" \/>\n<meta property=\"article:published_time\" content=\"2024-10-31T14:56:21+00:00\" \/>\n<meta property=\"article:modified_time\" content=\"2024-10-31T14:56:22+00:00\" \/>\n<meta property=\"og:image\" content=\"https:\/\/infopba247.com.ar\/wp-content\/uploads\/2024\/10\/464576433_1015492660618419_4637315729316703780_n-e1729898344244-800x445-1.jpg\" \/>\n\t<meta property=\"og:image:width\" content=\"800\" \/>\n\t<meta property=\"og:image:height\" content=\"445\" \/>\n\t<meta property=\"og:image:type\" content=\"image\/jpeg\" \/>\n<meta name=\"author\" content=\"Editor\" \/>\n<meta name=\"twitter:card\" content=\"summary_large_image\" \/>\n<meta name=\"twitter:label1\" content=\"Escrito por\" \/>\n\t<meta name=\"twitter:data1\" content=\"Editor\" \/>\n\t<meta name=\"twitter:label2\" content=\"Tiempo de lectura\" \/>\n\t<meta name=\"twitter:data2\" content=\"2 minutos\" \/>\n<script type=\"application\/ld+json\" class=\"yoast-schema-graph\">{\"@context\":\"https:\\\/\\\/schema.org\",\"@graph\":[{\"@type\":\"Article\",\"@id\":\"https:\\\/\\\/infopba247.com.ar\\\/index.php\\\/2024\\\/10\\\/31\\\/alumnos-de-la-primaria-2-representaran-a-la-ciudad-y-a-la-provincia-en-la-final-nacional-de-arte-ciencia-y-tecnologia\\\/#article\",\"isPartOf\":{\"@id\":\"https:\\\/\\\/infopba247.com.ar\\\/index.php\\\/2024\\\/10\\\/31\\\/alumnos-de-la-primaria-2-representaran-a-la-ciudad-y-a-la-provincia-en-la-final-nacional-de-arte-ciencia-y-tecnologia\\\/\"},\"author\":{\"name\":\"Editor\",\"@id\":\"https:\\\/\\\/infopba247.com.ar\\\/#\\\/schema\\\/person\\\/4975f1343a413e57bf839b3eed0099f2\"},\"headline\":\"Alumnos de la Primaria 2 representar\u00e1n a la ciudad y a la Provincia en la Final Nacional de Arte, Ciencia y Tecnolog\u00eda\",\"datePublished\":\"2024-10-31T14:56:21+00:00\",\"dateModified\":\"2024-10-31T14:56:22+00:00\",\"mainEntityOfPage\":{\"@id\":\"https:\\\/\\\/infopba247.com.ar\\\/index.php\\\/2024\\\/10\\\/31\\\/alumnos-de-la-primaria-2-representaran-a-la-ciudad-y-a-la-provincia-en-la-final-nacional-de-arte-ciencia-y-tecnologia\\\/\"},\"wordCount\":222,\"commentCount\":0,\"publisher\":{\"@id\":\"https:\\\/\\\/infopba247.com.ar\\\/#organization\"},\"image\":{\"@id\":\"https:\\\/\\\/infopba247.com.ar\\\/index.php\\\/2024\\\/10\\\/31\\\/alumnos-de-la-primaria-2-representaran-a-la-ciudad-y-a-la-provincia-en-la-final-nacional-de-arte-ciencia-y-tecnologia\\\/#primaryimage\"},\"thumbnailUrl\":\"https:\\\/\\\/infopba247.com.ar\\\/wp-content\\\/uploads\\\/2024\\\/10\\\/464576433_1015492660618419_4637315729316703780_n-e1729898344244-800x445-1.jpg\",\"articleSection\":[\"6ta Secci\u00f3n\",\"Destacadas\",\"Pol\u00edtica\"],\"inLanguage\":\"es\",\"potentialAction\":[{\"@type\":\"CommentAction\",\"name\":\"Comment\",\"target\":[\"https:\\\/\\\/infopba247.com.ar\\\/index.php\\\/2024\\\/10\\\/31\\\/alumnos-de-la-primaria-2-representaran-a-la-ciudad-y-a-la-provincia-en-la-final-nacional-de-arte-ciencia-y-tecnologia\\\/#respond\"]}]},{\"@type\":\"WebPage\",\"@id\":\"https:\\\/\\\/infopba247.com.ar\\\/index.php\\\/2024\\\/10\\\/31\\\/alumnos-de-la-primaria-2-representaran-a-la-ciudad-y-a-la-provincia-en-la-final-nacional-de-arte-ciencia-y-tecnologia\\\/\",\"url\":\"https:\\\/\\\/infopba247.com.ar\\\/index.php\\\/2024\\\/10\\\/31\\\/alumnos-de-la-primaria-2-representaran-a-la-ciudad-y-a-la-provincia-en-la-final-nacional-de-arte-ciencia-y-tecnologia\\\/\",\"name\":\"Alumnos de la Primaria 2 representar\u00e1n a la ciudad y a la Provincia en la Final Nacional de Arte, Ciencia y Tecnolog\u00eda - InfoPBA247\",\"isPartOf\":{\"@id\":\"https:\\\/\\\/infopba247.com.ar\\\/#website\"},\"primaryImageOfPage\":{\"@id\":\"https:\\\/\\\/infopba247.com.ar\\\/index.php\\\/2024\\\/10\\\/31\\\/alumnos-de-la-primaria-2-representaran-a-la-ciudad-y-a-la-provincia-en-la-final-nacional-de-arte-ciencia-y-tecnologia\\\/#primaryimage\"},\"image\":{\"@id\":\"https:\\\/\\\/infopba247.com.ar\\\/index.php\\\/2024\\\/10\\\/31\\\/alumnos-de-la-primaria-2-representaran-a-la-ciudad-y-a-la-provincia-en-la-final-nacional-de-arte-ciencia-y-tecnologia\\\/#primaryimage\"},\"thumbnailUrl\":\"https:\\\/\\\/infopba247.com.ar\\\/wp-content\\\/uploads\\\/2024\\\/10\\\/464576433_1015492660618419_4637315729316703780_n-e1729898344244-800x445-1.jpg\",\"datePublished\":\"2024-10-31T14:56:21+00:00\",\"dateModified\":\"2024-10-31T14:56:22+00:00\",\"breadcrumb\":{\"@id\":\"https:\\\/\\\/infopba247.com.ar\\\/index.php\\\/2024\\\/10\\\/31\\\/alumnos-de-la-primaria-2-representaran-a-la-ciudad-y-a-la-provincia-en-la-final-nacional-de-arte-ciencia-y-tecnologia\\\/#breadcrumb\"},\"inLanguage\":\"es\",\"potentialAction\":[{\"@type\":\"ReadAction\",\"target\":[\"https:\\\/\\\/infopba247.com.ar\\\/index.php\\\/2024\\\/10\\\/31\\\/alumnos-de-la-primaria-2-representaran-a-la-ciudad-y-a-la-provincia-en-la-final-nacional-de-arte-ciencia-y-tecnologia\\\/\"]}]},{\"@type\":\"ImageObject\",\"inLanguage\":\"es\",\"@id\":\"https:\\\/\\\/infopba247.com.ar\\\/index.php\\\/2024\\\/10\\\/31\\\/alumnos-de-la-primaria-2-representaran-a-la-ciudad-y-a-la-provincia-en-la-final-nacional-de-arte-ciencia-y-tecnologia\\\/#primaryimage\",\"url\":\"https:\\\/\\\/infopba247.com.ar\\\/wp-content\\\/uploads\\\/2024\\\/10\\\/464576433_1015492660618419_4637315729316703780_n-e1729898344244-800x445-1.jpg\",\"contentUrl\":\"https:\\\/\\\/infopba247.com.ar\\\/wp-content\\\/uploads\\\/2024\\\/10\\\/464576433_1015492660618419_4637315729316703780_n-e1729898344244-800x445-1.jpg\",\"width\":800,\"height\":445},{\"@type\":\"BreadcrumbList\",\"@id\":\"https:\\\/\\\/infopba247.com.ar\\\/index.php\\\/2024\\\/10\\\/31\\\/alumnos-de-la-primaria-2-representaran-a-la-ciudad-y-a-la-provincia-en-la-final-nacional-de-arte-ciencia-y-tecnologia\\\/#breadcrumb\",\"itemListElement\":[{\"@type\":\"ListItem\",\"position\":1,\"name\":\"Portada\",\"item\":\"https:\\\/\\\/infopba247.com.ar\\\/\"},{\"@type\":\"ListItem\",\"position\":2,\"name\":\"Alumnos de la Primaria 2 representar\u00e1n a la ciudad y a la Provincia en la Final Nacional de Arte, Ciencia y Tecnolog\u00eda\"}]},{\"@type\":\"WebSite\",\"@id\":\"https:\\\/\\\/infopba247.com.ar\\\/#website\",\"url\":\"https:\\\/\\\/infopba247.com.ar\\\/\",\"name\":\"InfoPBA247\",\"description\":\"Toda la actualidad bonaerense\",\"publisher\":{\"@id\":\"https:\\\/\\\/infopba247.com.ar\\\/#organization\"},\"potentialAction\":[{\"@type\":\"SearchAction\",\"target\":{\"@type\":\"EntryPoint\",\"urlTemplate\":\"https:\\\/\\\/infopba247.com.ar\\\/?s={search_term_string}\"},\"query-input\":{\"@type\":\"PropertyValueSpecification\",\"valueRequired\":true,\"valueName\":\"search_term_string\"}}],\"inLanguage\":\"es\"},{\"@type\":\"Organization\",\"@id\":\"https:\\\/\\\/infopba247.com.ar\\\/#organization\",\"name\":\"InfoPBA247\",\"url\":\"https:\\\/\\\/infopba247.com.ar\\\/\",\"logo\":{\"@type\":\"ImageObject\",\"inLanguage\":\"es\",\"@id\":\"https:\\\/\\\/infopba247.com.ar\\\/#\\\/schema\\\/logo\\\/image\\\/\",\"url\":\"https:\\\/\\\/infopba247.com.ar\\\/wp-content\\\/uploads\\\/2022\\\/03\\\/cropped-InfoPBA247-1.png\",\"contentUrl\":\"https:\\\/\\\/infopba247.com.ar\\\/wp-content\\\/uploads\\\/2022\\\/03\\\/cropped-InfoPBA247-1.png\",\"width\":500,\"height\":122,\"caption\":\"InfoPBA247\"},\"image\":{\"@id\":\"https:\\\/\\\/infopba247.com.ar\\\/#\\\/schema\\\/logo\\\/image\\\/\"},\"sameAs\":[\"https:\\\/\\\/www.facebook.com\\\/InfoPBA\"]},{\"@type\":\"Person\",\"@id\":\"https:\\\/\\\/infopba247.com.ar\\\/#\\\/schema\\\/person\\\/4975f1343a413e57bf839b3eed0099f2\",\"name\":\"Editor\",\"image\":{\"@type\":\"ImageObject\",\"inLanguage\":\"es\",\"@id\":\"https:\\\/\\\/secure.gravatar.com\\\/avatar\\\/d27fe9520667ca53441d36627a1d6b0fa4a813571ec4803687a7a3a7744685ac?s=96&d=mm&r=g\",\"url\":\"https:\\\/\\\/secure.gravatar.com\\\/avatar\\\/d27fe9520667ca53441d36627a1d6b0fa4a813571ec4803687a7a3a7744685ac?s=96&d=mm&r=g\",\"contentUrl\":\"https:\\\/\\\/secure.gravatar.com\\\/avatar\\\/d27fe9520667ca53441d36627a1d6b0fa4a813571ec4803687a7a3a7744685ac?s=96&d=mm&r=g\",\"caption\":\"Editor\"},\"url\":\"https:\\\/\\\/infopba247.com.ar\\\/index.php\\\/author\\\/editor\\\/\"}]}<\/script>\n<!-- \/ Yoast SEO plugin. -->","yoast_head_json":{"title":"Alumnos de la Primaria 2 representar\u00e1n a la ciudad y a la Provincia en la Final Nacional de Arte, Ciencia y Tecnolog\u00eda - InfoPBA247","robots":{"index":"index","follow":"follow","max-snippet":"max-snippet:-1","max-image-preview":"max-image-preview:large","max-video-preview":"max-video-preview:-1"},"canonical":"https:\/\/infopba247.com.ar\/index.php\/2024\/10\/31\/alumnos-de-la-primaria-2-representaran-a-la-ciudad-y-a-la-provincia-en-la-final-nacional-de-arte-ciencia-y-tecnologia\/","og_locale":"es_ES","og_type":"article","og_title":"Alumnos de la Primaria 2 representar\u00e1n a la ciudad y a la Provincia en la Final Nacional de Arte, Ciencia y Tecnolog\u00eda - InfoPBA247","og_description":"Con su proyecto sobre medusas, estudiantes de 5\u00b0 A y C de la Escuela Primaria N\u00ba2 \u00abEsteban Dufaur\u00bb ganaron su","og_url":"https:\/\/infopba247.com.ar\/index.php\/2024\/10\/31\/alumnos-de-la-primaria-2-representaran-a-la-ciudad-y-a-la-provincia-en-la-final-nacional-de-arte-ciencia-y-tecnologia\/","og_site_name":"InfoPBA247","article_publisher":"https:\/\/www.facebook.com\/InfoPBA","article_published_time":"2024-10-31T14:56:21+00:00","article_modified_time":"2024-10-31T14:56:22+00:00","og_image":[{"width":800,"height":445,"url":"https:\/\/infopba247.com.ar\/wp-content\/uploads\/2024\/10\/464576433_1015492660618419_4637315729316703780_n-e1729898344244-800x445-1.jpg","type":"image\/jpeg"}],"author":"Editor","twitter_card":"summary_large_image","twitter_misc":{"Escrito por":"Editor","Tiempo de lectura":"2 minutos"},"schema":{"@context":"https:\/\/schema.org","@graph":[{"@type":"Article","@id":"https:\/\/infopba247.com.ar\/index.php\/2024\/10\/31\/alumnos-de-la-primaria-2-representaran-a-la-ciudad-y-a-la-provincia-en-la-final-nacional-de-arte-ciencia-y-tecnologia\/#article","isPartOf":{"@id":"https:\/\/infopba247.com.ar\/index.php\/2024\/10\/31\/alumnos-de-la-primaria-2-representaran-a-la-ciudad-y-a-la-provincia-en-la-final-nacional-de-arte-ciencia-y-tecnologia\/"},"author":{"name":"Editor","@id":"https:\/\/infopba247.com.ar\/#\/schema\/person\/4975f1343a413e57bf839b3eed0099f2"},"headline":"Alumnos de la Primaria 2 representar\u00e1n a la ciudad y a la Provincia en la Final Nacional de Arte, Ciencia y Tecnolog\u00eda","datePublished":"2024-10-31T14:56:21+00:00","dateModified":"2024-10-31T14:56:22+00:00","mainEntityOfPage":{"@id":"https:\/\/infopba247.com.ar\/index.php\/2024\/10\/31\/alumnos-de-la-primaria-2-representaran-a-la-ciudad-y-a-la-provincia-en-la-final-nacional-de-arte-ciencia-y-tecnologia\/"},"wordCount":222,"commentCount":0,"publisher":{"@id":"https:\/\/infopba247.com.ar\/#organization"},"image":{"@id":"https:\/\/infopba247.com.ar\/index.php\/2024\/10\/31\/alumnos-de-la-primaria-2-representaran-a-la-ciudad-y-a-la-provincia-en-la-final-nacional-de-arte-ciencia-y-tecnologia\/#primaryimage"},"thumbnailUrl":"https:\/\/infopba247.com.ar\/wp-content\/uploads\/2024\/10\/464576433_1015492660618419_4637315729316703780_n-e1729898344244-800x445-1.jpg","articleSection":["6ta Secci\u00f3n","Destacadas","Pol\u00edtica"],"inLanguage":"es","potentialAction":[{"@type":"CommentAction","name":"Comment","target":["https:\/\/infopba247.com.ar\/index.php\/2024\/10\/31\/alumnos-de-la-primaria-2-representaran-a-la-ciudad-y-a-la-provincia-en-la-final-nacional-de-arte-ciencia-y-tecnologia\/#respond"]}]},{"@type":"WebPage","@id":"https:\/\/infopba247.com.ar\/index.php\/2024\/10\/31\/alumnos-de-la-primaria-2-representaran-a-la-ciudad-y-a-la-provincia-en-la-final-nacional-de-arte-ciencia-y-tecnologia\/","url":"https:\/\/infopba247.com.ar\/index.php\/2024\/10\/31\/alumnos-de-la-primaria-2-representaran-a-la-ciudad-y-a-la-provincia-en-la-final-nacional-de-arte-ciencia-y-tecnologia\/","name":"Alumnos de la Primaria 2 representar\u00e1n a la ciudad y a la Provincia en la Final Nacional de Arte, Ciencia y Tecnolog\u00eda - InfoPBA247","isPartOf":{"@id":"https:\/\/infopba247.com.ar\/#website"},"primaryImageOfPage":{"@id":"https:\/\/infopba247.com.ar\/index.php\/2024\/10\/31\/alumnos-de-la-primaria-2-representaran-a-la-ciudad-y-a-la-provincia-en-la-final-nacional-de-arte-ciencia-y-tecnologia\/#primaryimage"},"image":{"@id":"https:\/\/infopba247.com.ar\/index.php\/2024\/10\/31\/alumnos-de-la-primaria-2-representaran-a-la-ciudad-y-a-la-provincia-en-la-final-nacional-de-arte-ciencia-y-tecnologia\/#primaryimage"},"thumbnailUrl":"https:\/\/infopba247.com.ar\/wp-content\/uploads\/2024\/10\/464576433_1015492660618419_4637315729316703780_n-e1729898344244-800x445-1.jpg","datePublished":"2024-10-31T14:56:21+00:00","dateModified":"2024-10-31T14:56:22+00:00","breadcrumb":{"@id":"https:\/\/infopba247.com.ar\/index.php\/2024\/10\/31\/alumnos-de-la-primaria-2-representaran-a-la-ciudad-y-a-la-provincia-en-la-final-nacional-de-arte-ciencia-y-tecnologia\/#breadcrumb"},"inLanguage":"es","potentialAction":[{"@type":"ReadAction","target":["https:\/\/infopba247.com.ar\/index.php\/2024\/10\/31\/alumnos-de-la-primaria-2-representaran-a-la-ciudad-y-a-la-provincia-en-la-final-nacional-de-arte-ciencia-y-tecnologia\/"]}]},{"@type":"ImageObject","inLanguage":"es","@id":"https:\/\/infopba247.com.ar\/index.php\/2024\/10\/31\/alumnos-de-la-primaria-2-representaran-a-la-ciudad-y-a-la-provincia-en-la-final-nacional-de-arte-ciencia-y-tecnologia\/#primaryimage","url":"https:\/\/infopba247.com.ar\/wp-content\/uploads\/2024\/10\/464576433_1015492660618419_4637315729316703780_n-e1729898344244-800x445-1.jpg","contentUrl":"https:\/\/infopba247.com.ar\/wp-content\/uploads\/2024\/10\/464576433_1015492660618419_4637315729316703780_n-e1729898344244-800x445-1.jpg","width":800,"height":445},{"@type":"BreadcrumbList","@id":"https:\/\/infopba247.com.ar\/index.php\/2024\/10\/31\/alumnos-de-la-primaria-2-representaran-a-la-ciudad-y-a-la-provincia-en-la-final-nacional-de-arte-ciencia-y-tecnologia\/#breadcrumb","itemListElement":[{"@type":"ListItem","position":1,"name":"Portada","item":"https:\/\/infopba247.com.ar\/"},{"@type":"ListItem","position":2,"name":"Alumnos de la Primaria 2 representar\u00e1n a la ciudad y a la Provincia en la Final Nacional de Arte, Ciencia y Tecnolog\u00eda"}]},{"@type":"WebSite","@id":"https:\/\/infopba247.com.ar\/#website","url":"https:\/\/infopba247.com.ar\/","name":"InfoPBA247","description":"Toda la actualidad bonaerense","publisher":{"@id":"https:\/\/infopba247.com.ar\/#organization"},"potentialAction":[{"@type":"SearchAction","target":{"@type":"EntryPoint","urlTemplate":"https:\/\/infopba247.com.ar\/?s={search_term_string}"},"query-input":{"@type":"PropertyValueSpecification","valueRequired":true,"valueName":"search_term_string"}}],"inLanguage":"es"},{"@type":"Organization","@id":"https:\/\/infopba247.com.ar\/#organization","name":"InfoPBA247","url":"https:\/\/infopba247.com.ar\/","logo":{"@type":"ImageObject","inLanguage":"es","@id":"https:\/\/infopba247.com.ar\/#\/schema\/logo\/image\/","url":"https:\/\/infopba247.com.ar\/wp-content\/uploads\/2022\/03\/cropped-InfoPBA247-1.png","contentUrl":"https:\/\/infopba247.com.ar\/wp-content\/uploads\/2022\/03\/cropped-InfoPBA247-1.png","width":500,"height":122,"caption":"InfoPBA247"},"image":{"@id":"https:\/\/infopba247.com.ar\/#\/schema\/logo\/image\/"},"sameAs":["https:\/\/www.facebook.com\/InfoPBA"]},{"@type":"Person","@id":"https:\/\/infopba247.com.ar\/#\/schema\/person\/4975f1343a413e57bf839b3eed0099f2","name":"Editor","image":{"@type":"ImageObject","inLanguage":"es","@id":"https:\/\/secure.gravatar.com\/avatar\/d27fe9520667ca53441d36627a1d6b0fa4a813571ec4803687a7a3a7744685ac?s=96&d=mm&r=g","url":"https:\/\/secure.gravatar.com\/avatar\/d27fe9520667ca53441d36627a1d6b0fa4a813571ec4803687a7a3a7744685ac?s=96&d=mm&r=g","contentUrl":"https:\/\/secure.gravatar.com\/avatar\/d27fe9520667ca53441d36627a1d6b0fa4a813571ec4803687a7a3a7744685ac?s=96&d=mm&r=g","caption":"Editor"},"url":"https:\/\/infopba247.com.ar\/index.php\/author\/editor\/"}]}},"_links":{"self":[{"href":"https:\/\/infopba247.com.ar\/index.php\/wp-json\/wp\/v2\/posts\/5588","targetHints":{"allow":["GET"]}}],"collection":[{"href":"https:\/\/infopba247.com.ar\/index.php\/wp-json\/wp\/v2\/posts"}],"about":[{"href":"https:\/\/infopba247.com.ar\/index.php\/wp-json\/wp\/v2\/types\/post"}],"author":[{"embeddable":true,"href":"https:\/\/infopba247.com.ar\/index.php\/wp-json\/wp\/v2\/users\/3"}],"replies":[{"embeddable":true,"href":"https:\/\/infopba247.com.ar\/index.php\/wp-json\/wp\/v2\/comments?post=5588"}],"version-history":[{"count":1,"href":"https:\/\/infopba247.com.ar\/index.php\/wp-json\/wp\/v2\/posts\/5588\/revisions"}],"predecessor-version":[{"id":5589,"href":"https:\/\/infopba247.com.ar\/index.php\/wp-json\/wp\/v2\/posts\/5588\/revisions\/5589"}],"wp:featuredmedia":[{"embeddable":true,"href":"https:\/\/infopba247.com.ar\/index.php\/wp-json\/wp\/v2\/media\/5579"}],"wp:attachment":[{"href":"https:\/\/infopba247.com.ar\/index.php\/wp-json\/wp\/v2\/media?parent=5588"}],"wp:term":[{"taxonomy":"category","embeddable":true,"href":"https:\/\/infopba247.com.ar\/index.php\/wp-json\/wp\/v2\/categories?post=5588"},{"taxonomy":"post_tag","embeddable":true,"href":"https:\/\/infopba247.com.ar\/index.php\/wp-json\/wp\/v2\/tags?post=5588"}],"curies":[{"name":"wp","href":"https:\/\/api.w.org\/{rel}","templated":true}]}}