{"id":5586,"date":"2024-10-31T11:55:38","date_gmt":"2024-10-31T14:55:38","guid":{"rendered":"https:\/\/infopba247.com.ar\/?p=5586"},"modified":"2024-10-31T11:55:44","modified_gmt":"2024-10-31T14:55:44","slug":"nestor-kirchner-es-el-nuevo-nombre-de-la-escuela-secundaria-n64-de-moreno","status":"publish","type":"post","link":"https:\/\/infopba247.com.ar\/index.php\/2024\/10\/31\/nestor-kirchner-es-el-nuevo-nombre-de-la-escuela-secundaria-n64-de-moreno\/","title":{"rendered":"\u00abN\u00e9stor Kirchner\u00bb es el nuevo nombre de la Escuela Secundaria N\u00b064 de Moreno"},"content":{"rendered":"\n<p>La comunidad educativa y autoridades locales celebraron la nueva denominaci\u00f3n y honraron el legado del ex presidente en el 14\u00b0 aniversario de su fallecimiento<\/p>\n\n\n\n<p>La Escuela de Educaci\u00f3n Secundaria N\u00b064 de \u201cMi Barrio\u201d de Moreno Norte fue rebautizada como \u00abN\u00e9stor Kirchner\u00bb, por iniciativa y decisi\u00f3n de su comunidad educativa. La intendenta Mariel Fern\u00e1ndez, junto a docentes, estudiantes, exalumnos y autoridades locales, encabez\u00f3 la ceremonia de descubrimiento de la placa que formaliza el nombre del expresidente.<\/p>\n\n\n\n<p>\u00abLos l\u00edderes surgen del pueblo, de la historia de amor con el pueblo\u00bb, expres\u00f3 la intendenta en su discurso. \u00abN\u00e9stor y Cristina son recordados por la cantidad de cosas que hicieron en nuestro pa\u00eds durante sus gobiernos, cuando tuvimos los mejores salarios de Latinoam\u00e9rica, alcanzamos la mayor distribuci\u00f3n de la riqueza al igual que en el gobierno de Per\u00f3n y nos dejaron un pa\u00eds desendeudado, entre tantas otras pol\u00edticas. Es importante que el pueblo recree nuestra memoria. Por eso felicitamos a toda la comunidad educativa por la iniciativa de elegir el nombre de N\u00e9stor para la escuela, transmitir su legado y homenajearlo de esta forma\u00bb.<\/p>\n\n\n\n<p>La ceremonia incluy\u00f3 tambi\u00e9n la inauguraci\u00f3n de murales con retratos ic\u00f3nicos del expresidente, realizados por el artista morenense Pablo Ruarte y gestionados por el municipio, que embellecen la instituci\u00f3n. La obra busca reflejar la conexi\u00f3n de la escuela con la historia pol\u00edtica argentina y con los valores de justicia social y equidad que Kirchner defendi\u00f3. Mariel Fern\u00e1ndez tambi\u00e9n destac\u00f3 la inversi\u00f3n en infraestructura educativa realizada por el municipio, mencionando que, por primera vez, se destina el 100% del Fondo Educativo a las escuelas de Moreno y que se complementa con fondos propios. \u00abLos estudiantes son nuestra familia ampliada, y tenemos la responsabilidad de brindarles las mejores condiciones\u00bb, subray\u00f3.<\/p>\n\n\n\n<p>Rub\u00e9n Herrera, director de la escuela, resalt\u00f3 el significado de la nueva denominaci\u00f3n en el contexto educativo y su importancia para la formaci\u00f3n de los j\u00f3venes. \u00abLa educaci\u00f3n es donde se forjan las identidades de nuestros j\u00f3venes, un espacio donde se forman no solo como profesionales, sino tambi\u00e9n como ciudadanos comprometidos con su comunidad\u00bb. Herrera asegur\u00f3 que, bajo este nuevo nombre, la escuela buscar\u00e1 ser un referente en valores y en una educaci\u00f3n inclusiva. \u00abRendimos homenaje a un l\u00edder que entend\u00eda la educaci\u00f3n como una base s\u00f3lida para construir una sociedad m\u00e1s justa y equitativa\u00bb, a\u00f1adi\u00f3<\/p>\n\n\n\n<p>La exdirectora de la instituci\u00f3n, Liliana Alagia, tambi\u00e9n comparti\u00f3 palabras emotivas al recordar los valores que guiaron la elecci\u00f3n del nombre: \u00abN\u00e9stor Kirchner fue un hombre que crey\u00f3 en la educaci\u00f3n como herramienta para transformar la sociedad\u00bb. Alagia destac\u00f3 que esta nueva identidad es un tributo a la visi\u00f3n del expresidente y su compromiso con la Argentina. \u00abEste nombre es un recordatorio para los estudiantes de que ellos son parte de una generaci\u00f3n que puede cambiar el mundo\u00bb, se\u00f1al\u00f3.<\/p>\n\n\n\n<p>En la jornada estuvieron presentes el subsecretario de educaci\u00f3n de la provincia de Buenos Aires Pablo Urquiza; la diputada provincial Noelia Saavedra; el presidente del Honorable Concejo Deliberante Emmanuel Fern\u00e1ndez; y otras autoridades municipales, que acompa\u00f1aron y celebraron junto a la comunidad educativa este emotivo homenaje.<\/p>\n\n\n\n<p>El acto finaliz\u00f3 con un sentido mensaje de la comunidad educativa, que expres\u00f3 su gratitud y compromiso con los ideales que representa la figura de Kirchner. Con esta nueva denominaci\u00f3n, la Escuela Secundaria N\u00b064 \u00abN\u00e9stor Kirchner\u00bb aspira a continuar formando a sus estudiantes en valores de justicia social, igualdad y compromiso c\u00edvico, bajo el legado del expresidente.<\/p>\n","protected":false},"excerpt":{"rendered":"<p>La comunidad educativa y autoridades locales celebraron la nueva denominaci\u00f3n y honraron el legado del ex presidente en el 14\u00b0<\/p>\n","protected":false},"author":3,"featured_media":5580,"comment_status":"open","ping_status":"open","sticky":false,"template":"","format":"standard","meta":{"colormag_page_container_layout":"default_layout","colormag_page_sidebar_layout":"default_layout","footnotes":""},"categories":[5,1,14],"tags":[],"class_list":["post-5586","post","type-post","status-publish","format-standard","has-post-thumbnail","hentry","category-1ra-seccion","category-destacadas","category-politica"],"yoast_head":"<!-- This site is optimized with the Yoast SEO plugin v27.4 - https:\/\/yoast.com\/product\/yoast-seo-wordpress\/ -->\n<title>\u00abN\u00e9stor Kirchner\u00bb es el nuevo nombre de la Escuela Secundaria N\u00b064 de Moreno - InfoPBA247<\/title>\n<meta name=\"robots\" content=\"index, follow, max-snippet:-1, max-image-preview:large, max-video-preview:-1\" \/>\n<link rel=\"canonical\" href=\"https:\/\/infopba247.com.ar\/index.php\/2024\/10\/31\/nestor-kirchner-es-el-nuevo-nombre-de-la-escuela-secundaria-n64-de-moreno\/\" \/>\n<meta property=\"og:locale\" content=\"es_ES\" \/>\n<meta property=\"og:type\" content=\"article\" \/>\n<meta property=\"og:title\" content=\"\u00abN\u00e9stor Kirchner\u00bb es el nuevo nombre de la Escuela Secundaria N\u00b064 de Moreno - InfoPBA247\" \/>\n<meta property=\"og:description\" content=\"La comunidad educativa y autoridades locales celebraron la nueva denominaci\u00f3n y honraron el legado del ex presidente en el 14\u00b0\" \/>\n<meta property=\"og:url\" content=\"https:\/\/infopba247.com.ar\/index.php\/2024\/10\/31\/nestor-kirchner-es-el-nuevo-nombre-de-la-escuela-secundaria-n64-de-moreno\/\" \/>\n<meta property=\"og:site_name\" content=\"InfoPBA247\" \/>\n<meta property=\"article:publisher\" content=\"https:\/\/www.facebook.com\/InfoPBA\" \/>\n<meta property=\"article:published_time\" content=\"2024-10-31T14:55:38+00:00\" \/>\n<meta property=\"article:modified_time\" content=\"2024-10-31T14:55:44+00:00\" \/>\n<meta property=\"og:image\" content=\"https:\/\/infopba247.com.ar\/wp-content\/uploads\/2024\/10\/EESN64-NESTOR-KIRCHNER5-scaled.jpg\" \/>\n\t<meta property=\"og:image:width\" content=\"2560\" \/>\n\t<meta property=\"og:image:height\" content=\"1440\" \/>\n\t<meta property=\"og:image:type\" content=\"image\/jpeg\" \/>\n<meta name=\"author\" content=\"Editor\" \/>\n<meta name=\"twitter:card\" content=\"summary_large_image\" \/>\n<meta name=\"twitter:label1\" content=\"Escrito por\" \/>\n\t<meta name=\"twitter:data1\" content=\"Editor\" \/>\n\t<meta name=\"twitter:label2\" content=\"Tiempo de lectura\" \/>\n\t<meta name=\"twitter:data2\" content=\"3 minutos\" \/>\n<script type=\"application\/ld+json\" class=\"yoast-schema-graph\">{\"@context\":\"https:\\\/\\\/schema.org\",\"@graph\":[{\"@type\":\"Article\",\"@id\":\"https:\\\/\\\/infopba247.com.ar\\\/index.php\\\/2024\\\/10\\\/31\\\/nestor-kirchner-es-el-nuevo-nombre-de-la-escuela-secundaria-n64-de-moreno\\\/#article\",\"isPartOf\":{\"@id\":\"https:\\\/\\\/infopba247.com.ar\\\/index.php\\\/2024\\\/10\\\/31\\\/nestor-kirchner-es-el-nuevo-nombre-de-la-escuela-secundaria-n64-de-moreno\\\/\"},\"author\":{\"name\":\"Editor\",\"@id\":\"https:\\\/\\\/infopba247.com.ar\\\/#\\\/schema\\\/person\\\/4975f1343a413e57bf839b3eed0099f2\"},\"headline\":\"\u00abN\u00e9stor Kirchner\u00bb es el nuevo nombre de la Escuela Secundaria N\u00b064 de Moreno\",\"datePublished\":\"2024-10-31T14:55:38+00:00\",\"dateModified\":\"2024-10-31T14:55:44+00:00\",\"mainEntityOfPage\":{\"@id\":\"https:\\\/\\\/infopba247.com.ar\\\/index.php\\\/2024\\\/10\\\/31\\\/nestor-kirchner-es-el-nuevo-nombre-de-la-escuela-secundaria-n64-de-moreno\\\/\"},\"wordCount\":629,\"commentCount\":0,\"publisher\":{\"@id\":\"https:\\\/\\\/infopba247.com.ar\\\/#organization\"},\"image\":{\"@id\":\"https:\\\/\\\/infopba247.com.ar\\\/index.php\\\/2024\\\/10\\\/31\\\/nestor-kirchner-es-el-nuevo-nombre-de-la-escuela-secundaria-n64-de-moreno\\\/#primaryimage\"},\"thumbnailUrl\":\"https:\\\/\\\/infopba247.com.ar\\\/wp-content\\\/uploads\\\/2024\\\/10\\\/EESN64-NESTOR-KIRCHNER5-scaled.jpg\",\"articleSection\":[\"1ra Secci\u00f3n\",\"Destacadas\",\"Pol\u00edtica\"],\"inLanguage\":\"es\",\"potentialAction\":[{\"@type\":\"CommentAction\",\"name\":\"Comment\",\"target\":[\"https:\\\/\\\/infopba247.com.ar\\\/index.php\\\/2024\\\/10\\\/31\\\/nestor-kirchner-es-el-nuevo-nombre-de-la-escuela-secundaria-n64-de-moreno\\\/#respond\"]}]},{\"@type\":\"WebPage\",\"@id\":\"https:\\\/\\\/infopba247.com.ar\\\/index.php\\\/2024\\\/10\\\/31\\\/nestor-kirchner-es-el-nuevo-nombre-de-la-escuela-secundaria-n64-de-moreno\\\/\",\"url\":\"https:\\\/\\\/infopba247.com.ar\\\/index.php\\\/2024\\\/10\\\/31\\\/nestor-kirchner-es-el-nuevo-nombre-de-la-escuela-secundaria-n64-de-moreno\\\/\",\"name\":\"\u00abN\u00e9stor Kirchner\u00bb es el nuevo nombre de la Escuela Secundaria N\u00b064 de Moreno - InfoPBA247\",\"isPartOf\":{\"@id\":\"https:\\\/\\\/infopba247.com.ar\\\/#website\"},\"primaryImageOfPage\":{\"@id\":\"https:\\\/\\\/infopba247.com.ar\\\/index.php\\\/2024\\\/10\\\/31\\\/nestor-kirchner-es-el-nuevo-nombre-de-la-escuela-secundaria-n64-de-moreno\\\/#primaryimage\"},\"image\":{\"@id\":\"https:\\\/\\\/infopba247.com.ar\\\/index.php\\\/2024\\\/10\\\/31\\\/nestor-kirchner-es-el-nuevo-nombre-de-la-escuela-secundaria-n64-de-moreno\\\/#primaryimage\"},\"thumbnailUrl\":\"https:\\\/\\\/infopba247.com.ar\\\/wp-content\\\/uploads\\\/2024\\\/10\\\/EESN64-NESTOR-KIRCHNER5-scaled.jpg\",\"datePublished\":\"2024-10-31T14:55:38+00:00\",\"dateModified\":\"2024-10-31T14:55:44+00:00\",\"breadcrumb\":{\"@id\":\"https:\\\/\\\/infopba247.com.ar\\\/index.php\\\/2024\\\/10\\\/31\\\/nestor-kirchner-es-el-nuevo-nombre-de-la-escuela-secundaria-n64-de-moreno\\\/#breadcrumb\"},\"inLanguage\":\"es\",\"potentialAction\":[{\"@type\":\"ReadAction\",\"target\":[\"https:\\\/\\\/infopba247.com.ar\\\/index.php\\\/2024\\\/10\\\/31\\\/nestor-kirchner-es-el-nuevo-nombre-de-la-escuela-secundaria-n64-de-moreno\\\/\"]}]},{\"@type\":\"ImageObject\",\"inLanguage\":\"es\",\"@id\":\"https:\\\/\\\/infopba247.com.ar\\\/index.php\\\/2024\\\/10\\\/31\\\/nestor-kirchner-es-el-nuevo-nombre-de-la-escuela-secundaria-n64-de-moreno\\\/#primaryimage\",\"url\":\"https:\\\/\\\/infopba247.com.ar\\\/wp-content\\\/uploads\\\/2024\\\/10\\\/EESN64-NESTOR-KIRCHNER5-scaled.jpg\",\"contentUrl\":\"https:\\\/\\\/infopba247.com.ar\\\/wp-content\\\/uploads\\\/2024\\\/10\\\/EESN64-NESTOR-KIRCHNER5-scaled.jpg\",\"width\":2560,\"height\":1440},{\"@type\":\"BreadcrumbList\",\"@id\":\"https:\\\/\\\/infopba247.com.ar\\\/index.php\\\/2024\\\/10\\\/31\\\/nestor-kirchner-es-el-nuevo-nombre-de-la-escuela-secundaria-n64-de-moreno\\\/#breadcrumb\",\"itemListElement\":[{\"@type\":\"ListItem\",\"position\":1,\"name\":\"Portada\",\"item\":\"https:\\\/\\\/infopba247.com.ar\\\/\"},{\"@type\":\"ListItem\",\"position\":2,\"name\":\"\u00abN\u00e9stor Kirchner\u00bb es el nuevo nombre de la Escuela Secundaria N\u00b064 de Moreno\"}]},{\"@type\":\"WebSite\",\"@id\":\"https:\\\/\\\/infopba247.com.ar\\\/#website\",\"url\":\"https:\\\/\\\/infopba247.com.ar\\\/\",\"name\":\"InfoPBA247\",\"description\":\"Toda la actualidad bonaerense\",\"publisher\":{\"@id\":\"https:\\\/\\\/infopba247.com.ar\\\/#organization\"},\"potentialAction\":[{\"@type\":\"SearchAction\",\"target\":{\"@type\":\"EntryPoint\",\"urlTemplate\":\"https:\\\/\\\/infopba247.com.ar\\\/?s={search_term_string}\"},\"query-input\":{\"@type\":\"PropertyValueSpecification\",\"valueRequired\":true,\"valueName\":\"search_term_string\"}}],\"inLanguage\":\"es\"},{\"@type\":\"Organization\",\"@id\":\"https:\\\/\\\/infopba247.com.ar\\\/#organization\",\"name\":\"InfoPBA247\",\"url\":\"https:\\\/\\\/infopba247.com.ar\\\/\",\"logo\":{\"@type\":\"ImageObject\",\"inLanguage\":\"es\",\"@id\":\"https:\\\/\\\/infopba247.com.ar\\\/#\\\/schema\\\/logo\\\/image\\\/\",\"url\":\"https:\\\/\\\/infopba247.com.ar\\\/wp-content\\\/uploads\\\/2022\\\/03\\\/cropped-InfoPBA247-1.png\",\"contentUrl\":\"https:\\\/\\\/infopba247.com.ar\\\/wp-content\\\/uploads\\\/2022\\\/03\\\/cropped-InfoPBA247-1.png\",\"width\":500,\"height\":122,\"caption\":\"InfoPBA247\"},\"image\":{\"@id\":\"https:\\\/\\\/infopba247.com.ar\\\/#\\\/schema\\\/logo\\\/image\\\/\"},\"sameAs\":[\"https:\\\/\\\/www.facebook.com\\\/InfoPBA\"]},{\"@type\":\"Person\",\"@id\":\"https:\\\/\\\/infopba247.com.ar\\\/#\\\/schema\\\/person\\\/4975f1343a413e57bf839b3eed0099f2\",\"name\":\"Editor\",\"image\":{\"@type\":\"ImageObject\",\"inLanguage\":\"es\",\"@id\":\"https:\\\/\\\/secure.gravatar.com\\\/avatar\\\/d27fe9520667ca53441d36627a1d6b0fa4a813571ec4803687a7a3a7744685ac?s=96&d=mm&r=g\",\"url\":\"https:\\\/\\\/secure.gravatar.com\\\/avatar\\\/d27fe9520667ca53441d36627a1d6b0fa4a813571ec4803687a7a3a7744685ac?s=96&d=mm&r=g\",\"contentUrl\":\"https:\\\/\\\/secure.gravatar.com\\\/avatar\\\/d27fe9520667ca53441d36627a1d6b0fa4a813571ec4803687a7a3a7744685ac?s=96&d=mm&r=g\",\"caption\":\"Editor\"},\"url\":\"https:\\\/\\\/infopba247.com.ar\\\/index.php\\\/author\\\/editor\\\/\"}]}<\/script>\n<!-- \/ Yoast SEO plugin. -->","yoast_head_json":{"title":"\u00abN\u00e9stor Kirchner\u00bb es el nuevo nombre de la Escuela Secundaria N\u00b064 de Moreno - InfoPBA247","robots":{"index":"index","follow":"follow","max-snippet":"max-snippet:-1","max-image-preview":"max-image-preview:large","max-video-preview":"max-video-preview:-1"},"canonical":"https:\/\/infopba247.com.ar\/index.php\/2024\/10\/31\/nestor-kirchner-es-el-nuevo-nombre-de-la-escuela-secundaria-n64-de-moreno\/","og_locale":"es_ES","og_type":"article","og_title":"\u00abN\u00e9stor Kirchner\u00bb es el nuevo nombre de la Escuela Secundaria N\u00b064 de Moreno - InfoPBA247","og_description":"La comunidad educativa y autoridades locales celebraron la nueva denominaci\u00f3n y honraron el legado del ex presidente en el 14\u00b0","og_url":"https:\/\/infopba247.com.ar\/index.php\/2024\/10\/31\/nestor-kirchner-es-el-nuevo-nombre-de-la-escuela-secundaria-n64-de-moreno\/","og_site_name":"InfoPBA247","article_publisher":"https:\/\/www.facebook.com\/InfoPBA","article_published_time":"2024-10-31T14:55:38+00:00","article_modified_time":"2024-10-31T14:55:44+00:00","og_image":[{"width":2560,"height":1440,"url":"https:\/\/infopba247.com.ar\/wp-content\/uploads\/2024\/10\/EESN64-NESTOR-KIRCHNER5-scaled.jpg","type":"image\/jpeg"}],"author":"Editor","twitter_card":"summary_large_image","twitter_misc":{"Escrito por":"Editor","Tiempo de lectura":"3 minutos"},"schema":{"@context":"https:\/\/schema.org","@graph":[{"@type":"Article","@id":"https:\/\/infopba247.com.ar\/index.php\/2024\/10\/31\/nestor-kirchner-es-el-nuevo-nombre-de-la-escuela-secundaria-n64-de-moreno\/#article","isPartOf":{"@id":"https:\/\/infopba247.com.ar\/index.php\/2024\/10\/31\/nestor-kirchner-es-el-nuevo-nombre-de-la-escuela-secundaria-n64-de-moreno\/"},"author":{"name":"Editor","@id":"https:\/\/infopba247.com.ar\/#\/schema\/person\/4975f1343a413e57bf839b3eed0099f2"},"headline":"\u00abN\u00e9stor Kirchner\u00bb es el nuevo nombre de la Escuela Secundaria N\u00b064 de Moreno","datePublished":"2024-10-31T14:55:38+00:00","dateModified":"2024-10-31T14:55:44+00:00","mainEntityOfPage":{"@id":"https:\/\/infopba247.com.ar\/index.php\/2024\/10\/31\/nestor-kirchner-es-el-nuevo-nombre-de-la-escuela-secundaria-n64-de-moreno\/"},"wordCount":629,"commentCount":0,"publisher":{"@id":"https:\/\/infopba247.com.ar\/#organization"},"image":{"@id":"https:\/\/infopba247.com.ar\/index.php\/2024\/10\/31\/nestor-kirchner-es-el-nuevo-nombre-de-la-escuela-secundaria-n64-de-moreno\/#primaryimage"},"thumbnailUrl":"https:\/\/infopba247.com.ar\/wp-content\/uploads\/2024\/10\/EESN64-NESTOR-KIRCHNER5-scaled.jpg","articleSection":["1ra Secci\u00f3n","Destacadas","Pol\u00edtica"],"inLanguage":"es","potentialAction":[{"@type":"CommentAction","name":"Comment","target":["https:\/\/infopba247.com.ar\/index.php\/2024\/10\/31\/nestor-kirchner-es-el-nuevo-nombre-de-la-escuela-secundaria-n64-de-moreno\/#respond"]}]},{"@type":"WebPage","@id":"https:\/\/infopba247.com.ar\/index.php\/2024\/10\/31\/nestor-kirchner-es-el-nuevo-nombre-de-la-escuela-secundaria-n64-de-moreno\/","url":"https:\/\/infopba247.com.ar\/index.php\/2024\/10\/31\/nestor-kirchner-es-el-nuevo-nombre-de-la-escuela-secundaria-n64-de-moreno\/","name":"\u00abN\u00e9stor Kirchner\u00bb es el nuevo nombre de la Escuela Secundaria N\u00b064 de Moreno - InfoPBA247","isPartOf":{"@id":"https:\/\/infopba247.com.ar\/#website"},"primaryImageOfPage":{"@id":"https:\/\/infopba247.com.ar\/index.php\/2024\/10\/31\/nestor-kirchner-es-el-nuevo-nombre-de-la-escuela-secundaria-n64-de-moreno\/#primaryimage"},"image":{"@id":"https:\/\/infopba247.com.ar\/index.php\/2024\/10\/31\/nestor-kirchner-es-el-nuevo-nombre-de-la-escuela-secundaria-n64-de-moreno\/#primaryimage"},"thumbnailUrl":"https:\/\/infopba247.com.ar\/wp-content\/uploads\/2024\/10\/EESN64-NESTOR-KIRCHNER5-scaled.jpg","datePublished":"2024-10-31T14:55:38+00:00","dateModified":"2024-10-31T14:55:44+00:00","breadcrumb":{"@id":"https:\/\/infopba247.com.ar\/index.php\/2024\/10\/31\/nestor-kirchner-es-el-nuevo-nombre-de-la-escuela-secundaria-n64-de-moreno\/#breadcrumb"},"inLanguage":"es","potentialAction":[{"@type":"ReadAction","target":["https:\/\/infopba247.com.ar\/index.php\/2024\/10\/31\/nestor-kirchner-es-el-nuevo-nombre-de-la-escuela-secundaria-n64-de-moreno\/"]}]},{"@type":"ImageObject","inLanguage":"es","@id":"https:\/\/infopba247.com.ar\/index.php\/2024\/10\/31\/nestor-kirchner-es-el-nuevo-nombre-de-la-escuela-secundaria-n64-de-moreno\/#primaryimage","url":"https:\/\/infopba247.com.ar\/wp-content\/uploads\/2024\/10\/EESN64-NESTOR-KIRCHNER5-scaled.jpg","contentUrl":"https:\/\/infopba247.com.ar\/wp-content\/uploads\/2024\/10\/EESN64-NESTOR-KIRCHNER5-scaled.jpg","width":2560,"height":1440},{"@type":"BreadcrumbList","@id":"https:\/\/infopba247.com.ar\/index.php\/2024\/10\/31\/nestor-kirchner-es-el-nuevo-nombre-de-la-escuela-secundaria-n64-de-moreno\/#breadcrumb","itemListElement":[{"@type":"ListItem","position":1,"name":"Portada","item":"https:\/\/infopba247.com.ar\/"},{"@type":"ListItem","position":2,"name":"\u00abN\u00e9stor Kirchner\u00bb es el nuevo nombre de la Escuela Secundaria N\u00b064 de Moreno"}]},{"@type":"WebSite","@id":"https:\/\/infopba247.com.ar\/#website","url":"https:\/\/infopba247.com.ar\/","name":"InfoPBA247","description":"Toda la actualidad bonaerense","publisher":{"@id":"https:\/\/infopba247.com.ar\/#organization"},"potentialAction":[{"@type":"SearchAction","target":{"@type":"EntryPoint","urlTemplate":"https:\/\/infopba247.com.ar\/?s={search_term_string}"},"query-input":{"@type":"PropertyValueSpecification","valueRequired":true,"valueName":"search_term_string"}}],"inLanguage":"es"},{"@type":"Organization","@id":"https:\/\/infopba247.com.ar\/#organization","name":"InfoPBA247","url":"https:\/\/infopba247.com.ar\/","logo":{"@type":"ImageObject","inLanguage":"es","@id":"https:\/\/infopba247.com.ar\/#\/schema\/logo\/image\/","url":"https:\/\/infopba247.com.ar\/wp-content\/uploads\/2022\/03\/cropped-InfoPBA247-1.png","contentUrl":"https:\/\/infopba247.com.ar\/wp-content\/uploads\/2022\/03\/cropped-InfoPBA247-1.png","width":500,"height":122,"caption":"InfoPBA247"},"image":{"@id":"https:\/\/infopba247.com.ar\/#\/schema\/logo\/image\/"},"sameAs":["https:\/\/www.facebook.com\/InfoPBA"]},{"@type":"Person","@id":"https:\/\/infopba247.com.ar\/#\/schema\/person\/4975f1343a413e57bf839b3eed0099f2","name":"Editor","image":{"@type":"ImageObject","inLanguage":"es","@id":"https:\/\/secure.gravatar.com\/avatar\/d27fe9520667ca53441d36627a1d6b0fa4a813571ec4803687a7a3a7744685ac?s=96&d=mm&r=g","url":"https:\/\/secure.gravatar.com\/avatar\/d27fe9520667ca53441d36627a1d6b0fa4a813571ec4803687a7a3a7744685ac?s=96&d=mm&r=g","contentUrl":"https:\/\/secure.gravatar.com\/avatar\/d27fe9520667ca53441d36627a1d6b0fa4a813571ec4803687a7a3a7744685ac?s=96&d=mm&r=g","caption":"Editor"},"url":"https:\/\/infopba247.com.ar\/index.php\/author\/editor\/"}]}},"_links":{"self":[{"href":"https:\/\/infopba247.com.ar\/index.php\/wp-json\/wp\/v2\/posts\/5586","targetHints":{"allow":["GET"]}}],"collection":[{"href":"https:\/\/infopba247.com.ar\/index.php\/wp-json\/wp\/v2\/posts"}],"about":[{"href":"https:\/\/infopba247.com.ar\/index.php\/wp-json\/wp\/v2\/types\/post"}],"author":[{"embeddable":true,"href":"https:\/\/infopba247.com.ar\/index.php\/wp-json\/wp\/v2\/users\/3"}],"replies":[{"embeddable":true,"href":"https:\/\/infopba247.com.ar\/index.php\/wp-json\/wp\/v2\/comments?post=5586"}],"version-history":[{"count":1,"href":"https:\/\/infopba247.com.ar\/index.php\/wp-json\/wp\/v2\/posts\/5586\/revisions"}],"predecessor-version":[{"id":5587,"href":"https:\/\/infopba247.com.ar\/index.php\/wp-json\/wp\/v2\/posts\/5586\/revisions\/5587"}],"wp:featuredmedia":[{"embeddable":true,"href":"https:\/\/infopba247.com.ar\/index.php\/wp-json\/wp\/v2\/media\/5580"}],"wp:attachment":[{"href":"https:\/\/infopba247.com.ar\/index.php\/wp-json\/wp\/v2\/media?parent=5586"}],"wp:term":[{"taxonomy":"category","embeddable":true,"href":"https:\/\/infopba247.com.ar\/index.php\/wp-json\/wp\/v2\/categories?post=5586"},{"taxonomy":"post_tag","embeddable":true,"href":"https:\/\/infopba247.com.ar\/index.php\/wp-json\/wp\/v2\/tags?post=5586"}],"curies":[{"name":"wp","href":"https:\/\/api.w.org\/{rel}","templated":true}]}}