{"id":5584,"date":"2024-10-31T11:54:35","date_gmt":"2024-10-31T14:54:35","guid":{"rendered":"https:\/\/infopba247.com.ar\/?p=5584"},"modified":"2024-10-31T11:54:37","modified_gmt":"2024-10-31T14:54:37","slug":"alak-se-reunio-con-dirigentes-para-seguir-mejorando-las-condiciones-laborales-de-los-trabajadores-municipales","status":"publish","type":"post","link":"https:\/\/infopba247.com.ar\/index.php\/2024\/10\/31\/alak-se-reunio-con-dirigentes-para-seguir-mejorando-las-condiciones-laborales-de-los-trabajadores-municipales\/","title":{"rendered":"Alak se reuni\u00f3 con dirigentes para seguir mejorando las condiciones laborales de los trabajadores municipales"},"content":{"rendered":"\n<p>El intendente Julio Alak mantuvo una reuni\u00f3n con Gustavo Hern\u00e1ndez, secretario general del Sindicato de Obreros y Empleados Municipales de La Plata (SOEMLP), y Rub\u00e9n Garc\u00eda, secretario general de la Federaci\u00f3n de Sindicatos Municipales Bonaerenses (Fesimubo), para fortalecer el trabajo conjunto en pos del bienestar de los trabajadores municipales.<\/p>\n\n\n\n<p>Durante la reuni\u00f3n, los dirigentes resaltaron la importancia de haber alcanzado una recomposici\u00f3n salarial del 140%, la cual permite brindar una respuesta a las demandas del sector y reconocer el esfuerzo cotidiano de quienes desempe\u00f1an tareas esenciales para la comunidad platense.<\/p>\n\n\n\n<p>Adem\u00e1s, coincidieron en la necesidad de continuar implementando mejoras en las condiciones de trabajo y seguir promoviendo el di\u00e1logo y la colaboraci\u00f3n para encontrar soluciones a largo plazo que beneficien a los empleados municipales y permitan fortalecer los servicios p\u00fablicos en la ciudad.<\/p>\n\n\n\n<p>Cabe recordar que la Municipalidad de La Plata dispuso la semana anterior un aumento salarial del 12%, logrando que el aumento de los salarios municipales otorgados este a\u00f1o escale al 140%, posicion\u00e1ndose un 32% por encima de la inflaci\u00f3n.<\/p>\n","protected":false},"excerpt":{"rendered":"<p>El intendente Julio Alak mantuvo una reuni\u00f3n con Gustavo Hern\u00e1ndez, secretario general del Sindicato de Obreros y Empleados Municipales de<\/p>\n","protected":false},"author":3,"featured_media":5582,"comment_status":"open","ping_status":"open","sticky":false,"template":"","format":"standard","meta":{"colormag_page_container_layout":"default_layout","colormag_page_sidebar_layout":"default_layout","footnotes":""},"categories":[12,1,14],"tags":[],"class_list":["post-5584","post","type-post","status-publish","format-standard","has-post-thumbnail","hentry","category-8va-seccion","category-destacadas","category-politica"],"yoast_head":"<!-- This site is optimized with the Yoast SEO plugin v27.4 - https:\/\/yoast.com\/product\/yoast-seo-wordpress\/ -->\n<title>Alak se reuni\u00f3 con dirigentes para seguir mejorando las condiciones laborales de los trabajadores municipales - InfoPBA247<\/title>\n<meta name=\"robots\" content=\"index, follow, max-snippet:-1, max-image-preview:large, max-video-preview:-1\" \/>\n<link rel=\"canonical\" href=\"https:\/\/infopba247.com.ar\/index.php\/2024\/10\/31\/alak-se-reunio-con-dirigentes-para-seguir-mejorando-las-condiciones-laborales-de-los-trabajadores-municipales\/\" \/>\n<meta property=\"og:locale\" content=\"es_ES\" \/>\n<meta property=\"og:type\" content=\"article\" \/>\n<meta property=\"og:title\" content=\"Alak se reuni\u00f3 con dirigentes para seguir mejorando las condiciones laborales de los trabajadores municipales - InfoPBA247\" \/>\n<meta property=\"og:description\" content=\"El intendente Julio Alak mantuvo una reuni\u00f3n con Gustavo Hern\u00e1ndez, secretario general del Sindicato de Obreros y Empleados Municipales de\" \/>\n<meta property=\"og:url\" content=\"https:\/\/infopba247.com.ar\/index.php\/2024\/10\/31\/alak-se-reunio-con-dirigentes-para-seguir-mejorando-las-condiciones-laborales-de-los-trabajadores-municipales\/\" \/>\n<meta property=\"og:site_name\" content=\"InfoPBA247\" \/>\n<meta property=\"article:publisher\" content=\"https:\/\/www.facebook.com\/InfoPBA\" \/>\n<meta property=\"article:published_time\" content=\"2024-10-31T14:54:35+00:00\" \/>\n<meta property=\"article:modified_time\" content=\"2024-10-31T14:54:37+00:00\" \/>\n<meta property=\"og:image\" content=\"https:\/\/infopba247.com.ar\/wp-content\/uploads\/2024\/10\/unnamed-56.jpg\" \/>\n\t<meta property=\"og:image:width\" content=\"1600\" \/>\n\t<meta property=\"og:image:height\" content=\"1200\" \/>\n\t<meta property=\"og:image:type\" content=\"image\/jpeg\" \/>\n<meta name=\"author\" content=\"Editor\" \/>\n<meta name=\"twitter:card\" content=\"summary_large_image\" \/>\n<meta name=\"twitter:label1\" content=\"Escrito por\" \/>\n\t<meta name=\"twitter:data1\" content=\"Editor\" \/>\n\t<meta name=\"twitter:label2\" content=\"Tiempo de lectura\" \/>\n\t<meta name=\"twitter:data2\" content=\"1 minuto\" \/>\n<script type=\"application\/ld+json\" class=\"yoast-schema-graph\">{\"@context\":\"https:\\\/\\\/schema.org\",\"@graph\":[{\"@type\":\"Article\",\"@id\":\"https:\\\/\\\/infopba247.com.ar\\\/index.php\\\/2024\\\/10\\\/31\\\/alak-se-reunio-con-dirigentes-para-seguir-mejorando-las-condiciones-laborales-de-los-trabajadores-municipales\\\/#article\",\"isPartOf\":{\"@id\":\"https:\\\/\\\/infopba247.com.ar\\\/index.php\\\/2024\\\/10\\\/31\\\/alak-se-reunio-con-dirigentes-para-seguir-mejorando-las-condiciones-laborales-de-los-trabajadores-municipales\\\/\"},\"author\":{\"name\":\"Editor\",\"@id\":\"https:\\\/\\\/infopba247.com.ar\\\/#\\\/schema\\\/person\\\/4975f1343a413e57bf839b3eed0099f2\"},\"headline\":\"Alak se reuni\u00f3 con dirigentes para seguir mejorando las condiciones laborales de los trabajadores municipales\",\"datePublished\":\"2024-10-31T14:54:35+00:00\",\"dateModified\":\"2024-10-31T14:54:37+00:00\",\"mainEntityOfPage\":{\"@id\":\"https:\\\/\\\/infopba247.com.ar\\\/index.php\\\/2024\\\/10\\\/31\\\/alak-se-reunio-con-dirigentes-para-seguir-mejorando-las-condiciones-laborales-de-los-trabajadores-municipales\\\/\"},\"wordCount\":198,\"commentCount\":0,\"publisher\":{\"@id\":\"https:\\\/\\\/infopba247.com.ar\\\/#organization\"},\"image\":{\"@id\":\"https:\\\/\\\/infopba247.com.ar\\\/index.php\\\/2024\\\/10\\\/31\\\/alak-se-reunio-con-dirigentes-para-seguir-mejorando-las-condiciones-laborales-de-los-trabajadores-municipales\\\/#primaryimage\"},\"thumbnailUrl\":\"https:\\\/\\\/infopba247.com.ar\\\/wp-content\\\/uploads\\\/2024\\\/10\\\/unnamed-56.jpg\",\"articleSection\":[\"8va Secci\u00f3n\",\"Destacadas\",\"Pol\u00edtica\"],\"inLanguage\":\"es\",\"potentialAction\":[{\"@type\":\"CommentAction\",\"name\":\"Comment\",\"target\":[\"https:\\\/\\\/infopba247.com.ar\\\/index.php\\\/2024\\\/10\\\/31\\\/alak-se-reunio-con-dirigentes-para-seguir-mejorando-las-condiciones-laborales-de-los-trabajadores-municipales\\\/#respond\"]}]},{\"@type\":\"WebPage\",\"@id\":\"https:\\\/\\\/infopba247.com.ar\\\/index.php\\\/2024\\\/10\\\/31\\\/alak-se-reunio-con-dirigentes-para-seguir-mejorando-las-condiciones-laborales-de-los-trabajadores-municipales\\\/\",\"url\":\"https:\\\/\\\/infopba247.com.ar\\\/index.php\\\/2024\\\/10\\\/31\\\/alak-se-reunio-con-dirigentes-para-seguir-mejorando-las-condiciones-laborales-de-los-trabajadores-municipales\\\/\",\"name\":\"Alak se reuni\u00f3 con dirigentes para seguir mejorando las condiciones laborales de los trabajadores municipales - InfoPBA247\",\"isPartOf\":{\"@id\":\"https:\\\/\\\/infopba247.com.ar\\\/#website\"},\"primaryImageOfPage\":{\"@id\":\"https:\\\/\\\/infopba247.com.ar\\\/index.php\\\/2024\\\/10\\\/31\\\/alak-se-reunio-con-dirigentes-para-seguir-mejorando-las-condiciones-laborales-de-los-trabajadores-municipales\\\/#primaryimage\"},\"image\":{\"@id\":\"https:\\\/\\\/infopba247.com.ar\\\/index.php\\\/2024\\\/10\\\/31\\\/alak-se-reunio-con-dirigentes-para-seguir-mejorando-las-condiciones-laborales-de-los-trabajadores-municipales\\\/#primaryimage\"},\"thumbnailUrl\":\"https:\\\/\\\/infopba247.com.ar\\\/wp-content\\\/uploads\\\/2024\\\/10\\\/unnamed-56.jpg\",\"datePublished\":\"2024-10-31T14:54:35+00:00\",\"dateModified\":\"2024-10-31T14:54:37+00:00\",\"breadcrumb\":{\"@id\":\"https:\\\/\\\/infopba247.com.ar\\\/index.php\\\/2024\\\/10\\\/31\\\/alak-se-reunio-con-dirigentes-para-seguir-mejorando-las-condiciones-laborales-de-los-trabajadores-municipales\\\/#breadcrumb\"},\"inLanguage\":\"es\",\"potentialAction\":[{\"@type\":\"ReadAction\",\"target\":[\"https:\\\/\\\/infopba247.com.ar\\\/index.php\\\/2024\\\/10\\\/31\\\/alak-se-reunio-con-dirigentes-para-seguir-mejorando-las-condiciones-laborales-de-los-trabajadores-municipales\\\/\"]}]},{\"@type\":\"ImageObject\",\"inLanguage\":\"es\",\"@id\":\"https:\\\/\\\/infopba247.com.ar\\\/index.php\\\/2024\\\/10\\\/31\\\/alak-se-reunio-con-dirigentes-para-seguir-mejorando-las-condiciones-laborales-de-los-trabajadores-municipales\\\/#primaryimage\",\"url\":\"https:\\\/\\\/infopba247.com.ar\\\/wp-content\\\/uploads\\\/2024\\\/10\\\/unnamed-56.jpg\",\"contentUrl\":\"https:\\\/\\\/infopba247.com.ar\\\/wp-content\\\/uploads\\\/2024\\\/10\\\/unnamed-56.jpg\",\"width\":1600,\"height\":1200},{\"@type\":\"BreadcrumbList\",\"@id\":\"https:\\\/\\\/infopba247.com.ar\\\/index.php\\\/2024\\\/10\\\/31\\\/alak-se-reunio-con-dirigentes-para-seguir-mejorando-las-condiciones-laborales-de-los-trabajadores-municipales\\\/#breadcrumb\",\"itemListElement\":[{\"@type\":\"ListItem\",\"position\":1,\"name\":\"Portada\",\"item\":\"https:\\\/\\\/infopba247.com.ar\\\/\"},{\"@type\":\"ListItem\",\"position\":2,\"name\":\"Alak se reuni\u00f3 con dirigentes para seguir mejorando las condiciones laborales de los trabajadores municipales\"}]},{\"@type\":\"WebSite\",\"@id\":\"https:\\\/\\\/infopba247.com.ar\\\/#website\",\"url\":\"https:\\\/\\\/infopba247.com.ar\\\/\",\"name\":\"InfoPBA247\",\"description\":\"Toda la actualidad bonaerense\",\"publisher\":{\"@id\":\"https:\\\/\\\/infopba247.com.ar\\\/#organization\"},\"potentialAction\":[{\"@type\":\"SearchAction\",\"target\":{\"@type\":\"EntryPoint\",\"urlTemplate\":\"https:\\\/\\\/infopba247.com.ar\\\/?s={search_term_string}\"},\"query-input\":{\"@type\":\"PropertyValueSpecification\",\"valueRequired\":true,\"valueName\":\"search_term_string\"}}],\"inLanguage\":\"es\"},{\"@type\":\"Organization\",\"@id\":\"https:\\\/\\\/infopba247.com.ar\\\/#organization\",\"name\":\"InfoPBA247\",\"url\":\"https:\\\/\\\/infopba247.com.ar\\\/\",\"logo\":{\"@type\":\"ImageObject\",\"inLanguage\":\"es\",\"@id\":\"https:\\\/\\\/infopba247.com.ar\\\/#\\\/schema\\\/logo\\\/image\\\/\",\"url\":\"https:\\\/\\\/infopba247.com.ar\\\/wp-content\\\/uploads\\\/2022\\\/03\\\/cropped-InfoPBA247-1.png\",\"contentUrl\":\"https:\\\/\\\/infopba247.com.ar\\\/wp-content\\\/uploads\\\/2022\\\/03\\\/cropped-InfoPBA247-1.png\",\"width\":500,\"height\":122,\"caption\":\"InfoPBA247\"},\"image\":{\"@id\":\"https:\\\/\\\/infopba247.com.ar\\\/#\\\/schema\\\/logo\\\/image\\\/\"},\"sameAs\":[\"https:\\\/\\\/www.facebook.com\\\/InfoPBA\"]},{\"@type\":\"Person\",\"@id\":\"https:\\\/\\\/infopba247.com.ar\\\/#\\\/schema\\\/person\\\/4975f1343a413e57bf839b3eed0099f2\",\"name\":\"Editor\",\"image\":{\"@type\":\"ImageObject\",\"inLanguage\":\"es\",\"@id\":\"https:\\\/\\\/secure.gravatar.com\\\/avatar\\\/d27fe9520667ca53441d36627a1d6b0fa4a813571ec4803687a7a3a7744685ac?s=96&d=mm&r=g\",\"url\":\"https:\\\/\\\/secure.gravatar.com\\\/avatar\\\/d27fe9520667ca53441d36627a1d6b0fa4a813571ec4803687a7a3a7744685ac?s=96&d=mm&r=g\",\"contentUrl\":\"https:\\\/\\\/secure.gravatar.com\\\/avatar\\\/d27fe9520667ca53441d36627a1d6b0fa4a813571ec4803687a7a3a7744685ac?s=96&d=mm&r=g\",\"caption\":\"Editor\"},\"url\":\"https:\\\/\\\/infopba247.com.ar\\\/index.php\\\/author\\\/editor\\\/\"}]}<\/script>\n<!-- \/ Yoast SEO plugin. -->","yoast_head_json":{"title":"Alak se reuni\u00f3 con dirigentes para seguir mejorando las condiciones laborales de los trabajadores municipales - InfoPBA247","robots":{"index":"index","follow":"follow","max-snippet":"max-snippet:-1","max-image-preview":"max-image-preview:large","max-video-preview":"max-video-preview:-1"},"canonical":"https:\/\/infopba247.com.ar\/index.php\/2024\/10\/31\/alak-se-reunio-con-dirigentes-para-seguir-mejorando-las-condiciones-laborales-de-los-trabajadores-municipales\/","og_locale":"es_ES","og_type":"article","og_title":"Alak se reuni\u00f3 con dirigentes para seguir mejorando las condiciones laborales de los trabajadores municipales - InfoPBA247","og_description":"El intendente Julio Alak mantuvo una reuni\u00f3n con Gustavo Hern\u00e1ndez, secretario general del Sindicato de Obreros y Empleados Municipales de","og_url":"https:\/\/infopba247.com.ar\/index.php\/2024\/10\/31\/alak-se-reunio-con-dirigentes-para-seguir-mejorando-las-condiciones-laborales-de-los-trabajadores-municipales\/","og_site_name":"InfoPBA247","article_publisher":"https:\/\/www.facebook.com\/InfoPBA","article_published_time":"2024-10-31T14:54:35+00:00","article_modified_time":"2024-10-31T14:54:37+00:00","og_image":[{"width":1600,"height":1200,"url":"https:\/\/infopba247.com.ar\/wp-content\/uploads\/2024\/10\/unnamed-56.jpg","type":"image\/jpeg"}],"author":"Editor","twitter_card":"summary_large_image","twitter_misc":{"Escrito por":"Editor","Tiempo de lectura":"1 minuto"},"schema":{"@context":"https:\/\/schema.org","@graph":[{"@type":"Article","@id":"https:\/\/infopba247.com.ar\/index.php\/2024\/10\/31\/alak-se-reunio-con-dirigentes-para-seguir-mejorando-las-condiciones-laborales-de-los-trabajadores-municipales\/#article","isPartOf":{"@id":"https:\/\/infopba247.com.ar\/index.php\/2024\/10\/31\/alak-se-reunio-con-dirigentes-para-seguir-mejorando-las-condiciones-laborales-de-los-trabajadores-municipales\/"},"author":{"name":"Editor","@id":"https:\/\/infopba247.com.ar\/#\/schema\/person\/4975f1343a413e57bf839b3eed0099f2"},"headline":"Alak se reuni\u00f3 con dirigentes para seguir mejorando las condiciones laborales de los trabajadores municipales","datePublished":"2024-10-31T14:54:35+00:00","dateModified":"2024-10-31T14:54:37+00:00","mainEntityOfPage":{"@id":"https:\/\/infopba247.com.ar\/index.php\/2024\/10\/31\/alak-se-reunio-con-dirigentes-para-seguir-mejorando-las-condiciones-laborales-de-los-trabajadores-municipales\/"},"wordCount":198,"commentCount":0,"publisher":{"@id":"https:\/\/infopba247.com.ar\/#organization"},"image":{"@id":"https:\/\/infopba247.com.ar\/index.php\/2024\/10\/31\/alak-se-reunio-con-dirigentes-para-seguir-mejorando-las-condiciones-laborales-de-los-trabajadores-municipales\/#primaryimage"},"thumbnailUrl":"https:\/\/infopba247.com.ar\/wp-content\/uploads\/2024\/10\/unnamed-56.jpg","articleSection":["8va Secci\u00f3n","Destacadas","Pol\u00edtica"],"inLanguage":"es","potentialAction":[{"@type":"CommentAction","name":"Comment","target":["https:\/\/infopba247.com.ar\/index.php\/2024\/10\/31\/alak-se-reunio-con-dirigentes-para-seguir-mejorando-las-condiciones-laborales-de-los-trabajadores-municipales\/#respond"]}]},{"@type":"WebPage","@id":"https:\/\/infopba247.com.ar\/index.php\/2024\/10\/31\/alak-se-reunio-con-dirigentes-para-seguir-mejorando-las-condiciones-laborales-de-los-trabajadores-municipales\/","url":"https:\/\/infopba247.com.ar\/index.php\/2024\/10\/31\/alak-se-reunio-con-dirigentes-para-seguir-mejorando-las-condiciones-laborales-de-los-trabajadores-municipales\/","name":"Alak se reuni\u00f3 con dirigentes para seguir mejorando las condiciones laborales de los trabajadores municipales - InfoPBA247","isPartOf":{"@id":"https:\/\/infopba247.com.ar\/#website"},"primaryImageOfPage":{"@id":"https:\/\/infopba247.com.ar\/index.php\/2024\/10\/31\/alak-se-reunio-con-dirigentes-para-seguir-mejorando-las-condiciones-laborales-de-los-trabajadores-municipales\/#primaryimage"},"image":{"@id":"https:\/\/infopba247.com.ar\/index.php\/2024\/10\/31\/alak-se-reunio-con-dirigentes-para-seguir-mejorando-las-condiciones-laborales-de-los-trabajadores-municipales\/#primaryimage"},"thumbnailUrl":"https:\/\/infopba247.com.ar\/wp-content\/uploads\/2024\/10\/unnamed-56.jpg","datePublished":"2024-10-31T14:54:35+00:00","dateModified":"2024-10-31T14:54:37+00:00","breadcrumb":{"@id":"https:\/\/infopba247.com.ar\/index.php\/2024\/10\/31\/alak-se-reunio-con-dirigentes-para-seguir-mejorando-las-condiciones-laborales-de-los-trabajadores-municipales\/#breadcrumb"},"inLanguage":"es","potentialAction":[{"@type":"ReadAction","target":["https:\/\/infopba247.com.ar\/index.php\/2024\/10\/31\/alak-se-reunio-con-dirigentes-para-seguir-mejorando-las-condiciones-laborales-de-los-trabajadores-municipales\/"]}]},{"@type":"ImageObject","inLanguage":"es","@id":"https:\/\/infopba247.com.ar\/index.php\/2024\/10\/31\/alak-se-reunio-con-dirigentes-para-seguir-mejorando-las-condiciones-laborales-de-los-trabajadores-municipales\/#primaryimage","url":"https:\/\/infopba247.com.ar\/wp-content\/uploads\/2024\/10\/unnamed-56.jpg","contentUrl":"https:\/\/infopba247.com.ar\/wp-content\/uploads\/2024\/10\/unnamed-56.jpg","width":1600,"height":1200},{"@type":"BreadcrumbList","@id":"https:\/\/infopba247.com.ar\/index.php\/2024\/10\/31\/alak-se-reunio-con-dirigentes-para-seguir-mejorando-las-condiciones-laborales-de-los-trabajadores-municipales\/#breadcrumb","itemListElement":[{"@type":"ListItem","position":1,"name":"Portada","item":"https:\/\/infopba247.com.ar\/"},{"@type":"ListItem","position":2,"name":"Alak se reuni\u00f3 con dirigentes para seguir mejorando las condiciones laborales de los trabajadores municipales"}]},{"@type":"WebSite","@id":"https:\/\/infopba247.com.ar\/#website","url":"https:\/\/infopba247.com.ar\/","name":"InfoPBA247","description":"Toda la actualidad bonaerense","publisher":{"@id":"https:\/\/infopba247.com.ar\/#organization"},"potentialAction":[{"@type":"SearchAction","target":{"@type":"EntryPoint","urlTemplate":"https:\/\/infopba247.com.ar\/?s={search_term_string}"},"query-input":{"@type":"PropertyValueSpecification","valueRequired":true,"valueName":"search_term_string"}}],"inLanguage":"es"},{"@type":"Organization","@id":"https:\/\/infopba247.com.ar\/#organization","name":"InfoPBA247","url":"https:\/\/infopba247.com.ar\/","logo":{"@type":"ImageObject","inLanguage":"es","@id":"https:\/\/infopba247.com.ar\/#\/schema\/logo\/image\/","url":"https:\/\/infopba247.com.ar\/wp-content\/uploads\/2022\/03\/cropped-InfoPBA247-1.png","contentUrl":"https:\/\/infopba247.com.ar\/wp-content\/uploads\/2022\/03\/cropped-InfoPBA247-1.png","width":500,"height":122,"caption":"InfoPBA247"},"image":{"@id":"https:\/\/infopba247.com.ar\/#\/schema\/logo\/image\/"},"sameAs":["https:\/\/www.facebook.com\/InfoPBA"]},{"@type":"Person","@id":"https:\/\/infopba247.com.ar\/#\/schema\/person\/4975f1343a413e57bf839b3eed0099f2","name":"Editor","image":{"@type":"ImageObject","inLanguage":"es","@id":"https:\/\/secure.gravatar.com\/avatar\/d27fe9520667ca53441d36627a1d6b0fa4a813571ec4803687a7a3a7744685ac?s=96&d=mm&r=g","url":"https:\/\/secure.gravatar.com\/avatar\/d27fe9520667ca53441d36627a1d6b0fa4a813571ec4803687a7a3a7744685ac?s=96&d=mm&r=g","contentUrl":"https:\/\/secure.gravatar.com\/avatar\/d27fe9520667ca53441d36627a1d6b0fa4a813571ec4803687a7a3a7744685ac?s=96&d=mm&r=g","caption":"Editor"},"url":"https:\/\/infopba247.com.ar\/index.php\/author\/editor\/"}]}},"_links":{"self":[{"href":"https:\/\/infopba247.com.ar\/index.php\/wp-json\/wp\/v2\/posts\/5584","targetHints":{"allow":["GET"]}}],"collection":[{"href":"https:\/\/infopba247.com.ar\/index.php\/wp-json\/wp\/v2\/posts"}],"about":[{"href":"https:\/\/infopba247.com.ar\/index.php\/wp-json\/wp\/v2\/types\/post"}],"author":[{"embeddable":true,"href":"https:\/\/infopba247.com.ar\/index.php\/wp-json\/wp\/v2\/users\/3"}],"replies":[{"embeddable":true,"href":"https:\/\/infopba247.com.ar\/index.php\/wp-json\/wp\/v2\/comments?post=5584"}],"version-history":[{"count":1,"href":"https:\/\/infopba247.com.ar\/index.php\/wp-json\/wp\/v2\/posts\/5584\/revisions"}],"predecessor-version":[{"id":5585,"href":"https:\/\/infopba247.com.ar\/index.php\/wp-json\/wp\/v2\/posts\/5584\/revisions\/5585"}],"wp:featuredmedia":[{"embeddable":true,"href":"https:\/\/infopba247.com.ar\/index.php\/wp-json\/wp\/v2\/media\/5582"}],"wp:attachment":[{"href":"https:\/\/infopba247.com.ar\/index.php\/wp-json\/wp\/v2\/media?parent=5584"}],"wp:term":[{"taxonomy":"category","embeddable":true,"href":"https:\/\/infopba247.com.ar\/index.php\/wp-json\/wp\/v2\/categories?post=5584"},{"taxonomy":"post_tag","embeddable":true,"href":"https:\/\/infopba247.com.ar\/index.php\/wp-json\/wp\/v2\/tags?post=5584"}],"curies":[{"name":"wp","href":"https:\/\/api.w.org\/{rel}","templated":true}]}}