{"id":5559,"date":"2024-10-28T11:43:07","date_gmt":"2024-10-28T14:43:07","guid":{"rendered":"https:\/\/infopba247.com.ar\/?p=5559"},"modified":"2024-10-28T11:43:11","modified_gmt":"2024-10-28T14:43:11","slug":"encuentro-de-intendentes-de-la-primera-seccion-electoral-en-moreno","status":"publish","type":"post","link":"https:\/\/infopba247.com.ar\/index.php\/2024\/10\/28\/encuentro-de-intendentes-de-la-primera-seccion-electoral-en-moreno\/","title":{"rendered":"Encuentro de intendentes de la Primera Secci\u00f3n Electoral en Moreno"},"content":{"rendered":"\n<p>Mariel Fern\u00e1ndez fue la anfitriona de un nuevo encuentro entre los intendentes de la Primera Secci\u00f3n Electoral de la Provincia de Buenos Aires, que tuvo lugar en el Museo Molina Campos del Municipio de Moreno.<\/p>\n\n\n\n<p>Entre los intendentes que se reunieron en Moreno se encuentran Juan Ignacio Ustrarroz, de Mercedes; Leonardo Boto, intendente de Luj\u00e1n; Carlos Ramil, de Escobar; Dami\u00e1n Selci, de Hurlingham; Ricardo Curuchet, intendente de Marcos Paz; Facundo Diz, de Navarro; Juan Luis Mancini, de Suipacha; Leo Nardini, de Malvinas Argentinas y Gustavo Men\u00e9ndez, intendente de Merlo.<\/p>\n\n\n\n<p>De dicho encuentro surgi\u00f3 un comunicado donde los mandatarios explican que en la reuni\u00f3n \u201canalizamos la situaci\u00f3n actual de nuestros municipios frente al avasallamiento del Gobierno nacional y c\u00f3mo sobrellevamos las demandas de las comunidades que habitan cada localidad\u201d.<\/p>\n\n\n\n<p>En el comunicado, que se public\u00f3 horas despu\u00e9s del encuentro, se detallan algunas de las medidas de ajuste que el Gobierno Nacional tom\u00f3 contra los Municipios: \u201cNo solo suspendi\u00f3 la obra p\u00fablica, sino que suspendi\u00f3 tambi\u00e9n la ayuda alimentaria, como as\u00ed tambi\u00e9n los fondos para seguridad con los que equip\u00e1bamos a la polic\u00eda en indumentaria y la compra de patrulleros\u201d,&nbsp;y contin\u00faa haciendo referencia directa a la intenci\u00f3n de Javier Milei de&nbsp;\u201cahogar financieramente la recaudaci\u00f3n con la que hacemos frente al desastre que est\u00e1 provocando en la poblaci\u00f3n la crisis econ\u00f3mica actual\u201d.<\/p>\n\n\n\n<p>Los intendentes de la Primera Secci\u00f3n Electoral hicieron referencia tambi\u00e9n a las graves declaraciones del presidente Javier Milei sobre la expresidenta Cristina Kirchner, en las que afirm\u00f3:&nbsp;\u201cMe gustar\u00eda meterle el \u00faltimo clavo al caj\u00f3n del Kirchnerismo, con Cristina adentro\u201d. Al respecto, manifestaron que son&nbsp;\u201cdeclaraciones grav\u00edsimas, si tenemos en cuenta que estos discursos de odio planificado se expresaron en el intento de magnicidio de la primera exmandataria\u201d.<\/p>\n\n\n\n<p>Por \u00faltimo, hicieron referencia tambi\u00e9n a las pr\u00f3ximas elecciones internas del Partido Justicialista:&nbsp;\u201cAfirmamos la necesidad de ordenar el partido, asumiendo las desinteligencias y responsabilidades que nos llevaron a tener un Gobierno de estas caracter\u00edsticas\u201d,&nbsp;y contin\u00faan:&nbsp;\u201cEl peronismo es una historia de amor por el cuidado de la casa com\u00fan y, de esa historia de amor, surgen del pueblo los y las dirigentes que mejor lo expresan\u201d. En este sentido, reafirmaron su apoyo a la candidatura de la expresidenta Cristina Kirchner para ser quien presida el partido: \u201cPara nosotros quien mejor&nbsp;expresa en esta etapa de la historia es la compa\u00f1era Cristina Fern\u00e1ndez de Kirchner, por eso decimos&nbsp; que es la conductora natural del movimiento peronista\u201d.<\/p>\n","protected":false},"excerpt":{"rendered":"<p>Mariel Fern\u00e1ndez fue la anfitriona de un nuevo encuentro entre los intendentes de la Primera Secci\u00f3n Electoral de la Provincia<\/p>\n","protected":false},"author":3,"featured_media":5553,"comment_status":"open","ping_status":"open","sticky":false,"template":"","format":"standard","meta":{"colormag_page_container_layout":"default_layout","colormag_page_sidebar_layout":"default_layout","footnotes":""},"categories":[5,1,14],"tags":[],"class_list":["post-5559","post","type-post","status-publish","format-standard","has-post-thumbnail","hentry","category-1ra-seccion","category-destacadas","category-politica"],"yoast_head":"<!-- This site is optimized with the Yoast SEO plugin v27.4 - https:\/\/yoast.com\/product\/yoast-seo-wordpress\/ -->\n<title>Encuentro de intendentes de la Primera Secci\u00f3n Electoral en Moreno - InfoPBA247<\/title>\n<meta name=\"robots\" content=\"index, follow, max-snippet:-1, max-image-preview:large, max-video-preview:-1\" \/>\n<link rel=\"canonical\" href=\"https:\/\/infopba247.com.ar\/index.php\/2024\/10\/28\/encuentro-de-intendentes-de-la-primera-seccion-electoral-en-moreno\/\" \/>\n<meta property=\"og:locale\" content=\"es_ES\" \/>\n<meta property=\"og:type\" content=\"article\" \/>\n<meta property=\"og:title\" content=\"Encuentro de intendentes de la Primera Secci\u00f3n Electoral en Moreno - InfoPBA247\" \/>\n<meta property=\"og:description\" content=\"Mariel Fern\u00e1ndez fue la anfitriona de un nuevo encuentro entre los intendentes de la Primera Secci\u00f3n Electoral de la Provincia\" \/>\n<meta property=\"og:url\" content=\"https:\/\/infopba247.com.ar\/index.php\/2024\/10\/28\/encuentro-de-intendentes-de-la-primera-seccion-electoral-en-moreno\/\" \/>\n<meta property=\"og:site_name\" content=\"InfoPBA247\" \/>\n<meta property=\"article:publisher\" content=\"https:\/\/www.facebook.com\/InfoPBA\" \/>\n<meta property=\"article:published_time\" content=\"2024-10-28T14:43:07+00:00\" \/>\n<meta property=\"article:modified_time\" content=\"2024-10-28T14:43:11+00:00\" \/>\n<meta property=\"og:image\" content=\"https:\/\/infopba247.com.ar\/wp-content\/uploads\/2024\/10\/intendentes-720x445-1.jpeg\" \/>\n\t<meta property=\"og:image:width\" content=\"720\" \/>\n\t<meta property=\"og:image:height\" content=\"445\" \/>\n\t<meta property=\"og:image:type\" content=\"image\/jpeg\" \/>\n<meta name=\"author\" content=\"Editor\" \/>\n<meta name=\"twitter:card\" content=\"summary_large_image\" \/>\n<meta name=\"twitter:label1\" content=\"Escrito por\" \/>\n\t<meta name=\"twitter:data1\" content=\"Editor\" \/>\n\t<meta name=\"twitter:label2\" content=\"Tiempo de lectura\" \/>\n\t<meta name=\"twitter:data2\" content=\"3 minutos\" \/>\n<script type=\"application\/ld+json\" class=\"yoast-schema-graph\">{\"@context\":\"https:\\\/\\\/schema.org\",\"@graph\":[{\"@type\":\"Article\",\"@id\":\"https:\\\/\\\/infopba247.com.ar\\\/index.php\\\/2024\\\/10\\\/28\\\/encuentro-de-intendentes-de-la-primera-seccion-electoral-en-moreno\\\/#article\",\"isPartOf\":{\"@id\":\"https:\\\/\\\/infopba247.com.ar\\\/index.php\\\/2024\\\/10\\\/28\\\/encuentro-de-intendentes-de-la-primera-seccion-electoral-en-moreno\\\/\"},\"author\":{\"name\":\"Editor\",\"@id\":\"https:\\\/\\\/infopba247.com.ar\\\/#\\\/schema\\\/person\\\/4975f1343a413e57bf839b3eed0099f2\"},\"headline\":\"Encuentro de intendentes de la Primera Secci\u00f3n Electoral en Moreno\",\"datePublished\":\"2024-10-28T14:43:07+00:00\",\"dateModified\":\"2024-10-28T14:43:11+00:00\",\"mainEntityOfPage\":{\"@id\":\"https:\\\/\\\/infopba247.com.ar\\\/index.php\\\/2024\\\/10\\\/28\\\/encuentro-de-intendentes-de-la-primera-seccion-electoral-en-moreno\\\/\"},\"wordCount\":457,\"commentCount\":0,\"publisher\":{\"@id\":\"https:\\\/\\\/infopba247.com.ar\\\/#organization\"},\"image\":{\"@id\":\"https:\\\/\\\/infopba247.com.ar\\\/index.php\\\/2024\\\/10\\\/28\\\/encuentro-de-intendentes-de-la-primera-seccion-electoral-en-moreno\\\/#primaryimage\"},\"thumbnailUrl\":\"https:\\\/\\\/infopba247.com.ar\\\/wp-content\\\/uploads\\\/2024\\\/10\\\/intendentes-720x445-1.jpeg\",\"articleSection\":[\"1ra Secci\u00f3n\",\"Destacadas\",\"Pol\u00edtica\"],\"inLanguage\":\"es\",\"potentialAction\":[{\"@type\":\"CommentAction\",\"name\":\"Comment\",\"target\":[\"https:\\\/\\\/infopba247.com.ar\\\/index.php\\\/2024\\\/10\\\/28\\\/encuentro-de-intendentes-de-la-primera-seccion-electoral-en-moreno\\\/#respond\"]}]},{\"@type\":\"WebPage\",\"@id\":\"https:\\\/\\\/infopba247.com.ar\\\/index.php\\\/2024\\\/10\\\/28\\\/encuentro-de-intendentes-de-la-primera-seccion-electoral-en-moreno\\\/\",\"url\":\"https:\\\/\\\/infopba247.com.ar\\\/index.php\\\/2024\\\/10\\\/28\\\/encuentro-de-intendentes-de-la-primera-seccion-electoral-en-moreno\\\/\",\"name\":\"Encuentro de intendentes de la Primera Secci\u00f3n Electoral en Moreno - InfoPBA247\",\"isPartOf\":{\"@id\":\"https:\\\/\\\/infopba247.com.ar\\\/#website\"},\"primaryImageOfPage\":{\"@id\":\"https:\\\/\\\/infopba247.com.ar\\\/index.php\\\/2024\\\/10\\\/28\\\/encuentro-de-intendentes-de-la-primera-seccion-electoral-en-moreno\\\/#primaryimage\"},\"image\":{\"@id\":\"https:\\\/\\\/infopba247.com.ar\\\/index.php\\\/2024\\\/10\\\/28\\\/encuentro-de-intendentes-de-la-primera-seccion-electoral-en-moreno\\\/#primaryimage\"},\"thumbnailUrl\":\"https:\\\/\\\/infopba247.com.ar\\\/wp-content\\\/uploads\\\/2024\\\/10\\\/intendentes-720x445-1.jpeg\",\"datePublished\":\"2024-10-28T14:43:07+00:00\",\"dateModified\":\"2024-10-28T14:43:11+00:00\",\"breadcrumb\":{\"@id\":\"https:\\\/\\\/infopba247.com.ar\\\/index.php\\\/2024\\\/10\\\/28\\\/encuentro-de-intendentes-de-la-primera-seccion-electoral-en-moreno\\\/#breadcrumb\"},\"inLanguage\":\"es\",\"potentialAction\":[{\"@type\":\"ReadAction\",\"target\":[\"https:\\\/\\\/infopba247.com.ar\\\/index.php\\\/2024\\\/10\\\/28\\\/encuentro-de-intendentes-de-la-primera-seccion-electoral-en-moreno\\\/\"]}]},{\"@type\":\"ImageObject\",\"inLanguage\":\"es\",\"@id\":\"https:\\\/\\\/infopba247.com.ar\\\/index.php\\\/2024\\\/10\\\/28\\\/encuentro-de-intendentes-de-la-primera-seccion-electoral-en-moreno\\\/#primaryimage\",\"url\":\"https:\\\/\\\/infopba247.com.ar\\\/wp-content\\\/uploads\\\/2024\\\/10\\\/intendentes-720x445-1.jpeg\",\"contentUrl\":\"https:\\\/\\\/infopba247.com.ar\\\/wp-content\\\/uploads\\\/2024\\\/10\\\/intendentes-720x445-1.jpeg\",\"width\":720,\"height\":445},{\"@type\":\"BreadcrumbList\",\"@id\":\"https:\\\/\\\/infopba247.com.ar\\\/index.php\\\/2024\\\/10\\\/28\\\/encuentro-de-intendentes-de-la-primera-seccion-electoral-en-moreno\\\/#breadcrumb\",\"itemListElement\":[{\"@type\":\"ListItem\",\"position\":1,\"name\":\"Portada\",\"item\":\"https:\\\/\\\/infopba247.com.ar\\\/\"},{\"@type\":\"ListItem\",\"position\":2,\"name\":\"Encuentro de intendentes de la Primera Secci\u00f3n Electoral en Moreno\"}]},{\"@type\":\"WebSite\",\"@id\":\"https:\\\/\\\/infopba247.com.ar\\\/#website\",\"url\":\"https:\\\/\\\/infopba247.com.ar\\\/\",\"name\":\"InfoPBA247\",\"description\":\"Toda la actualidad bonaerense\",\"publisher\":{\"@id\":\"https:\\\/\\\/infopba247.com.ar\\\/#organization\"},\"potentialAction\":[{\"@type\":\"SearchAction\",\"target\":{\"@type\":\"EntryPoint\",\"urlTemplate\":\"https:\\\/\\\/infopba247.com.ar\\\/?s={search_term_string}\"},\"query-input\":{\"@type\":\"PropertyValueSpecification\",\"valueRequired\":true,\"valueName\":\"search_term_string\"}}],\"inLanguage\":\"es\"},{\"@type\":\"Organization\",\"@id\":\"https:\\\/\\\/infopba247.com.ar\\\/#organization\",\"name\":\"InfoPBA247\",\"url\":\"https:\\\/\\\/infopba247.com.ar\\\/\",\"logo\":{\"@type\":\"ImageObject\",\"inLanguage\":\"es\",\"@id\":\"https:\\\/\\\/infopba247.com.ar\\\/#\\\/schema\\\/logo\\\/image\\\/\",\"url\":\"https:\\\/\\\/infopba247.com.ar\\\/wp-content\\\/uploads\\\/2022\\\/03\\\/cropped-InfoPBA247-1.png\",\"contentUrl\":\"https:\\\/\\\/infopba247.com.ar\\\/wp-content\\\/uploads\\\/2022\\\/03\\\/cropped-InfoPBA247-1.png\",\"width\":500,\"height\":122,\"caption\":\"InfoPBA247\"},\"image\":{\"@id\":\"https:\\\/\\\/infopba247.com.ar\\\/#\\\/schema\\\/logo\\\/image\\\/\"},\"sameAs\":[\"https:\\\/\\\/www.facebook.com\\\/InfoPBA\"]},{\"@type\":\"Person\",\"@id\":\"https:\\\/\\\/infopba247.com.ar\\\/#\\\/schema\\\/person\\\/4975f1343a413e57bf839b3eed0099f2\",\"name\":\"Editor\",\"image\":{\"@type\":\"ImageObject\",\"inLanguage\":\"es\",\"@id\":\"https:\\\/\\\/secure.gravatar.com\\\/avatar\\\/d27fe9520667ca53441d36627a1d6b0fa4a813571ec4803687a7a3a7744685ac?s=96&d=mm&r=g\",\"url\":\"https:\\\/\\\/secure.gravatar.com\\\/avatar\\\/d27fe9520667ca53441d36627a1d6b0fa4a813571ec4803687a7a3a7744685ac?s=96&d=mm&r=g\",\"contentUrl\":\"https:\\\/\\\/secure.gravatar.com\\\/avatar\\\/d27fe9520667ca53441d36627a1d6b0fa4a813571ec4803687a7a3a7744685ac?s=96&d=mm&r=g\",\"caption\":\"Editor\"},\"url\":\"https:\\\/\\\/infopba247.com.ar\\\/index.php\\\/author\\\/editor\\\/\"}]}<\/script>\n<!-- \/ Yoast SEO plugin. -->","yoast_head_json":{"title":"Encuentro de intendentes de la Primera Secci\u00f3n Electoral en Moreno - InfoPBA247","robots":{"index":"index","follow":"follow","max-snippet":"max-snippet:-1","max-image-preview":"max-image-preview:large","max-video-preview":"max-video-preview:-1"},"canonical":"https:\/\/infopba247.com.ar\/index.php\/2024\/10\/28\/encuentro-de-intendentes-de-la-primera-seccion-electoral-en-moreno\/","og_locale":"es_ES","og_type":"article","og_title":"Encuentro de intendentes de la Primera Secci\u00f3n Electoral en Moreno - InfoPBA247","og_description":"Mariel Fern\u00e1ndez fue la anfitriona de un nuevo encuentro entre los intendentes de la Primera Secci\u00f3n Electoral de la Provincia","og_url":"https:\/\/infopba247.com.ar\/index.php\/2024\/10\/28\/encuentro-de-intendentes-de-la-primera-seccion-electoral-en-moreno\/","og_site_name":"InfoPBA247","article_publisher":"https:\/\/www.facebook.com\/InfoPBA","article_published_time":"2024-10-28T14:43:07+00:00","article_modified_time":"2024-10-28T14:43:11+00:00","og_image":[{"width":720,"height":445,"url":"https:\/\/infopba247.com.ar\/wp-content\/uploads\/2024\/10\/intendentes-720x445-1.jpeg","type":"image\/jpeg"}],"author":"Editor","twitter_card":"summary_large_image","twitter_misc":{"Escrito por":"Editor","Tiempo de lectura":"3 minutos"},"schema":{"@context":"https:\/\/schema.org","@graph":[{"@type":"Article","@id":"https:\/\/infopba247.com.ar\/index.php\/2024\/10\/28\/encuentro-de-intendentes-de-la-primera-seccion-electoral-en-moreno\/#article","isPartOf":{"@id":"https:\/\/infopba247.com.ar\/index.php\/2024\/10\/28\/encuentro-de-intendentes-de-la-primera-seccion-electoral-en-moreno\/"},"author":{"name":"Editor","@id":"https:\/\/infopba247.com.ar\/#\/schema\/person\/4975f1343a413e57bf839b3eed0099f2"},"headline":"Encuentro de intendentes de la Primera Secci\u00f3n Electoral en Moreno","datePublished":"2024-10-28T14:43:07+00:00","dateModified":"2024-10-28T14:43:11+00:00","mainEntityOfPage":{"@id":"https:\/\/infopba247.com.ar\/index.php\/2024\/10\/28\/encuentro-de-intendentes-de-la-primera-seccion-electoral-en-moreno\/"},"wordCount":457,"commentCount":0,"publisher":{"@id":"https:\/\/infopba247.com.ar\/#organization"},"image":{"@id":"https:\/\/infopba247.com.ar\/index.php\/2024\/10\/28\/encuentro-de-intendentes-de-la-primera-seccion-electoral-en-moreno\/#primaryimage"},"thumbnailUrl":"https:\/\/infopba247.com.ar\/wp-content\/uploads\/2024\/10\/intendentes-720x445-1.jpeg","articleSection":["1ra Secci\u00f3n","Destacadas","Pol\u00edtica"],"inLanguage":"es","potentialAction":[{"@type":"CommentAction","name":"Comment","target":["https:\/\/infopba247.com.ar\/index.php\/2024\/10\/28\/encuentro-de-intendentes-de-la-primera-seccion-electoral-en-moreno\/#respond"]}]},{"@type":"WebPage","@id":"https:\/\/infopba247.com.ar\/index.php\/2024\/10\/28\/encuentro-de-intendentes-de-la-primera-seccion-electoral-en-moreno\/","url":"https:\/\/infopba247.com.ar\/index.php\/2024\/10\/28\/encuentro-de-intendentes-de-la-primera-seccion-electoral-en-moreno\/","name":"Encuentro de intendentes de la Primera Secci\u00f3n Electoral en Moreno - InfoPBA247","isPartOf":{"@id":"https:\/\/infopba247.com.ar\/#website"},"primaryImageOfPage":{"@id":"https:\/\/infopba247.com.ar\/index.php\/2024\/10\/28\/encuentro-de-intendentes-de-la-primera-seccion-electoral-en-moreno\/#primaryimage"},"image":{"@id":"https:\/\/infopba247.com.ar\/index.php\/2024\/10\/28\/encuentro-de-intendentes-de-la-primera-seccion-electoral-en-moreno\/#primaryimage"},"thumbnailUrl":"https:\/\/infopba247.com.ar\/wp-content\/uploads\/2024\/10\/intendentes-720x445-1.jpeg","datePublished":"2024-10-28T14:43:07+00:00","dateModified":"2024-10-28T14:43:11+00:00","breadcrumb":{"@id":"https:\/\/infopba247.com.ar\/index.php\/2024\/10\/28\/encuentro-de-intendentes-de-la-primera-seccion-electoral-en-moreno\/#breadcrumb"},"inLanguage":"es","potentialAction":[{"@type":"ReadAction","target":["https:\/\/infopba247.com.ar\/index.php\/2024\/10\/28\/encuentro-de-intendentes-de-la-primera-seccion-electoral-en-moreno\/"]}]},{"@type":"ImageObject","inLanguage":"es","@id":"https:\/\/infopba247.com.ar\/index.php\/2024\/10\/28\/encuentro-de-intendentes-de-la-primera-seccion-electoral-en-moreno\/#primaryimage","url":"https:\/\/infopba247.com.ar\/wp-content\/uploads\/2024\/10\/intendentes-720x445-1.jpeg","contentUrl":"https:\/\/infopba247.com.ar\/wp-content\/uploads\/2024\/10\/intendentes-720x445-1.jpeg","width":720,"height":445},{"@type":"BreadcrumbList","@id":"https:\/\/infopba247.com.ar\/index.php\/2024\/10\/28\/encuentro-de-intendentes-de-la-primera-seccion-electoral-en-moreno\/#breadcrumb","itemListElement":[{"@type":"ListItem","position":1,"name":"Portada","item":"https:\/\/infopba247.com.ar\/"},{"@type":"ListItem","position":2,"name":"Encuentro de intendentes de la Primera Secci\u00f3n Electoral en Moreno"}]},{"@type":"WebSite","@id":"https:\/\/infopba247.com.ar\/#website","url":"https:\/\/infopba247.com.ar\/","name":"InfoPBA247","description":"Toda la actualidad bonaerense","publisher":{"@id":"https:\/\/infopba247.com.ar\/#organization"},"potentialAction":[{"@type":"SearchAction","target":{"@type":"EntryPoint","urlTemplate":"https:\/\/infopba247.com.ar\/?s={search_term_string}"},"query-input":{"@type":"PropertyValueSpecification","valueRequired":true,"valueName":"search_term_string"}}],"inLanguage":"es"},{"@type":"Organization","@id":"https:\/\/infopba247.com.ar\/#organization","name":"InfoPBA247","url":"https:\/\/infopba247.com.ar\/","logo":{"@type":"ImageObject","inLanguage":"es","@id":"https:\/\/infopba247.com.ar\/#\/schema\/logo\/image\/","url":"https:\/\/infopba247.com.ar\/wp-content\/uploads\/2022\/03\/cropped-InfoPBA247-1.png","contentUrl":"https:\/\/infopba247.com.ar\/wp-content\/uploads\/2022\/03\/cropped-InfoPBA247-1.png","width":500,"height":122,"caption":"InfoPBA247"},"image":{"@id":"https:\/\/infopba247.com.ar\/#\/schema\/logo\/image\/"},"sameAs":["https:\/\/www.facebook.com\/InfoPBA"]},{"@type":"Person","@id":"https:\/\/infopba247.com.ar\/#\/schema\/person\/4975f1343a413e57bf839b3eed0099f2","name":"Editor","image":{"@type":"ImageObject","inLanguage":"es","@id":"https:\/\/secure.gravatar.com\/avatar\/d27fe9520667ca53441d36627a1d6b0fa4a813571ec4803687a7a3a7744685ac?s=96&d=mm&r=g","url":"https:\/\/secure.gravatar.com\/avatar\/d27fe9520667ca53441d36627a1d6b0fa4a813571ec4803687a7a3a7744685ac?s=96&d=mm&r=g","contentUrl":"https:\/\/secure.gravatar.com\/avatar\/d27fe9520667ca53441d36627a1d6b0fa4a813571ec4803687a7a3a7744685ac?s=96&d=mm&r=g","caption":"Editor"},"url":"https:\/\/infopba247.com.ar\/index.php\/author\/editor\/"}]}},"_links":{"self":[{"href":"https:\/\/infopba247.com.ar\/index.php\/wp-json\/wp\/v2\/posts\/5559","targetHints":{"allow":["GET"]}}],"collection":[{"href":"https:\/\/infopba247.com.ar\/index.php\/wp-json\/wp\/v2\/posts"}],"about":[{"href":"https:\/\/infopba247.com.ar\/index.php\/wp-json\/wp\/v2\/types\/post"}],"author":[{"embeddable":true,"href":"https:\/\/infopba247.com.ar\/index.php\/wp-json\/wp\/v2\/users\/3"}],"replies":[{"embeddable":true,"href":"https:\/\/infopba247.com.ar\/index.php\/wp-json\/wp\/v2\/comments?post=5559"}],"version-history":[{"count":1,"href":"https:\/\/infopba247.com.ar\/index.php\/wp-json\/wp\/v2\/posts\/5559\/revisions"}],"predecessor-version":[{"id":5560,"href":"https:\/\/infopba247.com.ar\/index.php\/wp-json\/wp\/v2\/posts\/5559\/revisions\/5560"}],"wp:featuredmedia":[{"embeddable":true,"href":"https:\/\/infopba247.com.ar\/index.php\/wp-json\/wp\/v2\/media\/5553"}],"wp:attachment":[{"href":"https:\/\/infopba247.com.ar\/index.php\/wp-json\/wp\/v2\/media?parent=5559"}],"wp:term":[{"taxonomy":"category","embeddable":true,"href":"https:\/\/infopba247.com.ar\/index.php\/wp-json\/wp\/v2\/categories?post=5559"},{"taxonomy":"post_tag","embeddable":true,"href":"https:\/\/infopba247.com.ar\/index.php\/wp-json\/wp\/v2\/tags?post=5559"}],"curies":[{"name":"wp","href":"https:\/\/api.w.org\/{rel}","templated":true}]}}