{"id":5521,"date":"2024-10-23T10:08:29","date_gmt":"2024-10-23T13:08:29","guid":{"rendered":"https:\/\/infopba247.com.ar\/?p=5521"},"modified":"2024-10-23T10:08:31","modified_gmt":"2024-10-23T13:08:31","slug":"alak-y-kicillof-presentaron-el-centro-administrativo-municipal-que-unificara-mas-de-75-tramites-en-un-solo-lugar","status":"publish","type":"post","link":"https:\/\/infopba247.com.ar\/index.php\/2024\/10\/23\/alak-y-kicillof-presentaron-el-centro-administrativo-municipal-que-unificara-mas-de-75-tramites-en-un-solo-lugar\/","title":{"rendered":"Alak y Kicillof presentaron el Centro Administrativo Municipal, que unificar\u00e1 m\u00e1s de 75 tr\u00e1mites en un solo lugar"},"content":{"rendered":"\n<p>El intendente de La Plata, Julio Alak, y el gobernador de la provincia de Buenos Aires, Axel Kicillof, inauguraron el Centro Administrativo Municipal (CAM), un nuevo espacio en diagonal 80 y 48 que unificar\u00e1 en un solo lugar la gesti\u00f3n de m\u00e1s de 75 tipos de tr\u00e1mites que se realizaban en 8 edificios y 12 oficinas.<\/p>\n\n\n\n<p>El lugar albergar\u00e1 a las \u00e1reas de Licencias de Conducir, Habilitaciones Comerciales, la Agencia Platense de Recaudaci\u00f3n (APR), Catastro, Obras Particulares, Mesa General de Entradas, Planeamiento y Ordenamiento Ambiental y Patrimonio. Adem\u00e1s, contar\u00e1 con una terminal de Provincia NET para facilitar los pagos de diversos servicios, tasas e impuestos.<\/p>\n\n\n\n<p>\u201cAsumimos, en diciembre de 2023, con un Municipio quebrado operativa y financieramente\u201d, asegur\u00f3 Alak, y record\u00f3: \u201cVenimos de un tiempo en el cual el Municipio se fue retrayendo, que con el correr de los a\u00f1os perdi\u00f3 capacidad de gesti\u00f3n, que ofrec\u00eda cada vez menos servicios y de menor calidad\u201d.<\/p>\n\n\n\n<p>En este marco, el jefe comunal subray\u00f3 que \u201cel CAM representa el inicio de una nueva etapa\u201d y que \u201cesta etapa estar\u00e1 signada por los principios de modernizaci\u00f3n, eficiencia y transparencia\u201d, al tiempo que asegur\u00f3 que el espacio responde a la premisa de \u201cun nuevo Municipio para una mejor ciudad\u201d.<\/p>\n\n\n\n<p>\u201cNuestro objetivo es un Municipio que pueda dar respuestas a lo que los vecinos necesitan, que vuelve m\u00e1s r\u00e1pidos y pr\u00e1cticos todos los tr\u00e1mites, ahorr\u00e1ndole tiempo a las personas para que lo puedan dedicar a otras cosas\u201d, enfatiz\u00f3 el mandatario.<\/p>\n\n\n\n<p>Por su parte, Kicillof resalt\u00f3: \u201cEste centro es un ejemplo de un Estado presente y eficiente que facilita la vida cotidiana de las y los platenses y mejora las condiciones laborales de los trabajadores de las dependencias\u201d.<\/p>\n\n\n\n<p>La atenci\u00f3n presencial en el edificio, que cuenta con 1900 metros cuadrados, comenzar\u00e1 este mi\u00e9rcoles 23 de octubre \u00fanicamente con turno previo. Para brindar un mejor servicio a los vecinos y las vecinas, adem\u00e1s, la Municipalidad extendi\u00f3 su horario, que ser\u00e1 de lunes a viernes de 8:00 a 20:00 y los s\u00e1bados de 9:00 a 13:00.<\/p>\n\n\n\n<p>A partir de la apertura del CAM se relocalizaron 342 trabajadores y trabajadoras, que ahora cuentan con instalaciones modernas y tecnol\u00f3gicas. Adem\u00e1s de centralizar la atenci\u00f3n, su creaci\u00f3n permitir\u00e1 reducir los m\u00faltiples contratos de alquiler que sostiene el Municipio, disminuyendo el gasto que ello origina.<\/p>\n\n\n\n<p>75 TR\u00c1MITES EN UN SOLO LUGAR<\/p>\n\n\n\n<p>La mudanza incluy\u00f3 el traslado de los ex\u00e1menes de manejo al play\u00f3n de 3 y 48, un espacio con dos pistas que permitir\u00e1 tomar pruebas simult\u00e1neas, junto a un aula especial para rendir el te\u00f3rico. As\u00ed, un tr\u00e1mite que tardaba 20 d\u00edas y se realizaba en tres oficinas de dos edificios se realizar\u00e1 a partir de ahora en un solo lugar y en un solo d\u00eda.<\/p>\n\n\n\n<p>Por otro lado, las habilitaciones comerciales, que se tramitaban en seis oficinas ubicadas en tres edificios diferentes con demoras de hasta 45 d\u00edas, se concretar\u00e1n gracias al CAM en un mismo edificio y en una semana; mientras que lo respectivo a Obras Particulares pasar\u00e1 de gestionarse en cuatro oficinas de tres edificios en 40 d\u00edas a hacerse en apenas diez.<\/p>\n\n\n\n<p>Por su parte, los tr\u00e1mites de APR y Catastro, que involucraban tres oficinas de tres edificios y hasta dos semanas de demora, ahora podr\u00e1n resolverse en tan solo tres d\u00edas; al tiempo que Planeamiento Urbano y Patrimonio Arquitect\u00f3nico, que ocupaban seis oficinas en dos edificios a lo largo de 40 d\u00edas, disminuir\u00e1n la tardanza de sus gestiones de 40 a 10 d\u00edas.<\/p>\n\n\n\n<p>A ra\u00edz del nuevo Centro Administrativo Municipal, el 80% de los tr\u00e1mites personales se podr\u00e1n realizar en un solo lugar, y los restantes a distancia, v\u00eda mail o web.<\/p>\n","protected":false},"excerpt":{"rendered":"<p>El intendente de La Plata, Julio Alak, y el gobernador de la provincia de Buenos Aires, Axel Kicillof, inauguraron el<\/p>\n","protected":false},"author":3,"featured_media":5519,"comment_status":"open","ping_status":"open","sticky":false,"template":"","format":"standard","meta":{"colormag_page_container_layout":"default_layout","colormag_page_sidebar_layout":"default_layout","footnotes":""},"categories":[12,1,14],"tags":[],"class_list":["post-5521","post","type-post","status-publish","format-standard","has-post-thumbnail","hentry","category-8va-seccion","category-destacadas","category-politica"],"yoast_head":"<!-- This site is optimized with the Yoast SEO plugin v27.4 - https:\/\/yoast.com\/product\/yoast-seo-wordpress\/ -->\n<title>Alak y Kicillof presentaron el Centro Administrativo Municipal, que unificar\u00e1 m\u00e1s de 75 tr\u00e1mites en un solo lugar - InfoPBA247<\/title>\n<meta name=\"robots\" content=\"index, follow, max-snippet:-1, max-image-preview:large, max-video-preview:-1\" \/>\n<link rel=\"canonical\" href=\"https:\/\/infopba247.com.ar\/index.php\/2024\/10\/23\/alak-y-kicillof-presentaron-el-centro-administrativo-municipal-que-unificara-mas-de-75-tramites-en-un-solo-lugar\/\" \/>\n<meta property=\"og:locale\" content=\"es_ES\" \/>\n<meta property=\"og:type\" content=\"article\" \/>\n<meta property=\"og:title\" content=\"Alak y Kicillof presentaron el Centro Administrativo Municipal, que unificar\u00e1 m\u00e1s de 75 tr\u00e1mites en un solo lugar - InfoPBA247\" \/>\n<meta property=\"og:description\" content=\"El intendente de La Plata, Julio Alak, y el gobernador de la provincia de Buenos Aires, Axel Kicillof, inauguraron el\" \/>\n<meta property=\"og:url\" content=\"https:\/\/infopba247.com.ar\/index.php\/2024\/10\/23\/alak-y-kicillof-presentaron-el-centro-administrativo-municipal-que-unificara-mas-de-75-tramites-en-un-solo-lugar\/\" \/>\n<meta property=\"og:site_name\" content=\"InfoPBA247\" \/>\n<meta property=\"article:publisher\" content=\"https:\/\/www.facebook.com\/InfoPBA\" \/>\n<meta property=\"article:published_time\" content=\"2024-10-23T13:08:29+00:00\" \/>\n<meta property=\"article:modified_time\" content=\"2024-10-23T13:08:31+00:00\" \/>\n<meta property=\"og:image\" content=\"https:\/\/infopba247.com.ar\/wp-content\/uploads\/2024\/10\/unnamed-42-scaled.jpg\" \/>\n\t<meta property=\"og:image:width\" content=\"2560\" \/>\n\t<meta property=\"og:image:height\" content=\"1707\" \/>\n\t<meta property=\"og:image:type\" content=\"image\/jpeg\" \/>\n<meta name=\"author\" content=\"Editor\" \/>\n<meta name=\"twitter:card\" content=\"summary_large_image\" \/>\n<meta name=\"twitter:label1\" content=\"Escrito por\" \/>\n\t<meta name=\"twitter:data1\" content=\"Editor\" \/>\n\t<meta name=\"twitter:label2\" content=\"Tiempo de lectura\" \/>\n\t<meta name=\"twitter:data2\" content=\"3 minutos\" \/>\n<script type=\"application\/ld+json\" class=\"yoast-schema-graph\">{\"@context\":\"https:\\\/\\\/schema.org\",\"@graph\":[{\"@type\":\"Article\",\"@id\":\"https:\\\/\\\/infopba247.com.ar\\\/index.php\\\/2024\\\/10\\\/23\\\/alak-y-kicillof-presentaron-el-centro-administrativo-municipal-que-unificara-mas-de-75-tramites-en-un-solo-lugar\\\/#article\",\"isPartOf\":{\"@id\":\"https:\\\/\\\/infopba247.com.ar\\\/index.php\\\/2024\\\/10\\\/23\\\/alak-y-kicillof-presentaron-el-centro-administrativo-municipal-que-unificara-mas-de-75-tramites-en-un-solo-lugar\\\/\"},\"author\":{\"name\":\"Editor\",\"@id\":\"https:\\\/\\\/infopba247.com.ar\\\/#\\\/schema\\\/person\\\/4975f1343a413e57bf839b3eed0099f2\"},\"headline\":\"Alak y Kicillof presentaron el Centro Administrativo Municipal, que unificar\u00e1 m\u00e1s de 75 tr\u00e1mites en un solo lugar\",\"datePublished\":\"2024-10-23T13:08:29+00:00\",\"dateModified\":\"2024-10-23T13:08:31+00:00\",\"mainEntityOfPage\":{\"@id\":\"https:\\\/\\\/infopba247.com.ar\\\/index.php\\\/2024\\\/10\\\/23\\\/alak-y-kicillof-presentaron-el-centro-administrativo-municipal-que-unificara-mas-de-75-tramites-en-un-solo-lugar\\\/\"},\"wordCount\":646,\"commentCount\":0,\"publisher\":{\"@id\":\"https:\\\/\\\/infopba247.com.ar\\\/#organization\"},\"image\":{\"@id\":\"https:\\\/\\\/infopba247.com.ar\\\/index.php\\\/2024\\\/10\\\/23\\\/alak-y-kicillof-presentaron-el-centro-administrativo-municipal-que-unificara-mas-de-75-tramites-en-un-solo-lugar\\\/#primaryimage\"},\"thumbnailUrl\":\"https:\\\/\\\/infopba247.com.ar\\\/wp-content\\\/uploads\\\/2024\\\/10\\\/unnamed-42-scaled.jpg\",\"articleSection\":[\"8va Secci\u00f3n\",\"Destacadas\",\"Pol\u00edtica\"],\"inLanguage\":\"es\",\"potentialAction\":[{\"@type\":\"CommentAction\",\"name\":\"Comment\",\"target\":[\"https:\\\/\\\/infopba247.com.ar\\\/index.php\\\/2024\\\/10\\\/23\\\/alak-y-kicillof-presentaron-el-centro-administrativo-municipal-que-unificara-mas-de-75-tramites-en-un-solo-lugar\\\/#respond\"]}]},{\"@type\":\"WebPage\",\"@id\":\"https:\\\/\\\/infopba247.com.ar\\\/index.php\\\/2024\\\/10\\\/23\\\/alak-y-kicillof-presentaron-el-centro-administrativo-municipal-que-unificara-mas-de-75-tramites-en-un-solo-lugar\\\/\",\"url\":\"https:\\\/\\\/infopba247.com.ar\\\/index.php\\\/2024\\\/10\\\/23\\\/alak-y-kicillof-presentaron-el-centro-administrativo-municipal-que-unificara-mas-de-75-tramites-en-un-solo-lugar\\\/\",\"name\":\"Alak y Kicillof presentaron el Centro Administrativo Municipal, que unificar\u00e1 m\u00e1s de 75 tr\u00e1mites en un solo lugar - InfoPBA247\",\"isPartOf\":{\"@id\":\"https:\\\/\\\/infopba247.com.ar\\\/#website\"},\"primaryImageOfPage\":{\"@id\":\"https:\\\/\\\/infopba247.com.ar\\\/index.php\\\/2024\\\/10\\\/23\\\/alak-y-kicillof-presentaron-el-centro-administrativo-municipal-que-unificara-mas-de-75-tramites-en-un-solo-lugar\\\/#primaryimage\"},\"image\":{\"@id\":\"https:\\\/\\\/infopba247.com.ar\\\/index.php\\\/2024\\\/10\\\/23\\\/alak-y-kicillof-presentaron-el-centro-administrativo-municipal-que-unificara-mas-de-75-tramites-en-un-solo-lugar\\\/#primaryimage\"},\"thumbnailUrl\":\"https:\\\/\\\/infopba247.com.ar\\\/wp-content\\\/uploads\\\/2024\\\/10\\\/unnamed-42-scaled.jpg\",\"datePublished\":\"2024-10-23T13:08:29+00:00\",\"dateModified\":\"2024-10-23T13:08:31+00:00\",\"breadcrumb\":{\"@id\":\"https:\\\/\\\/infopba247.com.ar\\\/index.php\\\/2024\\\/10\\\/23\\\/alak-y-kicillof-presentaron-el-centro-administrativo-municipal-que-unificara-mas-de-75-tramites-en-un-solo-lugar\\\/#breadcrumb\"},\"inLanguage\":\"es\",\"potentialAction\":[{\"@type\":\"ReadAction\",\"target\":[\"https:\\\/\\\/infopba247.com.ar\\\/index.php\\\/2024\\\/10\\\/23\\\/alak-y-kicillof-presentaron-el-centro-administrativo-municipal-que-unificara-mas-de-75-tramites-en-un-solo-lugar\\\/\"]}]},{\"@type\":\"ImageObject\",\"inLanguage\":\"es\",\"@id\":\"https:\\\/\\\/infopba247.com.ar\\\/index.php\\\/2024\\\/10\\\/23\\\/alak-y-kicillof-presentaron-el-centro-administrativo-municipal-que-unificara-mas-de-75-tramites-en-un-solo-lugar\\\/#primaryimage\",\"url\":\"https:\\\/\\\/infopba247.com.ar\\\/wp-content\\\/uploads\\\/2024\\\/10\\\/unnamed-42-scaled.jpg\",\"contentUrl\":\"https:\\\/\\\/infopba247.com.ar\\\/wp-content\\\/uploads\\\/2024\\\/10\\\/unnamed-42-scaled.jpg\",\"width\":2560,\"height\":1707},{\"@type\":\"BreadcrumbList\",\"@id\":\"https:\\\/\\\/infopba247.com.ar\\\/index.php\\\/2024\\\/10\\\/23\\\/alak-y-kicillof-presentaron-el-centro-administrativo-municipal-que-unificara-mas-de-75-tramites-en-un-solo-lugar\\\/#breadcrumb\",\"itemListElement\":[{\"@type\":\"ListItem\",\"position\":1,\"name\":\"Portada\",\"item\":\"https:\\\/\\\/infopba247.com.ar\\\/\"},{\"@type\":\"ListItem\",\"position\":2,\"name\":\"Alak y Kicillof presentaron el Centro Administrativo Municipal, que unificar\u00e1 m\u00e1s de 75 tr\u00e1mites en un solo lugar\"}]},{\"@type\":\"WebSite\",\"@id\":\"https:\\\/\\\/infopba247.com.ar\\\/#website\",\"url\":\"https:\\\/\\\/infopba247.com.ar\\\/\",\"name\":\"InfoPBA247\",\"description\":\"Toda la actualidad bonaerense\",\"publisher\":{\"@id\":\"https:\\\/\\\/infopba247.com.ar\\\/#organization\"},\"potentialAction\":[{\"@type\":\"SearchAction\",\"target\":{\"@type\":\"EntryPoint\",\"urlTemplate\":\"https:\\\/\\\/infopba247.com.ar\\\/?s={search_term_string}\"},\"query-input\":{\"@type\":\"PropertyValueSpecification\",\"valueRequired\":true,\"valueName\":\"search_term_string\"}}],\"inLanguage\":\"es\"},{\"@type\":\"Organization\",\"@id\":\"https:\\\/\\\/infopba247.com.ar\\\/#organization\",\"name\":\"InfoPBA247\",\"url\":\"https:\\\/\\\/infopba247.com.ar\\\/\",\"logo\":{\"@type\":\"ImageObject\",\"inLanguage\":\"es\",\"@id\":\"https:\\\/\\\/infopba247.com.ar\\\/#\\\/schema\\\/logo\\\/image\\\/\",\"url\":\"https:\\\/\\\/infopba247.com.ar\\\/wp-content\\\/uploads\\\/2022\\\/03\\\/cropped-InfoPBA247-1.png\",\"contentUrl\":\"https:\\\/\\\/infopba247.com.ar\\\/wp-content\\\/uploads\\\/2022\\\/03\\\/cropped-InfoPBA247-1.png\",\"width\":500,\"height\":122,\"caption\":\"InfoPBA247\"},\"image\":{\"@id\":\"https:\\\/\\\/infopba247.com.ar\\\/#\\\/schema\\\/logo\\\/image\\\/\"},\"sameAs\":[\"https:\\\/\\\/www.facebook.com\\\/InfoPBA\"]},{\"@type\":\"Person\",\"@id\":\"https:\\\/\\\/infopba247.com.ar\\\/#\\\/schema\\\/person\\\/4975f1343a413e57bf839b3eed0099f2\",\"name\":\"Editor\",\"image\":{\"@type\":\"ImageObject\",\"inLanguage\":\"es\",\"@id\":\"https:\\\/\\\/secure.gravatar.com\\\/avatar\\\/d27fe9520667ca53441d36627a1d6b0fa4a813571ec4803687a7a3a7744685ac?s=96&d=mm&r=g\",\"url\":\"https:\\\/\\\/secure.gravatar.com\\\/avatar\\\/d27fe9520667ca53441d36627a1d6b0fa4a813571ec4803687a7a3a7744685ac?s=96&d=mm&r=g\",\"contentUrl\":\"https:\\\/\\\/secure.gravatar.com\\\/avatar\\\/d27fe9520667ca53441d36627a1d6b0fa4a813571ec4803687a7a3a7744685ac?s=96&d=mm&r=g\",\"caption\":\"Editor\"},\"url\":\"https:\\\/\\\/infopba247.com.ar\\\/index.php\\\/author\\\/editor\\\/\"}]}<\/script>\n<!-- \/ Yoast SEO plugin. -->","yoast_head_json":{"title":"Alak y Kicillof presentaron el Centro Administrativo Municipal, que unificar\u00e1 m\u00e1s de 75 tr\u00e1mites en un solo lugar - InfoPBA247","robots":{"index":"index","follow":"follow","max-snippet":"max-snippet:-1","max-image-preview":"max-image-preview:large","max-video-preview":"max-video-preview:-1"},"canonical":"https:\/\/infopba247.com.ar\/index.php\/2024\/10\/23\/alak-y-kicillof-presentaron-el-centro-administrativo-municipal-que-unificara-mas-de-75-tramites-en-un-solo-lugar\/","og_locale":"es_ES","og_type":"article","og_title":"Alak y Kicillof presentaron el Centro Administrativo Municipal, que unificar\u00e1 m\u00e1s de 75 tr\u00e1mites en un solo lugar - InfoPBA247","og_description":"El intendente de La Plata, Julio Alak, y el gobernador de la provincia de Buenos Aires, Axel Kicillof, inauguraron el","og_url":"https:\/\/infopba247.com.ar\/index.php\/2024\/10\/23\/alak-y-kicillof-presentaron-el-centro-administrativo-municipal-que-unificara-mas-de-75-tramites-en-un-solo-lugar\/","og_site_name":"InfoPBA247","article_publisher":"https:\/\/www.facebook.com\/InfoPBA","article_published_time":"2024-10-23T13:08:29+00:00","article_modified_time":"2024-10-23T13:08:31+00:00","og_image":[{"width":2560,"height":1707,"url":"https:\/\/infopba247.com.ar\/wp-content\/uploads\/2024\/10\/unnamed-42-scaled.jpg","type":"image\/jpeg"}],"author":"Editor","twitter_card":"summary_large_image","twitter_misc":{"Escrito por":"Editor","Tiempo de lectura":"3 minutos"},"schema":{"@context":"https:\/\/schema.org","@graph":[{"@type":"Article","@id":"https:\/\/infopba247.com.ar\/index.php\/2024\/10\/23\/alak-y-kicillof-presentaron-el-centro-administrativo-municipal-que-unificara-mas-de-75-tramites-en-un-solo-lugar\/#article","isPartOf":{"@id":"https:\/\/infopba247.com.ar\/index.php\/2024\/10\/23\/alak-y-kicillof-presentaron-el-centro-administrativo-municipal-que-unificara-mas-de-75-tramites-en-un-solo-lugar\/"},"author":{"name":"Editor","@id":"https:\/\/infopba247.com.ar\/#\/schema\/person\/4975f1343a413e57bf839b3eed0099f2"},"headline":"Alak y Kicillof presentaron el Centro Administrativo Municipal, que unificar\u00e1 m\u00e1s de 75 tr\u00e1mites en un solo lugar","datePublished":"2024-10-23T13:08:29+00:00","dateModified":"2024-10-23T13:08:31+00:00","mainEntityOfPage":{"@id":"https:\/\/infopba247.com.ar\/index.php\/2024\/10\/23\/alak-y-kicillof-presentaron-el-centro-administrativo-municipal-que-unificara-mas-de-75-tramites-en-un-solo-lugar\/"},"wordCount":646,"commentCount":0,"publisher":{"@id":"https:\/\/infopba247.com.ar\/#organization"},"image":{"@id":"https:\/\/infopba247.com.ar\/index.php\/2024\/10\/23\/alak-y-kicillof-presentaron-el-centro-administrativo-municipal-que-unificara-mas-de-75-tramites-en-un-solo-lugar\/#primaryimage"},"thumbnailUrl":"https:\/\/infopba247.com.ar\/wp-content\/uploads\/2024\/10\/unnamed-42-scaled.jpg","articleSection":["8va Secci\u00f3n","Destacadas","Pol\u00edtica"],"inLanguage":"es","potentialAction":[{"@type":"CommentAction","name":"Comment","target":["https:\/\/infopba247.com.ar\/index.php\/2024\/10\/23\/alak-y-kicillof-presentaron-el-centro-administrativo-municipal-que-unificara-mas-de-75-tramites-en-un-solo-lugar\/#respond"]}]},{"@type":"WebPage","@id":"https:\/\/infopba247.com.ar\/index.php\/2024\/10\/23\/alak-y-kicillof-presentaron-el-centro-administrativo-municipal-que-unificara-mas-de-75-tramites-en-un-solo-lugar\/","url":"https:\/\/infopba247.com.ar\/index.php\/2024\/10\/23\/alak-y-kicillof-presentaron-el-centro-administrativo-municipal-que-unificara-mas-de-75-tramites-en-un-solo-lugar\/","name":"Alak y Kicillof presentaron el Centro Administrativo Municipal, que unificar\u00e1 m\u00e1s de 75 tr\u00e1mites en un solo lugar - InfoPBA247","isPartOf":{"@id":"https:\/\/infopba247.com.ar\/#website"},"primaryImageOfPage":{"@id":"https:\/\/infopba247.com.ar\/index.php\/2024\/10\/23\/alak-y-kicillof-presentaron-el-centro-administrativo-municipal-que-unificara-mas-de-75-tramites-en-un-solo-lugar\/#primaryimage"},"image":{"@id":"https:\/\/infopba247.com.ar\/index.php\/2024\/10\/23\/alak-y-kicillof-presentaron-el-centro-administrativo-municipal-que-unificara-mas-de-75-tramites-en-un-solo-lugar\/#primaryimage"},"thumbnailUrl":"https:\/\/infopba247.com.ar\/wp-content\/uploads\/2024\/10\/unnamed-42-scaled.jpg","datePublished":"2024-10-23T13:08:29+00:00","dateModified":"2024-10-23T13:08:31+00:00","breadcrumb":{"@id":"https:\/\/infopba247.com.ar\/index.php\/2024\/10\/23\/alak-y-kicillof-presentaron-el-centro-administrativo-municipal-que-unificara-mas-de-75-tramites-en-un-solo-lugar\/#breadcrumb"},"inLanguage":"es","potentialAction":[{"@type":"ReadAction","target":["https:\/\/infopba247.com.ar\/index.php\/2024\/10\/23\/alak-y-kicillof-presentaron-el-centro-administrativo-municipal-que-unificara-mas-de-75-tramites-en-un-solo-lugar\/"]}]},{"@type":"ImageObject","inLanguage":"es","@id":"https:\/\/infopba247.com.ar\/index.php\/2024\/10\/23\/alak-y-kicillof-presentaron-el-centro-administrativo-municipal-que-unificara-mas-de-75-tramites-en-un-solo-lugar\/#primaryimage","url":"https:\/\/infopba247.com.ar\/wp-content\/uploads\/2024\/10\/unnamed-42-scaled.jpg","contentUrl":"https:\/\/infopba247.com.ar\/wp-content\/uploads\/2024\/10\/unnamed-42-scaled.jpg","width":2560,"height":1707},{"@type":"BreadcrumbList","@id":"https:\/\/infopba247.com.ar\/index.php\/2024\/10\/23\/alak-y-kicillof-presentaron-el-centro-administrativo-municipal-que-unificara-mas-de-75-tramites-en-un-solo-lugar\/#breadcrumb","itemListElement":[{"@type":"ListItem","position":1,"name":"Portada","item":"https:\/\/infopba247.com.ar\/"},{"@type":"ListItem","position":2,"name":"Alak y Kicillof presentaron el Centro Administrativo Municipal, que unificar\u00e1 m\u00e1s de 75 tr\u00e1mites en un solo lugar"}]},{"@type":"WebSite","@id":"https:\/\/infopba247.com.ar\/#website","url":"https:\/\/infopba247.com.ar\/","name":"InfoPBA247","description":"Toda la actualidad bonaerense","publisher":{"@id":"https:\/\/infopba247.com.ar\/#organization"},"potentialAction":[{"@type":"SearchAction","target":{"@type":"EntryPoint","urlTemplate":"https:\/\/infopba247.com.ar\/?s={search_term_string}"},"query-input":{"@type":"PropertyValueSpecification","valueRequired":true,"valueName":"search_term_string"}}],"inLanguage":"es"},{"@type":"Organization","@id":"https:\/\/infopba247.com.ar\/#organization","name":"InfoPBA247","url":"https:\/\/infopba247.com.ar\/","logo":{"@type":"ImageObject","inLanguage":"es","@id":"https:\/\/infopba247.com.ar\/#\/schema\/logo\/image\/","url":"https:\/\/infopba247.com.ar\/wp-content\/uploads\/2022\/03\/cropped-InfoPBA247-1.png","contentUrl":"https:\/\/infopba247.com.ar\/wp-content\/uploads\/2022\/03\/cropped-InfoPBA247-1.png","width":500,"height":122,"caption":"InfoPBA247"},"image":{"@id":"https:\/\/infopba247.com.ar\/#\/schema\/logo\/image\/"},"sameAs":["https:\/\/www.facebook.com\/InfoPBA"]},{"@type":"Person","@id":"https:\/\/infopba247.com.ar\/#\/schema\/person\/4975f1343a413e57bf839b3eed0099f2","name":"Editor","image":{"@type":"ImageObject","inLanguage":"es","@id":"https:\/\/secure.gravatar.com\/avatar\/d27fe9520667ca53441d36627a1d6b0fa4a813571ec4803687a7a3a7744685ac?s=96&d=mm&r=g","url":"https:\/\/secure.gravatar.com\/avatar\/d27fe9520667ca53441d36627a1d6b0fa4a813571ec4803687a7a3a7744685ac?s=96&d=mm&r=g","contentUrl":"https:\/\/secure.gravatar.com\/avatar\/d27fe9520667ca53441d36627a1d6b0fa4a813571ec4803687a7a3a7744685ac?s=96&d=mm&r=g","caption":"Editor"},"url":"https:\/\/infopba247.com.ar\/index.php\/author\/editor\/"}]}},"_links":{"self":[{"href":"https:\/\/infopba247.com.ar\/index.php\/wp-json\/wp\/v2\/posts\/5521","targetHints":{"allow":["GET"]}}],"collection":[{"href":"https:\/\/infopba247.com.ar\/index.php\/wp-json\/wp\/v2\/posts"}],"about":[{"href":"https:\/\/infopba247.com.ar\/index.php\/wp-json\/wp\/v2\/types\/post"}],"author":[{"embeddable":true,"href":"https:\/\/infopba247.com.ar\/index.php\/wp-json\/wp\/v2\/users\/3"}],"replies":[{"embeddable":true,"href":"https:\/\/infopba247.com.ar\/index.php\/wp-json\/wp\/v2\/comments?post=5521"}],"version-history":[{"count":1,"href":"https:\/\/infopba247.com.ar\/index.php\/wp-json\/wp\/v2\/posts\/5521\/revisions"}],"predecessor-version":[{"id":5522,"href":"https:\/\/infopba247.com.ar\/index.php\/wp-json\/wp\/v2\/posts\/5521\/revisions\/5522"}],"wp:featuredmedia":[{"embeddable":true,"href":"https:\/\/infopba247.com.ar\/index.php\/wp-json\/wp\/v2\/media\/5519"}],"wp:attachment":[{"href":"https:\/\/infopba247.com.ar\/index.php\/wp-json\/wp\/v2\/media?parent=5521"}],"wp:term":[{"taxonomy":"category","embeddable":true,"href":"https:\/\/infopba247.com.ar\/index.php\/wp-json\/wp\/v2\/categories?post=5521"},{"taxonomy":"post_tag","embeddable":true,"href":"https:\/\/infopba247.com.ar\/index.php\/wp-json\/wp\/v2\/tags?post=5521"}],"curies":[{"name":"wp","href":"https:\/\/api.w.org\/{rel}","templated":true}]}}